{"id":26878,"date":"2025-04-16T09:53:21","date_gmt":"2025-04-16T09:53:21","guid":{"rendered":"https:\/\/lequotidien.mr\/?p=26878"},"modified":"2025-04-16T09:53:21","modified_gmt":"2025-04-16T09:53:21","slug":"des-conventions-en-cascade-peu-demplois-concrets-la-mise-en-scene-continue","status":"publish","type":"post","link":"https:\/\/lequotidien.mr\/?p=26878&lang=fr","title":{"rendered":"Des conventions en cascade, peu d&#8217;emplois concrets : la mise en sc\u00e8ne continue"},"content":{"rendered":"<p style=\"text-align: justify;\">Le grand c\u00e9r\u00e9monial organis\u00e9 ce mardi au Palais des Congr\u00e8s de Nouakchott autour de la signature d&#8217;une \u00e9ni\u00e8me convention tripartite entre le minist\u00e8re de l\u2019Emploi et de la Jeunesse, celui de la Formation professionnelle, et la F\u00e9d\u00e9ration du BTP, aurait pu susciter l\u2019enthousiasme\u2026 si ce genre d\u2019annonces ne s\u2019\u00e9tait pas transform\u00e9, au fil des ann\u00e9es, en simple exercice de communication politique.<\/p>\n<p style=\"text-align: justify;\">Entre les discours convenus, les poign\u00e9es de main orchestr\u00e9es et les photos bien cadr\u00e9es, il est difficile de ne pas y voir un nouveau chapitre dans le manuel des promesses sans lendemain. Cette fois, il s\u2019agirait de \u00ab\u202fr\u00e9pondre aux besoins croissants du march\u00e9 de l\u2019emploi\u202f\u00bb, notamment dans le secteur du BTP. \u00c0 entendre les deux ministres concern\u00e9s, l\u2019accord sign\u00e9 marquerait une avanc\u00e9e majeure pour l\u2019emploi des jeunes. En r\u00e9alit\u00e9, il n\u2019est que la r\u00e9p\u00e9tition de formules d\u00e9j\u00e0 entendues, dans un pays o\u00f9 chaque ministre de passage promet de \u00ab\u202fformer\u202f\u00bb, \u00ab\u202fins\u00e9rer\u202f\u00bb ou \u00ab\u202fmobiliser\u202f\u00bb des milliers de jeunes\u2026 sans bilan cr\u00e9dible \u00e0 l\u2019arriv\u00e9e.<\/p>\n<p style=\"text-align: justify;\">Ce qui frappe dans ce nouveau montage, c\u2019est l\u2019\u00e9cart abyssal entre l\u2019ampleur des difficult\u00e9s du ch\u00f4mage en Mauritanie et les moyens symboliques engag\u00e9s. Parler de 500 emplois \u00e0 court terme, puis de 1000 jeunes en formation acc\u00e9l\u00e9r\u00e9e, puis de 2000 autres \u00e0 moyen terme, c\u2019est cr\u00e9er un effet d\u2019annonce qui reste bien loin de la r\u00e9alit\u00e9 du terrain. Des dizaines de milliers de jeunes sans perspectives attendent depuis des ann\u00e9es que les grandes d\u00e9clarations gouvernementales se traduisent par des opportunit\u00e9s concr\u00e8tes. En vain.<\/p>\n<p style=\"text-align: justify;\">Il est permis de se demander s\u2019il faut vraiment signer des conventions en grande pompe pour faire ce que l\u2019\u00c9tat devrait faire au quotidien\u202f: former les jeunes, adapter les programmes \u00e0 la demande du march\u00e9, et cr\u00e9er un environnement o\u00f9 le secteur priv\u00e9 a int\u00e9r\u00eat \u00e0 embaucher. L\u2019insertion des jeunes dans les m\u00e9tiers du b\u00e2timent, par exemple, ne n\u00e9cessite pas des \u00ab\u202fpartenariats solennels\u202f\u00bb entre directions g\u00e9n\u00e9rales et f\u00e9d\u00e9rations patronales\u202f: elle demande des politiques coh\u00e9rentes, des m\u00e9canismes de financement accessibles, et surtout une volont\u00e9 de suivi et d\u2019\u00e9valuation, absente de ces d\u00e9marches spectaculaires.<\/p>\n<p style=\"text-align: justify;\">Au lieu de s\u2019attaquer aux v\u00e9ritables causes du ch\u00f4mage \u2013 manque de projets structurants, sous-investissement dans la formation pratique, d\u00e9connexion entre les formations et les besoins r\u00e9els \u2013 le gouvernement semble pr\u00e9f\u00e9rer les op\u00e9rations de visibilit\u00e9.<\/p>\n<p style=\"text-align: justify;\">Et le plus inqui\u00e9tant, c\u2019est que ces conventions, rarement suivies d\u2019effet, finissent par d\u00e9cr\u00e9dibiliser l\u2019action publique elle-m\u00eame. Car \u00e0 force de promettre sans livrer, de signer sans agir, de parler sans construire, on aggrave la frustration sociale et on \u00e9loigne encore davantage les jeunes de l\u2019id\u00e9e que l\u2019\u00c9tat peut les servir.<\/p>\n","protected":false},"excerpt":{"rendered":"<p>Le grand c\u00e9r\u00e9monial organis\u00e9 ce mardi au Palais des Congr\u00e8s de Nouakchott autour de la signature d&#8217;une \u00e9ni\u00e8me convention tripartite entre le minist\u00e8re de l\u2019Emploi et de la Jeunesse, celui de la Formation professionnelle, et la F\u00e9d\u00e9ration du BTP, aurait pu susciter l\u2019enthousiasme\u2026 si ce genre d\u2019annonces ne s\u2019\u00e9tait pas transform\u00e9, au fil des ann\u00e9es,&#8230;..<\/p>\n","protected":false},"author":4,"featured_media":26879,"comment_status":"open","ping_status":"open","sticky":false,"template":"","format":"standard","meta":{"footnotes":""},"categories":[23,57],"tags":[],"class_list":["post-26878","post","type-post","status-publish","format-standard","has-post-thumbnail","hentry","category-actualite","category-couverture-specilale"],"yoast_head":"<!-- This site is optimized with the Yoast SEO plugin v27.5 - https:\/\/yoast.com\/product\/yoast-seo-wordpress\/ -->\n<title>Des conventions en cascade, peu d&#039;emplois concrets : la mise en sc\u00e8ne continue - Le Quotidien de Nouakchott<\/title>\n<meta name=\"robots\" content=\"index, follow, max-snippet:-1, max-image-preview:large, max-video-preview:-1\" \/>\n<link rel=\"canonical\" href=\"https:\/\/lequotidien.mr\/?p=26878&lang=fr\" \/>\n<meta property=\"og:locale\" content=\"ar_AR\" \/>\n<meta property=\"og:type\" content=\"article\" \/>\n<meta property=\"og:title\" content=\"Des conventions en cascade, peu d&#039;emplois concrets : la mise en sc\u00e8ne continue - Le Quotidien de Nouakchott\" \/>\n<meta property=\"og:description\" content=\"Le grand c\u00e9r\u00e9monial organis\u00e9 ce mardi au Palais des Congr\u00e8s de Nouakchott autour de la signature d&#8217;une \u00e9ni\u00e8me convention tripartite entre le minist\u00e8re de l\u2019Emploi et de la Jeunesse, celui de la Formation professionnelle, et la F\u00e9d\u00e9ration du BTP, aurait pu susciter l\u2019enthousiasme\u2026 si ce genre d\u2019annonces ne s\u2019\u00e9tait pas transform\u00e9, au fil des ann\u00e9es,.....\" \/>\n<meta property=\"og:url\" content=\"https:\/\/lequotidien.mr\/?p=26878&amp;lang=fr\" \/>\n<meta property=\"og:site_name\" content=\"Le Quotidien de Nouakchott\" \/>\n<meta property=\"article:publisher\" content=\"https:\/\/web.facebook.com\/lequotidienmr\" \/>\n<meta property=\"article:published_time\" content=\"2025-04-16T09:53:21+00:00\" \/>\n<meta property=\"og:image\" content=\"https:\/\/lequotidien.mr\/wp-content\/uploads\/2025\/04\/emploi.jpg\" \/>\n\t<meta property=\"og:image:width\" content=\"750\" \/>\n\t<meta property=\"og:image:height\" content=\"430\" \/>\n\t<meta property=\"og:image:type\" content=\"image\/jpeg\" \/>\n<meta name=\"author\" content=\"Le Quotidien\" \/>\n<meta name=\"twitter:card\" content=\"summary_large_image\" \/>\n<meta name=\"twitter:creator\" content=\"@lequotidienmr\" \/>\n<meta name=\"twitter:site\" content=\"@lequotidienmr\" \/>\n<meta name=\"twitter:label1\" content=\"\u0643\u064f\u062a\u0628 \u0628\u0648\u0627\u0633\u0637\u0629\" \/>\n\t<meta name=\"twitter:data1\" content=\"Le Quotidien\" \/>\n\t<meta name=\"twitter:label2\" content=\"\u0648\u0642\u062a \u0627\u0644\u0642\u0631\u0627\u0621\u0629 \u0627\u0644\u0645\u064f\u0642\u062f\u0651\u0631\" \/>\n\t<meta name=\"twitter:data2\" content=\"\u062f\u0642\u064a\u0642\u062a\u0627\u0646\" \/>\n<script type=\"application\/ld+json\" class=\"yoast-schema-graph\">{\"@context\":\"https:\\\/\\\/schema.org\",\"@graph\":[{\"@type\":\"Article\",\"@id\":\"https:\\\/\\\/lequotidien.mr\\\/?p=26878&lang=fr#article\",\"isPartOf\":{\"@id\":\"https:\\\/\\\/lequotidien.mr\\\/?p=26878&lang=fr\"},\"author\":{\"name\":\"Le Quotidien\",\"@id\":\"https:\\\/\\\/lequotidien.mr\\\/#\\\/schema\\\/person\\\/f90fcdaa970c60288de4ed2e64a56472\"},\"headline\":\"Des conventions en cascade, peu d&#8217;emplois concrets : la mise en sc\u00e8ne continue\",\"datePublished\":\"2025-04-16T09:53:21+00:00\",\"mainEntityOfPage\":{\"@id\":\"https:\\\/\\\/lequotidien.mr\\\/?p=26878&lang=fr\"},\"wordCount\":510,\"commentCount\":0,\"publisher\":{\"@id\":\"https:\\\/\\\/lequotidien.mr\\\/#organization\"},\"image\":{\"@id\":\"https:\\\/\\\/lequotidien.mr\\\/?p=26878&lang=fr#primaryimage\"},\"thumbnailUrl\":\"https:\\\/\\\/lequotidien.mr\\\/wp-content\\\/uploads\\\/2025\\\/04\\\/emploi.jpg\",\"articleSection\":[\"ACTUALIT\u00c9\",\"Couverture sp\u00e9cilale\"],\"inLanguage\":\"ar\",\"potentialAction\":[{\"@type\":\"CommentAction\",\"name\":\"Comment\",\"target\":[\"https:\\\/\\\/lequotidien.mr\\\/?p=26878&lang=fr#respond\"]}]},{\"@type\":\"WebPage\",\"@id\":\"https:\\\/\\\/lequotidien.mr\\\/?p=26878&lang=fr\",\"url\":\"https:\\\/\\\/lequotidien.mr\\\/?p=26878&lang=fr\",\"name\":\"Des conventions en cascade, peu d'emplois concrets : la mise en sc\u00e8ne continue - Le Quotidien de Nouakchott\",\"isPartOf\":{\"@id\":\"https:\\\/\\\/lequotidien.mr\\\/#website\"},\"primaryImageOfPage\":{\"@id\":\"https:\\\/\\\/lequotidien.mr\\\/?p=26878&lang=fr#primaryimage\"},\"image\":{\"@id\":\"https:\\\/\\\/lequotidien.mr\\\/?p=26878&lang=fr#primaryimage\"},\"thumbnailUrl\":\"https:\\\/\\\/lequotidien.mr\\\/wp-content\\\/uploads\\\/2025\\\/04\\\/emploi.jpg\",\"datePublished\":\"2025-04-16T09:53:21+00:00\",\"breadcrumb\":{\"@id\":\"https:\\\/\\\/lequotidien.mr\\\/?p=26878&lang=fr#breadcrumb\"},\"inLanguage\":\"ar\",\"potentialAction\":[{\"@type\":\"ReadAction\",\"target\":[\"https:\\\/\\\/lequotidien.mr\\\/?p=26878&lang=fr\"]}]},{\"@type\":\"ImageObject\",\"inLanguage\":\"ar\",\"@id\":\"https:\\\/\\\/lequotidien.mr\\\/?p=26878&lang=fr#primaryimage\",\"url\":\"https:\\\/\\\/lequotidien.mr\\\/wp-content\\\/uploads\\\/2025\\\/04\\\/emploi.jpg\",\"contentUrl\":\"https:\\\/\\\/lequotidien.mr\\\/wp-content\\\/uploads\\\/2025\\\/04\\\/emploi.jpg\",\"width\":750,\"height\":430},{\"@type\":\"BreadcrumbList\",\"@id\":\"https:\\\/\\\/lequotidien.mr\\\/?p=26878&lang=fr#breadcrumb\",\"itemListElement\":[{\"@type\":\"ListItem\",\"position\":1,\"name\":\"Home\",\"item\":\"https:\\\/\\\/lequotidien.mr\\\/\"},{\"@type\":\"ListItem\",\"position\":2,\"name\":\"Des conventions en cascade, peu d&#8217;emplois concrets : la mise en sc\u00e8ne continue\"}]},{\"@type\":\"WebSite\",\"@id\":\"https:\\\/\\\/lequotidien.mr\\\/#website\",\"url\":\"https:\\\/\\\/lequotidien.mr\\\/\",\"name\":\"Le Quotidien de Nouakchott\",\"description\":\"\u0625\u062e\u0628\u0627\u0631\u064a\u0629 \u0645\u0633\u062a\u0642\u0644\u0629 \u0644\u0644\u0623\u0646\u0628\u0627\u0621 \u0627\u0644\u0639\u0627\u0645\u0629\",\"publisher\":{\"@id\":\"https:\\\/\\\/lequotidien.mr\\\/#organization\"},\"potentialAction\":[{\"@type\":\"SearchAction\",\"target\":{\"@type\":\"EntryPoint\",\"urlTemplate\":\"https:\\\/\\\/lequotidien.mr\\\/?s={search_term_string}\"},\"query-input\":{\"@type\":\"PropertyValueSpecification\",\"valueRequired\":true,\"valueName\":\"search_term_string\"}}],\"inLanguage\":\"ar\"},{\"@type\":\"Organization\",\"@id\":\"https:\\\/\\\/lequotidien.mr\\\/#organization\",\"name\":\"Le Quotidien de Nouakchott\",\"url\":\"https:\\\/\\\/lequotidien.mr\\\/\",\"logo\":{\"@type\":\"ImageObject\",\"inLanguage\":\"ar\",\"@id\":\"https:\\\/\\\/lequotidien.mr\\\/#\\\/schema\\\/logo\\\/image\\\/\",\"url\":\"https:\\\/\\\/lequotidien.mr\\\/wp-content\\\/uploads\\\/2022\\\/11\\\/logolequotidien.jpg\",\"contentUrl\":\"https:\\\/\\\/lequotidien.mr\\\/wp-content\\\/uploads\\\/2022\\\/11\\\/logolequotidien.jpg\",\"width\":290,\"height\":65,\"caption\":\"Le Quotidien de Nouakchott\"},\"image\":{\"@id\":\"https:\\\/\\\/lequotidien.mr\\\/#\\\/schema\\\/logo\\\/image\\\/\"},\"sameAs\":[\"https:\\\/\\\/web.facebook.com\\\/lequotidienmr\",\"https:\\\/\\\/x.com\\\/lequotidienmr\"]},{\"@type\":\"Person\",\"@id\":\"https:\\\/\\\/lequotidien.mr\\\/#\\\/schema\\\/person\\\/f90fcdaa970c60288de4ed2e64a56472\",\"name\":\"Le Quotidien\",\"image\":{\"@type\":\"ImageObject\",\"inLanguage\":\"ar\",\"@id\":\"https:\\\/\\\/secure.gravatar.com\\\/avatar\\\/374cb39a1a458a912465a93e5a3ce6546886fc3da809a1f10c63e4e8fcbca30f?s=96&d=mm&r=g\",\"url\":\"https:\\\/\\\/secure.gravatar.com\\\/avatar\\\/374cb39a1a458a912465a93e5a3ce6546886fc3da809a1f10c63e4e8fcbca30f?s=96&d=mm&r=g\",\"contentUrl\":\"https:\\\/\\\/secure.gravatar.com\\\/avatar\\\/374cb39a1a458a912465a93e5a3ce6546886fc3da809a1f10c63e4e8fcbca30f?s=96&d=mm&r=g\",\"caption\":\"Le Quotidien\"},\"sameAs\":[\"https:\\\/\\\/lequotidien.mr\\\/\"],\"url\":\"https:\\\/\\\/lequotidien.mr\\\/?author=4\"}]}<\/script>\n<!-- \/ Yoast SEO plugin. -->","yoast_head_json":{"title":"Des conventions en cascade, peu d'emplois concrets : la mise en sc\u00e8ne continue - Le Quotidien de Nouakchott","robots":{"index":"index","follow":"follow","max-snippet":"max-snippet:-1","max-image-preview":"max-image-preview:large","max-video-preview":"max-video-preview:-1"},"canonical":"https:\/\/lequotidien.mr\/?p=26878&lang=fr","og_locale":"ar_AR","og_type":"article","og_title":"Des conventions en cascade, peu d'emplois concrets : la mise en sc\u00e8ne continue - Le Quotidien de Nouakchott","og_description":"Le grand c\u00e9r\u00e9monial organis\u00e9 ce mardi au Palais des Congr\u00e8s de Nouakchott autour de la signature d&#8217;une \u00e9ni\u00e8me convention tripartite entre le minist\u00e8re de l\u2019Emploi et de la Jeunesse, celui de la Formation professionnelle, et la F\u00e9d\u00e9ration du BTP, aurait pu susciter l\u2019enthousiasme\u2026 si ce genre d\u2019annonces ne s\u2019\u00e9tait pas transform\u00e9, au fil des ann\u00e9es,.....","og_url":"https:\/\/lequotidien.mr\/?p=26878&lang=fr","og_site_name":"Le Quotidien de Nouakchott","article_publisher":"https:\/\/web.facebook.com\/lequotidienmr","article_published_time":"2025-04-16T09:53:21+00:00","og_image":[{"width":750,"height":430,"url":"https:\/\/lequotidien.mr\/wp-content\/uploads\/2025\/04\/emploi.jpg","type":"image\/jpeg"}],"author":"Le Quotidien","twitter_card":"summary_large_image","twitter_creator":"@lequotidienmr","twitter_site":"@lequotidienmr","twitter_misc":{"\u0643\u064f\u062a\u0628 \u0628\u0648\u0627\u0633\u0637\u0629":"Le Quotidien","\u0648\u0642\u062a \u0627\u0644\u0642\u0631\u0627\u0621\u0629 \u0627\u0644\u0645\u064f\u0642\u062f\u0651\u0631":"\u062f\u0642\u064a\u0642\u062a\u0627\u0646"},"schema":{"@context":"https:\/\/schema.org","@graph":[{"@type":"Article","@id":"https:\/\/lequotidien.mr\/?p=26878&lang=fr#article","isPartOf":{"@id":"https:\/\/lequotidien.mr\/?p=26878&lang=fr"},"author":{"name":"Le Quotidien","@id":"https:\/\/lequotidien.mr\/#\/schema\/person\/f90fcdaa970c60288de4ed2e64a56472"},"headline":"Des conventions en cascade, peu d&#8217;emplois concrets : la mise en sc\u00e8ne continue","datePublished":"2025-04-16T09:53:21+00:00","mainEntityOfPage":{"@id":"https:\/\/lequotidien.mr\/?p=26878&lang=fr"},"wordCount":510,"commentCount":0,"publisher":{"@id":"https:\/\/lequotidien.mr\/#organization"},"image":{"@id":"https:\/\/lequotidien.mr\/?p=26878&lang=fr#primaryimage"},"thumbnailUrl":"https:\/\/lequotidien.mr\/wp-content\/uploads\/2025\/04\/emploi.jpg","articleSection":["ACTUALIT\u00c9","Couverture sp\u00e9cilale"],"inLanguage":"ar","potentialAction":[{"@type":"CommentAction","name":"Comment","target":["https:\/\/lequotidien.mr\/?p=26878&lang=fr#respond"]}]},{"@type":"WebPage","@id":"https:\/\/lequotidien.mr\/?p=26878&lang=fr","url":"https:\/\/lequotidien.mr\/?p=26878&lang=fr","name":"Des conventions en cascade, peu d'emplois concrets : la mise en sc\u00e8ne continue - Le Quotidien de Nouakchott","isPartOf":{"@id":"https:\/\/lequotidien.mr\/#website"},"primaryImageOfPage":{"@id":"https:\/\/lequotidien.mr\/?p=26878&lang=fr#primaryimage"},"image":{"@id":"https:\/\/lequotidien.mr\/?p=26878&lang=fr#primaryimage"},"thumbnailUrl":"https:\/\/lequotidien.mr\/wp-content\/uploads\/2025\/04\/emploi.jpg","datePublished":"2025-04-16T09:53:21+00:00","breadcrumb":{"@id":"https:\/\/lequotidien.mr\/?p=26878&lang=fr#breadcrumb"},"inLanguage":"ar","potentialAction":[{"@type":"ReadAction","target":["https:\/\/lequotidien.mr\/?p=26878&lang=fr"]}]},{"@type":"ImageObject","inLanguage":"ar","@id":"https:\/\/lequotidien.mr\/?p=26878&lang=fr#primaryimage","url":"https:\/\/lequotidien.mr\/wp-content\/uploads\/2025\/04\/emploi.jpg","contentUrl":"https:\/\/lequotidien.mr\/wp-content\/uploads\/2025\/04\/emploi.jpg","width":750,"height":430},{"@type":"BreadcrumbList","@id":"https:\/\/lequotidien.mr\/?p=26878&lang=fr#breadcrumb","itemListElement":[{"@type":"ListItem","position":1,"name":"Home","item":"https:\/\/lequotidien.mr\/"},{"@type":"ListItem","position":2,"name":"Des conventions en cascade, peu d&#8217;emplois concrets : la mise en sc\u00e8ne continue"}]},{"@type":"WebSite","@id":"https:\/\/lequotidien.mr\/#website","url":"https:\/\/lequotidien.mr\/","name":"Le Quotidien de Nouakchott","description":"\u0625\u062e\u0628\u0627\u0631\u064a\u0629 \u0645\u0633\u062a\u0642\u0644\u0629 \u0644\u0644\u0623\u0646\u0628\u0627\u0621 \u0627\u0644\u0639\u0627\u0645\u0629","publisher":{"@id":"https:\/\/lequotidien.mr\/#organization"},"potentialAction":[{"@type":"SearchAction","target":{"@type":"EntryPoint","urlTemplate":"https:\/\/lequotidien.mr\/?s={search_term_string}"},"query-input":{"@type":"PropertyValueSpecification","valueRequired":true,"valueName":"search_term_string"}}],"inLanguage":"ar"},{"@type":"Organization","@id":"https:\/\/lequotidien.mr\/#organization","name":"Le Quotidien de Nouakchott","url":"https:\/\/lequotidien.mr\/","logo":{"@type":"ImageObject","inLanguage":"ar","@id":"https:\/\/lequotidien.mr\/#\/schema\/logo\/image\/","url":"https:\/\/lequotidien.mr\/wp-content\/uploads\/2022\/11\/logolequotidien.jpg","contentUrl":"https:\/\/lequotidien.mr\/wp-content\/uploads\/2022\/11\/logolequotidien.jpg","width":290,"height":65,"caption":"Le Quotidien de Nouakchott"},"image":{"@id":"https:\/\/lequotidien.mr\/#\/schema\/logo\/image\/"},"sameAs":["https:\/\/web.facebook.com\/lequotidienmr","https:\/\/x.com\/lequotidienmr"]},{"@type":"Person","@id":"https:\/\/lequotidien.mr\/#\/schema\/person\/f90fcdaa970c60288de4ed2e64a56472","name":"Le Quotidien","image":{"@type":"ImageObject","inLanguage":"ar","@id":"https:\/\/secure.gravatar.com\/avatar\/374cb39a1a458a912465a93e5a3ce6546886fc3da809a1f10c63e4e8fcbca30f?s=96&d=mm&r=g","url":"https:\/\/secure.gravatar.com\/avatar\/374cb39a1a458a912465a93e5a3ce6546886fc3da809a1f10c63e4e8fcbca30f?s=96&d=mm&r=g","contentUrl":"https:\/\/secure.gravatar.com\/avatar\/374cb39a1a458a912465a93e5a3ce6546886fc3da809a1f10c63e4e8fcbca30f?s=96&d=mm&r=g","caption":"Le Quotidien"},"sameAs":["https:\/\/lequotidien.mr\/"],"url":"https:\/\/lequotidien.mr\/?author=4"}]}},"_links":{"self":[{"href":"https:\/\/lequotidien.mr\/index.php?rest_route=\/wp\/v2\/posts\/26878","targetHints":{"allow":["GET"]}}],"collection":[{"href":"https:\/\/lequotidien.mr\/index.php?rest_route=\/wp\/v2\/posts"}],"about":[{"href":"https:\/\/lequotidien.mr\/index.php?rest_route=\/wp\/v2\/types\/post"}],"author":[{"embeddable":true,"href":"https:\/\/lequotidien.mr\/index.php?rest_route=\/wp\/v2\/users\/4"}],"replies":[{"embeddable":true,"href":"https:\/\/lequotidien.mr\/index.php?rest_route=%2Fwp%2Fv2%2Fcomments&post=26878"}],"version-history":[{"count":1,"href":"https:\/\/lequotidien.mr\/index.php?rest_route=\/wp\/v2\/posts\/26878\/revisions"}],"predecessor-version":[{"id":26880,"href":"https:\/\/lequotidien.mr\/index.php?rest_route=\/wp\/v2\/posts\/26878\/revisions\/26880"}],"wp:featuredmedia":[{"embeddable":true,"href":"https:\/\/lequotidien.mr\/index.php?rest_route=\/wp\/v2\/media\/26879"}],"wp:attachment":[{"href":"https:\/\/lequotidien.mr\/index.php?rest_route=%2Fwp%2Fv2%2Fmedia&parent=26878"}],"wp:term":[{"taxonomy":"category","embeddable":true,"href":"https:\/\/lequotidien.mr\/index.php?rest_route=%2Fwp%2Fv2%2Fcategories&post=26878"},{"taxonomy":"post_tag","embeddable":true,"href":"https:\/\/lequotidien.mr\/index.php?rest_route=%2Fwp%2Fv2%2Ftags&post=26878"}],"curies":[{"name":"wp","href":"https:\/\/api.w.org\/{rel}","templated":true}]}}