{"id":26875,"date":"2025-04-16T09:52:08","date_gmt":"2025-04-16T09:52:08","guid":{"rendered":"https:\/\/lequotidien.mr\/?p=26875"},"modified":"2025-04-16T09:52:08","modified_gmt":"2025-04-16T09:52:08","slug":"lepouse-de-biram-dah-abeid-appelle-a-lapaisement-et-au-respect-des-valeurs-dans-le-debat-public","status":"publish","type":"post","link":"https:\/\/lequotidien.mr\/?p=26875&lang=fr","title":{"rendered":"L\u2019\u00e9pouse de Biram Dah Abeid appelle \u00e0 l\u2019apaisement et au respect des valeurs dans le d\u00e9bat public"},"content":{"rendered":"<p><strong>\u00a0<\/strong>\u00a0Dans un message empreint d\u2019\u00e9motion et de responsabilit\u00e9, Leila Ahmed Khalifa, \u00e9pouse du d\u00e9put\u00e9 et leader de l\u2019Initiative pour la R\u00e9surgence du mouvement Abolitionniste (IRA), Biram Dah Abeid, a lanc\u00e9 un appel solennel \u00e0 la retenue, enjoignant le gouvernement, les citoyens et les militants du mouvement IRA \u00e0 cesser l\u2019usage de propos blessants et \u00e9trangers aux valeurs de la lutte militante noble.<\/p>\n<p>Dans un message vocal largement diffus\u00e9 sur les r\u00e9seaux sociaux, Mme Ahmed Khalifa a mis en garde contre la d\u00e9rive verbale qui entoure le d\u00e9bat public actuel, appelant \u00e0 \u00ab\u00a0pr\u00e9server la dignit\u00e9 des \u00e9changes et \u00e0 ne pas salir les id\u00e9aux pour lesquels tant de militants se sont battus\u00a0\u00bb.<\/p>\n<p>Elle a par ailleurs exhort\u00e9 le pr\u00e9sident Mohamed Ould Cheikh El Ghazouani, son \u00e9pouse Mariem Mint Dah, et le Premier ministre \u00e0 \u00ab\u00a0prendre des mesures urgentes, justes et sages\u00a0\u00bb pour mettre fin \u00e0 une crise qui, selon elle, \u00ab\u00a0empoisonne l\u2019atmosph\u00e8re du dialogue national attendu par tous les Mauritaniens\u00a0\u00bb.<\/p>\n<p>Faisant \u00e9cho aux r\u00e9centes tensions, elle a accus\u00e9 le r\u00e9gime en place de financer et de mobiliser, \u00e0 travers l&#8217;argent public et l&#8217;influence de l&#8217;\u00c9tat, des individus dont la mission serait de s\u2019attaquer verbalement \u00e0 son mari, le d\u00e9put\u00e9 Biram Dah Abeid, dans le but de le discr\u00e9diter.<\/p>\n<p>Mme Ahmed Khalifa a \u00e9galement plaid\u00e9 pour la lib\u00e9ration de Ahmed Ould Samba, afin qu\u2019il puisse accomplir le p\u00e8lerinage \u00e0 La Mecque, et celle de Warda Bent Ahmed Ould Sleymane, qu&#8217;elle d\u00e9crit comme n\u00e9cessitant d\u2019\u00eatre aux c\u00f4t\u00e9s de son enfant et de sa m\u00e8re.<\/p>\n<p>Ces d\u00e9clarations interviennent dans un contexte particuli\u00e8rement tendu, apr\u00e8s la diffusion d&#8217;une vid\u00e9o controvers\u00e9e de la d\u00e9put\u00e9e Ghamou Achour. Cette derni\u00e8re y accuse l\u2019\u00e9pouse du pr\u00e9sident Ghazouani d\u2019\u00eatre \u00e0 l\u2019origine de l\u2019arrestation de militants tels que Ould Meissara et Bent Ahmed Sleymane, et qualifie certains hauts responsables de \u00ab\u00a0cafards\u00a0\u00bb, des propos qui ont enflamm\u00e9 les r\u00e9seaux sociaux et suscit\u00e9 de vives r\u00e9actions.<\/p>\n<p>\u00c0 travers son message, Leila Ahmed Khalifa tente visiblement de d\u00e9samorcer une situation explosive, en pr\u00f4nant un retour \u00e0 la s\u00e9r\u00e9nit\u00e9, au respect mutuel et \u00e0 la hauteur de vue dans les d\u00e9bats politiques. Une posture qui tranche avec l\u2019escalade verbale observ\u00e9e ces derniers jours et qui appelle \u00e0 une d\u00e9sescalade responsable dans l&#8217;int\u00e9r\u00eat du dialogue national.<\/p>\n<p>&nbsp;<\/p>\n<p>&nbsp;<\/p>\n","protected":false},"excerpt":{"rendered":"<p>\u00a0\u00a0Dans un message empreint d\u2019\u00e9motion et de responsabilit\u00e9, Leila Ahmed Khalifa, \u00e9pouse du d\u00e9put\u00e9 et leader de l\u2019Initiative pour la R\u00e9surgence du mouvement Abolitionniste (IRA), Biram Dah Abeid, a lanc\u00e9 un appel solennel \u00e0 la retenue, enjoignant le gouvernement, les citoyens et les militants du mouvement IRA \u00e0 cesser l\u2019usage de propos blessants et \u00e9trangers&#8230;..<\/p>\n","protected":false},"author":4,"featured_media":26876,"comment_status":"open","ping_status":"open","sticky":false,"template":"","format":"standard","meta":{"footnotes":""},"categories":[23,57],"tags":[],"class_list":["post-26875","post","type-post","status-publish","format-standard","has-post-thumbnail","hentry","category-actualite","category-couverture-specilale"],"yoast_head":"<!-- This site is optimized with the Yoast SEO plugin v27.5 - https:\/\/yoast.com\/product\/yoast-seo-wordpress\/ -->\n<title>L\u2019\u00e9pouse de Biram Dah Abeid appelle \u00e0 l\u2019apaisement et au respect des valeurs dans le d\u00e9bat public - Le Quotidien de Nouakchott<\/title>\n<meta name=\"robots\" content=\"index, follow, max-snippet:-1, max-image-preview:large, max-video-preview:-1\" \/>\n<link rel=\"canonical\" href=\"https:\/\/lequotidien.mr\/?p=26875&lang=fr\" \/>\n<meta property=\"og:locale\" content=\"ar_AR\" \/>\n<meta property=\"og:type\" content=\"article\" \/>\n<meta property=\"og:title\" content=\"L\u2019\u00e9pouse de Biram Dah Abeid appelle \u00e0 l\u2019apaisement et au respect des valeurs dans le d\u00e9bat public - Le Quotidien de Nouakchott\" \/>\n<meta property=\"og:description\" content=\"\u00a0\u00a0Dans un message empreint d\u2019\u00e9motion et de responsabilit\u00e9, Leila Ahmed Khalifa, \u00e9pouse du d\u00e9put\u00e9 et leader de l\u2019Initiative pour la R\u00e9surgence du mouvement Abolitionniste (IRA), Biram Dah Abeid, a lanc\u00e9 un appel solennel \u00e0 la retenue, enjoignant le gouvernement, les citoyens et les militants du mouvement IRA \u00e0 cesser l\u2019usage de propos blessants et \u00e9trangers.....\" \/>\n<meta property=\"og:url\" content=\"https:\/\/lequotidien.mr\/?p=26875&amp;lang=fr\" \/>\n<meta property=\"og:site_name\" content=\"Le Quotidien de Nouakchott\" \/>\n<meta property=\"article:publisher\" content=\"https:\/\/web.facebook.com\/lequotidienmr\" \/>\n<meta property=\"article:published_time\" content=\"2025-04-16T09:52:08+00:00\" \/>\n<meta property=\"og:image\" content=\"https:\/\/lequotidien.mr\/wp-content\/uploads\/2025\/04\/leila.jpeg\" \/>\n\t<meta property=\"og:image:width\" content=\"268\" \/>\n\t<meta property=\"og:image:height\" content=\"188\" \/>\n\t<meta property=\"og:image:type\" content=\"image\/jpeg\" \/>\n<meta name=\"author\" content=\"Le Quotidien\" \/>\n<meta name=\"twitter:card\" content=\"summary_large_image\" \/>\n<meta name=\"twitter:creator\" content=\"@lequotidienmr\" \/>\n<meta name=\"twitter:site\" content=\"@lequotidienmr\" \/>\n<meta name=\"twitter:label1\" content=\"\u0643\u064f\u062a\u0628 \u0628\u0648\u0627\u0633\u0637\u0629\" \/>\n\t<meta name=\"twitter:data1\" content=\"Le Quotidien\" \/>\n\t<meta name=\"twitter:label2\" content=\"\u0648\u0642\u062a \u0627\u0644\u0642\u0631\u0627\u0621\u0629 \u0627\u0644\u0645\u064f\u0642\u062f\u0651\u0631\" \/>\n\t<meta name=\"twitter:data2\" content=\"\u062f\u0642\u064a\u0642\u062a\u0627\u0646\" \/>\n<script type=\"application\/ld+json\" class=\"yoast-schema-graph\">{\"@context\":\"https:\\\/\\\/schema.org\",\"@graph\":[{\"@type\":\"Article\",\"@id\":\"https:\\\/\\\/lequotidien.mr\\\/?p=26875&lang=fr#article\",\"isPartOf\":{\"@id\":\"https:\\\/\\\/lequotidien.mr\\\/?p=26875&lang=fr\"},\"author\":{\"name\":\"Le Quotidien\",\"@id\":\"https:\\\/\\\/lequotidien.mr\\\/#\\\/schema\\\/person\\\/f90fcdaa970c60288de4ed2e64a56472\"},\"headline\":\"L\u2019\u00e9pouse de Biram Dah Abeid appelle \u00e0 l\u2019apaisement et au respect des valeurs dans le d\u00e9bat public\",\"datePublished\":\"2025-04-16T09:52:08+00:00\",\"mainEntityOfPage\":{\"@id\":\"https:\\\/\\\/lequotidien.mr\\\/?p=26875&lang=fr\"},\"wordCount\":435,\"commentCount\":0,\"publisher\":{\"@id\":\"https:\\\/\\\/lequotidien.mr\\\/#organization\"},\"image\":{\"@id\":\"https:\\\/\\\/lequotidien.mr\\\/?p=26875&lang=fr#primaryimage\"},\"thumbnailUrl\":\"https:\\\/\\\/lequotidien.mr\\\/wp-content\\\/uploads\\\/2025\\\/04\\\/leila.jpeg\",\"articleSection\":[\"ACTUALIT\u00c9\",\"Couverture sp\u00e9cilale\"],\"inLanguage\":\"ar\",\"potentialAction\":[{\"@type\":\"CommentAction\",\"name\":\"Comment\",\"target\":[\"https:\\\/\\\/lequotidien.mr\\\/?p=26875&lang=fr#respond\"]}]},{\"@type\":\"WebPage\",\"@id\":\"https:\\\/\\\/lequotidien.mr\\\/?p=26875&lang=fr\",\"url\":\"https:\\\/\\\/lequotidien.mr\\\/?p=26875&lang=fr\",\"name\":\"L\u2019\u00e9pouse de Biram Dah Abeid appelle \u00e0 l\u2019apaisement et au respect des valeurs dans le d\u00e9bat public - Le Quotidien de Nouakchott\",\"isPartOf\":{\"@id\":\"https:\\\/\\\/lequotidien.mr\\\/#website\"},\"primaryImageOfPage\":{\"@id\":\"https:\\\/\\\/lequotidien.mr\\\/?p=26875&lang=fr#primaryimage\"},\"image\":{\"@id\":\"https:\\\/\\\/lequotidien.mr\\\/?p=26875&lang=fr#primaryimage\"},\"thumbnailUrl\":\"https:\\\/\\\/lequotidien.mr\\\/wp-content\\\/uploads\\\/2025\\\/04\\\/leila.jpeg\",\"datePublished\":\"2025-04-16T09:52:08+00:00\",\"breadcrumb\":{\"@id\":\"https:\\\/\\\/lequotidien.mr\\\/?p=26875&lang=fr#breadcrumb\"},\"inLanguage\":\"ar\",\"potentialAction\":[{\"@type\":\"ReadAction\",\"target\":[\"https:\\\/\\\/lequotidien.mr\\\/?p=26875&lang=fr\"]}]},{\"@type\":\"ImageObject\",\"inLanguage\":\"ar\",\"@id\":\"https:\\\/\\\/lequotidien.mr\\\/?p=26875&lang=fr#primaryimage\",\"url\":\"https:\\\/\\\/lequotidien.mr\\\/wp-content\\\/uploads\\\/2025\\\/04\\\/leila.jpeg\",\"contentUrl\":\"https:\\\/\\\/lequotidien.mr\\\/wp-content\\\/uploads\\\/2025\\\/04\\\/leila.jpeg\",\"width\":268,\"height\":188},{\"@type\":\"BreadcrumbList\",\"@id\":\"https:\\\/\\\/lequotidien.mr\\\/?p=26875&lang=fr#breadcrumb\",\"itemListElement\":[{\"@type\":\"ListItem\",\"position\":1,\"name\":\"Home\",\"item\":\"https:\\\/\\\/lequotidien.mr\\\/\"},{\"@type\":\"ListItem\",\"position\":2,\"name\":\"L\u2019\u00e9pouse de Biram Dah Abeid appelle \u00e0 l\u2019apaisement et au respect des valeurs dans le d\u00e9bat public\"}]},{\"@type\":\"WebSite\",\"@id\":\"https:\\\/\\\/lequotidien.mr\\\/#website\",\"url\":\"https:\\\/\\\/lequotidien.mr\\\/\",\"name\":\"Le Quotidien de Nouakchott\",\"description\":\"\u0625\u062e\u0628\u0627\u0631\u064a\u0629 \u0645\u0633\u062a\u0642\u0644\u0629 \u0644\u0644\u0623\u0646\u0628\u0627\u0621 \u0627\u0644\u0639\u0627\u0645\u0629\",\"publisher\":{\"@id\":\"https:\\\/\\\/lequotidien.mr\\\/#organization\"},\"potentialAction\":[{\"@type\":\"SearchAction\",\"target\":{\"@type\":\"EntryPoint\",\"urlTemplate\":\"https:\\\/\\\/lequotidien.mr\\\/?s={search_term_string}\"},\"query-input\":{\"@type\":\"PropertyValueSpecification\",\"valueRequired\":true,\"valueName\":\"search_term_string\"}}],\"inLanguage\":\"ar\"},{\"@type\":\"Organization\",\"@id\":\"https:\\\/\\\/lequotidien.mr\\\/#organization\",\"name\":\"Le Quotidien de Nouakchott\",\"url\":\"https:\\\/\\\/lequotidien.mr\\\/\",\"logo\":{\"@type\":\"ImageObject\",\"inLanguage\":\"ar\",\"@id\":\"https:\\\/\\\/lequotidien.mr\\\/#\\\/schema\\\/logo\\\/image\\\/\",\"url\":\"https:\\\/\\\/lequotidien.mr\\\/wp-content\\\/uploads\\\/2022\\\/11\\\/logolequotidien.jpg\",\"contentUrl\":\"https:\\\/\\\/lequotidien.mr\\\/wp-content\\\/uploads\\\/2022\\\/11\\\/logolequotidien.jpg\",\"width\":290,\"height\":65,\"caption\":\"Le Quotidien de Nouakchott\"},\"image\":{\"@id\":\"https:\\\/\\\/lequotidien.mr\\\/#\\\/schema\\\/logo\\\/image\\\/\"},\"sameAs\":[\"https:\\\/\\\/web.facebook.com\\\/lequotidienmr\",\"https:\\\/\\\/x.com\\\/lequotidienmr\"]},{\"@type\":\"Person\",\"@id\":\"https:\\\/\\\/lequotidien.mr\\\/#\\\/schema\\\/person\\\/f90fcdaa970c60288de4ed2e64a56472\",\"name\":\"Le Quotidien\",\"image\":{\"@type\":\"ImageObject\",\"inLanguage\":\"ar\",\"@id\":\"https:\\\/\\\/secure.gravatar.com\\\/avatar\\\/374cb39a1a458a912465a93e5a3ce6546886fc3da809a1f10c63e4e8fcbca30f?s=96&d=mm&r=g\",\"url\":\"https:\\\/\\\/secure.gravatar.com\\\/avatar\\\/374cb39a1a458a912465a93e5a3ce6546886fc3da809a1f10c63e4e8fcbca30f?s=96&d=mm&r=g\",\"contentUrl\":\"https:\\\/\\\/secure.gravatar.com\\\/avatar\\\/374cb39a1a458a912465a93e5a3ce6546886fc3da809a1f10c63e4e8fcbca30f?s=96&d=mm&r=g\",\"caption\":\"Le Quotidien\"},\"sameAs\":[\"https:\\\/\\\/lequotidien.mr\\\/\"],\"url\":\"https:\\\/\\\/lequotidien.mr\\\/?author=4\"}]}<\/script>\n<!-- \/ Yoast SEO plugin. -->","yoast_head_json":{"title":"L\u2019\u00e9pouse de Biram Dah Abeid appelle \u00e0 l\u2019apaisement et au respect des valeurs dans le d\u00e9bat public - Le Quotidien de Nouakchott","robots":{"index":"index","follow":"follow","max-snippet":"max-snippet:-1","max-image-preview":"max-image-preview:large","max-video-preview":"max-video-preview:-1"},"canonical":"https:\/\/lequotidien.mr\/?p=26875&lang=fr","og_locale":"ar_AR","og_type":"article","og_title":"L\u2019\u00e9pouse de Biram Dah Abeid appelle \u00e0 l\u2019apaisement et au respect des valeurs dans le d\u00e9bat public - Le Quotidien de Nouakchott","og_description":"\u00a0\u00a0Dans un message empreint d\u2019\u00e9motion et de responsabilit\u00e9, Leila Ahmed Khalifa, \u00e9pouse du d\u00e9put\u00e9 et leader de l\u2019Initiative pour la R\u00e9surgence du mouvement Abolitionniste (IRA), Biram Dah Abeid, a lanc\u00e9 un appel solennel \u00e0 la retenue, enjoignant le gouvernement, les citoyens et les militants du mouvement IRA \u00e0 cesser l\u2019usage de propos blessants et \u00e9trangers.....","og_url":"https:\/\/lequotidien.mr\/?p=26875&lang=fr","og_site_name":"Le Quotidien de Nouakchott","article_publisher":"https:\/\/web.facebook.com\/lequotidienmr","article_published_time":"2025-04-16T09:52:08+00:00","og_image":[{"width":268,"height":188,"url":"https:\/\/lequotidien.mr\/wp-content\/uploads\/2025\/04\/leila.jpeg","type":"image\/jpeg"}],"author":"Le Quotidien","twitter_card":"summary_large_image","twitter_creator":"@lequotidienmr","twitter_site":"@lequotidienmr","twitter_misc":{"\u0643\u064f\u062a\u0628 \u0628\u0648\u0627\u0633\u0637\u0629":"Le Quotidien","\u0648\u0642\u062a \u0627\u0644\u0642\u0631\u0627\u0621\u0629 \u0627\u0644\u0645\u064f\u0642\u062f\u0651\u0631":"\u062f\u0642\u064a\u0642\u062a\u0627\u0646"},"schema":{"@context":"https:\/\/schema.org","@graph":[{"@type":"Article","@id":"https:\/\/lequotidien.mr\/?p=26875&lang=fr#article","isPartOf":{"@id":"https:\/\/lequotidien.mr\/?p=26875&lang=fr"},"author":{"name":"Le Quotidien","@id":"https:\/\/lequotidien.mr\/#\/schema\/person\/f90fcdaa970c60288de4ed2e64a56472"},"headline":"L\u2019\u00e9pouse de Biram Dah Abeid appelle \u00e0 l\u2019apaisement et au respect des valeurs dans le d\u00e9bat public","datePublished":"2025-04-16T09:52:08+00:00","mainEntityOfPage":{"@id":"https:\/\/lequotidien.mr\/?p=26875&lang=fr"},"wordCount":435,"commentCount":0,"publisher":{"@id":"https:\/\/lequotidien.mr\/#organization"},"image":{"@id":"https:\/\/lequotidien.mr\/?p=26875&lang=fr#primaryimage"},"thumbnailUrl":"https:\/\/lequotidien.mr\/wp-content\/uploads\/2025\/04\/leila.jpeg","articleSection":["ACTUALIT\u00c9","Couverture sp\u00e9cilale"],"inLanguage":"ar","potentialAction":[{"@type":"CommentAction","name":"Comment","target":["https:\/\/lequotidien.mr\/?p=26875&lang=fr#respond"]}]},{"@type":"WebPage","@id":"https:\/\/lequotidien.mr\/?p=26875&lang=fr","url":"https:\/\/lequotidien.mr\/?p=26875&lang=fr","name":"L\u2019\u00e9pouse de Biram Dah Abeid appelle \u00e0 l\u2019apaisement et au respect des valeurs dans le d\u00e9bat public - Le Quotidien de Nouakchott","isPartOf":{"@id":"https:\/\/lequotidien.mr\/#website"},"primaryImageOfPage":{"@id":"https:\/\/lequotidien.mr\/?p=26875&lang=fr#primaryimage"},"image":{"@id":"https:\/\/lequotidien.mr\/?p=26875&lang=fr#primaryimage"},"thumbnailUrl":"https:\/\/lequotidien.mr\/wp-content\/uploads\/2025\/04\/leila.jpeg","datePublished":"2025-04-16T09:52:08+00:00","breadcrumb":{"@id":"https:\/\/lequotidien.mr\/?p=26875&lang=fr#breadcrumb"},"inLanguage":"ar","potentialAction":[{"@type":"ReadAction","target":["https:\/\/lequotidien.mr\/?p=26875&lang=fr"]}]},{"@type":"ImageObject","inLanguage":"ar","@id":"https:\/\/lequotidien.mr\/?p=26875&lang=fr#primaryimage","url":"https:\/\/lequotidien.mr\/wp-content\/uploads\/2025\/04\/leila.jpeg","contentUrl":"https:\/\/lequotidien.mr\/wp-content\/uploads\/2025\/04\/leila.jpeg","width":268,"height":188},{"@type":"BreadcrumbList","@id":"https:\/\/lequotidien.mr\/?p=26875&lang=fr#breadcrumb","itemListElement":[{"@type":"ListItem","position":1,"name":"Home","item":"https:\/\/lequotidien.mr\/"},{"@type":"ListItem","position":2,"name":"L\u2019\u00e9pouse de Biram Dah Abeid appelle \u00e0 l\u2019apaisement et au respect des valeurs dans le d\u00e9bat public"}]},{"@type":"WebSite","@id":"https:\/\/lequotidien.mr\/#website","url":"https:\/\/lequotidien.mr\/","name":"Le Quotidien de Nouakchott","description":"\u0625\u062e\u0628\u0627\u0631\u064a\u0629 \u0645\u0633\u062a\u0642\u0644\u0629 \u0644\u0644\u0623\u0646\u0628\u0627\u0621 \u0627\u0644\u0639\u0627\u0645\u0629","publisher":{"@id":"https:\/\/lequotidien.mr\/#organization"},"potentialAction":[{"@type":"SearchAction","target":{"@type":"EntryPoint","urlTemplate":"https:\/\/lequotidien.mr\/?s={search_term_string}"},"query-input":{"@type":"PropertyValueSpecification","valueRequired":true,"valueName":"search_term_string"}}],"inLanguage":"ar"},{"@type":"Organization","@id":"https:\/\/lequotidien.mr\/#organization","name":"Le Quotidien de Nouakchott","url":"https:\/\/lequotidien.mr\/","logo":{"@type":"ImageObject","inLanguage":"ar","@id":"https:\/\/lequotidien.mr\/#\/schema\/logo\/image\/","url":"https:\/\/lequotidien.mr\/wp-content\/uploads\/2022\/11\/logolequotidien.jpg","contentUrl":"https:\/\/lequotidien.mr\/wp-content\/uploads\/2022\/11\/logolequotidien.jpg","width":290,"height":65,"caption":"Le Quotidien de Nouakchott"},"image":{"@id":"https:\/\/lequotidien.mr\/#\/schema\/logo\/image\/"},"sameAs":["https:\/\/web.facebook.com\/lequotidienmr","https:\/\/x.com\/lequotidienmr"]},{"@type":"Person","@id":"https:\/\/lequotidien.mr\/#\/schema\/person\/f90fcdaa970c60288de4ed2e64a56472","name":"Le Quotidien","image":{"@type":"ImageObject","inLanguage":"ar","@id":"https:\/\/secure.gravatar.com\/avatar\/374cb39a1a458a912465a93e5a3ce6546886fc3da809a1f10c63e4e8fcbca30f?s=96&d=mm&r=g","url":"https:\/\/secure.gravatar.com\/avatar\/374cb39a1a458a912465a93e5a3ce6546886fc3da809a1f10c63e4e8fcbca30f?s=96&d=mm&r=g","contentUrl":"https:\/\/secure.gravatar.com\/avatar\/374cb39a1a458a912465a93e5a3ce6546886fc3da809a1f10c63e4e8fcbca30f?s=96&d=mm&r=g","caption":"Le Quotidien"},"sameAs":["https:\/\/lequotidien.mr\/"],"url":"https:\/\/lequotidien.mr\/?author=4"}]}},"_links":{"self":[{"href":"https:\/\/lequotidien.mr\/index.php?rest_route=\/wp\/v2\/posts\/26875","targetHints":{"allow":["GET"]}}],"collection":[{"href":"https:\/\/lequotidien.mr\/index.php?rest_route=\/wp\/v2\/posts"}],"about":[{"href":"https:\/\/lequotidien.mr\/index.php?rest_route=\/wp\/v2\/types\/post"}],"author":[{"embeddable":true,"href":"https:\/\/lequotidien.mr\/index.php?rest_route=\/wp\/v2\/users\/4"}],"replies":[{"embeddable":true,"href":"https:\/\/lequotidien.mr\/index.php?rest_route=%2Fwp%2Fv2%2Fcomments&post=26875"}],"version-history":[{"count":1,"href":"https:\/\/lequotidien.mr\/index.php?rest_route=\/wp\/v2\/posts\/26875\/revisions"}],"predecessor-version":[{"id":26877,"href":"https:\/\/lequotidien.mr\/index.php?rest_route=\/wp\/v2\/posts\/26875\/revisions\/26877"}],"wp:featuredmedia":[{"embeddable":true,"href":"https:\/\/lequotidien.mr\/index.php?rest_route=\/wp\/v2\/media\/26876"}],"wp:attachment":[{"href":"https:\/\/lequotidien.mr\/index.php?rest_route=%2Fwp%2Fv2%2Fmedia&parent=26875"}],"wp:term":[{"taxonomy":"category","embeddable":true,"href":"https:\/\/lequotidien.mr\/index.php?rest_route=%2Fwp%2Fv2%2Fcategories&post=26875"},{"taxonomy":"post_tag","embeddable":true,"href":"https:\/\/lequotidien.mr\/index.php?rest_route=%2Fwp%2Fv2%2Ftags&post=26875"}],"curies":[{"name":"wp","href":"https:\/\/api.w.org\/{rel}","templated":true}]}}