{"id":26832,"date":"2025-04-14T23:33:18","date_gmt":"2025-04-14T23:33:18","guid":{"rendered":"https:\/\/lequotidien.mr\/?p=26832"},"modified":"2025-04-14T23:33:18","modified_gmt":"2025-04-14T23:33:18","slug":"palais-des-congres-la-4%e1%b5%89-edition-du-salon-de-lemploi-et-de-la-formation-professionnelle-souvre-sous-le-signe-de-lemployabilite-des-jeunes","status":"publish","type":"post","link":"https:\/\/lequotidien.mr\/?p=26832&lang=fr","title":{"rendered":"Palais des Congr\u00e8s : La 4\u1d49 \u00e9dition du Salon de l\u2019emploi et de la formation professionnelle s\u2019ouvre sous le signe de l\u2019employabilit\u00e9 des jeunes"},"content":{"rendered":"<p>La F\u00e9d\u00e9ration des Services de l\u2019Union Nationale du Patronat Mauritanien (UNPM) organise, les 15 et 16 de ce mois, au Palais des Congr\u00e8s de Nouakchott, la 4\u1d49 \u00e9dition du\u00a0<strong>Salon national de l\u2019emploi et de la formation professionnelle<\/strong>. Plac\u00e9 sous le haut patronage du Pr\u00e9sident de la R\u00e9publique, Son Excellence Mohamed Cheikh El Ghazouani, cet \u00e9v\u00e9nement phare se d\u00e9roule autour du th\u00e8me central\u00a0<em>\u00ab L\u2019employabilit\u00e9 des jeunes : d\u00e9fis et perspectives \u00bb<\/em>, soulignant l\u2019urgence d\u2019adresser les enjeux li\u00e9s \u00e0 l\u2019insertion professionnelle et \u00e0 la formation des nouvelles g\u00e9n\u00e9rations.<\/p>\n<p><strong>Un partenariat strat\u00e9gique pour l\u2019avenir des jeunes<\/strong><\/p>\n<p>Organis\u00e9 en collaboration avec le\u00a0<strong>minist\u00e8re de l\u2019Autonomisation de la Jeunesse, de l\u2019Emploi, des Sports et de la Fonction Publique<\/strong>\u00a0et le\u00a0<strong>minist\u00e8re de la Formation Professionnelle, de l\u2019Artisanat et des M\u00e9tiers<\/strong>, avec le soutien actif des partenaires au d\u00e9veloppement, ce salon se positionne comme une plateforme incontournable pour renforcer le dialogue entre secteurs public et priv\u00e9. L\u2019objectif ? Valoriser les synergies institutionnelles, stimuler la cr\u00e9ation d\u2019emplois durables et promouvoir une croissance inclusive, vectrice de progr\u00e8s socio-\u00e9conomique pour la Mauritanie.<\/p>\n<p><strong>Un espace d\u2019\u00e9change et d\u2019opportunit\u00e9s<\/strong><\/p>\n<p>Plus qu\u2019un simple forum, cette \u00e9dition se veut un catalyseur d\u2019initiatives concr\u00e8tes. Elle r\u00e9unit employeurs, \u00e9tablissements de formation, jeunes dipl\u00f4m\u00e9s, demandeurs d\u2019emploi et organisations de la soci\u00e9t\u00e9 civile autour de trois axes structurants :<\/p>\n<p><strong>-Une exposition dynamique<\/strong>\u00a0: Avec des pavillons d\u00e9di\u00e9s aux administrations, entreprises, centres de formation et associations, l\u2019\u00e9v\u00e9nement facilite les rencontres directes entre recruteurs et candidats, tout en mettant en lumi\u00e8re les outils innovants en mati\u00e8re de formation professionnelle\u00a0;<\/p>\n<p><strong>-Un forum sur le partenariat tripartite<\/strong>\u00a0: Experts, d\u00e9cideurs publics et repr\u00e9sentants du secteur priv\u00e9 d\u00e9battront du r\u00f4le de l\u2019\u00c9tat, des employeurs et des partenaires techniques dans la r\u00e9sorption du ch\u00f4mage des jeunes. Des s\u00e9minaires th\u00e9matiques aborderont les d\u00e9fis sp\u00e9cifiques \u00e0 la Mauritanie, de l\u2019ad\u00e9quation formation-emploi \u00e0 l\u2019entrepreneuriat\u00a0;<\/p>\n<p><strong>-Une table ronde de haut niveau<\/strong>\u00a0: Moment cl\u00e9 du salon, cette discussion r\u00e9unira ministres, chefs d\u2019entreprise et bailleurs de fonds pour esquisser des strat\u00e9gies concert\u00e9es en faveur de l\u2019emploi, avec un focus sur les priorit\u00e9s nationales et les m\u00e9canismes de financement innovants.<\/p>\n<p><strong>Au c\u0153ur des priorit\u00e9s nationales<\/strong><\/p>\n<p>Selon les organisateurs, ce salon incarne une r\u00e9ponse collective aux aspirations des jeunes Mauritaniens, confront\u00e9s \u00e0 un march\u00e9 de l\u2019emploi en mutation. \u00ab\u00a0<em>Il s\u2019agit de cr\u00e9er un \u00e9cosyst\u00e8me o\u00f9 formation rime avec comp\u00e9tences r\u00e9elles, et o\u00f9 chaque acteur contribue \u00e0 b\u00e2tir des ponts vers l\u2019emploi<\/em>\u00a0\u00bb, souligne un porte-parole de l\u2019UNPM. En parall\u00e8le, l\u2019accent est mis sur l\u2019entrepreneuriat, per\u00e7u comme un levier essentiel pour diversifier l\u2019\u00e9conomie et r\u00e9duire la d\u00e9pendance aux secteurs traditionnels.<\/p>\n<p><strong>Perspectives et engagements<\/strong><\/p>\n<p>Au-del\u00e0 des \u00e9changes, l\u2019\u00e9v\u00e9nement vise \u00e0 d\u00e9boucher sur des engagements tangibles : renforcement des partenariats public-priv\u00e9, modernisation des curricula de formation, et soutien accru aux start-ups. Pour les participants, c\u2019est aussi l\u2019occasion de d\u00e9couvrir des programmes d\u2019accompagnement financier et technique, port\u00e9s par des institutions nationales et internationales.<\/p>\n<p>Alors que la Mauritanie aspire \u00e0 une croissance plus \u00e9quitable, ce salon symbolise l\u2019urgence d\u2019agir ensemble pour lib\u00e9rer le potentiel de sa jeunesse. Un enjeu qui, sous l\u2019impulsion du Pr\u00e9sident El Ghazouani, s\u2019impose plus que jamais comme une priorit\u00e9 nationale.<\/p>\n","protected":false},"excerpt":{"rendered":"<p>La F\u00e9d\u00e9ration des Services de l\u2019Union Nationale du Patronat Mauritanien (UNPM) organise, les 15 et 16 de ce mois, au Palais des Congr\u00e8s de Nouakchott, la 4\u1d49 \u00e9dition du\u00a0Salon national de l\u2019emploi et de la formation professionnelle. Plac\u00e9 sous le haut patronage du Pr\u00e9sident de la R\u00e9publique, Son Excellence Mohamed Cheikh El Ghazouani, cet \u00e9v\u00e9nement&#8230;..<\/p>\n","protected":false},"author":12,"featured_media":26833,"comment_status":"open","ping_status":"open","sticky":false,"template":"","format":"standard","meta":{"footnotes":""},"categories":[23,49],"tags":[],"class_list":["post-26832","post","type-post","status-publish","format-standard","has-post-thumbnail","hentry","category-actualite","category-economie"],"yoast_head":"<!-- This site is optimized with the Yoast SEO plugin v27.5 - https:\/\/yoast.com\/product\/yoast-seo-wordpress\/ -->\n<title>Palais des Congr\u00e8s : La 4\u1d49 \u00e9dition du Salon de l\u2019emploi et de la formation professionnelle s\u2019ouvre sous le signe de l\u2019employabilit\u00e9 des jeunes - Le Quotidien de Nouakchott<\/title>\n<meta name=\"robots\" content=\"index, follow, max-snippet:-1, max-image-preview:large, max-video-preview:-1\" \/>\n<link rel=\"canonical\" href=\"https:\/\/lequotidien.mr\/?p=26832&lang=fr\" \/>\n<meta property=\"og:locale\" content=\"ar_AR\" \/>\n<meta property=\"og:type\" content=\"article\" \/>\n<meta property=\"og:title\" content=\"Palais des Congr\u00e8s : La 4\u1d49 \u00e9dition du Salon de l\u2019emploi et de la formation professionnelle s\u2019ouvre sous le signe de l\u2019employabilit\u00e9 des jeunes - Le Quotidien de Nouakchott\" \/>\n<meta property=\"og:description\" content=\"La F\u00e9d\u00e9ration des Services de l\u2019Union Nationale du Patronat Mauritanien (UNPM) organise, les 15 et 16 de ce mois, au Palais des Congr\u00e8s de Nouakchott, la 4\u1d49 \u00e9dition du\u00a0Salon national de l\u2019emploi et de la formation professionnelle. Plac\u00e9 sous le haut patronage du Pr\u00e9sident de la R\u00e9publique, Son Excellence Mohamed Cheikh El Ghazouani, cet \u00e9v\u00e9nement.....\" \/>\n<meta property=\"og:url\" content=\"https:\/\/lequotidien.mr\/?p=26832&amp;lang=fr\" \/>\n<meta property=\"og:site_name\" content=\"Le Quotidien de Nouakchott\" \/>\n<meta property=\"article:publisher\" content=\"https:\/\/web.facebook.com\/lequotidienmr\" \/>\n<meta property=\"article:published_time\" content=\"2025-04-14T23:33:18+00:00\" \/>\n<meta property=\"og:image\" content=\"https:\/\/lequotidien.mr\/wp-content\/uploads\/2025\/04\/photo-salon-emploi.jpg\" \/>\n\t<meta property=\"og:image:width\" content=\"750\" \/>\n\t<meta property=\"og:image:height\" content=\"430\" \/>\n\t<meta property=\"og:image:type\" content=\"image\/jpeg\" \/>\n<meta name=\"author\" content=\"Med Ahmed\" \/>\n<meta name=\"twitter:card\" content=\"summary_large_image\" \/>\n<meta name=\"twitter:creator\" content=\"@lequotidienmr\" \/>\n<meta name=\"twitter:site\" content=\"@lequotidienmr\" \/>\n<meta name=\"twitter:label1\" content=\"\u0643\u064f\u062a\u0628 \u0628\u0648\u0627\u0633\u0637\u0629\" \/>\n\t<meta name=\"twitter:data1\" content=\"Med Ahmed\" \/>\n\t<meta name=\"twitter:label2\" content=\"\u0648\u0642\u062a \u0627\u0644\u0642\u0631\u0627\u0621\u0629 \u0627\u0644\u0645\u064f\u0642\u062f\u0651\u0631\" \/>\n\t<meta name=\"twitter:data2\" content=\"3 \u062f\u0642\u0627\u0626\u0642\" \/>\n<script type=\"application\/ld+json\" class=\"yoast-schema-graph\">{\"@context\":\"https:\\\/\\\/schema.org\",\"@graph\":[{\"@type\":\"Article\",\"@id\":\"https:\\\/\\\/lequotidien.mr\\\/?p=26832&lang=fr#article\",\"isPartOf\":{\"@id\":\"https:\\\/\\\/lequotidien.mr\\\/?p=26832&lang=fr\"},\"author\":{\"name\":\"Med Ahmed\",\"@id\":\"https:\\\/\\\/lequotidien.mr\\\/#\\\/schema\\\/person\\\/d2d350202a4d599685ed8abc25f97596\"},\"headline\":\"Palais des Congr\u00e8s : La 4\u1d49 \u00e9dition du Salon de l\u2019emploi et de la formation professionnelle s\u2019ouvre sous le signe de l\u2019employabilit\u00e9 des jeunes\",\"datePublished\":\"2025-04-14T23:33:18+00:00\",\"mainEntityOfPage\":{\"@id\":\"https:\\\/\\\/lequotidien.mr\\\/?p=26832&lang=fr\"},\"wordCount\":620,\"commentCount\":0,\"publisher\":{\"@id\":\"https:\\\/\\\/lequotidien.mr\\\/#organization\"},\"image\":{\"@id\":\"https:\\\/\\\/lequotidien.mr\\\/?p=26832&lang=fr#primaryimage\"},\"thumbnailUrl\":\"https:\\\/\\\/lequotidien.mr\\\/wp-content\\\/uploads\\\/2025\\\/04\\\/photo-salon-emploi.jpg\",\"articleSection\":[\"ACTUALIT\u00c9\",\"Economie\"],\"inLanguage\":\"ar\",\"potentialAction\":[{\"@type\":\"CommentAction\",\"name\":\"Comment\",\"target\":[\"https:\\\/\\\/lequotidien.mr\\\/?p=26832&lang=fr#respond\"]}]},{\"@type\":\"WebPage\",\"@id\":\"https:\\\/\\\/lequotidien.mr\\\/?p=26832&lang=fr\",\"url\":\"https:\\\/\\\/lequotidien.mr\\\/?p=26832&lang=fr\",\"name\":\"Palais des Congr\u00e8s : La 4\u1d49 \u00e9dition du Salon de l\u2019emploi et de la formation professionnelle s\u2019ouvre sous le signe de l\u2019employabilit\u00e9 des jeunes - Le Quotidien de Nouakchott\",\"isPartOf\":{\"@id\":\"https:\\\/\\\/lequotidien.mr\\\/#website\"},\"primaryImageOfPage\":{\"@id\":\"https:\\\/\\\/lequotidien.mr\\\/?p=26832&lang=fr#primaryimage\"},\"image\":{\"@id\":\"https:\\\/\\\/lequotidien.mr\\\/?p=26832&lang=fr#primaryimage\"},\"thumbnailUrl\":\"https:\\\/\\\/lequotidien.mr\\\/wp-content\\\/uploads\\\/2025\\\/04\\\/photo-salon-emploi.jpg\",\"datePublished\":\"2025-04-14T23:33:18+00:00\",\"breadcrumb\":{\"@id\":\"https:\\\/\\\/lequotidien.mr\\\/?p=26832&lang=fr#breadcrumb\"},\"inLanguage\":\"ar\",\"potentialAction\":[{\"@type\":\"ReadAction\",\"target\":[\"https:\\\/\\\/lequotidien.mr\\\/?p=26832&lang=fr\"]}]},{\"@type\":\"ImageObject\",\"inLanguage\":\"ar\",\"@id\":\"https:\\\/\\\/lequotidien.mr\\\/?p=26832&lang=fr#primaryimage\",\"url\":\"https:\\\/\\\/lequotidien.mr\\\/wp-content\\\/uploads\\\/2025\\\/04\\\/photo-salon-emploi.jpg\",\"contentUrl\":\"https:\\\/\\\/lequotidien.mr\\\/wp-content\\\/uploads\\\/2025\\\/04\\\/photo-salon-emploi.jpg\",\"width\":750,\"height\":430},{\"@type\":\"BreadcrumbList\",\"@id\":\"https:\\\/\\\/lequotidien.mr\\\/?p=26832&lang=fr#breadcrumb\",\"itemListElement\":[{\"@type\":\"ListItem\",\"position\":1,\"name\":\"Home\",\"item\":\"https:\\\/\\\/lequotidien.mr\\\/\"},{\"@type\":\"ListItem\",\"position\":2,\"name\":\"Palais des Congr\u00e8s : La 4\u1d49 \u00e9dition du Salon de l\u2019emploi et de la formation professionnelle s\u2019ouvre sous le signe de l\u2019employabilit\u00e9 des jeunes\"}]},{\"@type\":\"WebSite\",\"@id\":\"https:\\\/\\\/lequotidien.mr\\\/#website\",\"url\":\"https:\\\/\\\/lequotidien.mr\\\/\",\"name\":\"Le Quotidien de Nouakchott\",\"description\":\"\u0625\u062e\u0628\u0627\u0631\u064a\u0629 \u0645\u0633\u062a\u0642\u0644\u0629 \u0644\u0644\u0623\u0646\u0628\u0627\u0621 \u0627\u0644\u0639\u0627\u0645\u0629\",\"publisher\":{\"@id\":\"https:\\\/\\\/lequotidien.mr\\\/#organization\"},\"potentialAction\":[{\"@type\":\"SearchAction\",\"target\":{\"@type\":\"EntryPoint\",\"urlTemplate\":\"https:\\\/\\\/lequotidien.mr\\\/?s={search_term_string}\"},\"query-input\":{\"@type\":\"PropertyValueSpecification\",\"valueRequired\":true,\"valueName\":\"search_term_string\"}}],\"inLanguage\":\"ar\"},{\"@type\":\"Organization\",\"@id\":\"https:\\\/\\\/lequotidien.mr\\\/#organization\",\"name\":\"Le Quotidien de Nouakchott\",\"url\":\"https:\\\/\\\/lequotidien.mr\\\/\",\"logo\":{\"@type\":\"ImageObject\",\"inLanguage\":\"ar\",\"@id\":\"https:\\\/\\\/lequotidien.mr\\\/#\\\/schema\\\/logo\\\/image\\\/\",\"url\":\"https:\\\/\\\/lequotidien.mr\\\/wp-content\\\/uploads\\\/2022\\\/11\\\/logolequotidien.jpg\",\"contentUrl\":\"https:\\\/\\\/lequotidien.mr\\\/wp-content\\\/uploads\\\/2022\\\/11\\\/logolequotidien.jpg\",\"width\":290,\"height\":65,\"caption\":\"Le Quotidien de Nouakchott\"},\"image\":{\"@id\":\"https:\\\/\\\/lequotidien.mr\\\/#\\\/schema\\\/logo\\\/image\\\/\"},\"sameAs\":[\"https:\\\/\\\/web.facebook.com\\\/lequotidienmr\",\"https:\\\/\\\/x.com\\\/lequotidienmr\"]},{\"@type\":\"Person\",\"@id\":\"https:\\\/\\\/lequotidien.mr\\\/#\\\/schema\\\/person\\\/d2d350202a4d599685ed8abc25f97596\",\"name\":\"Med Ahmed\",\"image\":{\"@type\":\"ImageObject\",\"inLanguage\":\"ar\",\"@id\":\"https:\\\/\\\/secure.gravatar.com\\\/avatar\\\/fd2acc62ed50732923d1d39c17172c9b04149f142be92310ecc69e1358f94b52?s=96&d=mm&r=g\",\"url\":\"https:\\\/\\\/secure.gravatar.com\\\/avatar\\\/fd2acc62ed50732923d1d39c17172c9b04149f142be92310ecc69e1358f94b52?s=96&d=mm&r=g\",\"contentUrl\":\"https:\\\/\\\/secure.gravatar.com\\\/avatar\\\/fd2acc62ed50732923d1d39c17172c9b04149f142be92310ecc69e1358f94b52?s=96&d=mm&r=g\",\"caption\":\"Med Ahmed\"},\"url\":\"https:\\\/\\\/lequotidien.mr\\\/?author=12\"}]}<\/script>\n<!-- \/ Yoast SEO plugin. -->","yoast_head_json":{"title":"Palais des Congr\u00e8s : La 4\u1d49 \u00e9dition du Salon de l\u2019emploi et de la formation professionnelle s\u2019ouvre sous le signe de l\u2019employabilit\u00e9 des jeunes - Le Quotidien de Nouakchott","robots":{"index":"index","follow":"follow","max-snippet":"max-snippet:-1","max-image-preview":"max-image-preview:large","max-video-preview":"max-video-preview:-1"},"canonical":"https:\/\/lequotidien.mr\/?p=26832&lang=fr","og_locale":"ar_AR","og_type":"article","og_title":"Palais des Congr\u00e8s : La 4\u1d49 \u00e9dition du Salon de l\u2019emploi et de la formation professionnelle s\u2019ouvre sous le signe de l\u2019employabilit\u00e9 des jeunes - Le Quotidien de Nouakchott","og_description":"La F\u00e9d\u00e9ration des Services de l\u2019Union Nationale du Patronat Mauritanien (UNPM) organise, les 15 et 16 de ce mois, au Palais des Congr\u00e8s de Nouakchott, la 4\u1d49 \u00e9dition du\u00a0Salon national de l\u2019emploi et de la formation professionnelle. Plac\u00e9 sous le haut patronage du Pr\u00e9sident de la R\u00e9publique, Son Excellence Mohamed Cheikh El Ghazouani, cet \u00e9v\u00e9nement.....","og_url":"https:\/\/lequotidien.mr\/?p=26832&lang=fr","og_site_name":"Le Quotidien de Nouakchott","article_publisher":"https:\/\/web.facebook.com\/lequotidienmr","article_published_time":"2025-04-14T23:33:18+00:00","og_image":[{"width":750,"height":430,"url":"https:\/\/lequotidien.mr\/wp-content\/uploads\/2025\/04\/photo-salon-emploi.jpg","type":"image\/jpeg"}],"author":"Med Ahmed","twitter_card":"summary_large_image","twitter_creator":"@lequotidienmr","twitter_site":"@lequotidienmr","twitter_misc":{"\u0643\u064f\u062a\u0628 \u0628\u0648\u0627\u0633\u0637\u0629":"Med Ahmed","\u0648\u0642\u062a \u0627\u0644\u0642\u0631\u0627\u0621\u0629 \u0627\u0644\u0645\u064f\u0642\u062f\u0651\u0631":"3 \u062f\u0642\u0627\u0626\u0642"},"schema":{"@context":"https:\/\/schema.org","@graph":[{"@type":"Article","@id":"https:\/\/lequotidien.mr\/?p=26832&lang=fr#article","isPartOf":{"@id":"https:\/\/lequotidien.mr\/?p=26832&lang=fr"},"author":{"name":"Med Ahmed","@id":"https:\/\/lequotidien.mr\/#\/schema\/person\/d2d350202a4d599685ed8abc25f97596"},"headline":"Palais des Congr\u00e8s : La 4\u1d49 \u00e9dition du Salon de l\u2019emploi et de la formation professionnelle s\u2019ouvre sous le signe de l\u2019employabilit\u00e9 des jeunes","datePublished":"2025-04-14T23:33:18+00:00","mainEntityOfPage":{"@id":"https:\/\/lequotidien.mr\/?p=26832&lang=fr"},"wordCount":620,"commentCount":0,"publisher":{"@id":"https:\/\/lequotidien.mr\/#organization"},"image":{"@id":"https:\/\/lequotidien.mr\/?p=26832&lang=fr#primaryimage"},"thumbnailUrl":"https:\/\/lequotidien.mr\/wp-content\/uploads\/2025\/04\/photo-salon-emploi.jpg","articleSection":["ACTUALIT\u00c9","Economie"],"inLanguage":"ar","potentialAction":[{"@type":"CommentAction","name":"Comment","target":["https:\/\/lequotidien.mr\/?p=26832&lang=fr#respond"]}]},{"@type":"WebPage","@id":"https:\/\/lequotidien.mr\/?p=26832&lang=fr","url":"https:\/\/lequotidien.mr\/?p=26832&lang=fr","name":"Palais des Congr\u00e8s : La 4\u1d49 \u00e9dition du Salon de l\u2019emploi et de la formation professionnelle s\u2019ouvre sous le signe de l\u2019employabilit\u00e9 des jeunes - Le Quotidien de Nouakchott","isPartOf":{"@id":"https:\/\/lequotidien.mr\/#website"},"primaryImageOfPage":{"@id":"https:\/\/lequotidien.mr\/?p=26832&lang=fr#primaryimage"},"image":{"@id":"https:\/\/lequotidien.mr\/?p=26832&lang=fr#primaryimage"},"thumbnailUrl":"https:\/\/lequotidien.mr\/wp-content\/uploads\/2025\/04\/photo-salon-emploi.jpg","datePublished":"2025-04-14T23:33:18+00:00","breadcrumb":{"@id":"https:\/\/lequotidien.mr\/?p=26832&lang=fr#breadcrumb"},"inLanguage":"ar","potentialAction":[{"@type":"ReadAction","target":["https:\/\/lequotidien.mr\/?p=26832&lang=fr"]}]},{"@type":"ImageObject","inLanguage":"ar","@id":"https:\/\/lequotidien.mr\/?p=26832&lang=fr#primaryimage","url":"https:\/\/lequotidien.mr\/wp-content\/uploads\/2025\/04\/photo-salon-emploi.jpg","contentUrl":"https:\/\/lequotidien.mr\/wp-content\/uploads\/2025\/04\/photo-salon-emploi.jpg","width":750,"height":430},{"@type":"BreadcrumbList","@id":"https:\/\/lequotidien.mr\/?p=26832&lang=fr#breadcrumb","itemListElement":[{"@type":"ListItem","position":1,"name":"Home","item":"https:\/\/lequotidien.mr\/"},{"@type":"ListItem","position":2,"name":"Palais des Congr\u00e8s : La 4\u1d49 \u00e9dition du Salon de l\u2019emploi et de la formation professionnelle s\u2019ouvre sous le signe de l\u2019employabilit\u00e9 des jeunes"}]},{"@type":"WebSite","@id":"https:\/\/lequotidien.mr\/#website","url":"https:\/\/lequotidien.mr\/","name":"Le Quotidien de Nouakchott","description":"\u0625\u062e\u0628\u0627\u0631\u064a\u0629 \u0645\u0633\u062a\u0642\u0644\u0629 \u0644\u0644\u0623\u0646\u0628\u0627\u0621 \u0627\u0644\u0639\u0627\u0645\u0629","publisher":{"@id":"https:\/\/lequotidien.mr\/#organization"},"potentialAction":[{"@type":"SearchAction","target":{"@type":"EntryPoint","urlTemplate":"https:\/\/lequotidien.mr\/?s={search_term_string}"},"query-input":{"@type":"PropertyValueSpecification","valueRequired":true,"valueName":"search_term_string"}}],"inLanguage":"ar"},{"@type":"Organization","@id":"https:\/\/lequotidien.mr\/#organization","name":"Le Quotidien de Nouakchott","url":"https:\/\/lequotidien.mr\/","logo":{"@type":"ImageObject","inLanguage":"ar","@id":"https:\/\/lequotidien.mr\/#\/schema\/logo\/image\/","url":"https:\/\/lequotidien.mr\/wp-content\/uploads\/2022\/11\/logolequotidien.jpg","contentUrl":"https:\/\/lequotidien.mr\/wp-content\/uploads\/2022\/11\/logolequotidien.jpg","width":290,"height":65,"caption":"Le Quotidien de Nouakchott"},"image":{"@id":"https:\/\/lequotidien.mr\/#\/schema\/logo\/image\/"},"sameAs":["https:\/\/web.facebook.com\/lequotidienmr","https:\/\/x.com\/lequotidienmr"]},{"@type":"Person","@id":"https:\/\/lequotidien.mr\/#\/schema\/person\/d2d350202a4d599685ed8abc25f97596","name":"Med Ahmed","image":{"@type":"ImageObject","inLanguage":"ar","@id":"https:\/\/secure.gravatar.com\/avatar\/fd2acc62ed50732923d1d39c17172c9b04149f142be92310ecc69e1358f94b52?s=96&d=mm&r=g","url":"https:\/\/secure.gravatar.com\/avatar\/fd2acc62ed50732923d1d39c17172c9b04149f142be92310ecc69e1358f94b52?s=96&d=mm&r=g","contentUrl":"https:\/\/secure.gravatar.com\/avatar\/fd2acc62ed50732923d1d39c17172c9b04149f142be92310ecc69e1358f94b52?s=96&d=mm&r=g","caption":"Med Ahmed"},"url":"https:\/\/lequotidien.mr\/?author=12"}]}},"_links":{"self":[{"href":"https:\/\/lequotidien.mr\/index.php?rest_route=\/wp\/v2\/posts\/26832","targetHints":{"allow":["GET"]}}],"collection":[{"href":"https:\/\/lequotidien.mr\/index.php?rest_route=\/wp\/v2\/posts"}],"about":[{"href":"https:\/\/lequotidien.mr\/index.php?rest_route=\/wp\/v2\/types\/post"}],"author":[{"embeddable":true,"href":"https:\/\/lequotidien.mr\/index.php?rest_route=\/wp\/v2\/users\/12"}],"replies":[{"embeddable":true,"href":"https:\/\/lequotidien.mr\/index.php?rest_route=%2Fwp%2Fv2%2Fcomments&post=26832"}],"version-history":[{"count":1,"href":"https:\/\/lequotidien.mr\/index.php?rest_route=\/wp\/v2\/posts\/26832\/revisions"}],"predecessor-version":[{"id":26834,"href":"https:\/\/lequotidien.mr\/index.php?rest_route=\/wp\/v2\/posts\/26832\/revisions\/26834"}],"wp:featuredmedia":[{"embeddable":true,"href":"https:\/\/lequotidien.mr\/index.php?rest_route=\/wp\/v2\/media\/26833"}],"wp:attachment":[{"href":"https:\/\/lequotidien.mr\/index.php?rest_route=%2Fwp%2Fv2%2Fmedia&parent=26832"}],"wp:term":[{"taxonomy":"category","embeddable":true,"href":"https:\/\/lequotidien.mr\/index.php?rest_route=%2Fwp%2Fv2%2Fcategories&post=26832"},{"taxonomy":"post_tag","embeddable":true,"href":"https:\/\/lequotidien.mr\/index.php?rest_route=%2Fwp%2Fv2%2Ftags&post=26832"}],"curies":[{"name":"wp","href":"https:\/\/api.w.org\/{rel}","templated":true}]}}