{"id":26826,"date":"2025-04-14T19:51:54","date_gmt":"2025-04-14T19:51:54","guid":{"rendered":"https:\/\/lequotidien.mr\/?p=26826"},"modified":"2025-04-14T19:51:54","modified_gmt":"2025-04-14T19:51:54","slug":"le-ministere-de-leconomie-et-des-finances-mauritanien-reagit-aux-allegations-dune-investisseuse-etrangere-sur-le-climat-des-affaires-en-mauritanie","status":"publish","type":"post","link":"https:\/\/lequotidien.mr\/?p=26826&lang=fr","title":{"rendered":"Le Minist\u00e8re de l\u2019\u00c9conomie et des Finances mauritanien r\u00e9agit aux all\u00e9gations d\u2019une investisseuse \u00e9trang\u00e8re sur le climat des affaires en Mauritanie"},"content":{"rendered":"<p>Le minist\u00e8re de l\u2019\u00c9conomie et des Finances a rendu public, vendredi dernier, un communiqu\u00e9 en r\u00e9ponse \u00e0 des publications virales sur les r\u00e9seaux sociaux \u00e9manant d\u2019une investisseuse \u00e9trang\u00e8re. Ces posts, diffus\u00e9s \u00e0 partir du 5 avril 2025, d\u00e9non\u00e7aient des pratiques administratives entravant le climat des affaires, notamment des cas de n\u00e9gligence, d\u2019obstacles bureaucratiques, de pressions injustifi\u00e9es et de tentatives de corruption.<\/p>\n<p>Face \u00e0 ces accusations, le minist\u00e8re a annonc\u00e9 la cr\u00e9ation d\u2019un comit\u00e9 d\u2019enqu\u00eate charg\u00e9 d\u2019\u00ab \u00e9tablir les faits, examiner tous les tenants et aboutissants de cette affaire, garantir la prise de d\u00e9cisions appropri\u00e9es et assurer aux citoyens le droit \u00e0 l\u2019information \u00bb. Cette initiative vise \u00e0 r\u00e9pondre aux pr\u00e9occupations soulev\u00e9es tout en r\u00e9affirmant l\u2019engagement des autorit\u00e9s en faveur de la transparence et de l\u2019am\u00e9lioration de l\u2019environnement \u00e9conomique.<\/p>\n<p><strong>Une r\u00e9action rapide pour pr\u00e9server la cr\u00e9dibilit\u00e9 des r\u00e9formes relatives \u00e0 l\u2019am\u00e9lioration du climat des affaires<\/strong><\/p>\n<p>Les all\u00e9gations de l\u2019investisseuse, dont l\u2019identit\u00e9 est connue, ont rapidement suscit\u00e9 l\u2019\u00e9moi sur la sc\u00e8ne \u00e9conomique nationale. Dans son communiqu\u00e9, le minist\u00e8re a soulign\u00e9 l\u2019importance de \u00ab pr\u00e9server la confiance des partenaires \u00e9trangers \u00bb et de \u00ab garantir un cadre \u00e9quitable pour tous les investisseurs \u00bb. Le comit\u00e9, compos\u00e9 d\u2019experts ind\u00e9pendants et de repr\u00e9sentants institutionnels, a men\u00e9 des auditions et analys\u00e9 des documents administratifs li\u00e9s aux activit\u00e9s de la plaignante.<\/p>\n<p><strong>Enjeux et perspectives pour la Mauritanie<\/strong><\/p>\n<p>Cette affaire intervient dans un contexte o\u00f9 la Mauritanie cherche \u00e0 attirer davantage d\u2019investissements \u00e9trangers, notamment dans les secteurs minier, \u00e9nerg\u00e9tique et agricole. Le pays, qui a engag\u00e9 ces derni\u00e8res ann\u00e9es des r\u00e9formes pour am\u00e9liorer son classement dans les indices internationaux de facilit\u00e9 de faire des affaires, ne peut se permettre des controverses susceptibles d\u2019entacher sa r\u00e9putation.<\/p>\n<p>Les observateurs notent que la r\u00e9activit\u00e9 du gouvernement t\u00e9moigne d\u2019une prise de conscience accrue des d\u00e9fis persistants en mati\u00e8re de gouvernance. \u00ab La transparence est un pilier essentiel pour b\u00e2tir une \u00e9conomie r\u00e9siliente \u00bb, a rappel\u00e9 un porte-parole du minist\u00e8re, insistant sur \u00ab l\u2019importance de signaler tout abus via les canaux officiels \u00bb.<\/p>\n<p>En r\u00e9agissant promptement \u00e0 ces all\u00e9gations, la Mauritanie envoie un signal fort : celui d\u2019un \u00c9tat d\u00e9termin\u00e9 \u00e0 prot\u00e9ger son int\u00e9grit\u00e9 \u00e9conomique et \u00e0 consolider la confiance des investisseurs. L\u2019efficacit\u00e9 des actions engag\u00e9es sera cependant jug\u00e9e \u00e0 l\u2019aune des r\u00e9sultats tangibles sur le terrain.<\/p>\n<p><strong>Le communiqu\u00e9 est ainsi libell\u00e9 :<\/strong><\/p>\n<p>\u200f\u201dA la suite de la diffusion, \u00e0 partir du 5 avril 2025, de publications sur l\u2019un des r\u00e9seaux sociaux par une investisseuse \u00e9trang\u00e8re concernant le climat des affaires en R\u00e9publique Islamique de Mauritanie, mentionnant des pratiques administratives inad\u00e9quates telles que la n\u00e9gligence, les obstacles, les pressions injustifi\u00e9es, et les tentatives de corruption, le minist\u00e8re de l\u2019\u00c9conomie et des Finances a constitu\u00e9 un comit\u00e9 d\u2019enqu\u00eate pour \u00e9tablir les faits, examiner tous les tenants et aboutissants de cette affaire, garantir la prise de d\u00e9cisions appropri\u00e9es et assurer aux citoyens le droit \u00e0 l\u2019information.<\/p>\n<p>Apr\u00e8s avoir achev\u00e9 ses investigations dans le d\u00e9lai pr\u00e9vu, le comit\u00e9 a soumis son rapport final contenant une \u00e9valuation d\u00e9taill\u00e9e du processus administratif de l\u2019entreprise concern\u00e9e et une analyse objective des faits soulev\u00e9s. Le comit\u00e9 s\u2019est bas\u00e9 sur des interviews avec toutes les parties prenantes, y compris les collaborateurs de l\u2019investisseuse concern\u00e9e apr\u00e8s que celle ci ait refus\u00e9 de coop\u00e9rer, ainsi que sur l\u2019\u00e9valuation des proc\u00e9dures administratives adopt\u00e9es au sein des d\u00e9partements concern\u00e9s. Le comit\u00e9 a recueilli les t\u00e9moignages de 20 personnes, comprenant des fonctionnaires, des experts comptables et des employ\u00e9s du secteur priv\u00e9.<\/p>\n<p>\u200fLes conclusions du comit\u00e9 apr\u00e8s avoir men\u00e9 son enqu\u00eate sont les suivantes :<\/p>\n<p>-Des lacunes et des dysfonctionnements ont \u00e9t\u00e9 observ\u00e9s, notamment le manque ou l\u2019absence de coordination entre certains d\u00e9partements publics li\u00e9s aux activit\u00e9s des investisseurs, y compris l\u2019acc\u00e8s \u00e0 l\u2019information et la communication avec les usagers.<\/p>\n<p>\u200f-Il a \u00e9t\u00e9 constat\u00e9 \u00e0 travers l\u2019enqu\u00eate que l\u2019entreprise concern\u00e9e n\u2019\u00e9tait pas en conformit\u00e9 avec le cadre l\u00e9gal mauritanien, notamment pour ce qui concerne ses obligations fiscales.<\/p>\n<p>\u200f-Aucune preuve mat\u00e9rielle ne permet de prouver des pratiques syst\u00e9matiques de corruption ou des pressions institutionnelles. Le comit\u00e9 exprime son \u00e9tonnement face au manque de coop\u00e9ration de l\u2019investisseuse avec l\u2019enqu\u00eate, ayant initialement refus\u00e9 de collaborer avant de se r\u00e9tracter et de renouer le contact hier pour demander les garanties et une confidentialit\u00e9, affirmant qu\u2019elle refuse de d\u00e9voiler l\u2019identit\u00e9 ou les identit\u00e9s des personnes qu\u2019elle accuse de lui avoir demand\u00e9 un pot-de-vin en \u00e9change d\u2019avantages fiscaux ill\u00e9gaux ou pour la d\u00e9livrance de permis de travail. Celui qui appelle \u00e0 la transparence et pr\u00e9tend \u00eatre la cible de comportements aberrants ne doit pas prot\u00e9ger des fonctionnaires corrompus en refusant de r\u00e9v\u00e9ler leurs identit\u00e9s dans le cadre d\u2019une enqu\u00eate officielle, un comportement punissable par les textes en vigueur .<\/p>\n<p>\u200fLe comit\u00e9 a formul\u00e9 un ensemble de recommandations importantes, parmi lesquelles :<\/p>\n<p>-Acc\u00e9l\u00e9rer la num\u00e9risation des proc\u00e9dures administratives pour garantir la transparence, la tra\u00e7abilit\u00e9 et la facilitation des services aux usagers ;<\/p>\n<p>&#8211; Renforcer les comp\u00e9tences des ressources humaines gr\u00e2ce \u00e0 une formation continue bas\u00e9e sur les normes modernes du service public et l\u2019\u00e9thique professionnelle ;<\/p>\n<p>-Am\u00e9liorer la communication institutionnelle interne et externe pour assurer la fluidit\u00e9 de l\u2019information et promouvoir une culture d\u2019ouverture et de transparence.<\/p>\n<p>\u200f-Transmettre les r\u00e9sultat de cette investigation \u00e0 l\u2019Agence Judiciaire de l\u2019Etat, pour engager la proc\u00e9dure appropri\u00e9e.<\/p>\n<p>\u200f\u00c0 la lumi\u00e8re de ces conclusions, le minist\u00e8re de l\u2019\u00c9conomie et des Finances r\u00e9affirme :<\/p>\n<p>-Son engagement \u00e0 poursuivre ses efforts pour \u00e9tablir un climat d\u2019investissement attractif, cr\u00e9dible et comp\u00e9titif ;<\/p>\n<p>-Son engagement \u00e0 appliquer les recommandations de ce rapport et \u00e0 les int\u00e9grer au processus de r\u00e9formes en cours ;<\/p>\n<p>-Son appel aux journalistes, blogueurs et intellectuels \u00e0 ne pas se laisser entra\u00eener par des all\u00e9gations qui ne r\u00e9sistent pas \u00e0 l\u2019enqu\u00eate et \u00e0 la v\u00e9rification, et qui pourraient nuire \u00e0 la r\u00e9putation du pays.<\/p>\n<p><strong>Nouakchott, le 11 avril\u202f2025<\/strong><\/p>\n","protected":false},"excerpt":{"rendered":"<p>Le minist\u00e8re de l\u2019\u00c9conomie et des Finances a rendu public, vendredi dernier, un communiqu\u00e9 en r\u00e9ponse \u00e0 des publications virales sur les r\u00e9seaux sociaux \u00e9manant d\u2019une investisseuse \u00e9trang\u00e8re. Ces posts, diffus\u00e9s \u00e0 partir du 5 avril 2025, d\u00e9non\u00e7aient des pratiques administratives entravant le climat des affaires, notamment des cas de n\u00e9gligence, d\u2019obstacles bureaucratiques, de pressions&#8230;..<\/p>\n","protected":false},"author":12,"featured_media":26827,"comment_status":"open","ping_status":"open","sticky":false,"template":"","format":"standard","meta":{"footnotes":""},"categories":[23,49],"tags":[],"class_list":["post-26826","post","type-post","status-publish","format-standard","has-post-thumbnail","hentry","category-actualite","category-economie"],"yoast_head":"<!-- This site is optimized with the Yoast SEO plugin v27.5 - https:\/\/yoast.com\/product\/yoast-seo-wordpress\/ -->\n<title>Le Minist\u00e8re de l\u2019\u00c9conomie et des Finances mauritanien r\u00e9agit aux all\u00e9gations d\u2019une investisseuse \u00e9trang\u00e8re sur le climat des affaires en Mauritanie - Le Quotidien de Nouakchott<\/title>\n<meta name=\"robots\" content=\"index, follow, max-snippet:-1, max-image-preview:large, max-video-preview:-1\" \/>\n<link rel=\"canonical\" href=\"https:\/\/lequotidien.mr\/?p=26826&lang=fr\" \/>\n<meta property=\"og:locale\" content=\"ar_AR\" \/>\n<meta property=\"og:type\" content=\"article\" \/>\n<meta property=\"og:title\" content=\"Le Minist\u00e8re de l\u2019\u00c9conomie et des Finances mauritanien r\u00e9agit aux all\u00e9gations d\u2019une investisseuse \u00e9trang\u00e8re sur le climat des affaires en Mauritanie - Le Quotidien de Nouakchott\" \/>\n<meta property=\"og:description\" content=\"Le minist\u00e8re de l\u2019\u00c9conomie et des Finances a rendu public, vendredi dernier, un communiqu\u00e9 en r\u00e9ponse \u00e0 des publications virales sur les r\u00e9seaux sociaux \u00e9manant d\u2019une investisseuse \u00e9trang\u00e8re. Ces posts, diffus\u00e9s \u00e0 partir du 5 avril 2025, d\u00e9non\u00e7aient des pratiques administratives entravant le climat des affaires, notamment des cas de n\u00e9gligence, d\u2019obstacles bureaucratiques, de pressions.....\" \/>\n<meta property=\"og:url\" content=\"https:\/\/lequotidien.mr\/?p=26826&amp;lang=fr\" \/>\n<meta property=\"og:site_name\" content=\"Le Quotidien de Nouakchott\" \/>\n<meta property=\"article:publisher\" content=\"https:\/\/web.facebook.com\/lequotidienmr\" \/>\n<meta property=\"article:published_time\" content=\"2025-04-14T19:51:54+00:00\" \/>\n<meta property=\"og:image\" content=\"https:\/\/lequotidien.mr\/wp-content\/uploads\/2025\/04\/photo-climat-affaires.jpg\" \/>\n\t<meta property=\"og:image:width\" content=\"750\" \/>\n\t<meta property=\"og:image:height\" content=\"430\" \/>\n\t<meta property=\"og:image:type\" content=\"image\/jpeg\" \/>\n<meta name=\"author\" content=\"Med Ahmed\" \/>\n<meta name=\"twitter:card\" content=\"summary_large_image\" \/>\n<meta name=\"twitter:creator\" content=\"@lequotidienmr\" \/>\n<meta name=\"twitter:site\" content=\"@lequotidienmr\" \/>\n<meta name=\"twitter:label1\" content=\"\u0643\u064f\u062a\u0628 \u0628\u0648\u0627\u0633\u0637\u0629\" \/>\n\t<meta name=\"twitter:data1\" content=\"Med Ahmed\" \/>\n\t<meta name=\"twitter:label2\" content=\"\u0648\u0642\u062a \u0627\u0644\u0642\u0631\u0627\u0621\u0629 \u0627\u0644\u0645\u064f\u0642\u062f\u0651\u0631\" \/>\n\t<meta name=\"twitter:data2\" content=\"5 \u062f\u0642\u0627\u0626\u0642\" \/>\n<script type=\"application\/ld+json\" class=\"yoast-schema-graph\">{\"@context\":\"https:\\\/\\\/schema.org\",\"@graph\":[{\"@type\":\"Article\",\"@id\":\"https:\\\/\\\/lequotidien.mr\\\/?p=26826&lang=fr#article\",\"isPartOf\":{\"@id\":\"https:\\\/\\\/lequotidien.mr\\\/?p=26826&lang=fr\"},\"author\":{\"name\":\"Med Ahmed\",\"@id\":\"https:\\\/\\\/lequotidien.mr\\\/#\\\/schema\\\/person\\\/d2d350202a4d599685ed8abc25f97596\"},\"headline\":\"Le Minist\u00e8re de l\u2019\u00c9conomie et des Finances mauritanien r\u00e9agit aux all\u00e9gations d\u2019une investisseuse \u00e9trang\u00e8re sur le climat des affaires en Mauritanie\",\"datePublished\":\"2025-04-14T19:51:54+00:00\",\"mainEntityOfPage\":{\"@id\":\"https:\\\/\\\/lequotidien.mr\\\/?p=26826&lang=fr\"},\"wordCount\":1106,\"commentCount\":0,\"publisher\":{\"@id\":\"https:\\\/\\\/lequotidien.mr\\\/#organization\"},\"image\":{\"@id\":\"https:\\\/\\\/lequotidien.mr\\\/?p=26826&lang=fr#primaryimage\"},\"thumbnailUrl\":\"https:\\\/\\\/lequotidien.mr\\\/wp-content\\\/uploads\\\/2025\\\/04\\\/photo-climat-affaires.jpg\",\"articleSection\":[\"ACTUALIT\u00c9\",\"Economie\"],\"inLanguage\":\"ar\",\"potentialAction\":[{\"@type\":\"CommentAction\",\"name\":\"Comment\",\"target\":[\"https:\\\/\\\/lequotidien.mr\\\/?p=26826&lang=fr#respond\"]}]},{\"@type\":\"WebPage\",\"@id\":\"https:\\\/\\\/lequotidien.mr\\\/?p=26826&lang=fr\",\"url\":\"https:\\\/\\\/lequotidien.mr\\\/?p=26826&lang=fr\",\"name\":\"Le Minist\u00e8re de l\u2019\u00c9conomie et des Finances mauritanien r\u00e9agit aux all\u00e9gations d\u2019une investisseuse \u00e9trang\u00e8re sur le climat des affaires en Mauritanie - Le Quotidien de Nouakchott\",\"isPartOf\":{\"@id\":\"https:\\\/\\\/lequotidien.mr\\\/#website\"},\"primaryImageOfPage\":{\"@id\":\"https:\\\/\\\/lequotidien.mr\\\/?p=26826&lang=fr#primaryimage\"},\"image\":{\"@id\":\"https:\\\/\\\/lequotidien.mr\\\/?p=26826&lang=fr#primaryimage\"},\"thumbnailUrl\":\"https:\\\/\\\/lequotidien.mr\\\/wp-content\\\/uploads\\\/2025\\\/04\\\/photo-climat-affaires.jpg\",\"datePublished\":\"2025-04-14T19:51:54+00:00\",\"breadcrumb\":{\"@id\":\"https:\\\/\\\/lequotidien.mr\\\/?p=26826&lang=fr#breadcrumb\"},\"inLanguage\":\"ar\",\"potentialAction\":[{\"@type\":\"ReadAction\",\"target\":[\"https:\\\/\\\/lequotidien.mr\\\/?p=26826&lang=fr\"]}]},{\"@type\":\"ImageObject\",\"inLanguage\":\"ar\",\"@id\":\"https:\\\/\\\/lequotidien.mr\\\/?p=26826&lang=fr#primaryimage\",\"url\":\"https:\\\/\\\/lequotidien.mr\\\/wp-content\\\/uploads\\\/2025\\\/04\\\/photo-climat-affaires.jpg\",\"contentUrl\":\"https:\\\/\\\/lequotidien.mr\\\/wp-content\\\/uploads\\\/2025\\\/04\\\/photo-climat-affaires.jpg\",\"width\":750,\"height\":430},{\"@type\":\"BreadcrumbList\",\"@id\":\"https:\\\/\\\/lequotidien.mr\\\/?p=26826&lang=fr#breadcrumb\",\"itemListElement\":[{\"@type\":\"ListItem\",\"position\":1,\"name\":\"Home\",\"item\":\"https:\\\/\\\/lequotidien.mr\\\/\"},{\"@type\":\"ListItem\",\"position\":2,\"name\":\"Le Minist\u00e8re de l\u2019\u00c9conomie et des Finances mauritanien r\u00e9agit aux all\u00e9gations d\u2019une investisseuse \u00e9trang\u00e8re sur le climat des affaires en Mauritanie\"}]},{\"@type\":\"WebSite\",\"@id\":\"https:\\\/\\\/lequotidien.mr\\\/#website\",\"url\":\"https:\\\/\\\/lequotidien.mr\\\/\",\"name\":\"Le Quotidien de Nouakchott\",\"description\":\"\u0625\u062e\u0628\u0627\u0631\u064a\u0629 \u0645\u0633\u062a\u0642\u0644\u0629 \u0644\u0644\u0623\u0646\u0628\u0627\u0621 \u0627\u0644\u0639\u0627\u0645\u0629\",\"publisher\":{\"@id\":\"https:\\\/\\\/lequotidien.mr\\\/#organization\"},\"potentialAction\":[{\"@type\":\"SearchAction\",\"target\":{\"@type\":\"EntryPoint\",\"urlTemplate\":\"https:\\\/\\\/lequotidien.mr\\\/?s={search_term_string}\"},\"query-input\":{\"@type\":\"PropertyValueSpecification\",\"valueRequired\":true,\"valueName\":\"search_term_string\"}}],\"inLanguage\":\"ar\"},{\"@type\":\"Organization\",\"@id\":\"https:\\\/\\\/lequotidien.mr\\\/#organization\",\"name\":\"Le Quotidien de Nouakchott\",\"url\":\"https:\\\/\\\/lequotidien.mr\\\/\",\"logo\":{\"@type\":\"ImageObject\",\"inLanguage\":\"ar\",\"@id\":\"https:\\\/\\\/lequotidien.mr\\\/#\\\/schema\\\/logo\\\/image\\\/\",\"url\":\"https:\\\/\\\/lequotidien.mr\\\/wp-content\\\/uploads\\\/2022\\\/11\\\/logolequotidien.jpg\",\"contentUrl\":\"https:\\\/\\\/lequotidien.mr\\\/wp-content\\\/uploads\\\/2022\\\/11\\\/logolequotidien.jpg\",\"width\":290,\"height\":65,\"caption\":\"Le Quotidien de Nouakchott\"},\"image\":{\"@id\":\"https:\\\/\\\/lequotidien.mr\\\/#\\\/schema\\\/logo\\\/image\\\/\"},\"sameAs\":[\"https:\\\/\\\/web.facebook.com\\\/lequotidienmr\",\"https:\\\/\\\/x.com\\\/lequotidienmr\"]},{\"@type\":\"Person\",\"@id\":\"https:\\\/\\\/lequotidien.mr\\\/#\\\/schema\\\/person\\\/d2d350202a4d599685ed8abc25f97596\",\"name\":\"Med Ahmed\",\"image\":{\"@type\":\"ImageObject\",\"inLanguage\":\"ar\",\"@id\":\"https:\\\/\\\/secure.gravatar.com\\\/avatar\\\/fd2acc62ed50732923d1d39c17172c9b04149f142be92310ecc69e1358f94b52?s=96&d=mm&r=g\",\"url\":\"https:\\\/\\\/secure.gravatar.com\\\/avatar\\\/fd2acc62ed50732923d1d39c17172c9b04149f142be92310ecc69e1358f94b52?s=96&d=mm&r=g\",\"contentUrl\":\"https:\\\/\\\/secure.gravatar.com\\\/avatar\\\/fd2acc62ed50732923d1d39c17172c9b04149f142be92310ecc69e1358f94b52?s=96&d=mm&r=g\",\"caption\":\"Med Ahmed\"},\"url\":\"https:\\\/\\\/lequotidien.mr\\\/?author=12\"}]}<\/script>\n<!-- \/ Yoast SEO plugin. -->","yoast_head_json":{"title":"Le Minist\u00e8re de l\u2019\u00c9conomie et des Finances mauritanien r\u00e9agit aux all\u00e9gations d\u2019une investisseuse \u00e9trang\u00e8re sur le climat des affaires en Mauritanie - Le Quotidien de Nouakchott","robots":{"index":"index","follow":"follow","max-snippet":"max-snippet:-1","max-image-preview":"max-image-preview:large","max-video-preview":"max-video-preview:-1"},"canonical":"https:\/\/lequotidien.mr\/?p=26826&lang=fr","og_locale":"ar_AR","og_type":"article","og_title":"Le Minist\u00e8re de l\u2019\u00c9conomie et des Finances mauritanien r\u00e9agit aux all\u00e9gations d\u2019une investisseuse \u00e9trang\u00e8re sur le climat des affaires en Mauritanie - Le Quotidien de Nouakchott","og_description":"Le minist\u00e8re de l\u2019\u00c9conomie et des Finances a rendu public, vendredi dernier, un communiqu\u00e9 en r\u00e9ponse \u00e0 des publications virales sur les r\u00e9seaux sociaux \u00e9manant d\u2019une investisseuse \u00e9trang\u00e8re. Ces posts, diffus\u00e9s \u00e0 partir du 5 avril 2025, d\u00e9non\u00e7aient des pratiques administratives entravant le climat des affaires, notamment des cas de n\u00e9gligence, d\u2019obstacles bureaucratiques, de pressions.....","og_url":"https:\/\/lequotidien.mr\/?p=26826&lang=fr","og_site_name":"Le Quotidien de Nouakchott","article_publisher":"https:\/\/web.facebook.com\/lequotidienmr","article_published_time":"2025-04-14T19:51:54+00:00","og_image":[{"width":750,"height":430,"url":"https:\/\/lequotidien.mr\/wp-content\/uploads\/2025\/04\/photo-climat-affaires.jpg","type":"image\/jpeg"}],"author":"Med Ahmed","twitter_card":"summary_large_image","twitter_creator":"@lequotidienmr","twitter_site":"@lequotidienmr","twitter_misc":{"\u0643\u064f\u062a\u0628 \u0628\u0648\u0627\u0633\u0637\u0629":"Med Ahmed","\u0648\u0642\u062a \u0627\u0644\u0642\u0631\u0627\u0621\u0629 \u0627\u0644\u0645\u064f\u0642\u062f\u0651\u0631":"5 \u062f\u0642\u0627\u0626\u0642"},"schema":{"@context":"https:\/\/schema.org","@graph":[{"@type":"Article","@id":"https:\/\/lequotidien.mr\/?p=26826&lang=fr#article","isPartOf":{"@id":"https:\/\/lequotidien.mr\/?p=26826&lang=fr"},"author":{"name":"Med Ahmed","@id":"https:\/\/lequotidien.mr\/#\/schema\/person\/d2d350202a4d599685ed8abc25f97596"},"headline":"Le Minist\u00e8re de l\u2019\u00c9conomie et des Finances mauritanien r\u00e9agit aux all\u00e9gations d\u2019une investisseuse \u00e9trang\u00e8re sur le climat des affaires en Mauritanie","datePublished":"2025-04-14T19:51:54+00:00","mainEntityOfPage":{"@id":"https:\/\/lequotidien.mr\/?p=26826&lang=fr"},"wordCount":1106,"commentCount":0,"publisher":{"@id":"https:\/\/lequotidien.mr\/#organization"},"image":{"@id":"https:\/\/lequotidien.mr\/?p=26826&lang=fr#primaryimage"},"thumbnailUrl":"https:\/\/lequotidien.mr\/wp-content\/uploads\/2025\/04\/photo-climat-affaires.jpg","articleSection":["ACTUALIT\u00c9","Economie"],"inLanguage":"ar","potentialAction":[{"@type":"CommentAction","name":"Comment","target":["https:\/\/lequotidien.mr\/?p=26826&lang=fr#respond"]}]},{"@type":"WebPage","@id":"https:\/\/lequotidien.mr\/?p=26826&lang=fr","url":"https:\/\/lequotidien.mr\/?p=26826&lang=fr","name":"Le Minist\u00e8re de l\u2019\u00c9conomie et des Finances mauritanien r\u00e9agit aux all\u00e9gations d\u2019une investisseuse \u00e9trang\u00e8re sur le climat des affaires en Mauritanie - Le Quotidien de Nouakchott","isPartOf":{"@id":"https:\/\/lequotidien.mr\/#website"},"primaryImageOfPage":{"@id":"https:\/\/lequotidien.mr\/?p=26826&lang=fr#primaryimage"},"image":{"@id":"https:\/\/lequotidien.mr\/?p=26826&lang=fr#primaryimage"},"thumbnailUrl":"https:\/\/lequotidien.mr\/wp-content\/uploads\/2025\/04\/photo-climat-affaires.jpg","datePublished":"2025-04-14T19:51:54+00:00","breadcrumb":{"@id":"https:\/\/lequotidien.mr\/?p=26826&lang=fr#breadcrumb"},"inLanguage":"ar","potentialAction":[{"@type":"ReadAction","target":["https:\/\/lequotidien.mr\/?p=26826&lang=fr"]}]},{"@type":"ImageObject","inLanguage":"ar","@id":"https:\/\/lequotidien.mr\/?p=26826&lang=fr#primaryimage","url":"https:\/\/lequotidien.mr\/wp-content\/uploads\/2025\/04\/photo-climat-affaires.jpg","contentUrl":"https:\/\/lequotidien.mr\/wp-content\/uploads\/2025\/04\/photo-climat-affaires.jpg","width":750,"height":430},{"@type":"BreadcrumbList","@id":"https:\/\/lequotidien.mr\/?p=26826&lang=fr#breadcrumb","itemListElement":[{"@type":"ListItem","position":1,"name":"Home","item":"https:\/\/lequotidien.mr\/"},{"@type":"ListItem","position":2,"name":"Le Minist\u00e8re de l\u2019\u00c9conomie et des Finances mauritanien r\u00e9agit aux all\u00e9gations d\u2019une investisseuse \u00e9trang\u00e8re sur le climat des affaires en Mauritanie"}]},{"@type":"WebSite","@id":"https:\/\/lequotidien.mr\/#website","url":"https:\/\/lequotidien.mr\/","name":"Le Quotidien de Nouakchott","description":"\u0625\u062e\u0628\u0627\u0631\u064a\u0629 \u0645\u0633\u062a\u0642\u0644\u0629 \u0644\u0644\u0623\u0646\u0628\u0627\u0621 \u0627\u0644\u0639\u0627\u0645\u0629","publisher":{"@id":"https:\/\/lequotidien.mr\/#organization"},"potentialAction":[{"@type":"SearchAction","target":{"@type":"EntryPoint","urlTemplate":"https:\/\/lequotidien.mr\/?s={search_term_string}"},"query-input":{"@type":"PropertyValueSpecification","valueRequired":true,"valueName":"search_term_string"}}],"inLanguage":"ar"},{"@type":"Organization","@id":"https:\/\/lequotidien.mr\/#organization","name":"Le Quotidien de Nouakchott","url":"https:\/\/lequotidien.mr\/","logo":{"@type":"ImageObject","inLanguage":"ar","@id":"https:\/\/lequotidien.mr\/#\/schema\/logo\/image\/","url":"https:\/\/lequotidien.mr\/wp-content\/uploads\/2022\/11\/logolequotidien.jpg","contentUrl":"https:\/\/lequotidien.mr\/wp-content\/uploads\/2022\/11\/logolequotidien.jpg","width":290,"height":65,"caption":"Le Quotidien de Nouakchott"},"image":{"@id":"https:\/\/lequotidien.mr\/#\/schema\/logo\/image\/"},"sameAs":["https:\/\/web.facebook.com\/lequotidienmr","https:\/\/x.com\/lequotidienmr"]},{"@type":"Person","@id":"https:\/\/lequotidien.mr\/#\/schema\/person\/d2d350202a4d599685ed8abc25f97596","name":"Med Ahmed","image":{"@type":"ImageObject","inLanguage":"ar","@id":"https:\/\/secure.gravatar.com\/avatar\/fd2acc62ed50732923d1d39c17172c9b04149f142be92310ecc69e1358f94b52?s=96&d=mm&r=g","url":"https:\/\/secure.gravatar.com\/avatar\/fd2acc62ed50732923d1d39c17172c9b04149f142be92310ecc69e1358f94b52?s=96&d=mm&r=g","contentUrl":"https:\/\/secure.gravatar.com\/avatar\/fd2acc62ed50732923d1d39c17172c9b04149f142be92310ecc69e1358f94b52?s=96&d=mm&r=g","caption":"Med Ahmed"},"url":"https:\/\/lequotidien.mr\/?author=12"}]}},"_links":{"self":[{"href":"https:\/\/lequotidien.mr\/index.php?rest_route=\/wp\/v2\/posts\/26826","targetHints":{"allow":["GET"]}}],"collection":[{"href":"https:\/\/lequotidien.mr\/index.php?rest_route=\/wp\/v2\/posts"}],"about":[{"href":"https:\/\/lequotidien.mr\/index.php?rest_route=\/wp\/v2\/types\/post"}],"author":[{"embeddable":true,"href":"https:\/\/lequotidien.mr\/index.php?rest_route=\/wp\/v2\/users\/12"}],"replies":[{"embeddable":true,"href":"https:\/\/lequotidien.mr\/index.php?rest_route=%2Fwp%2Fv2%2Fcomments&post=26826"}],"version-history":[{"count":1,"href":"https:\/\/lequotidien.mr\/index.php?rest_route=\/wp\/v2\/posts\/26826\/revisions"}],"predecessor-version":[{"id":26828,"href":"https:\/\/lequotidien.mr\/index.php?rest_route=\/wp\/v2\/posts\/26826\/revisions\/26828"}],"wp:featuredmedia":[{"embeddable":true,"href":"https:\/\/lequotidien.mr\/index.php?rest_route=\/wp\/v2\/media\/26827"}],"wp:attachment":[{"href":"https:\/\/lequotidien.mr\/index.php?rest_route=%2Fwp%2Fv2%2Fmedia&parent=26826"}],"wp:term":[{"taxonomy":"category","embeddable":true,"href":"https:\/\/lequotidien.mr\/index.php?rest_route=%2Fwp%2Fv2%2Fcategories&post=26826"},{"taxonomy":"post_tag","embeddable":true,"href":"https:\/\/lequotidien.mr\/index.php?rest_route=%2Fwp%2Fv2%2Ftags&post=26826"}],"curies":[{"name":"wp","href":"https:\/\/api.w.org\/{rel}","templated":true}]}}