{"id":26823,"date":"2025-04-14T19:14:34","date_gmt":"2025-04-14T19:14:34","guid":{"rendered":"https:\/\/lequotidien.mr\/?p=26823"},"modified":"2025-04-14T19:14:34","modified_gmt":"2025-04-14T19:14:34","slug":"ministere-de-la-formation-professionnelle-de-lartisanat-et-des-metiers-atelier-de-revue-trimestrielle-du-plan-daction-2025-pour-une-evaluation-strategique","status":"publish","type":"post","link":"https:\/\/lequotidien.mr\/?p=26823&lang=fr","title":{"rendered":"Minist\u00e8re de la Formation professionnelle, de l\u2019Artisanat et des M\u00e9tiers : Atelier de revue trimestrielle du plan d\u2019action 2025 pour une \u00ab \u00e9valuation strat\u00e9gique \u00bb"},"content":{"rendered":"<p>Le minist\u00e8re de la Formation professionnelle, de l\u2019Artisanat et des M\u00e9tiers a organis\u00e9, vendredi 13 octobre, au Centre sup\u00e9rieur de l\u2019enseignement technique (CSET) de Nouakchott, un atelier de revue trimestrielle consacr\u00e9 \u00e0 la mise en \u0153uvre du plan d\u2019action annuel 2025. Plac\u00e9 sous le th\u00e8me\u00a0<em>\u00ab \u00c9valuer aujourd\u2019hui pour \u00eatre meilleur demain \u00bb<\/em>, cet \u00e9v\u00e9nement de deux jours vise \u00e0 optimiser les performances du secteur, renforcer l\u2019efficacit\u00e9 de la gestion des ressources et favoriser une synergie accrue entre les formations professionnelles et les besoins socio-\u00e9conomiques du pays.<\/p>\n<p><strong>Un bilan pour pr\u00e9parer l\u2019avenir<\/strong><\/p>\n<p>Dans son discours d\u2019ouverture, M. Mohamed Maalainine Eyih, ministre de la Formation professionnelle, de l\u2019Artisanat et des M\u00e9tiers, a soulign\u00e9 l\u2019importance de cet atelier pour \u00e9valuer l\u2019avancement du plan d\u2019action annuel, \u00e9labor\u00e9 en d\u00e9but d\u2019ann\u00e9e scolaire.\u00a0<em>\u00ab Cet examen permet de passer en revue les axes majeurs de la politique nationale de formation technique et professionnelle, d\u2019identifier les d\u00e9fis structurels et d\u2019am\u00e9liorer la qualit\u00e9 des cursus propos\u00e9s \u00bb<\/em>, a-t-il d\u00e9clar\u00e9. Le ministre a insist\u00e9 sur la n\u00e9cessit\u00e9 d\u2019adapter les formations aux r\u00e9alit\u00e9s du march\u00e9 du travail, tout en saluant le soutien technique et financier de l\u2019Union europ\u00e9enne, qualifi\u00e9 de\u00a0<em>\u00ab levier essentiel pour l\u2019\u00e9volution du secteur \u00bb<\/em>.<\/p>\n<p><strong>Identifier les obstacles, consolider les acquis<\/strong><\/p>\n<p>L\u2019atelier a permis aux acteurs cl\u00e9s du secteur d\u2019analyser les progr\u00e8s r\u00e9alis\u00e9s, mais aussi de pointer les obstacles freinant les institutions de formation professionnelle. Parmi les priorit\u00e9s \u00e9voqu\u00e9es figurent le maintien d\u2019un niveau d\u2019excellence dans les enseignements, l\u2019harmonisation des programmes avec les besoins des employeurs et la r\u00e9solution des contraintes logistiques ou p\u00e9dagogiques.\u00a0<em>\u00ab Il ne s\u2019agit pas seulement de discuter, mais d\u2019agir pour concr\u00e9tiser nos engagements \u00bb,<\/em>\u00a0a affirm\u00e9 M. Sid\u2019Ahmed Ayouh, directeur g\u00e9n\u00e9ral du CSET. Il a rappel\u00e9 que cette revue trimestrielle constitue une\u00a0<em>\u00ab \u00e9tape cl\u00e9 \u00bb<\/em>\u00a0dans l\u2019ex\u00e9cution du plan 2025, permettant de mesurer les r\u00e9alisations et de r\u00e9ajuster les strat\u00e9gies en temps r\u00e9el.<\/p>\n<p><strong>Une mobilisation collective pour l\u2019emploi<\/strong><\/p>\n<p>L\u2019\u00e9v\u00e9nement, marqu\u00e9 par la pr\u00e9sence du secr\u00e9taire g\u00e9n\u00e9ral du minist\u00e8re, M. Emadi Taleb, et de l\u2019ambassadeur de l\u2019Union europ\u00e9enne en Mauritanie, a r\u00e9uni des responsables sectoriels, des formateurs et des partenaires internationaux. Cette collaboration multi-acteurs illustre la volont\u00e9 commune de faire de la formation professionnelle un pilier de l\u2019employabilit\u00e9 et du d\u00e9veloppement \u00e9conomique.<\/p>\n<p>En conclusion, cet atelier souligne une dynamique proactive pour transformer les d\u00e9fis en opportunit\u00e9s. Alors que la Mauritanie aspire \u00e0 renforcer son capital humain, ces \u00e9valuations r\u00e9guli\u00e8res s\u2019imposent comme un outil indispensable pour b\u00e2tir un syst\u00e8me de formation agile, inclusif et tourn\u00e9 vers l\u2019avenir.<\/p>\n","protected":false},"excerpt":{"rendered":"<p>Le minist\u00e8re de la Formation professionnelle, de l\u2019Artisanat et des M\u00e9tiers a organis\u00e9, vendredi 13 octobre, au Centre sup\u00e9rieur de l\u2019enseignement technique (CSET) de Nouakchott, un atelier de revue trimestrielle consacr\u00e9 \u00e0 la mise en \u0153uvre du plan d\u2019action annuel 2025. Plac\u00e9 sous le th\u00e8me\u00a0\u00ab \u00c9valuer aujourd\u2019hui pour \u00eatre meilleur demain \u00bb, cet \u00e9v\u00e9nement de&#8230;..<\/p>\n","protected":false},"author":12,"featured_media":26824,"comment_status":"open","ping_status":"open","sticky":false,"template":"","format":"standard","meta":{"footnotes":""},"categories":[23,49],"tags":[],"class_list":["post-26823","post","type-post","status-publish","format-standard","has-post-thumbnail","hentry","category-actualite","category-economie"],"yoast_head":"<!-- This site is optimized with the Yoast SEO plugin v27.5 - https:\/\/yoast.com\/product\/yoast-seo-wordpress\/ -->\n<title>Minist\u00e8re de la Formation professionnelle, de l\u2019Artisanat et des M\u00e9tiers : Atelier de revue trimestrielle du plan d\u2019action 2025 pour une \u00ab \u00e9valuation strat\u00e9gique \u00bb - Le Quotidien de Nouakchott<\/title>\n<meta name=\"robots\" content=\"index, follow, max-snippet:-1, max-image-preview:large, max-video-preview:-1\" \/>\n<link rel=\"canonical\" href=\"https:\/\/lequotidien.mr\/?p=26823&lang=fr\" \/>\n<meta property=\"og:locale\" content=\"ar_AR\" \/>\n<meta property=\"og:type\" content=\"article\" \/>\n<meta property=\"og:title\" content=\"Minist\u00e8re de la Formation professionnelle, de l\u2019Artisanat et des M\u00e9tiers : Atelier de revue trimestrielle du plan d\u2019action 2025 pour une \u00ab \u00e9valuation strat\u00e9gique \u00bb - Le Quotidien de Nouakchott\" \/>\n<meta property=\"og:description\" content=\"Le minist\u00e8re de la Formation professionnelle, de l\u2019Artisanat et des M\u00e9tiers a organis\u00e9, vendredi 13 octobre, au Centre sup\u00e9rieur de l\u2019enseignement technique (CSET) de Nouakchott, un atelier de revue trimestrielle consacr\u00e9 \u00e0 la mise en \u0153uvre du plan d\u2019action annuel 2025. Plac\u00e9 sous le th\u00e8me\u00a0\u00ab \u00c9valuer aujourd\u2019hui pour \u00eatre meilleur demain \u00bb, cet \u00e9v\u00e9nement de.....\" \/>\n<meta property=\"og:url\" content=\"https:\/\/lequotidien.mr\/?p=26823&amp;lang=fr\" \/>\n<meta property=\"og:site_name\" content=\"Le Quotidien de Nouakchott\" \/>\n<meta property=\"article:publisher\" content=\"https:\/\/web.facebook.com\/lequotidienmr\" \/>\n<meta property=\"article:published_time\" content=\"2025-04-14T19:14:34+00:00\" \/>\n<meta property=\"og:image\" content=\"https:\/\/lequotidien.mr\/wp-content\/uploads\/2025\/04\/photo-revue-trsmtlle.jpg\" \/>\n\t<meta property=\"og:image:width\" content=\"750\" \/>\n\t<meta property=\"og:image:height\" content=\"430\" \/>\n\t<meta property=\"og:image:type\" content=\"image\/jpeg\" \/>\n<meta name=\"author\" content=\"Med Ahmed\" \/>\n<meta name=\"twitter:card\" content=\"summary_large_image\" \/>\n<meta name=\"twitter:creator\" content=\"@lequotidienmr\" \/>\n<meta name=\"twitter:site\" content=\"@lequotidienmr\" \/>\n<meta name=\"twitter:label1\" content=\"\u0643\u064f\u062a\u0628 \u0628\u0648\u0627\u0633\u0637\u0629\" \/>\n\t<meta name=\"twitter:data1\" content=\"Med Ahmed\" \/>\n\t<meta name=\"twitter:label2\" content=\"\u0648\u0642\u062a \u0627\u0644\u0642\u0631\u0627\u0621\u0629 \u0627\u0644\u0645\u064f\u0642\u062f\u0651\u0631\" \/>\n\t<meta name=\"twitter:data2\" content=\"\u062f\u0642\u064a\u0642\u062a\u0627\u0646\" \/>\n<script type=\"application\/ld+json\" class=\"yoast-schema-graph\">{\"@context\":\"https:\\\/\\\/schema.org\",\"@graph\":[{\"@type\":\"Article\",\"@id\":\"https:\\\/\\\/lequotidien.mr\\\/?p=26823&lang=fr#article\",\"isPartOf\":{\"@id\":\"https:\\\/\\\/lequotidien.mr\\\/?p=26823&lang=fr\"},\"author\":{\"name\":\"Med Ahmed\",\"@id\":\"https:\\\/\\\/lequotidien.mr\\\/#\\\/schema\\\/person\\\/d2d350202a4d599685ed8abc25f97596\"},\"headline\":\"Minist\u00e8re de la Formation professionnelle, de l\u2019Artisanat et des M\u00e9tiers : Atelier de revue trimestrielle du plan d\u2019action 2025 pour une \u00ab \u00e9valuation strat\u00e9gique \u00bb\",\"datePublished\":\"2025-04-14T19:14:34+00:00\",\"mainEntityOfPage\":{\"@id\":\"https:\\\/\\\/lequotidien.mr\\\/?p=26823&lang=fr\"},\"wordCount\":507,\"commentCount\":0,\"publisher\":{\"@id\":\"https:\\\/\\\/lequotidien.mr\\\/#organization\"},\"image\":{\"@id\":\"https:\\\/\\\/lequotidien.mr\\\/?p=26823&lang=fr#primaryimage\"},\"thumbnailUrl\":\"https:\\\/\\\/lequotidien.mr\\\/wp-content\\\/uploads\\\/2025\\\/04\\\/photo-revue-trsmtlle.jpg\",\"articleSection\":[\"ACTUALIT\u00c9\",\"Economie\"],\"inLanguage\":\"ar\",\"potentialAction\":[{\"@type\":\"CommentAction\",\"name\":\"Comment\",\"target\":[\"https:\\\/\\\/lequotidien.mr\\\/?p=26823&lang=fr#respond\"]}]},{\"@type\":\"WebPage\",\"@id\":\"https:\\\/\\\/lequotidien.mr\\\/?p=26823&lang=fr\",\"url\":\"https:\\\/\\\/lequotidien.mr\\\/?p=26823&lang=fr\",\"name\":\"Minist\u00e8re de la Formation professionnelle, de l\u2019Artisanat et des M\u00e9tiers : Atelier de revue trimestrielle du plan d\u2019action 2025 pour une \u00ab \u00e9valuation strat\u00e9gique \u00bb - Le Quotidien de Nouakchott\",\"isPartOf\":{\"@id\":\"https:\\\/\\\/lequotidien.mr\\\/#website\"},\"primaryImageOfPage\":{\"@id\":\"https:\\\/\\\/lequotidien.mr\\\/?p=26823&lang=fr#primaryimage\"},\"image\":{\"@id\":\"https:\\\/\\\/lequotidien.mr\\\/?p=26823&lang=fr#primaryimage\"},\"thumbnailUrl\":\"https:\\\/\\\/lequotidien.mr\\\/wp-content\\\/uploads\\\/2025\\\/04\\\/photo-revue-trsmtlle.jpg\",\"datePublished\":\"2025-04-14T19:14:34+00:00\",\"breadcrumb\":{\"@id\":\"https:\\\/\\\/lequotidien.mr\\\/?p=26823&lang=fr#breadcrumb\"},\"inLanguage\":\"ar\",\"potentialAction\":[{\"@type\":\"ReadAction\",\"target\":[\"https:\\\/\\\/lequotidien.mr\\\/?p=26823&lang=fr\"]}]},{\"@type\":\"ImageObject\",\"inLanguage\":\"ar\",\"@id\":\"https:\\\/\\\/lequotidien.mr\\\/?p=26823&lang=fr#primaryimage\",\"url\":\"https:\\\/\\\/lequotidien.mr\\\/wp-content\\\/uploads\\\/2025\\\/04\\\/photo-revue-trsmtlle.jpg\",\"contentUrl\":\"https:\\\/\\\/lequotidien.mr\\\/wp-content\\\/uploads\\\/2025\\\/04\\\/photo-revue-trsmtlle.jpg\",\"width\":750,\"height\":430},{\"@type\":\"BreadcrumbList\",\"@id\":\"https:\\\/\\\/lequotidien.mr\\\/?p=26823&lang=fr#breadcrumb\",\"itemListElement\":[{\"@type\":\"ListItem\",\"position\":1,\"name\":\"Home\",\"item\":\"https:\\\/\\\/lequotidien.mr\\\/\"},{\"@type\":\"ListItem\",\"position\":2,\"name\":\"Minist\u00e8re de la Formation professionnelle, de l\u2019Artisanat et des M\u00e9tiers : Atelier de revue trimestrielle du plan d\u2019action 2025 pour une \u00ab \u00e9valuation strat\u00e9gique \u00bb\"}]},{\"@type\":\"WebSite\",\"@id\":\"https:\\\/\\\/lequotidien.mr\\\/#website\",\"url\":\"https:\\\/\\\/lequotidien.mr\\\/\",\"name\":\"Le Quotidien de Nouakchott\",\"description\":\"\u0625\u062e\u0628\u0627\u0631\u064a\u0629 \u0645\u0633\u062a\u0642\u0644\u0629 \u0644\u0644\u0623\u0646\u0628\u0627\u0621 \u0627\u0644\u0639\u0627\u0645\u0629\",\"publisher\":{\"@id\":\"https:\\\/\\\/lequotidien.mr\\\/#organization\"},\"potentialAction\":[{\"@type\":\"SearchAction\",\"target\":{\"@type\":\"EntryPoint\",\"urlTemplate\":\"https:\\\/\\\/lequotidien.mr\\\/?s={search_term_string}\"},\"query-input\":{\"@type\":\"PropertyValueSpecification\",\"valueRequired\":true,\"valueName\":\"search_term_string\"}}],\"inLanguage\":\"ar\"},{\"@type\":\"Organization\",\"@id\":\"https:\\\/\\\/lequotidien.mr\\\/#organization\",\"name\":\"Le Quotidien de Nouakchott\",\"url\":\"https:\\\/\\\/lequotidien.mr\\\/\",\"logo\":{\"@type\":\"ImageObject\",\"inLanguage\":\"ar\",\"@id\":\"https:\\\/\\\/lequotidien.mr\\\/#\\\/schema\\\/logo\\\/image\\\/\",\"url\":\"https:\\\/\\\/lequotidien.mr\\\/wp-content\\\/uploads\\\/2022\\\/11\\\/logolequotidien.jpg\",\"contentUrl\":\"https:\\\/\\\/lequotidien.mr\\\/wp-content\\\/uploads\\\/2022\\\/11\\\/logolequotidien.jpg\",\"width\":290,\"height\":65,\"caption\":\"Le Quotidien de Nouakchott\"},\"image\":{\"@id\":\"https:\\\/\\\/lequotidien.mr\\\/#\\\/schema\\\/logo\\\/image\\\/\"},\"sameAs\":[\"https:\\\/\\\/web.facebook.com\\\/lequotidienmr\",\"https:\\\/\\\/x.com\\\/lequotidienmr\"]},{\"@type\":\"Person\",\"@id\":\"https:\\\/\\\/lequotidien.mr\\\/#\\\/schema\\\/person\\\/d2d350202a4d599685ed8abc25f97596\",\"name\":\"Med Ahmed\",\"image\":{\"@type\":\"ImageObject\",\"inLanguage\":\"ar\",\"@id\":\"https:\\\/\\\/secure.gravatar.com\\\/avatar\\\/fd2acc62ed50732923d1d39c17172c9b04149f142be92310ecc69e1358f94b52?s=96&d=mm&r=g\",\"url\":\"https:\\\/\\\/secure.gravatar.com\\\/avatar\\\/fd2acc62ed50732923d1d39c17172c9b04149f142be92310ecc69e1358f94b52?s=96&d=mm&r=g\",\"contentUrl\":\"https:\\\/\\\/secure.gravatar.com\\\/avatar\\\/fd2acc62ed50732923d1d39c17172c9b04149f142be92310ecc69e1358f94b52?s=96&d=mm&r=g\",\"caption\":\"Med Ahmed\"},\"url\":\"https:\\\/\\\/lequotidien.mr\\\/?author=12\"}]}<\/script>\n<!-- \/ Yoast SEO plugin. -->","yoast_head_json":{"title":"Minist\u00e8re de la Formation professionnelle, de l\u2019Artisanat et des M\u00e9tiers : Atelier de revue trimestrielle du plan d\u2019action 2025 pour une \u00ab \u00e9valuation strat\u00e9gique \u00bb - Le Quotidien de Nouakchott","robots":{"index":"index","follow":"follow","max-snippet":"max-snippet:-1","max-image-preview":"max-image-preview:large","max-video-preview":"max-video-preview:-1"},"canonical":"https:\/\/lequotidien.mr\/?p=26823&lang=fr","og_locale":"ar_AR","og_type":"article","og_title":"Minist\u00e8re de la Formation professionnelle, de l\u2019Artisanat et des M\u00e9tiers : Atelier de revue trimestrielle du plan d\u2019action 2025 pour une \u00ab \u00e9valuation strat\u00e9gique \u00bb - Le Quotidien de Nouakchott","og_description":"Le minist\u00e8re de la Formation professionnelle, de l\u2019Artisanat et des M\u00e9tiers a organis\u00e9, vendredi 13 octobre, au Centre sup\u00e9rieur de l\u2019enseignement technique (CSET) de Nouakchott, un atelier de revue trimestrielle consacr\u00e9 \u00e0 la mise en \u0153uvre du plan d\u2019action annuel 2025. Plac\u00e9 sous le th\u00e8me\u00a0\u00ab \u00c9valuer aujourd\u2019hui pour \u00eatre meilleur demain \u00bb, cet \u00e9v\u00e9nement de.....","og_url":"https:\/\/lequotidien.mr\/?p=26823&lang=fr","og_site_name":"Le Quotidien de Nouakchott","article_publisher":"https:\/\/web.facebook.com\/lequotidienmr","article_published_time":"2025-04-14T19:14:34+00:00","og_image":[{"width":750,"height":430,"url":"https:\/\/lequotidien.mr\/wp-content\/uploads\/2025\/04\/photo-revue-trsmtlle.jpg","type":"image\/jpeg"}],"author":"Med Ahmed","twitter_card":"summary_large_image","twitter_creator":"@lequotidienmr","twitter_site":"@lequotidienmr","twitter_misc":{"\u0643\u064f\u062a\u0628 \u0628\u0648\u0627\u0633\u0637\u0629":"Med Ahmed","\u0648\u0642\u062a \u0627\u0644\u0642\u0631\u0627\u0621\u0629 \u0627\u0644\u0645\u064f\u0642\u062f\u0651\u0631":"\u062f\u0642\u064a\u0642\u062a\u0627\u0646"},"schema":{"@context":"https:\/\/schema.org","@graph":[{"@type":"Article","@id":"https:\/\/lequotidien.mr\/?p=26823&lang=fr#article","isPartOf":{"@id":"https:\/\/lequotidien.mr\/?p=26823&lang=fr"},"author":{"name":"Med Ahmed","@id":"https:\/\/lequotidien.mr\/#\/schema\/person\/d2d350202a4d599685ed8abc25f97596"},"headline":"Minist\u00e8re de la Formation professionnelle, de l\u2019Artisanat et des M\u00e9tiers : Atelier de revue trimestrielle du plan d\u2019action 2025 pour une \u00ab \u00e9valuation strat\u00e9gique \u00bb","datePublished":"2025-04-14T19:14:34+00:00","mainEntityOfPage":{"@id":"https:\/\/lequotidien.mr\/?p=26823&lang=fr"},"wordCount":507,"commentCount":0,"publisher":{"@id":"https:\/\/lequotidien.mr\/#organization"},"image":{"@id":"https:\/\/lequotidien.mr\/?p=26823&lang=fr#primaryimage"},"thumbnailUrl":"https:\/\/lequotidien.mr\/wp-content\/uploads\/2025\/04\/photo-revue-trsmtlle.jpg","articleSection":["ACTUALIT\u00c9","Economie"],"inLanguage":"ar","potentialAction":[{"@type":"CommentAction","name":"Comment","target":["https:\/\/lequotidien.mr\/?p=26823&lang=fr#respond"]}]},{"@type":"WebPage","@id":"https:\/\/lequotidien.mr\/?p=26823&lang=fr","url":"https:\/\/lequotidien.mr\/?p=26823&lang=fr","name":"Minist\u00e8re de la Formation professionnelle, de l\u2019Artisanat et des M\u00e9tiers : Atelier de revue trimestrielle du plan d\u2019action 2025 pour une \u00ab \u00e9valuation strat\u00e9gique \u00bb - Le Quotidien de Nouakchott","isPartOf":{"@id":"https:\/\/lequotidien.mr\/#website"},"primaryImageOfPage":{"@id":"https:\/\/lequotidien.mr\/?p=26823&lang=fr#primaryimage"},"image":{"@id":"https:\/\/lequotidien.mr\/?p=26823&lang=fr#primaryimage"},"thumbnailUrl":"https:\/\/lequotidien.mr\/wp-content\/uploads\/2025\/04\/photo-revue-trsmtlle.jpg","datePublished":"2025-04-14T19:14:34+00:00","breadcrumb":{"@id":"https:\/\/lequotidien.mr\/?p=26823&lang=fr#breadcrumb"},"inLanguage":"ar","potentialAction":[{"@type":"ReadAction","target":["https:\/\/lequotidien.mr\/?p=26823&lang=fr"]}]},{"@type":"ImageObject","inLanguage":"ar","@id":"https:\/\/lequotidien.mr\/?p=26823&lang=fr#primaryimage","url":"https:\/\/lequotidien.mr\/wp-content\/uploads\/2025\/04\/photo-revue-trsmtlle.jpg","contentUrl":"https:\/\/lequotidien.mr\/wp-content\/uploads\/2025\/04\/photo-revue-trsmtlle.jpg","width":750,"height":430},{"@type":"BreadcrumbList","@id":"https:\/\/lequotidien.mr\/?p=26823&lang=fr#breadcrumb","itemListElement":[{"@type":"ListItem","position":1,"name":"Home","item":"https:\/\/lequotidien.mr\/"},{"@type":"ListItem","position":2,"name":"Minist\u00e8re de la Formation professionnelle, de l\u2019Artisanat et des M\u00e9tiers : Atelier de revue trimestrielle du plan d\u2019action 2025 pour une \u00ab \u00e9valuation strat\u00e9gique \u00bb"}]},{"@type":"WebSite","@id":"https:\/\/lequotidien.mr\/#website","url":"https:\/\/lequotidien.mr\/","name":"Le Quotidien de Nouakchott","description":"\u0625\u062e\u0628\u0627\u0631\u064a\u0629 \u0645\u0633\u062a\u0642\u0644\u0629 \u0644\u0644\u0623\u0646\u0628\u0627\u0621 \u0627\u0644\u0639\u0627\u0645\u0629","publisher":{"@id":"https:\/\/lequotidien.mr\/#organization"},"potentialAction":[{"@type":"SearchAction","target":{"@type":"EntryPoint","urlTemplate":"https:\/\/lequotidien.mr\/?s={search_term_string}"},"query-input":{"@type":"PropertyValueSpecification","valueRequired":true,"valueName":"search_term_string"}}],"inLanguage":"ar"},{"@type":"Organization","@id":"https:\/\/lequotidien.mr\/#organization","name":"Le Quotidien de Nouakchott","url":"https:\/\/lequotidien.mr\/","logo":{"@type":"ImageObject","inLanguage":"ar","@id":"https:\/\/lequotidien.mr\/#\/schema\/logo\/image\/","url":"https:\/\/lequotidien.mr\/wp-content\/uploads\/2022\/11\/logolequotidien.jpg","contentUrl":"https:\/\/lequotidien.mr\/wp-content\/uploads\/2022\/11\/logolequotidien.jpg","width":290,"height":65,"caption":"Le Quotidien de Nouakchott"},"image":{"@id":"https:\/\/lequotidien.mr\/#\/schema\/logo\/image\/"},"sameAs":["https:\/\/web.facebook.com\/lequotidienmr","https:\/\/x.com\/lequotidienmr"]},{"@type":"Person","@id":"https:\/\/lequotidien.mr\/#\/schema\/person\/d2d350202a4d599685ed8abc25f97596","name":"Med Ahmed","image":{"@type":"ImageObject","inLanguage":"ar","@id":"https:\/\/secure.gravatar.com\/avatar\/fd2acc62ed50732923d1d39c17172c9b04149f142be92310ecc69e1358f94b52?s=96&d=mm&r=g","url":"https:\/\/secure.gravatar.com\/avatar\/fd2acc62ed50732923d1d39c17172c9b04149f142be92310ecc69e1358f94b52?s=96&d=mm&r=g","contentUrl":"https:\/\/secure.gravatar.com\/avatar\/fd2acc62ed50732923d1d39c17172c9b04149f142be92310ecc69e1358f94b52?s=96&d=mm&r=g","caption":"Med Ahmed"},"url":"https:\/\/lequotidien.mr\/?author=12"}]}},"_links":{"self":[{"href":"https:\/\/lequotidien.mr\/index.php?rest_route=\/wp\/v2\/posts\/26823","targetHints":{"allow":["GET"]}}],"collection":[{"href":"https:\/\/lequotidien.mr\/index.php?rest_route=\/wp\/v2\/posts"}],"about":[{"href":"https:\/\/lequotidien.mr\/index.php?rest_route=\/wp\/v2\/types\/post"}],"author":[{"embeddable":true,"href":"https:\/\/lequotidien.mr\/index.php?rest_route=\/wp\/v2\/users\/12"}],"replies":[{"embeddable":true,"href":"https:\/\/lequotidien.mr\/index.php?rest_route=%2Fwp%2Fv2%2Fcomments&post=26823"}],"version-history":[{"count":1,"href":"https:\/\/lequotidien.mr\/index.php?rest_route=\/wp\/v2\/posts\/26823\/revisions"}],"predecessor-version":[{"id":26825,"href":"https:\/\/lequotidien.mr\/index.php?rest_route=\/wp\/v2\/posts\/26823\/revisions\/26825"}],"wp:featuredmedia":[{"embeddable":true,"href":"https:\/\/lequotidien.mr\/index.php?rest_route=\/wp\/v2\/media\/26824"}],"wp:attachment":[{"href":"https:\/\/lequotidien.mr\/index.php?rest_route=%2Fwp%2Fv2%2Fmedia&parent=26823"}],"wp:term":[{"taxonomy":"category","embeddable":true,"href":"https:\/\/lequotidien.mr\/index.php?rest_route=%2Fwp%2Fv2%2Fcategories&post=26823"},{"taxonomy":"post_tag","embeddable":true,"href":"https:\/\/lequotidien.mr\/index.php?rest_route=%2Fwp%2Fv2%2Ftags&post=26823"}],"curies":[{"name":"wp","href":"https:\/\/api.w.org\/{rel}","templated":true}]}}