{"id":26732,"date":"2025-04-09T23:52:33","date_gmt":"2025-04-09T23:52:33","guid":{"rendered":"https:\/\/lequotidien.mr\/?p=26732"},"modified":"2025-04-09T23:52:33","modified_gmt":"2025-04-09T23:52:33","slug":"mauritanie-italie-un-projet-de-3-millions-deuros-pour-renforcer-la-resilience-alimentaire-dans-le-centre-et-lest-du-pays","status":"publish","type":"post","link":"https:\/\/lequotidien.mr\/?p=26732&lang=fr","title":{"rendered":"Mauritanie-Italie : Un projet de 3 millions d\u2019euros pour renforcer la r\u00e9silience alimentaire dans le centre et l\u2019est du pays"},"content":{"rendered":"<p>La commissaire \u00e0 la S\u00e9curit\u00e9 Alimentaire, Mme Fatimetou Khattri, et l\u2019ambassadrice d\u2019Italie en Mauritanie, Mme Laura Botta, ont proc\u00e9d\u00e9, mardi \u00e0 Nouakchott, \u00e0 la signature d\u2019une convention financ\u00e9e par la Coop\u00e9ration italienne pour soutenir la r\u00e9silience alimentaire dans les r\u00e9gions du Hodh, de l\u2019Assaba et du Tagant. Dot\u00e9 d\u2019un budget de 3 millions d\u2019euros (1,3 milliard d\u2019anciennes ouguiyas), ce projet triennal vise \u00e0 am\u00e9liorer les conditions de vie des populations vuln\u00e9rables, tout en renfor\u00e7ant la scolarisation et la s\u00e9curit\u00e9 alimentaire.<\/p>\n<p><strong>\u00c9ducation et s\u00e9curit\u00e9 alimentaire : Un double objectif<\/strong><\/p>\n<p>Lors de son allocution, Mme Khattri a soulign\u00e9 que ce projet s\u2019inscrit dans le cadre du programme pr\u00e9sidentiel \u00ab Mon ambition pour la Nation \u00bb, port\u00e9 par le chef de l\u2019\u00c9tat Mohamed Cheikh El Ghazouani et mis en \u0153uvre par le gouvernement du Premier ministre Moctar Djay. \u00ab L\u2019objectif est de briser le cercle de la vuln\u00e9rabilit\u00e9 en agissant sur deux leviers : appuyer les familles via des projets g\u00e9n\u00e9rateurs de revenus et inciter \u00e0 la scolarisation des enfants \u00bb, a-t-elle expliqu\u00e9. Concr\u00e8tement, des financements seront accord\u00e9s aux parents d\u2019\u00e9l\u00e8ves des zones cibl\u00e9es pour les encourager \u00e0 maintenir leurs enfants \u00e0 l\u2019\u00e9cole, tout en am\u00e9liorant leur autonomie \u00e9conomique.<\/p>\n<p>Cette approche, selon la commissaire, devrait \u00ab augmenter le taux de scolarisation et poser les bases d\u2019une renaissance \u00e9ducative \u00bb, essentielle pour un d\u00e9veloppement durable. Elle a \u00e9galement salu\u00e9 le partenariat historique avec l\u2019Italie, dont les pr\u00e9c\u00e9dents financements ont d\u00e9j\u00e0 permis de \u00ab renforcer la r\u00e9silience des communaut\u00e9s et soutenir des milliers de familles \u00bb.<\/p>\n<p><strong>Une coop\u00e9ration strat\u00e9gique \u00e9largie<\/strong><\/p>\n<p>De son c\u00f4t\u00e9, l\u2019ambassadrice Laura Botta a rappel\u00e9 le dynamisme des relations bilat\u00e9rales, renforc\u00e9es par la pr\u00e9sidence mauritanienne de l\u2019Union Africaine et celle de l\u2019Italie au G7 en 2024. \u00ab La participation du pr\u00e9sident Ghazouani au Sommet Italie-Afrique et au G7 a acc\u00e9l\u00e9r\u00e9 l\u2019int\u00e9gration de la Mauritanie dans le Plan Mattei pour l\u2019Afrique, dot\u00e9 de 5,5 milliards d\u2019euros \u00bb, a-t-elle d\u00e9clar\u00e9. Ce plan, lanc\u00e9 en janvier 2025, positionne la Mauritanie parmi les 14 pays africains b\u00e9n\u00e9ficiaires, avec des perspectives de coop\u00e9ration \u00e9tendues \u00e0 la sant\u00e9, la p\u00eache, la gestion des eaux du fleuve S\u00e9n\u00e9gal et les \u00e9nergies vertes.<\/p>\n<p>\u00ab Ce projet n\u2019est qu\u2019une premi\u00e8re \u00e9tape. Nous travaillons sur d\u2019autres initiatives, notamment dans l\u2019agriculture durable, pour am\u00e9liorer la nutrition et former aux techniques agro\u00e9cologiques \u00bb, a ajout\u00e9 la diplomate, soulignant le potentiel de la Mauritanie \u00e0 devenir \u00ab un leader mondial des \u00e9nergies renouvelables \u00bb.<\/p>\n<p><strong>Vers une transformation structurelle<\/strong><\/p>\n<p>*Mme Khattri a \u00e9galement mis en avant l\u2019impact \u00e0 moyen terme du projet : \u00ab En liant \u00e9ducation et autonomie \u00e9conomique, nous cr\u00e9ons un mod\u00e8le p\u00e9renne. Les enfants \u00e9duqu\u00e9s aujourd\u2019hui seront les acteurs du d\u00e9veloppement de demain. \u00bb Elle a remerci\u00e9 l\u2019Italie pour son soutien, notamment via l\u2019inclusion dans le Plan Mattei, qualifi\u00e9 de \u00ab levier strat\u00e9gique pour des relations plus prometteuses \u00bb.<\/p>\n<p>La c\u00e9r\u00e9monie, tenue en pr\u00e9sence du commissaire adjoint Limam Abdawa, de responsables du CSA et de l\u2019ambassade d\u2019Italie, symbolise l\u2019engagement commun contre les in\u00e9galit\u00e9s. Alors que les r\u00e9gions du centre et de l\u2019est font face \u00e0 des d\u00e9fis climatiques et \u00e9conomiques majeurs, ce partenariat illustre une volont\u00e9 partag\u00e9e : transformer l\u2019aide en opportunit\u00e9s durables, o\u00f9 s\u00e9curit\u00e9 alimentaire et \u00e9ducation deviennent les piliers d\u2019une Mauritanie r\u00e9siliente.<\/p>\n<p>Avec ce nouveau chapitre de coop\u00e9ration, Rome et Nouakchott \u00e9crivent une diplomatie du concret, align\u00e9e sur les Objectifs de D\u00e9veloppement Durable \u2013 une preuve que les alliances internationales peuvent, quand elles ciblent les racines de la pauvret\u00e9, cultiver l\u2019espoir d\u2019un avenir meilleur.<\/p>\n","protected":false},"excerpt":{"rendered":"<p>La commissaire \u00e0 la S\u00e9curit\u00e9 Alimentaire, Mme Fatimetou Khattri, et l\u2019ambassadrice d\u2019Italie en Mauritanie, Mme Laura Botta, ont proc\u00e9d\u00e9, mardi \u00e0 Nouakchott, \u00e0 la signature d\u2019une convention financ\u00e9e par la Coop\u00e9ration italienne pour soutenir la r\u00e9silience alimentaire dans les r\u00e9gions du Hodh, de l\u2019Assaba et du Tagant. Dot\u00e9 d\u2019un budget de 3 millions d\u2019euros (1,3&#8230;..<\/p>\n","protected":false},"author":12,"featured_media":26733,"comment_status":"open","ping_status":"open","sticky":false,"template":"","format":"standard","meta":{"footnotes":""},"categories":[23,49,55],"tags":[],"class_list":["post-26732","post","type-post","status-publish","format-standard","has-post-thumbnail","hentry","category-actualite","category-economie","category-culture"],"yoast_head":"<!-- This site is optimized with the Yoast SEO plugin v27.5 - https:\/\/yoast.com\/product\/yoast-seo-wordpress\/ -->\n<title>Mauritanie-Italie : Un projet de 3 millions d\u2019euros pour renforcer la r\u00e9silience alimentaire dans le centre et l\u2019est du pays - Le Quotidien de Nouakchott<\/title>\n<meta name=\"robots\" content=\"index, follow, max-snippet:-1, max-image-preview:large, max-video-preview:-1\" \/>\n<link rel=\"canonical\" href=\"https:\/\/lequotidien.mr\/?p=26732&lang=fr\" \/>\n<meta property=\"og:locale\" content=\"ar_AR\" \/>\n<meta property=\"og:type\" content=\"article\" \/>\n<meta property=\"og:title\" content=\"Mauritanie-Italie : Un projet de 3 millions d\u2019euros pour renforcer la r\u00e9silience alimentaire dans le centre et l\u2019est du pays - Le Quotidien de Nouakchott\" \/>\n<meta property=\"og:description\" content=\"La commissaire \u00e0 la S\u00e9curit\u00e9 Alimentaire, Mme Fatimetou Khattri, et l\u2019ambassadrice d\u2019Italie en Mauritanie, Mme Laura Botta, ont proc\u00e9d\u00e9, mardi \u00e0 Nouakchott, \u00e0 la signature d\u2019une convention financ\u00e9e par la Coop\u00e9ration italienne pour soutenir la r\u00e9silience alimentaire dans les r\u00e9gions du Hodh, de l\u2019Assaba et du Tagant. Dot\u00e9 d\u2019un budget de 3 millions d\u2019euros (1,3.....\" \/>\n<meta property=\"og:url\" content=\"https:\/\/lequotidien.mr\/?p=26732&amp;lang=fr\" \/>\n<meta property=\"og:site_name\" content=\"Le Quotidien de Nouakchott\" \/>\n<meta property=\"article:publisher\" content=\"https:\/\/web.facebook.com\/lequotidienmr\" \/>\n<meta property=\"article:published_time\" content=\"2025-04-09T23:52:33+00:00\" \/>\n<meta property=\"og:image\" content=\"https:\/\/lequotidien.mr\/wp-content\/uploads\/2025\/04\/photo-CSA.jpg\" \/>\n\t<meta property=\"og:image:width\" content=\"750\" \/>\n\t<meta property=\"og:image:height\" content=\"430\" \/>\n\t<meta property=\"og:image:type\" content=\"image\/jpeg\" \/>\n<meta name=\"author\" content=\"Med Ahmed\" \/>\n<meta name=\"twitter:card\" content=\"summary_large_image\" \/>\n<meta name=\"twitter:creator\" content=\"@lequotidienmr\" \/>\n<meta name=\"twitter:site\" content=\"@lequotidienmr\" \/>\n<meta name=\"twitter:label1\" content=\"\u0643\u064f\u062a\u0628 \u0628\u0648\u0627\u0633\u0637\u0629\" \/>\n\t<meta name=\"twitter:data1\" content=\"Med Ahmed\" \/>\n\t<meta name=\"twitter:label2\" content=\"\u0648\u0642\u062a \u0627\u0644\u0642\u0631\u0627\u0621\u0629 \u0627\u0644\u0645\u064f\u0642\u062f\u0651\u0631\" \/>\n\t<meta name=\"twitter:data2\" content=\"3 \u062f\u0642\u0627\u0626\u0642\" \/>\n<script type=\"application\/ld+json\" class=\"yoast-schema-graph\">{\"@context\":\"https:\\\/\\\/schema.org\",\"@graph\":[{\"@type\":\"Article\",\"@id\":\"https:\\\/\\\/lequotidien.mr\\\/?p=26732&lang=fr#article\",\"isPartOf\":{\"@id\":\"https:\\\/\\\/lequotidien.mr\\\/?p=26732&lang=fr\"},\"author\":{\"name\":\"Med Ahmed\",\"@id\":\"https:\\\/\\\/lequotidien.mr\\\/#\\\/schema\\\/person\\\/d2d350202a4d599685ed8abc25f97596\"},\"headline\":\"Mauritanie-Italie : Un projet de 3 millions d\u2019euros pour renforcer la r\u00e9silience alimentaire dans le centre et l\u2019est du pays\",\"datePublished\":\"2025-04-09T23:52:33+00:00\",\"mainEntityOfPage\":{\"@id\":\"https:\\\/\\\/lequotidien.mr\\\/?p=26732&lang=fr\"},\"wordCount\":656,\"commentCount\":0,\"publisher\":{\"@id\":\"https:\\\/\\\/lequotidien.mr\\\/#organization\"},\"image\":{\"@id\":\"https:\\\/\\\/lequotidien.mr\\\/?p=26732&lang=fr#primaryimage\"},\"thumbnailUrl\":\"https:\\\/\\\/lequotidien.mr\\\/wp-content\\\/uploads\\\/2025\\\/04\\\/photo-CSA.jpg\",\"articleSection\":[\"ACTUALIT\u00c9\",\"Economie\",\"Culture\"],\"inLanguage\":\"ar\",\"potentialAction\":[{\"@type\":\"CommentAction\",\"name\":\"Comment\",\"target\":[\"https:\\\/\\\/lequotidien.mr\\\/?p=26732&lang=fr#respond\"]}]},{\"@type\":\"WebPage\",\"@id\":\"https:\\\/\\\/lequotidien.mr\\\/?p=26732&lang=fr\",\"url\":\"https:\\\/\\\/lequotidien.mr\\\/?p=26732&lang=fr\",\"name\":\"Mauritanie-Italie : Un projet de 3 millions d\u2019euros pour renforcer la r\u00e9silience alimentaire dans le centre et l\u2019est du pays - Le Quotidien de Nouakchott\",\"isPartOf\":{\"@id\":\"https:\\\/\\\/lequotidien.mr\\\/#website\"},\"primaryImageOfPage\":{\"@id\":\"https:\\\/\\\/lequotidien.mr\\\/?p=26732&lang=fr#primaryimage\"},\"image\":{\"@id\":\"https:\\\/\\\/lequotidien.mr\\\/?p=26732&lang=fr#primaryimage\"},\"thumbnailUrl\":\"https:\\\/\\\/lequotidien.mr\\\/wp-content\\\/uploads\\\/2025\\\/04\\\/photo-CSA.jpg\",\"datePublished\":\"2025-04-09T23:52:33+00:00\",\"breadcrumb\":{\"@id\":\"https:\\\/\\\/lequotidien.mr\\\/?p=26732&lang=fr#breadcrumb\"},\"inLanguage\":\"ar\",\"potentialAction\":[{\"@type\":\"ReadAction\",\"target\":[\"https:\\\/\\\/lequotidien.mr\\\/?p=26732&lang=fr\"]}]},{\"@type\":\"ImageObject\",\"inLanguage\":\"ar\",\"@id\":\"https:\\\/\\\/lequotidien.mr\\\/?p=26732&lang=fr#primaryimage\",\"url\":\"https:\\\/\\\/lequotidien.mr\\\/wp-content\\\/uploads\\\/2025\\\/04\\\/photo-CSA.jpg\",\"contentUrl\":\"https:\\\/\\\/lequotidien.mr\\\/wp-content\\\/uploads\\\/2025\\\/04\\\/photo-CSA.jpg\",\"width\":750,\"height\":430},{\"@type\":\"BreadcrumbList\",\"@id\":\"https:\\\/\\\/lequotidien.mr\\\/?p=26732&lang=fr#breadcrumb\",\"itemListElement\":[{\"@type\":\"ListItem\",\"position\":1,\"name\":\"Home\",\"item\":\"https:\\\/\\\/lequotidien.mr\\\/\"},{\"@type\":\"ListItem\",\"position\":2,\"name\":\"Mauritanie-Italie : Un projet de 3 millions d\u2019euros pour renforcer la r\u00e9silience alimentaire dans le centre et l\u2019est du pays\"}]},{\"@type\":\"WebSite\",\"@id\":\"https:\\\/\\\/lequotidien.mr\\\/#website\",\"url\":\"https:\\\/\\\/lequotidien.mr\\\/\",\"name\":\"Le Quotidien de Nouakchott\",\"description\":\"\u0625\u062e\u0628\u0627\u0631\u064a\u0629 \u0645\u0633\u062a\u0642\u0644\u0629 \u0644\u0644\u0623\u0646\u0628\u0627\u0621 \u0627\u0644\u0639\u0627\u0645\u0629\",\"publisher\":{\"@id\":\"https:\\\/\\\/lequotidien.mr\\\/#organization\"},\"potentialAction\":[{\"@type\":\"SearchAction\",\"target\":{\"@type\":\"EntryPoint\",\"urlTemplate\":\"https:\\\/\\\/lequotidien.mr\\\/?s={search_term_string}\"},\"query-input\":{\"@type\":\"PropertyValueSpecification\",\"valueRequired\":true,\"valueName\":\"search_term_string\"}}],\"inLanguage\":\"ar\"},{\"@type\":\"Organization\",\"@id\":\"https:\\\/\\\/lequotidien.mr\\\/#organization\",\"name\":\"Le Quotidien de Nouakchott\",\"url\":\"https:\\\/\\\/lequotidien.mr\\\/\",\"logo\":{\"@type\":\"ImageObject\",\"inLanguage\":\"ar\",\"@id\":\"https:\\\/\\\/lequotidien.mr\\\/#\\\/schema\\\/logo\\\/image\\\/\",\"url\":\"https:\\\/\\\/lequotidien.mr\\\/wp-content\\\/uploads\\\/2022\\\/11\\\/logolequotidien.jpg\",\"contentUrl\":\"https:\\\/\\\/lequotidien.mr\\\/wp-content\\\/uploads\\\/2022\\\/11\\\/logolequotidien.jpg\",\"width\":290,\"height\":65,\"caption\":\"Le Quotidien de Nouakchott\"},\"image\":{\"@id\":\"https:\\\/\\\/lequotidien.mr\\\/#\\\/schema\\\/logo\\\/image\\\/\"},\"sameAs\":[\"https:\\\/\\\/web.facebook.com\\\/lequotidienmr\",\"https:\\\/\\\/x.com\\\/lequotidienmr\"]},{\"@type\":\"Person\",\"@id\":\"https:\\\/\\\/lequotidien.mr\\\/#\\\/schema\\\/person\\\/d2d350202a4d599685ed8abc25f97596\",\"name\":\"Med Ahmed\",\"image\":{\"@type\":\"ImageObject\",\"inLanguage\":\"ar\",\"@id\":\"https:\\\/\\\/secure.gravatar.com\\\/avatar\\\/fd2acc62ed50732923d1d39c17172c9b04149f142be92310ecc69e1358f94b52?s=96&d=mm&r=g\",\"url\":\"https:\\\/\\\/secure.gravatar.com\\\/avatar\\\/fd2acc62ed50732923d1d39c17172c9b04149f142be92310ecc69e1358f94b52?s=96&d=mm&r=g\",\"contentUrl\":\"https:\\\/\\\/secure.gravatar.com\\\/avatar\\\/fd2acc62ed50732923d1d39c17172c9b04149f142be92310ecc69e1358f94b52?s=96&d=mm&r=g\",\"caption\":\"Med Ahmed\"},\"url\":\"https:\\\/\\\/lequotidien.mr\\\/?author=12\"}]}<\/script>\n<!-- \/ Yoast SEO plugin. -->","yoast_head_json":{"title":"Mauritanie-Italie : Un projet de 3 millions d\u2019euros pour renforcer la r\u00e9silience alimentaire dans le centre et l\u2019est du pays - Le Quotidien de Nouakchott","robots":{"index":"index","follow":"follow","max-snippet":"max-snippet:-1","max-image-preview":"max-image-preview:large","max-video-preview":"max-video-preview:-1"},"canonical":"https:\/\/lequotidien.mr\/?p=26732&lang=fr","og_locale":"ar_AR","og_type":"article","og_title":"Mauritanie-Italie : Un projet de 3 millions d\u2019euros pour renforcer la r\u00e9silience alimentaire dans le centre et l\u2019est du pays - Le Quotidien de Nouakchott","og_description":"La commissaire \u00e0 la S\u00e9curit\u00e9 Alimentaire, Mme Fatimetou Khattri, et l\u2019ambassadrice d\u2019Italie en Mauritanie, Mme Laura Botta, ont proc\u00e9d\u00e9, mardi \u00e0 Nouakchott, \u00e0 la signature d\u2019une convention financ\u00e9e par la Coop\u00e9ration italienne pour soutenir la r\u00e9silience alimentaire dans les r\u00e9gions du Hodh, de l\u2019Assaba et du Tagant. Dot\u00e9 d\u2019un budget de 3 millions d\u2019euros (1,3.....","og_url":"https:\/\/lequotidien.mr\/?p=26732&lang=fr","og_site_name":"Le Quotidien de Nouakchott","article_publisher":"https:\/\/web.facebook.com\/lequotidienmr","article_published_time":"2025-04-09T23:52:33+00:00","og_image":[{"width":750,"height":430,"url":"https:\/\/lequotidien.mr\/wp-content\/uploads\/2025\/04\/photo-CSA.jpg","type":"image\/jpeg"}],"author":"Med Ahmed","twitter_card":"summary_large_image","twitter_creator":"@lequotidienmr","twitter_site":"@lequotidienmr","twitter_misc":{"\u0643\u064f\u062a\u0628 \u0628\u0648\u0627\u0633\u0637\u0629":"Med Ahmed","\u0648\u0642\u062a \u0627\u0644\u0642\u0631\u0627\u0621\u0629 \u0627\u0644\u0645\u064f\u0642\u062f\u0651\u0631":"3 \u062f\u0642\u0627\u0626\u0642"},"schema":{"@context":"https:\/\/schema.org","@graph":[{"@type":"Article","@id":"https:\/\/lequotidien.mr\/?p=26732&lang=fr#article","isPartOf":{"@id":"https:\/\/lequotidien.mr\/?p=26732&lang=fr"},"author":{"name":"Med Ahmed","@id":"https:\/\/lequotidien.mr\/#\/schema\/person\/d2d350202a4d599685ed8abc25f97596"},"headline":"Mauritanie-Italie : Un projet de 3 millions d\u2019euros pour renforcer la r\u00e9silience alimentaire dans le centre et l\u2019est du pays","datePublished":"2025-04-09T23:52:33+00:00","mainEntityOfPage":{"@id":"https:\/\/lequotidien.mr\/?p=26732&lang=fr"},"wordCount":656,"commentCount":0,"publisher":{"@id":"https:\/\/lequotidien.mr\/#organization"},"image":{"@id":"https:\/\/lequotidien.mr\/?p=26732&lang=fr#primaryimage"},"thumbnailUrl":"https:\/\/lequotidien.mr\/wp-content\/uploads\/2025\/04\/photo-CSA.jpg","articleSection":["ACTUALIT\u00c9","Economie","Culture"],"inLanguage":"ar","potentialAction":[{"@type":"CommentAction","name":"Comment","target":["https:\/\/lequotidien.mr\/?p=26732&lang=fr#respond"]}]},{"@type":"WebPage","@id":"https:\/\/lequotidien.mr\/?p=26732&lang=fr","url":"https:\/\/lequotidien.mr\/?p=26732&lang=fr","name":"Mauritanie-Italie : Un projet de 3 millions d\u2019euros pour renforcer la r\u00e9silience alimentaire dans le centre et l\u2019est du pays - Le Quotidien de Nouakchott","isPartOf":{"@id":"https:\/\/lequotidien.mr\/#website"},"primaryImageOfPage":{"@id":"https:\/\/lequotidien.mr\/?p=26732&lang=fr#primaryimage"},"image":{"@id":"https:\/\/lequotidien.mr\/?p=26732&lang=fr#primaryimage"},"thumbnailUrl":"https:\/\/lequotidien.mr\/wp-content\/uploads\/2025\/04\/photo-CSA.jpg","datePublished":"2025-04-09T23:52:33+00:00","breadcrumb":{"@id":"https:\/\/lequotidien.mr\/?p=26732&lang=fr#breadcrumb"},"inLanguage":"ar","potentialAction":[{"@type":"ReadAction","target":["https:\/\/lequotidien.mr\/?p=26732&lang=fr"]}]},{"@type":"ImageObject","inLanguage":"ar","@id":"https:\/\/lequotidien.mr\/?p=26732&lang=fr#primaryimage","url":"https:\/\/lequotidien.mr\/wp-content\/uploads\/2025\/04\/photo-CSA.jpg","contentUrl":"https:\/\/lequotidien.mr\/wp-content\/uploads\/2025\/04\/photo-CSA.jpg","width":750,"height":430},{"@type":"BreadcrumbList","@id":"https:\/\/lequotidien.mr\/?p=26732&lang=fr#breadcrumb","itemListElement":[{"@type":"ListItem","position":1,"name":"Home","item":"https:\/\/lequotidien.mr\/"},{"@type":"ListItem","position":2,"name":"Mauritanie-Italie : Un projet de 3 millions d\u2019euros pour renforcer la r\u00e9silience alimentaire dans le centre et l\u2019est du pays"}]},{"@type":"WebSite","@id":"https:\/\/lequotidien.mr\/#website","url":"https:\/\/lequotidien.mr\/","name":"Le Quotidien de Nouakchott","description":"\u0625\u062e\u0628\u0627\u0631\u064a\u0629 \u0645\u0633\u062a\u0642\u0644\u0629 \u0644\u0644\u0623\u0646\u0628\u0627\u0621 \u0627\u0644\u0639\u0627\u0645\u0629","publisher":{"@id":"https:\/\/lequotidien.mr\/#organization"},"potentialAction":[{"@type":"SearchAction","target":{"@type":"EntryPoint","urlTemplate":"https:\/\/lequotidien.mr\/?s={search_term_string}"},"query-input":{"@type":"PropertyValueSpecification","valueRequired":true,"valueName":"search_term_string"}}],"inLanguage":"ar"},{"@type":"Organization","@id":"https:\/\/lequotidien.mr\/#organization","name":"Le Quotidien de Nouakchott","url":"https:\/\/lequotidien.mr\/","logo":{"@type":"ImageObject","inLanguage":"ar","@id":"https:\/\/lequotidien.mr\/#\/schema\/logo\/image\/","url":"https:\/\/lequotidien.mr\/wp-content\/uploads\/2022\/11\/logolequotidien.jpg","contentUrl":"https:\/\/lequotidien.mr\/wp-content\/uploads\/2022\/11\/logolequotidien.jpg","width":290,"height":65,"caption":"Le Quotidien de Nouakchott"},"image":{"@id":"https:\/\/lequotidien.mr\/#\/schema\/logo\/image\/"},"sameAs":["https:\/\/web.facebook.com\/lequotidienmr","https:\/\/x.com\/lequotidienmr"]},{"@type":"Person","@id":"https:\/\/lequotidien.mr\/#\/schema\/person\/d2d350202a4d599685ed8abc25f97596","name":"Med Ahmed","image":{"@type":"ImageObject","inLanguage":"ar","@id":"https:\/\/secure.gravatar.com\/avatar\/fd2acc62ed50732923d1d39c17172c9b04149f142be92310ecc69e1358f94b52?s=96&d=mm&r=g","url":"https:\/\/secure.gravatar.com\/avatar\/fd2acc62ed50732923d1d39c17172c9b04149f142be92310ecc69e1358f94b52?s=96&d=mm&r=g","contentUrl":"https:\/\/secure.gravatar.com\/avatar\/fd2acc62ed50732923d1d39c17172c9b04149f142be92310ecc69e1358f94b52?s=96&d=mm&r=g","caption":"Med Ahmed"},"url":"https:\/\/lequotidien.mr\/?author=12"}]}},"_links":{"self":[{"href":"https:\/\/lequotidien.mr\/index.php?rest_route=\/wp\/v2\/posts\/26732","targetHints":{"allow":["GET"]}}],"collection":[{"href":"https:\/\/lequotidien.mr\/index.php?rest_route=\/wp\/v2\/posts"}],"about":[{"href":"https:\/\/lequotidien.mr\/index.php?rest_route=\/wp\/v2\/types\/post"}],"author":[{"embeddable":true,"href":"https:\/\/lequotidien.mr\/index.php?rest_route=\/wp\/v2\/users\/12"}],"replies":[{"embeddable":true,"href":"https:\/\/lequotidien.mr\/index.php?rest_route=%2Fwp%2Fv2%2Fcomments&post=26732"}],"version-history":[{"count":1,"href":"https:\/\/lequotidien.mr\/index.php?rest_route=\/wp\/v2\/posts\/26732\/revisions"}],"predecessor-version":[{"id":26734,"href":"https:\/\/lequotidien.mr\/index.php?rest_route=\/wp\/v2\/posts\/26732\/revisions\/26734"}],"wp:featuredmedia":[{"embeddable":true,"href":"https:\/\/lequotidien.mr\/index.php?rest_route=\/wp\/v2\/media\/26733"}],"wp:attachment":[{"href":"https:\/\/lequotidien.mr\/index.php?rest_route=%2Fwp%2Fv2%2Fmedia&parent=26732"}],"wp:term":[{"taxonomy":"category","embeddable":true,"href":"https:\/\/lequotidien.mr\/index.php?rest_route=%2Fwp%2Fv2%2Fcategories&post=26732"},{"taxonomy":"post_tag","embeddable":true,"href":"https:\/\/lequotidien.mr\/index.php?rest_route=%2Fwp%2Fv2%2Ftags&post=26732"}],"curies":[{"name":"wp","href":"https:\/\/api.w.org\/{rel}","templated":true}]}}