{"id":26729,"date":"2025-04-09T23:38:37","date_gmt":"2025-04-09T23:38:37","guid":{"rendered":"https:\/\/lequotidien.mr\/?p=26729"},"modified":"2025-04-09T23:38:37","modified_gmt":"2025-04-09T23:38:37","slug":"culture-et-sciences-le-ministere-de-la-culture-renforce-les-arts-plastiques-avec-un-atelier-soutenu-par-lalecso","status":"publish","type":"post","link":"https:\/\/lequotidien.mr\/?p=26729&lang=fr","title":{"rendered":"Culture et sciences : Le minist\u00e8re de la culture renforce les arts plastiques avec un atelier soutenu par l\u2019ALECSO"},"content":{"rendered":"<p>Le ministre de la Culture, des Arts, de la Communication et des Relations avec le Parlement, porte-parole du gouvernement, M. El Houssein Medou, a inaugur\u00e9 mardi soir un atelier de trois jours d\u00e9di\u00e9 au renforcement des capacit\u00e9s des artistes plasticiens mauritaniens. Organis\u00e9 en partenariat avec l\u2019Organisation arabe pour l\u2019\u00e9ducation, la culture et les sciences (ALECSO), cet \u00e9v\u00e9nement s\u2019inscrit dans une dynamique visant \u00e0 valoriser l\u2019art comme levier d\u2019identit\u00e9 culturelle, d\u2019engagement des jeunes et de coop\u00e9ration r\u00e9gionale.<\/p>\n<p><strong>Un atelier au service de l\u2019identit\u00e9 et de la jeunesse<\/strong><\/p>\n<p>Cet atelier, qui se d\u00e9roulera jusqu\u2019\u00e0 jeudi, a pour objectif de soutenir les artistes plasticiens en mettant en lumi\u00e8re leur r\u00f4le cl\u00e9 dans la pr\u00e9servation de l\u2019identit\u00e9 culturelle nationale. Il vise \u00e9galement \u00e0 encourager l\u2019implication des jeunes dans le secteur artistique et \u00e0 favoriser des synergies entre cr\u00e9ateurs mauritaniens. Dans son allocution d\u2019ouverture, M. Medou a salu\u00e9 le pouvoir des arts plastiques, capables d\u2019\u00ab immortaliser des moments historiques, de documenter des enjeux sociaux et d\u2019ouvrir des espaces de r\u00e9flexion critique \u00bb.<\/p>\n<p>Le ministre a rappel\u00e9 l\u2019engagement personnel du pr\u00e9sident Mohamed Cheikh El Ghazouani en faveur de la culture et des arts, consid\u00e9r\u00e9s comme des piliers indispensables \u00e0 la \u00ab v\u00e9ritable renaissance \u00bb du pays. \u00ab Le d\u00e9veloppement et la sensibilisation vont de pair \u00bb, a-t-il insist\u00e9, soulignant que soutenir les artistes n\u2019est pas un acte de charit\u00e9, mais un devoir envers ceux qui portent \u00ab le flambeau de la beaut\u00e9 dans une \u00e9poque marqu\u00e9e par les d\u00e9fis \u00bb. Pour le gouvernement, ces ateliers d\u00e9passent la simple formation technique : ils \u00e9veillent chez l\u2019artiste une conscience de sa mission soci\u00e9tale et renforcent sa capacit\u00e9 \u00e0 influencer positivement son environnement.<\/p>\n<p><strong>Des engagements politiques et une vision sociale<\/strong><\/p>\n<p>M. Medou a \u00e9galement d\u00e9taill\u00e9 les programmes mis en place par le gouvernement pour hisser la culture au rang de priorit\u00e9 nationale. Ces initiatives visent \u00e0 ancrer l\u2019activit\u00e9 artistique dans les politiques publiques, reconnaissant son r\u00f4le central dans la \u00ab transformation sociale \u00bb et la construction de \u00ab ponts entre les g\u00e9n\u00e9rations \u00bb. Le ministre a d\u00e9crit l\u2019atelier comme un \u00ab laboratoire vivant \u00bb permettant aux artistes de red\u00e9couvrir leur \u00ab moi cr\u00e9atif \u00bb tout en exp\u00e9rimentant de nouvelles formes d\u2019expression.<\/p>\n<p>Plusieurs intervenants ont enrichi la c\u00e9r\u00e9monie de leurs perspectives. M. Mohamed Sidi Abdoulallah, secr\u00e9taire g\u00e9n\u00e9ral du Comit\u00e9 national pour l\u2019\u00e9ducation, la culture et les sciences, a insist\u00e9 sur l\u2019importance de cr\u00e9er un \u00ab environnement propice \u00bb aux \u00e9changes entre artistes, essentiel pour dynamiser le secteur. Du c\u00f4t\u00e9 de l\u2019ALECSO, M. Abdelhadi El Ghammari a salu\u00e9 l\u2019art plastique comme un \u00ab langage universel \u00bb capable de transcender les fronti\u00e8res et de promouvoir le dialogue interculturel.<\/p>\n<p>Le pr\u00e9sident de l\u2019Association des artistes plasticiens mauritaniens, M. Abdel Wedoud Jeilani, a salu\u00e9 la cr\u00e9ation r\u00e9cente du \u00ab Prix du Pr\u00e9sident de la R\u00e9publique pour les arts \u00bb, preuve tangible de la reconnaissance institutionnelle. \u00ab Dans un pays aussi riche en diversit\u00e9 culturelle que la Mauritanie, l\u2019art doit documenter notre patrimoine et inspirer les futures g\u00e9n\u00e9rations \u00bb, a-t-il d\u00e9clar\u00e9. Une vision partag\u00e9e par M. Sidi Mohamed Mansouri Idrissi, pr\u00e9sident du Comit\u00e9 marocain des artistes plasticiens professionnels, pour qui l\u2019art est un \u00ab t\u00e9moignage vivant de l\u2019\u00e9volution des soci\u00e9t\u00e9s \u00bb, reliant pass\u00e9, pr\u00e9sent et avenir.<\/p>\n<p>L\u2019\u00e9v\u00e9nement, qui s\u2019est tenu en pr\u00e9sence de responsables minist\u00e9riels, d\u2019artistes et d\u2019acteurs culturels, illustre la volont\u00e9 mauritanienne de positionner la culture au c\u0153ur de son projet de soci\u00e9t\u00e9. En associant formation, r\u00e9flexion et coop\u00e9ration, cet atelier incarne une \u00e9tape cl\u00e9 dans la consolidation d\u2019un \u00e9cosyst\u00e8me artistique r\u00e9silient, capable de porter les aspirations d\u2019un pays en qu\u00eate de rayonnement culturel.<\/p>\n<p>Avec cette initiative, la Mauritanie r\u00e9affirme que l\u2019art n\u2019est pas un luxe, mais un outil essentiel pour fa\u00e7onner l\u2019avenir \u2013 un message port\u00e9 avec conviction par M. Medou et ses partenaires, d\u00e9termin\u00e9s \u00e0 \u00e9crire une nouvelle page de la Renaissance culturelle africaine.<\/p>\n","protected":false},"excerpt":{"rendered":"<p>Le ministre de la Culture, des Arts, de la Communication et des Relations avec le Parlement, porte-parole du gouvernement, M. El Houssein Medou, a inaugur\u00e9 mardi soir un atelier de trois jours d\u00e9di\u00e9 au renforcement des capacit\u00e9s des artistes plasticiens mauritaniens. Organis\u00e9 en partenariat avec l\u2019Organisation arabe pour l\u2019\u00e9ducation, la culture et les sciences (ALECSO),&#8230;..<\/p>\n","protected":false},"author":12,"featured_media":26730,"comment_status":"open","ping_status":"open","sticky":false,"template":"","format":"standard","meta":{"footnotes":""},"categories":[23,49,55],"tags":[],"class_list":["post-26729","post","type-post","status-publish","format-standard","has-post-thumbnail","hentry","category-actualite","category-economie","category-culture"],"yoast_head":"<!-- This site is optimized with the Yoast SEO plugin v27.5 - https:\/\/yoast.com\/product\/yoast-seo-wordpress\/ -->\n<title>Culture et sciences : Le minist\u00e8re de la culture renforce les arts plastiques avec un atelier soutenu par l\u2019ALECSO - Le Quotidien de Nouakchott<\/title>\n<meta name=\"robots\" content=\"index, follow, max-snippet:-1, max-image-preview:large, max-video-preview:-1\" \/>\n<link rel=\"canonical\" href=\"https:\/\/lequotidien.mr\/?p=26729&lang=fr\" \/>\n<meta property=\"og:locale\" content=\"ar_AR\" \/>\n<meta property=\"og:type\" content=\"article\" \/>\n<meta property=\"og:title\" content=\"Culture et sciences : Le minist\u00e8re de la culture renforce les arts plastiques avec un atelier soutenu par l\u2019ALECSO - Le Quotidien de Nouakchott\" \/>\n<meta property=\"og:description\" content=\"Le ministre de la Culture, des Arts, de la Communication et des Relations avec le Parlement, porte-parole du gouvernement, M. El Houssein Medou, a inaugur\u00e9 mardi soir un atelier de trois jours d\u00e9di\u00e9 au renforcement des capacit\u00e9s des artistes plasticiens mauritaniens. Organis\u00e9 en partenariat avec l\u2019Organisation arabe pour l\u2019\u00e9ducation, la culture et les sciences (ALECSO),.....\" \/>\n<meta property=\"og:url\" content=\"https:\/\/lequotidien.mr\/?p=26729&amp;lang=fr\" \/>\n<meta property=\"og:site_name\" content=\"Le Quotidien de Nouakchott\" \/>\n<meta property=\"article:publisher\" content=\"https:\/\/web.facebook.com\/lequotidienmr\" \/>\n<meta property=\"article:published_time\" content=\"2025-04-09T23:38:37+00:00\" \/>\n<meta property=\"og:image\" content=\"https:\/\/lequotidien.mr\/wp-content\/uploads\/2025\/04\/photo-atelier-artistes.jpg\" \/>\n\t<meta property=\"og:image:width\" content=\"750\" \/>\n\t<meta property=\"og:image:height\" content=\"430\" \/>\n\t<meta property=\"og:image:type\" content=\"image\/jpeg\" \/>\n<meta name=\"author\" content=\"Med Ahmed\" \/>\n<meta name=\"twitter:card\" content=\"summary_large_image\" \/>\n<meta name=\"twitter:creator\" content=\"@lequotidienmr\" \/>\n<meta name=\"twitter:site\" content=\"@lequotidienmr\" \/>\n<meta name=\"twitter:label1\" content=\"\u0643\u064f\u062a\u0628 \u0628\u0648\u0627\u0633\u0637\u0629\" \/>\n\t<meta name=\"twitter:data1\" content=\"Med Ahmed\" \/>\n\t<meta name=\"twitter:label2\" content=\"\u0648\u0642\u062a \u0627\u0644\u0642\u0631\u0627\u0621\u0629 \u0627\u0644\u0645\u064f\u0642\u062f\u0651\u0631\" \/>\n\t<meta name=\"twitter:data2\" content=\"3 \u062f\u0642\u0627\u0626\u0642\" \/>\n<script type=\"application\/ld+json\" class=\"yoast-schema-graph\">{\"@context\":\"https:\\\/\\\/schema.org\",\"@graph\":[{\"@type\":\"Article\",\"@id\":\"https:\\\/\\\/lequotidien.mr\\\/?p=26729&lang=fr#article\",\"isPartOf\":{\"@id\":\"https:\\\/\\\/lequotidien.mr\\\/?p=26729&lang=fr\"},\"author\":{\"name\":\"Med Ahmed\",\"@id\":\"https:\\\/\\\/lequotidien.mr\\\/#\\\/schema\\\/person\\\/d2d350202a4d599685ed8abc25f97596\"},\"headline\":\"Culture et sciences : Le minist\u00e8re de la culture renforce les arts plastiques avec un atelier soutenu par l\u2019ALECSO\",\"datePublished\":\"2025-04-09T23:38:37+00:00\",\"mainEntityOfPage\":{\"@id\":\"https:\\\/\\\/lequotidien.mr\\\/?p=26729&lang=fr\"},\"wordCount\":716,\"commentCount\":0,\"publisher\":{\"@id\":\"https:\\\/\\\/lequotidien.mr\\\/#organization\"},\"image\":{\"@id\":\"https:\\\/\\\/lequotidien.mr\\\/?p=26729&lang=fr#primaryimage\"},\"thumbnailUrl\":\"https:\\\/\\\/lequotidien.mr\\\/wp-content\\\/uploads\\\/2025\\\/04\\\/photo-atelier-artistes.jpg\",\"articleSection\":[\"ACTUALIT\u00c9\",\"Economie\",\"Culture\"],\"inLanguage\":\"ar\",\"potentialAction\":[{\"@type\":\"CommentAction\",\"name\":\"Comment\",\"target\":[\"https:\\\/\\\/lequotidien.mr\\\/?p=26729&lang=fr#respond\"]}]},{\"@type\":\"WebPage\",\"@id\":\"https:\\\/\\\/lequotidien.mr\\\/?p=26729&lang=fr\",\"url\":\"https:\\\/\\\/lequotidien.mr\\\/?p=26729&lang=fr\",\"name\":\"Culture et sciences : Le minist\u00e8re de la culture renforce les arts plastiques avec un atelier soutenu par l\u2019ALECSO - Le Quotidien de Nouakchott\",\"isPartOf\":{\"@id\":\"https:\\\/\\\/lequotidien.mr\\\/#website\"},\"primaryImageOfPage\":{\"@id\":\"https:\\\/\\\/lequotidien.mr\\\/?p=26729&lang=fr#primaryimage\"},\"image\":{\"@id\":\"https:\\\/\\\/lequotidien.mr\\\/?p=26729&lang=fr#primaryimage\"},\"thumbnailUrl\":\"https:\\\/\\\/lequotidien.mr\\\/wp-content\\\/uploads\\\/2025\\\/04\\\/photo-atelier-artistes.jpg\",\"datePublished\":\"2025-04-09T23:38:37+00:00\",\"breadcrumb\":{\"@id\":\"https:\\\/\\\/lequotidien.mr\\\/?p=26729&lang=fr#breadcrumb\"},\"inLanguage\":\"ar\",\"potentialAction\":[{\"@type\":\"ReadAction\",\"target\":[\"https:\\\/\\\/lequotidien.mr\\\/?p=26729&lang=fr\"]}]},{\"@type\":\"ImageObject\",\"inLanguage\":\"ar\",\"@id\":\"https:\\\/\\\/lequotidien.mr\\\/?p=26729&lang=fr#primaryimage\",\"url\":\"https:\\\/\\\/lequotidien.mr\\\/wp-content\\\/uploads\\\/2025\\\/04\\\/photo-atelier-artistes.jpg\",\"contentUrl\":\"https:\\\/\\\/lequotidien.mr\\\/wp-content\\\/uploads\\\/2025\\\/04\\\/photo-atelier-artistes.jpg\",\"width\":750,\"height\":430},{\"@type\":\"BreadcrumbList\",\"@id\":\"https:\\\/\\\/lequotidien.mr\\\/?p=26729&lang=fr#breadcrumb\",\"itemListElement\":[{\"@type\":\"ListItem\",\"position\":1,\"name\":\"Home\",\"item\":\"https:\\\/\\\/lequotidien.mr\\\/\"},{\"@type\":\"ListItem\",\"position\":2,\"name\":\"Culture et sciences : Le minist\u00e8re de la culture renforce les arts plastiques avec un atelier soutenu par l\u2019ALECSO\"}]},{\"@type\":\"WebSite\",\"@id\":\"https:\\\/\\\/lequotidien.mr\\\/#website\",\"url\":\"https:\\\/\\\/lequotidien.mr\\\/\",\"name\":\"Le Quotidien de Nouakchott\",\"description\":\"\u0625\u062e\u0628\u0627\u0631\u064a\u0629 \u0645\u0633\u062a\u0642\u0644\u0629 \u0644\u0644\u0623\u0646\u0628\u0627\u0621 \u0627\u0644\u0639\u0627\u0645\u0629\",\"publisher\":{\"@id\":\"https:\\\/\\\/lequotidien.mr\\\/#organization\"},\"potentialAction\":[{\"@type\":\"SearchAction\",\"target\":{\"@type\":\"EntryPoint\",\"urlTemplate\":\"https:\\\/\\\/lequotidien.mr\\\/?s={search_term_string}\"},\"query-input\":{\"@type\":\"PropertyValueSpecification\",\"valueRequired\":true,\"valueName\":\"search_term_string\"}}],\"inLanguage\":\"ar\"},{\"@type\":\"Organization\",\"@id\":\"https:\\\/\\\/lequotidien.mr\\\/#organization\",\"name\":\"Le Quotidien de Nouakchott\",\"url\":\"https:\\\/\\\/lequotidien.mr\\\/\",\"logo\":{\"@type\":\"ImageObject\",\"inLanguage\":\"ar\",\"@id\":\"https:\\\/\\\/lequotidien.mr\\\/#\\\/schema\\\/logo\\\/image\\\/\",\"url\":\"https:\\\/\\\/lequotidien.mr\\\/wp-content\\\/uploads\\\/2022\\\/11\\\/logolequotidien.jpg\",\"contentUrl\":\"https:\\\/\\\/lequotidien.mr\\\/wp-content\\\/uploads\\\/2022\\\/11\\\/logolequotidien.jpg\",\"width\":290,\"height\":65,\"caption\":\"Le Quotidien de Nouakchott\"},\"image\":{\"@id\":\"https:\\\/\\\/lequotidien.mr\\\/#\\\/schema\\\/logo\\\/image\\\/\"},\"sameAs\":[\"https:\\\/\\\/web.facebook.com\\\/lequotidienmr\",\"https:\\\/\\\/x.com\\\/lequotidienmr\"]},{\"@type\":\"Person\",\"@id\":\"https:\\\/\\\/lequotidien.mr\\\/#\\\/schema\\\/person\\\/d2d350202a4d599685ed8abc25f97596\",\"name\":\"Med Ahmed\",\"image\":{\"@type\":\"ImageObject\",\"inLanguage\":\"ar\",\"@id\":\"https:\\\/\\\/secure.gravatar.com\\\/avatar\\\/fd2acc62ed50732923d1d39c17172c9b04149f142be92310ecc69e1358f94b52?s=96&d=mm&r=g\",\"url\":\"https:\\\/\\\/secure.gravatar.com\\\/avatar\\\/fd2acc62ed50732923d1d39c17172c9b04149f142be92310ecc69e1358f94b52?s=96&d=mm&r=g\",\"contentUrl\":\"https:\\\/\\\/secure.gravatar.com\\\/avatar\\\/fd2acc62ed50732923d1d39c17172c9b04149f142be92310ecc69e1358f94b52?s=96&d=mm&r=g\",\"caption\":\"Med Ahmed\"},\"url\":\"https:\\\/\\\/lequotidien.mr\\\/?author=12\"}]}<\/script>\n<!-- \/ Yoast SEO plugin. -->","yoast_head_json":{"title":"Culture et sciences : Le minist\u00e8re de la culture renforce les arts plastiques avec un atelier soutenu par l\u2019ALECSO - Le Quotidien de Nouakchott","robots":{"index":"index","follow":"follow","max-snippet":"max-snippet:-1","max-image-preview":"max-image-preview:large","max-video-preview":"max-video-preview:-1"},"canonical":"https:\/\/lequotidien.mr\/?p=26729&lang=fr","og_locale":"ar_AR","og_type":"article","og_title":"Culture et sciences : Le minist\u00e8re de la culture renforce les arts plastiques avec un atelier soutenu par l\u2019ALECSO - Le Quotidien de Nouakchott","og_description":"Le ministre de la Culture, des Arts, de la Communication et des Relations avec le Parlement, porte-parole du gouvernement, M. El Houssein Medou, a inaugur\u00e9 mardi soir un atelier de trois jours d\u00e9di\u00e9 au renforcement des capacit\u00e9s des artistes plasticiens mauritaniens. Organis\u00e9 en partenariat avec l\u2019Organisation arabe pour l\u2019\u00e9ducation, la culture et les sciences (ALECSO),.....","og_url":"https:\/\/lequotidien.mr\/?p=26729&lang=fr","og_site_name":"Le Quotidien de Nouakchott","article_publisher":"https:\/\/web.facebook.com\/lequotidienmr","article_published_time":"2025-04-09T23:38:37+00:00","og_image":[{"width":750,"height":430,"url":"https:\/\/lequotidien.mr\/wp-content\/uploads\/2025\/04\/photo-atelier-artistes.jpg","type":"image\/jpeg"}],"author":"Med Ahmed","twitter_card":"summary_large_image","twitter_creator":"@lequotidienmr","twitter_site":"@lequotidienmr","twitter_misc":{"\u0643\u064f\u062a\u0628 \u0628\u0648\u0627\u0633\u0637\u0629":"Med Ahmed","\u0648\u0642\u062a \u0627\u0644\u0642\u0631\u0627\u0621\u0629 \u0627\u0644\u0645\u064f\u0642\u062f\u0651\u0631":"3 \u062f\u0642\u0627\u0626\u0642"},"schema":{"@context":"https:\/\/schema.org","@graph":[{"@type":"Article","@id":"https:\/\/lequotidien.mr\/?p=26729&lang=fr#article","isPartOf":{"@id":"https:\/\/lequotidien.mr\/?p=26729&lang=fr"},"author":{"name":"Med Ahmed","@id":"https:\/\/lequotidien.mr\/#\/schema\/person\/d2d350202a4d599685ed8abc25f97596"},"headline":"Culture et sciences : Le minist\u00e8re de la culture renforce les arts plastiques avec un atelier soutenu par l\u2019ALECSO","datePublished":"2025-04-09T23:38:37+00:00","mainEntityOfPage":{"@id":"https:\/\/lequotidien.mr\/?p=26729&lang=fr"},"wordCount":716,"commentCount":0,"publisher":{"@id":"https:\/\/lequotidien.mr\/#organization"},"image":{"@id":"https:\/\/lequotidien.mr\/?p=26729&lang=fr#primaryimage"},"thumbnailUrl":"https:\/\/lequotidien.mr\/wp-content\/uploads\/2025\/04\/photo-atelier-artistes.jpg","articleSection":["ACTUALIT\u00c9","Economie","Culture"],"inLanguage":"ar","potentialAction":[{"@type":"CommentAction","name":"Comment","target":["https:\/\/lequotidien.mr\/?p=26729&lang=fr#respond"]}]},{"@type":"WebPage","@id":"https:\/\/lequotidien.mr\/?p=26729&lang=fr","url":"https:\/\/lequotidien.mr\/?p=26729&lang=fr","name":"Culture et sciences : Le minist\u00e8re de la culture renforce les arts plastiques avec un atelier soutenu par l\u2019ALECSO - Le Quotidien de Nouakchott","isPartOf":{"@id":"https:\/\/lequotidien.mr\/#website"},"primaryImageOfPage":{"@id":"https:\/\/lequotidien.mr\/?p=26729&lang=fr#primaryimage"},"image":{"@id":"https:\/\/lequotidien.mr\/?p=26729&lang=fr#primaryimage"},"thumbnailUrl":"https:\/\/lequotidien.mr\/wp-content\/uploads\/2025\/04\/photo-atelier-artistes.jpg","datePublished":"2025-04-09T23:38:37+00:00","breadcrumb":{"@id":"https:\/\/lequotidien.mr\/?p=26729&lang=fr#breadcrumb"},"inLanguage":"ar","potentialAction":[{"@type":"ReadAction","target":["https:\/\/lequotidien.mr\/?p=26729&lang=fr"]}]},{"@type":"ImageObject","inLanguage":"ar","@id":"https:\/\/lequotidien.mr\/?p=26729&lang=fr#primaryimage","url":"https:\/\/lequotidien.mr\/wp-content\/uploads\/2025\/04\/photo-atelier-artistes.jpg","contentUrl":"https:\/\/lequotidien.mr\/wp-content\/uploads\/2025\/04\/photo-atelier-artistes.jpg","width":750,"height":430},{"@type":"BreadcrumbList","@id":"https:\/\/lequotidien.mr\/?p=26729&lang=fr#breadcrumb","itemListElement":[{"@type":"ListItem","position":1,"name":"Home","item":"https:\/\/lequotidien.mr\/"},{"@type":"ListItem","position":2,"name":"Culture et sciences : Le minist\u00e8re de la culture renforce les arts plastiques avec un atelier soutenu par l\u2019ALECSO"}]},{"@type":"WebSite","@id":"https:\/\/lequotidien.mr\/#website","url":"https:\/\/lequotidien.mr\/","name":"Le Quotidien de Nouakchott","description":"\u0625\u062e\u0628\u0627\u0631\u064a\u0629 \u0645\u0633\u062a\u0642\u0644\u0629 \u0644\u0644\u0623\u0646\u0628\u0627\u0621 \u0627\u0644\u0639\u0627\u0645\u0629","publisher":{"@id":"https:\/\/lequotidien.mr\/#organization"},"potentialAction":[{"@type":"SearchAction","target":{"@type":"EntryPoint","urlTemplate":"https:\/\/lequotidien.mr\/?s={search_term_string}"},"query-input":{"@type":"PropertyValueSpecification","valueRequired":true,"valueName":"search_term_string"}}],"inLanguage":"ar"},{"@type":"Organization","@id":"https:\/\/lequotidien.mr\/#organization","name":"Le Quotidien de Nouakchott","url":"https:\/\/lequotidien.mr\/","logo":{"@type":"ImageObject","inLanguage":"ar","@id":"https:\/\/lequotidien.mr\/#\/schema\/logo\/image\/","url":"https:\/\/lequotidien.mr\/wp-content\/uploads\/2022\/11\/logolequotidien.jpg","contentUrl":"https:\/\/lequotidien.mr\/wp-content\/uploads\/2022\/11\/logolequotidien.jpg","width":290,"height":65,"caption":"Le Quotidien de Nouakchott"},"image":{"@id":"https:\/\/lequotidien.mr\/#\/schema\/logo\/image\/"},"sameAs":["https:\/\/web.facebook.com\/lequotidienmr","https:\/\/x.com\/lequotidienmr"]},{"@type":"Person","@id":"https:\/\/lequotidien.mr\/#\/schema\/person\/d2d350202a4d599685ed8abc25f97596","name":"Med Ahmed","image":{"@type":"ImageObject","inLanguage":"ar","@id":"https:\/\/secure.gravatar.com\/avatar\/fd2acc62ed50732923d1d39c17172c9b04149f142be92310ecc69e1358f94b52?s=96&d=mm&r=g","url":"https:\/\/secure.gravatar.com\/avatar\/fd2acc62ed50732923d1d39c17172c9b04149f142be92310ecc69e1358f94b52?s=96&d=mm&r=g","contentUrl":"https:\/\/secure.gravatar.com\/avatar\/fd2acc62ed50732923d1d39c17172c9b04149f142be92310ecc69e1358f94b52?s=96&d=mm&r=g","caption":"Med Ahmed"},"url":"https:\/\/lequotidien.mr\/?author=12"}]}},"_links":{"self":[{"href":"https:\/\/lequotidien.mr\/index.php?rest_route=\/wp\/v2\/posts\/26729","targetHints":{"allow":["GET"]}}],"collection":[{"href":"https:\/\/lequotidien.mr\/index.php?rest_route=\/wp\/v2\/posts"}],"about":[{"href":"https:\/\/lequotidien.mr\/index.php?rest_route=\/wp\/v2\/types\/post"}],"author":[{"embeddable":true,"href":"https:\/\/lequotidien.mr\/index.php?rest_route=\/wp\/v2\/users\/12"}],"replies":[{"embeddable":true,"href":"https:\/\/lequotidien.mr\/index.php?rest_route=%2Fwp%2Fv2%2Fcomments&post=26729"}],"version-history":[{"count":1,"href":"https:\/\/lequotidien.mr\/index.php?rest_route=\/wp\/v2\/posts\/26729\/revisions"}],"predecessor-version":[{"id":26731,"href":"https:\/\/lequotidien.mr\/index.php?rest_route=\/wp\/v2\/posts\/26729\/revisions\/26731"}],"wp:featuredmedia":[{"embeddable":true,"href":"https:\/\/lequotidien.mr\/index.php?rest_route=\/wp\/v2\/media\/26730"}],"wp:attachment":[{"href":"https:\/\/lequotidien.mr\/index.php?rest_route=%2Fwp%2Fv2%2Fmedia&parent=26729"}],"wp:term":[{"taxonomy":"category","embeddable":true,"href":"https:\/\/lequotidien.mr\/index.php?rest_route=%2Fwp%2Fv2%2Fcategories&post=26729"},{"taxonomy":"post_tag","embeddable":true,"href":"https:\/\/lequotidien.mr\/index.php?rest_route=%2Fwp%2Fv2%2Ftags&post=26729"}],"curies":[{"name":"wp","href":"https:\/\/api.w.org\/{rel}","templated":true}]}}