{"id":26677,"date":"2025-04-08T13:14:55","date_gmt":"2025-04-08T13:14:55","guid":{"rendered":"https:\/\/lequotidien.mr\/?p=26677"},"modified":"2025-04-08T13:14:55","modified_gmt":"2025-04-08T13:14:55","slug":"mauritanie-tchecoslovaquie-signature-dun-protocole-daccord-pour-un-partenariat-economique-strategique","status":"publish","type":"post","link":"https:\/\/lequotidien.mr\/?p=26677&lang=fr","title":{"rendered":"Mauritanie\/Tch\u00e9coslovaquie : Signature d\u2019un protocole d\u2019accord pour un partenariat \u00e9conomique strat\u00e9gique"},"content":{"rendered":"<p>Le Pr\u00e9sident de la R\u00e9publique, M. Mohamed Cheikh El Ghazouani, et son homologue tch\u00e8que, le Pr\u00e9sident Petr Pavel, ont copr\u00e9sid\u00e9, ce lundi au Palais pr\u00e9sidentiel de Nouakchott, une c\u00e9r\u00e9monie historique marqu\u00e9e par la signature d\u2019un protocole d\u2019accord de coop\u00e9ration et de partenariat \u00e9conomique entre les secteurs priv\u00e9s des deux pays. Cet engagement, scell\u00e9 entre la Conf\u00e9d\u00e9ration de l\u2019Industrie de la R\u00e9publique Tch\u00e8que et l\u2019Union Nationale du Patronat Mauritanien, vise \u00e0 renforcer les \u00e9changes dans les domaines du commerce, de l\u2019investissement, de la formation, du transfert de technologie et de l\u2019\u00e9change d\u2019expertise.<\/p>\n<p><strong>Une volont\u00e9 commune de diversification et de d\u00e9veloppement<\/strong><\/p>\n<p>\u00c0 l\u2019issue de la signature, le Pr\u00e9sident El Ghazouani a exprim\u00e9 sa satisfaction quant \u00e0 la visite du Pr\u00e9sident tch\u00e8que, qualifiant cet \u00e9v\u00e9nement de \u00ab\u00a0<em>reflet d\u2019une volont\u00e9 commune de diversifier et d\u2019approfondir les relations d\u2019amiti\u00e9 et de coop\u00e9ration<\/em>\u00a0\u00bb entre les deux nations. Il a salu\u00e9 la pr\u00e9sence des d\u00e9l\u00e9gations patronales, symbole d\u2019une \u00ab\u00a0<em>d\u00e9termination commune \u00e0 faire des relations bilat\u00e9rales un levier de d\u00e9veloppement et de prosp\u00e9rit\u00e9<\/em>\u00a0\u00bb. Les discours des pr\u00e9sidents des f\u00e9d\u00e9rations industrielles des deux pays, a-t-il soulign\u00e9, ont \u00e9t\u00e9 marqu\u00e9s par \u00ab\u00a0<em>un engagement sinc\u00e8re et un optimisme porteur<\/em>\u00a0\u00bb pour l\u2019avenir.<\/p>\n<p><strong>Le secteur priv\u00e9, pilier d\u2019un partenariat ambitieux<\/strong><\/p>\n<p>Le Chef de l\u2019\u00c9tat mauritanien a insist\u00e9 sur le r\u00f4le central du secteur priv\u00e9 dans la construction de partenariats \u00ab\u00a0<em>forts et ambitieux<\/em>\u00a0\u00bb, pr\u00e9cisant que ce protocole ouvrirait de nouveaux horizons \u00e9conomiques. \u00ab\u00a0<em>Ce cadre s\u2019inscrit au c\u0153ur de notre strat\u00e9gie nationale de croissance et d\u2019exploitation des capacit\u00e9s<\/em>\u00a0\u00bb, a-t-il d\u00e9clar\u00e9, \u00e9voquant les r\u00e9formes en cours pour am\u00e9liorer l\u2019attractivit\u00e9 \u00e9conomique du pays, simplifier les proc\u00e9dures, moderniser les infrastructures et instaurer un environnement l\u00e9gislatif clair, propice aux investissements responsables et durables.<\/p>\n<p>Avec ses atouts \u2013 stabilit\u00e9 politique, ressources naturelles abondantes et capital humain prometteur \u2013, la Mauritanie ambitionne de devenir une destination phare pour les investisseurs internationaux. \u00ab\u00a0<em>La R\u00e9publique tch\u00e8que, avec son expertise industrielle, et la Mauritanie, avec ses ambitions de transformation \u00e9conomique, peuvent unir leurs efforts pour un int\u00e9r\u00eat mutuel<\/em>\u00a0\u00bb, a-t-il affirm\u00e9, qualifiant cette visite de \u00ab\u00a0<em>point de transition vers une nouvelle \u00e8re de coop\u00e9ration<\/em>\u00a0\u00bb.<\/p>\n<p><strong>Une coop\u00e9ration multidimensionnelle et prometteuse<\/strong><\/p>\n<p>Pour sa part, le Pr\u00e9sident tch\u00e8que, Petr Pavel, a remerci\u00e9 le Pr\u00e9sident El Ghazouani pour l\u2019accueil chaleureux r\u00e9serv\u00e9 \u00e0 sa d\u00e9l\u00e9gation, soulignant l\u2019importance strat\u00e9gique de la Mauritanie comme \u00ab\u00a0<em>partenaire stable dans la r\u00e9gion, riche en opportunit\u00e9s d\u2019investissement<\/em>\u00a0\u00bb. Il a mis en avant la n\u00e9cessit\u00e9 de diversifier la coop\u00e9ration, notamment dans les domaines politique, \u00e9conomique et s\u00e9curitaire, en s\u2019appuyant sur l\u2019exp\u00e9rience industrielle tch\u00e8que et le potentiel mauritanien. \u00ab\u00a0<em>Les partenariats que nous \u00e9tablissons aujourd\u2019hui valoriseront nos \u00e9conomies respectives et cr\u00e9eront des synergies durables<\/em>\u00a0\u00bb, a-t-il d\u00e9clar\u00e9.<\/p>\n<p>La c\u00e9r\u00e9monie s\u2019est d\u00e9roul\u00e9e en pr\u00e9sence du Ministre charg\u00e9 du Cabinet pr\u00e9sidentiel, M. Nani Chrougha, ainsi que des pr\u00e9sidents des f\u00e9d\u00e9rations patronales et des d\u00e9l\u00e9gations \u00e9conomiques des deux pays. Les deux chefs d\u2019\u00c9tat ont r\u00e9affirm\u00e9 leur engagement \u00e0 accompagner cette dynamique dans un esprit de \u00ab\u00a0<em>transparence, de confiance et de respect mutuel<\/em>\u00a0\u00bb, jetant les bases d\u2019une coop\u00e9ration \u00e9conomique fructueuse.<\/p>\n<p>Ce protocole, au-del\u00e0 des engagements sectoriels, incarne une vision partag\u00e9e : transformer les relations bilat\u00e9rales en un mod\u00e8le de partenariat Sud-Nord \u00e9quilibr\u00e9, o\u00f9 expertise et opportunit\u00e9s se conjuguent pour r\u00e9pondre aux d\u00e9fis du d\u00e9veloppement. Reste d\u00e9sormais \u00e0 concr\u00e9tiser, sur le terrain, les ambitions port\u00e9es par ce texte, afin que Mauritaniens et Tch\u00e8ques en r\u00e9coltent ensemble les fruits.<\/p>\n","protected":false},"excerpt":{"rendered":"<p>Le Pr\u00e9sident de la R\u00e9publique, M. Mohamed Cheikh El Ghazouani, et son homologue tch\u00e8que, le Pr\u00e9sident Petr Pavel, ont copr\u00e9sid\u00e9, ce lundi au Palais pr\u00e9sidentiel de Nouakchott, une c\u00e9r\u00e9monie historique marqu\u00e9e par la signature d\u2019un protocole d\u2019accord de coop\u00e9ration et de partenariat \u00e9conomique entre les secteurs priv\u00e9s des deux pays. Cet engagement, scell\u00e9 entre la&#8230;..<\/p>\n","protected":false},"author":12,"featured_media":26678,"comment_status":"open","ping_status":"open","sticky":false,"template":"","format":"standard","meta":{"footnotes":""},"categories":[23,49],"tags":[],"class_list":["post-26677","post","type-post","status-publish","format-standard","has-post-thumbnail","hentry","category-actualite","category-economie"],"yoast_head":"<!-- This site is optimized with the Yoast SEO plugin v27.5 - https:\/\/yoast.com\/product\/yoast-seo-wordpress\/ -->\n<title>Mauritanie\/Tch\u00e9coslovaquie : Signature d\u2019un protocole d\u2019accord pour un partenariat \u00e9conomique strat\u00e9gique - Le Quotidien de Nouakchott<\/title>\n<meta name=\"robots\" content=\"index, follow, max-snippet:-1, max-image-preview:large, max-video-preview:-1\" \/>\n<link rel=\"canonical\" href=\"https:\/\/lequotidien.mr\/?p=26677&lang=fr\" \/>\n<meta property=\"og:locale\" content=\"ar_AR\" \/>\n<meta property=\"og:type\" content=\"article\" \/>\n<meta property=\"og:title\" content=\"Mauritanie\/Tch\u00e9coslovaquie : Signature d\u2019un protocole d\u2019accord pour un partenariat \u00e9conomique strat\u00e9gique - Le Quotidien de Nouakchott\" \/>\n<meta property=\"og:description\" content=\"Le Pr\u00e9sident de la R\u00e9publique, M. Mohamed Cheikh El Ghazouani, et son homologue tch\u00e8que, le Pr\u00e9sident Petr Pavel, ont copr\u00e9sid\u00e9, ce lundi au Palais pr\u00e9sidentiel de Nouakchott, une c\u00e9r\u00e9monie historique marqu\u00e9e par la signature d\u2019un protocole d\u2019accord de coop\u00e9ration et de partenariat \u00e9conomique entre les secteurs priv\u00e9s des deux pays. Cet engagement, scell\u00e9 entre la.....\" \/>\n<meta property=\"og:url\" content=\"https:\/\/lequotidien.mr\/?p=26677&amp;lang=fr\" \/>\n<meta property=\"og:site_name\" content=\"Le Quotidien de Nouakchott\" \/>\n<meta property=\"article:publisher\" content=\"https:\/\/web.facebook.com\/lequotidienmr\" \/>\n<meta property=\"article:published_time\" content=\"2025-04-08T13:14:55+00:00\" \/>\n<meta property=\"og:image\" content=\"https:\/\/lequotidien.mr\/wp-content\/uploads\/2025\/04\/photo-protocole-Tcheque.jpg\" \/>\n\t<meta property=\"og:image:width\" content=\"750\" \/>\n\t<meta property=\"og:image:height\" content=\"430\" \/>\n\t<meta property=\"og:image:type\" content=\"image\/jpeg\" \/>\n<meta name=\"author\" content=\"Med Ahmed\" \/>\n<meta name=\"twitter:card\" content=\"summary_large_image\" \/>\n<meta name=\"twitter:creator\" content=\"@lequotidienmr\" \/>\n<meta name=\"twitter:site\" content=\"@lequotidienmr\" \/>\n<meta name=\"twitter:label1\" content=\"\u0643\u064f\u062a\u0628 \u0628\u0648\u0627\u0633\u0637\u0629\" \/>\n\t<meta name=\"twitter:data1\" content=\"Med Ahmed\" \/>\n\t<meta name=\"twitter:label2\" content=\"\u0648\u0642\u062a \u0627\u0644\u0642\u0631\u0627\u0621\u0629 \u0627\u0644\u0645\u064f\u0642\u062f\u0651\u0631\" \/>\n\t<meta name=\"twitter:data2\" content=\"3 \u062f\u0642\u0627\u0626\u0642\" \/>\n<script type=\"application\/ld+json\" class=\"yoast-schema-graph\">{\"@context\":\"https:\\\/\\\/schema.org\",\"@graph\":[{\"@type\":\"Article\",\"@id\":\"https:\\\/\\\/lequotidien.mr\\\/?p=26677&lang=fr#article\",\"isPartOf\":{\"@id\":\"https:\\\/\\\/lequotidien.mr\\\/?p=26677&lang=fr\"},\"author\":{\"name\":\"Med Ahmed\",\"@id\":\"https:\\\/\\\/lequotidien.mr\\\/#\\\/schema\\\/person\\\/d2d350202a4d599685ed8abc25f97596\"},\"headline\":\"Mauritanie\\\/Tch\u00e9coslovaquie : Signature d\u2019un protocole d\u2019accord pour un partenariat \u00e9conomique strat\u00e9gique\",\"datePublished\":\"2025-04-08T13:14:55+00:00\",\"mainEntityOfPage\":{\"@id\":\"https:\\\/\\\/lequotidien.mr\\\/?p=26677&lang=fr\"},\"wordCount\":665,\"commentCount\":0,\"publisher\":{\"@id\":\"https:\\\/\\\/lequotidien.mr\\\/#organization\"},\"image\":{\"@id\":\"https:\\\/\\\/lequotidien.mr\\\/?p=26677&lang=fr#primaryimage\"},\"thumbnailUrl\":\"https:\\\/\\\/lequotidien.mr\\\/wp-content\\\/uploads\\\/2025\\\/04\\\/photo-protocole-Tcheque.jpg\",\"articleSection\":[\"ACTUALIT\u00c9\",\"Economie\"],\"inLanguage\":\"ar\",\"potentialAction\":[{\"@type\":\"CommentAction\",\"name\":\"Comment\",\"target\":[\"https:\\\/\\\/lequotidien.mr\\\/?p=26677&lang=fr#respond\"]}]},{\"@type\":\"WebPage\",\"@id\":\"https:\\\/\\\/lequotidien.mr\\\/?p=26677&lang=fr\",\"url\":\"https:\\\/\\\/lequotidien.mr\\\/?p=26677&lang=fr\",\"name\":\"Mauritanie\\\/Tch\u00e9coslovaquie : Signature d\u2019un protocole d\u2019accord pour un partenariat \u00e9conomique strat\u00e9gique - Le Quotidien de Nouakchott\",\"isPartOf\":{\"@id\":\"https:\\\/\\\/lequotidien.mr\\\/#website\"},\"primaryImageOfPage\":{\"@id\":\"https:\\\/\\\/lequotidien.mr\\\/?p=26677&lang=fr#primaryimage\"},\"image\":{\"@id\":\"https:\\\/\\\/lequotidien.mr\\\/?p=26677&lang=fr#primaryimage\"},\"thumbnailUrl\":\"https:\\\/\\\/lequotidien.mr\\\/wp-content\\\/uploads\\\/2025\\\/04\\\/photo-protocole-Tcheque.jpg\",\"datePublished\":\"2025-04-08T13:14:55+00:00\",\"breadcrumb\":{\"@id\":\"https:\\\/\\\/lequotidien.mr\\\/?p=26677&lang=fr#breadcrumb\"},\"inLanguage\":\"ar\",\"potentialAction\":[{\"@type\":\"ReadAction\",\"target\":[\"https:\\\/\\\/lequotidien.mr\\\/?p=26677&lang=fr\"]}]},{\"@type\":\"ImageObject\",\"inLanguage\":\"ar\",\"@id\":\"https:\\\/\\\/lequotidien.mr\\\/?p=26677&lang=fr#primaryimage\",\"url\":\"https:\\\/\\\/lequotidien.mr\\\/wp-content\\\/uploads\\\/2025\\\/04\\\/photo-protocole-Tcheque.jpg\",\"contentUrl\":\"https:\\\/\\\/lequotidien.mr\\\/wp-content\\\/uploads\\\/2025\\\/04\\\/photo-protocole-Tcheque.jpg\",\"width\":750,\"height\":430},{\"@type\":\"BreadcrumbList\",\"@id\":\"https:\\\/\\\/lequotidien.mr\\\/?p=26677&lang=fr#breadcrumb\",\"itemListElement\":[{\"@type\":\"ListItem\",\"position\":1,\"name\":\"Home\",\"item\":\"https:\\\/\\\/lequotidien.mr\\\/\"},{\"@type\":\"ListItem\",\"position\":2,\"name\":\"Mauritanie\\\/Tch\u00e9coslovaquie : Signature d\u2019un protocole d\u2019accord pour un partenariat \u00e9conomique strat\u00e9gique\"}]},{\"@type\":\"WebSite\",\"@id\":\"https:\\\/\\\/lequotidien.mr\\\/#website\",\"url\":\"https:\\\/\\\/lequotidien.mr\\\/\",\"name\":\"Le Quotidien de Nouakchott\",\"description\":\"\u0625\u062e\u0628\u0627\u0631\u064a\u0629 \u0645\u0633\u062a\u0642\u0644\u0629 \u0644\u0644\u0623\u0646\u0628\u0627\u0621 \u0627\u0644\u0639\u0627\u0645\u0629\",\"publisher\":{\"@id\":\"https:\\\/\\\/lequotidien.mr\\\/#organization\"},\"potentialAction\":[{\"@type\":\"SearchAction\",\"target\":{\"@type\":\"EntryPoint\",\"urlTemplate\":\"https:\\\/\\\/lequotidien.mr\\\/?s={search_term_string}\"},\"query-input\":{\"@type\":\"PropertyValueSpecification\",\"valueRequired\":true,\"valueName\":\"search_term_string\"}}],\"inLanguage\":\"ar\"},{\"@type\":\"Organization\",\"@id\":\"https:\\\/\\\/lequotidien.mr\\\/#organization\",\"name\":\"Le Quotidien de Nouakchott\",\"url\":\"https:\\\/\\\/lequotidien.mr\\\/\",\"logo\":{\"@type\":\"ImageObject\",\"inLanguage\":\"ar\",\"@id\":\"https:\\\/\\\/lequotidien.mr\\\/#\\\/schema\\\/logo\\\/image\\\/\",\"url\":\"https:\\\/\\\/lequotidien.mr\\\/wp-content\\\/uploads\\\/2022\\\/11\\\/logolequotidien.jpg\",\"contentUrl\":\"https:\\\/\\\/lequotidien.mr\\\/wp-content\\\/uploads\\\/2022\\\/11\\\/logolequotidien.jpg\",\"width\":290,\"height\":65,\"caption\":\"Le Quotidien de Nouakchott\"},\"image\":{\"@id\":\"https:\\\/\\\/lequotidien.mr\\\/#\\\/schema\\\/logo\\\/image\\\/\"},\"sameAs\":[\"https:\\\/\\\/web.facebook.com\\\/lequotidienmr\",\"https:\\\/\\\/x.com\\\/lequotidienmr\"]},{\"@type\":\"Person\",\"@id\":\"https:\\\/\\\/lequotidien.mr\\\/#\\\/schema\\\/person\\\/d2d350202a4d599685ed8abc25f97596\",\"name\":\"Med Ahmed\",\"image\":{\"@type\":\"ImageObject\",\"inLanguage\":\"ar\",\"@id\":\"https:\\\/\\\/secure.gravatar.com\\\/avatar\\\/fd2acc62ed50732923d1d39c17172c9b04149f142be92310ecc69e1358f94b52?s=96&d=mm&r=g\",\"url\":\"https:\\\/\\\/secure.gravatar.com\\\/avatar\\\/fd2acc62ed50732923d1d39c17172c9b04149f142be92310ecc69e1358f94b52?s=96&d=mm&r=g\",\"contentUrl\":\"https:\\\/\\\/secure.gravatar.com\\\/avatar\\\/fd2acc62ed50732923d1d39c17172c9b04149f142be92310ecc69e1358f94b52?s=96&d=mm&r=g\",\"caption\":\"Med Ahmed\"},\"url\":\"https:\\\/\\\/lequotidien.mr\\\/?author=12\"}]}<\/script>\n<!-- \/ Yoast SEO plugin. -->","yoast_head_json":{"title":"Mauritanie\/Tch\u00e9coslovaquie : Signature d\u2019un protocole d\u2019accord pour un partenariat \u00e9conomique strat\u00e9gique - Le Quotidien de Nouakchott","robots":{"index":"index","follow":"follow","max-snippet":"max-snippet:-1","max-image-preview":"max-image-preview:large","max-video-preview":"max-video-preview:-1"},"canonical":"https:\/\/lequotidien.mr\/?p=26677&lang=fr","og_locale":"ar_AR","og_type":"article","og_title":"Mauritanie\/Tch\u00e9coslovaquie : Signature d\u2019un protocole d\u2019accord pour un partenariat \u00e9conomique strat\u00e9gique - Le Quotidien de Nouakchott","og_description":"Le Pr\u00e9sident de la R\u00e9publique, M. Mohamed Cheikh El Ghazouani, et son homologue tch\u00e8que, le Pr\u00e9sident Petr Pavel, ont copr\u00e9sid\u00e9, ce lundi au Palais pr\u00e9sidentiel de Nouakchott, une c\u00e9r\u00e9monie historique marqu\u00e9e par la signature d\u2019un protocole d\u2019accord de coop\u00e9ration et de partenariat \u00e9conomique entre les secteurs priv\u00e9s des deux pays. Cet engagement, scell\u00e9 entre la.....","og_url":"https:\/\/lequotidien.mr\/?p=26677&lang=fr","og_site_name":"Le Quotidien de Nouakchott","article_publisher":"https:\/\/web.facebook.com\/lequotidienmr","article_published_time":"2025-04-08T13:14:55+00:00","og_image":[{"width":750,"height":430,"url":"https:\/\/lequotidien.mr\/wp-content\/uploads\/2025\/04\/photo-protocole-Tcheque.jpg","type":"image\/jpeg"}],"author":"Med Ahmed","twitter_card":"summary_large_image","twitter_creator":"@lequotidienmr","twitter_site":"@lequotidienmr","twitter_misc":{"\u0643\u064f\u062a\u0628 \u0628\u0648\u0627\u0633\u0637\u0629":"Med Ahmed","\u0648\u0642\u062a \u0627\u0644\u0642\u0631\u0627\u0621\u0629 \u0627\u0644\u0645\u064f\u0642\u062f\u0651\u0631":"3 \u062f\u0642\u0627\u0626\u0642"},"schema":{"@context":"https:\/\/schema.org","@graph":[{"@type":"Article","@id":"https:\/\/lequotidien.mr\/?p=26677&lang=fr#article","isPartOf":{"@id":"https:\/\/lequotidien.mr\/?p=26677&lang=fr"},"author":{"name":"Med Ahmed","@id":"https:\/\/lequotidien.mr\/#\/schema\/person\/d2d350202a4d599685ed8abc25f97596"},"headline":"Mauritanie\/Tch\u00e9coslovaquie : Signature d\u2019un protocole d\u2019accord pour un partenariat \u00e9conomique strat\u00e9gique","datePublished":"2025-04-08T13:14:55+00:00","mainEntityOfPage":{"@id":"https:\/\/lequotidien.mr\/?p=26677&lang=fr"},"wordCount":665,"commentCount":0,"publisher":{"@id":"https:\/\/lequotidien.mr\/#organization"},"image":{"@id":"https:\/\/lequotidien.mr\/?p=26677&lang=fr#primaryimage"},"thumbnailUrl":"https:\/\/lequotidien.mr\/wp-content\/uploads\/2025\/04\/photo-protocole-Tcheque.jpg","articleSection":["ACTUALIT\u00c9","Economie"],"inLanguage":"ar","potentialAction":[{"@type":"CommentAction","name":"Comment","target":["https:\/\/lequotidien.mr\/?p=26677&lang=fr#respond"]}]},{"@type":"WebPage","@id":"https:\/\/lequotidien.mr\/?p=26677&lang=fr","url":"https:\/\/lequotidien.mr\/?p=26677&lang=fr","name":"Mauritanie\/Tch\u00e9coslovaquie : Signature d\u2019un protocole d\u2019accord pour un partenariat \u00e9conomique strat\u00e9gique - Le Quotidien de Nouakchott","isPartOf":{"@id":"https:\/\/lequotidien.mr\/#website"},"primaryImageOfPage":{"@id":"https:\/\/lequotidien.mr\/?p=26677&lang=fr#primaryimage"},"image":{"@id":"https:\/\/lequotidien.mr\/?p=26677&lang=fr#primaryimage"},"thumbnailUrl":"https:\/\/lequotidien.mr\/wp-content\/uploads\/2025\/04\/photo-protocole-Tcheque.jpg","datePublished":"2025-04-08T13:14:55+00:00","breadcrumb":{"@id":"https:\/\/lequotidien.mr\/?p=26677&lang=fr#breadcrumb"},"inLanguage":"ar","potentialAction":[{"@type":"ReadAction","target":["https:\/\/lequotidien.mr\/?p=26677&lang=fr"]}]},{"@type":"ImageObject","inLanguage":"ar","@id":"https:\/\/lequotidien.mr\/?p=26677&lang=fr#primaryimage","url":"https:\/\/lequotidien.mr\/wp-content\/uploads\/2025\/04\/photo-protocole-Tcheque.jpg","contentUrl":"https:\/\/lequotidien.mr\/wp-content\/uploads\/2025\/04\/photo-protocole-Tcheque.jpg","width":750,"height":430},{"@type":"BreadcrumbList","@id":"https:\/\/lequotidien.mr\/?p=26677&lang=fr#breadcrumb","itemListElement":[{"@type":"ListItem","position":1,"name":"Home","item":"https:\/\/lequotidien.mr\/"},{"@type":"ListItem","position":2,"name":"Mauritanie\/Tch\u00e9coslovaquie : Signature d\u2019un protocole d\u2019accord pour un partenariat \u00e9conomique strat\u00e9gique"}]},{"@type":"WebSite","@id":"https:\/\/lequotidien.mr\/#website","url":"https:\/\/lequotidien.mr\/","name":"Le Quotidien de Nouakchott","description":"\u0625\u062e\u0628\u0627\u0631\u064a\u0629 \u0645\u0633\u062a\u0642\u0644\u0629 \u0644\u0644\u0623\u0646\u0628\u0627\u0621 \u0627\u0644\u0639\u0627\u0645\u0629","publisher":{"@id":"https:\/\/lequotidien.mr\/#organization"},"potentialAction":[{"@type":"SearchAction","target":{"@type":"EntryPoint","urlTemplate":"https:\/\/lequotidien.mr\/?s={search_term_string}"},"query-input":{"@type":"PropertyValueSpecification","valueRequired":true,"valueName":"search_term_string"}}],"inLanguage":"ar"},{"@type":"Organization","@id":"https:\/\/lequotidien.mr\/#organization","name":"Le Quotidien de Nouakchott","url":"https:\/\/lequotidien.mr\/","logo":{"@type":"ImageObject","inLanguage":"ar","@id":"https:\/\/lequotidien.mr\/#\/schema\/logo\/image\/","url":"https:\/\/lequotidien.mr\/wp-content\/uploads\/2022\/11\/logolequotidien.jpg","contentUrl":"https:\/\/lequotidien.mr\/wp-content\/uploads\/2022\/11\/logolequotidien.jpg","width":290,"height":65,"caption":"Le Quotidien de Nouakchott"},"image":{"@id":"https:\/\/lequotidien.mr\/#\/schema\/logo\/image\/"},"sameAs":["https:\/\/web.facebook.com\/lequotidienmr","https:\/\/x.com\/lequotidienmr"]},{"@type":"Person","@id":"https:\/\/lequotidien.mr\/#\/schema\/person\/d2d350202a4d599685ed8abc25f97596","name":"Med Ahmed","image":{"@type":"ImageObject","inLanguage":"ar","@id":"https:\/\/secure.gravatar.com\/avatar\/fd2acc62ed50732923d1d39c17172c9b04149f142be92310ecc69e1358f94b52?s=96&d=mm&r=g","url":"https:\/\/secure.gravatar.com\/avatar\/fd2acc62ed50732923d1d39c17172c9b04149f142be92310ecc69e1358f94b52?s=96&d=mm&r=g","contentUrl":"https:\/\/secure.gravatar.com\/avatar\/fd2acc62ed50732923d1d39c17172c9b04149f142be92310ecc69e1358f94b52?s=96&d=mm&r=g","caption":"Med Ahmed"},"url":"https:\/\/lequotidien.mr\/?author=12"}]}},"_links":{"self":[{"href":"https:\/\/lequotidien.mr\/index.php?rest_route=\/wp\/v2\/posts\/26677","targetHints":{"allow":["GET"]}}],"collection":[{"href":"https:\/\/lequotidien.mr\/index.php?rest_route=\/wp\/v2\/posts"}],"about":[{"href":"https:\/\/lequotidien.mr\/index.php?rest_route=\/wp\/v2\/types\/post"}],"author":[{"embeddable":true,"href":"https:\/\/lequotidien.mr\/index.php?rest_route=\/wp\/v2\/users\/12"}],"replies":[{"embeddable":true,"href":"https:\/\/lequotidien.mr\/index.php?rest_route=%2Fwp%2Fv2%2Fcomments&post=26677"}],"version-history":[{"count":1,"href":"https:\/\/lequotidien.mr\/index.php?rest_route=\/wp\/v2\/posts\/26677\/revisions"}],"predecessor-version":[{"id":26679,"href":"https:\/\/lequotidien.mr\/index.php?rest_route=\/wp\/v2\/posts\/26677\/revisions\/26679"}],"wp:featuredmedia":[{"embeddable":true,"href":"https:\/\/lequotidien.mr\/index.php?rest_route=\/wp\/v2\/media\/26678"}],"wp:attachment":[{"href":"https:\/\/lequotidien.mr\/index.php?rest_route=%2Fwp%2Fv2%2Fmedia&parent=26677"}],"wp:term":[{"taxonomy":"category","embeddable":true,"href":"https:\/\/lequotidien.mr\/index.php?rest_route=%2Fwp%2Fv2%2Fcategories&post=26677"},{"taxonomy":"post_tag","embeddable":true,"href":"https:\/\/lequotidien.mr\/index.php?rest_route=%2Fwp%2Fv2%2Ftags&post=26677"}],"curies":[{"name":"wp","href":"https:\/\/api.w.org\/{rel}","templated":true}]}}