{"id":26655,"date":"2025-04-07T13:05:08","date_gmt":"2025-04-07T13:05:08","guid":{"rendered":"https:\/\/lequotidien.mr\/?p=26655"},"modified":"2025-04-07T13:05:08","modified_gmt":"2025-04-07T13:05:08","slug":"le-ministre-de-lequipement-et-des-transports-sur-le-terrain-pour-evaluer-lavancee-des-projets-routiers-du-programme-durgence-de-nouakchott","status":"publish","type":"post","link":"https:\/\/lequotidien.mr\/?p=26655&lang=fr","title":{"rendered":"Le ministre de l&#8217;\u00c9quipement et des Transports sur le terrain pour \u00e9valuer l\u2019avanc\u00e9e des projets routiers du programme d\u2019urgence de Nouakchott"},"content":{"rendered":"<p>Le ministre de l&#8217;\u00c9quipement et des Transports, M. Ely El\u00a0 Veirich, a annonc\u00e9 avoir pris des \u00ab d\u00e9cisions d\u00e9cisives pour r\u00e9soudre les d\u00e9fis techniques li\u00e9s aux composantes routi\u00e8res \u00bb du Programme urgent de d\u00e9veloppement et de modernisation de la ville de Nouakchott. Cette d\u00e9claration a \u00e9t\u00e9 faite \u00e0 l\u2019issue d\u2019une visite de terrain ce samedi, durant laquelle le ministre a inspect\u00e9 plusieurs axes routiers en construction dans la capitale mauritanienne.<\/p>\n<p>Accompagn\u00e9 d\u2019une d\u00e9l\u00e9gation technique, M. El Veirick a effectu\u00e9 une tourn\u00e9e dans les districts de Tevragh Zeina, Ksar et Riyad, o\u00f9 il a \u00e9valu\u00e9 l\u2019\u00e9tat d\u2019avancement des travaux et coordonn\u00e9 avec le bureau de supervision et les entreprises contractantes. \u00ab Cette visite \u00e9tait essentielle pour identifier les obstacles techniques et prendre les mesures n\u00e9cessaires afin de garantir le respect des d\u00e9lais et des normes de qualit\u00e9 \u00bb, a-t-il expliqu\u00e9.<\/p>\n<p><strong>Un projet ambitieux pour d\u00e9senclaver la capitale<\/strong><\/p>\n<p>Parmi les r\u00e9alisations phares, le ministre a soulign\u00e9 la finalisation imminente d\u2019un tron\u00e7on routier de 2 kilom\u00e8tres dans le district de Riyad, dont les travaux devraient s\u2019achever ce samedi m\u00eame. Il a \u00e9galement indiqu\u00e9 que les chantiers routiers de ce district, actuellement achev\u00e9s \u00e0 50 %, seront totalement termin\u00e9s d\u2019ici la fin du mois d\u2019avril.<\/p>\n<p>Le projet global comprend quatre axes principaux, chacun progressant \u00e0 un rythme diff\u00e9rent. L\u2019un d\u2019eux affiche un taux d\u2019avancement de 14 %, tandis que les autres sont en phase active de r\u00e9alisation. \u00ab Nous veillons \u00e0 ce que tous les axes atteignent un stade avanc\u00e9 d\u2019ici la fin du mois \u00bb, a insist\u00e9 le ministre, pr\u00e9cisant que des \u00e9quipes techniques surveillent quotidiennement les chantiers pour acc\u00e9l\u00e9rer les travaux sans compromettre la qualit\u00e9.<\/p>\n<p><strong>Suivi rigoureux et engagements renouvel\u00e9s<\/strong><\/p>\n<p>Le ministre de l\u2019\u00c9quipement des transports a r\u00e9affirm\u00e9 l\u2019engagement du gouvernement \u00e0 respecter les objectifs du Programme urgent de Nouakchott, lanc\u00e9 pour moderniser les infrastructures, fluidifier la mobilit\u00e9 urbaine et am\u00e9liorer les conditions de vie des habitants. \u00ab La poursuite des inspections sur le terrain dans les prochains jours est cruciale pour maintenir la dynamique et garantir une ex\u00e9cution conforme aux attentes \u00bb, a-t-il d\u00e9clar\u00e9.<\/p>\n<p>Cette initiative s\u2019inscrit dans une vision plus large visant \u00e0 d\u00e9senclaver les quartiers p\u00e9riph\u00e9riques, \u00e0 r\u00e9duire les embouteillages et \u00e0 stimuler l\u2019\u00e9conomie locale gr\u00e2ce \u00e0 un r\u00e9seau routier moderne et fonctionnel. Les autorit\u00e9s misent sur ces infrastructures pour accompagner la croissance d\u00e9mographique et \u00e9conomique de Nouakchott, qui concentre pr\u00e8s d\u2019un tiers de la population nationale.<\/p>\n<p>Alors que les habitants de la capitale expriment r\u00e9guli\u00e8rement leurs pr\u00e9occupations concernant les retards et les perturbations caus\u00e9s par les chantiers, le ministre a appel\u00e9 \u00e0 la patience, assurant que \u00ab ces investissements structurants porteront leurs fruits rapidement \u00bb. Il a \u00e9galement promis des communications r\u00e9guli\u00e8res pour informer le public de l\u2019\u00e9volution des travaux.<\/p>\n<p>Ce projet routier, financ\u00e9 dans le cadre du programme d\u2019urgence, symbolise la volont\u00e9 des autorit\u00e9s mauritaniennes de transformer Nouakchott en une ville mod\u00e8le, capable de r\u00e9pondre aux d\u00e9fis urbains du 21\u1d49 si\u00e8cle.<\/p>\n<p>&nbsp;<\/p>\n","protected":false},"excerpt":{"rendered":"<p>Le ministre de l&#8217;\u00c9quipement et des Transports, M. Ely El\u00a0 Veirich, a annonc\u00e9 avoir pris des \u00ab d\u00e9cisions d\u00e9cisives pour r\u00e9soudre les d\u00e9fis techniques li\u00e9s aux composantes routi\u00e8res \u00bb du Programme urgent de d\u00e9veloppement et de modernisation de la ville de Nouakchott. Cette d\u00e9claration a \u00e9t\u00e9 faite \u00e0 l\u2019issue d\u2019une visite de terrain ce samedi,&#8230;..<\/p>\n","protected":false},"author":12,"featured_media":26656,"comment_status":"open","ping_status":"open","sticky":false,"template":"","format":"standard","meta":{"footnotes":""},"categories":[23,49],"tags":[],"class_list":["post-26655","post","type-post","status-publish","format-standard","has-post-thumbnail","hentry","category-actualite","category-economie"],"yoast_head":"<!-- This site is optimized with the Yoast SEO plugin v27.5 - https:\/\/yoast.com\/product\/yoast-seo-wordpress\/ -->\n<title>Le ministre de l&#039;\u00c9quipement et des Transports sur le terrain pour \u00e9valuer l\u2019avanc\u00e9e des projets routiers du programme d\u2019urgence de Nouakchott - Le Quotidien de Nouakchott<\/title>\n<meta name=\"robots\" content=\"index, follow, max-snippet:-1, max-image-preview:large, max-video-preview:-1\" \/>\n<link rel=\"canonical\" href=\"https:\/\/lequotidien.mr\/?p=26655&lang=fr\" \/>\n<meta property=\"og:locale\" content=\"ar_AR\" \/>\n<meta property=\"og:type\" content=\"article\" \/>\n<meta property=\"og:title\" content=\"Le ministre de l&#039;\u00c9quipement et des Transports sur le terrain pour \u00e9valuer l\u2019avanc\u00e9e des projets routiers du programme d\u2019urgence de Nouakchott - Le Quotidien de Nouakchott\" \/>\n<meta property=\"og:description\" content=\"Le ministre de l&#8217;\u00c9quipement et des Transports, M. Ely El\u00a0 Veirich, a annonc\u00e9 avoir pris des \u00ab d\u00e9cisions d\u00e9cisives pour r\u00e9soudre les d\u00e9fis techniques li\u00e9s aux composantes routi\u00e8res \u00bb du Programme urgent de d\u00e9veloppement et de modernisation de la ville de Nouakchott. Cette d\u00e9claration a \u00e9t\u00e9 faite \u00e0 l\u2019issue d\u2019une visite de terrain ce samedi,.....\" \/>\n<meta property=\"og:url\" content=\"https:\/\/lequotidien.mr\/?p=26655&amp;lang=fr\" \/>\n<meta property=\"og:site_name\" content=\"Le Quotidien de Nouakchott\" \/>\n<meta property=\"article:publisher\" content=\"https:\/\/web.facebook.com\/lequotidienmr\" \/>\n<meta property=\"article:published_time\" content=\"2025-04-07T13:05:08+00:00\" \/>\n<meta property=\"og:image\" content=\"https:\/\/lequotidien.mr\/wp-content\/uploads\/2025\/04\/photo-ministre-transport-_-terrain.jpg\" \/>\n\t<meta property=\"og:image:width\" content=\"642\" \/>\n\t<meta property=\"og:image:height\" content=\"397\" \/>\n\t<meta property=\"og:image:type\" content=\"image\/jpeg\" \/>\n<meta name=\"author\" content=\"Med Ahmed\" \/>\n<meta name=\"twitter:card\" content=\"summary_large_image\" \/>\n<meta name=\"twitter:creator\" content=\"@lequotidienmr\" \/>\n<meta name=\"twitter:site\" content=\"@lequotidienmr\" \/>\n<meta name=\"twitter:label1\" content=\"\u0643\u064f\u062a\u0628 \u0628\u0648\u0627\u0633\u0637\u0629\" \/>\n\t<meta name=\"twitter:data1\" content=\"Med Ahmed\" \/>\n\t<meta name=\"twitter:label2\" content=\"\u0648\u0642\u062a \u0627\u0644\u0642\u0631\u0627\u0621\u0629 \u0627\u0644\u0645\u064f\u0642\u062f\u0651\u0631\" \/>\n\t<meta name=\"twitter:data2\" content=\"3 \u062f\u0642\u0627\u0626\u0642\" \/>\n<script type=\"application\/ld+json\" class=\"yoast-schema-graph\">{\"@context\":\"https:\\\/\\\/schema.org\",\"@graph\":[{\"@type\":\"Article\",\"@id\":\"https:\\\/\\\/lequotidien.mr\\\/?p=26655&lang=fr#article\",\"isPartOf\":{\"@id\":\"https:\\\/\\\/lequotidien.mr\\\/?p=26655&lang=fr\"},\"author\":{\"name\":\"Med Ahmed\",\"@id\":\"https:\\\/\\\/lequotidien.mr\\\/#\\\/schema\\\/person\\\/d2d350202a4d599685ed8abc25f97596\"},\"headline\":\"Le ministre de l&#8217;\u00c9quipement et des Transports sur le terrain pour \u00e9valuer l\u2019avanc\u00e9e des projets routiers du programme d\u2019urgence de Nouakchott\",\"datePublished\":\"2025-04-07T13:05:08+00:00\",\"mainEntityOfPage\":{\"@id\":\"https:\\\/\\\/lequotidien.mr\\\/?p=26655&lang=fr\"},\"wordCount\":555,\"commentCount\":0,\"publisher\":{\"@id\":\"https:\\\/\\\/lequotidien.mr\\\/#organization\"},\"image\":{\"@id\":\"https:\\\/\\\/lequotidien.mr\\\/?p=26655&lang=fr#primaryimage\"},\"thumbnailUrl\":\"https:\\\/\\\/lequotidien.mr\\\/wp-content\\\/uploads\\\/2025\\\/04\\\/photo-ministre-transport-_-terrain.jpg\",\"articleSection\":[\"ACTUALIT\u00c9\",\"Economie\"],\"inLanguage\":\"ar\",\"potentialAction\":[{\"@type\":\"CommentAction\",\"name\":\"Comment\",\"target\":[\"https:\\\/\\\/lequotidien.mr\\\/?p=26655&lang=fr#respond\"]}]},{\"@type\":\"WebPage\",\"@id\":\"https:\\\/\\\/lequotidien.mr\\\/?p=26655&lang=fr\",\"url\":\"https:\\\/\\\/lequotidien.mr\\\/?p=26655&lang=fr\",\"name\":\"Le ministre de l'\u00c9quipement et des Transports sur le terrain pour \u00e9valuer l\u2019avanc\u00e9e des projets routiers du programme d\u2019urgence de Nouakchott - Le Quotidien de Nouakchott\",\"isPartOf\":{\"@id\":\"https:\\\/\\\/lequotidien.mr\\\/#website\"},\"primaryImageOfPage\":{\"@id\":\"https:\\\/\\\/lequotidien.mr\\\/?p=26655&lang=fr#primaryimage\"},\"image\":{\"@id\":\"https:\\\/\\\/lequotidien.mr\\\/?p=26655&lang=fr#primaryimage\"},\"thumbnailUrl\":\"https:\\\/\\\/lequotidien.mr\\\/wp-content\\\/uploads\\\/2025\\\/04\\\/photo-ministre-transport-_-terrain.jpg\",\"datePublished\":\"2025-04-07T13:05:08+00:00\",\"breadcrumb\":{\"@id\":\"https:\\\/\\\/lequotidien.mr\\\/?p=26655&lang=fr#breadcrumb\"},\"inLanguage\":\"ar\",\"potentialAction\":[{\"@type\":\"ReadAction\",\"target\":[\"https:\\\/\\\/lequotidien.mr\\\/?p=26655&lang=fr\"]}]},{\"@type\":\"ImageObject\",\"inLanguage\":\"ar\",\"@id\":\"https:\\\/\\\/lequotidien.mr\\\/?p=26655&lang=fr#primaryimage\",\"url\":\"https:\\\/\\\/lequotidien.mr\\\/wp-content\\\/uploads\\\/2025\\\/04\\\/photo-ministre-transport-_-terrain.jpg\",\"contentUrl\":\"https:\\\/\\\/lequotidien.mr\\\/wp-content\\\/uploads\\\/2025\\\/04\\\/photo-ministre-transport-_-terrain.jpg\",\"width\":642,\"height\":397},{\"@type\":\"BreadcrumbList\",\"@id\":\"https:\\\/\\\/lequotidien.mr\\\/?p=26655&lang=fr#breadcrumb\",\"itemListElement\":[{\"@type\":\"ListItem\",\"position\":1,\"name\":\"Home\",\"item\":\"https:\\\/\\\/lequotidien.mr\\\/\"},{\"@type\":\"ListItem\",\"position\":2,\"name\":\"Le ministre de l&#8217;\u00c9quipement et des Transports sur le terrain pour \u00e9valuer l\u2019avanc\u00e9e des projets routiers du programme d\u2019urgence de Nouakchott\"}]},{\"@type\":\"WebSite\",\"@id\":\"https:\\\/\\\/lequotidien.mr\\\/#website\",\"url\":\"https:\\\/\\\/lequotidien.mr\\\/\",\"name\":\"Le Quotidien de Nouakchott\",\"description\":\"\u0625\u062e\u0628\u0627\u0631\u064a\u0629 \u0645\u0633\u062a\u0642\u0644\u0629 \u0644\u0644\u0623\u0646\u0628\u0627\u0621 \u0627\u0644\u0639\u0627\u0645\u0629\",\"publisher\":{\"@id\":\"https:\\\/\\\/lequotidien.mr\\\/#organization\"},\"potentialAction\":[{\"@type\":\"SearchAction\",\"target\":{\"@type\":\"EntryPoint\",\"urlTemplate\":\"https:\\\/\\\/lequotidien.mr\\\/?s={search_term_string}\"},\"query-input\":{\"@type\":\"PropertyValueSpecification\",\"valueRequired\":true,\"valueName\":\"search_term_string\"}}],\"inLanguage\":\"ar\"},{\"@type\":\"Organization\",\"@id\":\"https:\\\/\\\/lequotidien.mr\\\/#organization\",\"name\":\"Le Quotidien de Nouakchott\",\"url\":\"https:\\\/\\\/lequotidien.mr\\\/\",\"logo\":{\"@type\":\"ImageObject\",\"inLanguage\":\"ar\",\"@id\":\"https:\\\/\\\/lequotidien.mr\\\/#\\\/schema\\\/logo\\\/image\\\/\",\"url\":\"https:\\\/\\\/lequotidien.mr\\\/wp-content\\\/uploads\\\/2022\\\/11\\\/logolequotidien.jpg\",\"contentUrl\":\"https:\\\/\\\/lequotidien.mr\\\/wp-content\\\/uploads\\\/2022\\\/11\\\/logolequotidien.jpg\",\"width\":290,\"height\":65,\"caption\":\"Le Quotidien de Nouakchott\"},\"image\":{\"@id\":\"https:\\\/\\\/lequotidien.mr\\\/#\\\/schema\\\/logo\\\/image\\\/\"},\"sameAs\":[\"https:\\\/\\\/web.facebook.com\\\/lequotidienmr\",\"https:\\\/\\\/x.com\\\/lequotidienmr\"]},{\"@type\":\"Person\",\"@id\":\"https:\\\/\\\/lequotidien.mr\\\/#\\\/schema\\\/person\\\/d2d350202a4d599685ed8abc25f97596\",\"name\":\"Med Ahmed\",\"image\":{\"@type\":\"ImageObject\",\"inLanguage\":\"ar\",\"@id\":\"https:\\\/\\\/secure.gravatar.com\\\/avatar\\\/fd2acc62ed50732923d1d39c17172c9b04149f142be92310ecc69e1358f94b52?s=96&d=mm&r=g\",\"url\":\"https:\\\/\\\/secure.gravatar.com\\\/avatar\\\/fd2acc62ed50732923d1d39c17172c9b04149f142be92310ecc69e1358f94b52?s=96&d=mm&r=g\",\"contentUrl\":\"https:\\\/\\\/secure.gravatar.com\\\/avatar\\\/fd2acc62ed50732923d1d39c17172c9b04149f142be92310ecc69e1358f94b52?s=96&d=mm&r=g\",\"caption\":\"Med Ahmed\"},\"url\":\"https:\\\/\\\/lequotidien.mr\\\/?author=12\"}]}<\/script>\n<!-- \/ Yoast SEO plugin. -->","yoast_head_json":{"title":"Le ministre de l'\u00c9quipement et des Transports sur le terrain pour \u00e9valuer l\u2019avanc\u00e9e des projets routiers du programme d\u2019urgence de Nouakchott - Le Quotidien de Nouakchott","robots":{"index":"index","follow":"follow","max-snippet":"max-snippet:-1","max-image-preview":"max-image-preview:large","max-video-preview":"max-video-preview:-1"},"canonical":"https:\/\/lequotidien.mr\/?p=26655&lang=fr","og_locale":"ar_AR","og_type":"article","og_title":"Le ministre de l'\u00c9quipement et des Transports sur le terrain pour \u00e9valuer l\u2019avanc\u00e9e des projets routiers du programme d\u2019urgence de Nouakchott - Le Quotidien de Nouakchott","og_description":"Le ministre de l&#8217;\u00c9quipement et des Transports, M. Ely El\u00a0 Veirich, a annonc\u00e9 avoir pris des \u00ab d\u00e9cisions d\u00e9cisives pour r\u00e9soudre les d\u00e9fis techniques li\u00e9s aux composantes routi\u00e8res \u00bb du Programme urgent de d\u00e9veloppement et de modernisation de la ville de Nouakchott. Cette d\u00e9claration a \u00e9t\u00e9 faite \u00e0 l\u2019issue d\u2019une visite de terrain ce samedi,.....","og_url":"https:\/\/lequotidien.mr\/?p=26655&lang=fr","og_site_name":"Le Quotidien de Nouakchott","article_publisher":"https:\/\/web.facebook.com\/lequotidienmr","article_published_time":"2025-04-07T13:05:08+00:00","og_image":[{"width":642,"height":397,"url":"https:\/\/lequotidien.mr\/wp-content\/uploads\/2025\/04\/photo-ministre-transport-_-terrain.jpg","type":"image\/jpeg"}],"author":"Med Ahmed","twitter_card":"summary_large_image","twitter_creator":"@lequotidienmr","twitter_site":"@lequotidienmr","twitter_misc":{"\u0643\u064f\u062a\u0628 \u0628\u0648\u0627\u0633\u0637\u0629":"Med Ahmed","\u0648\u0642\u062a \u0627\u0644\u0642\u0631\u0627\u0621\u0629 \u0627\u0644\u0645\u064f\u0642\u062f\u0651\u0631":"3 \u062f\u0642\u0627\u0626\u0642"},"schema":{"@context":"https:\/\/schema.org","@graph":[{"@type":"Article","@id":"https:\/\/lequotidien.mr\/?p=26655&lang=fr#article","isPartOf":{"@id":"https:\/\/lequotidien.mr\/?p=26655&lang=fr"},"author":{"name":"Med Ahmed","@id":"https:\/\/lequotidien.mr\/#\/schema\/person\/d2d350202a4d599685ed8abc25f97596"},"headline":"Le ministre de l&#8217;\u00c9quipement et des Transports sur le terrain pour \u00e9valuer l\u2019avanc\u00e9e des projets routiers du programme d\u2019urgence de Nouakchott","datePublished":"2025-04-07T13:05:08+00:00","mainEntityOfPage":{"@id":"https:\/\/lequotidien.mr\/?p=26655&lang=fr"},"wordCount":555,"commentCount":0,"publisher":{"@id":"https:\/\/lequotidien.mr\/#organization"},"image":{"@id":"https:\/\/lequotidien.mr\/?p=26655&lang=fr#primaryimage"},"thumbnailUrl":"https:\/\/lequotidien.mr\/wp-content\/uploads\/2025\/04\/photo-ministre-transport-_-terrain.jpg","articleSection":["ACTUALIT\u00c9","Economie"],"inLanguage":"ar","potentialAction":[{"@type":"CommentAction","name":"Comment","target":["https:\/\/lequotidien.mr\/?p=26655&lang=fr#respond"]}]},{"@type":"WebPage","@id":"https:\/\/lequotidien.mr\/?p=26655&lang=fr","url":"https:\/\/lequotidien.mr\/?p=26655&lang=fr","name":"Le ministre de l'\u00c9quipement et des Transports sur le terrain pour \u00e9valuer l\u2019avanc\u00e9e des projets routiers du programme d\u2019urgence de Nouakchott - Le Quotidien de Nouakchott","isPartOf":{"@id":"https:\/\/lequotidien.mr\/#website"},"primaryImageOfPage":{"@id":"https:\/\/lequotidien.mr\/?p=26655&lang=fr#primaryimage"},"image":{"@id":"https:\/\/lequotidien.mr\/?p=26655&lang=fr#primaryimage"},"thumbnailUrl":"https:\/\/lequotidien.mr\/wp-content\/uploads\/2025\/04\/photo-ministre-transport-_-terrain.jpg","datePublished":"2025-04-07T13:05:08+00:00","breadcrumb":{"@id":"https:\/\/lequotidien.mr\/?p=26655&lang=fr#breadcrumb"},"inLanguage":"ar","potentialAction":[{"@type":"ReadAction","target":["https:\/\/lequotidien.mr\/?p=26655&lang=fr"]}]},{"@type":"ImageObject","inLanguage":"ar","@id":"https:\/\/lequotidien.mr\/?p=26655&lang=fr#primaryimage","url":"https:\/\/lequotidien.mr\/wp-content\/uploads\/2025\/04\/photo-ministre-transport-_-terrain.jpg","contentUrl":"https:\/\/lequotidien.mr\/wp-content\/uploads\/2025\/04\/photo-ministre-transport-_-terrain.jpg","width":642,"height":397},{"@type":"BreadcrumbList","@id":"https:\/\/lequotidien.mr\/?p=26655&lang=fr#breadcrumb","itemListElement":[{"@type":"ListItem","position":1,"name":"Home","item":"https:\/\/lequotidien.mr\/"},{"@type":"ListItem","position":2,"name":"Le ministre de l&#8217;\u00c9quipement et des Transports sur le terrain pour \u00e9valuer l\u2019avanc\u00e9e des projets routiers du programme d\u2019urgence de Nouakchott"}]},{"@type":"WebSite","@id":"https:\/\/lequotidien.mr\/#website","url":"https:\/\/lequotidien.mr\/","name":"Le Quotidien de Nouakchott","description":"\u0625\u062e\u0628\u0627\u0631\u064a\u0629 \u0645\u0633\u062a\u0642\u0644\u0629 \u0644\u0644\u0623\u0646\u0628\u0627\u0621 \u0627\u0644\u0639\u0627\u0645\u0629","publisher":{"@id":"https:\/\/lequotidien.mr\/#organization"},"potentialAction":[{"@type":"SearchAction","target":{"@type":"EntryPoint","urlTemplate":"https:\/\/lequotidien.mr\/?s={search_term_string}"},"query-input":{"@type":"PropertyValueSpecification","valueRequired":true,"valueName":"search_term_string"}}],"inLanguage":"ar"},{"@type":"Organization","@id":"https:\/\/lequotidien.mr\/#organization","name":"Le Quotidien de Nouakchott","url":"https:\/\/lequotidien.mr\/","logo":{"@type":"ImageObject","inLanguage":"ar","@id":"https:\/\/lequotidien.mr\/#\/schema\/logo\/image\/","url":"https:\/\/lequotidien.mr\/wp-content\/uploads\/2022\/11\/logolequotidien.jpg","contentUrl":"https:\/\/lequotidien.mr\/wp-content\/uploads\/2022\/11\/logolequotidien.jpg","width":290,"height":65,"caption":"Le Quotidien de Nouakchott"},"image":{"@id":"https:\/\/lequotidien.mr\/#\/schema\/logo\/image\/"},"sameAs":["https:\/\/web.facebook.com\/lequotidienmr","https:\/\/x.com\/lequotidienmr"]},{"@type":"Person","@id":"https:\/\/lequotidien.mr\/#\/schema\/person\/d2d350202a4d599685ed8abc25f97596","name":"Med Ahmed","image":{"@type":"ImageObject","inLanguage":"ar","@id":"https:\/\/secure.gravatar.com\/avatar\/fd2acc62ed50732923d1d39c17172c9b04149f142be92310ecc69e1358f94b52?s=96&d=mm&r=g","url":"https:\/\/secure.gravatar.com\/avatar\/fd2acc62ed50732923d1d39c17172c9b04149f142be92310ecc69e1358f94b52?s=96&d=mm&r=g","contentUrl":"https:\/\/secure.gravatar.com\/avatar\/fd2acc62ed50732923d1d39c17172c9b04149f142be92310ecc69e1358f94b52?s=96&d=mm&r=g","caption":"Med Ahmed"},"url":"https:\/\/lequotidien.mr\/?author=12"}]}},"_links":{"self":[{"href":"https:\/\/lequotidien.mr\/index.php?rest_route=\/wp\/v2\/posts\/26655","targetHints":{"allow":["GET"]}}],"collection":[{"href":"https:\/\/lequotidien.mr\/index.php?rest_route=\/wp\/v2\/posts"}],"about":[{"href":"https:\/\/lequotidien.mr\/index.php?rest_route=\/wp\/v2\/types\/post"}],"author":[{"embeddable":true,"href":"https:\/\/lequotidien.mr\/index.php?rest_route=\/wp\/v2\/users\/12"}],"replies":[{"embeddable":true,"href":"https:\/\/lequotidien.mr\/index.php?rest_route=%2Fwp%2Fv2%2Fcomments&post=26655"}],"version-history":[{"count":1,"href":"https:\/\/lequotidien.mr\/index.php?rest_route=\/wp\/v2\/posts\/26655\/revisions"}],"predecessor-version":[{"id":26657,"href":"https:\/\/lequotidien.mr\/index.php?rest_route=\/wp\/v2\/posts\/26655\/revisions\/26657"}],"wp:featuredmedia":[{"embeddable":true,"href":"https:\/\/lequotidien.mr\/index.php?rest_route=\/wp\/v2\/media\/26656"}],"wp:attachment":[{"href":"https:\/\/lequotidien.mr\/index.php?rest_route=%2Fwp%2Fv2%2Fmedia&parent=26655"}],"wp:term":[{"taxonomy":"category","embeddable":true,"href":"https:\/\/lequotidien.mr\/index.php?rest_route=%2Fwp%2Fv2%2Fcategories&post=26655"},{"taxonomy":"post_tag","embeddable":true,"href":"https:\/\/lequotidien.mr\/index.php?rest_route=%2Fwp%2Fv2%2Ftags&post=26655"}],"curies":[{"name":"wp","href":"https:\/\/api.w.org\/{rel}","templated":true}]}}