{"id":26597,"date":"2025-04-03T16:28:27","date_gmt":"2025-04-03T16:28:27","guid":{"rendered":"https:\/\/lequotidien.mr\/?p=26597"},"modified":"2025-04-03T16:28:27","modified_gmt":"2025-04-03T16:28:27","slug":"resultats-du-conseil-des-ministres-le-gouvernement-mauritanien-devoile-un-programme-ambitieux-pour-le-developpement-local-dun-cout-de-26-milliards-mru","status":"publish","type":"post","link":"https:\/\/lequotidien.mr\/?p=26597&lang=fr","title":{"rendered":"R\u00e9sultats du Conseil des ministres : Le Gouvernement mauritanien d\u00e9voile un programme ambitieux pour le d\u00e9veloppement local d\u2019un co\u00fbt de 26 milliards MRU"},"content":{"rendered":"<p>Mercredi soir, plusieurs membres du Gouvernement mauritanien ont comment\u00e9 les d\u00e9cisions issues du conseil des ministres tenu plus t\u00f4t dans la journ\u00e9e. Lors d\u2019une conf\u00e9rence de presse anim\u00e9e par M. Houssein Medou, ministre de la Culture, des Arts, de la Communication et des Relations avec le Parlement, porte-parole du Gouvernement, aux c\u00f4t\u00e9s de M. Sid Ahmed Bouh, ministre de l\u2019\u00c9conomie et des Finances, et de M. Sid Ahmed Ely Benane, Commissaire aux Droits de l\u2019Homme, \u00e0 l\u2019Action humanitaire et aux Relations avec la Soci\u00e9t\u00e9 civile, les d\u00e9tails d\u2019un programme de d\u00e9veloppement local d\u2019envergure et des r\u00e9formes juridiques majeures ont \u00e9t\u00e9 d\u00e9taill\u00e9s.<\/p>\n<p><strong>Un programme d\u2019urgence pour le d\u00e9veloppement local<\/strong><\/p>\n<p>D\u00e8s son mot introductif, M. Houssein Medou a rappel\u00e9 que le conseil des ministres avait adopt\u00e9 plusieurs projets de loi et d\u00e9crets, notamment sur le d\u00e9veloppement local, la valorisation du corps enseignant et la lutte contre la traite des \u00eatres humains. Invit\u00e9 \u00e0 pr\u00e9ciser les contours du plan de d\u00e9veloppement, M. Sid Ahmed Bouh a pr\u00e9sent\u00e9 un \u00ab programme d\u2019urgence \u00bb visant \u00e0 acc\u00e9l\u00e9rer l\u2019ex\u00e9cution du d\u00e9veloppement local dans 12 r\u00e9gions du pays, sur une p\u00e9riode de 30 mois. Dot\u00e9 d\u2019une enveloppe de\u00a0<strong>260 milliards d\u2019Ouguiyas (MRO)<\/strong>\u00a0enti\u00e8rement financ\u00e9e par l\u2019\u00c9tat, ce programme s\u2019articule autour de huit composantes cl\u00e9s :<\/p>\n<p><strong>&#8211;<\/strong><strong>Sant\u00e9<\/strong>\u00a0(80 milliards MRO)\u00a0;<\/p>\n<p><strong>&#8211;<\/strong><strong>\u00c9ducation<\/strong><strong>\u00a0<\/strong>(70 milliards MRO)\u00a0;<\/p>\n<p>-Acc\u00e8s \u00e0 l\u2019eau potable et \u00e0 l\u2019\u00e9lectricit\u00e9\u00a0;<\/p>\n<p>-D\u00e9senclavement des zones rurales\u00a0;<\/p>\n<p>-Soutien \u00e0 l\u2019agriculture et \u00e0 l\u2019\u00e9levage\u00a0;<\/p>\n<p>-Autonomisation des jeunes.<\/p>\n<p>\u00ab Ce programme n\u2019est pas un substitut aux projets structurels existants, mais il traduit la volont\u00e9 de l\u2019\u00c9tat de r\u00e9pondre aux priorit\u00e9s exprim\u00e9es par les citoyens \u00bb, a insist\u00e9 le ministre, soulignant une\u00a0<strong>m\u00e9thodologie participative<\/strong>\u00a0ayant permis d\u2019identifier 96 % des besoins directement aupr\u00e8s des populations. Pour garantir son efficacit\u00e9, un\u00a0<strong>comit\u00e9 interminist\u00e9riel<\/strong>, pr\u00e9sid\u00e9 par le Premier ministre et compos\u00e9 de huit ministres ainsi que des autorit\u00e9s locales, supervisera les projets en s\u2019appuyant sur les le\u00e7ons tir\u00e9es des initiatives pass\u00e9es.<\/p>\n<p><strong>Education et lutte contre la traite humaine<\/strong><\/p>\n<p>Le ministre de l\u2019\u00c9conomie a \u00e9galement \u00e9voqu\u00e9 un\u00a0<strong>d\u00e9cret visant \u00e0 am\u00e9liorer les conditions des enseignants<\/strong>, notamment ceux assurant des heures suppl\u00e9mentaires en classe de sixi\u00e8me ann\u00e9e du fondamental et les inspecteurs, qui b\u00e9n\u00e9ficieront d\u00e9sormais d\u2019avantages sp\u00e9cifiques.<\/p>\n<p>Sur un autre front, M. Sid Ahmed Ely Benane a d\u00e9taill\u00e9 le\u00a0<strong>projet de d\u00e9cret contre la traite des \u00eatres humains<\/strong>, un texte de 21 articles structur\u00e9 en quatre chapitres. Ce dispositif juridique renforce la protection des victimes, de leurs familles, des t\u00e9moins et des agents infiltr\u00e9s, tout en pr\u00e9voyant des mesures d\u2019assistance m\u00e9dicale et une coop\u00e9ration accrue avec les organisations sp\u00e9cialis\u00e9es. Interrog\u00e9 sur le travail domestique, le Commissaire a pr\u00e9cis\u00e9 que le texte s\u2019appliquera notamment aux cas de\u00a0<strong>travail forc\u00e9 impliquant des mineurs<\/strong>, rappelant que \u00ab la lutte contre la traite est l\u2019affaire de tous \u00bb.<\/p>\n<p><strong>Migration, dialogue politique et coop\u00e9ration m\u00e9diatique<\/strong><\/p>\n<p>Revenant sur les questions migratoires, M. Houssein Medou a r\u00e9affirm\u00e9 l\u2019engagement de la Mauritanie \u00e0 agir \u00ab dans le respect de la dignit\u00e9 humaine et de la loi \u00bb, d\u00e9mentant cat\u00e9goriquement les all\u00e9gations de conditions de r\u00e9tention indignes pour les migrants en attente de refoulement. Il a \u00e9galement \u00e9voqu\u00e9 des\u00a0<strong>\u00e9changes constructifs avec les pays voisins<\/strong>\u00a0pour faciliter les proc\u00e9dures de s\u00e9jour r\u00e9gulier.<\/p>\n<p>Concernant le\u00a0<strong>dialogue politique<\/strong>\u00a0annonc\u00e9 par le Pr\u00e9sident de la R\u00e9publique, le porte-parole a indiqu\u00e9 que le coordinateur nomm\u00e9 poursuit ses consultations et animera une conf\u00e9rence de presse la semaine prochaine pour en exposer les avanc\u00e9es.<\/p>\n<p>Enfin, dans le secteur des m\u00e9dias, M. Medou a annonc\u00e9 un\u00a0<strong>projet de coop\u00e9ration avec l\u2019Alg\u00e9rie<\/strong>\u00a0comprenant la construction d\u2019un complexe m\u00e9diatique sur 9 hectares \u00e0 Nouakchott, int\u00e9grant une \u00ab Maison de la Presse \u00bb. Les travaux d\u00e9buteront prochainement, marquant une nouvelle \u00e9tape dans le renforcement des infrastructures d\u00e9di\u00e9es \u00e0 l\u2019information.<\/p>\n<p>Avec ces annonces, le Gouvernement mauritanien affiche sa d\u00e9termination \u00e0 conjuguer d\u00e9veloppement inclusif, protection des droits humains et ouverture internationale, tout en misant sur le dialogue pour consolider la stabilit\u00e9 sociale.<\/p>\n<p><strong>\u00a0<\/strong><\/p>\n","protected":false},"excerpt":{"rendered":"<p>Mercredi soir, plusieurs membres du Gouvernement mauritanien ont comment\u00e9 les d\u00e9cisions issues du conseil des ministres tenu plus t\u00f4t dans la journ\u00e9e. Lors d\u2019une conf\u00e9rence de presse anim\u00e9e par M. Houssein Medou, ministre de la Culture, des Arts, de la Communication et des Relations avec le Parlement, porte-parole du Gouvernement, aux c\u00f4t\u00e9s de M. Sid&#8230;..<\/p>\n","protected":false},"author":12,"featured_media":26598,"comment_status":"open","ping_status":"open","sticky":false,"template":"","format":"standard","meta":{"footnotes":""},"categories":[23,49],"tags":[],"class_list":["post-26597","post","type-post","status-publish","format-standard","has-post-thumbnail","hentry","category-actualite","category-economie"],"yoast_head":"<!-- This site is optimized with the Yoast SEO plugin v27.5 - https:\/\/yoast.com\/product\/yoast-seo-wordpress\/ -->\n<title>R\u00e9sultats du Conseil des ministres : Le Gouvernement mauritanien d\u00e9voile un programme ambitieux pour le d\u00e9veloppement local d\u2019un co\u00fbt de 26 milliards MRU - Le Quotidien de Nouakchott<\/title>\n<meta name=\"robots\" content=\"index, follow, max-snippet:-1, max-image-preview:large, max-video-preview:-1\" \/>\n<link rel=\"canonical\" href=\"https:\/\/lequotidien.mr\/?p=26597&lang=fr\" \/>\n<meta property=\"og:locale\" content=\"ar_AR\" \/>\n<meta property=\"og:type\" content=\"article\" \/>\n<meta property=\"og:title\" content=\"R\u00e9sultats du Conseil des ministres : Le Gouvernement mauritanien d\u00e9voile un programme ambitieux pour le d\u00e9veloppement local d\u2019un co\u00fbt de 26 milliards MRU - Le Quotidien de Nouakchott\" \/>\n<meta property=\"og:description\" content=\"Mercredi soir, plusieurs membres du Gouvernement mauritanien ont comment\u00e9 les d\u00e9cisions issues du conseil des ministres tenu plus t\u00f4t dans la journ\u00e9e. Lors d\u2019une conf\u00e9rence de presse anim\u00e9e par M. Houssein Medou, ministre de la Culture, des Arts, de la Communication et des Relations avec le Parlement, porte-parole du Gouvernement, aux c\u00f4t\u00e9s de M. Sid.....\" \/>\n<meta property=\"og:url\" content=\"https:\/\/lequotidien.mr\/?p=26597&amp;lang=fr\" \/>\n<meta property=\"og:site_name\" content=\"Le Quotidien de Nouakchott\" \/>\n<meta property=\"article:publisher\" content=\"https:\/\/web.facebook.com\/lequotidienmr\" \/>\n<meta property=\"article:published_time\" content=\"2025-04-03T16:28:27+00:00\" \/>\n<meta property=\"og:image\" content=\"https:\/\/lequotidien.mr\/wp-content\/uploads\/2025\/04\/photo-analyse-CM-3-4-2025.jpg\" \/>\n\t<meta property=\"og:image:width\" content=\"632\" \/>\n\t<meta property=\"og:image:height\" content=\"386\" \/>\n\t<meta property=\"og:image:type\" content=\"image\/jpeg\" \/>\n<meta name=\"author\" content=\"Med Ahmed\" \/>\n<meta name=\"twitter:card\" content=\"summary_large_image\" \/>\n<meta name=\"twitter:creator\" content=\"@lequotidienmr\" \/>\n<meta name=\"twitter:site\" content=\"@lequotidienmr\" \/>\n<meta name=\"twitter:label1\" content=\"\u0643\u064f\u062a\u0628 \u0628\u0648\u0627\u0633\u0637\u0629\" \/>\n\t<meta name=\"twitter:data1\" content=\"Med Ahmed\" \/>\n\t<meta name=\"twitter:label2\" content=\"\u0648\u0642\u062a \u0627\u0644\u0642\u0631\u0627\u0621\u0629 \u0627\u0644\u0645\u064f\u0642\u062f\u0651\u0631\" \/>\n\t<meta name=\"twitter:data2\" content=\"4 \u062f\u0642\u0627\u0626\u0642\" \/>\n<script type=\"application\/ld+json\" class=\"yoast-schema-graph\">{\"@context\":\"https:\\\/\\\/schema.org\",\"@graph\":[{\"@type\":\"Article\",\"@id\":\"https:\\\/\\\/lequotidien.mr\\\/?p=26597&lang=fr#article\",\"isPartOf\":{\"@id\":\"https:\\\/\\\/lequotidien.mr\\\/?p=26597&lang=fr\"},\"author\":{\"name\":\"Med Ahmed\",\"@id\":\"https:\\\/\\\/lequotidien.mr\\\/#\\\/schema\\\/person\\\/d2d350202a4d599685ed8abc25f97596\"},\"headline\":\"R\u00e9sultats du Conseil des ministres : Le Gouvernement mauritanien d\u00e9voile un programme ambitieux pour le d\u00e9veloppement local d\u2019un co\u00fbt de 26 milliards MRU\",\"datePublished\":\"2025-04-03T16:28:27+00:00\",\"mainEntityOfPage\":{\"@id\":\"https:\\\/\\\/lequotidien.mr\\\/?p=26597&lang=fr\"},\"wordCount\":755,\"commentCount\":0,\"publisher\":{\"@id\":\"https:\\\/\\\/lequotidien.mr\\\/#organization\"},\"image\":{\"@id\":\"https:\\\/\\\/lequotidien.mr\\\/?p=26597&lang=fr#primaryimage\"},\"thumbnailUrl\":\"https:\\\/\\\/lequotidien.mr\\\/wp-content\\\/uploads\\\/2025\\\/04\\\/photo-analyse-CM-3-4-2025.jpg\",\"articleSection\":[\"ACTUALIT\u00c9\",\"Economie\"],\"inLanguage\":\"ar\",\"potentialAction\":[{\"@type\":\"CommentAction\",\"name\":\"Comment\",\"target\":[\"https:\\\/\\\/lequotidien.mr\\\/?p=26597&lang=fr#respond\"]}]},{\"@type\":\"WebPage\",\"@id\":\"https:\\\/\\\/lequotidien.mr\\\/?p=26597&lang=fr\",\"url\":\"https:\\\/\\\/lequotidien.mr\\\/?p=26597&lang=fr\",\"name\":\"R\u00e9sultats du Conseil des ministres : Le Gouvernement mauritanien d\u00e9voile un programme ambitieux pour le d\u00e9veloppement local d\u2019un co\u00fbt de 26 milliards MRU - Le Quotidien de Nouakchott\",\"isPartOf\":{\"@id\":\"https:\\\/\\\/lequotidien.mr\\\/#website\"},\"primaryImageOfPage\":{\"@id\":\"https:\\\/\\\/lequotidien.mr\\\/?p=26597&lang=fr#primaryimage\"},\"image\":{\"@id\":\"https:\\\/\\\/lequotidien.mr\\\/?p=26597&lang=fr#primaryimage\"},\"thumbnailUrl\":\"https:\\\/\\\/lequotidien.mr\\\/wp-content\\\/uploads\\\/2025\\\/04\\\/photo-analyse-CM-3-4-2025.jpg\",\"datePublished\":\"2025-04-03T16:28:27+00:00\",\"breadcrumb\":{\"@id\":\"https:\\\/\\\/lequotidien.mr\\\/?p=26597&lang=fr#breadcrumb\"},\"inLanguage\":\"ar\",\"potentialAction\":[{\"@type\":\"ReadAction\",\"target\":[\"https:\\\/\\\/lequotidien.mr\\\/?p=26597&lang=fr\"]}]},{\"@type\":\"ImageObject\",\"inLanguage\":\"ar\",\"@id\":\"https:\\\/\\\/lequotidien.mr\\\/?p=26597&lang=fr#primaryimage\",\"url\":\"https:\\\/\\\/lequotidien.mr\\\/wp-content\\\/uploads\\\/2025\\\/04\\\/photo-analyse-CM-3-4-2025.jpg\",\"contentUrl\":\"https:\\\/\\\/lequotidien.mr\\\/wp-content\\\/uploads\\\/2025\\\/04\\\/photo-analyse-CM-3-4-2025.jpg\",\"width\":632,\"height\":386},{\"@type\":\"BreadcrumbList\",\"@id\":\"https:\\\/\\\/lequotidien.mr\\\/?p=26597&lang=fr#breadcrumb\",\"itemListElement\":[{\"@type\":\"ListItem\",\"position\":1,\"name\":\"Home\",\"item\":\"https:\\\/\\\/lequotidien.mr\\\/\"},{\"@type\":\"ListItem\",\"position\":2,\"name\":\"R\u00e9sultats du Conseil des ministres : Le Gouvernement mauritanien d\u00e9voile un programme ambitieux pour le d\u00e9veloppement local d\u2019un co\u00fbt de 26 milliards MRU\"}]},{\"@type\":\"WebSite\",\"@id\":\"https:\\\/\\\/lequotidien.mr\\\/#website\",\"url\":\"https:\\\/\\\/lequotidien.mr\\\/\",\"name\":\"Le Quotidien de Nouakchott\",\"description\":\"\u0625\u062e\u0628\u0627\u0631\u064a\u0629 \u0645\u0633\u062a\u0642\u0644\u0629 \u0644\u0644\u0623\u0646\u0628\u0627\u0621 \u0627\u0644\u0639\u0627\u0645\u0629\",\"publisher\":{\"@id\":\"https:\\\/\\\/lequotidien.mr\\\/#organization\"},\"potentialAction\":[{\"@type\":\"SearchAction\",\"target\":{\"@type\":\"EntryPoint\",\"urlTemplate\":\"https:\\\/\\\/lequotidien.mr\\\/?s={search_term_string}\"},\"query-input\":{\"@type\":\"PropertyValueSpecification\",\"valueRequired\":true,\"valueName\":\"search_term_string\"}}],\"inLanguage\":\"ar\"},{\"@type\":\"Organization\",\"@id\":\"https:\\\/\\\/lequotidien.mr\\\/#organization\",\"name\":\"Le Quotidien de Nouakchott\",\"url\":\"https:\\\/\\\/lequotidien.mr\\\/\",\"logo\":{\"@type\":\"ImageObject\",\"inLanguage\":\"ar\",\"@id\":\"https:\\\/\\\/lequotidien.mr\\\/#\\\/schema\\\/logo\\\/image\\\/\",\"url\":\"https:\\\/\\\/lequotidien.mr\\\/wp-content\\\/uploads\\\/2022\\\/11\\\/logolequotidien.jpg\",\"contentUrl\":\"https:\\\/\\\/lequotidien.mr\\\/wp-content\\\/uploads\\\/2022\\\/11\\\/logolequotidien.jpg\",\"width\":290,\"height\":65,\"caption\":\"Le Quotidien de Nouakchott\"},\"image\":{\"@id\":\"https:\\\/\\\/lequotidien.mr\\\/#\\\/schema\\\/logo\\\/image\\\/\"},\"sameAs\":[\"https:\\\/\\\/web.facebook.com\\\/lequotidienmr\",\"https:\\\/\\\/x.com\\\/lequotidienmr\"]},{\"@type\":\"Person\",\"@id\":\"https:\\\/\\\/lequotidien.mr\\\/#\\\/schema\\\/person\\\/d2d350202a4d599685ed8abc25f97596\",\"name\":\"Med Ahmed\",\"image\":{\"@type\":\"ImageObject\",\"inLanguage\":\"ar\",\"@id\":\"https:\\\/\\\/secure.gravatar.com\\\/avatar\\\/fd2acc62ed50732923d1d39c17172c9b04149f142be92310ecc69e1358f94b52?s=96&d=mm&r=g\",\"url\":\"https:\\\/\\\/secure.gravatar.com\\\/avatar\\\/fd2acc62ed50732923d1d39c17172c9b04149f142be92310ecc69e1358f94b52?s=96&d=mm&r=g\",\"contentUrl\":\"https:\\\/\\\/secure.gravatar.com\\\/avatar\\\/fd2acc62ed50732923d1d39c17172c9b04149f142be92310ecc69e1358f94b52?s=96&d=mm&r=g\",\"caption\":\"Med Ahmed\"},\"url\":\"https:\\\/\\\/lequotidien.mr\\\/?author=12\"}]}<\/script>\n<!-- \/ Yoast SEO plugin. -->","yoast_head_json":{"title":"R\u00e9sultats du Conseil des ministres : Le Gouvernement mauritanien d\u00e9voile un programme ambitieux pour le d\u00e9veloppement local d\u2019un co\u00fbt de 26 milliards MRU - Le Quotidien de Nouakchott","robots":{"index":"index","follow":"follow","max-snippet":"max-snippet:-1","max-image-preview":"max-image-preview:large","max-video-preview":"max-video-preview:-1"},"canonical":"https:\/\/lequotidien.mr\/?p=26597&lang=fr","og_locale":"ar_AR","og_type":"article","og_title":"R\u00e9sultats du Conseil des ministres : Le Gouvernement mauritanien d\u00e9voile un programme ambitieux pour le d\u00e9veloppement local d\u2019un co\u00fbt de 26 milliards MRU - Le Quotidien de Nouakchott","og_description":"Mercredi soir, plusieurs membres du Gouvernement mauritanien ont comment\u00e9 les d\u00e9cisions issues du conseil des ministres tenu plus t\u00f4t dans la journ\u00e9e. Lors d\u2019une conf\u00e9rence de presse anim\u00e9e par M. Houssein Medou, ministre de la Culture, des Arts, de la Communication et des Relations avec le Parlement, porte-parole du Gouvernement, aux c\u00f4t\u00e9s de M. Sid.....","og_url":"https:\/\/lequotidien.mr\/?p=26597&lang=fr","og_site_name":"Le Quotidien de Nouakchott","article_publisher":"https:\/\/web.facebook.com\/lequotidienmr","article_published_time":"2025-04-03T16:28:27+00:00","og_image":[{"width":632,"height":386,"url":"https:\/\/lequotidien.mr\/wp-content\/uploads\/2025\/04\/photo-analyse-CM-3-4-2025.jpg","type":"image\/jpeg"}],"author":"Med Ahmed","twitter_card":"summary_large_image","twitter_creator":"@lequotidienmr","twitter_site":"@lequotidienmr","twitter_misc":{"\u0643\u064f\u062a\u0628 \u0628\u0648\u0627\u0633\u0637\u0629":"Med Ahmed","\u0648\u0642\u062a \u0627\u0644\u0642\u0631\u0627\u0621\u0629 \u0627\u0644\u0645\u064f\u0642\u062f\u0651\u0631":"4 \u062f\u0642\u0627\u0626\u0642"},"schema":{"@context":"https:\/\/schema.org","@graph":[{"@type":"Article","@id":"https:\/\/lequotidien.mr\/?p=26597&lang=fr#article","isPartOf":{"@id":"https:\/\/lequotidien.mr\/?p=26597&lang=fr"},"author":{"name":"Med Ahmed","@id":"https:\/\/lequotidien.mr\/#\/schema\/person\/d2d350202a4d599685ed8abc25f97596"},"headline":"R\u00e9sultats du Conseil des ministres : Le Gouvernement mauritanien d\u00e9voile un programme ambitieux pour le d\u00e9veloppement local d\u2019un co\u00fbt de 26 milliards MRU","datePublished":"2025-04-03T16:28:27+00:00","mainEntityOfPage":{"@id":"https:\/\/lequotidien.mr\/?p=26597&lang=fr"},"wordCount":755,"commentCount":0,"publisher":{"@id":"https:\/\/lequotidien.mr\/#organization"},"image":{"@id":"https:\/\/lequotidien.mr\/?p=26597&lang=fr#primaryimage"},"thumbnailUrl":"https:\/\/lequotidien.mr\/wp-content\/uploads\/2025\/04\/photo-analyse-CM-3-4-2025.jpg","articleSection":["ACTUALIT\u00c9","Economie"],"inLanguage":"ar","potentialAction":[{"@type":"CommentAction","name":"Comment","target":["https:\/\/lequotidien.mr\/?p=26597&lang=fr#respond"]}]},{"@type":"WebPage","@id":"https:\/\/lequotidien.mr\/?p=26597&lang=fr","url":"https:\/\/lequotidien.mr\/?p=26597&lang=fr","name":"R\u00e9sultats du Conseil des ministres : Le Gouvernement mauritanien d\u00e9voile un programme ambitieux pour le d\u00e9veloppement local d\u2019un co\u00fbt de 26 milliards MRU - Le Quotidien de Nouakchott","isPartOf":{"@id":"https:\/\/lequotidien.mr\/#website"},"primaryImageOfPage":{"@id":"https:\/\/lequotidien.mr\/?p=26597&lang=fr#primaryimage"},"image":{"@id":"https:\/\/lequotidien.mr\/?p=26597&lang=fr#primaryimage"},"thumbnailUrl":"https:\/\/lequotidien.mr\/wp-content\/uploads\/2025\/04\/photo-analyse-CM-3-4-2025.jpg","datePublished":"2025-04-03T16:28:27+00:00","breadcrumb":{"@id":"https:\/\/lequotidien.mr\/?p=26597&lang=fr#breadcrumb"},"inLanguage":"ar","potentialAction":[{"@type":"ReadAction","target":["https:\/\/lequotidien.mr\/?p=26597&lang=fr"]}]},{"@type":"ImageObject","inLanguage":"ar","@id":"https:\/\/lequotidien.mr\/?p=26597&lang=fr#primaryimage","url":"https:\/\/lequotidien.mr\/wp-content\/uploads\/2025\/04\/photo-analyse-CM-3-4-2025.jpg","contentUrl":"https:\/\/lequotidien.mr\/wp-content\/uploads\/2025\/04\/photo-analyse-CM-3-4-2025.jpg","width":632,"height":386},{"@type":"BreadcrumbList","@id":"https:\/\/lequotidien.mr\/?p=26597&lang=fr#breadcrumb","itemListElement":[{"@type":"ListItem","position":1,"name":"Home","item":"https:\/\/lequotidien.mr\/"},{"@type":"ListItem","position":2,"name":"R\u00e9sultats du Conseil des ministres : Le Gouvernement mauritanien d\u00e9voile un programme ambitieux pour le d\u00e9veloppement local d\u2019un co\u00fbt de 26 milliards MRU"}]},{"@type":"WebSite","@id":"https:\/\/lequotidien.mr\/#website","url":"https:\/\/lequotidien.mr\/","name":"Le Quotidien de Nouakchott","description":"\u0625\u062e\u0628\u0627\u0631\u064a\u0629 \u0645\u0633\u062a\u0642\u0644\u0629 \u0644\u0644\u0623\u0646\u0628\u0627\u0621 \u0627\u0644\u0639\u0627\u0645\u0629","publisher":{"@id":"https:\/\/lequotidien.mr\/#organization"},"potentialAction":[{"@type":"SearchAction","target":{"@type":"EntryPoint","urlTemplate":"https:\/\/lequotidien.mr\/?s={search_term_string}"},"query-input":{"@type":"PropertyValueSpecification","valueRequired":true,"valueName":"search_term_string"}}],"inLanguage":"ar"},{"@type":"Organization","@id":"https:\/\/lequotidien.mr\/#organization","name":"Le Quotidien de Nouakchott","url":"https:\/\/lequotidien.mr\/","logo":{"@type":"ImageObject","inLanguage":"ar","@id":"https:\/\/lequotidien.mr\/#\/schema\/logo\/image\/","url":"https:\/\/lequotidien.mr\/wp-content\/uploads\/2022\/11\/logolequotidien.jpg","contentUrl":"https:\/\/lequotidien.mr\/wp-content\/uploads\/2022\/11\/logolequotidien.jpg","width":290,"height":65,"caption":"Le Quotidien de Nouakchott"},"image":{"@id":"https:\/\/lequotidien.mr\/#\/schema\/logo\/image\/"},"sameAs":["https:\/\/web.facebook.com\/lequotidienmr","https:\/\/x.com\/lequotidienmr"]},{"@type":"Person","@id":"https:\/\/lequotidien.mr\/#\/schema\/person\/d2d350202a4d599685ed8abc25f97596","name":"Med Ahmed","image":{"@type":"ImageObject","inLanguage":"ar","@id":"https:\/\/secure.gravatar.com\/avatar\/fd2acc62ed50732923d1d39c17172c9b04149f142be92310ecc69e1358f94b52?s=96&d=mm&r=g","url":"https:\/\/secure.gravatar.com\/avatar\/fd2acc62ed50732923d1d39c17172c9b04149f142be92310ecc69e1358f94b52?s=96&d=mm&r=g","contentUrl":"https:\/\/secure.gravatar.com\/avatar\/fd2acc62ed50732923d1d39c17172c9b04149f142be92310ecc69e1358f94b52?s=96&d=mm&r=g","caption":"Med Ahmed"},"url":"https:\/\/lequotidien.mr\/?author=12"}]}},"_links":{"self":[{"href":"https:\/\/lequotidien.mr\/index.php?rest_route=\/wp\/v2\/posts\/26597","targetHints":{"allow":["GET"]}}],"collection":[{"href":"https:\/\/lequotidien.mr\/index.php?rest_route=\/wp\/v2\/posts"}],"about":[{"href":"https:\/\/lequotidien.mr\/index.php?rest_route=\/wp\/v2\/types\/post"}],"author":[{"embeddable":true,"href":"https:\/\/lequotidien.mr\/index.php?rest_route=\/wp\/v2\/users\/12"}],"replies":[{"embeddable":true,"href":"https:\/\/lequotidien.mr\/index.php?rest_route=%2Fwp%2Fv2%2Fcomments&post=26597"}],"version-history":[{"count":1,"href":"https:\/\/lequotidien.mr\/index.php?rest_route=\/wp\/v2\/posts\/26597\/revisions"}],"predecessor-version":[{"id":26599,"href":"https:\/\/lequotidien.mr\/index.php?rest_route=\/wp\/v2\/posts\/26597\/revisions\/26599"}],"wp:featuredmedia":[{"embeddable":true,"href":"https:\/\/lequotidien.mr\/index.php?rest_route=\/wp\/v2\/media\/26598"}],"wp:attachment":[{"href":"https:\/\/lequotidien.mr\/index.php?rest_route=%2Fwp%2Fv2%2Fmedia&parent=26597"}],"wp:term":[{"taxonomy":"category","embeddable":true,"href":"https:\/\/lequotidien.mr\/index.php?rest_route=%2Fwp%2Fv2%2Fcategories&post=26597"},{"taxonomy":"post_tag","embeddable":true,"href":"https:\/\/lequotidien.mr\/index.php?rest_route=%2Fwp%2Fv2%2Ftags&post=26597"}],"curies":[{"name":"wp","href":"https:\/\/api.w.org\/{rel}","templated":true}]}}