{"id":26546,"date":"2025-04-01T13:51:38","date_gmt":"2025-04-01T13:51:38","guid":{"rendered":"https:\/\/lequotidien.mr\/?p=26546"},"modified":"2025-04-01T13:51:38","modified_gmt":"2025-04-01T13:51:38","slug":"ceremonie-de-recompense-du-rallye-des-sciences-zouerate-les-eleves-de-la-ville-miniere-a-lhonneur-pour-leur-performance-nationale","status":"publish","type":"post","link":"https:\/\/lequotidien.mr\/?p=26546&lang=fr","title":{"rendered":"C\u00e9r\u00e9monie de r\u00e9compense du Rallye des sciences\/Zouerate : Les \u00e9l\u00e8ves de la ville mini\u00e8re \u00e0 l\u2019honneur pour leur performance nationale"},"content":{"rendered":"<p>Samedi dernier, la ville de Zouerate a vibr\u00e9 au rythme d\u2019une c\u00e9r\u00e9monie prestigieuse d\u00e9di\u00e9e \u00e0 la r\u00e9compense des laur\u00e9ats du\u00a0<em>Concours du Rallye des sciences pour la Coupe du Pr\u00e9sident de la R\u00e9publique<\/em>. Pr\u00e9sid\u00e9e par le wali mou\u00e7aid de la r\u00e9gion du Tiris Zemmour, M. Mokhtar Ahmed Baba, cette manifestation a mis en lumi\u00e8re les \u00e9l\u00e8ves de la 6\u1d49 ann\u00e9e du coll\u00e8ge de Zouerate, distingu\u00e9s par une\u00a0<em>deuxi\u00e8me place au niveau national<\/em>\u00a0lors de l\u2019\u00e9dition 2023\/2024 du Prix scientifique du Pr\u00e9sident de la R\u00e9publique.<\/p>\n<p><strong>Une reconnaissance sous le signe des r\u00e9formes \u00e9ducatives<\/strong><\/p>\n<p>Dans son allocution, M. Mokhtar Ahmed Baba a soulign\u00e9 que ce concours s\u2019inscrit dans la dynamique des r\u00e9formes \u00e9ducatives impuls\u00e9es par le Pr\u00e9sident de la R\u00e9publique, M. Mohamed Cheikh El Ghazouani. \u00ab Ces directives pr\u00e9sidentielles ont permis l\u2019\u00e9laboration de la loi d\u2019orientation pour la r\u00e9forme du syst\u00e8me \u00e9ducatif, ainsi que la mise en place de politiques sectoriales visant \u00e0\u00a0<em>all\u00e9ger les programmes scientifiques<\/em>, tout en valorisant les talents et l\u2019excellence des \u00e9l\u00e8ves \u00bb, a-t-il expliqu\u00e9. Le wali mou\u00e7aid a \u00e9galement rendu hommage \u00e0 l\u2019\u00e9quipe gagnante et \u00e0 tous les acteurs ayant contribu\u00e9 \u00e0 ce succ\u00e8s, symbole de la mont\u00e9e en puissance de l\u2019\u00e9ducation dans la r\u00e9gion.<\/p>\n<p><strong>Des f\u00e9licitations unanimes pour les laur\u00e9ats<\/strong><\/p>\n<p>L\u2019adjoint au maire de Zouerate, M. Saleck Aly, a salu\u00e9 les performances remarquables des \u00e9l\u00e8ves, tout en mettant en avant le r\u00f4le crucial du personnel \u00e9ducatif et des parents. \u00ab Cette victoire est le fruit d\u2019un travail collectif et d\u2019un engagement sans faille \u00bb, a-t-il d\u00e9clar\u00e9, appelant \u00e0 poursuivre les efforts pour maintenir cette dynamique.<\/p>\n<p>Pour sa part, Mme Louwa El Moustafa Cheikh Saadbouh, directrice r\u00e9gionale de l\u2019\u00c9ducation et de la R\u00e9forme du syst\u00e8me \u00e9ducatif, a exprim\u00e9 sa gratitude envers le Pr\u00e9sident de la R\u00e9publique pour avoir institu\u00e9 ce prix, \u00ab un levier essentiel pour \u00e9lever le niveau des \u00e9l\u00e8ves en sciences, stimuler une\u00a0<em>comp\u00e9tition positive<\/em>\u00a0et cultiver des valeurs telles que la pers\u00e9v\u00e9rance et l\u2019assiduit\u00e9 \u00bb. Elle a \u00e9galement remerci\u00e9 les \u00e9l\u00e8ves pour leur brillante deuxi\u00e8me place nationale, tout en reconnaissant le d\u00e9vouement des enseignants, des administratifs et des familles.<\/p>\n<p><strong>Une c\u00e9l\u00e9bration collective<\/strong><\/p>\n<p>M. Mouloud Boubeni, chef du bureau r\u00e9gional de l\u2019Association des parents d\u2019\u00e9l\u00e8ves, a joint sa voix \u00e0 cet \u00e9lan de f\u00e9licitations, soulignant que \u00ab cette r\u00e9ussite est une fiert\u00e9 pour toute la wilaya du Tiris Zemmour \u00bb. La c\u00e9r\u00e9monie s\u2019est achev\u00e9e par la remise des prix aux laur\u00e9ats, sous les applaudissements d\u2019un parterre de personnalit\u00e9s, dont le hakem de la moughataa de Zouerate, M. Mohamed Mahmoud Sid Ali, le Directeur de l\u2019\u00c9cole d\u2019Enseignement Technique et de Formation Professionnelle, M. Alouat Baba Ahmed, et M. Sid Ahmed Lahah, Pr\u00e9sident du Forum R\u00e9gional des Organisations de la Soci\u00e9t\u00e9 Civile.<\/p>\n<p>Cet \u00e9v\u00e9nement, marqu\u00e9 par une ambiance festive et solennelle, illustre la volont\u00e9 des autorit\u00e9s mauritaniennes de placer l\u2019\u00e9ducation au c\u0153ur du d\u00e9veloppement. En r\u00e9compensant les jeunes talents scientifiques, le pays renforce son engagement en faveur d\u2019une\u00a0<em>\u00e9cole moderne, inclusive et comp\u00e9titive<\/em>, capable de r\u00e9pondre aux d\u00e9fis de demain.<\/p>\n","protected":false},"excerpt":{"rendered":"<p>Samedi dernier, la ville de Zouerate a vibr\u00e9 au rythme d\u2019une c\u00e9r\u00e9monie prestigieuse d\u00e9di\u00e9e \u00e0 la r\u00e9compense des laur\u00e9ats du\u00a0Concours du Rallye des sciences pour la Coupe du Pr\u00e9sident de la R\u00e9publique. Pr\u00e9sid\u00e9e par le wali mou\u00e7aid de la r\u00e9gion du Tiris Zemmour, M. Mokhtar Ahmed Baba, cette manifestation a mis en lumi\u00e8re les \u00e9l\u00e8ves&#8230;..<\/p>\n","protected":false},"author":12,"featured_media":26547,"comment_status":"open","ping_status":"open","sticky":false,"template":"","format":"standard","meta":{"footnotes":""},"categories":[23,55],"tags":[],"class_list":["post-26546","post","type-post","status-publish","format-standard","has-post-thumbnail","hentry","category-actualite","category-culture"],"yoast_head":"<!-- This site is optimized with the Yoast SEO plugin v27.5 - https:\/\/yoast.com\/product\/yoast-seo-wordpress\/ -->\n<title>C\u00e9r\u00e9monie de r\u00e9compense du Rallye des sciences\/Zouerate : Les \u00e9l\u00e8ves de la ville mini\u00e8re \u00e0 l\u2019honneur pour leur performance nationale - Le Quotidien de Nouakchott<\/title>\n<meta name=\"robots\" content=\"index, follow, max-snippet:-1, max-image-preview:large, max-video-preview:-1\" \/>\n<link rel=\"canonical\" href=\"https:\/\/lequotidien.mr\/?p=26546&lang=fr\" \/>\n<meta property=\"og:locale\" content=\"ar_AR\" \/>\n<meta property=\"og:type\" content=\"article\" \/>\n<meta property=\"og:title\" content=\"C\u00e9r\u00e9monie de r\u00e9compense du Rallye des sciences\/Zouerate : Les \u00e9l\u00e8ves de la ville mini\u00e8re \u00e0 l\u2019honneur pour leur performance nationale - Le Quotidien de Nouakchott\" \/>\n<meta property=\"og:description\" content=\"Samedi dernier, la ville de Zouerate a vibr\u00e9 au rythme d\u2019une c\u00e9r\u00e9monie prestigieuse d\u00e9di\u00e9e \u00e0 la r\u00e9compense des laur\u00e9ats du\u00a0Concours du Rallye des sciences pour la Coupe du Pr\u00e9sident de la R\u00e9publique. Pr\u00e9sid\u00e9e par le wali mou\u00e7aid de la r\u00e9gion du Tiris Zemmour, M. Mokhtar Ahmed Baba, cette manifestation a mis en lumi\u00e8re les \u00e9l\u00e8ves.....\" \/>\n<meta property=\"og:url\" content=\"https:\/\/lequotidien.mr\/?p=26546&amp;lang=fr\" \/>\n<meta property=\"og:site_name\" content=\"Le Quotidien de Nouakchott\" \/>\n<meta property=\"article:publisher\" content=\"https:\/\/web.facebook.com\/lequotidienmr\" \/>\n<meta property=\"article:published_time\" content=\"2025-04-01T13:51:38+00:00\" \/>\n<meta property=\"og:image\" content=\"https:\/\/lequotidien.mr\/wp-content\/uploads\/2025\/04\/photo-Rallye-sciences.jpg\" \/>\n\t<meta property=\"og:image:width\" content=\"750\" \/>\n\t<meta property=\"og:image:height\" content=\"430\" \/>\n\t<meta property=\"og:image:type\" content=\"image\/jpeg\" \/>\n<meta name=\"author\" content=\"Med Ahmed\" \/>\n<meta name=\"twitter:card\" content=\"summary_large_image\" \/>\n<meta name=\"twitter:creator\" content=\"@lequotidienmr\" \/>\n<meta name=\"twitter:site\" content=\"@lequotidienmr\" \/>\n<meta name=\"twitter:label1\" content=\"\u0643\u064f\u062a\u0628 \u0628\u0648\u0627\u0633\u0637\u0629\" \/>\n\t<meta name=\"twitter:data1\" content=\"Med Ahmed\" \/>\n\t<meta name=\"twitter:label2\" content=\"\u0648\u0642\u062a \u0627\u0644\u0642\u0631\u0627\u0621\u0629 \u0627\u0644\u0645\u064f\u0642\u062f\u0651\u0631\" \/>\n\t<meta name=\"twitter:data2\" content=\"3 \u062f\u0642\u0627\u0626\u0642\" \/>\n<script type=\"application\/ld+json\" class=\"yoast-schema-graph\">{\"@context\":\"https:\\\/\\\/schema.org\",\"@graph\":[{\"@type\":\"Article\",\"@id\":\"https:\\\/\\\/lequotidien.mr\\\/?p=26546&lang=fr#article\",\"isPartOf\":{\"@id\":\"https:\\\/\\\/lequotidien.mr\\\/?p=26546&lang=fr\"},\"author\":{\"name\":\"Med Ahmed\",\"@id\":\"https:\\\/\\\/lequotidien.mr\\\/#\\\/schema\\\/person\\\/d2d350202a4d599685ed8abc25f97596\"},\"headline\":\"C\u00e9r\u00e9monie de r\u00e9compense du Rallye des sciences\\\/Zouerate : Les \u00e9l\u00e8ves de la ville mini\u00e8re \u00e0 l\u2019honneur pour leur performance nationale\",\"datePublished\":\"2025-04-01T13:51:38+00:00\",\"mainEntityOfPage\":{\"@id\":\"https:\\\/\\\/lequotidien.mr\\\/?p=26546&lang=fr\"},\"wordCount\":595,\"commentCount\":0,\"publisher\":{\"@id\":\"https:\\\/\\\/lequotidien.mr\\\/#organization\"},\"image\":{\"@id\":\"https:\\\/\\\/lequotidien.mr\\\/?p=26546&lang=fr#primaryimage\"},\"thumbnailUrl\":\"https:\\\/\\\/lequotidien.mr\\\/wp-content\\\/uploads\\\/2025\\\/04\\\/photo-Rallye-sciences.jpg\",\"articleSection\":[\"ACTUALIT\u00c9\",\"Culture\"],\"inLanguage\":\"ar\",\"potentialAction\":[{\"@type\":\"CommentAction\",\"name\":\"Comment\",\"target\":[\"https:\\\/\\\/lequotidien.mr\\\/?p=26546&lang=fr#respond\"]}]},{\"@type\":\"WebPage\",\"@id\":\"https:\\\/\\\/lequotidien.mr\\\/?p=26546&lang=fr\",\"url\":\"https:\\\/\\\/lequotidien.mr\\\/?p=26546&lang=fr\",\"name\":\"C\u00e9r\u00e9monie de r\u00e9compense du Rallye des sciences\\\/Zouerate : Les \u00e9l\u00e8ves de la ville mini\u00e8re \u00e0 l\u2019honneur pour leur performance nationale - Le Quotidien de Nouakchott\",\"isPartOf\":{\"@id\":\"https:\\\/\\\/lequotidien.mr\\\/#website\"},\"primaryImageOfPage\":{\"@id\":\"https:\\\/\\\/lequotidien.mr\\\/?p=26546&lang=fr#primaryimage\"},\"image\":{\"@id\":\"https:\\\/\\\/lequotidien.mr\\\/?p=26546&lang=fr#primaryimage\"},\"thumbnailUrl\":\"https:\\\/\\\/lequotidien.mr\\\/wp-content\\\/uploads\\\/2025\\\/04\\\/photo-Rallye-sciences.jpg\",\"datePublished\":\"2025-04-01T13:51:38+00:00\",\"breadcrumb\":{\"@id\":\"https:\\\/\\\/lequotidien.mr\\\/?p=26546&lang=fr#breadcrumb\"},\"inLanguage\":\"ar\",\"potentialAction\":[{\"@type\":\"ReadAction\",\"target\":[\"https:\\\/\\\/lequotidien.mr\\\/?p=26546&lang=fr\"]}]},{\"@type\":\"ImageObject\",\"inLanguage\":\"ar\",\"@id\":\"https:\\\/\\\/lequotidien.mr\\\/?p=26546&lang=fr#primaryimage\",\"url\":\"https:\\\/\\\/lequotidien.mr\\\/wp-content\\\/uploads\\\/2025\\\/04\\\/photo-Rallye-sciences.jpg\",\"contentUrl\":\"https:\\\/\\\/lequotidien.mr\\\/wp-content\\\/uploads\\\/2025\\\/04\\\/photo-Rallye-sciences.jpg\",\"width\":750,\"height\":430},{\"@type\":\"BreadcrumbList\",\"@id\":\"https:\\\/\\\/lequotidien.mr\\\/?p=26546&lang=fr#breadcrumb\",\"itemListElement\":[{\"@type\":\"ListItem\",\"position\":1,\"name\":\"Home\",\"item\":\"https:\\\/\\\/lequotidien.mr\\\/\"},{\"@type\":\"ListItem\",\"position\":2,\"name\":\"C\u00e9r\u00e9monie de r\u00e9compense du Rallye des sciences\\\/Zouerate : Les \u00e9l\u00e8ves de la ville mini\u00e8re \u00e0 l\u2019honneur pour leur performance nationale\"}]},{\"@type\":\"WebSite\",\"@id\":\"https:\\\/\\\/lequotidien.mr\\\/#website\",\"url\":\"https:\\\/\\\/lequotidien.mr\\\/\",\"name\":\"Le Quotidien de Nouakchott\",\"description\":\"\u0625\u062e\u0628\u0627\u0631\u064a\u0629 \u0645\u0633\u062a\u0642\u0644\u0629 \u0644\u0644\u0623\u0646\u0628\u0627\u0621 \u0627\u0644\u0639\u0627\u0645\u0629\",\"publisher\":{\"@id\":\"https:\\\/\\\/lequotidien.mr\\\/#organization\"},\"potentialAction\":[{\"@type\":\"SearchAction\",\"target\":{\"@type\":\"EntryPoint\",\"urlTemplate\":\"https:\\\/\\\/lequotidien.mr\\\/?s={search_term_string}\"},\"query-input\":{\"@type\":\"PropertyValueSpecification\",\"valueRequired\":true,\"valueName\":\"search_term_string\"}}],\"inLanguage\":\"ar\"},{\"@type\":\"Organization\",\"@id\":\"https:\\\/\\\/lequotidien.mr\\\/#organization\",\"name\":\"Le Quotidien de Nouakchott\",\"url\":\"https:\\\/\\\/lequotidien.mr\\\/\",\"logo\":{\"@type\":\"ImageObject\",\"inLanguage\":\"ar\",\"@id\":\"https:\\\/\\\/lequotidien.mr\\\/#\\\/schema\\\/logo\\\/image\\\/\",\"url\":\"https:\\\/\\\/lequotidien.mr\\\/wp-content\\\/uploads\\\/2022\\\/11\\\/logolequotidien.jpg\",\"contentUrl\":\"https:\\\/\\\/lequotidien.mr\\\/wp-content\\\/uploads\\\/2022\\\/11\\\/logolequotidien.jpg\",\"width\":290,\"height\":65,\"caption\":\"Le Quotidien de Nouakchott\"},\"image\":{\"@id\":\"https:\\\/\\\/lequotidien.mr\\\/#\\\/schema\\\/logo\\\/image\\\/\"},\"sameAs\":[\"https:\\\/\\\/web.facebook.com\\\/lequotidienmr\",\"https:\\\/\\\/x.com\\\/lequotidienmr\"]},{\"@type\":\"Person\",\"@id\":\"https:\\\/\\\/lequotidien.mr\\\/#\\\/schema\\\/person\\\/d2d350202a4d599685ed8abc25f97596\",\"name\":\"Med Ahmed\",\"image\":{\"@type\":\"ImageObject\",\"inLanguage\":\"ar\",\"@id\":\"https:\\\/\\\/secure.gravatar.com\\\/avatar\\\/fd2acc62ed50732923d1d39c17172c9b04149f142be92310ecc69e1358f94b52?s=96&d=mm&r=g\",\"url\":\"https:\\\/\\\/secure.gravatar.com\\\/avatar\\\/fd2acc62ed50732923d1d39c17172c9b04149f142be92310ecc69e1358f94b52?s=96&d=mm&r=g\",\"contentUrl\":\"https:\\\/\\\/secure.gravatar.com\\\/avatar\\\/fd2acc62ed50732923d1d39c17172c9b04149f142be92310ecc69e1358f94b52?s=96&d=mm&r=g\",\"caption\":\"Med Ahmed\"},\"url\":\"https:\\\/\\\/lequotidien.mr\\\/?author=12\"}]}<\/script>\n<!-- \/ Yoast SEO plugin. -->","yoast_head_json":{"title":"C\u00e9r\u00e9monie de r\u00e9compense du Rallye des sciences\/Zouerate : Les \u00e9l\u00e8ves de la ville mini\u00e8re \u00e0 l\u2019honneur pour leur performance nationale - Le Quotidien de Nouakchott","robots":{"index":"index","follow":"follow","max-snippet":"max-snippet:-1","max-image-preview":"max-image-preview:large","max-video-preview":"max-video-preview:-1"},"canonical":"https:\/\/lequotidien.mr\/?p=26546&lang=fr","og_locale":"ar_AR","og_type":"article","og_title":"C\u00e9r\u00e9monie de r\u00e9compense du Rallye des sciences\/Zouerate : Les \u00e9l\u00e8ves de la ville mini\u00e8re \u00e0 l\u2019honneur pour leur performance nationale - Le Quotidien de Nouakchott","og_description":"Samedi dernier, la ville de Zouerate a vibr\u00e9 au rythme d\u2019une c\u00e9r\u00e9monie prestigieuse d\u00e9di\u00e9e \u00e0 la r\u00e9compense des laur\u00e9ats du\u00a0Concours du Rallye des sciences pour la Coupe du Pr\u00e9sident de la R\u00e9publique. Pr\u00e9sid\u00e9e par le wali mou\u00e7aid de la r\u00e9gion du Tiris Zemmour, M. Mokhtar Ahmed Baba, cette manifestation a mis en lumi\u00e8re les \u00e9l\u00e8ves.....","og_url":"https:\/\/lequotidien.mr\/?p=26546&lang=fr","og_site_name":"Le Quotidien de Nouakchott","article_publisher":"https:\/\/web.facebook.com\/lequotidienmr","article_published_time":"2025-04-01T13:51:38+00:00","og_image":[{"width":750,"height":430,"url":"https:\/\/lequotidien.mr\/wp-content\/uploads\/2025\/04\/photo-Rallye-sciences.jpg","type":"image\/jpeg"}],"author":"Med Ahmed","twitter_card":"summary_large_image","twitter_creator":"@lequotidienmr","twitter_site":"@lequotidienmr","twitter_misc":{"\u0643\u064f\u062a\u0628 \u0628\u0648\u0627\u0633\u0637\u0629":"Med Ahmed","\u0648\u0642\u062a \u0627\u0644\u0642\u0631\u0627\u0621\u0629 \u0627\u0644\u0645\u064f\u0642\u062f\u0651\u0631":"3 \u062f\u0642\u0627\u0626\u0642"},"schema":{"@context":"https:\/\/schema.org","@graph":[{"@type":"Article","@id":"https:\/\/lequotidien.mr\/?p=26546&lang=fr#article","isPartOf":{"@id":"https:\/\/lequotidien.mr\/?p=26546&lang=fr"},"author":{"name":"Med Ahmed","@id":"https:\/\/lequotidien.mr\/#\/schema\/person\/d2d350202a4d599685ed8abc25f97596"},"headline":"C\u00e9r\u00e9monie de r\u00e9compense du Rallye des sciences\/Zouerate : Les \u00e9l\u00e8ves de la ville mini\u00e8re \u00e0 l\u2019honneur pour leur performance nationale","datePublished":"2025-04-01T13:51:38+00:00","mainEntityOfPage":{"@id":"https:\/\/lequotidien.mr\/?p=26546&lang=fr"},"wordCount":595,"commentCount":0,"publisher":{"@id":"https:\/\/lequotidien.mr\/#organization"},"image":{"@id":"https:\/\/lequotidien.mr\/?p=26546&lang=fr#primaryimage"},"thumbnailUrl":"https:\/\/lequotidien.mr\/wp-content\/uploads\/2025\/04\/photo-Rallye-sciences.jpg","articleSection":["ACTUALIT\u00c9","Culture"],"inLanguage":"ar","potentialAction":[{"@type":"CommentAction","name":"Comment","target":["https:\/\/lequotidien.mr\/?p=26546&lang=fr#respond"]}]},{"@type":"WebPage","@id":"https:\/\/lequotidien.mr\/?p=26546&lang=fr","url":"https:\/\/lequotidien.mr\/?p=26546&lang=fr","name":"C\u00e9r\u00e9monie de r\u00e9compense du Rallye des sciences\/Zouerate : Les \u00e9l\u00e8ves de la ville mini\u00e8re \u00e0 l\u2019honneur pour leur performance nationale - Le Quotidien de Nouakchott","isPartOf":{"@id":"https:\/\/lequotidien.mr\/#website"},"primaryImageOfPage":{"@id":"https:\/\/lequotidien.mr\/?p=26546&lang=fr#primaryimage"},"image":{"@id":"https:\/\/lequotidien.mr\/?p=26546&lang=fr#primaryimage"},"thumbnailUrl":"https:\/\/lequotidien.mr\/wp-content\/uploads\/2025\/04\/photo-Rallye-sciences.jpg","datePublished":"2025-04-01T13:51:38+00:00","breadcrumb":{"@id":"https:\/\/lequotidien.mr\/?p=26546&lang=fr#breadcrumb"},"inLanguage":"ar","potentialAction":[{"@type":"ReadAction","target":["https:\/\/lequotidien.mr\/?p=26546&lang=fr"]}]},{"@type":"ImageObject","inLanguage":"ar","@id":"https:\/\/lequotidien.mr\/?p=26546&lang=fr#primaryimage","url":"https:\/\/lequotidien.mr\/wp-content\/uploads\/2025\/04\/photo-Rallye-sciences.jpg","contentUrl":"https:\/\/lequotidien.mr\/wp-content\/uploads\/2025\/04\/photo-Rallye-sciences.jpg","width":750,"height":430},{"@type":"BreadcrumbList","@id":"https:\/\/lequotidien.mr\/?p=26546&lang=fr#breadcrumb","itemListElement":[{"@type":"ListItem","position":1,"name":"Home","item":"https:\/\/lequotidien.mr\/"},{"@type":"ListItem","position":2,"name":"C\u00e9r\u00e9monie de r\u00e9compense du Rallye des sciences\/Zouerate : Les \u00e9l\u00e8ves de la ville mini\u00e8re \u00e0 l\u2019honneur pour leur performance nationale"}]},{"@type":"WebSite","@id":"https:\/\/lequotidien.mr\/#website","url":"https:\/\/lequotidien.mr\/","name":"Le Quotidien de Nouakchott","description":"\u0625\u062e\u0628\u0627\u0631\u064a\u0629 \u0645\u0633\u062a\u0642\u0644\u0629 \u0644\u0644\u0623\u0646\u0628\u0627\u0621 \u0627\u0644\u0639\u0627\u0645\u0629","publisher":{"@id":"https:\/\/lequotidien.mr\/#organization"},"potentialAction":[{"@type":"SearchAction","target":{"@type":"EntryPoint","urlTemplate":"https:\/\/lequotidien.mr\/?s={search_term_string}"},"query-input":{"@type":"PropertyValueSpecification","valueRequired":true,"valueName":"search_term_string"}}],"inLanguage":"ar"},{"@type":"Organization","@id":"https:\/\/lequotidien.mr\/#organization","name":"Le Quotidien de Nouakchott","url":"https:\/\/lequotidien.mr\/","logo":{"@type":"ImageObject","inLanguage":"ar","@id":"https:\/\/lequotidien.mr\/#\/schema\/logo\/image\/","url":"https:\/\/lequotidien.mr\/wp-content\/uploads\/2022\/11\/logolequotidien.jpg","contentUrl":"https:\/\/lequotidien.mr\/wp-content\/uploads\/2022\/11\/logolequotidien.jpg","width":290,"height":65,"caption":"Le Quotidien de Nouakchott"},"image":{"@id":"https:\/\/lequotidien.mr\/#\/schema\/logo\/image\/"},"sameAs":["https:\/\/web.facebook.com\/lequotidienmr","https:\/\/x.com\/lequotidienmr"]},{"@type":"Person","@id":"https:\/\/lequotidien.mr\/#\/schema\/person\/d2d350202a4d599685ed8abc25f97596","name":"Med Ahmed","image":{"@type":"ImageObject","inLanguage":"ar","@id":"https:\/\/secure.gravatar.com\/avatar\/fd2acc62ed50732923d1d39c17172c9b04149f142be92310ecc69e1358f94b52?s=96&d=mm&r=g","url":"https:\/\/secure.gravatar.com\/avatar\/fd2acc62ed50732923d1d39c17172c9b04149f142be92310ecc69e1358f94b52?s=96&d=mm&r=g","contentUrl":"https:\/\/secure.gravatar.com\/avatar\/fd2acc62ed50732923d1d39c17172c9b04149f142be92310ecc69e1358f94b52?s=96&d=mm&r=g","caption":"Med Ahmed"},"url":"https:\/\/lequotidien.mr\/?author=12"}]}},"_links":{"self":[{"href":"https:\/\/lequotidien.mr\/index.php?rest_route=\/wp\/v2\/posts\/26546","targetHints":{"allow":["GET"]}}],"collection":[{"href":"https:\/\/lequotidien.mr\/index.php?rest_route=\/wp\/v2\/posts"}],"about":[{"href":"https:\/\/lequotidien.mr\/index.php?rest_route=\/wp\/v2\/types\/post"}],"author":[{"embeddable":true,"href":"https:\/\/lequotidien.mr\/index.php?rest_route=\/wp\/v2\/users\/12"}],"replies":[{"embeddable":true,"href":"https:\/\/lequotidien.mr\/index.php?rest_route=%2Fwp%2Fv2%2Fcomments&post=26546"}],"version-history":[{"count":1,"href":"https:\/\/lequotidien.mr\/index.php?rest_route=\/wp\/v2\/posts\/26546\/revisions"}],"predecessor-version":[{"id":26548,"href":"https:\/\/lequotidien.mr\/index.php?rest_route=\/wp\/v2\/posts\/26546\/revisions\/26548"}],"wp:featuredmedia":[{"embeddable":true,"href":"https:\/\/lequotidien.mr\/index.php?rest_route=\/wp\/v2\/media\/26547"}],"wp:attachment":[{"href":"https:\/\/lequotidien.mr\/index.php?rest_route=%2Fwp%2Fv2%2Fmedia&parent=26546"}],"wp:term":[{"taxonomy":"category","embeddable":true,"href":"https:\/\/lequotidien.mr\/index.php?rest_route=%2Fwp%2Fv2%2Fcategories&post=26546"},{"taxonomy":"post_tag","embeddable":true,"href":"https:\/\/lequotidien.mr\/index.php?rest_route=%2Fwp%2Fv2%2Ftags&post=26546"}],"curies":[{"name":"wp","href":"https:\/\/api.w.org\/{rel}","templated":true}]}}