{"id":26481,"date":"2025-03-28T12:30:51","date_gmt":"2025-03-28T12:30:51","guid":{"rendered":"https:\/\/lequotidien.mr\/?p=26481"},"modified":"2025-03-28T12:32:57","modified_gmt":"2025-03-28T12:32:57","slug":"le-syndicat-des-journalistes-mauritaniens-sjm-a-lance-la-quatrieme-edition-de-son-programme-caritatif-annuel-ayadi-el-kheir-pour-soutenir-les-familles-des-journalistes-disparus","status":"publish","type":"post","link":"https:\/\/lequotidien.mr\/?p=26481&lang=fr","title":{"rendered":"Le Syndicat des Journalistes Mauritaniens (SJM) a lanc\u00e9 la quatri\u00e8me \u00e9dition de son programme caritatif annuel &#8220;Ayadi El-Kheir&#8221; , pour soutenir les familles des journalistes disparus"},"content":{"rendered":"<p>Le Syndicat des Journalistes Mauritaniens (SJM) a lanc\u00e9, dans la nuit du jeudi, la quatri\u00e8me \u00e9dition de son programme caritatif annuel\u00a0<em>&#8220;Ayadi El-Kheir&#8221;<\/em>\u00a0, visant \u00e0 soutenir les familles des journalistes d\u00e9c\u00e9d\u00e9s. Une initiative solidaire organis\u00e9e chaque Ramadan, soulignant l\u2019engagement de la profession envers ses membres, m\u00eame apr\u00e8s leur disparition.<\/p>\n<p><strong>Une mobilisation financi\u00e8re symbolique<\/strong><\/p>\n<p>Cette ann\u00e9e, pr\u00e8s de\u00a0<strong>13 millions d\u2019ouguiyas anciennes<\/strong>\u00a0 seront distribu\u00e9s \u00e0\u00a0<strong>68 familles<\/strong>\u00a0cibles. Une contribution majeure de\u00a0<strong>10 millions d\u2019ouguiyas<\/strong>\u00a0provient directement du Pr\u00e9sident de la R\u00e9publique M. Mohamed Cheikh El Ghazouani, le reste \u00e9tant issu de dons de professionnels des m\u00e9dias et d\u2019entit\u00e9s m\u00e9diatiques locales.<\/p>\n<p>Imam Dine Ahmed, pr\u00e9sident du comit\u00e9 de supervision du programme, a soulign\u00e9 l\u2019\u00e9lan de g\u00e9n\u00e9rosit\u00e9 ayant marqu\u00e9 cette \u00e9dition :\u00a0<em>&#8220;Nous avons collect\u00e9 2 255 000 ouguiyas anciennes, gr\u00e2ce \u00e0 la mobilisation exceptionnelle des journalistes et des institutions. Ces fonds apporteront un r\u00e9confort symbolique aux 68 familles concern\u00e9es.&#8221;<\/em>\u00a0Les pr\u00e9paratifs, d\u00e9but\u00e9s d\u00e8s le premier jour du Ramadan, se sont achev\u00e9s \u00e0 la 27\u1d49 nuit, p\u00e9riode symbole de solidarit\u00e9 dans la culture islamique.<\/p>\n<p><strong>Priorit\u00e9 \u00e0 l\u2019action sociale<\/strong><\/p>\n<p>Ahmed Taleb Maaloum, pr\u00e9sident du SJM, a rappel\u00e9 la double mission du syndicat :\u00a0<em>&#8220;D\u00e9fendre les droits mat\u00e9riels et moraux des journalistes est notre c\u0153ur de m\u00e9tier, mais l\u2019action sociale reste une priorit\u00e9. Ce programme incarne notre humanit\u00e9 envers les proches de nos coll\u00e8gues disparus.&#8221;<\/em>\u00a0Il a expliqu\u00e9 le choix d\u2019une distribution en esp\u00e8ces cette ann\u00e9e :\u00a0<em>&#8220;C\u2019est un geste pur de solidarit\u00e9, pour rester des alli\u00e9s fid\u00e8les au-del\u00e0 de la mort.&#8221;<\/em><\/p>\n<p>Le ministre de la Culture, des Arts, de la Communication et des Relations avec le Parlement, Houssein Meddou, a salu\u00e9\u00a0<em>&#8220;l\u2019esprit de fraternit\u00e9 et de coh\u00e9sion des journalistes&#8221;<\/em>, tout en confirmant la contribution pr\u00e9sidentielle. La c\u00e9r\u00e9monie, tenue au si\u00e8ge du SJM, a \u00e9galement inclus des conf\u00e9rences th\u00e9matiques. L\u2019universitaire Moctar Taleb Navea a abord\u00e9 le lien entre\u00a0<em>&#8220;la foi et la charit\u00e9 dans le Coran&#8221;<\/em>, tandis que le Veghih Mohamed Mahmoud Jedou a explor\u00e9 les\u00a0<em>&#8220;leviers d\u2019investissement dans l\u2019action sociale&#8221;<\/em>.<\/p>\n<p>Depuis sa cr\u00e9ation en 2022,\u00a0&#8220;Ayadi El-Kheir&#8221;\u00a0s\u2019impose comme un pilier de la communaut\u00e9 m\u00e9diatique mauritanienne, transformant le Ramadan en une p\u00e9riode de renouveau des liens professionnels et humains. Ainsi, le journalisme, au-del\u00e0 de son r\u00f4le informatif, s&#8217;illustre par cette nouvelle vocation ancr\u00e9e dans l\u2019entraide et la m\u00e9moire collective.<\/p>\n","protected":false},"excerpt":{"rendered":"<p>Le Syndicat des Journalistes Mauritaniens (SJM) a lanc\u00e9, dans la nuit du jeudi, la quatri\u00e8me \u00e9dition de son programme caritatif annuel\u00a0&#8220;Ayadi El-Kheir&#8221;\u00a0, visant \u00e0 soutenir les familles des journalistes d\u00e9c\u00e9d\u00e9s. Une initiative solidaire organis\u00e9e chaque Ramadan, soulignant l\u2019engagement de la profession envers ses membres, m\u00eame apr\u00e8s leur disparition. Une mobilisation financi\u00e8re symbolique Cette ann\u00e9e, pr\u00e8s&#8230;..<\/p>\n","protected":false},"author":12,"featured_media":26482,"comment_status":"open","ping_status":"open","sticky":false,"template":"","format":"standard","meta":{"footnotes":""},"categories":[23,55],"tags":[],"class_list":["post-26481","post","type-post","status-publish","format-standard","has-post-thumbnail","hentry","category-actualite","category-culture"],"yoast_head":"<!-- This site is optimized with the Yoast SEO plugin v27.5 - https:\/\/yoast.com\/product\/yoast-seo-wordpress\/ -->\n<title>Le Syndicat des Journalistes Mauritaniens (SJM) a lanc\u00e9 la quatri\u00e8me \u00e9dition de son programme caritatif annuel &quot;Ayadi El-Kheir&quot; , pour soutenir les familles des journalistes disparus - Le Quotidien de Nouakchott<\/title>\n<meta name=\"robots\" content=\"index, follow, max-snippet:-1, max-image-preview:large, max-video-preview:-1\" \/>\n<link rel=\"canonical\" href=\"https:\/\/lequotidien.mr\/?p=26481&lang=fr\" \/>\n<meta property=\"og:locale\" content=\"ar_AR\" \/>\n<meta property=\"og:type\" content=\"article\" \/>\n<meta property=\"og:title\" content=\"Le Syndicat des Journalistes Mauritaniens (SJM) a lanc\u00e9 la quatri\u00e8me \u00e9dition de son programme caritatif annuel &quot;Ayadi El-Kheir&quot; , pour soutenir les familles des journalistes disparus - Le Quotidien de Nouakchott\" \/>\n<meta property=\"og:description\" content=\"Le Syndicat des Journalistes Mauritaniens (SJM) a lanc\u00e9, dans la nuit du jeudi, la quatri\u00e8me \u00e9dition de son programme caritatif annuel\u00a0&#8220;Ayadi El-Kheir&#8221;\u00a0, visant \u00e0 soutenir les familles des journalistes d\u00e9c\u00e9d\u00e9s. Une initiative solidaire organis\u00e9e chaque Ramadan, soulignant l\u2019engagement de la profession envers ses membres, m\u00eame apr\u00e8s leur disparition. Une mobilisation financi\u00e8re symbolique Cette ann\u00e9e, pr\u00e8s.....\" \/>\n<meta property=\"og:url\" content=\"https:\/\/lequotidien.mr\/?p=26481&amp;lang=fr\" \/>\n<meta property=\"og:site_name\" content=\"Le Quotidien de Nouakchott\" \/>\n<meta property=\"article:publisher\" content=\"https:\/\/web.facebook.com\/lequotidienmr\" \/>\n<meta property=\"article:published_time\" content=\"2025-03-28T12:30:51+00:00\" \/>\n<meta property=\"article:modified_time\" content=\"2025-03-28T12:32:57+00:00\" \/>\n<meta property=\"og:image\" content=\"https:\/\/lequotidien.mr\/wp-content\/uploads\/2025\/03\/photo-appui-familles-des-journalistes-disparus.jpg\" \/>\n\t<meta property=\"og:image:width\" content=\"640\" \/>\n\t<meta property=\"og:image:height\" content=\"428\" \/>\n\t<meta property=\"og:image:type\" content=\"image\/jpeg\" \/>\n<meta name=\"author\" content=\"Med Ahmed\" \/>\n<meta name=\"twitter:card\" content=\"summary_large_image\" \/>\n<meta name=\"twitter:creator\" content=\"@lequotidienmr\" \/>\n<meta name=\"twitter:site\" content=\"@lequotidienmr\" \/>\n<meta name=\"twitter:label1\" content=\"\u0643\u064f\u062a\u0628 \u0628\u0648\u0627\u0633\u0637\u0629\" \/>\n\t<meta name=\"twitter:data1\" content=\"Med Ahmed\" \/>\n\t<meta name=\"twitter:label2\" content=\"\u0648\u0642\u062a \u0627\u0644\u0642\u0631\u0627\u0621\u0629 \u0627\u0644\u0645\u064f\u0642\u062f\u0651\u0631\" \/>\n\t<meta name=\"twitter:data2\" content=\"\u062f\u0642\u064a\u0642\u062a\u0627\u0646\" \/>\n<script type=\"application\/ld+json\" class=\"yoast-schema-graph\">{\"@context\":\"https:\\\/\\\/schema.org\",\"@graph\":[{\"@type\":\"Article\",\"@id\":\"https:\\\/\\\/lequotidien.mr\\\/?p=26481&lang=fr#article\",\"isPartOf\":{\"@id\":\"https:\\\/\\\/lequotidien.mr\\\/?p=26481&lang=fr\"},\"author\":{\"name\":\"Med Ahmed\",\"@id\":\"https:\\\/\\\/lequotidien.mr\\\/#\\\/schema\\\/person\\\/d2d350202a4d599685ed8abc25f97596\"},\"headline\":\"Le Syndicat des Journalistes Mauritaniens (SJM) a lanc\u00e9 la quatri\u00e8me \u00e9dition de son programme caritatif annuel &#8220;Ayadi El-Kheir&#8221; , pour soutenir les familles des journalistes disparus\",\"datePublished\":\"2025-03-28T12:30:51+00:00\",\"dateModified\":\"2025-03-28T12:32:57+00:00\",\"mainEntityOfPage\":{\"@id\":\"https:\\\/\\\/lequotidien.mr\\\/?p=26481&lang=fr\"},\"wordCount\":452,\"commentCount\":0,\"publisher\":{\"@id\":\"https:\\\/\\\/lequotidien.mr\\\/#organization\"},\"image\":{\"@id\":\"https:\\\/\\\/lequotidien.mr\\\/?p=26481&lang=fr#primaryimage\"},\"thumbnailUrl\":\"https:\\\/\\\/lequotidien.mr\\\/wp-content\\\/uploads\\\/2025\\\/03\\\/photo-appui-familles-des-journalistes-disparus.jpg\",\"articleSection\":[\"ACTUALIT\u00c9\",\"Culture\"],\"inLanguage\":\"ar\",\"potentialAction\":[{\"@type\":\"CommentAction\",\"name\":\"Comment\",\"target\":[\"https:\\\/\\\/lequotidien.mr\\\/?p=26481&lang=fr#respond\"]}]},{\"@type\":\"WebPage\",\"@id\":\"https:\\\/\\\/lequotidien.mr\\\/?p=26481&lang=fr\",\"url\":\"https:\\\/\\\/lequotidien.mr\\\/?p=26481&lang=fr\",\"name\":\"Le Syndicat des Journalistes Mauritaniens (SJM) a lanc\u00e9 la quatri\u00e8me \u00e9dition de son programme caritatif annuel \\\"Ayadi El-Kheir\\\" , pour soutenir les familles des journalistes disparus - Le Quotidien de Nouakchott\",\"isPartOf\":{\"@id\":\"https:\\\/\\\/lequotidien.mr\\\/#website\"},\"primaryImageOfPage\":{\"@id\":\"https:\\\/\\\/lequotidien.mr\\\/?p=26481&lang=fr#primaryimage\"},\"image\":{\"@id\":\"https:\\\/\\\/lequotidien.mr\\\/?p=26481&lang=fr#primaryimage\"},\"thumbnailUrl\":\"https:\\\/\\\/lequotidien.mr\\\/wp-content\\\/uploads\\\/2025\\\/03\\\/photo-appui-familles-des-journalistes-disparus.jpg\",\"datePublished\":\"2025-03-28T12:30:51+00:00\",\"dateModified\":\"2025-03-28T12:32:57+00:00\",\"breadcrumb\":{\"@id\":\"https:\\\/\\\/lequotidien.mr\\\/?p=26481&lang=fr#breadcrumb\"},\"inLanguage\":\"ar\",\"potentialAction\":[{\"@type\":\"ReadAction\",\"target\":[\"https:\\\/\\\/lequotidien.mr\\\/?p=26481&lang=fr\"]}]},{\"@type\":\"ImageObject\",\"inLanguage\":\"ar\",\"@id\":\"https:\\\/\\\/lequotidien.mr\\\/?p=26481&lang=fr#primaryimage\",\"url\":\"https:\\\/\\\/lequotidien.mr\\\/wp-content\\\/uploads\\\/2025\\\/03\\\/photo-appui-familles-des-journalistes-disparus.jpg\",\"contentUrl\":\"https:\\\/\\\/lequotidien.mr\\\/wp-content\\\/uploads\\\/2025\\\/03\\\/photo-appui-familles-des-journalistes-disparus.jpg\",\"width\":640,\"height\":428},{\"@type\":\"BreadcrumbList\",\"@id\":\"https:\\\/\\\/lequotidien.mr\\\/?p=26481&lang=fr#breadcrumb\",\"itemListElement\":[{\"@type\":\"ListItem\",\"position\":1,\"name\":\"Home\",\"item\":\"https:\\\/\\\/lequotidien.mr\\\/\"},{\"@type\":\"ListItem\",\"position\":2,\"name\":\"Le Syndicat des Journalistes Mauritaniens (SJM) a lanc\u00e9 la quatri\u00e8me \u00e9dition de son programme caritatif annuel &#8220;Ayadi El-Kheir&#8221; , pour soutenir les familles des journalistes disparus\"}]},{\"@type\":\"WebSite\",\"@id\":\"https:\\\/\\\/lequotidien.mr\\\/#website\",\"url\":\"https:\\\/\\\/lequotidien.mr\\\/\",\"name\":\"Le Quotidien de Nouakchott\",\"description\":\"\u0625\u062e\u0628\u0627\u0631\u064a\u0629 \u0645\u0633\u062a\u0642\u0644\u0629 \u0644\u0644\u0623\u0646\u0628\u0627\u0621 \u0627\u0644\u0639\u0627\u0645\u0629\",\"publisher\":{\"@id\":\"https:\\\/\\\/lequotidien.mr\\\/#organization\"},\"potentialAction\":[{\"@type\":\"SearchAction\",\"target\":{\"@type\":\"EntryPoint\",\"urlTemplate\":\"https:\\\/\\\/lequotidien.mr\\\/?s={search_term_string}\"},\"query-input\":{\"@type\":\"PropertyValueSpecification\",\"valueRequired\":true,\"valueName\":\"search_term_string\"}}],\"inLanguage\":\"ar\"},{\"@type\":\"Organization\",\"@id\":\"https:\\\/\\\/lequotidien.mr\\\/#organization\",\"name\":\"Le Quotidien de Nouakchott\",\"url\":\"https:\\\/\\\/lequotidien.mr\\\/\",\"logo\":{\"@type\":\"ImageObject\",\"inLanguage\":\"ar\",\"@id\":\"https:\\\/\\\/lequotidien.mr\\\/#\\\/schema\\\/logo\\\/image\\\/\",\"url\":\"https:\\\/\\\/lequotidien.mr\\\/wp-content\\\/uploads\\\/2022\\\/11\\\/logolequotidien.jpg\",\"contentUrl\":\"https:\\\/\\\/lequotidien.mr\\\/wp-content\\\/uploads\\\/2022\\\/11\\\/logolequotidien.jpg\",\"width\":290,\"height\":65,\"caption\":\"Le Quotidien de Nouakchott\"},\"image\":{\"@id\":\"https:\\\/\\\/lequotidien.mr\\\/#\\\/schema\\\/logo\\\/image\\\/\"},\"sameAs\":[\"https:\\\/\\\/web.facebook.com\\\/lequotidienmr\",\"https:\\\/\\\/x.com\\\/lequotidienmr\"]},{\"@type\":\"Person\",\"@id\":\"https:\\\/\\\/lequotidien.mr\\\/#\\\/schema\\\/person\\\/d2d350202a4d599685ed8abc25f97596\",\"name\":\"Med Ahmed\",\"image\":{\"@type\":\"ImageObject\",\"inLanguage\":\"ar\",\"@id\":\"https:\\\/\\\/secure.gravatar.com\\\/avatar\\\/fd2acc62ed50732923d1d39c17172c9b04149f142be92310ecc69e1358f94b52?s=96&d=mm&r=g\",\"url\":\"https:\\\/\\\/secure.gravatar.com\\\/avatar\\\/fd2acc62ed50732923d1d39c17172c9b04149f142be92310ecc69e1358f94b52?s=96&d=mm&r=g\",\"contentUrl\":\"https:\\\/\\\/secure.gravatar.com\\\/avatar\\\/fd2acc62ed50732923d1d39c17172c9b04149f142be92310ecc69e1358f94b52?s=96&d=mm&r=g\",\"caption\":\"Med Ahmed\"},\"url\":\"https:\\\/\\\/lequotidien.mr\\\/?author=12\"}]}<\/script>\n<!-- \/ Yoast SEO plugin. -->","yoast_head_json":{"title":"Le Syndicat des Journalistes Mauritaniens (SJM) a lanc\u00e9 la quatri\u00e8me \u00e9dition de son programme caritatif annuel \"Ayadi El-Kheir\" , pour soutenir les familles des journalistes disparus - Le Quotidien de Nouakchott","robots":{"index":"index","follow":"follow","max-snippet":"max-snippet:-1","max-image-preview":"max-image-preview:large","max-video-preview":"max-video-preview:-1"},"canonical":"https:\/\/lequotidien.mr\/?p=26481&lang=fr","og_locale":"ar_AR","og_type":"article","og_title":"Le Syndicat des Journalistes Mauritaniens (SJM) a lanc\u00e9 la quatri\u00e8me \u00e9dition de son programme caritatif annuel \"Ayadi El-Kheir\" , pour soutenir les familles des journalistes disparus - Le Quotidien de Nouakchott","og_description":"Le Syndicat des Journalistes Mauritaniens (SJM) a lanc\u00e9, dans la nuit du jeudi, la quatri\u00e8me \u00e9dition de son programme caritatif annuel\u00a0&#8220;Ayadi El-Kheir&#8221;\u00a0, visant \u00e0 soutenir les familles des journalistes d\u00e9c\u00e9d\u00e9s. Une initiative solidaire organis\u00e9e chaque Ramadan, soulignant l\u2019engagement de la profession envers ses membres, m\u00eame apr\u00e8s leur disparition. Une mobilisation financi\u00e8re symbolique Cette ann\u00e9e, pr\u00e8s.....","og_url":"https:\/\/lequotidien.mr\/?p=26481&lang=fr","og_site_name":"Le Quotidien de Nouakchott","article_publisher":"https:\/\/web.facebook.com\/lequotidienmr","article_published_time":"2025-03-28T12:30:51+00:00","article_modified_time":"2025-03-28T12:32:57+00:00","og_image":[{"width":640,"height":428,"url":"https:\/\/lequotidien.mr\/wp-content\/uploads\/2025\/03\/photo-appui-familles-des-journalistes-disparus.jpg","type":"image\/jpeg"}],"author":"Med Ahmed","twitter_card":"summary_large_image","twitter_creator":"@lequotidienmr","twitter_site":"@lequotidienmr","twitter_misc":{"\u0643\u064f\u062a\u0628 \u0628\u0648\u0627\u0633\u0637\u0629":"Med Ahmed","\u0648\u0642\u062a \u0627\u0644\u0642\u0631\u0627\u0621\u0629 \u0627\u0644\u0645\u064f\u0642\u062f\u0651\u0631":"\u062f\u0642\u064a\u0642\u062a\u0627\u0646"},"schema":{"@context":"https:\/\/schema.org","@graph":[{"@type":"Article","@id":"https:\/\/lequotidien.mr\/?p=26481&lang=fr#article","isPartOf":{"@id":"https:\/\/lequotidien.mr\/?p=26481&lang=fr"},"author":{"name":"Med Ahmed","@id":"https:\/\/lequotidien.mr\/#\/schema\/person\/d2d350202a4d599685ed8abc25f97596"},"headline":"Le Syndicat des Journalistes Mauritaniens (SJM) a lanc\u00e9 la quatri\u00e8me \u00e9dition de son programme caritatif annuel &#8220;Ayadi El-Kheir&#8221; , pour soutenir les familles des journalistes disparus","datePublished":"2025-03-28T12:30:51+00:00","dateModified":"2025-03-28T12:32:57+00:00","mainEntityOfPage":{"@id":"https:\/\/lequotidien.mr\/?p=26481&lang=fr"},"wordCount":452,"commentCount":0,"publisher":{"@id":"https:\/\/lequotidien.mr\/#organization"},"image":{"@id":"https:\/\/lequotidien.mr\/?p=26481&lang=fr#primaryimage"},"thumbnailUrl":"https:\/\/lequotidien.mr\/wp-content\/uploads\/2025\/03\/photo-appui-familles-des-journalistes-disparus.jpg","articleSection":["ACTUALIT\u00c9","Culture"],"inLanguage":"ar","potentialAction":[{"@type":"CommentAction","name":"Comment","target":["https:\/\/lequotidien.mr\/?p=26481&lang=fr#respond"]}]},{"@type":"WebPage","@id":"https:\/\/lequotidien.mr\/?p=26481&lang=fr","url":"https:\/\/lequotidien.mr\/?p=26481&lang=fr","name":"Le Syndicat des Journalistes Mauritaniens (SJM) a lanc\u00e9 la quatri\u00e8me \u00e9dition de son programme caritatif annuel \"Ayadi El-Kheir\" , pour soutenir les familles des journalistes disparus - Le Quotidien de Nouakchott","isPartOf":{"@id":"https:\/\/lequotidien.mr\/#website"},"primaryImageOfPage":{"@id":"https:\/\/lequotidien.mr\/?p=26481&lang=fr#primaryimage"},"image":{"@id":"https:\/\/lequotidien.mr\/?p=26481&lang=fr#primaryimage"},"thumbnailUrl":"https:\/\/lequotidien.mr\/wp-content\/uploads\/2025\/03\/photo-appui-familles-des-journalistes-disparus.jpg","datePublished":"2025-03-28T12:30:51+00:00","dateModified":"2025-03-28T12:32:57+00:00","breadcrumb":{"@id":"https:\/\/lequotidien.mr\/?p=26481&lang=fr#breadcrumb"},"inLanguage":"ar","potentialAction":[{"@type":"ReadAction","target":["https:\/\/lequotidien.mr\/?p=26481&lang=fr"]}]},{"@type":"ImageObject","inLanguage":"ar","@id":"https:\/\/lequotidien.mr\/?p=26481&lang=fr#primaryimage","url":"https:\/\/lequotidien.mr\/wp-content\/uploads\/2025\/03\/photo-appui-familles-des-journalistes-disparus.jpg","contentUrl":"https:\/\/lequotidien.mr\/wp-content\/uploads\/2025\/03\/photo-appui-familles-des-journalistes-disparus.jpg","width":640,"height":428},{"@type":"BreadcrumbList","@id":"https:\/\/lequotidien.mr\/?p=26481&lang=fr#breadcrumb","itemListElement":[{"@type":"ListItem","position":1,"name":"Home","item":"https:\/\/lequotidien.mr\/"},{"@type":"ListItem","position":2,"name":"Le Syndicat des Journalistes Mauritaniens (SJM) a lanc\u00e9 la quatri\u00e8me \u00e9dition de son programme caritatif annuel &#8220;Ayadi El-Kheir&#8221; , pour soutenir les familles des journalistes disparus"}]},{"@type":"WebSite","@id":"https:\/\/lequotidien.mr\/#website","url":"https:\/\/lequotidien.mr\/","name":"Le Quotidien de Nouakchott","description":"\u0625\u062e\u0628\u0627\u0631\u064a\u0629 \u0645\u0633\u062a\u0642\u0644\u0629 \u0644\u0644\u0623\u0646\u0628\u0627\u0621 \u0627\u0644\u0639\u0627\u0645\u0629","publisher":{"@id":"https:\/\/lequotidien.mr\/#organization"},"potentialAction":[{"@type":"SearchAction","target":{"@type":"EntryPoint","urlTemplate":"https:\/\/lequotidien.mr\/?s={search_term_string}"},"query-input":{"@type":"PropertyValueSpecification","valueRequired":true,"valueName":"search_term_string"}}],"inLanguage":"ar"},{"@type":"Organization","@id":"https:\/\/lequotidien.mr\/#organization","name":"Le Quotidien de Nouakchott","url":"https:\/\/lequotidien.mr\/","logo":{"@type":"ImageObject","inLanguage":"ar","@id":"https:\/\/lequotidien.mr\/#\/schema\/logo\/image\/","url":"https:\/\/lequotidien.mr\/wp-content\/uploads\/2022\/11\/logolequotidien.jpg","contentUrl":"https:\/\/lequotidien.mr\/wp-content\/uploads\/2022\/11\/logolequotidien.jpg","width":290,"height":65,"caption":"Le Quotidien de Nouakchott"},"image":{"@id":"https:\/\/lequotidien.mr\/#\/schema\/logo\/image\/"},"sameAs":["https:\/\/web.facebook.com\/lequotidienmr","https:\/\/x.com\/lequotidienmr"]},{"@type":"Person","@id":"https:\/\/lequotidien.mr\/#\/schema\/person\/d2d350202a4d599685ed8abc25f97596","name":"Med Ahmed","image":{"@type":"ImageObject","inLanguage":"ar","@id":"https:\/\/secure.gravatar.com\/avatar\/fd2acc62ed50732923d1d39c17172c9b04149f142be92310ecc69e1358f94b52?s=96&d=mm&r=g","url":"https:\/\/secure.gravatar.com\/avatar\/fd2acc62ed50732923d1d39c17172c9b04149f142be92310ecc69e1358f94b52?s=96&d=mm&r=g","contentUrl":"https:\/\/secure.gravatar.com\/avatar\/fd2acc62ed50732923d1d39c17172c9b04149f142be92310ecc69e1358f94b52?s=96&d=mm&r=g","caption":"Med Ahmed"},"url":"https:\/\/lequotidien.mr\/?author=12"}]}},"_links":{"self":[{"href":"https:\/\/lequotidien.mr\/index.php?rest_route=\/wp\/v2\/posts\/26481","targetHints":{"allow":["GET"]}}],"collection":[{"href":"https:\/\/lequotidien.mr\/index.php?rest_route=\/wp\/v2\/posts"}],"about":[{"href":"https:\/\/lequotidien.mr\/index.php?rest_route=\/wp\/v2\/types\/post"}],"author":[{"embeddable":true,"href":"https:\/\/lequotidien.mr\/index.php?rest_route=\/wp\/v2\/users\/12"}],"replies":[{"embeddable":true,"href":"https:\/\/lequotidien.mr\/index.php?rest_route=%2Fwp%2Fv2%2Fcomments&post=26481"}],"version-history":[{"count":2,"href":"https:\/\/lequotidien.mr\/index.php?rest_route=\/wp\/v2\/posts\/26481\/revisions"}],"predecessor-version":[{"id":26484,"href":"https:\/\/lequotidien.mr\/index.php?rest_route=\/wp\/v2\/posts\/26481\/revisions\/26484"}],"wp:featuredmedia":[{"embeddable":true,"href":"https:\/\/lequotidien.mr\/index.php?rest_route=\/wp\/v2\/media\/26482"}],"wp:attachment":[{"href":"https:\/\/lequotidien.mr\/index.php?rest_route=%2Fwp%2Fv2%2Fmedia&parent=26481"}],"wp:term":[{"taxonomy":"category","embeddable":true,"href":"https:\/\/lequotidien.mr\/index.php?rest_route=%2Fwp%2Fv2%2Fcategories&post=26481"},{"taxonomy":"post_tag","embeddable":true,"href":"https:\/\/lequotidien.mr\/index.php?rest_route=%2Fwp%2Fv2%2Ftags&post=26481"}],"curies":[{"name":"wp","href":"https:\/\/api.w.org\/{rel}","templated":true}]}}