{"id":26413,"date":"2025-03-26T11:52:10","date_gmt":"2025-03-26T11:52:10","guid":{"rendered":"https:\/\/lequotidien.mr\/?p=26413"},"modified":"2025-03-26T11:52:10","modified_gmt":"2025-03-26T11:52:10","slug":"agenda-du-premier-ministre-m-moctar-djay-impulse-une-nouvelle-dynamique-pour-le-ppp-et-les-droits-de-lhomme","status":"publish","type":"post","link":"https:\/\/lequotidien.mr\/?p=26413&lang=fr","title":{"rendered":"Agenda du Premier ministre : M. Moctar Djay impulse une nouvelle dynamique pour le PPP et les droits de l\u2019homme"},"content":{"rendered":"<p>Le Premier ministre, M. Moctar Djay, a anim\u00e9, mardi dernier, deux r\u00e9unions strat\u00e9giques au si\u00e8ge du gouvernement, illustrant la double priorit\u00e9 accord\u00e9e au d\u00e9veloppement socio-\u00e9conomique et au respect des engagements internationaux en mati\u00e8re de droits humains.<\/p>\n<p><strong>Partenariat public-priv\u00e9 : feu vert pour l\u2019\u00e9lectrification du Sud-Est<\/strong><\/p>\n<p>Dans la salle de r\u00e9union de l\u2019immeuble du Premier minist\u00e8re, M. Djay a pr\u00e9sid\u00e9 une session du comit\u00e9 interminist\u00e9riel d\u00e9di\u00e9 au d\u00e9veloppement des partenariats public-priv\u00e9 (PPP). Au c\u0153ur des discussions : un projet ambitieux d\u2019\u00e9lectrification de plusieurs villes du sud-est mauritanien, une r\u00e9gion o\u00f9 l\u2019acc\u00e8s \u00e0 l\u2019\u00e9nergie reste limit\u00e9. Apr\u00e8s un examen d\u00e9taill\u00e9 de la proposition soumise, le comit\u00e9 a d\u00e9cid\u00e9 d\u2019autoriser le lancement du projet, sous r\u00e9serve de l\u2019int\u00e9gration des observations formul\u00e9es par les ministres concern\u00e9s.<\/p>\n<p>Cette initiative s\u2019inscrit dans la volont\u00e9 du gouvernement de recourir au PPP pour moderniser les infrastructures nationales, notamment dans les zones enclav\u00e9es. Le sud-est, riche en potentiel agricole et minier, pourrait ainsi b\u00e9n\u00e9ficier d\u2019un acc\u00e8s stable \u00e0 l\u2019\u00e9lectricit\u00e9, catalyseur de d\u00e9veloppement \u00e9conomique et social.<\/p>\n<p><strong>Droits de l\u2019Homme : bilan et perspectives<\/strong><\/p>\n<p>Sans transition, le chef du gouvernement a encha\u00een\u00e9 avec une r\u00e9union du Comit\u00e9 minist\u00e9riel charg\u00e9 des droits de l\u2019homme. L\u2019ordre du jour portait sur l\u2019\u00e9tat d\u2019avancement des engagements nationaux dans ce domaine, un dossier sensible au regard des obligations internationales de la Mauritanie.<\/p>\n<p>Le Premier ministre a salu\u00e9 les efforts du Commissariat aux Droits de l\u2019Homme, de l\u2019Action Humanitaire et des Relations avec la Soci\u00e9t\u00e9 Civile, ainsi que ceux des secteurs minist\u00e9riels impliqu\u00e9s, soulignant les \u00ab progr\u00e8s significatifs \u00bb r\u00e9alis\u00e9s. Toutefois, il a appel\u00e9 \u00e0 une mobilisation accrue pour finaliser les proc\u00e9dures en suspens. \u00ab Les droits humains ne sont pas une option, mais un pilier de notre gouvernance. Nous devons incarner cet engagement \u00e0 travers des actions concr\u00e8tes et inclusives \u00bb, a-t-il d\u00e9clar\u00e9.<\/p>\n<p><strong>Une journ\u00e9e sous le signe de l\u2019action coordonn\u00e9e<\/strong><\/p>\n<p>Ces deux r\u00e9unions refl\u00e8tent la m\u00e9thode de M. Djay : allier rigueur technique et vision sociale. D\u2019un c\u00f4t\u00e9, le PPP appara\u00eet comme un levier pour r\u00e9duire les disparit\u00e9s territoriales, de l\u2019autre, le renforcement des droits humains consolide la cr\u00e9dibilit\u00e9 de la Mauritanie sur la sc\u00e8ne internationale.<\/p>\n<p>La pr\u00e9sence des membres des deux comit\u00e9s, ainsi que des hauts responsables des minist\u00e8res concern\u00e9s, a soulign\u00e9 l\u2019approche transversale pr\u00f4n\u00e9e par le gouvernement. Reste d\u00e9sormais \u00e0 traduire ces d\u00e9cisions en r\u00e9sultats tangibles pour les populations, notamment dans le sud-est o\u00f9 l\u2019\u00e9lectricit\u00e9 pourrait bient\u00f4t sortir des cartons des projets pour entrer dans le quotidien des citoyens.<\/p>\n","protected":false},"excerpt":{"rendered":"<p>Le Premier ministre, M. Moctar Djay, a anim\u00e9, mardi dernier, deux r\u00e9unions strat\u00e9giques au si\u00e8ge du gouvernement, illustrant la double priorit\u00e9 accord\u00e9e au d\u00e9veloppement socio-\u00e9conomique et au respect des engagements internationaux en mati\u00e8re de droits humains. Partenariat public-priv\u00e9 : feu vert pour l\u2019\u00e9lectrification du Sud-Est Dans la salle de r\u00e9union de l\u2019immeuble du Premier minist\u00e8re,&#8230;..<\/p>\n","protected":false},"author":12,"featured_media":26414,"comment_status":"open","ping_status":"open","sticky":false,"template":"","format":"standard","meta":{"footnotes":""},"categories":[23,49],"tags":[],"class_list":["post-26413","post","type-post","status-publish","format-standard","has-post-thumbnail","hentry","category-actualite","category-economie"],"yoast_head":"<!-- This site is optimized with the Yoast SEO plugin v27.5 - https:\/\/yoast.com\/product\/yoast-seo-wordpress\/ -->\n<title>Agenda du Premier ministre : M. Moctar Djay impulse une nouvelle dynamique pour le PPP et les droits de l\u2019homme - Le Quotidien de Nouakchott<\/title>\n<meta name=\"robots\" content=\"index, follow, max-snippet:-1, max-image-preview:large, max-video-preview:-1\" \/>\n<link rel=\"canonical\" href=\"https:\/\/lequotidien.mr\/?p=26413&lang=fr\" \/>\n<meta property=\"og:locale\" content=\"ar_AR\" \/>\n<meta property=\"og:type\" content=\"article\" \/>\n<meta property=\"og:title\" content=\"Agenda du Premier ministre : M. Moctar Djay impulse une nouvelle dynamique pour le PPP et les droits de l\u2019homme - Le Quotidien de Nouakchott\" \/>\n<meta property=\"og:description\" content=\"Le Premier ministre, M. Moctar Djay, a anim\u00e9, mardi dernier, deux r\u00e9unions strat\u00e9giques au si\u00e8ge du gouvernement, illustrant la double priorit\u00e9 accord\u00e9e au d\u00e9veloppement socio-\u00e9conomique et au respect des engagements internationaux en mati\u00e8re de droits humains. Partenariat public-priv\u00e9 : feu vert pour l\u2019\u00e9lectrification du Sud-Est Dans la salle de r\u00e9union de l\u2019immeuble du Premier minist\u00e8re,.....\" \/>\n<meta property=\"og:url\" content=\"https:\/\/lequotidien.mr\/?p=26413&amp;lang=fr\" \/>\n<meta property=\"og:site_name\" content=\"Le Quotidien de Nouakchott\" \/>\n<meta property=\"article:publisher\" content=\"https:\/\/web.facebook.com\/lequotidienmr\" \/>\n<meta property=\"article:published_time\" content=\"2025-03-26T11:52:10+00:00\" \/>\n<meta property=\"og:image\" content=\"https:\/\/lequotidien.mr\/wp-content\/uploads\/2025\/03\/photo-PM-_-PPP.jpg\" \/>\n\t<meta property=\"og:image:width\" content=\"750\" \/>\n\t<meta property=\"og:image:height\" content=\"430\" \/>\n\t<meta property=\"og:image:type\" content=\"image\/jpeg\" \/>\n<meta name=\"author\" content=\"Med Ahmed\" \/>\n<meta name=\"twitter:card\" content=\"summary_large_image\" \/>\n<meta name=\"twitter:creator\" content=\"@lequotidienmr\" \/>\n<meta name=\"twitter:site\" content=\"@lequotidienmr\" \/>\n<meta name=\"twitter:label1\" content=\"\u0643\u064f\u062a\u0628 \u0628\u0648\u0627\u0633\u0637\u0629\" \/>\n\t<meta name=\"twitter:data1\" content=\"Med Ahmed\" \/>\n\t<meta name=\"twitter:label2\" content=\"\u0648\u0642\u062a \u0627\u0644\u0642\u0631\u0627\u0621\u0629 \u0627\u0644\u0645\u064f\u0642\u062f\u0651\u0631\" \/>\n\t<meta name=\"twitter:data2\" content=\"\u062f\u0642\u064a\u0642\u062a\u0627\u0646\" \/>\n<script type=\"application\/ld+json\" class=\"yoast-schema-graph\">{\"@context\":\"https:\\\/\\\/schema.org\",\"@graph\":[{\"@type\":\"Article\",\"@id\":\"https:\\\/\\\/lequotidien.mr\\\/?p=26413&lang=fr#article\",\"isPartOf\":{\"@id\":\"https:\\\/\\\/lequotidien.mr\\\/?p=26413&lang=fr\"},\"author\":{\"name\":\"Med Ahmed\",\"@id\":\"https:\\\/\\\/lequotidien.mr\\\/#\\\/schema\\\/person\\\/d2d350202a4d599685ed8abc25f97596\"},\"headline\":\"Agenda du Premier ministre : M. Moctar Djay impulse une nouvelle dynamique pour le PPP et les droits de l\u2019homme\",\"datePublished\":\"2025-03-26T11:52:10+00:00\",\"mainEntityOfPage\":{\"@id\":\"https:\\\/\\\/lequotidien.mr\\\/?p=26413&lang=fr\"},\"wordCount\":496,\"commentCount\":0,\"publisher\":{\"@id\":\"https:\\\/\\\/lequotidien.mr\\\/#organization\"},\"image\":{\"@id\":\"https:\\\/\\\/lequotidien.mr\\\/?p=26413&lang=fr#primaryimage\"},\"thumbnailUrl\":\"https:\\\/\\\/lequotidien.mr\\\/wp-content\\\/uploads\\\/2025\\\/03\\\/photo-PM-_-PPP.jpg\",\"articleSection\":[\"ACTUALIT\u00c9\",\"Economie\"],\"inLanguage\":\"ar\",\"potentialAction\":[{\"@type\":\"CommentAction\",\"name\":\"Comment\",\"target\":[\"https:\\\/\\\/lequotidien.mr\\\/?p=26413&lang=fr#respond\"]}]},{\"@type\":\"WebPage\",\"@id\":\"https:\\\/\\\/lequotidien.mr\\\/?p=26413&lang=fr\",\"url\":\"https:\\\/\\\/lequotidien.mr\\\/?p=26413&lang=fr\",\"name\":\"Agenda du Premier ministre : M. Moctar Djay impulse une nouvelle dynamique pour le PPP et les droits de l\u2019homme - Le Quotidien de Nouakchott\",\"isPartOf\":{\"@id\":\"https:\\\/\\\/lequotidien.mr\\\/#website\"},\"primaryImageOfPage\":{\"@id\":\"https:\\\/\\\/lequotidien.mr\\\/?p=26413&lang=fr#primaryimage\"},\"image\":{\"@id\":\"https:\\\/\\\/lequotidien.mr\\\/?p=26413&lang=fr#primaryimage\"},\"thumbnailUrl\":\"https:\\\/\\\/lequotidien.mr\\\/wp-content\\\/uploads\\\/2025\\\/03\\\/photo-PM-_-PPP.jpg\",\"datePublished\":\"2025-03-26T11:52:10+00:00\",\"breadcrumb\":{\"@id\":\"https:\\\/\\\/lequotidien.mr\\\/?p=26413&lang=fr#breadcrumb\"},\"inLanguage\":\"ar\",\"potentialAction\":[{\"@type\":\"ReadAction\",\"target\":[\"https:\\\/\\\/lequotidien.mr\\\/?p=26413&lang=fr\"]}]},{\"@type\":\"ImageObject\",\"inLanguage\":\"ar\",\"@id\":\"https:\\\/\\\/lequotidien.mr\\\/?p=26413&lang=fr#primaryimage\",\"url\":\"https:\\\/\\\/lequotidien.mr\\\/wp-content\\\/uploads\\\/2025\\\/03\\\/photo-PM-_-PPP.jpg\",\"contentUrl\":\"https:\\\/\\\/lequotidien.mr\\\/wp-content\\\/uploads\\\/2025\\\/03\\\/photo-PM-_-PPP.jpg\",\"width\":750,\"height\":430},{\"@type\":\"BreadcrumbList\",\"@id\":\"https:\\\/\\\/lequotidien.mr\\\/?p=26413&lang=fr#breadcrumb\",\"itemListElement\":[{\"@type\":\"ListItem\",\"position\":1,\"name\":\"Home\",\"item\":\"https:\\\/\\\/lequotidien.mr\\\/\"},{\"@type\":\"ListItem\",\"position\":2,\"name\":\"Agenda du Premier ministre : M. Moctar Djay impulse une nouvelle dynamique pour le PPP et les droits de l\u2019homme\"}]},{\"@type\":\"WebSite\",\"@id\":\"https:\\\/\\\/lequotidien.mr\\\/#website\",\"url\":\"https:\\\/\\\/lequotidien.mr\\\/\",\"name\":\"Le Quotidien de Nouakchott\",\"description\":\"\u0625\u062e\u0628\u0627\u0631\u064a\u0629 \u0645\u0633\u062a\u0642\u0644\u0629 \u0644\u0644\u0623\u0646\u0628\u0627\u0621 \u0627\u0644\u0639\u0627\u0645\u0629\",\"publisher\":{\"@id\":\"https:\\\/\\\/lequotidien.mr\\\/#organization\"},\"potentialAction\":[{\"@type\":\"SearchAction\",\"target\":{\"@type\":\"EntryPoint\",\"urlTemplate\":\"https:\\\/\\\/lequotidien.mr\\\/?s={search_term_string}\"},\"query-input\":{\"@type\":\"PropertyValueSpecification\",\"valueRequired\":true,\"valueName\":\"search_term_string\"}}],\"inLanguage\":\"ar\"},{\"@type\":\"Organization\",\"@id\":\"https:\\\/\\\/lequotidien.mr\\\/#organization\",\"name\":\"Le Quotidien de Nouakchott\",\"url\":\"https:\\\/\\\/lequotidien.mr\\\/\",\"logo\":{\"@type\":\"ImageObject\",\"inLanguage\":\"ar\",\"@id\":\"https:\\\/\\\/lequotidien.mr\\\/#\\\/schema\\\/logo\\\/image\\\/\",\"url\":\"https:\\\/\\\/lequotidien.mr\\\/wp-content\\\/uploads\\\/2022\\\/11\\\/logolequotidien.jpg\",\"contentUrl\":\"https:\\\/\\\/lequotidien.mr\\\/wp-content\\\/uploads\\\/2022\\\/11\\\/logolequotidien.jpg\",\"width\":290,\"height\":65,\"caption\":\"Le Quotidien de Nouakchott\"},\"image\":{\"@id\":\"https:\\\/\\\/lequotidien.mr\\\/#\\\/schema\\\/logo\\\/image\\\/\"},\"sameAs\":[\"https:\\\/\\\/web.facebook.com\\\/lequotidienmr\",\"https:\\\/\\\/x.com\\\/lequotidienmr\"]},{\"@type\":\"Person\",\"@id\":\"https:\\\/\\\/lequotidien.mr\\\/#\\\/schema\\\/person\\\/d2d350202a4d599685ed8abc25f97596\",\"name\":\"Med Ahmed\",\"image\":{\"@type\":\"ImageObject\",\"inLanguage\":\"ar\",\"@id\":\"https:\\\/\\\/secure.gravatar.com\\\/avatar\\\/fd2acc62ed50732923d1d39c17172c9b04149f142be92310ecc69e1358f94b52?s=96&d=mm&r=g\",\"url\":\"https:\\\/\\\/secure.gravatar.com\\\/avatar\\\/fd2acc62ed50732923d1d39c17172c9b04149f142be92310ecc69e1358f94b52?s=96&d=mm&r=g\",\"contentUrl\":\"https:\\\/\\\/secure.gravatar.com\\\/avatar\\\/fd2acc62ed50732923d1d39c17172c9b04149f142be92310ecc69e1358f94b52?s=96&d=mm&r=g\",\"caption\":\"Med Ahmed\"},\"url\":\"https:\\\/\\\/lequotidien.mr\\\/?author=12\"}]}<\/script>\n<!-- \/ Yoast SEO plugin. -->","yoast_head_json":{"title":"Agenda du Premier ministre : M. Moctar Djay impulse une nouvelle dynamique pour le PPP et les droits de l\u2019homme - Le Quotidien de Nouakchott","robots":{"index":"index","follow":"follow","max-snippet":"max-snippet:-1","max-image-preview":"max-image-preview:large","max-video-preview":"max-video-preview:-1"},"canonical":"https:\/\/lequotidien.mr\/?p=26413&lang=fr","og_locale":"ar_AR","og_type":"article","og_title":"Agenda du Premier ministre : M. Moctar Djay impulse une nouvelle dynamique pour le PPP et les droits de l\u2019homme - Le Quotidien de Nouakchott","og_description":"Le Premier ministre, M. Moctar Djay, a anim\u00e9, mardi dernier, deux r\u00e9unions strat\u00e9giques au si\u00e8ge du gouvernement, illustrant la double priorit\u00e9 accord\u00e9e au d\u00e9veloppement socio-\u00e9conomique et au respect des engagements internationaux en mati\u00e8re de droits humains. Partenariat public-priv\u00e9 : feu vert pour l\u2019\u00e9lectrification du Sud-Est Dans la salle de r\u00e9union de l\u2019immeuble du Premier minist\u00e8re,.....","og_url":"https:\/\/lequotidien.mr\/?p=26413&lang=fr","og_site_name":"Le Quotidien de Nouakchott","article_publisher":"https:\/\/web.facebook.com\/lequotidienmr","article_published_time":"2025-03-26T11:52:10+00:00","og_image":[{"width":750,"height":430,"url":"https:\/\/lequotidien.mr\/wp-content\/uploads\/2025\/03\/photo-PM-_-PPP.jpg","type":"image\/jpeg"}],"author":"Med Ahmed","twitter_card":"summary_large_image","twitter_creator":"@lequotidienmr","twitter_site":"@lequotidienmr","twitter_misc":{"\u0643\u064f\u062a\u0628 \u0628\u0648\u0627\u0633\u0637\u0629":"Med Ahmed","\u0648\u0642\u062a \u0627\u0644\u0642\u0631\u0627\u0621\u0629 \u0627\u0644\u0645\u064f\u0642\u062f\u0651\u0631":"\u062f\u0642\u064a\u0642\u062a\u0627\u0646"},"schema":{"@context":"https:\/\/schema.org","@graph":[{"@type":"Article","@id":"https:\/\/lequotidien.mr\/?p=26413&lang=fr#article","isPartOf":{"@id":"https:\/\/lequotidien.mr\/?p=26413&lang=fr"},"author":{"name":"Med Ahmed","@id":"https:\/\/lequotidien.mr\/#\/schema\/person\/d2d350202a4d599685ed8abc25f97596"},"headline":"Agenda du Premier ministre : M. Moctar Djay impulse une nouvelle dynamique pour le PPP et les droits de l\u2019homme","datePublished":"2025-03-26T11:52:10+00:00","mainEntityOfPage":{"@id":"https:\/\/lequotidien.mr\/?p=26413&lang=fr"},"wordCount":496,"commentCount":0,"publisher":{"@id":"https:\/\/lequotidien.mr\/#organization"},"image":{"@id":"https:\/\/lequotidien.mr\/?p=26413&lang=fr#primaryimage"},"thumbnailUrl":"https:\/\/lequotidien.mr\/wp-content\/uploads\/2025\/03\/photo-PM-_-PPP.jpg","articleSection":["ACTUALIT\u00c9","Economie"],"inLanguage":"ar","potentialAction":[{"@type":"CommentAction","name":"Comment","target":["https:\/\/lequotidien.mr\/?p=26413&lang=fr#respond"]}]},{"@type":"WebPage","@id":"https:\/\/lequotidien.mr\/?p=26413&lang=fr","url":"https:\/\/lequotidien.mr\/?p=26413&lang=fr","name":"Agenda du Premier ministre : M. Moctar Djay impulse une nouvelle dynamique pour le PPP et les droits de l\u2019homme - Le Quotidien de Nouakchott","isPartOf":{"@id":"https:\/\/lequotidien.mr\/#website"},"primaryImageOfPage":{"@id":"https:\/\/lequotidien.mr\/?p=26413&lang=fr#primaryimage"},"image":{"@id":"https:\/\/lequotidien.mr\/?p=26413&lang=fr#primaryimage"},"thumbnailUrl":"https:\/\/lequotidien.mr\/wp-content\/uploads\/2025\/03\/photo-PM-_-PPP.jpg","datePublished":"2025-03-26T11:52:10+00:00","breadcrumb":{"@id":"https:\/\/lequotidien.mr\/?p=26413&lang=fr#breadcrumb"},"inLanguage":"ar","potentialAction":[{"@type":"ReadAction","target":["https:\/\/lequotidien.mr\/?p=26413&lang=fr"]}]},{"@type":"ImageObject","inLanguage":"ar","@id":"https:\/\/lequotidien.mr\/?p=26413&lang=fr#primaryimage","url":"https:\/\/lequotidien.mr\/wp-content\/uploads\/2025\/03\/photo-PM-_-PPP.jpg","contentUrl":"https:\/\/lequotidien.mr\/wp-content\/uploads\/2025\/03\/photo-PM-_-PPP.jpg","width":750,"height":430},{"@type":"BreadcrumbList","@id":"https:\/\/lequotidien.mr\/?p=26413&lang=fr#breadcrumb","itemListElement":[{"@type":"ListItem","position":1,"name":"Home","item":"https:\/\/lequotidien.mr\/"},{"@type":"ListItem","position":2,"name":"Agenda du Premier ministre : M. Moctar Djay impulse une nouvelle dynamique pour le PPP et les droits de l\u2019homme"}]},{"@type":"WebSite","@id":"https:\/\/lequotidien.mr\/#website","url":"https:\/\/lequotidien.mr\/","name":"Le Quotidien de Nouakchott","description":"\u0625\u062e\u0628\u0627\u0631\u064a\u0629 \u0645\u0633\u062a\u0642\u0644\u0629 \u0644\u0644\u0623\u0646\u0628\u0627\u0621 \u0627\u0644\u0639\u0627\u0645\u0629","publisher":{"@id":"https:\/\/lequotidien.mr\/#organization"},"potentialAction":[{"@type":"SearchAction","target":{"@type":"EntryPoint","urlTemplate":"https:\/\/lequotidien.mr\/?s={search_term_string}"},"query-input":{"@type":"PropertyValueSpecification","valueRequired":true,"valueName":"search_term_string"}}],"inLanguage":"ar"},{"@type":"Organization","@id":"https:\/\/lequotidien.mr\/#organization","name":"Le Quotidien de Nouakchott","url":"https:\/\/lequotidien.mr\/","logo":{"@type":"ImageObject","inLanguage":"ar","@id":"https:\/\/lequotidien.mr\/#\/schema\/logo\/image\/","url":"https:\/\/lequotidien.mr\/wp-content\/uploads\/2022\/11\/logolequotidien.jpg","contentUrl":"https:\/\/lequotidien.mr\/wp-content\/uploads\/2022\/11\/logolequotidien.jpg","width":290,"height":65,"caption":"Le Quotidien de Nouakchott"},"image":{"@id":"https:\/\/lequotidien.mr\/#\/schema\/logo\/image\/"},"sameAs":["https:\/\/web.facebook.com\/lequotidienmr","https:\/\/x.com\/lequotidienmr"]},{"@type":"Person","@id":"https:\/\/lequotidien.mr\/#\/schema\/person\/d2d350202a4d599685ed8abc25f97596","name":"Med Ahmed","image":{"@type":"ImageObject","inLanguage":"ar","@id":"https:\/\/secure.gravatar.com\/avatar\/fd2acc62ed50732923d1d39c17172c9b04149f142be92310ecc69e1358f94b52?s=96&d=mm&r=g","url":"https:\/\/secure.gravatar.com\/avatar\/fd2acc62ed50732923d1d39c17172c9b04149f142be92310ecc69e1358f94b52?s=96&d=mm&r=g","contentUrl":"https:\/\/secure.gravatar.com\/avatar\/fd2acc62ed50732923d1d39c17172c9b04149f142be92310ecc69e1358f94b52?s=96&d=mm&r=g","caption":"Med Ahmed"},"url":"https:\/\/lequotidien.mr\/?author=12"}]}},"_links":{"self":[{"href":"https:\/\/lequotidien.mr\/index.php?rest_route=\/wp\/v2\/posts\/26413","targetHints":{"allow":["GET"]}}],"collection":[{"href":"https:\/\/lequotidien.mr\/index.php?rest_route=\/wp\/v2\/posts"}],"about":[{"href":"https:\/\/lequotidien.mr\/index.php?rest_route=\/wp\/v2\/types\/post"}],"author":[{"embeddable":true,"href":"https:\/\/lequotidien.mr\/index.php?rest_route=\/wp\/v2\/users\/12"}],"replies":[{"embeddable":true,"href":"https:\/\/lequotidien.mr\/index.php?rest_route=%2Fwp%2Fv2%2Fcomments&post=26413"}],"version-history":[{"count":1,"href":"https:\/\/lequotidien.mr\/index.php?rest_route=\/wp\/v2\/posts\/26413\/revisions"}],"predecessor-version":[{"id":26415,"href":"https:\/\/lequotidien.mr\/index.php?rest_route=\/wp\/v2\/posts\/26413\/revisions\/26415"}],"wp:featuredmedia":[{"embeddable":true,"href":"https:\/\/lequotidien.mr\/index.php?rest_route=\/wp\/v2\/media\/26414"}],"wp:attachment":[{"href":"https:\/\/lequotidien.mr\/index.php?rest_route=%2Fwp%2Fv2%2Fmedia&parent=26413"}],"wp:term":[{"taxonomy":"category","embeddable":true,"href":"https:\/\/lequotidien.mr\/index.php?rest_route=%2Fwp%2Fv2%2Fcategories&post=26413"},{"taxonomy":"post_tag","embeddable":true,"href":"https:\/\/lequotidien.mr\/index.php?rest_route=%2Fwp%2Fv2%2Ftags&post=26413"}],"curies":[{"name":"wp","href":"https:\/\/api.w.org\/{rel}","templated":true}]}}