{"id":26401,"date":"2025-03-26T11:10:34","date_gmt":"2025-03-26T11:10:34","guid":{"rendered":"https:\/\/lequotidien.mr\/?p=26401"},"modified":"2025-03-26T11:10:34","modified_gmt":"2025-03-26T11:10:34","slug":"mauritanie-france-signature-dune-convention-a-travers-lafd-pour-renforcer-le-reseau-electrique-mauritanien","status":"publish","type":"post","link":"https:\/\/lequotidien.mr\/?p=26401&lang=fr","title":{"rendered":"Mauritanie\/France : Signature d\u2019une convention \u00e0 travers l\u2019AFD pour renforcer le r\u00e9seau \u00e9lectrique mauritanien"},"content":{"rendered":"<p>Une \u00e9tape majeure dans le d\u00e9veloppement des infrastructures \u00e9nerg\u00e9tiques de la Mauritanie a \u00e9t\u00e9 franchie ce mercredi avec la signature d\u2019une convention de financement entre le gouvernement mauritanien et la France. Cet accord, scell\u00e9 par le ministre de l\u2019\u00c9conomie et des Finances, M. Sid\u2019Ahmed Bouh, et l\u2019ambassadeur de France en Mauritanie, M. Alexandre Garcia, pr\u00e9voit un pr\u00eat bonifi\u00e9 de 64 millions d\u2019euros (environ 2,8 milliards MRU) octroy\u00e9 par l\u2019Agence Fran\u00e7aise de D\u00e9veloppement (AFD). Ce financement soutiendra la r\u00e9alisation de deux projets structurants : la ligne \u00e0 haute tension Nouakchott-N\u00e9ma et une centrale \u00e9lectrique \u00e0 Kiffa.<\/p>\n<p><strong>Des infrastructures pour booster l\u2019\u00e9lectrification<\/strong><\/p>\n<p>Lors de son allocution, M. Bouh a d\u00e9taill\u00e9 les composantes cl\u00e9s du projet. Le financement permettra la construction d\u2019une ligne \u00e0 haute tension entre El Ghaira et Kiffa, une station de production de 50 m\u00e9gawatts \u00e0 Kiffa, ainsi qu\u2019une sous-station \u00e0 Nouakchott. Ces ouvrages relieront le r\u00e9seau national mauritanien au r\u00e9seau malien, favorisant ainsi une int\u00e9gration \u00e9nerg\u00e9tique r\u00e9gionale. Par ailleurs, 100 000 nouveaux raccordements \u00e9lectriques seront r\u00e9alis\u00e9s le long de la ligne, accompagn\u00e9s de r\u00e9seaux locaux de distribution pour desservir les populations.<\/p>\n<p>Le ministre a soulign\u00e9 le potentiel \u00e9nerg\u00e9tique \u00ab consid\u00e9rable \u00bb de la Mauritanie, notamment dans les domaines solaire, \u00e9olien et hydro\u00e9lectrique, sans oublier les perspectives prometteuses li\u00e9es \u00e0 l\u2019extraction de gaz. Toutefois, il a reconnu que les lacunes en mati\u00e8re de transport et de distribution freinent l\u2019exploitation optimale de ces ressources. Actuellement, le taux de couverture \u00e9lectrique nationale plafonne \u00e0 57 %, avec un taux alarmant de 10 % en zones rurales.<\/p>\n<p><strong>Un programme ambitieux soutenu par des partenaires<\/strong><\/p>\n<p>Pour rem\u00e9dier \u00e0 ces d\u00e9fis, la Mauritanie a \u00e9labor\u00e9 un programme d\u2019envergure visant \u00e0 \u00e9tendre les lignes haute tension, interconnecter les r\u00e9seaux avec ceux des pays voisins, doubler les capacit\u00e9s de distribution dans les zones urbaines denses et encourager l\u2019implication du secteur priv\u00e9 dans la production et la distribution d\u2019\u00e9nergie. \u00ab Ce projet s\u2019inscrit dans une vision globale, soutenue par plusieurs bailleurs de fonds, pour transformer durablement notre secteur \u00e9nerg\u00e9tique \u00bb, a d\u00e9clar\u00e9 M. Bouh.<\/p>\n<p>M. Alexandre Garcia, ambassadeur de France, a salu\u00e9 cet accord comme une preuve du \u00ab dynamisme renouvel\u00e9 \u00bb de la coop\u00e9ration franco-mauritanienne. \u00ab Ce financement illustre notre engagement commun dans les priorit\u00e9s strat\u00e9giques que sont l\u2019\u00e9nergie et les infrastructures. Il contribuera directement \u00e0 am\u00e9liorer l\u2019acc\u00e8s des populations \u00e0 une \u00e9lectricit\u00e9 propre et p\u00e9renne \u00bb, a-t-il affirm\u00e9. Il a \u00e9galement rappel\u00e9 la place centrale du secteur \u00e9nerg\u00e9tique dans le partenariat entre les deux pays.<\/p>\n<p>La c\u00e9r\u00e9monie, tenue en pr\u00e9sence du ministre de l\u2019\u00c9nergie et du P\u00e9trole, M. Mohamed Khaled, et de responsables des d\u00e9partements concern\u00e9s, marque un pas de plus vers l\u2019objectif mauritanien de garantir un acc\u00e8s universel \u00e0 l\u2019\u00e9lectricit\u00e9 d\u2019ici 2030. Une ambition qui, gr\u00e2ce \u00e0 ce partenariat, semble d\u00e9sormais \u00e0 port\u00e9e de r\u00e9seau.<\/p>\n","protected":false},"excerpt":{"rendered":"<p>Une \u00e9tape majeure dans le d\u00e9veloppement des infrastructures \u00e9nerg\u00e9tiques de la Mauritanie a \u00e9t\u00e9 franchie ce mercredi avec la signature d\u2019une convention de financement entre le gouvernement mauritanien et la France. Cet accord, scell\u00e9 par le ministre de l\u2019\u00c9conomie et des Finances, M. Sid\u2019Ahmed Bouh, et l\u2019ambassadeur de France en Mauritanie, M. Alexandre Garcia, pr\u00e9voit&#8230;..<\/p>\n","protected":false},"author":12,"featured_media":26402,"comment_status":"open","ping_status":"open","sticky":false,"template":"","format":"standard","meta":{"footnotes":""},"categories":[23,49],"tags":[],"class_list":["post-26401","post","type-post","status-publish","format-standard","has-post-thumbnail","hentry","category-actualite","category-economie"],"yoast_head":"<!-- This site is optimized with the Yoast SEO plugin v27.5 - https:\/\/yoast.com\/product\/yoast-seo-wordpress\/ -->\n<title>Mauritanie\/France : Signature d\u2019une convention \u00e0 travers l\u2019AFD pour renforcer le r\u00e9seau \u00e9lectrique mauritanien - Le Quotidien de Nouakchott<\/title>\n<meta name=\"robots\" content=\"index, follow, max-snippet:-1, max-image-preview:large, max-video-preview:-1\" \/>\n<link rel=\"canonical\" href=\"https:\/\/lequotidien.mr\/?p=26401&lang=fr\" \/>\n<meta property=\"og:locale\" content=\"ar_AR\" \/>\n<meta property=\"og:type\" content=\"article\" \/>\n<meta property=\"og:title\" content=\"Mauritanie\/France : Signature d\u2019une convention \u00e0 travers l\u2019AFD pour renforcer le r\u00e9seau \u00e9lectrique mauritanien - Le Quotidien de Nouakchott\" \/>\n<meta property=\"og:description\" content=\"Une \u00e9tape majeure dans le d\u00e9veloppement des infrastructures \u00e9nerg\u00e9tiques de la Mauritanie a \u00e9t\u00e9 franchie ce mercredi avec la signature d\u2019une convention de financement entre le gouvernement mauritanien et la France. Cet accord, scell\u00e9 par le ministre de l\u2019\u00c9conomie et des Finances, M. Sid\u2019Ahmed Bouh, et l\u2019ambassadeur de France en Mauritanie, M. Alexandre Garcia, pr\u00e9voit.....\" \/>\n<meta property=\"og:url\" content=\"https:\/\/lequotidien.mr\/?p=26401&amp;lang=fr\" \/>\n<meta property=\"og:site_name\" content=\"Le Quotidien de Nouakchott\" \/>\n<meta property=\"article:publisher\" content=\"https:\/\/web.facebook.com\/lequotidienmr\" \/>\n<meta property=\"article:published_time\" content=\"2025-03-26T11:10:34+00:00\" \/>\n<meta property=\"og:image\" content=\"https:\/\/lequotidien.mr\/wp-content\/uploads\/2025\/03\/photo-cvntion-electrification.jpg\" \/>\n\t<meta property=\"og:image:width\" content=\"640\" \/>\n\t<meta property=\"og:image:height\" content=\"367\" \/>\n\t<meta property=\"og:image:type\" content=\"image\/jpeg\" \/>\n<meta name=\"author\" content=\"Med Ahmed\" \/>\n<meta name=\"twitter:card\" content=\"summary_large_image\" \/>\n<meta name=\"twitter:creator\" content=\"@lequotidienmr\" \/>\n<meta name=\"twitter:site\" content=\"@lequotidienmr\" \/>\n<meta name=\"twitter:label1\" content=\"\u0643\u064f\u062a\u0628 \u0628\u0648\u0627\u0633\u0637\u0629\" \/>\n\t<meta name=\"twitter:data1\" content=\"Med Ahmed\" \/>\n\t<meta name=\"twitter:label2\" content=\"\u0648\u0642\u062a \u0627\u0644\u0642\u0631\u0627\u0621\u0629 \u0627\u0644\u0645\u064f\u0642\u062f\u0651\u0631\" \/>\n\t<meta name=\"twitter:data2\" content=\"\u062f\u0642\u064a\u0642\u062a\u0627\u0646\" \/>\n<script type=\"application\/ld+json\" class=\"yoast-schema-graph\">{\"@context\":\"https:\\\/\\\/schema.org\",\"@graph\":[{\"@type\":\"Article\",\"@id\":\"https:\\\/\\\/lequotidien.mr\\\/?p=26401&lang=fr#article\",\"isPartOf\":{\"@id\":\"https:\\\/\\\/lequotidien.mr\\\/?p=26401&lang=fr\"},\"author\":{\"name\":\"Med Ahmed\",\"@id\":\"https:\\\/\\\/lequotidien.mr\\\/#\\\/schema\\\/person\\\/d2d350202a4d599685ed8abc25f97596\"},\"headline\":\"Mauritanie\\\/France : Signature d\u2019une convention \u00e0 travers l\u2019AFD pour renforcer le r\u00e9seau \u00e9lectrique mauritanien\",\"datePublished\":\"2025-03-26T11:10:34+00:00\",\"mainEntityOfPage\":{\"@id\":\"https:\\\/\\\/lequotidien.mr\\\/?p=26401&lang=fr\"},\"wordCount\":513,\"commentCount\":0,\"publisher\":{\"@id\":\"https:\\\/\\\/lequotidien.mr\\\/#organization\"},\"image\":{\"@id\":\"https:\\\/\\\/lequotidien.mr\\\/?p=26401&lang=fr#primaryimage\"},\"thumbnailUrl\":\"https:\\\/\\\/lequotidien.mr\\\/wp-content\\\/uploads\\\/2025\\\/03\\\/photo-cvntion-electrification.jpg\",\"articleSection\":[\"ACTUALIT\u00c9\",\"Economie\"],\"inLanguage\":\"ar\",\"potentialAction\":[{\"@type\":\"CommentAction\",\"name\":\"Comment\",\"target\":[\"https:\\\/\\\/lequotidien.mr\\\/?p=26401&lang=fr#respond\"]}]},{\"@type\":\"WebPage\",\"@id\":\"https:\\\/\\\/lequotidien.mr\\\/?p=26401&lang=fr\",\"url\":\"https:\\\/\\\/lequotidien.mr\\\/?p=26401&lang=fr\",\"name\":\"Mauritanie\\\/France : Signature d\u2019une convention \u00e0 travers l\u2019AFD pour renforcer le r\u00e9seau \u00e9lectrique mauritanien - Le Quotidien de Nouakchott\",\"isPartOf\":{\"@id\":\"https:\\\/\\\/lequotidien.mr\\\/#website\"},\"primaryImageOfPage\":{\"@id\":\"https:\\\/\\\/lequotidien.mr\\\/?p=26401&lang=fr#primaryimage\"},\"image\":{\"@id\":\"https:\\\/\\\/lequotidien.mr\\\/?p=26401&lang=fr#primaryimage\"},\"thumbnailUrl\":\"https:\\\/\\\/lequotidien.mr\\\/wp-content\\\/uploads\\\/2025\\\/03\\\/photo-cvntion-electrification.jpg\",\"datePublished\":\"2025-03-26T11:10:34+00:00\",\"breadcrumb\":{\"@id\":\"https:\\\/\\\/lequotidien.mr\\\/?p=26401&lang=fr#breadcrumb\"},\"inLanguage\":\"ar\",\"potentialAction\":[{\"@type\":\"ReadAction\",\"target\":[\"https:\\\/\\\/lequotidien.mr\\\/?p=26401&lang=fr\"]}]},{\"@type\":\"ImageObject\",\"inLanguage\":\"ar\",\"@id\":\"https:\\\/\\\/lequotidien.mr\\\/?p=26401&lang=fr#primaryimage\",\"url\":\"https:\\\/\\\/lequotidien.mr\\\/wp-content\\\/uploads\\\/2025\\\/03\\\/photo-cvntion-electrification.jpg\",\"contentUrl\":\"https:\\\/\\\/lequotidien.mr\\\/wp-content\\\/uploads\\\/2025\\\/03\\\/photo-cvntion-electrification.jpg\",\"width\":640,\"height\":367},{\"@type\":\"BreadcrumbList\",\"@id\":\"https:\\\/\\\/lequotidien.mr\\\/?p=26401&lang=fr#breadcrumb\",\"itemListElement\":[{\"@type\":\"ListItem\",\"position\":1,\"name\":\"Home\",\"item\":\"https:\\\/\\\/lequotidien.mr\\\/\"},{\"@type\":\"ListItem\",\"position\":2,\"name\":\"Mauritanie\\\/France : Signature d\u2019une convention \u00e0 travers l\u2019AFD pour renforcer le r\u00e9seau \u00e9lectrique mauritanien\"}]},{\"@type\":\"WebSite\",\"@id\":\"https:\\\/\\\/lequotidien.mr\\\/#website\",\"url\":\"https:\\\/\\\/lequotidien.mr\\\/\",\"name\":\"Le Quotidien de Nouakchott\",\"description\":\"\u0625\u062e\u0628\u0627\u0631\u064a\u0629 \u0645\u0633\u062a\u0642\u0644\u0629 \u0644\u0644\u0623\u0646\u0628\u0627\u0621 \u0627\u0644\u0639\u0627\u0645\u0629\",\"publisher\":{\"@id\":\"https:\\\/\\\/lequotidien.mr\\\/#organization\"},\"potentialAction\":[{\"@type\":\"SearchAction\",\"target\":{\"@type\":\"EntryPoint\",\"urlTemplate\":\"https:\\\/\\\/lequotidien.mr\\\/?s={search_term_string}\"},\"query-input\":{\"@type\":\"PropertyValueSpecification\",\"valueRequired\":true,\"valueName\":\"search_term_string\"}}],\"inLanguage\":\"ar\"},{\"@type\":\"Organization\",\"@id\":\"https:\\\/\\\/lequotidien.mr\\\/#organization\",\"name\":\"Le Quotidien de Nouakchott\",\"url\":\"https:\\\/\\\/lequotidien.mr\\\/\",\"logo\":{\"@type\":\"ImageObject\",\"inLanguage\":\"ar\",\"@id\":\"https:\\\/\\\/lequotidien.mr\\\/#\\\/schema\\\/logo\\\/image\\\/\",\"url\":\"https:\\\/\\\/lequotidien.mr\\\/wp-content\\\/uploads\\\/2022\\\/11\\\/logolequotidien.jpg\",\"contentUrl\":\"https:\\\/\\\/lequotidien.mr\\\/wp-content\\\/uploads\\\/2022\\\/11\\\/logolequotidien.jpg\",\"width\":290,\"height\":65,\"caption\":\"Le Quotidien de Nouakchott\"},\"image\":{\"@id\":\"https:\\\/\\\/lequotidien.mr\\\/#\\\/schema\\\/logo\\\/image\\\/\"},\"sameAs\":[\"https:\\\/\\\/web.facebook.com\\\/lequotidienmr\",\"https:\\\/\\\/x.com\\\/lequotidienmr\"]},{\"@type\":\"Person\",\"@id\":\"https:\\\/\\\/lequotidien.mr\\\/#\\\/schema\\\/person\\\/d2d350202a4d599685ed8abc25f97596\",\"name\":\"Med Ahmed\",\"image\":{\"@type\":\"ImageObject\",\"inLanguage\":\"ar\",\"@id\":\"https:\\\/\\\/secure.gravatar.com\\\/avatar\\\/fd2acc62ed50732923d1d39c17172c9b04149f142be92310ecc69e1358f94b52?s=96&d=mm&r=g\",\"url\":\"https:\\\/\\\/secure.gravatar.com\\\/avatar\\\/fd2acc62ed50732923d1d39c17172c9b04149f142be92310ecc69e1358f94b52?s=96&d=mm&r=g\",\"contentUrl\":\"https:\\\/\\\/secure.gravatar.com\\\/avatar\\\/fd2acc62ed50732923d1d39c17172c9b04149f142be92310ecc69e1358f94b52?s=96&d=mm&r=g\",\"caption\":\"Med Ahmed\"},\"url\":\"https:\\\/\\\/lequotidien.mr\\\/?author=12\"}]}<\/script>\n<!-- \/ Yoast SEO plugin. -->","yoast_head_json":{"title":"Mauritanie\/France : Signature d\u2019une convention \u00e0 travers l\u2019AFD pour renforcer le r\u00e9seau \u00e9lectrique mauritanien - Le Quotidien de Nouakchott","robots":{"index":"index","follow":"follow","max-snippet":"max-snippet:-1","max-image-preview":"max-image-preview:large","max-video-preview":"max-video-preview:-1"},"canonical":"https:\/\/lequotidien.mr\/?p=26401&lang=fr","og_locale":"ar_AR","og_type":"article","og_title":"Mauritanie\/France : Signature d\u2019une convention \u00e0 travers l\u2019AFD pour renforcer le r\u00e9seau \u00e9lectrique mauritanien - Le Quotidien de Nouakchott","og_description":"Une \u00e9tape majeure dans le d\u00e9veloppement des infrastructures \u00e9nerg\u00e9tiques de la Mauritanie a \u00e9t\u00e9 franchie ce mercredi avec la signature d\u2019une convention de financement entre le gouvernement mauritanien et la France. Cet accord, scell\u00e9 par le ministre de l\u2019\u00c9conomie et des Finances, M. Sid\u2019Ahmed Bouh, et l\u2019ambassadeur de France en Mauritanie, M. Alexandre Garcia, pr\u00e9voit.....","og_url":"https:\/\/lequotidien.mr\/?p=26401&lang=fr","og_site_name":"Le Quotidien de Nouakchott","article_publisher":"https:\/\/web.facebook.com\/lequotidienmr","article_published_time":"2025-03-26T11:10:34+00:00","og_image":[{"width":640,"height":367,"url":"https:\/\/lequotidien.mr\/wp-content\/uploads\/2025\/03\/photo-cvntion-electrification.jpg","type":"image\/jpeg"}],"author":"Med Ahmed","twitter_card":"summary_large_image","twitter_creator":"@lequotidienmr","twitter_site":"@lequotidienmr","twitter_misc":{"\u0643\u064f\u062a\u0628 \u0628\u0648\u0627\u0633\u0637\u0629":"Med Ahmed","\u0648\u0642\u062a \u0627\u0644\u0642\u0631\u0627\u0621\u0629 \u0627\u0644\u0645\u064f\u0642\u062f\u0651\u0631":"\u062f\u0642\u064a\u0642\u062a\u0627\u0646"},"schema":{"@context":"https:\/\/schema.org","@graph":[{"@type":"Article","@id":"https:\/\/lequotidien.mr\/?p=26401&lang=fr#article","isPartOf":{"@id":"https:\/\/lequotidien.mr\/?p=26401&lang=fr"},"author":{"name":"Med Ahmed","@id":"https:\/\/lequotidien.mr\/#\/schema\/person\/d2d350202a4d599685ed8abc25f97596"},"headline":"Mauritanie\/France : Signature d\u2019une convention \u00e0 travers l\u2019AFD pour renforcer le r\u00e9seau \u00e9lectrique mauritanien","datePublished":"2025-03-26T11:10:34+00:00","mainEntityOfPage":{"@id":"https:\/\/lequotidien.mr\/?p=26401&lang=fr"},"wordCount":513,"commentCount":0,"publisher":{"@id":"https:\/\/lequotidien.mr\/#organization"},"image":{"@id":"https:\/\/lequotidien.mr\/?p=26401&lang=fr#primaryimage"},"thumbnailUrl":"https:\/\/lequotidien.mr\/wp-content\/uploads\/2025\/03\/photo-cvntion-electrification.jpg","articleSection":["ACTUALIT\u00c9","Economie"],"inLanguage":"ar","potentialAction":[{"@type":"CommentAction","name":"Comment","target":["https:\/\/lequotidien.mr\/?p=26401&lang=fr#respond"]}]},{"@type":"WebPage","@id":"https:\/\/lequotidien.mr\/?p=26401&lang=fr","url":"https:\/\/lequotidien.mr\/?p=26401&lang=fr","name":"Mauritanie\/France : Signature d\u2019une convention \u00e0 travers l\u2019AFD pour renforcer le r\u00e9seau \u00e9lectrique mauritanien - Le Quotidien de Nouakchott","isPartOf":{"@id":"https:\/\/lequotidien.mr\/#website"},"primaryImageOfPage":{"@id":"https:\/\/lequotidien.mr\/?p=26401&lang=fr#primaryimage"},"image":{"@id":"https:\/\/lequotidien.mr\/?p=26401&lang=fr#primaryimage"},"thumbnailUrl":"https:\/\/lequotidien.mr\/wp-content\/uploads\/2025\/03\/photo-cvntion-electrification.jpg","datePublished":"2025-03-26T11:10:34+00:00","breadcrumb":{"@id":"https:\/\/lequotidien.mr\/?p=26401&lang=fr#breadcrumb"},"inLanguage":"ar","potentialAction":[{"@type":"ReadAction","target":["https:\/\/lequotidien.mr\/?p=26401&lang=fr"]}]},{"@type":"ImageObject","inLanguage":"ar","@id":"https:\/\/lequotidien.mr\/?p=26401&lang=fr#primaryimage","url":"https:\/\/lequotidien.mr\/wp-content\/uploads\/2025\/03\/photo-cvntion-electrification.jpg","contentUrl":"https:\/\/lequotidien.mr\/wp-content\/uploads\/2025\/03\/photo-cvntion-electrification.jpg","width":640,"height":367},{"@type":"BreadcrumbList","@id":"https:\/\/lequotidien.mr\/?p=26401&lang=fr#breadcrumb","itemListElement":[{"@type":"ListItem","position":1,"name":"Home","item":"https:\/\/lequotidien.mr\/"},{"@type":"ListItem","position":2,"name":"Mauritanie\/France : Signature d\u2019une convention \u00e0 travers l\u2019AFD pour renforcer le r\u00e9seau \u00e9lectrique mauritanien"}]},{"@type":"WebSite","@id":"https:\/\/lequotidien.mr\/#website","url":"https:\/\/lequotidien.mr\/","name":"Le Quotidien de Nouakchott","description":"\u0625\u062e\u0628\u0627\u0631\u064a\u0629 \u0645\u0633\u062a\u0642\u0644\u0629 \u0644\u0644\u0623\u0646\u0628\u0627\u0621 \u0627\u0644\u0639\u0627\u0645\u0629","publisher":{"@id":"https:\/\/lequotidien.mr\/#organization"},"potentialAction":[{"@type":"SearchAction","target":{"@type":"EntryPoint","urlTemplate":"https:\/\/lequotidien.mr\/?s={search_term_string}"},"query-input":{"@type":"PropertyValueSpecification","valueRequired":true,"valueName":"search_term_string"}}],"inLanguage":"ar"},{"@type":"Organization","@id":"https:\/\/lequotidien.mr\/#organization","name":"Le Quotidien de Nouakchott","url":"https:\/\/lequotidien.mr\/","logo":{"@type":"ImageObject","inLanguage":"ar","@id":"https:\/\/lequotidien.mr\/#\/schema\/logo\/image\/","url":"https:\/\/lequotidien.mr\/wp-content\/uploads\/2022\/11\/logolequotidien.jpg","contentUrl":"https:\/\/lequotidien.mr\/wp-content\/uploads\/2022\/11\/logolequotidien.jpg","width":290,"height":65,"caption":"Le Quotidien de Nouakchott"},"image":{"@id":"https:\/\/lequotidien.mr\/#\/schema\/logo\/image\/"},"sameAs":["https:\/\/web.facebook.com\/lequotidienmr","https:\/\/x.com\/lequotidienmr"]},{"@type":"Person","@id":"https:\/\/lequotidien.mr\/#\/schema\/person\/d2d350202a4d599685ed8abc25f97596","name":"Med Ahmed","image":{"@type":"ImageObject","inLanguage":"ar","@id":"https:\/\/secure.gravatar.com\/avatar\/fd2acc62ed50732923d1d39c17172c9b04149f142be92310ecc69e1358f94b52?s=96&d=mm&r=g","url":"https:\/\/secure.gravatar.com\/avatar\/fd2acc62ed50732923d1d39c17172c9b04149f142be92310ecc69e1358f94b52?s=96&d=mm&r=g","contentUrl":"https:\/\/secure.gravatar.com\/avatar\/fd2acc62ed50732923d1d39c17172c9b04149f142be92310ecc69e1358f94b52?s=96&d=mm&r=g","caption":"Med Ahmed"},"url":"https:\/\/lequotidien.mr\/?author=12"}]}},"_links":{"self":[{"href":"https:\/\/lequotidien.mr\/index.php?rest_route=\/wp\/v2\/posts\/26401","targetHints":{"allow":["GET"]}}],"collection":[{"href":"https:\/\/lequotidien.mr\/index.php?rest_route=\/wp\/v2\/posts"}],"about":[{"href":"https:\/\/lequotidien.mr\/index.php?rest_route=\/wp\/v2\/types\/post"}],"author":[{"embeddable":true,"href":"https:\/\/lequotidien.mr\/index.php?rest_route=\/wp\/v2\/users\/12"}],"replies":[{"embeddable":true,"href":"https:\/\/lequotidien.mr\/index.php?rest_route=%2Fwp%2Fv2%2Fcomments&post=26401"}],"version-history":[{"count":1,"href":"https:\/\/lequotidien.mr\/index.php?rest_route=\/wp\/v2\/posts\/26401\/revisions"}],"predecessor-version":[{"id":26403,"href":"https:\/\/lequotidien.mr\/index.php?rest_route=\/wp\/v2\/posts\/26401\/revisions\/26403"}],"wp:featuredmedia":[{"embeddable":true,"href":"https:\/\/lequotidien.mr\/index.php?rest_route=\/wp\/v2\/media\/26402"}],"wp:attachment":[{"href":"https:\/\/lequotidien.mr\/index.php?rest_route=%2Fwp%2Fv2%2Fmedia&parent=26401"}],"wp:term":[{"taxonomy":"category","embeddable":true,"href":"https:\/\/lequotidien.mr\/index.php?rest_route=%2Fwp%2Fv2%2Fcategories&post=26401"},{"taxonomy":"post_tag","embeddable":true,"href":"https:\/\/lequotidien.mr\/index.php?rest_route=%2Fwp%2Fv2%2Ftags&post=26401"}],"curies":[{"name":"wp","href":"https:\/\/api.w.org\/{rel}","templated":true}]}}