{"id":26368,"date":"2025-03-24T22:56:53","date_gmt":"2025-03-24T22:56:53","guid":{"rendered":"https:\/\/lequotidien.mr\/?p=26368"},"modified":"2025-03-24T22:56:53","modified_gmt":"2025-03-24T22:56:53","slug":"la-12%e1%b5%89-edition-du-festival-des-leyali-du-medih-du-prophete-cloturee-dans-un-hommage-a-la-culture-et-au-patrimoine","status":"publish","type":"post","link":"https:\/\/lequotidien.mr\/?p=26368&lang=fr","title":{"rendered":"La 12\u1d49 \u00e9dition du Festival des Leyali du Medih du Proph\u00e8te cl\u00f4tur\u00e9e dans un hommage \u00e0 la culture et au patrimoine"},"content":{"rendered":"<p>La 12\u1d49 \u00e9dition du Festival des \u00ab Leyali du Medih du Proph\u00e8te \u00bb s\u2019est achev\u00e9e en apoth\u00e9ose, dimanche soir, au Stade Cheikha Boydiya de Nouakchott, sous le parrainage du Centre Taranim pour les Arts Populaires. Plac\u00e9e sous le signe de l\u2019hommage \u00e0 feu Mohamed Vall Ould Oumer, journaliste \u00e9m\u00e9rite et d\u00e9fenseur passionn\u00e9 de la culture mauritanienne, cette \u00e9dition a c\u00e9l\u00e9br\u00e9 l\u2019h\u00e9ritage spirituel et artistique du Medih, tout en renfor\u00e7ant son ancrage dans l\u2019identit\u00e9 nationale.<\/p>\n<p><strong>Un hommage \u00e0 la m\u00e9moire et \u00e0 la foi<\/strong><\/p>\n<p>Le secr\u00e9taire g\u00e9n\u00e9ral par int\u00e9rim du minist\u00e8re de la Culture, des Arts, de la Communication et des Relations avec le Parlement, M. Yahya Ahmedou, a ouvert la c\u00e9r\u00e9monie en soulignant la port\u00e9e symbolique de l\u2019\u00e9v\u00e9nement :\u00a0<em>\u00ab Ce festival a prouv\u00e9 la profondeur de la pr\u00e9sence du Medih du Proph\u00e8te dans la conscience mauritanienne, en tant qu\u2019art, message et valeur enracin\u00e9e dans notre patrimoine. \u00bb<\/em>\u00a0Il a rendu hommage \u00e0 la vision du Pr\u00e9sident de la R\u00e9publique, Mohamed Cheikh El Ghazouani, qui\u00a0<em>\u00ab fait de la glorification des rites religieux et de la consolidation des valeurs islamiques des piliers de notre ambition nationale \u00bb<\/em>.<\/p>\n<p>M. Ahmedou a \u00e9galement salu\u00e9 le succ\u00e8s populaire de cette \u00e9dition, marqu\u00e9e par une affluence record et une interaction dynamique du public, soulignant que cet engouement <em>\u00ab suscite l\u2019espoir et renouvelle notre d\u00e9termination \u00e0 pr\u00e9server la m\u00e9moire collective et \u00e0 promouvoir le message spirituel du Medih \u00bb<\/em>.<\/p>\n<p><strong>Formation, r\u00e9flexion et innovation<\/strong><\/p>\n<p>Mohamed Ali Bilal, directeur du Centre Taranim pour les Arts Populaires, a d\u00e9taill\u00e9 les activit\u00e9s phares de cette \u00e9dition. Outre les traditionnelles performances de Medih, des formations en pr\u00e9sentation publique ont \u00e9t\u00e9 dispens\u00e9es pour perfectionner les artistes, tandis qu\u2019un s\u00e9minaire intitul\u00e9\u00a0<em>\u00ab Lire dans la griffe culturelle et transformer les identit\u00e9s \u00bb<\/em>\u00a0a explor\u00e9 les liens entre patrimoine et mutations sociales. Deux concours interactifs ont \u00e9galement anim\u00e9 le festival : l\u2019un d\u00e9di\u00e9 aux arts populaires, l\u2019autre r\u00e9compensant le meilleur contenu num\u00e9rique autour du Medih.<\/p>\n<p><em>\u00ab Le Medih n\u2019est plus seulement un art audio ; c\u2019est d\u00e9sormais un outil de dialogue, de coh\u00e9sion sociale et d\u2019autonomisation des jeunes \u00bb<\/em>, a affirm\u00e9 M. Bilal, rappelant les efforts du centre pour g\u00e9n\u00e9rer des opportunit\u00e9s \u00e9conomiques via la culture. Il a lanc\u00e9 un appel pressant pour\u00a0<em>\u00ab l\u2019inscription du Medih mauritanien au patrimoine mondial de l\u2019UNESCO \u00bb<\/em>, afin de le prot\u00e9ger de l\u2019oubli, et plaid\u00e9 pour une reconnaissance officielle du Centre Taranim en tant qu\u2019<em>\u00ab association d\u2019utilit\u00e9 publique \u00bb<\/em>, dot\u00e9e d\u2019un si\u00e8ge permanent pour amplifier son impact soci\u00e9tal.<\/p>\n<p><strong>Une mobilisation en h\u00e9ritage<\/strong><\/p>\n<p>La c\u00e9r\u00e9monie de cl\u00f4ture, empreinte d\u2019\u00e9motion, a rendu un vibrant hommage \u00e0 Mohamed Vall Ould Oumer, dont l\u2019engagement pour la culture a inspir\u00e9 des g\u00e9n\u00e9rations. En pr\u00e9sence des autorit\u00e9s administratives de Nouakchott Ouest, du maire de la commune de Ksar et d\u2019une foule de passionn\u00e9s d\u2019art et de spiritualit\u00e9, le festival a confirm\u00e9 son r\u00f4le de passerelle entre tradition et modernit\u00e9.<\/p>\n<p>Alors que les derni\u00e8res notes du Medih r\u00e9sonnaient dans le stade, les organisateurs ont r\u00e9affirm\u00e9 leur volont\u00e9 de perp\u00e9tuer cet h\u00e9ritage, m\u00ealant d\u00e9votion religieuse, innovation artistique et dialogue interg\u00e9n\u00e9rationnel. Un d\u00e9fi relev\u00e9 avec brio, qui consolide la place de la Mauritanie sur la carte des cultures r\u00e9silientes et visionnaires.<\/p>\n<p>&nbsp;<\/p>\n","protected":false},"excerpt":{"rendered":"<p>La 12\u1d49 \u00e9dition du Festival des \u00ab Leyali du Medih du Proph\u00e8te \u00bb s\u2019est achev\u00e9e en apoth\u00e9ose, dimanche soir, au Stade Cheikha Boydiya de Nouakchott, sous le parrainage du Centre Taranim pour les Arts Populaires. Plac\u00e9e sous le signe de l\u2019hommage \u00e0 feu Mohamed Vall Ould Oumer, journaliste \u00e9m\u00e9rite et d\u00e9fenseur passionn\u00e9 de la culture&#8230;..<\/p>\n","protected":false},"author":12,"featured_media":26369,"comment_status":"open","ping_status":"open","sticky":false,"template":"","format":"standard","meta":{"footnotes":""},"categories":[23,55],"tags":[],"class_list":["post-26368","post","type-post","status-publish","format-standard","has-post-thumbnail","hentry","category-actualite","category-culture"],"yoast_head":"<!-- This site is optimized with the Yoast SEO plugin v27.5 - https:\/\/yoast.com\/product\/yoast-seo-wordpress\/ -->\n<title>La 12\u1d49 \u00e9dition du Festival des Leyali du Medih du Proph\u00e8te cl\u00f4tur\u00e9e dans un hommage \u00e0 la culture et au patrimoine - Le Quotidien de Nouakchott<\/title>\n<meta name=\"robots\" content=\"index, follow, max-snippet:-1, max-image-preview:large, max-video-preview:-1\" \/>\n<link rel=\"canonical\" href=\"https:\/\/lequotidien.mr\/?p=26368&lang=fr\" \/>\n<meta property=\"og:locale\" content=\"ar_AR\" \/>\n<meta property=\"og:type\" content=\"article\" \/>\n<meta property=\"og:title\" content=\"La 12\u1d49 \u00e9dition du Festival des Leyali du Medih du Proph\u00e8te cl\u00f4tur\u00e9e dans un hommage \u00e0 la culture et au patrimoine - Le Quotidien de Nouakchott\" \/>\n<meta property=\"og:description\" content=\"La 12\u1d49 \u00e9dition du Festival des \u00ab Leyali du Medih du Proph\u00e8te \u00bb s\u2019est achev\u00e9e en apoth\u00e9ose, dimanche soir, au Stade Cheikha Boydiya de Nouakchott, sous le parrainage du Centre Taranim pour les Arts Populaires. Plac\u00e9e sous le signe de l\u2019hommage \u00e0 feu Mohamed Vall Ould Oumer, journaliste \u00e9m\u00e9rite et d\u00e9fenseur passionn\u00e9 de la culture.....\" \/>\n<meta property=\"og:url\" content=\"https:\/\/lequotidien.mr\/?p=26368&amp;lang=fr\" \/>\n<meta property=\"og:site_name\" content=\"Le Quotidien de Nouakchott\" \/>\n<meta property=\"article:publisher\" content=\"https:\/\/web.facebook.com\/lequotidienmr\" \/>\n<meta property=\"article:published_time\" content=\"2025-03-24T22:56:53+00:00\" \/>\n<meta property=\"og:image\" content=\"https:\/\/lequotidien.mr\/wp-content\/uploads\/2025\/03\/photo-cloture-Medih.jpg\" \/>\n\t<meta property=\"og:image:width\" content=\"750\" \/>\n\t<meta property=\"og:image:height\" content=\"430\" \/>\n\t<meta property=\"og:image:type\" content=\"image\/jpeg\" \/>\n<meta name=\"author\" content=\"Med Ahmed\" \/>\n<meta name=\"twitter:card\" content=\"summary_large_image\" \/>\n<meta name=\"twitter:creator\" content=\"@lequotidienmr\" \/>\n<meta name=\"twitter:site\" content=\"@lequotidienmr\" \/>\n<meta name=\"twitter:label1\" content=\"\u0643\u064f\u062a\u0628 \u0628\u0648\u0627\u0633\u0637\u0629\" \/>\n\t<meta name=\"twitter:data1\" content=\"Med Ahmed\" \/>\n\t<meta name=\"twitter:label2\" content=\"\u0648\u0642\u062a \u0627\u0644\u0642\u0631\u0627\u0621\u0629 \u0627\u0644\u0645\u064f\u0642\u062f\u0651\u0631\" \/>\n\t<meta name=\"twitter:data2\" content=\"3 \u062f\u0642\u0627\u0626\u0642\" \/>\n<script type=\"application\/ld+json\" class=\"yoast-schema-graph\">{\"@context\":\"https:\\\/\\\/schema.org\",\"@graph\":[{\"@type\":\"Article\",\"@id\":\"https:\\\/\\\/lequotidien.mr\\\/?p=26368&lang=fr#article\",\"isPartOf\":{\"@id\":\"https:\\\/\\\/lequotidien.mr\\\/?p=26368&lang=fr\"},\"author\":{\"name\":\"Med Ahmed\",\"@id\":\"https:\\\/\\\/lequotidien.mr\\\/#\\\/schema\\\/person\\\/d2d350202a4d599685ed8abc25f97596\"},\"headline\":\"La 12\u1d49 \u00e9dition du Festival des Leyali du Medih du Proph\u00e8te cl\u00f4tur\u00e9e dans un hommage \u00e0 la culture et au patrimoine\",\"datePublished\":\"2025-03-24T22:56:53+00:00\",\"mainEntityOfPage\":{\"@id\":\"https:\\\/\\\/lequotidien.mr\\\/?p=26368&lang=fr\"},\"wordCount\":615,\"commentCount\":0,\"publisher\":{\"@id\":\"https:\\\/\\\/lequotidien.mr\\\/#organization\"},\"image\":{\"@id\":\"https:\\\/\\\/lequotidien.mr\\\/?p=26368&lang=fr#primaryimage\"},\"thumbnailUrl\":\"https:\\\/\\\/lequotidien.mr\\\/wp-content\\\/uploads\\\/2025\\\/03\\\/photo-cloture-Medih.jpg\",\"articleSection\":[\"ACTUALIT\u00c9\",\"Culture\"],\"inLanguage\":\"ar\",\"potentialAction\":[{\"@type\":\"CommentAction\",\"name\":\"Comment\",\"target\":[\"https:\\\/\\\/lequotidien.mr\\\/?p=26368&lang=fr#respond\"]}]},{\"@type\":\"WebPage\",\"@id\":\"https:\\\/\\\/lequotidien.mr\\\/?p=26368&lang=fr\",\"url\":\"https:\\\/\\\/lequotidien.mr\\\/?p=26368&lang=fr\",\"name\":\"La 12\u1d49 \u00e9dition du Festival des Leyali du Medih du Proph\u00e8te cl\u00f4tur\u00e9e dans un hommage \u00e0 la culture et au patrimoine - Le Quotidien de Nouakchott\",\"isPartOf\":{\"@id\":\"https:\\\/\\\/lequotidien.mr\\\/#website\"},\"primaryImageOfPage\":{\"@id\":\"https:\\\/\\\/lequotidien.mr\\\/?p=26368&lang=fr#primaryimage\"},\"image\":{\"@id\":\"https:\\\/\\\/lequotidien.mr\\\/?p=26368&lang=fr#primaryimage\"},\"thumbnailUrl\":\"https:\\\/\\\/lequotidien.mr\\\/wp-content\\\/uploads\\\/2025\\\/03\\\/photo-cloture-Medih.jpg\",\"datePublished\":\"2025-03-24T22:56:53+00:00\",\"breadcrumb\":{\"@id\":\"https:\\\/\\\/lequotidien.mr\\\/?p=26368&lang=fr#breadcrumb\"},\"inLanguage\":\"ar\",\"potentialAction\":[{\"@type\":\"ReadAction\",\"target\":[\"https:\\\/\\\/lequotidien.mr\\\/?p=26368&lang=fr\"]}]},{\"@type\":\"ImageObject\",\"inLanguage\":\"ar\",\"@id\":\"https:\\\/\\\/lequotidien.mr\\\/?p=26368&lang=fr#primaryimage\",\"url\":\"https:\\\/\\\/lequotidien.mr\\\/wp-content\\\/uploads\\\/2025\\\/03\\\/photo-cloture-Medih.jpg\",\"contentUrl\":\"https:\\\/\\\/lequotidien.mr\\\/wp-content\\\/uploads\\\/2025\\\/03\\\/photo-cloture-Medih.jpg\",\"width\":750,\"height\":430},{\"@type\":\"BreadcrumbList\",\"@id\":\"https:\\\/\\\/lequotidien.mr\\\/?p=26368&lang=fr#breadcrumb\",\"itemListElement\":[{\"@type\":\"ListItem\",\"position\":1,\"name\":\"Home\",\"item\":\"https:\\\/\\\/lequotidien.mr\\\/\"},{\"@type\":\"ListItem\",\"position\":2,\"name\":\"La 12\u1d49 \u00e9dition du Festival des Leyali du Medih du Proph\u00e8te cl\u00f4tur\u00e9e dans un hommage \u00e0 la culture et au patrimoine\"}]},{\"@type\":\"WebSite\",\"@id\":\"https:\\\/\\\/lequotidien.mr\\\/#website\",\"url\":\"https:\\\/\\\/lequotidien.mr\\\/\",\"name\":\"Le Quotidien de Nouakchott\",\"description\":\"\u0625\u062e\u0628\u0627\u0631\u064a\u0629 \u0645\u0633\u062a\u0642\u0644\u0629 \u0644\u0644\u0623\u0646\u0628\u0627\u0621 \u0627\u0644\u0639\u0627\u0645\u0629\",\"publisher\":{\"@id\":\"https:\\\/\\\/lequotidien.mr\\\/#organization\"},\"potentialAction\":[{\"@type\":\"SearchAction\",\"target\":{\"@type\":\"EntryPoint\",\"urlTemplate\":\"https:\\\/\\\/lequotidien.mr\\\/?s={search_term_string}\"},\"query-input\":{\"@type\":\"PropertyValueSpecification\",\"valueRequired\":true,\"valueName\":\"search_term_string\"}}],\"inLanguage\":\"ar\"},{\"@type\":\"Organization\",\"@id\":\"https:\\\/\\\/lequotidien.mr\\\/#organization\",\"name\":\"Le Quotidien de Nouakchott\",\"url\":\"https:\\\/\\\/lequotidien.mr\\\/\",\"logo\":{\"@type\":\"ImageObject\",\"inLanguage\":\"ar\",\"@id\":\"https:\\\/\\\/lequotidien.mr\\\/#\\\/schema\\\/logo\\\/image\\\/\",\"url\":\"https:\\\/\\\/lequotidien.mr\\\/wp-content\\\/uploads\\\/2022\\\/11\\\/logolequotidien.jpg\",\"contentUrl\":\"https:\\\/\\\/lequotidien.mr\\\/wp-content\\\/uploads\\\/2022\\\/11\\\/logolequotidien.jpg\",\"width\":290,\"height\":65,\"caption\":\"Le Quotidien de Nouakchott\"},\"image\":{\"@id\":\"https:\\\/\\\/lequotidien.mr\\\/#\\\/schema\\\/logo\\\/image\\\/\"},\"sameAs\":[\"https:\\\/\\\/web.facebook.com\\\/lequotidienmr\",\"https:\\\/\\\/x.com\\\/lequotidienmr\"]},{\"@type\":\"Person\",\"@id\":\"https:\\\/\\\/lequotidien.mr\\\/#\\\/schema\\\/person\\\/d2d350202a4d599685ed8abc25f97596\",\"name\":\"Med Ahmed\",\"image\":{\"@type\":\"ImageObject\",\"inLanguage\":\"ar\",\"@id\":\"https:\\\/\\\/secure.gravatar.com\\\/avatar\\\/fd2acc62ed50732923d1d39c17172c9b04149f142be92310ecc69e1358f94b52?s=96&d=mm&r=g\",\"url\":\"https:\\\/\\\/secure.gravatar.com\\\/avatar\\\/fd2acc62ed50732923d1d39c17172c9b04149f142be92310ecc69e1358f94b52?s=96&d=mm&r=g\",\"contentUrl\":\"https:\\\/\\\/secure.gravatar.com\\\/avatar\\\/fd2acc62ed50732923d1d39c17172c9b04149f142be92310ecc69e1358f94b52?s=96&d=mm&r=g\",\"caption\":\"Med Ahmed\"},\"url\":\"https:\\\/\\\/lequotidien.mr\\\/?author=12\"}]}<\/script>\n<!-- \/ Yoast SEO plugin. -->","yoast_head_json":{"title":"La 12\u1d49 \u00e9dition du Festival des Leyali du Medih du Proph\u00e8te cl\u00f4tur\u00e9e dans un hommage \u00e0 la culture et au patrimoine - Le Quotidien de Nouakchott","robots":{"index":"index","follow":"follow","max-snippet":"max-snippet:-1","max-image-preview":"max-image-preview:large","max-video-preview":"max-video-preview:-1"},"canonical":"https:\/\/lequotidien.mr\/?p=26368&lang=fr","og_locale":"ar_AR","og_type":"article","og_title":"La 12\u1d49 \u00e9dition du Festival des Leyali du Medih du Proph\u00e8te cl\u00f4tur\u00e9e dans un hommage \u00e0 la culture et au patrimoine - Le Quotidien de Nouakchott","og_description":"La 12\u1d49 \u00e9dition du Festival des \u00ab Leyali du Medih du Proph\u00e8te \u00bb s\u2019est achev\u00e9e en apoth\u00e9ose, dimanche soir, au Stade Cheikha Boydiya de Nouakchott, sous le parrainage du Centre Taranim pour les Arts Populaires. Plac\u00e9e sous le signe de l\u2019hommage \u00e0 feu Mohamed Vall Ould Oumer, journaliste \u00e9m\u00e9rite et d\u00e9fenseur passionn\u00e9 de la culture.....","og_url":"https:\/\/lequotidien.mr\/?p=26368&lang=fr","og_site_name":"Le Quotidien de Nouakchott","article_publisher":"https:\/\/web.facebook.com\/lequotidienmr","article_published_time":"2025-03-24T22:56:53+00:00","og_image":[{"width":750,"height":430,"url":"https:\/\/lequotidien.mr\/wp-content\/uploads\/2025\/03\/photo-cloture-Medih.jpg","type":"image\/jpeg"}],"author":"Med Ahmed","twitter_card":"summary_large_image","twitter_creator":"@lequotidienmr","twitter_site":"@lequotidienmr","twitter_misc":{"\u0643\u064f\u062a\u0628 \u0628\u0648\u0627\u0633\u0637\u0629":"Med Ahmed","\u0648\u0642\u062a \u0627\u0644\u0642\u0631\u0627\u0621\u0629 \u0627\u0644\u0645\u064f\u0642\u062f\u0651\u0631":"3 \u062f\u0642\u0627\u0626\u0642"},"schema":{"@context":"https:\/\/schema.org","@graph":[{"@type":"Article","@id":"https:\/\/lequotidien.mr\/?p=26368&lang=fr#article","isPartOf":{"@id":"https:\/\/lequotidien.mr\/?p=26368&lang=fr"},"author":{"name":"Med Ahmed","@id":"https:\/\/lequotidien.mr\/#\/schema\/person\/d2d350202a4d599685ed8abc25f97596"},"headline":"La 12\u1d49 \u00e9dition du Festival des Leyali du Medih du Proph\u00e8te cl\u00f4tur\u00e9e dans un hommage \u00e0 la culture et au patrimoine","datePublished":"2025-03-24T22:56:53+00:00","mainEntityOfPage":{"@id":"https:\/\/lequotidien.mr\/?p=26368&lang=fr"},"wordCount":615,"commentCount":0,"publisher":{"@id":"https:\/\/lequotidien.mr\/#organization"},"image":{"@id":"https:\/\/lequotidien.mr\/?p=26368&lang=fr#primaryimage"},"thumbnailUrl":"https:\/\/lequotidien.mr\/wp-content\/uploads\/2025\/03\/photo-cloture-Medih.jpg","articleSection":["ACTUALIT\u00c9","Culture"],"inLanguage":"ar","potentialAction":[{"@type":"CommentAction","name":"Comment","target":["https:\/\/lequotidien.mr\/?p=26368&lang=fr#respond"]}]},{"@type":"WebPage","@id":"https:\/\/lequotidien.mr\/?p=26368&lang=fr","url":"https:\/\/lequotidien.mr\/?p=26368&lang=fr","name":"La 12\u1d49 \u00e9dition du Festival des Leyali du Medih du Proph\u00e8te cl\u00f4tur\u00e9e dans un hommage \u00e0 la culture et au patrimoine - Le Quotidien de Nouakchott","isPartOf":{"@id":"https:\/\/lequotidien.mr\/#website"},"primaryImageOfPage":{"@id":"https:\/\/lequotidien.mr\/?p=26368&lang=fr#primaryimage"},"image":{"@id":"https:\/\/lequotidien.mr\/?p=26368&lang=fr#primaryimage"},"thumbnailUrl":"https:\/\/lequotidien.mr\/wp-content\/uploads\/2025\/03\/photo-cloture-Medih.jpg","datePublished":"2025-03-24T22:56:53+00:00","breadcrumb":{"@id":"https:\/\/lequotidien.mr\/?p=26368&lang=fr#breadcrumb"},"inLanguage":"ar","potentialAction":[{"@type":"ReadAction","target":["https:\/\/lequotidien.mr\/?p=26368&lang=fr"]}]},{"@type":"ImageObject","inLanguage":"ar","@id":"https:\/\/lequotidien.mr\/?p=26368&lang=fr#primaryimage","url":"https:\/\/lequotidien.mr\/wp-content\/uploads\/2025\/03\/photo-cloture-Medih.jpg","contentUrl":"https:\/\/lequotidien.mr\/wp-content\/uploads\/2025\/03\/photo-cloture-Medih.jpg","width":750,"height":430},{"@type":"BreadcrumbList","@id":"https:\/\/lequotidien.mr\/?p=26368&lang=fr#breadcrumb","itemListElement":[{"@type":"ListItem","position":1,"name":"Home","item":"https:\/\/lequotidien.mr\/"},{"@type":"ListItem","position":2,"name":"La 12\u1d49 \u00e9dition du Festival des Leyali du Medih du Proph\u00e8te cl\u00f4tur\u00e9e dans un hommage \u00e0 la culture et au patrimoine"}]},{"@type":"WebSite","@id":"https:\/\/lequotidien.mr\/#website","url":"https:\/\/lequotidien.mr\/","name":"Le Quotidien de Nouakchott","description":"\u0625\u062e\u0628\u0627\u0631\u064a\u0629 \u0645\u0633\u062a\u0642\u0644\u0629 \u0644\u0644\u0623\u0646\u0628\u0627\u0621 \u0627\u0644\u0639\u0627\u0645\u0629","publisher":{"@id":"https:\/\/lequotidien.mr\/#organization"},"potentialAction":[{"@type":"SearchAction","target":{"@type":"EntryPoint","urlTemplate":"https:\/\/lequotidien.mr\/?s={search_term_string}"},"query-input":{"@type":"PropertyValueSpecification","valueRequired":true,"valueName":"search_term_string"}}],"inLanguage":"ar"},{"@type":"Organization","@id":"https:\/\/lequotidien.mr\/#organization","name":"Le Quotidien de Nouakchott","url":"https:\/\/lequotidien.mr\/","logo":{"@type":"ImageObject","inLanguage":"ar","@id":"https:\/\/lequotidien.mr\/#\/schema\/logo\/image\/","url":"https:\/\/lequotidien.mr\/wp-content\/uploads\/2022\/11\/logolequotidien.jpg","contentUrl":"https:\/\/lequotidien.mr\/wp-content\/uploads\/2022\/11\/logolequotidien.jpg","width":290,"height":65,"caption":"Le Quotidien de Nouakchott"},"image":{"@id":"https:\/\/lequotidien.mr\/#\/schema\/logo\/image\/"},"sameAs":["https:\/\/web.facebook.com\/lequotidienmr","https:\/\/x.com\/lequotidienmr"]},{"@type":"Person","@id":"https:\/\/lequotidien.mr\/#\/schema\/person\/d2d350202a4d599685ed8abc25f97596","name":"Med Ahmed","image":{"@type":"ImageObject","inLanguage":"ar","@id":"https:\/\/secure.gravatar.com\/avatar\/fd2acc62ed50732923d1d39c17172c9b04149f142be92310ecc69e1358f94b52?s=96&d=mm&r=g","url":"https:\/\/secure.gravatar.com\/avatar\/fd2acc62ed50732923d1d39c17172c9b04149f142be92310ecc69e1358f94b52?s=96&d=mm&r=g","contentUrl":"https:\/\/secure.gravatar.com\/avatar\/fd2acc62ed50732923d1d39c17172c9b04149f142be92310ecc69e1358f94b52?s=96&d=mm&r=g","caption":"Med Ahmed"},"url":"https:\/\/lequotidien.mr\/?author=12"}]}},"_links":{"self":[{"href":"https:\/\/lequotidien.mr\/index.php?rest_route=\/wp\/v2\/posts\/26368","targetHints":{"allow":["GET"]}}],"collection":[{"href":"https:\/\/lequotidien.mr\/index.php?rest_route=\/wp\/v2\/posts"}],"about":[{"href":"https:\/\/lequotidien.mr\/index.php?rest_route=\/wp\/v2\/types\/post"}],"author":[{"embeddable":true,"href":"https:\/\/lequotidien.mr\/index.php?rest_route=\/wp\/v2\/users\/12"}],"replies":[{"embeddable":true,"href":"https:\/\/lequotidien.mr\/index.php?rest_route=%2Fwp%2Fv2%2Fcomments&post=26368"}],"version-history":[{"count":1,"href":"https:\/\/lequotidien.mr\/index.php?rest_route=\/wp\/v2\/posts\/26368\/revisions"}],"predecessor-version":[{"id":26370,"href":"https:\/\/lequotidien.mr\/index.php?rest_route=\/wp\/v2\/posts\/26368\/revisions\/26370"}],"wp:featuredmedia":[{"embeddable":true,"href":"https:\/\/lequotidien.mr\/index.php?rest_route=\/wp\/v2\/media\/26369"}],"wp:attachment":[{"href":"https:\/\/lequotidien.mr\/index.php?rest_route=%2Fwp%2Fv2%2Fmedia&parent=26368"}],"wp:term":[{"taxonomy":"category","embeddable":true,"href":"https:\/\/lequotidien.mr\/index.php?rest_route=%2Fwp%2Fv2%2Fcategories&post=26368"},{"taxonomy":"post_tag","embeddable":true,"href":"https:\/\/lequotidien.mr\/index.php?rest_route=%2Fwp%2Fv2%2Ftags&post=26368"}],"curies":[{"name":"wp","href":"https:\/\/api.w.org\/{rel}","templated":true}]}}