{"id":26321,"date":"2025-03-22T13:24:24","date_gmt":"2025-03-22T13:24:24","guid":{"rendered":"https:\/\/lequotidien.mr\/?p=26321"},"modified":"2025-03-22T13:24:24","modified_gmt":"2025-03-22T13:24:24","slug":"le-ministere-de-leducation-lance-un-convoi-de-46-000-manuels-scolaires-pour-renforcer-lacces-a-leducation","status":"publish","type":"post","link":"https:\/\/lequotidien.mr\/?p=26321&lang=fr","title":{"rendered":"Le Minist\u00e8re de l\u2019\u00c9ducation lance un convoi de 46 000 manuels scolaires pour renforcer l\u2019acc\u00e8s \u00e0 l\u2019\u00e9ducation"},"content":{"rendered":"<p>Le minist\u00e8re de l\u2019\u00c9ducation et de la R\u00e9forme du Syst\u00e8me \u00c9ducatif a lanc\u00e9, vendredi dernier depuis l\u2019\u00e9cole Horma Abdel Jelil dans la moughataa de Toujounine, un convoi transportant\u00a0<strong>46 000 manuels scolaires<\/strong>\u00a0destin\u00e9s \u00e0 plusieurs wilayas du pays. Financ\u00e9s par le projet d\u2019Autonomisation des Femmes et du Dividende D\u00e9mographique (SWEDD), ces livres renforceront les ressources p\u00e9dagogiques de Nouakchott Nord (11 000 manuels), ainsi que des r\u00e9gions telles que le Hodh Chargui, le Hodh El Gharbi, l\u2019Assaba, le Gorgol, le Guidimagha et la Brakna.<\/p>\n<p><strong>Une priorit\u00e9 nationale pour l\u2019\u00e9cole r\u00e9publicaine<\/strong><\/p>\n<p>Lors de la c\u00e9r\u00e9monie, la ministre Houda Babah a soulign\u00e9 le r\u00f4le central du manuel scolaire dans l\u2019am\u00e9lioration des performances des \u00e9l\u00e8ves et la qualit\u00e9 globale de l\u2019enseignement. \u00ab Ces manuels ne sont pas de simples outils ; ils incarnent l\u2019engagement de Son Excellence le Pr\u00e9sident Mohamed Cheikh El Ghazouani \u00e0 b\u00e2tir une \u00e9cole r\u00e9publicaine, inclusive et \u00e9quitable, pierre angulaire de son projet soci\u00e9tal \u00bb, a-t-elle d\u00e9clar\u00e9. Elle a rappel\u00e9 que le gouvernement du Premier ministre Moctar Djay place l\u2019\u00e9ducation en t\u00eate de ses priorit\u00e9s, visant \u00e0 moderniser un syst\u00e8me \u00e9ducatif capable de r\u00e9pondre aux d\u00e9fis du 21\u1d49 si\u00e8cle.<\/p>\n<p>Cette op\u00e9ration s\u2019inscrit dans une s\u00e9rie de distributions massives initi\u00e9es d\u00e8s la rentr\u00e9e 2024\/2025 :\u00a0<strong>1,04 million de manuels acquis en premi\u00e8re phase<\/strong>,\u00a0<strong>1,65 million distribu\u00e9s<\/strong>\u00a0pour les premi\u00e8res et deuxi\u00e8mes ann\u00e9es du Fondamental, et\u00a0<strong>45 000 livres livr\u00e9s<\/strong>\u00a0dans les \u00e9tablissements de Nouakchott.<\/p>\n<p><strong>Partenariat SWEDD : Au-del\u00e0 des manuels<\/strong><\/p>\n<p>Mme Babah a salu\u00e9 le partenariat fructueux avec le projet SWEDD, acteur cl\u00e9 dans la r\u00e9forme \u00e9ducative. Outre les 337 000 manuels imprim\u00e9s pour plusieurs niveaux (primaires, coll\u00e8ges, lyc\u00e9es scientifiques), le projet a permis :<\/p>\n<p><strong>&#8211;<\/strong>La cr\u00e9ation de\u00a0<strong>25 salles informatique<\/strong>\u00a0connect\u00e9es, dot\u00e9es d\u2019une biblioth\u00e8que num\u00e9rique incluant les ressources de l\u2019Institut P\u00e9dagogique National (IPN)\u00a0;<\/p>\n<p><strong>&#8211;<\/strong>L\u2019enregistrement de le\u00e7ons sur\u00a0<strong>3 000 tableaux \u00e9lectroniques<\/strong>\u00a0pour faciliter le travail des enseignants\u00a0;<\/p>\n<p><strong>&#8211;<\/strong>La r\u00e9novation de\u00a0<strong>57 installations hydrauliques<\/strong>\u00a0(pompes et r\u00e9servoirs), am\u00e9liorant les conditions d\u2019acc\u00e8s \u00e0 l\u2019eau dans les \u00e9coles.<\/p>\n<p><strong>Soulagement pour les familles <\/strong><\/p>\n<p>Saleck Mohamed, vice-pr\u00e9sident de la F\u00e9d\u00e9ration nationale des associations de parents d\u2019\u00e9l\u00e8ves, a salu\u00e9 cette initiative : \u00ab Distribuer gratuitement ces manuels all\u00e8ge le fardeau financier des familles et renforce l\u2019\u00e9quit\u00e9. C\u2019est un pas vers une \u00e9cole v\u00e9ritablement r\u00e9publicaine, ouverte \u00e0 tous. \u00bb Il a \u00e9galement soulign\u00e9 l\u2019importance de la collaboration entre le minist\u00e8re et les parents, garante d\u2019une \u00e9ducation inclusive.<\/p>\n<p>Ahmed Salem Fillali, maire de Toujounine, a quant \u00e0 lui li\u00e9 le progr\u00e8s national au d\u00e9veloppement \u00e9ducatif : \u00ab Le Pr\u00e9sident El Ghazouani a fait de l\u2019\u00e9ducation le socle de son programme, cr\u00e9ant une \u00e9cole qui forme des g\u00e9n\u00e9rations unies, en phase avec les valeurs islamiques et les exigences modernes. \u00bb Il a exprim\u00e9 sa fiert\u00e9 que sa municipalit\u00e9 ait \u00e9t\u00e9 choisie pour le lancement symbolique de ce convoi.<\/p>\n<p><strong>Vers une \u00e9ducation durable et connect\u00e9e<\/strong><\/p>\n<p>La c\u00e9r\u00e9monie, marqu\u00e9e par la pr\u00e9sence du secr\u00e9taire g\u00e9n\u00e9ral du minist\u00e8re, des responsables \u00e9ducatifs et des autorit\u00e9s locales, s\u2019est achev\u00e9e sur une note d\u2019espoir. Ces 46 000 manuels, combin\u00e9s aux infrastructures num\u00e9riques et hydrauliques, illustrent une approche holistique de la r\u00e9forme :\u00a0<strong>qualit\u00e9 p\u00e9dagogique, \u00e9quit\u00e9 territoriale et innovation<\/strong>.<\/p>\n<p>Avec cette initiative, le minist\u00e8re de l\u2019\u00c9ducation et le SWEDD r\u00e9affirment leur volont\u00e9 de transformer les salles de classe en leviers d\u2019autonomisation, particuli\u00e8rement pour les femmes et les jeunes, tout en consolidant les bases d\u2019une Mauritanie \u00e9duqu\u00e9e et solidaire.<\/p>\n<p>&nbsp;<\/p>\n","protected":false},"excerpt":{"rendered":"<p>Le minist\u00e8re de l\u2019\u00c9ducation et de la R\u00e9forme du Syst\u00e8me \u00c9ducatif a lanc\u00e9, vendredi dernier depuis l\u2019\u00e9cole Horma Abdel Jelil dans la moughataa de Toujounine, un convoi transportant\u00a046 000 manuels scolaires\u00a0destin\u00e9s \u00e0 plusieurs wilayas du pays. Financ\u00e9s par le projet d\u2019Autonomisation des Femmes et du Dividende D\u00e9mographique (SWEDD), ces livres renforceront les ressources p\u00e9dagogiques de&#8230;..<\/p>\n","protected":false},"author":12,"featured_media":26322,"comment_status":"open","ping_status":"open","sticky":false,"template":"","format":"standard","meta":{"footnotes":""},"categories":[23,55],"tags":[],"class_list":["post-26321","post","type-post","status-publish","format-standard","has-post-thumbnail","hentry","category-actualite","category-culture"],"yoast_head":"<!-- This site is optimized with the Yoast SEO plugin v27.5 - https:\/\/yoast.com\/product\/yoast-seo-wordpress\/ -->\n<title>Le Minist\u00e8re de l\u2019\u00c9ducation lance un convoi de 46 000 manuels scolaires pour renforcer l\u2019acc\u00e8s \u00e0 l\u2019\u00e9ducation - Le Quotidien de Nouakchott<\/title>\n<meta name=\"robots\" content=\"index, follow, max-snippet:-1, max-image-preview:large, max-video-preview:-1\" \/>\n<link rel=\"canonical\" href=\"https:\/\/lequotidien.mr\/?p=26321&lang=fr\" \/>\n<meta property=\"og:locale\" content=\"ar_AR\" \/>\n<meta property=\"og:type\" content=\"article\" \/>\n<meta property=\"og:title\" content=\"Le Minist\u00e8re de l\u2019\u00c9ducation lance un convoi de 46 000 manuels scolaires pour renforcer l\u2019acc\u00e8s \u00e0 l\u2019\u00e9ducation - Le Quotidien de Nouakchott\" \/>\n<meta property=\"og:description\" content=\"Le minist\u00e8re de l\u2019\u00c9ducation et de la R\u00e9forme du Syst\u00e8me \u00c9ducatif a lanc\u00e9, vendredi dernier depuis l\u2019\u00e9cole Horma Abdel Jelil dans la moughataa de Toujounine, un convoi transportant\u00a046 000 manuels scolaires\u00a0destin\u00e9s \u00e0 plusieurs wilayas du pays. Financ\u00e9s par le projet d\u2019Autonomisation des Femmes et du Dividende D\u00e9mographique (SWEDD), ces livres renforceront les ressources p\u00e9dagogiques de.....\" \/>\n<meta property=\"og:url\" content=\"https:\/\/lequotidien.mr\/?p=26321&amp;lang=fr\" \/>\n<meta property=\"og:site_name\" content=\"Le Quotidien de Nouakchott\" \/>\n<meta property=\"article:publisher\" content=\"https:\/\/web.facebook.com\/lequotidienmr\" \/>\n<meta property=\"article:published_time\" content=\"2025-03-22T13:24:24+00:00\" \/>\n<meta property=\"og:image\" content=\"https:\/\/lequotidien.mr\/wp-content\/uploads\/2025\/03\/photo-manuels-scolaires.jpg\" \/>\n\t<meta property=\"og:image:width\" content=\"750\" \/>\n\t<meta property=\"og:image:height\" content=\"430\" \/>\n\t<meta property=\"og:image:type\" content=\"image\/jpeg\" \/>\n<meta name=\"author\" content=\"Med Ahmed\" \/>\n<meta name=\"twitter:card\" content=\"summary_large_image\" \/>\n<meta name=\"twitter:creator\" content=\"@lequotidienmr\" \/>\n<meta name=\"twitter:site\" content=\"@lequotidienmr\" \/>\n<meta name=\"twitter:label1\" content=\"\u0643\u064f\u062a\u0628 \u0628\u0648\u0627\u0633\u0637\u0629\" \/>\n\t<meta name=\"twitter:data1\" content=\"Med Ahmed\" \/>\n\t<meta name=\"twitter:label2\" content=\"\u0648\u0642\u062a \u0627\u0644\u0642\u0631\u0627\u0621\u0629 \u0627\u0644\u0645\u064f\u0642\u062f\u0651\u0631\" \/>\n\t<meta name=\"twitter:data2\" content=\"3 \u062f\u0642\u0627\u0626\u0642\" \/>\n<script type=\"application\/ld+json\" class=\"yoast-schema-graph\">{\"@context\":\"https:\\\/\\\/schema.org\",\"@graph\":[{\"@type\":\"Article\",\"@id\":\"https:\\\/\\\/lequotidien.mr\\\/?p=26321&lang=fr#article\",\"isPartOf\":{\"@id\":\"https:\\\/\\\/lequotidien.mr\\\/?p=26321&lang=fr\"},\"author\":{\"name\":\"Med Ahmed\",\"@id\":\"https:\\\/\\\/lequotidien.mr\\\/#\\\/schema\\\/person\\\/d2d350202a4d599685ed8abc25f97596\"},\"headline\":\"Le Minist\u00e8re de l\u2019\u00c9ducation lance un convoi de 46 000 manuels scolaires pour renforcer l\u2019acc\u00e8s \u00e0 l\u2019\u00e9ducation\",\"datePublished\":\"2025-03-22T13:24:24+00:00\",\"mainEntityOfPage\":{\"@id\":\"https:\\\/\\\/lequotidien.mr\\\/?p=26321&lang=fr\"},\"wordCount\":644,\"commentCount\":0,\"publisher\":{\"@id\":\"https:\\\/\\\/lequotidien.mr\\\/#organization\"},\"image\":{\"@id\":\"https:\\\/\\\/lequotidien.mr\\\/?p=26321&lang=fr#primaryimage\"},\"thumbnailUrl\":\"https:\\\/\\\/lequotidien.mr\\\/wp-content\\\/uploads\\\/2025\\\/03\\\/photo-manuels-scolaires.jpg\",\"articleSection\":[\"ACTUALIT\u00c9\",\"Culture\"],\"inLanguage\":\"ar\",\"potentialAction\":[{\"@type\":\"CommentAction\",\"name\":\"Comment\",\"target\":[\"https:\\\/\\\/lequotidien.mr\\\/?p=26321&lang=fr#respond\"]}]},{\"@type\":\"WebPage\",\"@id\":\"https:\\\/\\\/lequotidien.mr\\\/?p=26321&lang=fr\",\"url\":\"https:\\\/\\\/lequotidien.mr\\\/?p=26321&lang=fr\",\"name\":\"Le Minist\u00e8re de l\u2019\u00c9ducation lance un convoi de 46 000 manuels scolaires pour renforcer l\u2019acc\u00e8s \u00e0 l\u2019\u00e9ducation - Le Quotidien de Nouakchott\",\"isPartOf\":{\"@id\":\"https:\\\/\\\/lequotidien.mr\\\/#website\"},\"primaryImageOfPage\":{\"@id\":\"https:\\\/\\\/lequotidien.mr\\\/?p=26321&lang=fr#primaryimage\"},\"image\":{\"@id\":\"https:\\\/\\\/lequotidien.mr\\\/?p=26321&lang=fr#primaryimage\"},\"thumbnailUrl\":\"https:\\\/\\\/lequotidien.mr\\\/wp-content\\\/uploads\\\/2025\\\/03\\\/photo-manuels-scolaires.jpg\",\"datePublished\":\"2025-03-22T13:24:24+00:00\",\"breadcrumb\":{\"@id\":\"https:\\\/\\\/lequotidien.mr\\\/?p=26321&lang=fr#breadcrumb\"},\"inLanguage\":\"ar\",\"potentialAction\":[{\"@type\":\"ReadAction\",\"target\":[\"https:\\\/\\\/lequotidien.mr\\\/?p=26321&lang=fr\"]}]},{\"@type\":\"ImageObject\",\"inLanguage\":\"ar\",\"@id\":\"https:\\\/\\\/lequotidien.mr\\\/?p=26321&lang=fr#primaryimage\",\"url\":\"https:\\\/\\\/lequotidien.mr\\\/wp-content\\\/uploads\\\/2025\\\/03\\\/photo-manuels-scolaires.jpg\",\"contentUrl\":\"https:\\\/\\\/lequotidien.mr\\\/wp-content\\\/uploads\\\/2025\\\/03\\\/photo-manuels-scolaires.jpg\",\"width\":750,\"height\":430},{\"@type\":\"BreadcrumbList\",\"@id\":\"https:\\\/\\\/lequotidien.mr\\\/?p=26321&lang=fr#breadcrumb\",\"itemListElement\":[{\"@type\":\"ListItem\",\"position\":1,\"name\":\"Home\",\"item\":\"https:\\\/\\\/lequotidien.mr\\\/\"},{\"@type\":\"ListItem\",\"position\":2,\"name\":\"Le Minist\u00e8re de l\u2019\u00c9ducation lance un convoi de 46 000 manuels scolaires pour renforcer l\u2019acc\u00e8s \u00e0 l\u2019\u00e9ducation\"}]},{\"@type\":\"WebSite\",\"@id\":\"https:\\\/\\\/lequotidien.mr\\\/#website\",\"url\":\"https:\\\/\\\/lequotidien.mr\\\/\",\"name\":\"Le Quotidien de Nouakchott\",\"description\":\"\u0625\u062e\u0628\u0627\u0631\u064a\u0629 \u0645\u0633\u062a\u0642\u0644\u0629 \u0644\u0644\u0623\u0646\u0628\u0627\u0621 \u0627\u0644\u0639\u0627\u0645\u0629\",\"publisher\":{\"@id\":\"https:\\\/\\\/lequotidien.mr\\\/#organization\"},\"potentialAction\":[{\"@type\":\"SearchAction\",\"target\":{\"@type\":\"EntryPoint\",\"urlTemplate\":\"https:\\\/\\\/lequotidien.mr\\\/?s={search_term_string}\"},\"query-input\":{\"@type\":\"PropertyValueSpecification\",\"valueRequired\":true,\"valueName\":\"search_term_string\"}}],\"inLanguage\":\"ar\"},{\"@type\":\"Organization\",\"@id\":\"https:\\\/\\\/lequotidien.mr\\\/#organization\",\"name\":\"Le Quotidien de Nouakchott\",\"url\":\"https:\\\/\\\/lequotidien.mr\\\/\",\"logo\":{\"@type\":\"ImageObject\",\"inLanguage\":\"ar\",\"@id\":\"https:\\\/\\\/lequotidien.mr\\\/#\\\/schema\\\/logo\\\/image\\\/\",\"url\":\"https:\\\/\\\/lequotidien.mr\\\/wp-content\\\/uploads\\\/2022\\\/11\\\/logolequotidien.jpg\",\"contentUrl\":\"https:\\\/\\\/lequotidien.mr\\\/wp-content\\\/uploads\\\/2022\\\/11\\\/logolequotidien.jpg\",\"width\":290,\"height\":65,\"caption\":\"Le Quotidien de Nouakchott\"},\"image\":{\"@id\":\"https:\\\/\\\/lequotidien.mr\\\/#\\\/schema\\\/logo\\\/image\\\/\"},\"sameAs\":[\"https:\\\/\\\/web.facebook.com\\\/lequotidienmr\",\"https:\\\/\\\/x.com\\\/lequotidienmr\"]},{\"@type\":\"Person\",\"@id\":\"https:\\\/\\\/lequotidien.mr\\\/#\\\/schema\\\/person\\\/d2d350202a4d599685ed8abc25f97596\",\"name\":\"Med Ahmed\",\"image\":{\"@type\":\"ImageObject\",\"inLanguage\":\"ar\",\"@id\":\"https:\\\/\\\/secure.gravatar.com\\\/avatar\\\/fd2acc62ed50732923d1d39c17172c9b04149f142be92310ecc69e1358f94b52?s=96&d=mm&r=g\",\"url\":\"https:\\\/\\\/secure.gravatar.com\\\/avatar\\\/fd2acc62ed50732923d1d39c17172c9b04149f142be92310ecc69e1358f94b52?s=96&d=mm&r=g\",\"contentUrl\":\"https:\\\/\\\/secure.gravatar.com\\\/avatar\\\/fd2acc62ed50732923d1d39c17172c9b04149f142be92310ecc69e1358f94b52?s=96&d=mm&r=g\",\"caption\":\"Med Ahmed\"},\"url\":\"https:\\\/\\\/lequotidien.mr\\\/?author=12\"}]}<\/script>\n<!-- \/ Yoast SEO plugin. -->","yoast_head_json":{"title":"Le Minist\u00e8re de l\u2019\u00c9ducation lance un convoi de 46 000 manuels scolaires pour renforcer l\u2019acc\u00e8s \u00e0 l\u2019\u00e9ducation - Le Quotidien de Nouakchott","robots":{"index":"index","follow":"follow","max-snippet":"max-snippet:-1","max-image-preview":"max-image-preview:large","max-video-preview":"max-video-preview:-1"},"canonical":"https:\/\/lequotidien.mr\/?p=26321&lang=fr","og_locale":"ar_AR","og_type":"article","og_title":"Le Minist\u00e8re de l\u2019\u00c9ducation lance un convoi de 46 000 manuels scolaires pour renforcer l\u2019acc\u00e8s \u00e0 l\u2019\u00e9ducation - Le Quotidien de Nouakchott","og_description":"Le minist\u00e8re de l\u2019\u00c9ducation et de la R\u00e9forme du Syst\u00e8me \u00c9ducatif a lanc\u00e9, vendredi dernier depuis l\u2019\u00e9cole Horma Abdel Jelil dans la moughataa de Toujounine, un convoi transportant\u00a046 000 manuels scolaires\u00a0destin\u00e9s \u00e0 plusieurs wilayas du pays. Financ\u00e9s par le projet d\u2019Autonomisation des Femmes et du Dividende D\u00e9mographique (SWEDD), ces livres renforceront les ressources p\u00e9dagogiques de.....","og_url":"https:\/\/lequotidien.mr\/?p=26321&lang=fr","og_site_name":"Le Quotidien de Nouakchott","article_publisher":"https:\/\/web.facebook.com\/lequotidienmr","article_published_time":"2025-03-22T13:24:24+00:00","og_image":[{"width":750,"height":430,"url":"https:\/\/lequotidien.mr\/wp-content\/uploads\/2025\/03\/photo-manuels-scolaires.jpg","type":"image\/jpeg"}],"author":"Med Ahmed","twitter_card":"summary_large_image","twitter_creator":"@lequotidienmr","twitter_site":"@lequotidienmr","twitter_misc":{"\u0643\u064f\u062a\u0628 \u0628\u0648\u0627\u0633\u0637\u0629":"Med Ahmed","\u0648\u0642\u062a \u0627\u0644\u0642\u0631\u0627\u0621\u0629 \u0627\u0644\u0645\u064f\u0642\u062f\u0651\u0631":"3 \u062f\u0642\u0627\u0626\u0642"},"schema":{"@context":"https:\/\/schema.org","@graph":[{"@type":"Article","@id":"https:\/\/lequotidien.mr\/?p=26321&lang=fr#article","isPartOf":{"@id":"https:\/\/lequotidien.mr\/?p=26321&lang=fr"},"author":{"name":"Med Ahmed","@id":"https:\/\/lequotidien.mr\/#\/schema\/person\/d2d350202a4d599685ed8abc25f97596"},"headline":"Le Minist\u00e8re de l\u2019\u00c9ducation lance un convoi de 46 000 manuels scolaires pour renforcer l\u2019acc\u00e8s \u00e0 l\u2019\u00e9ducation","datePublished":"2025-03-22T13:24:24+00:00","mainEntityOfPage":{"@id":"https:\/\/lequotidien.mr\/?p=26321&lang=fr"},"wordCount":644,"commentCount":0,"publisher":{"@id":"https:\/\/lequotidien.mr\/#organization"},"image":{"@id":"https:\/\/lequotidien.mr\/?p=26321&lang=fr#primaryimage"},"thumbnailUrl":"https:\/\/lequotidien.mr\/wp-content\/uploads\/2025\/03\/photo-manuels-scolaires.jpg","articleSection":["ACTUALIT\u00c9","Culture"],"inLanguage":"ar","potentialAction":[{"@type":"CommentAction","name":"Comment","target":["https:\/\/lequotidien.mr\/?p=26321&lang=fr#respond"]}]},{"@type":"WebPage","@id":"https:\/\/lequotidien.mr\/?p=26321&lang=fr","url":"https:\/\/lequotidien.mr\/?p=26321&lang=fr","name":"Le Minist\u00e8re de l\u2019\u00c9ducation lance un convoi de 46 000 manuels scolaires pour renforcer l\u2019acc\u00e8s \u00e0 l\u2019\u00e9ducation - Le Quotidien de Nouakchott","isPartOf":{"@id":"https:\/\/lequotidien.mr\/#website"},"primaryImageOfPage":{"@id":"https:\/\/lequotidien.mr\/?p=26321&lang=fr#primaryimage"},"image":{"@id":"https:\/\/lequotidien.mr\/?p=26321&lang=fr#primaryimage"},"thumbnailUrl":"https:\/\/lequotidien.mr\/wp-content\/uploads\/2025\/03\/photo-manuels-scolaires.jpg","datePublished":"2025-03-22T13:24:24+00:00","breadcrumb":{"@id":"https:\/\/lequotidien.mr\/?p=26321&lang=fr#breadcrumb"},"inLanguage":"ar","potentialAction":[{"@type":"ReadAction","target":["https:\/\/lequotidien.mr\/?p=26321&lang=fr"]}]},{"@type":"ImageObject","inLanguage":"ar","@id":"https:\/\/lequotidien.mr\/?p=26321&lang=fr#primaryimage","url":"https:\/\/lequotidien.mr\/wp-content\/uploads\/2025\/03\/photo-manuels-scolaires.jpg","contentUrl":"https:\/\/lequotidien.mr\/wp-content\/uploads\/2025\/03\/photo-manuels-scolaires.jpg","width":750,"height":430},{"@type":"BreadcrumbList","@id":"https:\/\/lequotidien.mr\/?p=26321&lang=fr#breadcrumb","itemListElement":[{"@type":"ListItem","position":1,"name":"Home","item":"https:\/\/lequotidien.mr\/"},{"@type":"ListItem","position":2,"name":"Le Minist\u00e8re de l\u2019\u00c9ducation lance un convoi de 46 000 manuels scolaires pour renforcer l\u2019acc\u00e8s \u00e0 l\u2019\u00e9ducation"}]},{"@type":"WebSite","@id":"https:\/\/lequotidien.mr\/#website","url":"https:\/\/lequotidien.mr\/","name":"Le Quotidien de Nouakchott","description":"\u0625\u062e\u0628\u0627\u0631\u064a\u0629 \u0645\u0633\u062a\u0642\u0644\u0629 \u0644\u0644\u0623\u0646\u0628\u0627\u0621 \u0627\u0644\u0639\u0627\u0645\u0629","publisher":{"@id":"https:\/\/lequotidien.mr\/#organization"},"potentialAction":[{"@type":"SearchAction","target":{"@type":"EntryPoint","urlTemplate":"https:\/\/lequotidien.mr\/?s={search_term_string}"},"query-input":{"@type":"PropertyValueSpecification","valueRequired":true,"valueName":"search_term_string"}}],"inLanguage":"ar"},{"@type":"Organization","@id":"https:\/\/lequotidien.mr\/#organization","name":"Le Quotidien de Nouakchott","url":"https:\/\/lequotidien.mr\/","logo":{"@type":"ImageObject","inLanguage":"ar","@id":"https:\/\/lequotidien.mr\/#\/schema\/logo\/image\/","url":"https:\/\/lequotidien.mr\/wp-content\/uploads\/2022\/11\/logolequotidien.jpg","contentUrl":"https:\/\/lequotidien.mr\/wp-content\/uploads\/2022\/11\/logolequotidien.jpg","width":290,"height":65,"caption":"Le Quotidien de Nouakchott"},"image":{"@id":"https:\/\/lequotidien.mr\/#\/schema\/logo\/image\/"},"sameAs":["https:\/\/web.facebook.com\/lequotidienmr","https:\/\/x.com\/lequotidienmr"]},{"@type":"Person","@id":"https:\/\/lequotidien.mr\/#\/schema\/person\/d2d350202a4d599685ed8abc25f97596","name":"Med Ahmed","image":{"@type":"ImageObject","inLanguage":"ar","@id":"https:\/\/secure.gravatar.com\/avatar\/fd2acc62ed50732923d1d39c17172c9b04149f142be92310ecc69e1358f94b52?s=96&d=mm&r=g","url":"https:\/\/secure.gravatar.com\/avatar\/fd2acc62ed50732923d1d39c17172c9b04149f142be92310ecc69e1358f94b52?s=96&d=mm&r=g","contentUrl":"https:\/\/secure.gravatar.com\/avatar\/fd2acc62ed50732923d1d39c17172c9b04149f142be92310ecc69e1358f94b52?s=96&d=mm&r=g","caption":"Med Ahmed"},"url":"https:\/\/lequotidien.mr\/?author=12"}]}},"_links":{"self":[{"href":"https:\/\/lequotidien.mr\/index.php?rest_route=\/wp\/v2\/posts\/26321","targetHints":{"allow":["GET"]}}],"collection":[{"href":"https:\/\/lequotidien.mr\/index.php?rest_route=\/wp\/v2\/posts"}],"about":[{"href":"https:\/\/lequotidien.mr\/index.php?rest_route=\/wp\/v2\/types\/post"}],"author":[{"embeddable":true,"href":"https:\/\/lequotidien.mr\/index.php?rest_route=\/wp\/v2\/users\/12"}],"replies":[{"embeddable":true,"href":"https:\/\/lequotidien.mr\/index.php?rest_route=%2Fwp%2Fv2%2Fcomments&post=26321"}],"version-history":[{"count":1,"href":"https:\/\/lequotidien.mr\/index.php?rest_route=\/wp\/v2\/posts\/26321\/revisions"}],"predecessor-version":[{"id":26323,"href":"https:\/\/lequotidien.mr\/index.php?rest_route=\/wp\/v2\/posts\/26321\/revisions\/26323"}],"wp:featuredmedia":[{"embeddable":true,"href":"https:\/\/lequotidien.mr\/index.php?rest_route=\/wp\/v2\/media\/26322"}],"wp:attachment":[{"href":"https:\/\/lequotidien.mr\/index.php?rest_route=%2Fwp%2Fv2%2Fmedia&parent=26321"}],"wp:term":[{"taxonomy":"category","embeddable":true,"href":"https:\/\/lequotidien.mr\/index.php?rest_route=%2Fwp%2Fv2%2Fcategories&post=26321"},{"taxonomy":"post_tag","embeddable":true,"href":"https:\/\/lequotidien.mr\/index.php?rest_route=%2Fwp%2Fv2%2Ftags&post=26321"}],"curies":[{"name":"wp","href":"https:\/\/api.w.org\/{rel}","templated":true}]}}