{"id":26318,"date":"2025-03-22T13:04:16","date_gmt":"2025-03-22T13:04:16","guid":{"rendered":"https:\/\/lequotidien.mr\/?p=26318"},"modified":"2025-03-22T13:04:16","modified_gmt":"2025-03-22T13:04:16","slug":"12%e1%b5%89-edition-du-festival-leyali-el-medh-devotion-spirituelle-et-celebration-dune-identite-mauritanienne-fiere-et-unie","status":"publish","type":"post","link":"https:\/\/lequotidien.mr\/?p=26318&lang=fr","title":{"rendered":"12\u1d49 \u00e9dition du Festival Leyali el Medh : D\u00e9votion spirituelle et c\u00e9l\u00e9bration d\u2019une identit\u00e9 mauritanienne fi\u00e8re et unie"},"content":{"rendered":"<p>Sous le haut patronage de la Premi\u00e8re Dame, Dr. Mariem Mohamed Fadel Dah, la 12\u1d49 \u00e9dition du Festival \u00ab Leyali el Medh \u00bb (Nuits de Louange) a \u00e9t\u00e9 lanc\u00e9e ce vendredi soir au stade Cheikha Boidiya. Plac\u00e9e sous l\u2019\u00e9gide du Centre des Arts Populaires du Taranim, cette \u00e9dition rend hommage au d\u00e9funt journaliste Mohamed Fall Ould Oumer, tout en c\u00e9l\u00e9brant l\u2019h\u00e9ritage spirituel et culturel mauritanien.<\/p>\n<p><strong>Une vision pr\u00e9sidentielle incarn\u00e9e<\/strong><\/p>\n<p>Dans son discours inaugural, le ministre de la Culture, des Arts, de la Communication et des Relations avec le Parlement, Porte-parole du Gouvernement, M. El Houssein Medou, a salu\u00e9 la pr\u00e9sence de la Premi\u00e8re Dame, r\u00e9affirmant son engagement constant en faveur des initiatives culturelles et nationales. Il a soulign\u00e9 que le festival s\u2019inscrit pleinement dans la vision du Pr\u00e9sident de la R\u00e9publique, Mohamed Cheikh El Ghazouani, visant \u00e0 glorifier les rites religieux, \u00e0 cultiver l\u2019amour pour le Proph\u00e8te Mohammed (PSL) et \u00e0 pr\u00e9server la richesse patrimoniale du pays. \u00ab Le gouvernement, sous l\u2019impulsion du Premier ministre Moctar Djay, \u0153uvre sans rel\u00e2che \u00e0 concr\u00e9tiser cette ambition \u00e0 travers des politiques structurantes \u00bb, a-t-il d\u00e9clar\u00e9.<\/p>\n<p>M. Medou a rappel\u00e9 que le <em>medh<\/em>(louange) transcende la simple performance artistique : \u00ab C\u2019est une \u00e9cole spirituelle qui enseigne les vertus proph\u00e9tiques et nourrit les c\u0153urs d\u2019amour pour le Messager. Une lumi\u00e8re n\u00e9cessaire pour une humanit\u00e9 en qu\u00eate de rep\u00e8res. \u00bb Il a \u00e9galement salu\u00e9 la p\u00e9rennit\u00e9 du festival, preuve de son ancrage dans l\u2019identit\u00e9 mauritanienne et de son succ\u00e8s populaire.<\/p>\n<p><strong>Taranim : Un r\u00eave devenu r\u00e9f\u00e9rence culturelle<\/strong><\/p>\n<p>Mohamed Aly Bilal, pr\u00e9sident du Centre Taranim, a retrac\u00e9 l\u2019\u00e9volution du festival, n\u00e9 il y a douze ans d\u2019un \u00ab r\u00eave modeste \u00bb : revitaliser le\u00a0<em>medh<\/em>\u00a0en tant que pilier identitaire et vecteur de coh\u00e9sion sociale. \u00ab Aujourd\u2019hui, cet \u00e9v\u00e9nement unit les Mauritaniens autour d\u2019un patrimoine vivant, dans un esprit de paix et de fraternit\u00e9 \u00bb, s\u2019est-il f\u00e9licit\u00e9. Il a renouvel\u00e9 son appel \u00e0 l\u2019inscription du\u00a0<em>medh<\/em>\u00a0au patrimoine mondial de l\u2019UNESCO et \u00e0 la reconnaissance du Centre Taranim comme association d\u2019utilit\u00e9 publique.<\/p>\n<p><strong>Hommages et exposition patrimoniale<\/strong><\/p>\n<p>Apr\u00e8s la c\u00e9r\u00e9monie, la Premi\u00e8re Dame a visit\u00e9 une exposition mettant en avant plusieurs facettes du patrimoine local : la Mahadra (\u00e9cole traditionnelle), les instruments des arts populaires, des projets \u00e9ducatifs, ainsi qu\u2019un hommage poignant \u00e0 Mohamed Fall Ould Oumer \u00e0 travers ses \u0153uvres. Un\u00a0<em>sketch<\/em>\u00a0humoristique a par ailleurs illustr\u00e9 les d\u00e9fis de la valorisation des arts traditionnels, m\u00ealant r\u00e9flexion et divertissement.<\/p>\n<p>En symbole de gratitude, Dr. Mariem Mohamed Fadel Dah a \u00e9t\u00e9 distingu\u00e9e par le Centre Taranim pour son soutien ind\u00e9fectible. Elle a, \u00e0 son tour, honor\u00e9 la famille du journaliste disparu et plusieurs acteurs cl\u00e9s du Centre.<\/p>\n<p>La soir\u00e9e d\u2019ouverture s\u2019est achev\u00e9e en apoth\u00e9ose avec des performances de troupes de\u00a0<em>medh<\/em>, dont les m\u00e9lodies envo\u00fbtantes, accompagn\u00e9es de la fl\u00fbte\u00a0<em>Neifarah<\/em>, ont captiv\u00e9 l\u2019assistance. Parmi les personnalit\u00e9s pr\u00e9sentes figuraient plusieurs membres du gouvernement, des \u00e9lus locaux et des figures culturelles, t\u00e9moignant de l\u2019importance accord\u00e9e \u00e0 cet \u00e9v\u00e9nement.<\/p>\n<p>Avec cette 12\u1d49 \u00e9dition, Leyali el Medh confirme son r\u00f4le de phare culturel, alliant d\u00e9votion spirituelle et c\u00e9l\u00e9bration d\u2019une identit\u00e9 mauritanienne fi\u00e8re et unie.<\/p>\n","protected":false},"excerpt":{"rendered":"<p>Sous le haut patronage de la Premi\u00e8re Dame, Dr. Mariem Mohamed Fadel Dah, la 12\u1d49 \u00e9dition du Festival \u00ab Leyali el Medh \u00bb (Nuits de Louange) a \u00e9t\u00e9 lanc\u00e9e ce vendredi soir au stade Cheikha Boidiya. Plac\u00e9e sous l\u2019\u00e9gide du Centre des Arts Populaires du Taranim, cette \u00e9dition rend hommage au d\u00e9funt journaliste Mohamed Fall&#8230;..<\/p>\n","protected":false},"author":12,"featured_media":26319,"comment_status":"open","ping_status":"open","sticky":false,"template":"","format":"standard","meta":{"footnotes":""},"categories":[23,55],"tags":[],"class_list":["post-26318","post","type-post","status-publish","format-standard","has-post-thumbnail","hentry","category-actualite","category-culture"],"yoast_head":"<!-- This site is optimized with the Yoast SEO plugin v27.5 - https:\/\/yoast.com\/product\/yoast-seo-wordpress\/ -->\n<title>12\u1d49 \u00e9dition du Festival Leyali el Medh : D\u00e9votion spirituelle et c\u00e9l\u00e9bration d\u2019une identit\u00e9 mauritanienne fi\u00e8re et unie - Le Quotidien de Nouakchott<\/title>\n<meta name=\"robots\" content=\"index, follow, max-snippet:-1, max-image-preview:large, max-video-preview:-1\" \/>\n<link rel=\"canonical\" href=\"https:\/\/lequotidien.mr\/?p=26318&lang=fr\" \/>\n<meta property=\"og:locale\" content=\"ar_AR\" \/>\n<meta property=\"og:type\" content=\"article\" \/>\n<meta property=\"og:title\" content=\"12\u1d49 \u00e9dition du Festival Leyali el Medh : D\u00e9votion spirituelle et c\u00e9l\u00e9bration d\u2019une identit\u00e9 mauritanienne fi\u00e8re et unie - Le Quotidien de Nouakchott\" \/>\n<meta property=\"og:description\" content=\"Sous le haut patronage de la Premi\u00e8re Dame, Dr. Mariem Mohamed Fadel Dah, la 12\u1d49 \u00e9dition du Festival \u00ab Leyali el Medh \u00bb (Nuits de Louange) a \u00e9t\u00e9 lanc\u00e9e ce vendredi soir au stade Cheikha Boidiya. Plac\u00e9e sous l\u2019\u00e9gide du Centre des Arts Populaires du Taranim, cette \u00e9dition rend hommage au d\u00e9funt journaliste Mohamed Fall.....\" \/>\n<meta property=\"og:url\" content=\"https:\/\/lequotidien.mr\/?p=26318&amp;lang=fr\" \/>\n<meta property=\"og:site_name\" content=\"Le Quotidien de Nouakchott\" \/>\n<meta property=\"article:publisher\" content=\"https:\/\/web.facebook.com\/lequotidienmr\" \/>\n<meta property=\"article:published_time\" content=\"2025-03-22T13:04:16+00:00\" \/>\n<meta property=\"og:image\" content=\"https:\/\/lequotidien.mr\/wp-content\/uploads\/2025\/03\/photo-medih.jpg\" \/>\n\t<meta property=\"og:image:width\" content=\"750\" \/>\n\t<meta property=\"og:image:height\" content=\"430\" \/>\n\t<meta property=\"og:image:type\" content=\"image\/jpeg\" \/>\n<meta name=\"author\" content=\"Med Ahmed\" \/>\n<meta name=\"twitter:card\" content=\"summary_large_image\" \/>\n<meta name=\"twitter:creator\" content=\"@lequotidienmr\" \/>\n<meta name=\"twitter:site\" content=\"@lequotidienmr\" \/>\n<meta name=\"twitter:label1\" content=\"\u0643\u064f\u062a\u0628 \u0628\u0648\u0627\u0633\u0637\u0629\" \/>\n\t<meta name=\"twitter:data1\" content=\"Med Ahmed\" \/>\n\t<meta name=\"twitter:label2\" content=\"\u0648\u0642\u062a \u0627\u0644\u0642\u0631\u0627\u0621\u0629 \u0627\u0644\u0645\u064f\u0642\u062f\u0651\u0631\" \/>\n\t<meta name=\"twitter:data2\" content=\"3 \u062f\u0642\u0627\u0626\u0642\" \/>\n<script type=\"application\/ld+json\" class=\"yoast-schema-graph\">{\"@context\":\"https:\\\/\\\/schema.org\",\"@graph\":[{\"@type\":\"Article\",\"@id\":\"https:\\\/\\\/lequotidien.mr\\\/?p=26318&lang=fr#article\",\"isPartOf\":{\"@id\":\"https:\\\/\\\/lequotidien.mr\\\/?p=26318&lang=fr\"},\"author\":{\"name\":\"Med Ahmed\",\"@id\":\"https:\\\/\\\/lequotidien.mr\\\/#\\\/schema\\\/person\\\/d2d350202a4d599685ed8abc25f97596\"},\"headline\":\"12\u1d49 \u00e9dition du Festival Leyali el Medh : D\u00e9votion spirituelle et c\u00e9l\u00e9bration d\u2019une identit\u00e9 mauritanienne fi\u00e8re et unie\",\"datePublished\":\"2025-03-22T13:04:16+00:00\",\"mainEntityOfPage\":{\"@id\":\"https:\\\/\\\/lequotidien.mr\\\/?p=26318&lang=fr\"},\"wordCount\":591,\"commentCount\":0,\"publisher\":{\"@id\":\"https:\\\/\\\/lequotidien.mr\\\/#organization\"},\"image\":{\"@id\":\"https:\\\/\\\/lequotidien.mr\\\/?p=26318&lang=fr#primaryimage\"},\"thumbnailUrl\":\"https:\\\/\\\/lequotidien.mr\\\/wp-content\\\/uploads\\\/2025\\\/03\\\/photo-medih.jpg\",\"articleSection\":[\"ACTUALIT\u00c9\",\"Culture\"],\"inLanguage\":\"ar\",\"potentialAction\":[{\"@type\":\"CommentAction\",\"name\":\"Comment\",\"target\":[\"https:\\\/\\\/lequotidien.mr\\\/?p=26318&lang=fr#respond\"]}]},{\"@type\":\"WebPage\",\"@id\":\"https:\\\/\\\/lequotidien.mr\\\/?p=26318&lang=fr\",\"url\":\"https:\\\/\\\/lequotidien.mr\\\/?p=26318&lang=fr\",\"name\":\"12\u1d49 \u00e9dition du Festival Leyali el Medh : D\u00e9votion spirituelle et c\u00e9l\u00e9bration d\u2019une identit\u00e9 mauritanienne fi\u00e8re et unie - Le Quotidien de Nouakchott\",\"isPartOf\":{\"@id\":\"https:\\\/\\\/lequotidien.mr\\\/#website\"},\"primaryImageOfPage\":{\"@id\":\"https:\\\/\\\/lequotidien.mr\\\/?p=26318&lang=fr#primaryimage\"},\"image\":{\"@id\":\"https:\\\/\\\/lequotidien.mr\\\/?p=26318&lang=fr#primaryimage\"},\"thumbnailUrl\":\"https:\\\/\\\/lequotidien.mr\\\/wp-content\\\/uploads\\\/2025\\\/03\\\/photo-medih.jpg\",\"datePublished\":\"2025-03-22T13:04:16+00:00\",\"breadcrumb\":{\"@id\":\"https:\\\/\\\/lequotidien.mr\\\/?p=26318&lang=fr#breadcrumb\"},\"inLanguage\":\"ar\",\"potentialAction\":[{\"@type\":\"ReadAction\",\"target\":[\"https:\\\/\\\/lequotidien.mr\\\/?p=26318&lang=fr\"]}]},{\"@type\":\"ImageObject\",\"inLanguage\":\"ar\",\"@id\":\"https:\\\/\\\/lequotidien.mr\\\/?p=26318&lang=fr#primaryimage\",\"url\":\"https:\\\/\\\/lequotidien.mr\\\/wp-content\\\/uploads\\\/2025\\\/03\\\/photo-medih.jpg\",\"contentUrl\":\"https:\\\/\\\/lequotidien.mr\\\/wp-content\\\/uploads\\\/2025\\\/03\\\/photo-medih.jpg\",\"width\":750,\"height\":430},{\"@type\":\"BreadcrumbList\",\"@id\":\"https:\\\/\\\/lequotidien.mr\\\/?p=26318&lang=fr#breadcrumb\",\"itemListElement\":[{\"@type\":\"ListItem\",\"position\":1,\"name\":\"Home\",\"item\":\"https:\\\/\\\/lequotidien.mr\\\/\"},{\"@type\":\"ListItem\",\"position\":2,\"name\":\"12\u1d49 \u00e9dition du Festival Leyali el Medh : D\u00e9votion spirituelle et c\u00e9l\u00e9bration d\u2019une identit\u00e9 mauritanienne fi\u00e8re et unie\"}]},{\"@type\":\"WebSite\",\"@id\":\"https:\\\/\\\/lequotidien.mr\\\/#website\",\"url\":\"https:\\\/\\\/lequotidien.mr\\\/\",\"name\":\"Le Quotidien de Nouakchott\",\"description\":\"\u0625\u062e\u0628\u0627\u0631\u064a\u0629 \u0645\u0633\u062a\u0642\u0644\u0629 \u0644\u0644\u0623\u0646\u0628\u0627\u0621 \u0627\u0644\u0639\u0627\u0645\u0629\",\"publisher\":{\"@id\":\"https:\\\/\\\/lequotidien.mr\\\/#organization\"},\"potentialAction\":[{\"@type\":\"SearchAction\",\"target\":{\"@type\":\"EntryPoint\",\"urlTemplate\":\"https:\\\/\\\/lequotidien.mr\\\/?s={search_term_string}\"},\"query-input\":{\"@type\":\"PropertyValueSpecification\",\"valueRequired\":true,\"valueName\":\"search_term_string\"}}],\"inLanguage\":\"ar\"},{\"@type\":\"Organization\",\"@id\":\"https:\\\/\\\/lequotidien.mr\\\/#organization\",\"name\":\"Le Quotidien de Nouakchott\",\"url\":\"https:\\\/\\\/lequotidien.mr\\\/\",\"logo\":{\"@type\":\"ImageObject\",\"inLanguage\":\"ar\",\"@id\":\"https:\\\/\\\/lequotidien.mr\\\/#\\\/schema\\\/logo\\\/image\\\/\",\"url\":\"https:\\\/\\\/lequotidien.mr\\\/wp-content\\\/uploads\\\/2022\\\/11\\\/logolequotidien.jpg\",\"contentUrl\":\"https:\\\/\\\/lequotidien.mr\\\/wp-content\\\/uploads\\\/2022\\\/11\\\/logolequotidien.jpg\",\"width\":290,\"height\":65,\"caption\":\"Le Quotidien de Nouakchott\"},\"image\":{\"@id\":\"https:\\\/\\\/lequotidien.mr\\\/#\\\/schema\\\/logo\\\/image\\\/\"},\"sameAs\":[\"https:\\\/\\\/web.facebook.com\\\/lequotidienmr\",\"https:\\\/\\\/x.com\\\/lequotidienmr\"]},{\"@type\":\"Person\",\"@id\":\"https:\\\/\\\/lequotidien.mr\\\/#\\\/schema\\\/person\\\/d2d350202a4d599685ed8abc25f97596\",\"name\":\"Med Ahmed\",\"image\":{\"@type\":\"ImageObject\",\"inLanguage\":\"ar\",\"@id\":\"https:\\\/\\\/secure.gravatar.com\\\/avatar\\\/fd2acc62ed50732923d1d39c17172c9b04149f142be92310ecc69e1358f94b52?s=96&d=mm&r=g\",\"url\":\"https:\\\/\\\/secure.gravatar.com\\\/avatar\\\/fd2acc62ed50732923d1d39c17172c9b04149f142be92310ecc69e1358f94b52?s=96&d=mm&r=g\",\"contentUrl\":\"https:\\\/\\\/secure.gravatar.com\\\/avatar\\\/fd2acc62ed50732923d1d39c17172c9b04149f142be92310ecc69e1358f94b52?s=96&d=mm&r=g\",\"caption\":\"Med Ahmed\"},\"url\":\"https:\\\/\\\/lequotidien.mr\\\/?author=12\"}]}<\/script>\n<!-- \/ Yoast SEO plugin. -->","yoast_head_json":{"title":"12\u1d49 \u00e9dition du Festival Leyali el Medh : D\u00e9votion spirituelle et c\u00e9l\u00e9bration d\u2019une identit\u00e9 mauritanienne fi\u00e8re et unie - Le Quotidien de Nouakchott","robots":{"index":"index","follow":"follow","max-snippet":"max-snippet:-1","max-image-preview":"max-image-preview:large","max-video-preview":"max-video-preview:-1"},"canonical":"https:\/\/lequotidien.mr\/?p=26318&lang=fr","og_locale":"ar_AR","og_type":"article","og_title":"12\u1d49 \u00e9dition du Festival Leyali el Medh : D\u00e9votion spirituelle et c\u00e9l\u00e9bration d\u2019une identit\u00e9 mauritanienne fi\u00e8re et unie - Le Quotidien de Nouakchott","og_description":"Sous le haut patronage de la Premi\u00e8re Dame, Dr. Mariem Mohamed Fadel Dah, la 12\u1d49 \u00e9dition du Festival \u00ab Leyali el Medh \u00bb (Nuits de Louange) a \u00e9t\u00e9 lanc\u00e9e ce vendredi soir au stade Cheikha Boidiya. Plac\u00e9e sous l\u2019\u00e9gide du Centre des Arts Populaires du Taranim, cette \u00e9dition rend hommage au d\u00e9funt journaliste Mohamed Fall.....","og_url":"https:\/\/lequotidien.mr\/?p=26318&lang=fr","og_site_name":"Le Quotidien de Nouakchott","article_publisher":"https:\/\/web.facebook.com\/lequotidienmr","article_published_time":"2025-03-22T13:04:16+00:00","og_image":[{"width":750,"height":430,"url":"https:\/\/lequotidien.mr\/wp-content\/uploads\/2025\/03\/photo-medih.jpg","type":"image\/jpeg"}],"author":"Med Ahmed","twitter_card":"summary_large_image","twitter_creator":"@lequotidienmr","twitter_site":"@lequotidienmr","twitter_misc":{"\u0643\u064f\u062a\u0628 \u0628\u0648\u0627\u0633\u0637\u0629":"Med Ahmed","\u0648\u0642\u062a \u0627\u0644\u0642\u0631\u0627\u0621\u0629 \u0627\u0644\u0645\u064f\u0642\u062f\u0651\u0631":"3 \u062f\u0642\u0627\u0626\u0642"},"schema":{"@context":"https:\/\/schema.org","@graph":[{"@type":"Article","@id":"https:\/\/lequotidien.mr\/?p=26318&lang=fr#article","isPartOf":{"@id":"https:\/\/lequotidien.mr\/?p=26318&lang=fr"},"author":{"name":"Med Ahmed","@id":"https:\/\/lequotidien.mr\/#\/schema\/person\/d2d350202a4d599685ed8abc25f97596"},"headline":"12\u1d49 \u00e9dition du Festival Leyali el Medh : D\u00e9votion spirituelle et c\u00e9l\u00e9bration d\u2019une identit\u00e9 mauritanienne fi\u00e8re et unie","datePublished":"2025-03-22T13:04:16+00:00","mainEntityOfPage":{"@id":"https:\/\/lequotidien.mr\/?p=26318&lang=fr"},"wordCount":591,"commentCount":0,"publisher":{"@id":"https:\/\/lequotidien.mr\/#organization"},"image":{"@id":"https:\/\/lequotidien.mr\/?p=26318&lang=fr#primaryimage"},"thumbnailUrl":"https:\/\/lequotidien.mr\/wp-content\/uploads\/2025\/03\/photo-medih.jpg","articleSection":["ACTUALIT\u00c9","Culture"],"inLanguage":"ar","potentialAction":[{"@type":"CommentAction","name":"Comment","target":["https:\/\/lequotidien.mr\/?p=26318&lang=fr#respond"]}]},{"@type":"WebPage","@id":"https:\/\/lequotidien.mr\/?p=26318&lang=fr","url":"https:\/\/lequotidien.mr\/?p=26318&lang=fr","name":"12\u1d49 \u00e9dition du Festival Leyali el Medh : D\u00e9votion spirituelle et c\u00e9l\u00e9bration d\u2019une identit\u00e9 mauritanienne fi\u00e8re et unie - Le Quotidien de Nouakchott","isPartOf":{"@id":"https:\/\/lequotidien.mr\/#website"},"primaryImageOfPage":{"@id":"https:\/\/lequotidien.mr\/?p=26318&lang=fr#primaryimage"},"image":{"@id":"https:\/\/lequotidien.mr\/?p=26318&lang=fr#primaryimage"},"thumbnailUrl":"https:\/\/lequotidien.mr\/wp-content\/uploads\/2025\/03\/photo-medih.jpg","datePublished":"2025-03-22T13:04:16+00:00","breadcrumb":{"@id":"https:\/\/lequotidien.mr\/?p=26318&lang=fr#breadcrumb"},"inLanguage":"ar","potentialAction":[{"@type":"ReadAction","target":["https:\/\/lequotidien.mr\/?p=26318&lang=fr"]}]},{"@type":"ImageObject","inLanguage":"ar","@id":"https:\/\/lequotidien.mr\/?p=26318&lang=fr#primaryimage","url":"https:\/\/lequotidien.mr\/wp-content\/uploads\/2025\/03\/photo-medih.jpg","contentUrl":"https:\/\/lequotidien.mr\/wp-content\/uploads\/2025\/03\/photo-medih.jpg","width":750,"height":430},{"@type":"BreadcrumbList","@id":"https:\/\/lequotidien.mr\/?p=26318&lang=fr#breadcrumb","itemListElement":[{"@type":"ListItem","position":1,"name":"Home","item":"https:\/\/lequotidien.mr\/"},{"@type":"ListItem","position":2,"name":"12\u1d49 \u00e9dition du Festival Leyali el Medh : D\u00e9votion spirituelle et c\u00e9l\u00e9bration d\u2019une identit\u00e9 mauritanienne fi\u00e8re et unie"}]},{"@type":"WebSite","@id":"https:\/\/lequotidien.mr\/#website","url":"https:\/\/lequotidien.mr\/","name":"Le Quotidien de Nouakchott","description":"\u0625\u062e\u0628\u0627\u0631\u064a\u0629 \u0645\u0633\u062a\u0642\u0644\u0629 \u0644\u0644\u0623\u0646\u0628\u0627\u0621 \u0627\u0644\u0639\u0627\u0645\u0629","publisher":{"@id":"https:\/\/lequotidien.mr\/#organization"},"potentialAction":[{"@type":"SearchAction","target":{"@type":"EntryPoint","urlTemplate":"https:\/\/lequotidien.mr\/?s={search_term_string}"},"query-input":{"@type":"PropertyValueSpecification","valueRequired":true,"valueName":"search_term_string"}}],"inLanguage":"ar"},{"@type":"Organization","@id":"https:\/\/lequotidien.mr\/#organization","name":"Le Quotidien de Nouakchott","url":"https:\/\/lequotidien.mr\/","logo":{"@type":"ImageObject","inLanguage":"ar","@id":"https:\/\/lequotidien.mr\/#\/schema\/logo\/image\/","url":"https:\/\/lequotidien.mr\/wp-content\/uploads\/2022\/11\/logolequotidien.jpg","contentUrl":"https:\/\/lequotidien.mr\/wp-content\/uploads\/2022\/11\/logolequotidien.jpg","width":290,"height":65,"caption":"Le Quotidien de Nouakchott"},"image":{"@id":"https:\/\/lequotidien.mr\/#\/schema\/logo\/image\/"},"sameAs":["https:\/\/web.facebook.com\/lequotidienmr","https:\/\/x.com\/lequotidienmr"]},{"@type":"Person","@id":"https:\/\/lequotidien.mr\/#\/schema\/person\/d2d350202a4d599685ed8abc25f97596","name":"Med Ahmed","image":{"@type":"ImageObject","inLanguage":"ar","@id":"https:\/\/secure.gravatar.com\/avatar\/fd2acc62ed50732923d1d39c17172c9b04149f142be92310ecc69e1358f94b52?s=96&d=mm&r=g","url":"https:\/\/secure.gravatar.com\/avatar\/fd2acc62ed50732923d1d39c17172c9b04149f142be92310ecc69e1358f94b52?s=96&d=mm&r=g","contentUrl":"https:\/\/secure.gravatar.com\/avatar\/fd2acc62ed50732923d1d39c17172c9b04149f142be92310ecc69e1358f94b52?s=96&d=mm&r=g","caption":"Med Ahmed"},"url":"https:\/\/lequotidien.mr\/?author=12"}]}},"_links":{"self":[{"href":"https:\/\/lequotidien.mr\/index.php?rest_route=\/wp\/v2\/posts\/26318","targetHints":{"allow":["GET"]}}],"collection":[{"href":"https:\/\/lequotidien.mr\/index.php?rest_route=\/wp\/v2\/posts"}],"about":[{"href":"https:\/\/lequotidien.mr\/index.php?rest_route=\/wp\/v2\/types\/post"}],"author":[{"embeddable":true,"href":"https:\/\/lequotidien.mr\/index.php?rest_route=\/wp\/v2\/users\/12"}],"replies":[{"embeddable":true,"href":"https:\/\/lequotidien.mr\/index.php?rest_route=%2Fwp%2Fv2%2Fcomments&post=26318"}],"version-history":[{"count":1,"href":"https:\/\/lequotidien.mr\/index.php?rest_route=\/wp\/v2\/posts\/26318\/revisions"}],"predecessor-version":[{"id":26320,"href":"https:\/\/lequotidien.mr\/index.php?rest_route=\/wp\/v2\/posts\/26318\/revisions\/26320"}],"wp:featuredmedia":[{"embeddable":true,"href":"https:\/\/lequotidien.mr\/index.php?rest_route=\/wp\/v2\/media\/26319"}],"wp:attachment":[{"href":"https:\/\/lequotidien.mr\/index.php?rest_route=%2Fwp%2Fv2%2Fmedia&parent=26318"}],"wp:term":[{"taxonomy":"category","embeddable":true,"href":"https:\/\/lequotidien.mr\/index.php?rest_route=%2Fwp%2Fv2%2Fcategories&post=26318"},{"taxonomy":"post_tag","embeddable":true,"href":"https:\/\/lequotidien.mr\/index.php?rest_route=%2Fwp%2Fv2%2Ftags&post=26318"}],"curies":[{"name":"wp","href":"https:\/\/api.w.org\/{rel}","templated":true}]}}