{"id":26300,"date":"2025-03-21T11:59:26","date_gmt":"2025-03-21T11:59:26","guid":{"rendered":"https:\/\/lequotidien.mr\/?p=26300"},"modified":"2025-03-21T11:59:26","modified_gmt":"2025-03-21T11:59:26","slug":"le-president-el-ghazouani-a-lendroit-les-etudiants-vous-etes-lelite-et-le-pilier-du-developpement-de-la-mauritanie","status":"publish","type":"post","link":"https:\/\/lequotidien.mr\/?p=26300&lang=fr","title":{"rendered":"Le Pr\u00e9sident El Ghazouani \u00e0 l\u2019endroit les \u00e9tudiants : \u00ab Vous \u00eates l\u2019\u00e9lite et le pilier du d\u00e9veloppement de la Mauritanie \u00bb"},"content":{"rendered":"<p>\u00c0 l\u2019occasion d\u2019un banquet d\u2019Iftar organis\u00e9 jeudi soir en l\u2019honneur d\u2019\u00e9tudiants de l\u2019enseignement sup\u00e9rieur, le Pr\u00e9sident de la R\u00e9publique, Mohamed Cheikh El Ghazouani, a prononc\u00e9 un discours engag\u00e9, pla\u00e7ant la jeunesse universitaire au c\u0153ur de la strat\u00e9gie nationale de d\u00e9veloppement. Dans un cadre solennel marqu\u00e9 par les derni\u00e8res nuits du Ramadan, le chef de l\u2019\u00c9tat a appel\u00e9 les \u00e9tudiants \u00e0 incarner l\u2019ambition d\u2019une Mauritanie prosp\u00e8re et innovante.<\/p>\n<p><strong>La jeunesse, force motrice de la nation<\/strong><\/p>\n<p>Devant un parterre d\u2019\u00e9tudiants, de professeurs et de responsables acad\u00e9miques, le Pr\u00e9sident a martel\u00e9 :\u00a0<em>\u00ab Les \u00e9tudiants de l\u2019enseignement sup\u00e9rieur constituent une \u00e9lite essentielle, le pilier de notre nation et sa force motrice pour relever les d\u00e9fis \u00e9conomiques, politiques et sociaux. \u00bb<\/em>\u00a0Il a salu\u00e9 leur d\u00e9termination et leur capacit\u00e9 \u00e0 surmonter les obstacles, affirmant que\u00a0<em>\u00ab la ma\u00eetrise de la science, du travail, de la recherche et de l\u2019innovation est la cl\u00e9 pour r\u00e9aliser les aspirations de notre peuple \u00bb<\/em>.<\/p>\n<p><strong>Un bilan concret et des ambitions renforc\u00e9es<\/strong><\/p>\n<p>Le Pr\u00e9sident a dress\u00e9 un tableau des avanc\u00e9es majeures r\u00e9alis\u00e9es sous son mandat :<\/p>\n<p><strong>-Diversification des formations<\/strong>\u00a0: Les \u00e9tablissements proposent d\u00e9sormais\u00a0<strong>61 sp\u00e9cialit\u00e9s<\/strong>, dont\u00a0<strong>11 nouvelles<\/strong>, align\u00e9es sur les besoins du march\u00e9 de l\u2019emploi\u00a0;<\/p>\n<p><strong>-Infrastructures \u00e9ducatives<\/strong>\u00a0: Construction d\u2019un\u00a0<strong>nouveau campus universitaire<\/strong>\u00a0(11 000 places), de l\u2019<strong>Institut Sup\u00e9rieur du Num\u00e9rique<\/strong>\u00a0et de l\u2019<strong>\u00c9cole de Commerce de Nouakchott<\/strong>, en voie d\u2019ach\u00e8vement\u00a0;<\/p>\n<p><strong>-Soutien social<\/strong>\u00a0:\u00a0<strong>Augmentation des bourses<\/strong>, g\u00e9n\u00e9ralisation de l\u2019<strong>assurance maladie gratuite<\/strong>\u00a0et acc\u00e8s au\u00a0<strong>transport public gratuit<\/strong>\u00a0pour les \u00e9tudiants issus de familles vuln\u00e9rables\u00a0;<\/p>\n<p><strong>-Budget en hausse<\/strong>\u00a0: Les cr\u00e9dits allou\u00e9s \u00e0 l\u2019enseignement sup\u00e9rieur sont pass\u00e9s de\u00a0<strong>9 milliards d\u2019anciennes ouguiyas en 2019<\/strong>\u00a0\u00e0\u00a0<strong>plus de 20 milliards en 2024<\/strong>.<\/p>\n<p><em>\u00ab Ces r\u00e9alisations, bien que significatives, restent en de\u00e7\u00e0 de nos ambitions \u00bb,<\/em>\u00a0a toutefois temp\u00e9r\u00e9 le chef de l\u2019\u00c9tat, annon\u00e7ant sa volont\u00e9 de\u00a0<em>\u00ab redoubler d\u2019efforts pour am\u00e9liorer les conditions des \u00e9tudiants et moderniser le syst\u00e8me \u00e9ducatif \u00bb<\/em>. Parmi les projets phares : le renforcement des capacit\u00e9s de recherche via l\u2019<strong>Agence Nationale pour la Recherche Scientifique<\/strong>\u00a0et la cr\u00e9ation de nouvelles institutions dans les r\u00e9gions, telles que l\u2019<strong>\u00c9cole Sup\u00e9rieure de M\u00e9decine V\u00e9t\u00e9rinaire \u00e0 N\u00e9ma<\/strong>\u00a0ou l\u2019<strong>\u00c9cole des Sciences Agronomiques \u00e0 Ka\u00e9di<\/strong>.<\/p>\n<p><strong>Un appel \u00e0 l\u2019excellence et \u00e0 la responsabilit\u00e9<\/strong><\/p>\n<p>Le Pr\u00e9sident a exhort\u00e9 les \u00e9tudiants \u00e0\u00a0<em>\u00ab \u00eatre \u00e0 la hauteur des attentes historiques \u00bb<\/em>\u00a0en cultivant l\u2019effort, la cr\u00e9ativit\u00e9 et l\u2019innovation.\u00a0<em>\u00ab Rejetez la paresse et la d\u00e9pendance. Concentrez-vous sur l\u2019apprentissage et le d\u00e9veloppement de vos talents pour porter le flambeau du progr\u00e8s \u00bb,<\/em>\u00a0a-t-il insist\u00e9, rappelant que\u00a0<em>\u00ab le d\u00e9veloppement v\u00e9ritable de la Mauritanie ne se fera qu\u2019\u00e0 travers vous \u00bb<\/em>.<\/p>\n<p>Il a \u00e9galement rendu hommage au corps enseignant, qualifi\u00e9 de\u00a0<em>\u00ab pierre angulaire de cet \u00e9difice scientifique \u00bb<\/em>, tout en encourageant les \u00e9tudiants \u00e0 incarner\u00a0<em>\u00ab le pr\u00e9sent et l\u2019avenir du pays \u00bb<\/em>.<\/p>\n<p>En partageant cet Iftar durant les dix derniers jours du mois sacr\u00e9, symbole de partage et de r\u00e9flexion, le Pr\u00e9sident a soulign\u00e9 l\u2019importance de\u00a0<em>\u00ab cette communion entre les institutions et la jeunesse \u00bb<\/em>.\u00a0<em>\u00ab C\u2019est un moment pour r\u00e9affirmer notre engagement commun : b\u00e2tir une Mauritanie o\u00f9 chaque talent trouve sa place \u00bb,<\/em>\u00a0a-t-il conclu, sous les applaudissements d\u2019une assembl\u00e9e convaincue de son r\u00f4le dans l\u2019\u00e9criture de l\u2019histoire nationale.<\/p>\n<p>Par ce discours, Mohamed Cheikh El Ghazouani r\u00e9affirme une vision claire : investir dans l\u2019\u00e9ducation, c\u2019est investir dans la souverainet\u00e9 et la dignit\u00e9 d\u2019une nation. Les \u00e9tudiants, d\u00e9sormais porteurs de cette ambition, ont re\u00e7u un message sans \u00e9quivoque : \u00e0 eux de transformer l\u2019essai.<\/p>\n","protected":false},"excerpt":{"rendered":"<p>\u00c0 l\u2019occasion d\u2019un banquet d\u2019Iftar organis\u00e9 jeudi soir en l\u2019honneur d\u2019\u00e9tudiants de l\u2019enseignement sup\u00e9rieur, le Pr\u00e9sident de la R\u00e9publique, Mohamed Cheikh El Ghazouani, a prononc\u00e9 un discours engag\u00e9, pla\u00e7ant la jeunesse universitaire au c\u0153ur de la strat\u00e9gie nationale de d\u00e9veloppement. Dans un cadre solennel marqu\u00e9 par les derni\u00e8res nuits du Ramadan, le chef de l\u2019\u00c9tat&#8230;..<\/p>\n","protected":false},"author":12,"featured_media":26303,"comment_status":"open","ping_status":"open","sticky":false,"template":"","format":"standard","meta":{"footnotes":""},"categories":[49,55],"tags":[],"class_list":["post-26300","post","type-post","status-publish","format-standard","has-post-thumbnail","hentry","category-economie","category-culture"],"yoast_head":"<!-- This site is optimized with the Yoast SEO plugin v27.5 - https:\/\/yoast.com\/product\/yoast-seo-wordpress\/ -->\n<title>Le Pr\u00e9sident El Ghazouani \u00e0 l\u2019endroit les \u00e9tudiants : \u00ab Vous \u00eates l\u2019\u00e9lite et le pilier du d\u00e9veloppement de la Mauritanie \u00bb - Le Quotidien de Nouakchott<\/title>\n<meta name=\"robots\" content=\"index, follow, max-snippet:-1, max-image-preview:large, max-video-preview:-1\" \/>\n<link rel=\"canonical\" href=\"https:\/\/lequotidien.mr\/?p=26300&lang=fr\" \/>\n<meta property=\"og:locale\" content=\"ar_AR\" \/>\n<meta property=\"og:type\" content=\"article\" \/>\n<meta property=\"og:title\" content=\"Le Pr\u00e9sident El Ghazouani \u00e0 l\u2019endroit les \u00e9tudiants : \u00ab Vous \u00eates l\u2019\u00e9lite et le pilier du d\u00e9veloppement de la Mauritanie \u00bb - Le Quotidien de Nouakchott\" \/>\n<meta property=\"og:description\" content=\"\u00c0 l\u2019occasion d\u2019un banquet d\u2019Iftar organis\u00e9 jeudi soir en l\u2019honneur d\u2019\u00e9tudiants de l\u2019enseignement sup\u00e9rieur, le Pr\u00e9sident de la R\u00e9publique, Mohamed Cheikh El Ghazouani, a prononc\u00e9 un discours engag\u00e9, pla\u00e7ant la jeunesse universitaire au c\u0153ur de la strat\u00e9gie nationale de d\u00e9veloppement. Dans un cadre solennel marqu\u00e9 par les derni\u00e8res nuits du Ramadan, le chef de l\u2019\u00c9tat.....\" \/>\n<meta property=\"og:url\" content=\"https:\/\/lequotidien.mr\/?p=26300&amp;lang=fr\" \/>\n<meta property=\"og:site_name\" content=\"Le Quotidien de Nouakchott\" \/>\n<meta property=\"article:publisher\" content=\"https:\/\/web.facebook.com\/lequotidienmr\" \/>\n<meta property=\"article:published_time\" content=\"2025-03-21T11:59:26+00:00\" \/>\n<meta property=\"og:image\" content=\"https:\/\/lequotidien.mr\/wp-content\/uploads\/2025\/03\/photo-Pdt-Iftar-etudiants.jpg\" \/>\n\t<meta property=\"og:image:width\" content=\"750\" \/>\n\t<meta property=\"og:image:height\" content=\"430\" \/>\n\t<meta property=\"og:image:type\" content=\"image\/jpeg\" \/>\n<meta name=\"author\" content=\"Med Ahmed\" \/>\n<meta name=\"twitter:card\" content=\"summary_large_image\" \/>\n<meta name=\"twitter:creator\" content=\"@lequotidienmr\" \/>\n<meta name=\"twitter:site\" content=\"@lequotidienmr\" \/>\n<meta name=\"twitter:label1\" content=\"\u0643\u064f\u062a\u0628 \u0628\u0648\u0627\u0633\u0637\u0629\" \/>\n\t<meta name=\"twitter:data1\" content=\"Med Ahmed\" \/>\n\t<meta name=\"twitter:label2\" content=\"\u0648\u0642\u062a \u0627\u0644\u0642\u0631\u0627\u0621\u0629 \u0627\u0644\u0645\u064f\u0642\u062f\u0651\u0631\" \/>\n\t<meta name=\"twitter:data2\" content=\"3 \u062f\u0642\u0627\u0626\u0642\" \/>\n<script type=\"application\/ld+json\" class=\"yoast-schema-graph\">{\"@context\":\"https:\\\/\\\/schema.org\",\"@graph\":[{\"@type\":\"Article\",\"@id\":\"https:\\\/\\\/lequotidien.mr\\\/?p=26300&lang=fr#article\",\"isPartOf\":{\"@id\":\"https:\\\/\\\/lequotidien.mr\\\/?p=26300&lang=fr\"},\"author\":{\"name\":\"Med Ahmed\",\"@id\":\"https:\\\/\\\/lequotidien.mr\\\/#\\\/schema\\\/person\\\/d2d350202a4d599685ed8abc25f97596\"},\"headline\":\"Le Pr\u00e9sident El Ghazouani \u00e0 l\u2019endroit les \u00e9tudiants : \u00ab Vous \u00eates l\u2019\u00e9lite et le pilier du d\u00e9veloppement de la Mauritanie \u00bb\",\"datePublished\":\"2025-03-21T11:59:26+00:00\",\"mainEntityOfPage\":{\"@id\":\"https:\\\/\\\/lequotidien.mr\\\/?p=26300&lang=fr\"},\"wordCount\":650,\"commentCount\":0,\"publisher\":{\"@id\":\"https:\\\/\\\/lequotidien.mr\\\/#organization\"},\"image\":{\"@id\":\"https:\\\/\\\/lequotidien.mr\\\/?p=26300&lang=fr#primaryimage\"},\"thumbnailUrl\":\"https:\\\/\\\/lequotidien.mr\\\/wp-content\\\/uploads\\\/2025\\\/03\\\/photo-Pdt-Iftar-etudiants.jpg\",\"articleSection\":[\"Economie\",\"Culture\"],\"inLanguage\":\"ar\",\"potentialAction\":[{\"@type\":\"CommentAction\",\"name\":\"Comment\",\"target\":[\"https:\\\/\\\/lequotidien.mr\\\/?p=26300&lang=fr#respond\"]}]},{\"@type\":\"WebPage\",\"@id\":\"https:\\\/\\\/lequotidien.mr\\\/?p=26300&lang=fr\",\"url\":\"https:\\\/\\\/lequotidien.mr\\\/?p=26300&lang=fr\",\"name\":\"Le Pr\u00e9sident El Ghazouani \u00e0 l\u2019endroit les \u00e9tudiants : \u00ab Vous \u00eates l\u2019\u00e9lite et le pilier du d\u00e9veloppement de la Mauritanie \u00bb - Le Quotidien de Nouakchott\",\"isPartOf\":{\"@id\":\"https:\\\/\\\/lequotidien.mr\\\/#website\"},\"primaryImageOfPage\":{\"@id\":\"https:\\\/\\\/lequotidien.mr\\\/?p=26300&lang=fr#primaryimage\"},\"image\":{\"@id\":\"https:\\\/\\\/lequotidien.mr\\\/?p=26300&lang=fr#primaryimage\"},\"thumbnailUrl\":\"https:\\\/\\\/lequotidien.mr\\\/wp-content\\\/uploads\\\/2025\\\/03\\\/photo-Pdt-Iftar-etudiants.jpg\",\"datePublished\":\"2025-03-21T11:59:26+00:00\",\"breadcrumb\":{\"@id\":\"https:\\\/\\\/lequotidien.mr\\\/?p=26300&lang=fr#breadcrumb\"},\"inLanguage\":\"ar\",\"potentialAction\":[{\"@type\":\"ReadAction\",\"target\":[\"https:\\\/\\\/lequotidien.mr\\\/?p=26300&lang=fr\"]}]},{\"@type\":\"ImageObject\",\"inLanguage\":\"ar\",\"@id\":\"https:\\\/\\\/lequotidien.mr\\\/?p=26300&lang=fr#primaryimage\",\"url\":\"https:\\\/\\\/lequotidien.mr\\\/wp-content\\\/uploads\\\/2025\\\/03\\\/photo-Pdt-Iftar-etudiants.jpg\",\"contentUrl\":\"https:\\\/\\\/lequotidien.mr\\\/wp-content\\\/uploads\\\/2025\\\/03\\\/photo-Pdt-Iftar-etudiants.jpg\",\"width\":750,\"height\":430},{\"@type\":\"BreadcrumbList\",\"@id\":\"https:\\\/\\\/lequotidien.mr\\\/?p=26300&lang=fr#breadcrumb\",\"itemListElement\":[{\"@type\":\"ListItem\",\"position\":1,\"name\":\"Home\",\"item\":\"https:\\\/\\\/lequotidien.mr\\\/\"},{\"@type\":\"ListItem\",\"position\":2,\"name\":\"Le Pr\u00e9sident El Ghazouani \u00e0 l\u2019endroit les \u00e9tudiants : \u00ab Vous \u00eates l\u2019\u00e9lite et le pilier du d\u00e9veloppement de la Mauritanie \u00bb\"}]},{\"@type\":\"WebSite\",\"@id\":\"https:\\\/\\\/lequotidien.mr\\\/#website\",\"url\":\"https:\\\/\\\/lequotidien.mr\\\/\",\"name\":\"Le Quotidien de Nouakchott\",\"description\":\"\u0625\u062e\u0628\u0627\u0631\u064a\u0629 \u0645\u0633\u062a\u0642\u0644\u0629 \u0644\u0644\u0623\u0646\u0628\u0627\u0621 \u0627\u0644\u0639\u0627\u0645\u0629\",\"publisher\":{\"@id\":\"https:\\\/\\\/lequotidien.mr\\\/#organization\"},\"potentialAction\":[{\"@type\":\"SearchAction\",\"target\":{\"@type\":\"EntryPoint\",\"urlTemplate\":\"https:\\\/\\\/lequotidien.mr\\\/?s={search_term_string}\"},\"query-input\":{\"@type\":\"PropertyValueSpecification\",\"valueRequired\":true,\"valueName\":\"search_term_string\"}}],\"inLanguage\":\"ar\"},{\"@type\":\"Organization\",\"@id\":\"https:\\\/\\\/lequotidien.mr\\\/#organization\",\"name\":\"Le Quotidien de Nouakchott\",\"url\":\"https:\\\/\\\/lequotidien.mr\\\/\",\"logo\":{\"@type\":\"ImageObject\",\"inLanguage\":\"ar\",\"@id\":\"https:\\\/\\\/lequotidien.mr\\\/#\\\/schema\\\/logo\\\/image\\\/\",\"url\":\"https:\\\/\\\/lequotidien.mr\\\/wp-content\\\/uploads\\\/2022\\\/11\\\/logolequotidien.jpg\",\"contentUrl\":\"https:\\\/\\\/lequotidien.mr\\\/wp-content\\\/uploads\\\/2022\\\/11\\\/logolequotidien.jpg\",\"width\":290,\"height\":65,\"caption\":\"Le Quotidien de Nouakchott\"},\"image\":{\"@id\":\"https:\\\/\\\/lequotidien.mr\\\/#\\\/schema\\\/logo\\\/image\\\/\"},\"sameAs\":[\"https:\\\/\\\/web.facebook.com\\\/lequotidienmr\",\"https:\\\/\\\/x.com\\\/lequotidienmr\"]},{\"@type\":\"Person\",\"@id\":\"https:\\\/\\\/lequotidien.mr\\\/#\\\/schema\\\/person\\\/d2d350202a4d599685ed8abc25f97596\",\"name\":\"Med Ahmed\",\"image\":{\"@type\":\"ImageObject\",\"inLanguage\":\"ar\",\"@id\":\"https:\\\/\\\/secure.gravatar.com\\\/avatar\\\/fd2acc62ed50732923d1d39c17172c9b04149f142be92310ecc69e1358f94b52?s=96&d=mm&r=g\",\"url\":\"https:\\\/\\\/secure.gravatar.com\\\/avatar\\\/fd2acc62ed50732923d1d39c17172c9b04149f142be92310ecc69e1358f94b52?s=96&d=mm&r=g\",\"contentUrl\":\"https:\\\/\\\/secure.gravatar.com\\\/avatar\\\/fd2acc62ed50732923d1d39c17172c9b04149f142be92310ecc69e1358f94b52?s=96&d=mm&r=g\",\"caption\":\"Med Ahmed\"},\"url\":\"https:\\\/\\\/lequotidien.mr\\\/?author=12\"}]}<\/script>\n<!-- \/ Yoast SEO plugin. -->","yoast_head_json":{"title":"Le Pr\u00e9sident El Ghazouani \u00e0 l\u2019endroit les \u00e9tudiants : \u00ab Vous \u00eates l\u2019\u00e9lite et le pilier du d\u00e9veloppement de la Mauritanie \u00bb - Le Quotidien de Nouakchott","robots":{"index":"index","follow":"follow","max-snippet":"max-snippet:-1","max-image-preview":"max-image-preview:large","max-video-preview":"max-video-preview:-1"},"canonical":"https:\/\/lequotidien.mr\/?p=26300&lang=fr","og_locale":"ar_AR","og_type":"article","og_title":"Le Pr\u00e9sident El Ghazouani \u00e0 l\u2019endroit les \u00e9tudiants : \u00ab Vous \u00eates l\u2019\u00e9lite et le pilier du d\u00e9veloppement de la Mauritanie \u00bb - Le Quotidien de Nouakchott","og_description":"\u00c0 l\u2019occasion d\u2019un banquet d\u2019Iftar organis\u00e9 jeudi soir en l\u2019honneur d\u2019\u00e9tudiants de l\u2019enseignement sup\u00e9rieur, le Pr\u00e9sident de la R\u00e9publique, Mohamed Cheikh El Ghazouani, a prononc\u00e9 un discours engag\u00e9, pla\u00e7ant la jeunesse universitaire au c\u0153ur de la strat\u00e9gie nationale de d\u00e9veloppement. Dans un cadre solennel marqu\u00e9 par les derni\u00e8res nuits du Ramadan, le chef de l\u2019\u00c9tat.....","og_url":"https:\/\/lequotidien.mr\/?p=26300&lang=fr","og_site_name":"Le Quotidien de Nouakchott","article_publisher":"https:\/\/web.facebook.com\/lequotidienmr","article_published_time":"2025-03-21T11:59:26+00:00","og_image":[{"width":750,"height":430,"url":"https:\/\/lequotidien.mr\/wp-content\/uploads\/2025\/03\/photo-Pdt-Iftar-etudiants.jpg","type":"image\/jpeg"}],"author":"Med Ahmed","twitter_card":"summary_large_image","twitter_creator":"@lequotidienmr","twitter_site":"@lequotidienmr","twitter_misc":{"\u0643\u064f\u062a\u0628 \u0628\u0648\u0627\u0633\u0637\u0629":"Med Ahmed","\u0648\u0642\u062a \u0627\u0644\u0642\u0631\u0627\u0621\u0629 \u0627\u0644\u0645\u064f\u0642\u062f\u0651\u0631":"3 \u062f\u0642\u0627\u0626\u0642"},"schema":{"@context":"https:\/\/schema.org","@graph":[{"@type":"Article","@id":"https:\/\/lequotidien.mr\/?p=26300&lang=fr#article","isPartOf":{"@id":"https:\/\/lequotidien.mr\/?p=26300&lang=fr"},"author":{"name":"Med Ahmed","@id":"https:\/\/lequotidien.mr\/#\/schema\/person\/d2d350202a4d599685ed8abc25f97596"},"headline":"Le Pr\u00e9sident El Ghazouani \u00e0 l\u2019endroit les \u00e9tudiants : \u00ab Vous \u00eates l\u2019\u00e9lite et le pilier du d\u00e9veloppement de la Mauritanie \u00bb","datePublished":"2025-03-21T11:59:26+00:00","mainEntityOfPage":{"@id":"https:\/\/lequotidien.mr\/?p=26300&lang=fr"},"wordCount":650,"commentCount":0,"publisher":{"@id":"https:\/\/lequotidien.mr\/#organization"},"image":{"@id":"https:\/\/lequotidien.mr\/?p=26300&lang=fr#primaryimage"},"thumbnailUrl":"https:\/\/lequotidien.mr\/wp-content\/uploads\/2025\/03\/photo-Pdt-Iftar-etudiants.jpg","articleSection":["Economie","Culture"],"inLanguage":"ar","potentialAction":[{"@type":"CommentAction","name":"Comment","target":["https:\/\/lequotidien.mr\/?p=26300&lang=fr#respond"]}]},{"@type":"WebPage","@id":"https:\/\/lequotidien.mr\/?p=26300&lang=fr","url":"https:\/\/lequotidien.mr\/?p=26300&lang=fr","name":"Le Pr\u00e9sident El Ghazouani \u00e0 l\u2019endroit les \u00e9tudiants : \u00ab Vous \u00eates l\u2019\u00e9lite et le pilier du d\u00e9veloppement de la Mauritanie \u00bb - Le Quotidien de Nouakchott","isPartOf":{"@id":"https:\/\/lequotidien.mr\/#website"},"primaryImageOfPage":{"@id":"https:\/\/lequotidien.mr\/?p=26300&lang=fr#primaryimage"},"image":{"@id":"https:\/\/lequotidien.mr\/?p=26300&lang=fr#primaryimage"},"thumbnailUrl":"https:\/\/lequotidien.mr\/wp-content\/uploads\/2025\/03\/photo-Pdt-Iftar-etudiants.jpg","datePublished":"2025-03-21T11:59:26+00:00","breadcrumb":{"@id":"https:\/\/lequotidien.mr\/?p=26300&lang=fr#breadcrumb"},"inLanguage":"ar","potentialAction":[{"@type":"ReadAction","target":["https:\/\/lequotidien.mr\/?p=26300&lang=fr"]}]},{"@type":"ImageObject","inLanguage":"ar","@id":"https:\/\/lequotidien.mr\/?p=26300&lang=fr#primaryimage","url":"https:\/\/lequotidien.mr\/wp-content\/uploads\/2025\/03\/photo-Pdt-Iftar-etudiants.jpg","contentUrl":"https:\/\/lequotidien.mr\/wp-content\/uploads\/2025\/03\/photo-Pdt-Iftar-etudiants.jpg","width":750,"height":430},{"@type":"BreadcrumbList","@id":"https:\/\/lequotidien.mr\/?p=26300&lang=fr#breadcrumb","itemListElement":[{"@type":"ListItem","position":1,"name":"Home","item":"https:\/\/lequotidien.mr\/"},{"@type":"ListItem","position":2,"name":"Le Pr\u00e9sident El Ghazouani \u00e0 l\u2019endroit les \u00e9tudiants : \u00ab Vous \u00eates l\u2019\u00e9lite et le pilier du d\u00e9veloppement de la Mauritanie \u00bb"}]},{"@type":"WebSite","@id":"https:\/\/lequotidien.mr\/#website","url":"https:\/\/lequotidien.mr\/","name":"Le Quotidien de Nouakchott","description":"\u0625\u062e\u0628\u0627\u0631\u064a\u0629 \u0645\u0633\u062a\u0642\u0644\u0629 \u0644\u0644\u0623\u0646\u0628\u0627\u0621 \u0627\u0644\u0639\u0627\u0645\u0629","publisher":{"@id":"https:\/\/lequotidien.mr\/#organization"},"potentialAction":[{"@type":"SearchAction","target":{"@type":"EntryPoint","urlTemplate":"https:\/\/lequotidien.mr\/?s={search_term_string}"},"query-input":{"@type":"PropertyValueSpecification","valueRequired":true,"valueName":"search_term_string"}}],"inLanguage":"ar"},{"@type":"Organization","@id":"https:\/\/lequotidien.mr\/#organization","name":"Le Quotidien de Nouakchott","url":"https:\/\/lequotidien.mr\/","logo":{"@type":"ImageObject","inLanguage":"ar","@id":"https:\/\/lequotidien.mr\/#\/schema\/logo\/image\/","url":"https:\/\/lequotidien.mr\/wp-content\/uploads\/2022\/11\/logolequotidien.jpg","contentUrl":"https:\/\/lequotidien.mr\/wp-content\/uploads\/2022\/11\/logolequotidien.jpg","width":290,"height":65,"caption":"Le Quotidien de Nouakchott"},"image":{"@id":"https:\/\/lequotidien.mr\/#\/schema\/logo\/image\/"},"sameAs":["https:\/\/web.facebook.com\/lequotidienmr","https:\/\/x.com\/lequotidienmr"]},{"@type":"Person","@id":"https:\/\/lequotidien.mr\/#\/schema\/person\/d2d350202a4d599685ed8abc25f97596","name":"Med Ahmed","image":{"@type":"ImageObject","inLanguage":"ar","@id":"https:\/\/secure.gravatar.com\/avatar\/fd2acc62ed50732923d1d39c17172c9b04149f142be92310ecc69e1358f94b52?s=96&d=mm&r=g","url":"https:\/\/secure.gravatar.com\/avatar\/fd2acc62ed50732923d1d39c17172c9b04149f142be92310ecc69e1358f94b52?s=96&d=mm&r=g","contentUrl":"https:\/\/secure.gravatar.com\/avatar\/fd2acc62ed50732923d1d39c17172c9b04149f142be92310ecc69e1358f94b52?s=96&d=mm&r=g","caption":"Med Ahmed"},"url":"https:\/\/lequotidien.mr\/?author=12"}]}},"_links":{"self":[{"href":"https:\/\/lequotidien.mr\/index.php?rest_route=\/wp\/v2\/posts\/26300","targetHints":{"allow":["GET"]}}],"collection":[{"href":"https:\/\/lequotidien.mr\/index.php?rest_route=\/wp\/v2\/posts"}],"about":[{"href":"https:\/\/lequotidien.mr\/index.php?rest_route=\/wp\/v2\/types\/post"}],"author":[{"embeddable":true,"href":"https:\/\/lequotidien.mr\/index.php?rest_route=\/wp\/v2\/users\/12"}],"replies":[{"embeddable":true,"href":"https:\/\/lequotidien.mr\/index.php?rest_route=%2Fwp%2Fv2%2Fcomments&post=26300"}],"version-history":[{"count":1,"href":"https:\/\/lequotidien.mr\/index.php?rest_route=\/wp\/v2\/posts\/26300\/revisions"}],"predecessor-version":[{"id":26304,"href":"https:\/\/lequotidien.mr\/index.php?rest_route=\/wp\/v2\/posts\/26300\/revisions\/26304"}],"wp:featuredmedia":[{"embeddable":true,"href":"https:\/\/lequotidien.mr\/index.php?rest_route=\/wp\/v2\/media\/26303"}],"wp:attachment":[{"href":"https:\/\/lequotidien.mr\/index.php?rest_route=%2Fwp%2Fv2%2Fmedia&parent=26300"}],"wp:term":[{"taxonomy":"category","embeddable":true,"href":"https:\/\/lequotidien.mr\/index.php?rest_route=%2Fwp%2Fv2%2Fcategories&post=26300"},{"taxonomy":"post_tag","embeddable":true,"href":"https:\/\/lequotidien.mr\/index.php?rest_route=%2Fwp%2Fv2%2Ftags&post=26300"}],"curies":[{"name":"wp","href":"https:\/\/api.w.org\/{rel}","templated":true}]}}