{"id":263,"date":"2022-11-11T22:09:25","date_gmt":"2022-11-11T22:09:25","guid":{"rendered":"https:\/\/lequotidien.mr\/?p=263"},"modified":"2022-11-11T22:09:25","modified_gmt":"2022-11-11T22:09:25","slug":"tribune-libre-le-terrorisme-na-pas-de-nationalite-ni-dethnicite-ni-de-religion-feto-menace-lhumanite-toute-entiere","status":"publish","type":"post","link":"https:\/\/lequotidien.mr\/?p=263&lang=fr","title":{"rendered":"Tribune libre : \u00ab Le terrorisme n\u2019a pas de nationalit\u00e9, ni d\u2019ethnicit\u00e9, ni de religion ; FETO menace l\u2019humanit\u00e9 toute enti\u00e8re. \u00bb"},"content":{"rendered":"<p>Dans la nuit du 15 juillet 2016, l&#8217;\u00a0\u00bbOrganisation terroriste Fethullahiste\u00a0\u00bb (FETO) a men\u00e9 une tentative de coup d\u2019\u00c9tat sanglant contre le peuple et le gouvernement de mon pays. Leur objectif \u00e9tait d\u2019\u00e9tablir un r\u00e9gime radical et fondamentaliste, uniquement fid\u00e8le \u00e0 leur dirigeant Fetullah G\u00fclen.<\/p>\n<p>Alors que des unit\u00e9s de l\u2019arm\u00e9e affili\u00e9es \u00e0 FETO quittaient leurs casernes pour occuper les emplacements cl\u00e9s, tels que le pont du Bosphore \u00e0 Istanbul, et que des avions de chasse et des h\u00e9licopt\u00e8res d\u2019attaque bombardaient des cibles strat\u00e9giques, notamment le Parlement, le site pr\u00e9sidentiel et l\u2019Etat-major et la Direction g\u00e9n\u00e9rale de la s\u00e9curit\u00e9, des milliers de civils sont descendus dans les rues pour mettre fin \u00e0 cette tentative de coup d\u2019\u00c9tat odieux sans pr\u00e9c\u00e9dent. Les putschistes ont tu\u00e9 251 civils innocents et ont bless\u00e9 des milliers d\u2019autres. Cette nuit, le peuple turc a d\u00e9fendu la d\u00e9mocratie au prix de sa vie. Cette r\u00e9ponse h\u00e9ro\u00efque \u00e9tait quelque chose que les auteurs de la tentative de coup d\u2019\u00c9tat n\u2019avaient pas pr\u00e9vu.<\/p>\n<p>Pour bien comprendre ce qui s\u2019est pass\u00e9, il faut en effet conna\u00eetre le v\u00e9ritable aspect de FETO. FETO a \u00e9t\u00e9 cr\u00e9\u00e9 \u00e0 la fin des ann\u00e9es 1960 en tant que soi-disant \u00ab\u00a0mouvement religieux\u00a0\u00bb. Sous le pr\u00e9texte de promouvoir l\u2019\u00e9ducation et le dialogue entre religions, il a r\u00e9ussi \u00e0 dissimuler ses intentions malveillantes.<\/p>\n<p>L\u2019infiltration bien planifi\u00e9e et g\u00e9n\u00e9ralis\u00e9e des membres et des convertis de FETO au sein de l\u2019arm\u00e9e, des forces de l\u2019ordre, du syst\u00e8me judiciaire et de nombreuses institutions gouvernementales, y compris mon minist\u00e8re, a \u00e9t\u00e9 men\u00e9e pendant des d\u00e9cennies de mani\u00e8re clandestine en vue de la r\u00e9alisation d\u2019un plan global, dont la phase finale a \u00e9t\u00e9 d\u00e9clench\u00e9e le 15 juillet 2016.<\/p>\n<p>Si la tentative de coup d\u2019\u00c9tat avait abouti, la T\u00fcrkiye d\u2019aujourd\u2019hui aurait \u00e9t\u00e9 un pays tr\u00e8s diff\u00e9rent. La d\u00e9mocratie n\u2019aurait pas exist\u00e9 et les droits et libert\u00e9s fondamentaux auraient \u00e9t\u00e9 suspendus ind\u00e9finiment. La nation serait alors tomb\u00e9e entre les mains d\u2019un gouvernement extr\u00e9miste.<\/p>\n<p>FETO ne contr\u00f4lait pas seulement une part importante des \u00e9tablissements d\u2019enseignement, mais poss\u00e9dait \u00e9galement de nombreuses institutions financi\u00e8res. Leurs comptes bancaires \u00e9taient aliment\u00e9s par des membres \u00e9minents de FETO, travaillant dans l\u2019industrie et le commerce, ainsi que par le public. De nombreux civils innocents ont \u00e9galement \u00e9t\u00e9 persuad\u00e9s \u00e0 contribuer aux ressources financi\u00e8res de FETO par la manipulation de leur croyance. Les \u00e9normes revenus provenant de leurs \u00e9coles r\u00e9parties dans le monde entier ont \u00e9t\u00e9 vers\u00e9s sur ces comptes, dans l\u2019attente secr\u00e8te de l\u2019action finale.<\/p>\n<p>\u00c0 la suite de la tentative de coup d\u2019\u00c9tat sanglant du 15 juillet 2016, une action pour d\u00e9barrasser le secteur public, y compris les institutions \u00e9tatiques et l\u2019arm\u00e9e, ainsi que le secteur priv\u00e9, de tous les individus et entreprises affili\u00e9s \u00e0 FETO, a \u00e9t\u00e9 initi\u00e9e de mani\u00e8re r\u00e9solue. Certaines personnes importantes qui avaient planifi\u00e9 la tentative de coup d\u2019\u00c9tat ont \u00e9t\u00e9 arr\u00eat\u00e9es. D\u2019autres ont \u00e9chapp\u00e9 \u00e0 la justice et se sont r\u00e9fugi\u00e9s dans des pays \u00e9trangers. Le chef de fil de l\u2019organisation terroriste FETO, Fethullah G\u00fclen, r\u00e9side toujours aux \u00c9tats-Unis. Notre gouvernement demande depuis des ann\u00e9es l\u2019extradition de G\u00fclen vers la T\u00fcrkiye depuis les \u00c9tats-Unis ainsi que celle des membres de FETO depuis les pays europ\u00e9ens. Malheureusement, ces demandes n\u2019ont pas encore \u00e9t\u00e9 satisfaites.<\/p>\n<p>D\u2019autre part, un nombre croissant de gouvernements dans le monde reconnaissent le danger que cette organisation terroriste repr\u00e9sente \u00e9galement pour eux et prennent les mesures n\u00e9cessaires. FETO est \u00e9galement engag\u00e9e dans des activit\u00e9s ill\u00e9gales telles que la fraude en mati\u00e8re de visas, le blanchiment d\u2019argent et le trafic d\u2019armes. En cons\u00e9quence, les membres de FETO sont exclus des secteurs public et priv\u00e9 dans de nombreux pays. De nombreuses \u00e9coles affili\u00e9es \u00e0 cette organisation terroriste \u00e0 l\u2019\u00e9tranger ont \u00e9t\u00e9 transf\u00e9r\u00e9es \u00e0 la fondation turque Maarif apr\u00e8s 2016. Aujourd\u2019hui, les \u00e9coles Maarif fonctionnent dans de nombreux pays et dispensent une excellente \u00e9ducation dans le monde entier.<\/p>\n<p>La nature et la port\u00e9e de la lutte de la T\u00fcrkiye contre FETO ne diff\u00e8rent pas de celles exerc\u00e9es par d\u2019autres pays contre des organisations qui avaient terroris\u00e9 des fonctionnaires et des civils, et mis en danger les valeurs d\u00e9mocratiques, les droits fondamentaux et les libert\u00e9s. La T\u00fcrkiye fait ce que les pays respectifs ont fait dans le pass\u00e9 dans le cadre de leur lutte contre le terrorisme. Toutes les proc\u00e9dures sont conformes \u00e0 la loi.<\/p>\n<p>Le terrorisme n\u2019a pas de nationalit\u00e9, ni d\u2019ethnicit\u00e9 ni de religion. Cette menace met en p\u00e9ril l\u2019humanit\u00e9. Par cons\u00e9quent, la r\u00e9ponse \u00e0 cette menace doit \u00eatre unie et r\u00e9solue. Aucun \u00c9tat n\u2019a le luxe de diff\u00e9rencier les terroristes et aucune organisation terroriste ne peut \u00eatre class\u00e9e comme \u00ab\u00a0utile\u00a0\u00bb selon les pr\u00e9f\u00e9rences. FETO est responsable de centaines de morts ainsi que d\u2019autres crimes graves commis \u00e0 l\u2019encontre du peuple turc. Six ans apr\u00e8s le 15 juillet 2016, la T\u00fcrkiye poursuit sa lutte r\u00e9solue contre FETO, tout comme elle poursuit sa lutte contre d\u2019autres organisations terroristes telles que le PKK, le PYD\/YPG, le DHKP-C et DAECH.<\/p>\n<p>Nous attendons de la communaut\u00e9 internationale qu\u2019elle soit solidaire avec la T\u00fcrkiye dans sa lutte contre le terrorisme.<\/p>\n","protected":false},"excerpt":{"rendered":"<p>Dans la nuit du 15 juillet 2016, l&#8217;\u00a0\u00bbOrganisation terroriste Fethullahiste\u00a0\u00bb (FETO) a men\u00e9 une tentative de coup d\u2019\u00c9tat sanglant contre le peuple et le gouvernement de mon pays. Leur objectif \u00e9tait d\u2019\u00e9tablir un r\u00e9gime radical et fondamentaliste, uniquement fid\u00e8le \u00e0 leur dirigeant Fetullah G\u00fclen. Alors que des unit\u00e9s de l\u2019arm\u00e9e affili\u00e9es \u00e0 FETO quittaient leurs&#8230;..<\/p>\n","protected":false},"author":3,"featured_media":264,"comment_status":"open","ping_status":"open","sticky":false,"template":"","format":"standard","meta":{"footnotes":""},"categories":[59],"tags":[],"class_list":["post-263","post","type-post","status-publish","format-standard","has-post-thumbnail","hentry","category-opinion"],"yoast_head":"<!-- This site is optimized with the Yoast SEO plugin v27.5 - https:\/\/yoast.com\/product\/yoast-seo-wordpress\/ -->\n<title>Tribune libre : \u00ab Le terrorisme n\u2019a pas de nationalit\u00e9, ni d\u2019ethnicit\u00e9, ni de religion ; FETO menace l\u2019humanit\u00e9 toute enti\u00e8re. \u00bb - Le Quotidien de Nouakchott<\/title>\n<meta name=\"robots\" content=\"index, follow, max-snippet:-1, max-image-preview:large, max-video-preview:-1\" \/>\n<link rel=\"canonical\" href=\"https:\/\/lequotidien.mr\/?p=263&lang=fr\" \/>\n<meta property=\"og:locale\" content=\"ar_AR\" \/>\n<meta property=\"og:type\" content=\"article\" \/>\n<meta property=\"og:title\" content=\"Tribune libre : \u00ab Le terrorisme n\u2019a pas de nationalit\u00e9, ni d\u2019ethnicit\u00e9, ni de religion ; FETO menace l\u2019humanit\u00e9 toute enti\u00e8re. \u00bb - Le Quotidien de Nouakchott\" \/>\n<meta property=\"og:description\" content=\"Dans la nuit du 15 juillet 2016, l&#8217;\u00a0\u00bbOrganisation terroriste Fethullahiste\u00a0\u00bb (FETO) a men\u00e9 une tentative de coup d\u2019\u00c9tat sanglant contre le peuple et le gouvernement de mon pays. Leur objectif \u00e9tait d\u2019\u00e9tablir un r\u00e9gime radical et fondamentaliste, uniquement fid\u00e8le \u00e0 leur dirigeant Fetullah G\u00fclen. Alors que des unit\u00e9s de l\u2019arm\u00e9e affili\u00e9es \u00e0 FETO quittaient leurs.....\" \/>\n<meta property=\"og:url\" content=\"https:\/\/lequotidien.mr\/?p=263&amp;lang=fr\" \/>\n<meta property=\"og:site_name\" content=\"Le Quotidien de Nouakchott\" \/>\n<meta property=\"article:publisher\" content=\"https:\/\/web.facebook.com\/lequotidienmr\" \/>\n<meta property=\"article:author\" content=\"https:\/\/web.facebook.com\/a.mleiwih\" \/>\n<meta property=\"article:published_time\" content=\"2022-11-11T22:09:25+00:00\" \/>\n<meta property=\"og:image\" content=\"https:\/\/lequotidien.mr\/wp-content\/uploads\/2022\/11\/11-9.png\" \/>\n\t<meta property=\"og:image:width\" content=\"783\" \/>\n\t<meta property=\"og:image:height\" content=\"476\" \/>\n\t<meta property=\"og:image:type\" content=\"image\/png\" \/>\n<meta name=\"author\" content=\"Alioun M&#039;leiwih\" \/>\n<meta name=\"twitter:card\" content=\"summary_large_image\" \/>\n<meta name=\"twitter:creator\" content=\"@lequotidienmr\" \/>\n<meta name=\"twitter:site\" content=\"@lequotidienmr\" \/>\n<meta name=\"twitter:label1\" content=\"\u0643\u064f\u062a\u0628 \u0628\u0648\u0627\u0633\u0637\u0629\" \/>\n\t<meta name=\"twitter:data1\" content=\"Alioun M&#039;leiwih\" \/>\n\t<meta name=\"twitter:label2\" content=\"\u0648\u0642\u062a \u0627\u0644\u0642\u0631\u0627\u0621\u0629 \u0627\u0644\u0645\u064f\u0642\u062f\u0651\u0631\" \/>\n\t<meta name=\"twitter:data2\" content=\"5 \u062f\u0642\u0627\u0626\u0642\" \/>\n<script type=\"application\/ld+json\" class=\"yoast-schema-graph\">{\"@context\":\"https:\\\/\\\/schema.org\",\"@graph\":[{\"@type\":\"Article\",\"@id\":\"https:\\\/\\\/lequotidien.mr\\\/?p=263&lang=fr#article\",\"isPartOf\":{\"@id\":\"https:\\\/\\\/lequotidien.mr\\\/?p=263&lang=fr\"},\"author\":{\"name\":\"Alioun M'leiwih\",\"@id\":\"https:\\\/\\\/lequotidien.mr\\\/#\\\/schema\\\/person\\\/69d1518c74c9137087929a20b1272cb0\"},\"headline\":\"Tribune libre : \u00ab Le terrorisme n\u2019a pas de nationalit\u00e9, ni d\u2019ethnicit\u00e9, ni de religion ; FETO menace l\u2019humanit\u00e9 toute enti\u00e8re. \u00bb\",\"datePublished\":\"2022-11-11T22:09:25+00:00\",\"mainEntityOfPage\":{\"@id\":\"https:\\\/\\\/lequotidien.mr\\\/?p=263&lang=fr\"},\"wordCount\":976,\"commentCount\":0,\"publisher\":{\"@id\":\"https:\\\/\\\/lequotidien.mr\\\/#organization\"},\"image\":{\"@id\":\"https:\\\/\\\/lequotidien.mr\\\/?p=263&lang=fr#primaryimage\"},\"thumbnailUrl\":\"https:\\\/\\\/lequotidien.mr\\\/wp-content\\\/uploads\\\/2022\\\/11\\\/11-9.png\",\"articleSection\":[\"Opinion\"],\"inLanguage\":\"ar\",\"potentialAction\":[{\"@type\":\"CommentAction\",\"name\":\"Comment\",\"target\":[\"https:\\\/\\\/lequotidien.mr\\\/?p=263&lang=fr#respond\"]}]},{\"@type\":\"WebPage\",\"@id\":\"https:\\\/\\\/lequotidien.mr\\\/?p=263&lang=fr\",\"url\":\"https:\\\/\\\/lequotidien.mr\\\/?p=263&lang=fr\",\"name\":\"Tribune libre : \u00ab Le terrorisme n\u2019a pas de nationalit\u00e9, ni d\u2019ethnicit\u00e9, ni de religion ; FETO menace l\u2019humanit\u00e9 toute enti\u00e8re. \u00bb - Le Quotidien de Nouakchott\",\"isPartOf\":{\"@id\":\"https:\\\/\\\/lequotidien.mr\\\/#website\"},\"primaryImageOfPage\":{\"@id\":\"https:\\\/\\\/lequotidien.mr\\\/?p=263&lang=fr#primaryimage\"},\"image\":{\"@id\":\"https:\\\/\\\/lequotidien.mr\\\/?p=263&lang=fr#primaryimage\"},\"thumbnailUrl\":\"https:\\\/\\\/lequotidien.mr\\\/wp-content\\\/uploads\\\/2022\\\/11\\\/11-9.png\",\"datePublished\":\"2022-11-11T22:09:25+00:00\",\"breadcrumb\":{\"@id\":\"https:\\\/\\\/lequotidien.mr\\\/?p=263&lang=fr#breadcrumb\"},\"inLanguage\":\"ar\",\"potentialAction\":[{\"@type\":\"ReadAction\",\"target\":[\"https:\\\/\\\/lequotidien.mr\\\/?p=263&lang=fr\"]}]},{\"@type\":\"ImageObject\",\"inLanguage\":\"ar\",\"@id\":\"https:\\\/\\\/lequotidien.mr\\\/?p=263&lang=fr#primaryimage\",\"url\":\"https:\\\/\\\/lequotidien.mr\\\/wp-content\\\/uploads\\\/2022\\\/11\\\/11-9.png\",\"contentUrl\":\"https:\\\/\\\/lequotidien.mr\\\/wp-content\\\/uploads\\\/2022\\\/11\\\/11-9.png\",\"width\":783,\"height\":476},{\"@type\":\"BreadcrumbList\",\"@id\":\"https:\\\/\\\/lequotidien.mr\\\/?p=263&lang=fr#breadcrumb\",\"itemListElement\":[{\"@type\":\"ListItem\",\"position\":1,\"name\":\"Home\",\"item\":\"https:\\\/\\\/lequotidien.mr\\\/\"},{\"@type\":\"ListItem\",\"position\":2,\"name\":\"Tribune libre : \u00ab Le terrorisme n\u2019a pas de nationalit\u00e9, ni d\u2019ethnicit\u00e9, ni de religion ; FETO menace l\u2019humanit\u00e9 toute enti\u00e8re. \u00bb\"}]},{\"@type\":\"WebSite\",\"@id\":\"https:\\\/\\\/lequotidien.mr\\\/#website\",\"url\":\"https:\\\/\\\/lequotidien.mr\\\/\",\"name\":\"Le Quotidien de Nouakchott\",\"description\":\"\u0625\u062e\u0628\u0627\u0631\u064a\u0629 \u0645\u0633\u062a\u0642\u0644\u0629 \u0644\u0644\u0623\u0646\u0628\u0627\u0621 \u0627\u0644\u0639\u0627\u0645\u0629\",\"publisher\":{\"@id\":\"https:\\\/\\\/lequotidien.mr\\\/#organization\"},\"potentialAction\":[{\"@type\":\"SearchAction\",\"target\":{\"@type\":\"EntryPoint\",\"urlTemplate\":\"https:\\\/\\\/lequotidien.mr\\\/?s={search_term_string}\"},\"query-input\":{\"@type\":\"PropertyValueSpecification\",\"valueRequired\":true,\"valueName\":\"search_term_string\"}}],\"inLanguage\":\"ar\"},{\"@type\":\"Organization\",\"@id\":\"https:\\\/\\\/lequotidien.mr\\\/#organization\",\"name\":\"Le Quotidien de Nouakchott\",\"url\":\"https:\\\/\\\/lequotidien.mr\\\/\",\"logo\":{\"@type\":\"ImageObject\",\"inLanguage\":\"ar\",\"@id\":\"https:\\\/\\\/lequotidien.mr\\\/#\\\/schema\\\/logo\\\/image\\\/\",\"url\":\"https:\\\/\\\/lequotidien.mr\\\/wp-content\\\/uploads\\\/2022\\\/11\\\/logolequotidien.jpg\",\"contentUrl\":\"https:\\\/\\\/lequotidien.mr\\\/wp-content\\\/uploads\\\/2022\\\/11\\\/logolequotidien.jpg\",\"width\":290,\"height\":65,\"caption\":\"Le Quotidien de Nouakchott\"},\"image\":{\"@id\":\"https:\\\/\\\/lequotidien.mr\\\/#\\\/schema\\\/logo\\\/image\\\/\"},\"sameAs\":[\"https:\\\/\\\/web.facebook.com\\\/lequotidienmr\",\"https:\\\/\\\/x.com\\\/lequotidienmr\"]},{\"@type\":\"Person\",\"@id\":\"https:\\\/\\\/lequotidien.mr\\\/#\\\/schema\\\/person\\\/69d1518c74c9137087929a20b1272cb0\",\"name\":\"Alioun M'leiwih\",\"image\":{\"@type\":\"ImageObject\",\"inLanguage\":\"ar\",\"@id\":\"https:\\\/\\\/secure.gravatar.com\\\/avatar\\\/01f9d357222d7d4ca8f71662f4b081718f06d25b11fc45662ecca0622d507e51?s=96&d=mm&r=g\",\"url\":\"https:\\\/\\\/secure.gravatar.com\\\/avatar\\\/01f9d357222d7d4ca8f71662f4b081718f06d25b11fc45662ecca0622d507e51?s=96&d=mm&r=g\",\"contentUrl\":\"https:\\\/\\\/secure.gravatar.com\\\/avatar\\\/01f9d357222d7d4ca8f71662f4b081718f06d25b11fc45662ecca0622d507e51?s=96&d=mm&r=g\",\"caption\":\"Alioun M'leiwih\"},\"sameAs\":[\"https:\\\/\\\/lequotidien.mr\\\/\",\"https:\\\/\\\/web.facebook.com\\\/a.mleiwih\",\"https:\\\/\\\/www.linkedin.com\\\/in\\\/alimlewih\\\/\"],\"url\":\"https:\\\/\\\/lequotidien.mr\\\/?author=3\"}]}<\/script>\n<!-- \/ Yoast SEO plugin. -->","yoast_head_json":{"title":"Tribune libre : \u00ab Le terrorisme n\u2019a pas de nationalit\u00e9, ni d\u2019ethnicit\u00e9, ni de religion ; FETO menace l\u2019humanit\u00e9 toute enti\u00e8re. \u00bb - Le Quotidien de Nouakchott","robots":{"index":"index","follow":"follow","max-snippet":"max-snippet:-1","max-image-preview":"max-image-preview:large","max-video-preview":"max-video-preview:-1"},"canonical":"https:\/\/lequotidien.mr\/?p=263&lang=fr","og_locale":"ar_AR","og_type":"article","og_title":"Tribune libre : \u00ab Le terrorisme n\u2019a pas de nationalit\u00e9, ni d\u2019ethnicit\u00e9, ni de religion ; FETO menace l\u2019humanit\u00e9 toute enti\u00e8re. \u00bb - Le Quotidien de Nouakchott","og_description":"Dans la nuit du 15 juillet 2016, l&#8217;\u00a0\u00bbOrganisation terroriste Fethullahiste\u00a0\u00bb (FETO) a men\u00e9 une tentative de coup d\u2019\u00c9tat sanglant contre le peuple et le gouvernement de mon pays. Leur objectif \u00e9tait d\u2019\u00e9tablir un r\u00e9gime radical et fondamentaliste, uniquement fid\u00e8le \u00e0 leur dirigeant Fetullah G\u00fclen. Alors que des unit\u00e9s de l\u2019arm\u00e9e affili\u00e9es \u00e0 FETO quittaient leurs.....","og_url":"https:\/\/lequotidien.mr\/?p=263&lang=fr","og_site_name":"Le Quotidien de Nouakchott","article_publisher":"https:\/\/web.facebook.com\/lequotidienmr","article_author":"https:\/\/web.facebook.com\/a.mleiwih","article_published_time":"2022-11-11T22:09:25+00:00","og_image":[{"width":783,"height":476,"url":"https:\/\/lequotidien.mr\/wp-content\/uploads\/2022\/11\/11-9.png","type":"image\/png"}],"author":"Alioun M'leiwih","twitter_card":"summary_large_image","twitter_creator":"@lequotidienmr","twitter_site":"@lequotidienmr","twitter_misc":{"\u0643\u064f\u062a\u0628 \u0628\u0648\u0627\u0633\u0637\u0629":"Alioun M'leiwih","\u0648\u0642\u062a \u0627\u0644\u0642\u0631\u0627\u0621\u0629 \u0627\u0644\u0645\u064f\u0642\u062f\u0651\u0631":"5 \u062f\u0642\u0627\u0626\u0642"},"schema":{"@context":"https:\/\/schema.org","@graph":[{"@type":"Article","@id":"https:\/\/lequotidien.mr\/?p=263&lang=fr#article","isPartOf":{"@id":"https:\/\/lequotidien.mr\/?p=263&lang=fr"},"author":{"name":"Alioun M'leiwih","@id":"https:\/\/lequotidien.mr\/#\/schema\/person\/69d1518c74c9137087929a20b1272cb0"},"headline":"Tribune libre : \u00ab Le terrorisme n\u2019a pas de nationalit\u00e9, ni d\u2019ethnicit\u00e9, ni de religion ; FETO menace l\u2019humanit\u00e9 toute enti\u00e8re. \u00bb","datePublished":"2022-11-11T22:09:25+00:00","mainEntityOfPage":{"@id":"https:\/\/lequotidien.mr\/?p=263&lang=fr"},"wordCount":976,"commentCount":0,"publisher":{"@id":"https:\/\/lequotidien.mr\/#organization"},"image":{"@id":"https:\/\/lequotidien.mr\/?p=263&lang=fr#primaryimage"},"thumbnailUrl":"https:\/\/lequotidien.mr\/wp-content\/uploads\/2022\/11\/11-9.png","articleSection":["Opinion"],"inLanguage":"ar","potentialAction":[{"@type":"CommentAction","name":"Comment","target":["https:\/\/lequotidien.mr\/?p=263&lang=fr#respond"]}]},{"@type":"WebPage","@id":"https:\/\/lequotidien.mr\/?p=263&lang=fr","url":"https:\/\/lequotidien.mr\/?p=263&lang=fr","name":"Tribune libre : \u00ab Le terrorisme n\u2019a pas de nationalit\u00e9, ni d\u2019ethnicit\u00e9, ni de religion ; FETO menace l\u2019humanit\u00e9 toute enti\u00e8re. \u00bb - Le Quotidien de Nouakchott","isPartOf":{"@id":"https:\/\/lequotidien.mr\/#website"},"primaryImageOfPage":{"@id":"https:\/\/lequotidien.mr\/?p=263&lang=fr#primaryimage"},"image":{"@id":"https:\/\/lequotidien.mr\/?p=263&lang=fr#primaryimage"},"thumbnailUrl":"https:\/\/lequotidien.mr\/wp-content\/uploads\/2022\/11\/11-9.png","datePublished":"2022-11-11T22:09:25+00:00","breadcrumb":{"@id":"https:\/\/lequotidien.mr\/?p=263&lang=fr#breadcrumb"},"inLanguage":"ar","potentialAction":[{"@type":"ReadAction","target":["https:\/\/lequotidien.mr\/?p=263&lang=fr"]}]},{"@type":"ImageObject","inLanguage":"ar","@id":"https:\/\/lequotidien.mr\/?p=263&lang=fr#primaryimage","url":"https:\/\/lequotidien.mr\/wp-content\/uploads\/2022\/11\/11-9.png","contentUrl":"https:\/\/lequotidien.mr\/wp-content\/uploads\/2022\/11\/11-9.png","width":783,"height":476},{"@type":"BreadcrumbList","@id":"https:\/\/lequotidien.mr\/?p=263&lang=fr#breadcrumb","itemListElement":[{"@type":"ListItem","position":1,"name":"Home","item":"https:\/\/lequotidien.mr\/"},{"@type":"ListItem","position":2,"name":"Tribune libre : \u00ab Le terrorisme n\u2019a pas de nationalit\u00e9, ni d\u2019ethnicit\u00e9, ni de religion ; FETO menace l\u2019humanit\u00e9 toute enti\u00e8re. \u00bb"}]},{"@type":"WebSite","@id":"https:\/\/lequotidien.mr\/#website","url":"https:\/\/lequotidien.mr\/","name":"Le Quotidien de Nouakchott","description":"\u0625\u062e\u0628\u0627\u0631\u064a\u0629 \u0645\u0633\u062a\u0642\u0644\u0629 \u0644\u0644\u0623\u0646\u0628\u0627\u0621 \u0627\u0644\u0639\u0627\u0645\u0629","publisher":{"@id":"https:\/\/lequotidien.mr\/#organization"},"potentialAction":[{"@type":"SearchAction","target":{"@type":"EntryPoint","urlTemplate":"https:\/\/lequotidien.mr\/?s={search_term_string}"},"query-input":{"@type":"PropertyValueSpecification","valueRequired":true,"valueName":"search_term_string"}}],"inLanguage":"ar"},{"@type":"Organization","@id":"https:\/\/lequotidien.mr\/#organization","name":"Le Quotidien de Nouakchott","url":"https:\/\/lequotidien.mr\/","logo":{"@type":"ImageObject","inLanguage":"ar","@id":"https:\/\/lequotidien.mr\/#\/schema\/logo\/image\/","url":"https:\/\/lequotidien.mr\/wp-content\/uploads\/2022\/11\/logolequotidien.jpg","contentUrl":"https:\/\/lequotidien.mr\/wp-content\/uploads\/2022\/11\/logolequotidien.jpg","width":290,"height":65,"caption":"Le Quotidien de Nouakchott"},"image":{"@id":"https:\/\/lequotidien.mr\/#\/schema\/logo\/image\/"},"sameAs":["https:\/\/web.facebook.com\/lequotidienmr","https:\/\/x.com\/lequotidienmr"]},{"@type":"Person","@id":"https:\/\/lequotidien.mr\/#\/schema\/person\/69d1518c74c9137087929a20b1272cb0","name":"Alioun M'leiwih","image":{"@type":"ImageObject","inLanguage":"ar","@id":"https:\/\/secure.gravatar.com\/avatar\/01f9d357222d7d4ca8f71662f4b081718f06d25b11fc45662ecca0622d507e51?s=96&d=mm&r=g","url":"https:\/\/secure.gravatar.com\/avatar\/01f9d357222d7d4ca8f71662f4b081718f06d25b11fc45662ecca0622d507e51?s=96&d=mm&r=g","contentUrl":"https:\/\/secure.gravatar.com\/avatar\/01f9d357222d7d4ca8f71662f4b081718f06d25b11fc45662ecca0622d507e51?s=96&d=mm&r=g","caption":"Alioun M'leiwih"},"sameAs":["https:\/\/lequotidien.mr\/","https:\/\/web.facebook.com\/a.mleiwih","https:\/\/www.linkedin.com\/in\/alimlewih\/"],"url":"https:\/\/lequotidien.mr\/?author=3"}]}},"_links":{"self":[{"href":"https:\/\/lequotidien.mr\/index.php?rest_route=\/wp\/v2\/posts\/263","targetHints":{"allow":["GET"]}}],"collection":[{"href":"https:\/\/lequotidien.mr\/index.php?rest_route=\/wp\/v2\/posts"}],"about":[{"href":"https:\/\/lequotidien.mr\/index.php?rest_route=\/wp\/v2\/types\/post"}],"author":[{"embeddable":true,"href":"https:\/\/lequotidien.mr\/index.php?rest_route=\/wp\/v2\/users\/3"}],"replies":[{"embeddable":true,"href":"https:\/\/lequotidien.mr\/index.php?rest_route=%2Fwp%2Fv2%2Fcomments&post=263"}],"version-history":[{"count":1,"href":"https:\/\/lequotidien.mr\/index.php?rest_route=\/wp\/v2\/posts\/263\/revisions"}],"predecessor-version":[{"id":265,"href":"https:\/\/lequotidien.mr\/index.php?rest_route=\/wp\/v2\/posts\/263\/revisions\/265"}],"wp:featuredmedia":[{"embeddable":true,"href":"https:\/\/lequotidien.mr\/index.php?rest_route=\/wp\/v2\/media\/264"}],"wp:attachment":[{"href":"https:\/\/lequotidien.mr\/index.php?rest_route=%2Fwp%2Fv2%2Fmedia&parent=263"}],"wp:term":[{"taxonomy":"category","embeddable":true,"href":"https:\/\/lequotidien.mr\/index.php?rest_route=%2Fwp%2Fv2%2Fcategories&post=263"},{"taxonomy":"post_tag","embeddable":true,"href":"https:\/\/lequotidien.mr\/index.php?rest_route=%2Fwp%2Fv2%2Ftags&post=263"}],"curies":[{"name":"wp","href":"https:\/\/api.w.org\/{rel}","templated":true}]}}