{"id":26297,"date":"2025-03-21T11:44:28","date_gmt":"2025-03-21T11:44:28","guid":{"rendered":"https:\/\/lequotidien.mr\/?p=26297"},"modified":"2025-03-21T11:44:28","modified_gmt":"2025-03-21T11:44:28","slug":"le-president-el-ghazouani-partage-liftar-avec-des-etudiants-symbole-fort-de-soutien-a-la-jeunesse-et-a-leducation","status":"publish","type":"post","link":"https:\/\/lequotidien.mr\/?p=26297&lang=fr","title":{"rendered":"Le Pr\u00e9sident El Ghazouani partage l\u2019Iftar avec des \u00e9tudiants : Symbole fort de soutien \u00e0 la jeunesse et \u00e0 l\u2019\u00e9ducation"},"content":{"rendered":"<p>En cette p\u00e9riode sacr\u00e9e du Ramadan, le Pr\u00e9sident de la R\u00e9publique, Mohamed Cheikh El Ghazouani, a renforc\u00e9 les liens avec la jeunesse estudiantine en partageant un Iftar solennel sur le campus universitaire de Nouakchott. Cet \u00e9v\u00e9nement, marqu\u00e9 par une ambiance chaleureuse et fraternelle, a permis au chef de l\u2019\u00c9tat d\u2019\u00e9changer directement avec les \u00e9tudiants, d\u2019\u00e9couter leurs aspirations et de r\u00e9affirmer son engagement en faveur d\u2019un enseignement sup\u00e9rieur accessible et performant.<\/p>\n<p><strong>Un moment de communion et d\u2019encouragement<\/strong><\/p>\n<p>Entour\u00e9 de la Premi\u00e8re Dame, Dr Mari\u00e8me Fadel Dah, du ministre de l\u2019Enseignement Sup\u00e9rieur et de la Recherche Scientifique, M. Yacoub Moine, ainsi que de plusieurs responsables acad\u00e9miques et \u00e9tudiants, le Pr\u00e9sident a transform\u00e9 ce repas de rupture du je\u00fbne en une tribune d\u2019\u00e9changes. \u00ab Partager ce moment avec vous, c\u2019est rappeler que vous \u00eates l\u2019avenir de notre nation. Vos succ\u00e8s acad\u00e9miques sont les piliers de notre d\u00e9veloppement \u00bb, a-t-il d\u00e9clar\u00e9, soulignant l\u2019importance d\u2019une jeunesse \u00e9duqu\u00e9e et innovante pour la Mauritanie.<\/p>\n<p><strong>Un bilan \u00e9loquent pour l\u2019enseignement sup\u00e9rieur<\/strong><\/p>\n<p>Cette rencontre intervient dans un contexte de transformations majeures impuls\u00e9es par le gouvernement. Depuis 2019, le secteur de l\u2019enseignement sup\u00e9rieur a connu un bond historique :<\/p>\n<p><strong>-Augmentation des bourses<\/strong>\u00a0: Le nombre de bourses est pass\u00e9 de 5 886 en 2019 \u00e0 15 804 en 2025\u00a0;<\/p>\n<p><strong>-Infrastructures<\/strong>\u00a0: Une r\u00e9sidence universitaire de 4 000 lits \u00e0 Nouakchott, un nouveau campus accueillant 11 000 \u00e9tudiants, et un restaurant universitaire de 2 000 places sont op\u00e9rationnels\u00a0;<\/p>\n<p><strong>-Couverture sociale<\/strong>\u00a0: Distribution de cartes d\u2019assurance maladie gratuites et de cartes de transport pour les \u00e9tudiants issus de familles vuln\u00e9rables\u00a0;<\/p>\n<p><strong>-Budget en hausse<\/strong>\u00a0: Le budget allou\u00e9 au secteur a plus que doubl\u00e9, passant de 992 millions \u00e0 plus de 2 milliards d\u2019ouguiyas nouvelles entre 2019 et 2024.<\/p>\n<p>Le Pr\u00e9sident a \u00e9galement mis en avant la\u00a0<strong>diversification des fili\u00e8res<\/strong>, avec l\u2019Institut Sup\u00e9rieur de l\u2019Enseignement Technologique (ISET) proposant d\u00e9sormais 61 disciplines, et la cr\u00e9ation d\u2019\u00e9coles sp\u00e9cialis\u00e9es dans l\u2019\u00e9nergie, les statistiques, la num\u00e9risation et le commerce. \u00ab Nous avons recrut\u00e9 319 professeurs et assistants m\u00e9dicaux, am\u00e9lior\u00e9 les salaires du corps enseignant et multipli\u00e9 par trois les inscriptions en doctorat \u00bb, a-t-il ajout\u00e9.<\/p>\n<p><strong>Des projets ambitieux pour l\u2019avenir<\/strong><\/p>\n<p>Le chef de l\u2019\u00c9tat a d\u00e9voil\u00e9 une feuille de route ambitieuse, incluant :<\/p>\n<p>-La cr\u00e9ation de <strong>nouvelles institutions<\/strong> : une \u00c9cole Sup\u00e9rieure de M\u00e9decine V\u00e9t\u00e9rinaire \u00e0 N\u00e9ma, une \u00c9cole des Sciences Agronomiques \u00e0 Ka\u00e9di, une Facult\u00e9 des Sciences Appliqu\u00e9es \u00e0 Nouakchott, et l\u2019Universit\u00e9 du Nord \u00e0 Nouadhibou\u00a0;<\/p>\n<p>-Un <strong>h\u00f4pital universitaire<\/strong> et un <strong>centre de p\u00e9dagogie<\/strong> d\u00e9di\u00e9 \u00e0 la formation num\u00e9rique des enseignants\u00a0;<\/p>\n<p>-Le <strong>renforcement de la recherche scientifique<\/strong> via l\u2019Agence Nationale pour la Recherche et un Fonds dot\u00e9 de 500 millions d\u2019anciennes ouguiyas.<\/p>\n<p><strong>Une vision strat\u00e9gique pour la jeunesse<\/strong><\/p>\n<p>\u00ab Ces r\u00e9alisations ne sont que le d\u00e9but \u00bb, a insist\u00e9 le Pr\u00e9sident, rappelant que des strat\u00e9gies nationales pour l\u2019enseignement sup\u00e9rieur et la recherche scientifique guident d\u00e9sormais les actions de l\u2019\u00c9tat. \u00ab Notre objectif est de former une g\u00e9n\u00e9ration capable de porter les d\u00e9fis \u00e9conomiques, technologiques et environnementaux de demain. \u00bb<\/p>\n<p>Les \u00e9tudiants pr\u00e9sents ont salu\u00e9 cette proximit\u00e9 inhabituelle. \u00ab Ce dialogue direct avec le Pr\u00e9sident nous motive \u00e0 pers\u00e9v\u00e9rer. Savoir que l\u2019\u00c9tat investit autant dans notre \u00e9ducation, c\u2019est un message d\u2019espoir \u00bb, a confi\u00e9 A\u00efcha, \u00e9tudiante en g\u00e9nie civil.<\/p>\n<p>En cl\u00f4turant la c\u00e9r\u00e9monie, le ministre Yacoub Moine a soulign\u00e9 la port\u00e9e symbolique de cet Iftar : \u00ab Ce repas partag\u00e9 incarne les valeurs de solidarit\u00e9 et de partage du Ramadan. Il traduit aussi la volont\u00e9 du Pr\u00e9sident de placer la jeunesse au c\u0153ur de sa vision pour une Mauritanie prosp\u00e8re. \u00bb<\/p>\n<p>Par ce geste, Mohamed Cheikh El Ghazouani r\u00e9affirme que l\u2019\u00e9ducation n\u2019est pas seulement une priorit\u00e9 politique, mais un h\u00e9ritage \u00e0 construire, main dans la main avec celles et ceux qui incarneront le Mauritanie de demain.<\/p>\n<p>&nbsp;<\/p>\n<p>&nbsp;<\/p>\n","protected":false},"excerpt":{"rendered":"<p>En cette p\u00e9riode sacr\u00e9e du Ramadan, le Pr\u00e9sident de la R\u00e9publique, Mohamed Cheikh El Ghazouani, a renforc\u00e9 les liens avec la jeunesse estudiantine en partageant un Iftar solennel sur le campus universitaire de Nouakchott. Cet \u00e9v\u00e9nement, marqu\u00e9 par une ambiance chaleureuse et fraternelle, a permis au chef de l\u2019\u00c9tat d\u2019\u00e9changer directement avec les \u00e9tudiants, d\u2019\u00e9couter&#8230;..<\/p>\n","protected":false},"author":12,"featured_media":26298,"comment_status":"open","ping_status":"open","sticky":false,"template":"","format":"standard","meta":{"footnotes":""},"categories":[23,55],"tags":[],"class_list":["post-26297","post","type-post","status-publish","format-standard","has-post-thumbnail","hentry","category-actualite","category-culture"],"yoast_head":"<!-- This site is optimized with the Yoast SEO plugin v27.5 - https:\/\/yoast.com\/product\/yoast-seo-wordpress\/ -->\n<title>Le Pr\u00e9sident El Ghazouani partage l\u2019Iftar avec des \u00e9tudiants : Symbole fort de soutien \u00e0 la jeunesse et \u00e0 l\u2019\u00e9ducation - Le Quotidien de Nouakchott<\/title>\n<meta name=\"robots\" content=\"index, follow, max-snippet:-1, max-image-preview:large, max-video-preview:-1\" \/>\n<link rel=\"canonical\" href=\"https:\/\/lequotidien.mr\/?p=26297&lang=fr\" \/>\n<meta property=\"og:locale\" content=\"ar_AR\" \/>\n<meta property=\"og:type\" content=\"article\" \/>\n<meta property=\"og:title\" content=\"Le Pr\u00e9sident El Ghazouani partage l\u2019Iftar avec des \u00e9tudiants : Symbole fort de soutien \u00e0 la jeunesse et \u00e0 l\u2019\u00e9ducation - Le Quotidien de Nouakchott\" \/>\n<meta property=\"og:description\" content=\"En cette p\u00e9riode sacr\u00e9e du Ramadan, le Pr\u00e9sident de la R\u00e9publique, Mohamed Cheikh El Ghazouani, a renforc\u00e9 les liens avec la jeunesse estudiantine en partageant un Iftar solennel sur le campus universitaire de Nouakchott. Cet \u00e9v\u00e9nement, marqu\u00e9 par une ambiance chaleureuse et fraternelle, a permis au chef de l\u2019\u00c9tat d\u2019\u00e9changer directement avec les \u00e9tudiants, d\u2019\u00e9couter.....\" \/>\n<meta property=\"og:url\" content=\"https:\/\/lequotidien.mr\/?p=26297&amp;lang=fr\" \/>\n<meta property=\"og:site_name\" content=\"Le Quotidien de Nouakchott\" \/>\n<meta property=\"article:publisher\" content=\"https:\/\/web.facebook.com\/lequotidienmr\" \/>\n<meta property=\"article:published_time\" content=\"2025-03-21T11:44:28+00:00\" \/>\n<meta property=\"og:image\" content=\"https:\/\/lequotidien.mr\/wp-content\/uploads\/2025\/03\/photo-Pdt-Iftar-etudiants-_-2.jpg\" \/>\n\t<meta property=\"og:image:width\" content=\"750\" \/>\n\t<meta property=\"og:image:height\" content=\"430\" \/>\n\t<meta property=\"og:image:type\" content=\"image\/jpeg\" \/>\n<meta name=\"author\" content=\"Med Ahmed\" \/>\n<meta name=\"twitter:card\" content=\"summary_large_image\" \/>\n<meta name=\"twitter:creator\" content=\"@lequotidienmr\" \/>\n<meta name=\"twitter:site\" content=\"@lequotidienmr\" \/>\n<meta name=\"twitter:label1\" content=\"\u0643\u064f\u062a\u0628 \u0628\u0648\u0627\u0633\u0637\u0629\" \/>\n\t<meta name=\"twitter:data1\" content=\"Med Ahmed\" \/>\n\t<meta name=\"twitter:label2\" content=\"\u0648\u0642\u062a \u0627\u0644\u0642\u0631\u0627\u0621\u0629 \u0627\u0644\u0645\u064f\u0642\u062f\u0651\u0631\" \/>\n\t<meta name=\"twitter:data2\" content=\"3 \u062f\u0642\u0627\u0626\u0642\" \/>\n<script type=\"application\/ld+json\" class=\"yoast-schema-graph\">{\"@context\":\"https:\\\/\\\/schema.org\",\"@graph\":[{\"@type\":\"Article\",\"@id\":\"https:\\\/\\\/lequotidien.mr\\\/?p=26297&lang=fr#article\",\"isPartOf\":{\"@id\":\"https:\\\/\\\/lequotidien.mr\\\/?p=26297&lang=fr\"},\"author\":{\"name\":\"Med Ahmed\",\"@id\":\"https:\\\/\\\/lequotidien.mr\\\/#\\\/schema\\\/person\\\/d2d350202a4d599685ed8abc25f97596\"},\"headline\":\"Le Pr\u00e9sident El Ghazouani partage l\u2019Iftar avec des \u00e9tudiants : Symbole fort de soutien \u00e0 la jeunesse et \u00e0 l\u2019\u00e9ducation\",\"datePublished\":\"2025-03-21T11:44:28+00:00\",\"mainEntityOfPage\":{\"@id\":\"https:\\\/\\\/lequotidien.mr\\\/?p=26297&lang=fr\"},\"wordCount\":694,\"commentCount\":0,\"publisher\":{\"@id\":\"https:\\\/\\\/lequotidien.mr\\\/#organization\"},\"image\":{\"@id\":\"https:\\\/\\\/lequotidien.mr\\\/?p=26297&lang=fr#primaryimage\"},\"thumbnailUrl\":\"https:\\\/\\\/lequotidien.mr\\\/wp-content\\\/uploads\\\/2025\\\/03\\\/photo-Pdt-Iftar-etudiants-_-2.jpg\",\"articleSection\":[\"ACTUALIT\u00c9\",\"Culture\"],\"inLanguage\":\"ar\",\"potentialAction\":[{\"@type\":\"CommentAction\",\"name\":\"Comment\",\"target\":[\"https:\\\/\\\/lequotidien.mr\\\/?p=26297&lang=fr#respond\"]}]},{\"@type\":\"WebPage\",\"@id\":\"https:\\\/\\\/lequotidien.mr\\\/?p=26297&lang=fr\",\"url\":\"https:\\\/\\\/lequotidien.mr\\\/?p=26297&lang=fr\",\"name\":\"Le Pr\u00e9sident El Ghazouani partage l\u2019Iftar avec des \u00e9tudiants : Symbole fort de soutien \u00e0 la jeunesse et \u00e0 l\u2019\u00e9ducation - Le Quotidien de Nouakchott\",\"isPartOf\":{\"@id\":\"https:\\\/\\\/lequotidien.mr\\\/#website\"},\"primaryImageOfPage\":{\"@id\":\"https:\\\/\\\/lequotidien.mr\\\/?p=26297&lang=fr#primaryimage\"},\"image\":{\"@id\":\"https:\\\/\\\/lequotidien.mr\\\/?p=26297&lang=fr#primaryimage\"},\"thumbnailUrl\":\"https:\\\/\\\/lequotidien.mr\\\/wp-content\\\/uploads\\\/2025\\\/03\\\/photo-Pdt-Iftar-etudiants-_-2.jpg\",\"datePublished\":\"2025-03-21T11:44:28+00:00\",\"breadcrumb\":{\"@id\":\"https:\\\/\\\/lequotidien.mr\\\/?p=26297&lang=fr#breadcrumb\"},\"inLanguage\":\"ar\",\"potentialAction\":[{\"@type\":\"ReadAction\",\"target\":[\"https:\\\/\\\/lequotidien.mr\\\/?p=26297&lang=fr\"]}]},{\"@type\":\"ImageObject\",\"inLanguage\":\"ar\",\"@id\":\"https:\\\/\\\/lequotidien.mr\\\/?p=26297&lang=fr#primaryimage\",\"url\":\"https:\\\/\\\/lequotidien.mr\\\/wp-content\\\/uploads\\\/2025\\\/03\\\/photo-Pdt-Iftar-etudiants-_-2.jpg\",\"contentUrl\":\"https:\\\/\\\/lequotidien.mr\\\/wp-content\\\/uploads\\\/2025\\\/03\\\/photo-Pdt-Iftar-etudiants-_-2.jpg\",\"width\":750,\"height\":430},{\"@type\":\"BreadcrumbList\",\"@id\":\"https:\\\/\\\/lequotidien.mr\\\/?p=26297&lang=fr#breadcrumb\",\"itemListElement\":[{\"@type\":\"ListItem\",\"position\":1,\"name\":\"Home\",\"item\":\"https:\\\/\\\/lequotidien.mr\\\/\"},{\"@type\":\"ListItem\",\"position\":2,\"name\":\"Le Pr\u00e9sident El Ghazouani partage l\u2019Iftar avec des \u00e9tudiants : Symbole fort de soutien \u00e0 la jeunesse et \u00e0 l\u2019\u00e9ducation\"}]},{\"@type\":\"WebSite\",\"@id\":\"https:\\\/\\\/lequotidien.mr\\\/#website\",\"url\":\"https:\\\/\\\/lequotidien.mr\\\/\",\"name\":\"Le Quotidien de Nouakchott\",\"description\":\"\u0625\u062e\u0628\u0627\u0631\u064a\u0629 \u0645\u0633\u062a\u0642\u0644\u0629 \u0644\u0644\u0623\u0646\u0628\u0627\u0621 \u0627\u0644\u0639\u0627\u0645\u0629\",\"publisher\":{\"@id\":\"https:\\\/\\\/lequotidien.mr\\\/#organization\"},\"potentialAction\":[{\"@type\":\"SearchAction\",\"target\":{\"@type\":\"EntryPoint\",\"urlTemplate\":\"https:\\\/\\\/lequotidien.mr\\\/?s={search_term_string}\"},\"query-input\":{\"@type\":\"PropertyValueSpecification\",\"valueRequired\":true,\"valueName\":\"search_term_string\"}}],\"inLanguage\":\"ar\"},{\"@type\":\"Organization\",\"@id\":\"https:\\\/\\\/lequotidien.mr\\\/#organization\",\"name\":\"Le Quotidien de Nouakchott\",\"url\":\"https:\\\/\\\/lequotidien.mr\\\/\",\"logo\":{\"@type\":\"ImageObject\",\"inLanguage\":\"ar\",\"@id\":\"https:\\\/\\\/lequotidien.mr\\\/#\\\/schema\\\/logo\\\/image\\\/\",\"url\":\"https:\\\/\\\/lequotidien.mr\\\/wp-content\\\/uploads\\\/2022\\\/11\\\/logolequotidien.jpg\",\"contentUrl\":\"https:\\\/\\\/lequotidien.mr\\\/wp-content\\\/uploads\\\/2022\\\/11\\\/logolequotidien.jpg\",\"width\":290,\"height\":65,\"caption\":\"Le Quotidien de Nouakchott\"},\"image\":{\"@id\":\"https:\\\/\\\/lequotidien.mr\\\/#\\\/schema\\\/logo\\\/image\\\/\"},\"sameAs\":[\"https:\\\/\\\/web.facebook.com\\\/lequotidienmr\",\"https:\\\/\\\/x.com\\\/lequotidienmr\"]},{\"@type\":\"Person\",\"@id\":\"https:\\\/\\\/lequotidien.mr\\\/#\\\/schema\\\/person\\\/d2d350202a4d599685ed8abc25f97596\",\"name\":\"Med Ahmed\",\"image\":{\"@type\":\"ImageObject\",\"inLanguage\":\"ar\",\"@id\":\"https:\\\/\\\/secure.gravatar.com\\\/avatar\\\/fd2acc62ed50732923d1d39c17172c9b04149f142be92310ecc69e1358f94b52?s=96&d=mm&r=g\",\"url\":\"https:\\\/\\\/secure.gravatar.com\\\/avatar\\\/fd2acc62ed50732923d1d39c17172c9b04149f142be92310ecc69e1358f94b52?s=96&d=mm&r=g\",\"contentUrl\":\"https:\\\/\\\/secure.gravatar.com\\\/avatar\\\/fd2acc62ed50732923d1d39c17172c9b04149f142be92310ecc69e1358f94b52?s=96&d=mm&r=g\",\"caption\":\"Med Ahmed\"},\"url\":\"https:\\\/\\\/lequotidien.mr\\\/?author=12\"}]}<\/script>\n<!-- \/ Yoast SEO plugin. -->","yoast_head_json":{"title":"Le Pr\u00e9sident El Ghazouani partage l\u2019Iftar avec des \u00e9tudiants : Symbole fort de soutien \u00e0 la jeunesse et \u00e0 l\u2019\u00e9ducation - Le Quotidien de Nouakchott","robots":{"index":"index","follow":"follow","max-snippet":"max-snippet:-1","max-image-preview":"max-image-preview:large","max-video-preview":"max-video-preview:-1"},"canonical":"https:\/\/lequotidien.mr\/?p=26297&lang=fr","og_locale":"ar_AR","og_type":"article","og_title":"Le Pr\u00e9sident El Ghazouani partage l\u2019Iftar avec des \u00e9tudiants : Symbole fort de soutien \u00e0 la jeunesse et \u00e0 l\u2019\u00e9ducation - Le Quotidien de Nouakchott","og_description":"En cette p\u00e9riode sacr\u00e9e du Ramadan, le Pr\u00e9sident de la R\u00e9publique, Mohamed Cheikh El Ghazouani, a renforc\u00e9 les liens avec la jeunesse estudiantine en partageant un Iftar solennel sur le campus universitaire de Nouakchott. Cet \u00e9v\u00e9nement, marqu\u00e9 par une ambiance chaleureuse et fraternelle, a permis au chef de l\u2019\u00c9tat d\u2019\u00e9changer directement avec les \u00e9tudiants, d\u2019\u00e9couter.....","og_url":"https:\/\/lequotidien.mr\/?p=26297&lang=fr","og_site_name":"Le Quotidien de Nouakchott","article_publisher":"https:\/\/web.facebook.com\/lequotidienmr","article_published_time":"2025-03-21T11:44:28+00:00","og_image":[{"width":750,"height":430,"url":"https:\/\/lequotidien.mr\/wp-content\/uploads\/2025\/03\/photo-Pdt-Iftar-etudiants-_-2.jpg","type":"image\/jpeg"}],"author":"Med Ahmed","twitter_card":"summary_large_image","twitter_creator":"@lequotidienmr","twitter_site":"@lequotidienmr","twitter_misc":{"\u0643\u064f\u062a\u0628 \u0628\u0648\u0627\u0633\u0637\u0629":"Med Ahmed","\u0648\u0642\u062a \u0627\u0644\u0642\u0631\u0627\u0621\u0629 \u0627\u0644\u0645\u064f\u0642\u062f\u0651\u0631":"3 \u062f\u0642\u0627\u0626\u0642"},"schema":{"@context":"https:\/\/schema.org","@graph":[{"@type":"Article","@id":"https:\/\/lequotidien.mr\/?p=26297&lang=fr#article","isPartOf":{"@id":"https:\/\/lequotidien.mr\/?p=26297&lang=fr"},"author":{"name":"Med Ahmed","@id":"https:\/\/lequotidien.mr\/#\/schema\/person\/d2d350202a4d599685ed8abc25f97596"},"headline":"Le Pr\u00e9sident El Ghazouani partage l\u2019Iftar avec des \u00e9tudiants : Symbole fort de soutien \u00e0 la jeunesse et \u00e0 l\u2019\u00e9ducation","datePublished":"2025-03-21T11:44:28+00:00","mainEntityOfPage":{"@id":"https:\/\/lequotidien.mr\/?p=26297&lang=fr"},"wordCount":694,"commentCount":0,"publisher":{"@id":"https:\/\/lequotidien.mr\/#organization"},"image":{"@id":"https:\/\/lequotidien.mr\/?p=26297&lang=fr#primaryimage"},"thumbnailUrl":"https:\/\/lequotidien.mr\/wp-content\/uploads\/2025\/03\/photo-Pdt-Iftar-etudiants-_-2.jpg","articleSection":["ACTUALIT\u00c9","Culture"],"inLanguage":"ar","potentialAction":[{"@type":"CommentAction","name":"Comment","target":["https:\/\/lequotidien.mr\/?p=26297&lang=fr#respond"]}]},{"@type":"WebPage","@id":"https:\/\/lequotidien.mr\/?p=26297&lang=fr","url":"https:\/\/lequotidien.mr\/?p=26297&lang=fr","name":"Le Pr\u00e9sident El Ghazouani partage l\u2019Iftar avec des \u00e9tudiants : Symbole fort de soutien \u00e0 la jeunesse et \u00e0 l\u2019\u00e9ducation - Le Quotidien de Nouakchott","isPartOf":{"@id":"https:\/\/lequotidien.mr\/#website"},"primaryImageOfPage":{"@id":"https:\/\/lequotidien.mr\/?p=26297&lang=fr#primaryimage"},"image":{"@id":"https:\/\/lequotidien.mr\/?p=26297&lang=fr#primaryimage"},"thumbnailUrl":"https:\/\/lequotidien.mr\/wp-content\/uploads\/2025\/03\/photo-Pdt-Iftar-etudiants-_-2.jpg","datePublished":"2025-03-21T11:44:28+00:00","breadcrumb":{"@id":"https:\/\/lequotidien.mr\/?p=26297&lang=fr#breadcrumb"},"inLanguage":"ar","potentialAction":[{"@type":"ReadAction","target":["https:\/\/lequotidien.mr\/?p=26297&lang=fr"]}]},{"@type":"ImageObject","inLanguage":"ar","@id":"https:\/\/lequotidien.mr\/?p=26297&lang=fr#primaryimage","url":"https:\/\/lequotidien.mr\/wp-content\/uploads\/2025\/03\/photo-Pdt-Iftar-etudiants-_-2.jpg","contentUrl":"https:\/\/lequotidien.mr\/wp-content\/uploads\/2025\/03\/photo-Pdt-Iftar-etudiants-_-2.jpg","width":750,"height":430},{"@type":"BreadcrumbList","@id":"https:\/\/lequotidien.mr\/?p=26297&lang=fr#breadcrumb","itemListElement":[{"@type":"ListItem","position":1,"name":"Home","item":"https:\/\/lequotidien.mr\/"},{"@type":"ListItem","position":2,"name":"Le Pr\u00e9sident El Ghazouani partage l\u2019Iftar avec des \u00e9tudiants : Symbole fort de soutien \u00e0 la jeunesse et \u00e0 l\u2019\u00e9ducation"}]},{"@type":"WebSite","@id":"https:\/\/lequotidien.mr\/#website","url":"https:\/\/lequotidien.mr\/","name":"Le Quotidien de Nouakchott","description":"\u0625\u062e\u0628\u0627\u0631\u064a\u0629 \u0645\u0633\u062a\u0642\u0644\u0629 \u0644\u0644\u0623\u0646\u0628\u0627\u0621 \u0627\u0644\u0639\u0627\u0645\u0629","publisher":{"@id":"https:\/\/lequotidien.mr\/#organization"},"potentialAction":[{"@type":"SearchAction","target":{"@type":"EntryPoint","urlTemplate":"https:\/\/lequotidien.mr\/?s={search_term_string}"},"query-input":{"@type":"PropertyValueSpecification","valueRequired":true,"valueName":"search_term_string"}}],"inLanguage":"ar"},{"@type":"Organization","@id":"https:\/\/lequotidien.mr\/#organization","name":"Le Quotidien de Nouakchott","url":"https:\/\/lequotidien.mr\/","logo":{"@type":"ImageObject","inLanguage":"ar","@id":"https:\/\/lequotidien.mr\/#\/schema\/logo\/image\/","url":"https:\/\/lequotidien.mr\/wp-content\/uploads\/2022\/11\/logolequotidien.jpg","contentUrl":"https:\/\/lequotidien.mr\/wp-content\/uploads\/2022\/11\/logolequotidien.jpg","width":290,"height":65,"caption":"Le Quotidien de Nouakchott"},"image":{"@id":"https:\/\/lequotidien.mr\/#\/schema\/logo\/image\/"},"sameAs":["https:\/\/web.facebook.com\/lequotidienmr","https:\/\/x.com\/lequotidienmr"]},{"@type":"Person","@id":"https:\/\/lequotidien.mr\/#\/schema\/person\/d2d350202a4d599685ed8abc25f97596","name":"Med Ahmed","image":{"@type":"ImageObject","inLanguage":"ar","@id":"https:\/\/secure.gravatar.com\/avatar\/fd2acc62ed50732923d1d39c17172c9b04149f142be92310ecc69e1358f94b52?s=96&d=mm&r=g","url":"https:\/\/secure.gravatar.com\/avatar\/fd2acc62ed50732923d1d39c17172c9b04149f142be92310ecc69e1358f94b52?s=96&d=mm&r=g","contentUrl":"https:\/\/secure.gravatar.com\/avatar\/fd2acc62ed50732923d1d39c17172c9b04149f142be92310ecc69e1358f94b52?s=96&d=mm&r=g","caption":"Med Ahmed"},"url":"https:\/\/lequotidien.mr\/?author=12"}]}},"_links":{"self":[{"href":"https:\/\/lequotidien.mr\/index.php?rest_route=\/wp\/v2\/posts\/26297","targetHints":{"allow":["GET"]}}],"collection":[{"href":"https:\/\/lequotidien.mr\/index.php?rest_route=\/wp\/v2\/posts"}],"about":[{"href":"https:\/\/lequotidien.mr\/index.php?rest_route=\/wp\/v2\/types\/post"}],"author":[{"embeddable":true,"href":"https:\/\/lequotidien.mr\/index.php?rest_route=\/wp\/v2\/users\/12"}],"replies":[{"embeddable":true,"href":"https:\/\/lequotidien.mr\/index.php?rest_route=%2Fwp%2Fv2%2Fcomments&post=26297"}],"version-history":[{"count":1,"href":"https:\/\/lequotidien.mr\/index.php?rest_route=\/wp\/v2\/posts\/26297\/revisions"}],"predecessor-version":[{"id":26299,"href":"https:\/\/lequotidien.mr\/index.php?rest_route=\/wp\/v2\/posts\/26297\/revisions\/26299"}],"wp:featuredmedia":[{"embeddable":true,"href":"https:\/\/lequotidien.mr\/index.php?rest_route=\/wp\/v2\/media\/26298"}],"wp:attachment":[{"href":"https:\/\/lequotidien.mr\/index.php?rest_route=%2Fwp%2Fv2%2Fmedia&parent=26297"}],"wp:term":[{"taxonomy":"category","embeddable":true,"href":"https:\/\/lequotidien.mr\/index.php?rest_route=%2Fwp%2Fv2%2Fcategories&post=26297"},{"taxonomy":"post_tag","embeddable":true,"href":"https:\/\/lequotidien.mr\/index.php?rest_route=%2Fwp%2Fv2%2Ftags&post=26297"}],"curies":[{"name":"wp","href":"https:\/\/api.w.org\/{rel}","templated":true}]}}