{"id":26248,"date":"2025-03-19T19:23:51","date_gmt":"2025-03-19T19:23:51","guid":{"rendered":"https:\/\/lequotidien.mr\/?p=26248"},"modified":"2025-03-19T19:23:51","modified_gmt":"2025-03-19T19:23:51","slug":"iftar-en-lhonneur-des-dockers-du-port-autonome-de-nouakchott-offert-par-le-president-de-la-republique","status":"publish","type":"post","link":"https:\/\/lequotidien.mr\/?p=26248&lang=fr","title":{"rendered":"Iftar en l\u2019honneur des dockers du Port Autonome de Nouakchott offert par le Pr\u00e9sident de la R\u00e9publique"},"content":{"rendered":"<p>En symbole de fraternit\u00e9 et de solidarit\u00e9, le Pr\u00e9sident de la R\u00e9publique, M. Mohamed Cheikh El Ghazouani, a offert, lundi soir, un Iftar au port autonome de Nouakchott, surnomm\u00e9 \u00ab port de l\u2019amiti\u00e9 \u00bb, en l\u2019honneur des dockers dont le r\u00f4le est crucial pour l\u2019\u00e9conomie nationale. Cette initiative, ancr\u00e9e dans les valeurs sacr\u00e9es du Ramadan, a mis en lumi\u00e8re l\u2019engagement du chef de l\u2019\u00c9tat envers la classe ouvri\u00e8re et sa volont\u00e9 d\u2019incarner les principes de charit\u00e9 et de proximit\u00e9 avec les citoyens.<\/p>\n<p><strong>Une c\u00e9r\u00e9monie sous le signe de la proximit\u00e9 pr\u00e9sidentielle<\/strong><\/p>\n<p>Organis\u00e9e en pr\u00e9sence de membres du gouvernement, dont le ministre charg\u00e9 [\u00e0 pr\u00e9ciser], cette c\u00e9r\u00e9monie a permis au Pr\u00e9sident El Ghazouani de partager le repas de rupture du je\u00fbne avec les travailleurs portuaires, geste fort salu\u00e9 comme une marque de reconnaissance envers leur contribution au d\u00e9veloppement \u00e9conomique. \u00ab Partager l\u2019Iftar avec ceux qui font vivre cette infrastructure jour apr\u00e8s jour, c\u2019est honorer l\u2019esprit du Ramadan : la fraternit\u00e9 et l\u2019attention aux plus laborieux \u00bb, a d\u00e9clar\u00e9 le Pr\u00e9sident, rappelant son attachement \u00e0 un dialogue direct avec les Mauritaniens.<\/p>\n<p><strong>Des r\u00e9formes concr\u00e8tes pour les dockers<\/strong><\/p>\n<p>Cet \u00e9v\u00e9nement intervient apr\u00e8s une s\u00e9rie de mesures phares impuls\u00e9es par le chef de l\u2019\u00c9tat pour am\u00e9liorer les conditions des dockers. Parmi elles, la cr\u00e9ation d\u2019une soci\u00e9t\u00e9 de gestion de la main-d\u2019\u0153uvre portuaire, le recrutement en CDI de 520 dockers, la r\u00e9gularisation de 114 travailleurs pr\u00e9caires, ainsi que la mise en place d\u2019une couverture maladie et de programmes de formation professionnelle. Des \u00e9quipements de protection individuelle ont \u00e9galement \u00e9t\u00e9 fournis, renfor\u00e7ant la s\u00e9curit\u00e9 sur ce site strat\u00e9gique.<\/p>\n<p>\u00ab Ces actions ne sont pas des promesses, mais des actes \u00bb, a soulign\u00e9 un repr\u00e9sentant pr\u00e9sent \u00e0 la c\u00e9r\u00e9monie. \u00ab Le climat social apais\u00e9 et la comp\u00e9titivit\u00e9 retrouv\u00e9e du port t\u00e9moignent de l\u2019efficacit\u00e9 de cette approche. \u00bb<\/p>\n<p><strong>Un port vital, reflet d\u2019une vision sociale<\/strong><\/p>\n<p>Consid\u00e9r\u00e9 comme le poumon \u00e9conomique du pays, le port de Nouakchott a longtemps fait face \u00e0 des d\u00e9fis structurels, exacerb\u00e9s par la pr\u00e9carit\u00e9 des dockers. Les r\u00e9formes r\u00e9centes, combin\u00e9es \u00e0 une \u00e9coute active des dol\u00e9ances des travailleurs, ont redonn\u00e9 espoir \u00e0 cette profession. \u00ab Le Pr\u00e9sident a transform\u00e9 nos conditions : hier invisibles, aujourd\u2019hui nous avons des droits, une dignit\u00e9 \u00bb, a confi\u00e9 un docker, \u00e9mu par la pr\u00e9sence pr\u00e9sidentielle.<\/p>\n<p>En choisissant le \u00ab port de l\u2019amiti\u00e9 \u00bb pour cet Iftar, Mohamed Cheikh El Ghazouani a \u00e9galement envoy\u00e9 un message politique : celui d\u2019un \u00c9tat attentif aux r\u00e9alit\u00e9s terrain. \u00ab Cette d\u00e9marche incarne la volont\u00e9 de b\u00e2tir une Mauritanie unie, o\u00f9 aucun travailleur n\u2019est oubli\u00e9 \u00bb, a comment\u00e9 un observateur.<\/p>\n<p>Alors que le mois sacr\u00e9 touche \u00e0 sa fin, cette initiative rappelle que le progr\u00e8s social passe par des actions concr\u00e8tes et un leadership proche de son peuple. Les dockers, d\u00e9sormais symboles d\u2019une renaissance \u00e9conomique et sociale, quittent la table pr\u00e9sidentielle avec la certitude d\u2019\u00eatre, enfin, au c\u0153ur des priorit\u00e9s nationales.<\/p>\n<p>La c\u00e9r\u00e9monie de l\u2019Iftar s\u2019est d\u00e9roul\u00e9e en pr\u00e9sence du Ministre charg\u00e9 du cabinet du Pr\u00e9sident de la R\u00e9publique, M. Nani Chrougha, du Ministre de la P\u00eache, des Infrastructures Maritimes et Portuaires, M. El Fadhil Sidaty Ahmed Louly, et du Directeur g\u00e9n\u00e9ral du Port Autonome de Nouakchott, M. Sidi Mohamed Maham.<\/p>\n","protected":false},"excerpt":{"rendered":"<p>En symbole de fraternit\u00e9 et de solidarit\u00e9, le Pr\u00e9sident de la R\u00e9publique, M. Mohamed Cheikh El Ghazouani, a offert, lundi soir, un Iftar au port autonome de Nouakchott, surnomm\u00e9 \u00ab port de l\u2019amiti\u00e9 \u00bb, en l\u2019honneur des dockers dont le r\u00f4le est crucial pour l\u2019\u00e9conomie nationale. Cette initiative, ancr\u00e9e dans les valeurs sacr\u00e9es du Ramadan,&#8230;..<\/p>\n","protected":false},"author":12,"featured_media":26249,"comment_status":"open","ping_status":"open","sticky":false,"template":"","format":"standard","meta":{"footnotes":""},"categories":[23,49],"tags":[],"class_list":["post-26248","post","type-post","status-publish","format-standard","has-post-thumbnail","hentry","category-actualite","category-economie"],"yoast_head":"<!-- This site is optimized with the Yoast SEO plugin v27.5 - https:\/\/yoast.com\/product\/yoast-seo-wordpress\/ -->\n<title>Iftar en l\u2019honneur des dockers du Port Autonome de Nouakchott offert par le Pr\u00e9sident de la R\u00e9publique - Le Quotidien de Nouakchott<\/title>\n<meta name=\"robots\" content=\"index, follow, max-snippet:-1, max-image-preview:large, max-video-preview:-1\" \/>\n<link rel=\"canonical\" href=\"https:\/\/lequotidien.mr\/?p=26248&lang=fr\" \/>\n<meta property=\"og:locale\" content=\"ar_AR\" \/>\n<meta property=\"og:type\" content=\"article\" \/>\n<meta property=\"og:title\" content=\"Iftar en l\u2019honneur des dockers du Port Autonome de Nouakchott offert par le Pr\u00e9sident de la R\u00e9publique - Le Quotidien de Nouakchott\" \/>\n<meta property=\"og:description\" content=\"En symbole de fraternit\u00e9 et de solidarit\u00e9, le Pr\u00e9sident de la R\u00e9publique, M. Mohamed Cheikh El Ghazouani, a offert, lundi soir, un Iftar au port autonome de Nouakchott, surnomm\u00e9 \u00ab port de l\u2019amiti\u00e9 \u00bb, en l\u2019honneur des dockers dont le r\u00f4le est crucial pour l\u2019\u00e9conomie nationale. Cette initiative, ancr\u00e9e dans les valeurs sacr\u00e9es du Ramadan,.....\" \/>\n<meta property=\"og:url\" content=\"https:\/\/lequotidien.mr\/?p=26248&amp;lang=fr\" \/>\n<meta property=\"og:site_name\" content=\"Le Quotidien de Nouakchott\" \/>\n<meta property=\"article:publisher\" content=\"https:\/\/web.facebook.com\/lequotidienmr\" \/>\n<meta property=\"article:published_time\" content=\"2025-03-19T19:23:51+00:00\" \/>\n<meta property=\"og:image\" content=\"https:\/\/lequotidien.mr\/wp-content\/uploads\/2025\/03\/photo-Iftar-dockers.jpg\" \/>\n\t<meta property=\"og:image:width\" content=\"750\" \/>\n\t<meta property=\"og:image:height\" content=\"430\" \/>\n\t<meta property=\"og:image:type\" content=\"image\/jpeg\" \/>\n<meta name=\"author\" content=\"Med Ahmed\" \/>\n<meta name=\"twitter:card\" content=\"summary_large_image\" \/>\n<meta name=\"twitter:creator\" content=\"@lequotidienmr\" \/>\n<meta name=\"twitter:site\" content=\"@lequotidienmr\" \/>\n<meta name=\"twitter:label1\" content=\"\u0643\u064f\u062a\u0628 \u0628\u0648\u0627\u0633\u0637\u0629\" \/>\n\t<meta name=\"twitter:data1\" content=\"Med Ahmed\" \/>\n\t<meta name=\"twitter:label2\" content=\"\u0648\u0642\u062a \u0627\u0644\u0642\u0631\u0627\u0621\u0629 \u0627\u0644\u0645\u064f\u0642\u062f\u0651\u0631\" \/>\n\t<meta name=\"twitter:data2\" content=\"3 \u062f\u0642\u0627\u0626\u0642\" \/>\n<script type=\"application\/ld+json\" class=\"yoast-schema-graph\">{\"@context\":\"https:\\\/\\\/schema.org\",\"@graph\":[{\"@type\":\"Article\",\"@id\":\"https:\\\/\\\/lequotidien.mr\\\/?p=26248&lang=fr#article\",\"isPartOf\":{\"@id\":\"https:\\\/\\\/lequotidien.mr\\\/?p=26248&lang=fr\"},\"author\":{\"name\":\"Med Ahmed\",\"@id\":\"https:\\\/\\\/lequotidien.mr\\\/#\\\/schema\\\/person\\\/d2d350202a4d599685ed8abc25f97596\"},\"headline\":\"Iftar en l\u2019honneur des dockers du Port Autonome de Nouakchott offert par le Pr\u00e9sident de la R\u00e9publique\",\"datePublished\":\"2025-03-19T19:23:51+00:00\",\"mainEntityOfPage\":{\"@id\":\"https:\\\/\\\/lequotidien.mr\\\/?p=26248&lang=fr\"},\"wordCount\":619,\"commentCount\":0,\"publisher\":{\"@id\":\"https:\\\/\\\/lequotidien.mr\\\/#organization\"},\"image\":{\"@id\":\"https:\\\/\\\/lequotidien.mr\\\/?p=26248&lang=fr#primaryimage\"},\"thumbnailUrl\":\"https:\\\/\\\/lequotidien.mr\\\/wp-content\\\/uploads\\\/2025\\\/03\\\/photo-Iftar-dockers.jpg\",\"articleSection\":[\"ACTUALIT\u00c9\",\"Economie\"],\"inLanguage\":\"ar\",\"potentialAction\":[{\"@type\":\"CommentAction\",\"name\":\"Comment\",\"target\":[\"https:\\\/\\\/lequotidien.mr\\\/?p=26248&lang=fr#respond\"]}]},{\"@type\":\"WebPage\",\"@id\":\"https:\\\/\\\/lequotidien.mr\\\/?p=26248&lang=fr\",\"url\":\"https:\\\/\\\/lequotidien.mr\\\/?p=26248&lang=fr\",\"name\":\"Iftar en l\u2019honneur des dockers du Port Autonome de Nouakchott offert par le Pr\u00e9sident de la R\u00e9publique - Le Quotidien de Nouakchott\",\"isPartOf\":{\"@id\":\"https:\\\/\\\/lequotidien.mr\\\/#website\"},\"primaryImageOfPage\":{\"@id\":\"https:\\\/\\\/lequotidien.mr\\\/?p=26248&lang=fr#primaryimage\"},\"image\":{\"@id\":\"https:\\\/\\\/lequotidien.mr\\\/?p=26248&lang=fr#primaryimage\"},\"thumbnailUrl\":\"https:\\\/\\\/lequotidien.mr\\\/wp-content\\\/uploads\\\/2025\\\/03\\\/photo-Iftar-dockers.jpg\",\"datePublished\":\"2025-03-19T19:23:51+00:00\",\"breadcrumb\":{\"@id\":\"https:\\\/\\\/lequotidien.mr\\\/?p=26248&lang=fr#breadcrumb\"},\"inLanguage\":\"ar\",\"potentialAction\":[{\"@type\":\"ReadAction\",\"target\":[\"https:\\\/\\\/lequotidien.mr\\\/?p=26248&lang=fr\"]}]},{\"@type\":\"ImageObject\",\"inLanguage\":\"ar\",\"@id\":\"https:\\\/\\\/lequotidien.mr\\\/?p=26248&lang=fr#primaryimage\",\"url\":\"https:\\\/\\\/lequotidien.mr\\\/wp-content\\\/uploads\\\/2025\\\/03\\\/photo-Iftar-dockers.jpg\",\"contentUrl\":\"https:\\\/\\\/lequotidien.mr\\\/wp-content\\\/uploads\\\/2025\\\/03\\\/photo-Iftar-dockers.jpg\",\"width\":750,\"height\":430},{\"@type\":\"BreadcrumbList\",\"@id\":\"https:\\\/\\\/lequotidien.mr\\\/?p=26248&lang=fr#breadcrumb\",\"itemListElement\":[{\"@type\":\"ListItem\",\"position\":1,\"name\":\"Home\",\"item\":\"https:\\\/\\\/lequotidien.mr\\\/\"},{\"@type\":\"ListItem\",\"position\":2,\"name\":\"Iftar en l\u2019honneur des dockers du Port Autonome de Nouakchott offert par le Pr\u00e9sident de la R\u00e9publique\"}]},{\"@type\":\"WebSite\",\"@id\":\"https:\\\/\\\/lequotidien.mr\\\/#website\",\"url\":\"https:\\\/\\\/lequotidien.mr\\\/\",\"name\":\"Le Quotidien de Nouakchott\",\"description\":\"\u0625\u062e\u0628\u0627\u0631\u064a\u0629 \u0645\u0633\u062a\u0642\u0644\u0629 \u0644\u0644\u0623\u0646\u0628\u0627\u0621 \u0627\u0644\u0639\u0627\u0645\u0629\",\"publisher\":{\"@id\":\"https:\\\/\\\/lequotidien.mr\\\/#organization\"},\"potentialAction\":[{\"@type\":\"SearchAction\",\"target\":{\"@type\":\"EntryPoint\",\"urlTemplate\":\"https:\\\/\\\/lequotidien.mr\\\/?s={search_term_string}\"},\"query-input\":{\"@type\":\"PropertyValueSpecification\",\"valueRequired\":true,\"valueName\":\"search_term_string\"}}],\"inLanguage\":\"ar\"},{\"@type\":\"Organization\",\"@id\":\"https:\\\/\\\/lequotidien.mr\\\/#organization\",\"name\":\"Le Quotidien de Nouakchott\",\"url\":\"https:\\\/\\\/lequotidien.mr\\\/\",\"logo\":{\"@type\":\"ImageObject\",\"inLanguage\":\"ar\",\"@id\":\"https:\\\/\\\/lequotidien.mr\\\/#\\\/schema\\\/logo\\\/image\\\/\",\"url\":\"https:\\\/\\\/lequotidien.mr\\\/wp-content\\\/uploads\\\/2022\\\/11\\\/logolequotidien.jpg\",\"contentUrl\":\"https:\\\/\\\/lequotidien.mr\\\/wp-content\\\/uploads\\\/2022\\\/11\\\/logolequotidien.jpg\",\"width\":290,\"height\":65,\"caption\":\"Le Quotidien de Nouakchott\"},\"image\":{\"@id\":\"https:\\\/\\\/lequotidien.mr\\\/#\\\/schema\\\/logo\\\/image\\\/\"},\"sameAs\":[\"https:\\\/\\\/web.facebook.com\\\/lequotidienmr\",\"https:\\\/\\\/x.com\\\/lequotidienmr\"]},{\"@type\":\"Person\",\"@id\":\"https:\\\/\\\/lequotidien.mr\\\/#\\\/schema\\\/person\\\/d2d350202a4d599685ed8abc25f97596\",\"name\":\"Med Ahmed\",\"image\":{\"@type\":\"ImageObject\",\"inLanguage\":\"ar\",\"@id\":\"https:\\\/\\\/secure.gravatar.com\\\/avatar\\\/fd2acc62ed50732923d1d39c17172c9b04149f142be92310ecc69e1358f94b52?s=96&d=mm&r=g\",\"url\":\"https:\\\/\\\/secure.gravatar.com\\\/avatar\\\/fd2acc62ed50732923d1d39c17172c9b04149f142be92310ecc69e1358f94b52?s=96&d=mm&r=g\",\"contentUrl\":\"https:\\\/\\\/secure.gravatar.com\\\/avatar\\\/fd2acc62ed50732923d1d39c17172c9b04149f142be92310ecc69e1358f94b52?s=96&d=mm&r=g\",\"caption\":\"Med Ahmed\"},\"url\":\"https:\\\/\\\/lequotidien.mr\\\/?author=12\"}]}<\/script>\n<!-- \/ Yoast SEO plugin. -->","yoast_head_json":{"title":"Iftar en l\u2019honneur des dockers du Port Autonome de Nouakchott offert par le Pr\u00e9sident de la R\u00e9publique - Le Quotidien de Nouakchott","robots":{"index":"index","follow":"follow","max-snippet":"max-snippet:-1","max-image-preview":"max-image-preview:large","max-video-preview":"max-video-preview:-1"},"canonical":"https:\/\/lequotidien.mr\/?p=26248&lang=fr","og_locale":"ar_AR","og_type":"article","og_title":"Iftar en l\u2019honneur des dockers du Port Autonome de Nouakchott offert par le Pr\u00e9sident de la R\u00e9publique - Le Quotidien de Nouakchott","og_description":"En symbole de fraternit\u00e9 et de solidarit\u00e9, le Pr\u00e9sident de la R\u00e9publique, M. Mohamed Cheikh El Ghazouani, a offert, lundi soir, un Iftar au port autonome de Nouakchott, surnomm\u00e9 \u00ab port de l\u2019amiti\u00e9 \u00bb, en l\u2019honneur des dockers dont le r\u00f4le est crucial pour l\u2019\u00e9conomie nationale. Cette initiative, ancr\u00e9e dans les valeurs sacr\u00e9es du Ramadan,.....","og_url":"https:\/\/lequotidien.mr\/?p=26248&lang=fr","og_site_name":"Le Quotidien de Nouakchott","article_publisher":"https:\/\/web.facebook.com\/lequotidienmr","article_published_time":"2025-03-19T19:23:51+00:00","og_image":[{"width":750,"height":430,"url":"https:\/\/lequotidien.mr\/wp-content\/uploads\/2025\/03\/photo-Iftar-dockers.jpg","type":"image\/jpeg"}],"author":"Med Ahmed","twitter_card":"summary_large_image","twitter_creator":"@lequotidienmr","twitter_site":"@lequotidienmr","twitter_misc":{"\u0643\u064f\u062a\u0628 \u0628\u0648\u0627\u0633\u0637\u0629":"Med Ahmed","\u0648\u0642\u062a \u0627\u0644\u0642\u0631\u0627\u0621\u0629 \u0627\u0644\u0645\u064f\u0642\u062f\u0651\u0631":"3 \u062f\u0642\u0627\u0626\u0642"},"schema":{"@context":"https:\/\/schema.org","@graph":[{"@type":"Article","@id":"https:\/\/lequotidien.mr\/?p=26248&lang=fr#article","isPartOf":{"@id":"https:\/\/lequotidien.mr\/?p=26248&lang=fr"},"author":{"name":"Med Ahmed","@id":"https:\/\/lequotidien.mr\/#\/schema\/person\/d2d350202a4d599685ed8abc25f97596"},"headline":"Iftar en l\u2019honneur des dockers du Port Autonome de Nouakchott offert par le Pr\u00e9sident de la R\u00e9publique","datePublished":"2025-03-19T19:23:51+00:00","mainEntityOfPage":{"@id":"https:\/\/lequotidien.mr\/?p=26248&lang=fr"},"wordCount":619,"commentCount":0,"publisher":{"@id":"https:\/\/lequotidien.mr\/#organization"},"image":{"@id":"https:\/\/lequotidien.mr\/?p=26248&lang=fr#primaryimage"},"thumbnailUrl":"https:\/\/lequotidien.mr\/wp-content\/uploads\/2025\/03\/photo-Iftar-dockers.jpg","articleSection":["ACTUALIT\u00c9","Economie"],"inLanguage":"ar","potentialAction":[{"@type":"CommentAction","name":"Comment","target":["https:\/\/lequotidien.mr\/?p=26248&lang=fr#respond"]}]},{"@type":"WebPage","@id":"https:\/\/lequotidien.mr\/?p=26248&lang=fr","url":"https:\/\/lequotidien.mr\/?p=26248&lang=fr","name":"Iftar en l\u2019honneur des dockers du Port Autonome de Nouakchott offert par le Pr\u00e9sident de la R\u00e9publique - Le Quotidien de Nouakchott","isPartOf":{"@id":"https:\/\/lequotidien.mr\/#website"},"primaryImageOfPage":{"@id":"https:\/\/lequotidien.mr\/?p=26248&lang=fr#primaryimage"},"image":{"@id":"https:\/\/lequotidien.mr\/?p=26248&lang=fr#primaryimage"},"thumbnailUrl":"https:\/\/lequotidien.mr\/wp-content\/uploads\/2025\/03\/photo-Iftar-dockers.jpg","datePublished":"2025-03-19T19:23:51+00:00","breadcrumb":{"@id":"https:\/\/lequotidien.mr\/?p=26248&lang=fr#breadcrumb"},"inLanguage":"ar","potentialAction":[{"@type":"ReadAction","target":["https:\/\/lequotidien.mr\/?p=26248&lang=fr"]}]},{"@type":"ImageObject","inLanguage":"ar","@id":"https:\/\/lequotidien.mr\/?p=26248&lang=fr#primaryimage","url":"https:\/\/lequotidien.mr\/wp-content\/uploads\/2025\/03\/photo-Iftar-dockers.jpg","contentUrl":"https:\/\/lequotidien.mr\/wp-content\/uploads\/2025\/03\/photo-Iftar-dockers.jpg","width":750,"height":430},{"@type":"BreadcrumbList","@id":"https:\/\/lequotidien.mr\/?p=26248&lang=fr#breadcrumb","itemListElement":[{"@type":"ListItem","position":1,"name":"Home","item":"https:\/\/lequotidien.mr\/"},{"@type":"ListItem","position":2,"name":"Iftar en l\u2019honneur des dockers du Port Autonome de Nouakchott offert par le Pr\u00e9sident de la R\u00e9publique"}]},{"@type":"WebSite","@id":"https:\/\/lequotidien.mr\/#website","url":"https:\/\/lequotidien.mr\/","name":"Le Quotidien de Nouakchott","description":"\u0625\u062e\u0628\u0627\u0631\u064a\u0629 \u0645\u0633\u062a\u0642\u0644\u0629 \u0644\u0644\u0623\u0646\u0628\u0627\u0621 \u0627\u0644\u0639\u0627\u0645\u0629","publisher":{"@id":"https:\/\/lequotidien.mr\/#organization"},"potentialAction":[{"@type":"SearchAction","target":{"@type":"EntryPoint","urlTemplate":"https:\/\/lequotidien.mr\/?s={search_term_string}"},"query-input":{"@type":"PropertyValueSpecification","valueRequired":true,"valueName":"search_term_string"}}],"inLanguage":"ar"},{"@type":"Organization","@id":"https:\/\/lequotidien.mr\/#organization","name":"Le Quotidien de Nouakchott","url":"https:\/\/lequotidien.mr\/","logo":{"@type":"ImageObject","inLanguage":"ar","@id":"https:\/\/lequotidien.mr\/#\/schema\/logo\/image\/","url":"https:\/\/lequotidien.mr\/wp-content\/uploads\/2022\/11\/logolequotidien.jpg","contentUrl":"https:\/\/lequotidien.mr\/wp-content\/uploads\/2022\/11\/logolequotidien.jpg","width":290,"height":65,"caption":"Le Quotidien de Nouakchott"},"image":{"@id":"https:\/\/lequotidien.mr\/#\/schema\/logo\/image\/"},"sameAs":["https:\/\/web.facebook.com\/lequotidienmr","https:\/\/x.com\/lequotidienmr"]},{"@type":"Person","@id":"https:\/\/lequotidien.mr\/#\/schema\/person\/d2d350202a4d599685ed8abc25f97596","name":"Med Ahmed","image":{"@type":"ImageObject","inLanguage":"ar","@id":"https:\/\/secure.gravatar.com\/avatar\/fd2acc62ed50732923d1d39c17172c9b04149f142be92310ecc69e1358f94b52?s=96&d=mm&r=g","url":"https:\/\/secure.gravatar.com\/avatar\/fd2acc62ed50732923d1d39c17172c9b04149f142be92310ecc69e1358f94b52?s=96&d=mm&r=g","contentUrl":"https:\/\/secure.gravatar.com\/avatar\/fd2acc62ed50732923d1d39c17172c9b04149f142be92310ecc69e1358f94b52?s=96&d=mm&r=g","caption":"Med Ahmed"},"url":"https:\/\/lequotidien.mr\/?author=12"}]}},"_links":{"self":[{"href":"https:\/\/lequotidien.mr\/index.php?rest_route=\/wp\/v2\/posts\/26248","targetHints":{"allow":["GET"]}}],"collection":[{"href":"https:\/\/lequotidien.mr\/index.php?rest_route=\/wp\/v2\/posts"}],"about":[{"href":"https:\/\/lequotidien.mr\/index.php?rest_route=\/wp\/v2\/types\/post"}],"author":[{"embeddable":true,"href":"https:\/\/lequotidien.mr\/index.php?rest_route=\/wp\/v2\/users\/12"}],"replies":[{"embeddable":true,"href":"https:\/\/lequotidien.mr\/index.php?rest_route=%2Fwp%2Fv2%2Fcomments&post=26248"}],"version-history":[{"count":1,"href":"https:\/\/lequotidien.mr\/index.php?rest_route=\/wp\/v2\/posts\/26248\/revisions"}],"predecessor-version":[{"id":26250,"href":"https:\/\/lequotidien.mr\/index.php?rest_route=\/wp\/v2\/posts\/26248\/revisions\/26250"}],"wp:featuredmedia":[{"embeddable":true,"href":"https:\/\/lequotidien.mr\/index.php?rest_route=\/wp\/v2\/media\/26249"}],"wp:attachment":[{"href":"https:\/\/lequotidien.mr\/index.php?rest_route=%2Fwp%2Fv2%2Fmedia&parent=26248"}],"wp:term":[{"taxonomy":"category","embeddable":true,"href":"https:\/\/lequotidien.mr\/index.php?rest_route=%2Fwp%2Fv2%2Fcategories&post=26248"},{"taxonomy":"post_tag","embeddable":true,"href":"https:\/\/lequotidien.mr\/index.php?rest_route=%2Fwp%2Fv2%2Ftags&post=26248"}],"curies":[{"name":"wp","href":"https:\/\/api.w.org\/{rel}","templated":true}]}}