{"id":26245,"date":"2025-03-19T19:02:27","date_gmt":"2025-03-19T19:02:27","guid":{"rendered":"https:\/\/lequotidien.mr\/?p=26245"},"modified":"2025-03-19T19:02:27","modified_gmt":"2025-03-19T19:02:27","slug":"iftar-en-lhonneur-des-dockers-le-porte-parole-de-cette-categorie-socioprofessionnelle-remercie-le-president-de-la-republique","status":"publish","type":"post","link":"https:\/\/lequotidien.mr\/?p=26245&lang=fr","title":{"rendered":"Iftar en l\u2019honneur des dockers : Le porte-parole de cette cat\u00e9gorie socioprofessionnelle remercie le Pr\u00e9sident de la R\u00e9publique"},"content":{"rendered":"<p>\u00c0 l\u2019occasion d\u2019une c\u00e9r\u00e9monie d\u2019iftar organis\u00e9e lundi soir par la pr\u00e9sidence de la R\u00e9publique en l\u2019honneur des dockers du port autonome de Nouakchott, M. Taleb Merba, porte-parole de ces travailleurs, a exprim\u00e9 sa profonde gratitude envers le Pr\u00e9sident de la R\u00e9publique, M. Mohamed Cheikh El Ghazouani, pour l\u2019attention soutenue qu\u2019il accorde aux travailleurs, en particulier \u00e0 ceux du secteur portuaire.<\/p>\n<p>Dans un discours empreint d\u2019\u00e9motion, M. Merba a retrac\u00e9 le parcours difficile des dockers sous les r\u00e9gimes pr\u00e9c\u00e9dents, marqu\u00e9 selon lui par \u00ab la n\u00e9gligence et la marginalisation \u00bb. Il a soulign\u00e9 que ces conditions avaient persist\u00e9 jusqu\u2019\u00e0 l\u2019\u00e9lection du pr\u00e9sident El Ghazouani en 2019, une date qu\u2019il qualifie de \u00ab tournant d\u00e9cisif \u00bb pour la profession. \u00ab Depuis son arriv\u00e9e au pouvoir, les probl\u00e8mes structurels qui entravaient notre quotidien ont commenc\u00e9 \u00e0 \u00eatre r\u00e9solus, un \u00e0 un \u00bb, a-t-il affirm\u00e9, \u00e9num\u00e9rant les avanc\u00e9es concr\u00e8tes obtenues : recrutement officiel, couverture maladie, s\u00e9curit\u00e9 sociale, et d\u2019autres droits assimil\u00e9s \u00e0 ceux de tout employ\u00e9 mauritanien.<\/p>\n<p>Le porte-parole a particuli\u00e8rement salu\u00e9 l\u2019engagement du chef de l\u2019\u00c9tat \u00e0 honorer ses promesses, insistant sur la dignit\u00e9 retrouv\u00e9e des dockers. \u00ab Aujourd\u2019hui, nous travaillons dans des conditions \u00e9quitables, avec des droits et des devoirs clairs. Cela renforce notre attachement \u00e0 contribuer au d\u00e9veloppement \u00e9conomique du pays \u00bb, a-t-il d\u00e9clar\u00e9.<\/p>\n<p>Un geste symbolique fort a \u00e9galement retenu l\u2019attention : la pr\u00e9sence personnelle du pr\u00e9sident El Ghazouani \u00e0 cet iftar, o\u00f9 il a partag\u00e9 le repas de rupture du je\u00fbne avec les dockers. Pour M. Merba, ce geste \u00ab traduit l\u2019estime et le respect que le pr\u00e9sident porte \u00e0 notre cat\u00e9gorie \u00bb. \u00ab Qu\u2019il ait choisi de s\u2019asseoir \u00e0 nos c\u00f4t\u00e9s, d\u2019\u00e9couter nos r\u00e9alit\u00e9s, est une marque de consid\u00e9ration qui nous touche profond\u00e9ment \u00bb, a-t-il ajout\u00e9, exprimant au nom de ses coll\u00e8gues une \u00ab reconnaissance infinie \u00bb.<\/p>\n<p>Enfin, le porte-parole a \u00e9tendu ses remerciements \u00e0 l\u2019administration g\u00e9n\u00e9rale du port et aux entit\u00e9s en charge de la gestion des dockers, pour \u00ab les efforts et les facilit\u00e9s mis en place afin de simplifier notre travail \u00bb. Il a appel\u00e9 \u00e0 poursuivre cette dynamique collaborative, gage selon lui de stabilit\u00e9 et de progr\u00e8s social.<\/p>\n<p>Cette c\u00e9r\u00e9monie, au-del\u00e0 de son aspect symbolique, illustre la volont\u00e9 affich\u00e9e des autorit\u00e9s actuelles de placer les travailleurs au c\u0153ur des priorit\u00e9s nationales, un message fort en cette p\u00e9riode de Ramadan, d\u00e9di\u00e9e au partage et \u00e0 la solidarit\u00e9.<\/p>\n<p>&nbsp;<\/p>\n","protected":false},"excerpt":{"rendered":"<p>\u00c0 l\u2019occasion d\u2019une c\u00e9r\u00e9monie d\u2019iftar organis\u00e9e lundi soir par la pr\u00e9sidence de la R\u00e9publique en l\u2019honneur des dockers du port autonome de Nouakchott, M. Taleb Merba, porte-parole de ces travailleurs, a exprim\u00e9 sa profonde gratitude envers le Pr\u00e9sident de la R\u00e9publique, M. Mohamed Cheikh El Ghazouani, pour l\u2019attention soutenue qu\u2019il accorde aux travailleurs, en particulier&#8230;..<\/p>\n","protected":false},"author":12,"featured_media":26246,"comment_status":"open","ping_status":"open","sticky":false,"template":"","format":"standard","meta":{"footnotes":""},"categories":[23,49],"tags":[],"class_list":["post-26245","post","type-post","status-publish","format-standard","has-post-thumbnail","hentry","category-actualite","category-economie"],"yoast_head":"<!-- This site is optimized with the Yoast SEO plugin v27.5 - https:\/\/yoast.com\/product\/yoast-seo-wordpress\/ -->\n<title>Iftar en l\u2019honneur des dockers : Le porte-parole de cette cat\u00e9gorie socioprofessionnelle remercie le Pr\u00e9sident de la R\u00e9publique - Le Quotidien de Nouakchott<\/title>\n<meta name=\"robots\" content=\"index, follow, max-snippet:-1, max-image-preview:large, max-video-preview:-1\" \/>\n<link rel=\"canonical\" href=\"https:\/\/lequotidien.mr\/?p=26245&lang=fr\" \/>\n<meta property=\"og:locale\" content=\"ar_AR\" \/>\n<meta property=\"og:type\" content=\"article\" \/>\n<meta property=\"og:title\" content=\"Iftar en l\u2019honneur des dockers : Le porte-parole de cette cat\u00e9gorie socioprofessionnelle remercie le Pr\u00e9sident de la R\u00e9publique - Le Quotidien de Nouakchott\" \/>\n<meta property=\"og:description\" content=\"\u00c0 l\u2019occasion d\u2019une c\u00e9r\u00e9monie d\u2019iftar organis\u00e9e lundi soir par la pr\u00e9sidence de la R\u00e9publique en l\u2019honneur des dockers du port autonome de Nouakchott, M. Taleb Merba, porte-parole de ces travailleurs, a exprim\u00e9 sa profonde gratitude envers le Pr\u00e9sident de la R\u00e9publique, M. Mohamed Cheikh El Ghazouani, pour l\u2019attention soutenue qu\u2019il accorde aux travailleurs, en particulier.....\" \/>\n<meta property=\"og:url\" content=\"https:\/\/lequotidien.mr\/?p=26245&amp;lang=fr\" \/>\n<meta property=\"og:site_name\" content=\"Le Quotidien de Nouakchott\" \/>\n<meta property=\"article:publisher\" content=\"https:\/\/web.facebook.com\/lequotidienmr\" \/>\n<meta property=\"article:published_time\" content=\"2025-03-19T19:02:27+00:00\" \/>\n<meta property=\"og:image\" content=\"https:\/\/lequotidien.mr\/wp-content\/uploads\/2025\/03\/photo-porte-parole-dockers.jpg\" \/>\n\t<meta property=\"og:image:width\" content=\"750\" \/>\n\t<meta property=\"og:image:height\" content=\"430\" \/>\n\t<meta property=\"og:image:type\" content=\"image\/jpeg\" \/>\n<meta name=\"author\" content=\"Med Ahmed\" \/>\n<meta name=\"twitter:card\" content=\"summary_large_image\" \/>\n<meta name=\"twitter:creator\" content=\"@lequotidienmr\" \/>\n<meta name=\"twitter:site\" content=\"@lequotidienmr\" \/>\n<meta name=\"twitter:label1\" content=\"\u0643\u064f\u062a\u0628 \u0628\u0648\u0627\u0633\u0637\u0629\" \/>\n\t<meta name=\"twitter:data1\" content=\"Med Ahmed\" \/>\n\t<meta name=\"twitter:label2\" content=\"\u0648\u0642\u062a \u0627\u0644\u0642\u0631\u0627\u0621\u0629 \u0627\u0644\u0645\u064f\u0642\u062f\u0651\u0631\" \/>\n\t<meta name=\"twitter:data2\" content=\"\u062f\u0642\u064a\u0642\u062a\u0627\u0646\" \/>\n<script type=\"application\/ld+json\" class=\"yoast-schema-graph\">{\"@context\":\"https:\\\/\\\/schema.org\",\"@graph\":[{\"@type\":\"Article\",\"@id\":\"https:\\\/\\\/lequotidien.mr\\\/?p=26245&lang=fr#article\",\"isPartOf\":{\"@id\":\"https:\\\/\\\/lequotidien.mr\\\/?p=26245&lang=fr\"},\"author\":{\"name\":\"Med Ahmed\",\"@id\":\"https:\\\/\\\/lequotidien.mr\\\/#\\\/schema\\\/person\\\/d2d350202a4d599685ed8abc25f97596\"},\"headline\":\"Iftar en l\u2019honneur des dockers : Le porte-parole de cette cat\u00e9gorie socioprofessionnelle remercie le Pr\u00e9sident de la R\u00e9publique\",\"datePublished\":\"2025-03-19T19:02:27+00:00\",\"mainEntityOfPage\":{\"@id\":\"https:\\\/\\\/lequotidien.mr\\\/?p=26245&lang=fr\"},\"wordCount\":452,\"commentCount\":0,\"publisher\":{\"@id\":\"https:\\\/\\\/lequotidien.mr\\\/#organization\"},\"image\":{\"@id\":\"https:\\\/\\\/lequotidien.mr\\\/?p=26245&lang=fr#primaryimage\"},\"thumbnailUrl\":\"https:\\\/\\\/lequotidien.mr\\\/wp-content\\\/uploads\\\/2025\\\/03\\\/photo-porte-parole-dockers.jpg\",\"articleSection\":[\"ACTUALIT\u00c9\",\"Economie\"],\"inLanguage\":\"ar\",\"potentialAction\":[{\"@type\":\"CommentAction\",\"name\":\"Comment\",\"target\":[\"https:\\\/\\\/lequotidien.mr\\\/?p=26245&lang=fr#respond\"]}]},{\"@type\":\"WebPage\",\"@id\":\"https:\\\/\\\/lequotidien.mr\\\/?p=26245&lang=fr\",\"url\":\"https:\\\/\\\/lequotidien.mr\\\/?p=26245&lang=fr\",\"name\":\"Iftar en l\u2019honneur des dockers : Le porte-parole de cette cat\u00e9gorie socioprofessionnelle remercie le Pr\u00e9sident de la R\u00e9publique - Le Quotidien de Nouakchott\",\"isPartOf\":{\"@id\":\"https:\\\/\\\/lequotidien.mr\\\/#website\"},\"primaryImageOfPage\":{\"@id\":\"https:\\\/\\\/lequotidien.mr\\\/?p=26245&lang=fr#primaryimage\"},\"image\":{\"@id\":\"https:\\\/\\\/lequotidien.mr\\\/?p=26245&lang=fr#primaryimage\"},\"thumbnailUrl\":\"https:\\\/\\\/lequotidien.mr\\\/wp-content\\\/uploads\\\/2025\\\/03\\\/photo-porte-parole-dockers.jpg\",\"datePublished\":\"2025-03-19T19:02:27+00:00\",\"breadcrumb\":{\"@id\":\"https:\\\/\\\/lequotidien.mr\\\/?p=26245&lang=fr#breadcrumb\"},\"inLanguage\":\"ar\",\"potentialAction\":[{\"@type\":\"ReadAction\",\"target\":[\"https:\\\/\\\/lequotidien.mr\\\/?p=26245&lang=fr\"]}]},{\"@type\":\"ImageObject\",\"inLanguage\":\"ar\",\"@id\":\"https:\\\/\\\/lequotidien.mr\\\/?p=26245&lang=fr#primaryimage\",\"url\":\"https:\\\/\\\/lequotidien.mr\\\/wp-content\\\/uploads\\\/2025\\\/03\\\/photo-porte-parole-dockers.jpg\",\"contentUrl\":\"https:\\\/\\\/lequotidien.mr\\\/wp-content\\\/uploads\\\/2025\\\/03\\\/photo-porte-parole-dockers.jpg\",\"width\":750,\"height\":430},{\"@type\":\"BreadcrumbList\",\"@id\":\"https:\\\/\\\/lequotidien.mr\\\/?p=26245&lang=fr#breadcrumb\",\"itemListElement\":[{\"@type\":\"ListItem\",\"position\":1,\"name\":\"Home\",\"item\":\"https:\\\/\\\/lequotidien.mr\\\/\"},{\"@type\":\"ListItem\",\"position\":2,\"name\":\"Iftar en l\u2019honneur des dockers : Le porte-parole de cette cat\u00e9gorie socioprofessionnelle remercie le Pr\u00e9sident de la R\u00e9publique\"}]},{\"@type\":\"WebSite\",\"@id\":\"https:\\\/\\\/lequotidien.mr\\\/#website\",\"url\":\"https:\\\/\\\/lequotidien.mr\\\/\",\"name\":\"Le Quotidien de Nouakchott\",\"description\":\"\u0625\u062e\u0628\u0627\u0631\u064a\u0629 \u0645\u0633\u062a\u0642\u0644\u0629 \u0644\u0644\u0623\u0646\u0628\u0627\u0621 \u0627\u0644\u0639\u0627\u0645\u0629\",\"publisher\":{\"@id\":\"https:\\\/\\\/lequotidien.mr\\\/#organization\"},\"potentialAction\":[{\"@type\":\"SearchAction\",\"target\":{\"@type\":\"EntryPoint\",\"urlTemplate\":\"https:\\\/\\\/lequotidien.mr\\\/?s={search_term_string}\"},\"query-input\":{\"@type\":\"PropertyValueSpecification\",\"valueRequired\":true,\"valueName\":\"search_term_string\"}}],\"inLanguage\":\"ar\"},{\"@type\":\"Organization\",\"@id\":\"https:\\\/\\\/lequotidien.mr\\\/#organization\",\"name\":\"Le Quotidien de Nouakchott\",\"url\":\"https:\\\/\\\/lequotidien.mr\\\/\",\"logo\":{\"@type\":\"ImageObject\",\"inLanguage\":\"ar\",\"@id\":\"https:\\\/\\\/lequotidien.mr\\\/#\\\/schema\\\/logo\\\/image\\\/\",\"url\":\"https:\\\/\\\/lequotidien.mr\\\/wp-content\\\/uploads\\\/2022\\\/11\\\/logolequotidien.jpg\",\"contentUrl\":\"https:\\\/\\\/lequotidien.mr\\\/wp-content\\\/uploads\\\/2022\\\/11\\\/logolequotidien.jpg\",\"width\":290,\"height\":65,\"caption\":\"Le Quotidien de Nouakchott\"},\"image\":{\"@id\":\"https:\\\/\\\/lequotidien.mr\\\/#\\\/schema\\\/logo\\\/image\\\/\"},\"sameAs\":[\"https:\\\/\\\/web.facebook.com\\\/lequotidienmr\",\"https:\\\/\\\/x.com\\\/lequotidienmr\"]},{\"@type\":\"Person\",\"@id\":\"https:\\\/\\\/lequotidien.mr\\\/#\\\/schema\\\/person\\\/d2d350202a4d599685ed8abc25f97596\",\"name\":\"Med Ahmed\",\"image\":{\"@type\":\"ImageObject\",\"inLanguage\":\"ar\",\"@id\":\"https:\\\/\\\/secure.gravatar.com\\\/avatar\\\/fd2acc62ed50732923d1d39c17172c9b04149f142be92310ecc69e1358f94b52?s=96&d=mm&r=g\",\"url\":\"https:\\\/\\\/secure.gravatar.com\\\/avatar\\\/fd2acc62ed50732923d1d39c17172c9b04149f142be92310ecc69e1358f94b52?s=96&d=mm&r=g\",\"contentUrl\":\"https:\\\/\\\/secure.gravatar.com\\\/avatar\\\/fd2acc62ed50732923d1d39c17172c9b04149f142be92310ecc69e1358f94b52?s=96&d=mm&r=g\",\"caption\":\"Med Ahmed\"},\"url\":\"https:\\\/\\\/lequotidien.mr\\\/?author=12\"}]}<\/script>\n<!-- \/ Yoast SEO plugin. -->","yoast_head_json":{"title":"Iftar en l\u2019honneur des dockers : Le porte-parole de cette cat\u00e9gorie socioprofessionnelle remercie le Pr\u00e9sident de la R\u00e9publique - Le Quotidien de Nouakchott","robots":{"index":"index","follow":"follow","max-snippet":"max-snippet:-1","max-image-preview":"max-image-preview:large","max-video-preview":"max-video-preview:-1"},"canonical":"https:\/\/lequotidien.mr\/?p=26245&lang=fr","og_locale":"ar_AR","og_type":"article","og_title":"Iftar en l\u2019honneur des dockers : Le porte-parole de cette cat\u00e9gorie socioprofessionnelle remercie le Pr\u00e9sident de la R\u00e9publique - Le Quotidien de Nouakchott","og_description":"\u00c0 l\u2019occasion d\u2019une c\u00e9r\u00e9monie d\u2019iftar organis\u00e9e lundi soir par la pr\u00e9sidence de la R\u00e9publique en l\u2019honneur des dockers du port autonome de Nouakchott, M. Taleb Merba, porte-parole de ces travailleurs, a exprim\u00e9 sa profonde gratitude envers le Pr\u00e9sident de la R\u00e9publique, M. Mohamed Cheikh El Ghazouani, pour l\u2019attention soutenue qu\u2019il accorde aux travailleurs, en particulier.....","og_url":"https:\/\/lequotidien.mr\/?p=26245&lang=fr","og_site_name":"Le Quotidien de Nouakchott","article_publisher":"https:\/\/web.facebook.com\/lequotidienmr","article_published_time":"2025-03-19T19:02:27+00:00","og_image":[{"width":750,"height":430,"url":"https:\/\/lequotidien.mr\/wp-content\/uploads\/2025\/03\/photo-porte-parole-dockers.jpg","type":"image\/jpeg"}],"author":"Med Ahmed","twitter_card":"summary_large_image","twitter_creator":"@lequotidienmr","twitter_site":"@lequotidienmr","twitter_misc":{"\u0643\u064f\u062a\u0628 \u0628\u0648\u0627\u0633\u0637\u0629":"Med Ahmed","\u0648\u0642\u062a \u0627\u0644\u0642\u0631\u0627\u0621\u0629 \u0627\u0644\u0645\u064f\u0642\u062f\u0651\u0631":"\u062f\u0642\u064a\u0642\u062a\u0627\u0646"},"schema":{"@context":"https:\/\/schema.org","@graph":[{"@type":"Article","@id":"https:\/\/lequotidien.mr\/?p=26245&lang=fr#article","isPartOf":{"@id":"https:\/\/lequotidien.mr\/?p=26245&lang=fr"},"author":{"name":"Med Ahmed","@id":"https:\/\/lequotidien.mr\/#\/schema\/person\/d2d350202a4d599685ed8abc25f97596"},"headline":"Iftar en l\u2019honneur des dockers : Le porte-parole de cette cat\u00e9gorie socioprofessionnelle remercie le Pr\u00e9sident de la R\u00e9publique","datePublished":"2025-03-19T19:02:27+00:00","mainEntityOfPage":{"@id":"https:\/\/lequotidien.mr\/?p=26245&lang=fr"},"wordCount":452,"commentCount":0,"publisher":{"@id":"https:\/\/lequotidien.mr\/#organization"},"image":{"@id":"https:\/\/lequotidien.mr\/?p=26245&lang=fr#primaryimage"},"thumbnailUrl":"https:\/\/lequotidien.mr\/wp-content\/uploads\/2025\/03\/photo-porte-parole-dockers.jpg","articleSection":["ACTUALIT\u00c9","Economie"],"inLanguage":"ar","potentialAction":[{"@type":"CommentAction","name":"Comment","target":["https:\/\/lequotidien.mr\/?p=26245&lang=fr#respond"]}]},{"@type":"WebPage","@id":"https:\/\/lequotidien.mr\/?p=26245&lang=fr","url":"https:\/\/lequotidien.mr\/?p=26245&lang=fr","name":"Iftar en l\u2019honneur des dockers : Le porte-parole de cette cat\u00e9gorie socioprofessionnelle remercie le Pr\u00e9sident de la R\u00e9publique - Le Quotidien de Nouakchott","isPartOf":{"@id":"https:\/\/lequotidien.mr\/#website"},"primaryImageOfPage":{"@id":"https:\/\/lequotidien.mr\/?p=26245&lang=fr#primaryimage"},"image":{"@id":"https:\/\/lequotidien.mr\/?p=26245&lang=fr#primaryimage"},"thumbnailUrl":"https:\/\/lequotidien.mr\/wp-content\/uploads\/2025\/03\/photo-porte-parole-dockers.jpg","datePublished":"2025-03-19T19:02:27+00:00","breadcrumb":{"@id":"https:\/\/lequotidien.mr\/?p=26245&lang=fr#breadcrumb"},"inLanguage":"ar","potentialAction":[{"@type":"ReadAction","target":["https:\/\/lequotidien.mr\/?p=26245&lang=fr"]}]},{"@type":"ImageObject","inLanguage":"ar","@id":"https:\/\/lequotidien.mr\/?p=26245&lang=fr#primaryimage","url":"https:\/\/lequotidien.mr\/wp-content\/uploads\/2025\/03\/photo-porte-parole-dockers.jpg","contentUrl":"https:\/\/lequotidien.mr\/wp-content\/uploads\/2025\/03\/photo-porte-parole-dockers.jpg","width":750,"height":430},{"@type":"BreadcrumbList","@id":"https:\/\/lequotidien.mr\/?p=26245&lang=fr#breadcrumb","itemListElement":[{"@type":"ListItem","position":1,"name":"Home","item":"https:\/\/lequotidien.mr\/"},{"@type":"ListItem","position":2,"name":"Iftar en l\u2019honneur des dockers : Le porte-parole de cette cat\u00e9gorie socioprofessionnelle remercie le Pr\u00e9sident de la R\u00e9publique"}]},{"@type":"WebSite","@id":"https:\/\/lequotidien.mr\/#website","url":"https:\/\/lequotidien.mr\/","name":"Le Quotidien de Nouakchott","description":"\u0625\u062e\u0628\u0627\u0631\u064a\u0629 \u0645\u0633\u062a\u0642\u0644\u0629 \u0644\u0644\u0623\u0646\u0628\u0627\u0621 \u0627\u0644\u0639\u0627\u0645\u0629","publisher":{"@id":"https:\/\/lequotidien.mr\/#organization"},"potentialAction":[{"@type":"SearchAction","target":{"@type":"EntryPoint","urlTemplate":"https:\/\/lequotidien.mr\/?s={search_term_string}"},"query-input":{"@type":"PropertyValueSpecification","valueRequired":true,"valueName":"search_term_string"}}],"inLanguage":"ar"},{"@type":"Organization","@id":"https:\/\/lequotidien.mr\/#organization","name":"Le Quotidien de Nouakchott","url":"https:\/\/lequotidien.mr\/","logo":{"@type":"ImageObject","inLanguage":"ar","@id":"https:\/\/lequotidien.mr\/#\/schema\/logo\/image\/","url":"https:\/\/lequotidien.mr\/wp-content\/uploads\/2022\/11\/logolequotidien.jpg","contentUrl":"https:\/\/lequotidien.mr\/wp-content\/uploads\/2022\/11\/logolequotidien.jpg","width":290,"height":65,"caption":"Le Quotidien de Nouakchott"},"image":{"@id":"https:\/\/lequotidien.mr\/#\/schema\/logo\/image\/"},"sameAs":["https:\/\/web.facebook.com\/lequotidienmr","https:\/\/x.com\/lequotidienmr"]},{"@type":"Person","@id":"https:\/\/lequotidien.mr\/#\/schema\/person\/d2d350202a4d599685ed8abc25f97596","name":"Med Ahmed","image":{"@type":"ImageObject","inLanguage":"ar","@id":"https:\/\/secure.gravatar.com\/avatar\/fd2acc62ed50732923d1d39c17172c9b04149f142be92310ecc69e1358f94b52?s=96&d=mm&r=g","url":"https:\/\/secure.gravatar.com\/avatar\/fd2acc62ed50732923d1d39c17172c9b04149f142be92310ecc69e1358f94b52?s=96&d=mm&r=g","contentUrl":"https:\/\/secure.gravatar.com\/avatar\/fd2acc62ed50732923d1d39c17172c9b04149f142be92310ecc69e1358f94b52?s=96&d=mm&r=g","caption":"Med Ahmed"},"url":"https:\/\/lequotidien.mr\/?author=12"}]}},"_links":{"self":[{"href":"https:\/\/lequotidien.mr\/index.php?rest_route=\/wp\/v2\/posts\/26245","targetHints":{"allow":["GET"]}}],"collection":[{"href":"https:\/\/lequotidien.mr\/index.php?rest_route=\/wp\/v2\/posts"}],"about":[{"href":"https:\/\/lequotidien.mr\/index.php?rest_route=\/wp\/v2\/types\/post"}],"author":[{"embeddable":true,"href":"https:\/\/lequotidien.mr\/index.php?rest_route=\/wp\/v2\/users\/12"}],"replies":[{"embeddable":true,"href":"https:\/\/lequotidien.mr\/index.php?rest_route=%2Fwp%2Fv2%2Fcomments&post=26245"}],"version-history":[{"count":1,"href":"https:\/\/lequotidien.mr\/index.php?rest_route=\/wp\/v2\/posts\/26245\/revisions"}],"predecessor-version":[{"id":26247,"href":"https:\/\/lequotidien.mr\/index.php?rest_route=\/wp\/v2\/posts\/26245\/revisions\/26247"}],"wp:featuredmedia":[{"embeddable":true,"href":"https:\/\/lequotidien.mr\/index.php?rest_route=\/wp\/v2\/media\/26246"}],"wp:attachment":[{"href":"https:\/\/lequotidien.mr\/index.php?rest_route=%2Fwp%2Fv2%2Fmedia&parent=26245"}],"wp:term":[{"taxonomy":"category","embeddable":true,"href":"https:\/\/lequotidien.mr\/index.php?rest_route=%2Fwp%2Fv2%2Fcategories&post=26245"},{"taxonomy":"post_tag","embeddable":true,"href":"https:\/\/lequotidien.mr\/index.php?rest_route=%2Fwp%2Fv2%2Ftags&post=26245"}],"curies":[{"name":"wp","href":"https:\/\/api.w.org\/{rel}","templated":true}]}}