{"id":26219,"date":"2025-03-17T22:17:13","date_gmt":"2025-03-17T22:17:13","guid":{"rendered":"https:\/\/lequotidien.mr\/?p=26219"},"modified":"2025-03-17T22:54:57","modified_gmt":"2025-03-17T22:54:57","slug":"la-famille-noueigued-est-evincee-de-realisation-du-raccordement-electrique-nouakchott-idini","status":"publish","type":"post","link":"https:\/\/lequotidien.mr\/?p=26219&lang=fr","title":{"rendered":"La  famille Noueigued est \u00e9vinc\u00e9e de la r\u00e9alisation du raccordement \u00e9lectrique Nouakchott-Idini"},"content":{"rendered":"<p>Sercom de la famille Noueigued et son partenaire s\u00e9n\u00e9galais Sicotame ne r\u00e9aliseront pas les travaux de construction de la \u00a0ligne 33 kV Nouakchott-Idini d\u00e9di\u00e9e au syst\u00e8me de pompage d\u2019eau potable<\/p>\n<p>Le duo mauritano-s\u00e9n\u00e9galais vient en effet d\u2019\u00e9carter du contrat au profit de la soci\u00e9t\u00e9 mauritanienne Energie Source B\u00e2timent (ESB).<\/p>\n<p>Cette PME \u00a0dont le si\u00e8ge social se situe\u00a0 \u00e0 Nouakchott se chargera donc de l\u2019ex\u00e9cution du march\u00e9 dans un d\u00e9lai de huit mois en contrepartie de 736 millions mro.<\/p>\n<p>C\u2019est suite \u00e0 une r\u00e9\u00e9valuation des \u00a0offres de diff\u00e9rents candidats en lice pour l\u2019appel d\u2019offres pilot\u00e9e par Sidi Salem, le DG la Somelec, et ordonn\u00e9e \u00a0par l\u2019Autorit\u00e9 de r\u00e9gulation des march\u00e9s publics qu\u2019ESB a \u00e9t\u00e9 finalement retenue pour les travaux de r\u00e9alisation de la ligne 33 kV Nouakchott-Idini d\u00e9di\u00e9e au syst\u00e8me de pompage d\u2019eau potable.<\/p>\n<p>C\u2019est la deuxi\u00e8me fois que le contrat est r\u00e9attribu\u00e9. En effet CTM B\u00e2timent, autre PME mauritanienne avait \u00e9t\u00e9 d\u00e9clar\u00e9e attributaire du march\u00e9 pour 819 millions avant d\u2019\u00eatre \u00e9vinc\u00e9e au profit du duo Sercom-Sicotame dont les exigences financi\u00e8res s\u2019\u00e9l\u00e8vent \u00e0 534 millions mro.<\/p>\n","protected":false},"excerpt":{"rendered":"<p>Sercom de la famille Noueigued et son partenaire s\u00e9n\u00e9galais Sicotame ne r\u00e9aliseront pas les travaux de construction de la \u00a0ligne 33 kV Nouakchott-Idini d\u00e9di\u00e9e au syst\u00e8me de pompage d\u2019eau potable Le duo mauritano-s\u00e9n\u00e9galais vient en effet d\u2019\u00e9carter du contrat au profit de la soci\u00e9t\u00e9 mauritanienne Energie Source B\u00e2timent (ESB). Cette PME \u00a0dont le si\u00e8ge social&#8230;..<\/p>\n","protected":false},"author":5,"featured_media":26220,"comment_status":"open","ping_status":"open","sticky":false,"template":"","format":"standard","meta":{"footnotes":""},"categories":[23,49,57],"tags":[],"class_list":["post-26219","post","type-post","status-publish","format-standard","has-post-thumbnail","hentry","category-actualite","category-economie","category-couverture-specilale"],"yoast_head":"<!-- This site is optimized with the Yoast SEO plugin v27.5 - https:\/\/yoast.com\/product\/yoast-seo-wordpress\/ -->\n<title>La famille Noueigued est \u00e9vinc\u00e9e de la r\u00e9alisation du raccordement \u00e9lectrique Nouakchott-Idini - Le Quotidien de Nouakchott<\/title>\n<meta name=\"robots\" content=\"index, follow, max-snippet:-1, max-image-preview:large, max-video-preview:-1\" \/>\n<link rel=\"canonical\" href=\"https:\/\/lequotidien.mr\/?p=26219&lang=fr\" \/>\n<meta property=\"og:locale\" content=\"ar_AR\" \/>\n<meta property=\"og:type\" content=\"article\" \/>\n<meta property=\"og:title\" content=\"La famille Noueigued est \u00e9vinc\u00e9e de la r\u00e9alisation du raccordement \u00e9lectrique Nouakchott-Idini - Le Quotidien de Nouakchott\" \/>\n<meta property=\"og:description\" content=\"Sercom de la famille Noueigued et son partenaire s\u00e9n\u00e9galais Sicotame ne r\u00e9aliseront pas les travaux de construction de la \u00a0ligne 33 kV Nouakchott-Idini d\u00e9di\u00e9e au syst\u00e8me de pompage d\u2019eau potable Le duo mauritano-s\u00e9n\u00e9galais vient en effet d\u2019\u00e9carter du contrat au profit de la soci\u00e9t\u00e9 mauritanienne Energie Source B\u00e2timent (ESB). Cette PME \u00a0dont le si\u00e8ge social.....\" \/>\n<meta property=\"og:url\" content=\"https:\/\/lequotidien.mr\/?p=26219&amp;lang=fr\" \/>\n<meta property=\"og:site_name\" content=\"Le Quotidien de Nouakchott\" \/>\n<meta property=\"article:publisher\" content=\"https:\/\/web.facebook.com\/lequotidienmr\" \/>\n<meta property=\"article:published_time\" content=\"2025-03-17T22:17:13+00:00\" \/>\n<meta property=\"article:modified_time\" content=\"2025-03-17T22:54:57+00:00\" \/>\n<meta property=\"og:image\" content=\"https:\/\/lequotidien.mr\/wp-content\/uploads\/2025\/03\/09-08-2019S00003.jpg\" \/>\n\t<meta property=\"og:image:width\" content=\"800\" \/>\n\t<meta property=\"og:image:height\" content=\"640\" \/>\n\t<meta property=\"og:image:type\" content=\"image\/jpeg\" \/>\n<meta name=\"author\" content=\"Gayi Diawara\" \/>\n<meta name=\"twitter:card\" content=\"summary_large_image\" \/>\n<meta name=\"twitter:creator\" content=\"@lequotidienmr\" \/>\n<meta name=\"twitter:site\" content=\"@lequotidienmr\" \/>\n<meta name=\"twitter:label1\" content=\"\u0643\u064f\u062a\u0628 \u0628\u0648\u0627\u0633\u0637\u0629\" \/>\n\t<meta name=\"twitter:data1\" content=\"Gayi Diawara\" \/>\n\t<meta name=\"twitter:label2\" content=\"\u0648\u0642\u062a \u0627\u0644\u0642\u0631\u0627\u0621\u0629 \u0627\u0644\u0645\u064f\u0642\u062f\u0651\u0631\" \/>\n\t<meta name=\"twitter:data2\" content=\"\u062f\u0642\u064a\u0642\u0629 \u0648\u0627\u062d\u062f\u0629\" \/>\n<script type=\"application\/ld+json\" class=\"yoast-schema-graph\">{\"@context\":\"https:\\\/\\\/schema.org\",\"@graph\":[{\"@type\":\"Article\",\"@id\":\"https:\\\/\\\/lequotidien.mr\\\/?p=26219&lang=fr#article\",\"isPartOf\":{\"@id\":\"https:\\\/\\\/lequotidien.mr\\\/?p=26219&lang=fr\"},\"author\":{\"name\":\"Gayi Diawara\",\"@id\":\"https:\\\/\\\/lequotidien.mr\\\/#\\\/schema\\\/person\\\/1077c8abd5640a6514b909318d271dee\"},\"headline\":\"La famille Noueigued est \u00e9vinc\u00e9e de la r\u00e9alisation du raccordement \u00e9lectrique Nouakchott-Idini\",\"datePublished\":\"2025-03-17T22:17:13+00:00\",\"dateModified\":\"2025-03-17T22:54:57+00:00\",\"mainEntityOfPage\":{\"@id\":\"https:\\\/\\\/lequotidien.mr\\\/?p=26219&lang=fr\"},\"wordCount\":224,\"commentCount\":0,\"publisher\":{\"@id\":\"https:\\\/\\\/lequotidien.mr\\\/#organization\"},\"image\":{\"@id\":\"https:\\\/\\\/lequotidien.mr\\\/?p=26219&lang=fr#primaryimage\"},\"thumbnailUrl\":\"https:\\\/\\\/lequotidien.mr\\\/wp-content\\\/uploads\\\/2025\\\/03\\\/09-08-2019S00003.jpg\",\"articleSection\":[\"ACTUALIT\u00c9\",\"Economie\",\"Couverture sp\u00e9cilale\"],\"inLanguage\":\"ar\",\"potentialAction\":[{\"@type\":\"CommentAction\",\"name\":\"Comment\",\"target\":[\"https:\\\/\\\/lequotidien.mr\\\/?p=26219&lang=fr#respond\"]}]},{\"@type\":\"WebPage\",\"@id\":\"https:\\\/\\\/lequotidien.mr\\\/?p=26219&lang=fr\",\"url\":\"https:\\\/\\\/lequotidien.mr\\\/?p=26219&lang=fr\",\"name\":\"La famille Noueigued est \u00e9vinc\u00e9e de la r\u00e9alisation du raccordement \u00e9lectrique Nouakchott-Idini - Le Quotidien de Nouakchott\",\"isPartOf\":{\"@id\":\"https:\\\/\\\/lequotidien.mr\\\/#website\"},\"primaryImageOfPage\":{\"@id\":\"https:\\\/\\\/lequotidien.mr\\\/?p=26219&lang=fr#primaryimage\"},\"image\":{\"@id\":\"https:\\\/\\\/lequotidien.mr\\\/?p=26219&lang=fr#primaryimage\"},\"thumbnailUrl\":\"https:\\\/\\\/lequotidien.mr\\\/wp-content\\\/uploads\\\/2025\\\/03\\\/09-08-2019S00003.jpg\",\"datePublished\":\"2025-03-17T22:17:13+00:00\",\"dateModified\":\"2025-03-17T22:54:57+00:00\",\"breadcrumb\":{\"@id\":\"https:\\\/\\\/lequotidien.mr\\\/?p=26219&lang=fr#breadcrumb\"},\"inLanguage\":\"ar\",\"potentialAction\":[{\"@type\":\"ReadAction\",\"target\":[\"https:\\\/\\\/lequotidien.mr\\\/?p=26219&lang=fr\"]}]},{\"@type\":\"ImageObject\",\"inLanguage\":\"ar\",\"@id\":\"https:\\\/\\\/lequotidien.mr\\\/?p=26219&lang=fr#primaryimage\",\"url\":\"https:\\\/\\\/lequotidien.mr\\\/wp-content\\\/uploads\\\/2025\\\/03\\\/09-08-2019S00003.jpg\",\"contentUrl\":\"https:\\\/\\\/lequotidien.mr\\\/wp-content\\\/uploads\\\/2025\\\/03\\\/09-08-2019S00003.jpg\",\"width\":800,\"height\":640},{\"@type\":\"BreadcrumbList\",\"@id\":\"https:\\\/\\\/lequotidien.mr\\\/?p=26219&lang=fr#breadcrumb\",\"itemListElement\":[{\"@type\":\"ListItem\",\"position\":1,\"name\":\"Home\",\"item\":\"https:\\\/\\\/lequotidien.mr\\\/\"},{\"@type\":\"ListItem\",\"position\":2,\"name\":\"La famille Noueigued est \u00e9vinc\u00e9e de la r\u00e9alisation du raccordement \u00e9lectrique Nouakchott-Idini\"}]},{\"@type\":\"WebSite\",\"@id\":\"https:\\\/\\\/lequotidien.mr\\\/#website\",\"url\":\"https:\\\/\\\/lequotidien.mr\\\/\",\"name\":\"Le Quotidien de Nouakchott\",\"description\":\"\u0625\u062e\u0628\u0627\u0631\u064a\u0629 \u0645\u0633\u062a\u0642\u0644\u0629 \u0644\u0644\u0623\u0646\u0628\u0627\u0621 \u0627\u0644\u0639\u0627\u0645\u0629\",\"publisher\":{\"@id\":\"https:\\\/\\\/lequotidien.mr\\\/#organization\"},\"potentialAction\":[{\"@type\":\"SearchAction\",\"target\":{\"@type\":\"EntryPoint\",\"urlTemplate\":\"https:\\\/\\\/lequotidien.mr\\\/?s={search_term_string}\"},\"query-input\":{\"@type\":\"PropertyValueSpecification\",\"valueRequired\":true,\"valueName\":\"search_term_string\"}}],\"inLanguage\":\"ar\"},{\"@type\":\"Organization\",\"@id\":\"https:\\\/\\\/lequotidien.mr\\\/#organization\",\"name\":\"Le Quotidien de Nouakchott\",\"url\":\"https:\\\/\\\/lequotidien.mr\\\/\",\"logo\":{\"@type\":\"ImageObject\",\"inLanguage\":\"ar\",\"@id\":\"https:\\\/\\\/lequotidien.mr\\\/#\\\/schema\\\/logo\\\/image\\\/\",\"url\":\"https:\\\/\\\/lequotidien.mr\\\/wp-content\\\/uploads\\\/2022\\\/11\\\/logolequotidien.jpg\",\"contentUrl\":\"https:\\\/\\\/lequotidien.mr\\\/wp-content\\\/uploads\\\/2022\\\/11\\\/logolequotidien.jpg\",\"width\":290,\"height\":65,\"caption\":\"Le Quotidien de Nouakchott\"},\"image\":{\"@id\":\"https:\\\/\\\/lequotidien.mr\\\/#\\\/schema\\\/logo\\\/image\\\/\"},\"sameAs\":[\"https:\\\/\\\/web.facebook.com\\\/lequotidienmr\",\"https:\\\/\\\/x.com\\\/lequotidienmr\"]},{\"@type\":\"Person\",\"@id\":\"https:\\\/\\\/lequotidien.mr\\\/#\\\/schema\\\/person\\\/1077c8abd5640a6514b909318d271dee\",\"name\":\"Gayi Diawara\",\"image\":{\"@type\":\"ImageObject\",\"inLanguage\":\"ar\",\"@id\":\"https:\\\/\\\/secure.gravatar.com\\\/avatar\\\/63ea8db1e19a6d2d608b24c0f78b5f3a7d6e0bc11959fec273410af333e4d0ac?s=96&d=mm&r=g\",\"url\":\"https:\\\/\\\/secure.gravatar.com\\\/avatar\\\/63ea8db1e19a6d2d608b24c0f78b5f3a7d6e0bc11959fec273410af333e4d0ac?s=96&d=mm&r=g\",\"contentUrl\":\"https:\\\/\\\/secure.gravatar.com\\\/avatar\\\/63ea8db1e19a6d2d608b24c0f78b5f3a7d6e0bc11959fec273410af333e4d0ac?s=96&d=mm&r=g\",\"caption\":\"Gayi Diawara\"},\"sameAs\":[\"http:\\\/\\\/lequotidien.mr\"],\"url\":\"https:\\\/\\\/lequotidien.mr\\\/?author=5\"}]}<\/script>\n<!-- \/ Yoast SEO plugin. -->","yoast_head_json":{"title":"La famille Noueigued est \u00e9vinc\u00e9e de la r\u00e9alisation du raccordement \u00e9lectrique Nouakchott-Idini - Le Quotidien de Nouakchott","robots":{"index":"index","follow":"follow","max-snippet":"max-snippet:-1","max-image-preview":"max-image-preview:large","max-video-preview":"max-video-preview:-1"},"canonical":"https:\/\/lequotidien.mr\/?p=26219&lang=fr","og_locale":"ar_AR","og_type":"article","og_title":"La famille Noueigued est \u00e9vinc\u00e9e de la r\u00e9alisation du raccordement \u00e9lectrique Nouakchott-Idini - Le Quotidien de Nouakchott","og_description":"Sercom de la famille Noueigued et son partenaire s\u00e9n\u00e9galais Sicotame ne r\u00e9aliseront pas les travaux de construction de la \u00a0ligne 33 kV Nouakchott-Idini d\u00e9di\u00e9e au syst\u00e8me de pompage d\u2019eau potable Le duo mauritano-s\u00e9n\u00e9galais vient en effet d\u2019\u00e9carter du contrat au profit de la soci\u00e9t\u00e9 mauritanienne Energie Source B\u00e2timent (ESB). Cette PME \u00a0dont le si\u00e8ge social.....","og_url":"https:\/\/lequotidien.mr\/?p=26219&lang=fr","og_site_name":"Le Quotidien de Nouakchott","article_publisher":"https:\/\/web.facebook.com\/lequotidienmr","article_published_time":"2025-03-17T22:17:13+00:00","article_modified_time":"2025-03-17T22:54:57+00:00","og_image":[{"width":800,"height":640,"url":"https:\/\/lequotidien.mr\/wp-content\/uploads\/2025\/03\/09-08-2019S00003.jpg","type":"image\/jpeg"}],"author":"Gayi Diawara","twitter_card":"summary_large_image","twitter_creator":"@lequotidienmr","twitter_site":"@lequotidienmr","twitter_misc":{"\u0643\u064f\u062a\u0628 \u0628\u0648\u0627\u0633\u0637\u0629":"Gayi Diawara","\u0648\u0642\u062a \u0627\u0644\u0642\u0631\u0627\u0621\u0629 \u0627\u0644\u0645\u064f\u0642\u062f\u0651\u0631":"\u062f\u0642\u064a\u0642\u0629 \u0648\u0627\u062d\u062f\u0629"},"schema":{"@context":"https:\/\/schema.org","@graph":[{"@type":"Article","@id":"https:\/\/lequotidien.mr\/?p=26219&lang=fr#article","isPartOf":{"@id":"https:\/\/lequotidien.mr\/?p=26219&lang=fr"},"author":{"name":"Gayi Diawara","@id":"https:\/\/lequotidien.mr\/#\/schema\/person\/1077c8abd5640a6514b909318d271dee"},"headline":"La famille Noueigued est \u00e9vinc\u00e9e de la r\u00e9alisation du raccordement \u00e9lectrique Nouakchott-Idini","datePublished":"2025-03-17T22:17:13+00:00","dateModified":"2025-03-17T22:54:57+00:00","mainEntityOfPage":{"@id":"https:\/\/lequotidien.mr\/?p=26219&lang=fr"},"wordCount":224,"commentCount":0,"publisher":{"@id":"https:\/\/lequotidien.mr\/#organization"},"image":{"@id":"https:\/\/lequotidien.mr\/?p=26219&lang=fr#primaryimage"},"thumbnailUrl":"https:\/\/lequotidien.mr\/wp-content\/uploads\/2025\/03\/09-08-2019S00003.jpg","articleSection":["ACTUALIT\u00c9","Economie","Couverture sp\u00e9cilale"],"inLanguage":"ar","potentialAction":[{"@type":"CommentAction","name":"Comment","target":["https:\/\/lequotidien.mr\/?p=26219&lang=fr#respond"]}]},{"@type":"WebPage","@id":"https:\/\/lequotidien.mr\/?p=26219&lang=fr","url":"https:\/\/lequotidien.mr\/?p=26219&lang=fr","name":"La famille Noueigued est \u00e9vinc\u00e9e de la r\u00e9alisation du raccordement \u00e9lectrique Nouakchott-Idini - Le Quotidien de Nouakchott","isPartOf":{"@id":"https:\/\/lequotidien.mr\/#website"},"primaryImageOfPage":{"@id":"https:\/\/lequotidien.mr\/?p=26219&lang=fr#primaryimage"},"image":{"@id":"https:\/\/lequotidien.mr\/?p=26219&lang=fr#primaryimage"},"thumbnailUrl":"https:\/\/lequotidien.mr\/wp-content\/uploads\/2025\/03\/09-08-2019S00003.jpg","datePublished":"2025-03-17T22:17:13+00:00","dateModified":"2025-03-17T22:54:57+00:00","breadcrumb":{"@id":"https:\/\/lequotidien.mr\/?p=26219&lang=fr#breadcrumb"},"inLanguage":"ar","potentialAction":[{"@type":"ReadAction","target":["https:\/\/lequotidien.mr\/?p=26219&lang=fr"]}]},{"@type":"ImageObject","inLanguage":"ar","@id":"https:\/\/lequotidien.mr\/?p=26219&lang=fr#primaryimage","url":"https:\/\/lequotidien.mr\/wp-content\/uploads\/2025\/03\/09-08-2019S00003.jpg","contentUrl":"https:\/\/lequotidien.mr\/wp-content\/uploads\/2025\/03\/09-08-2019S00003.jpg","width":800,"height":640},{"@type":"BreadcrumbList","@id":"https:\/\/lequotidien.mr\/?p=26219&lang=fr#breadcrumb","itemListElement":[{"@type":"ListItem","position":1,"name":"Home","item":"https:\/\/lequotidien.mr\/"},{"@type":"ListItem","position":2,"name":"La famille Noueigued est \u00e9vinc\u00e9e de la r\u00e9alisation du raccordement \u00e9lectrique Nouakchott-Idini"}]},{"@type":"WebSite","@id":"https:\/\/lequotidien.mr\/#website","url":"https:\/\/lequotidien.mr\/","name":"Le Quotidien de Nouakchott","description":"\u0625\u062e\u0628\u0627\u0631\u064a\u0629 \u0645\u0633\u062a\u0642\u0644\u0629 \u0644\u0644\u0623\u0646\u0628\u0627\u0621 \u0627\u0644\u0639\u0627\u0645\u0629","publisher":{"@id":"https:\/\/lequotidien.mr\/#organization"},"potentialAction":[{"@type":"SearchAction","target":{"@type":"EntryPoint","urlTemplate":"https:\/\/lequotidien.mr\/?s={search_term_string}"},"query-input":{"@type":"PropertyValueSpecification","valueRequired":true,"valueName":"search_term_string"}}],"inLanguage":"ar"},{"@type":"Organization","@id":"https:\/\/lequotidien.mr\/#organization","name":"Le Quotidien de Nouakchott","url":"https:\/\/lequotidien.mr\/","logo":{"@type":"ImageObject","inLanguage":"ar","@id":"https:\/\/lequotidien.mr\/#\/schema\/logo\/image\/","url":"https:\/\/lequotidien.mr\/wp-content\/uploads\/2022\/11\/logolequotidien.jpg","contentUrl":"https:\/\/lequotidien.mr\/wp-content\/uploads\/2022\/11\/logolequotidien.jpg","width":290,"height":65,"caption":"Le Quotidien de Nouakchott"},"image":{"@id":"https:\/\/lequotidien.mr\/#\/schema\/logo\/image\/"},"sameAs":["https:\/\/web.facebook.com\/lequotidienmr","https:\/\/x.com\/lequotidienmr"]},{"@type":"Person","@id":"https:\/\/lequotidien.mr\/#\/schema\/person\/1077c8abd5640a6514b909318d271dee","name":"Gayi Diawara","image":{"@type":"ImageObject","inLanguage":"ar","@id":"https:\/\/secure.gravatar.com\/avatar\/63ea8db1e19a6d2d608b24c0f78b5f3a7d6e0bc11959fec273410af333e4d0ac?s=96&d=mm&r=g","url":"https:\/\/secure.gravatar.com\/avatar\/63ea8db1e19a6d2d608b24c0f78b5f3a7d6e0bc11959fec273410af333e4d0ac?s=96&d=mm&r=g","contentUrl":"https:\/\/secure.gravatar.com\/avatar\/63ea8db1e19a6d2d608b24c0f78b5f3a7d6e0bc11959fec273410af333e4d0ac?s=96&d=mm&r=g","caption":"Gayi Diawara"},"sameAs":["http:\/\/lequotidien.mr"],"url":"https:\/\/lequotidien.mr\/?author=5"}]}},"_links":{"self":[{"href":"https:\/\/lequotidien.mr\/index.php?rest_route=\/wp\/v2\/posts\/26219","targetHints":{"allow":["GET"]}}],"collection":[{"href":"https:\/\/lequotidien.mr\/index.php?rest_route=\/wp\/v2\/posts"}],"about":[{"href":"https:\/\/lequotidien.mr\/index.php?rest_route=\/wp\/v2\/types\/post"}],"author":[{"embeddable":true,"href":"https:\/\/lequotidien.mr\/index.php?rest_route=\/wp\/v2\/users\/5"}],"replies":[{"embeddable":true,"href":"https:\/\/lequotidien.mr\/index.php?rest_route=%2Fwp%2Fv2%2Fcomments&post=26219"}],"version-history":[{"count":3,"href":"https:\/\/lequotidien.mr\/index.php?rest_route=\/wp\/v2\/posts\/26219\/revisions"}],"predecessor-version":[{"id":26230,"href":"https:\/\/lequotidien.mr\/index.php?rest_route=\/wp\/v2\/posts\/26219\/revisions\/26230"}],"wp:featuredmedia":[{"embeddable":true,"href":"https:\/\/lequotidien.mr\/index.php?rest_route=\/wp\/v2\/media\/26220"}],"wp:attachment":[{"href":"https:\/\/lequotidien.mr\/index.php?rest_route=%2Fwp%2Fv2%2Fmedia&parent=26219"}],"wp:term":[{"taxonomy":"category","embeddable":true,"href":"https:\/\/lequotidien.mr\/index.php?rest_route=%2Fwp%2Fv2%2Fcategories&post=26219"},{"taxonomy":"post_tag","embeddable":true,"href":"https:\/\/lequotidien.mr\/index.php?rest_route=%2Fwp%2Fv2%2Ftags&post=26219"}],"curies":[{"name":"wp","href":"https:\/\/api.w.org\/{rel}","templated":true}]}}