{"id":26129,"date":"2025-03-14T09:26:26","date_gmt":"2025-03-14T09:26:26","guid":{"rendered":"https:\/\/lequotidien.mr\/?p=26129"},"modified":"2025-03-14T09:26:26","modified_gmt":"2025-03-14T09:26:26","slug":"le-president-el-ghazouani-impulse-une-nouvelle-dynamique-a-taazour-pour-renforcer-la-solidarite-nationale","status":"publish","type":"post","link":"https:\/\/lequotidien.mr\/?p=26129&lang=fr","title":{"rendered":"Le Pr\u00e9sident El Ghazouani impulse une nouvelle dynamique \u00e0 Taazour pour renforcer la solidarit\u00e9 nationale"},"content":{"rendered":"<p>Le Pr\u00e9sident de la R\u00e9publique, Mohamed Cheikh El Ghazouani, a pr\u00e9sid\u00e9, jeudi au Palais pr\u00e9sidentiel \u00e0 Nouakchott, la deuxi\u00e8me session du Haut Conseil d\u2019orientation strat\u00e9gique de la D\u00e9l\u00e9gation g\u00e9n\u00e9rale \u00e0 la solidarit\u00e9 nationale et \u00e0 la lutte contre l\u2019exclusion (Taazour). Cette r\u00e9union, marqu\u00e9e par l\u2019adoption d\u2019un plan d\u2019action ambitieux, a permis de d\u00e9finir les priorit\u00e9s pour les ann\u00e9es 2025-2029, avec un accent renouvel\u00e9 sur l\u2019inclusion sociale et le d\u00e9veloppement des zones vuln\u00e9rables.<\/p>\n<p><strong>Un bilan et des perspectives pr\u00e9sent\u00e9s<\/strong><\/p>\n<p>Lors de cette session, le d\u00e9l\u00e9gu\u00e9 g\u00e9n\u00e9ral \u00e0 la solidarit\u00e9 nationale, M. Cheikh Bodda, a d\u00e9taill\u00e9 un rapport exhaustif sur les activit\u00e9s de Taazour entre 2020 et 2024. Ce bilan met en lumi\u00e8re les avanc\u00e9es r\u00e9alis\u00e9es en mati\u00e8re d\u2019assistance aux populations marginalis\u00e9es et de lutte contre les in\u00e9galit\u00e9s. Il a \u00e9galement expos\u00e9 les orientations strat\u00e9giques futures, incluant un plan pluriannuel et un programme annuel d\u2019activit\u00e9s pour 2025-2029, ax\u00e9s sur une approche plus int\u00e9gr\u00e9e et territoriale.<\/p>\n<p><strong>Des directives pr\u00e9sidentielles pour une action cibl\u00e9e<\/strong><\/p>\n<p>\u00c0 l\u2019issue des d\u00e9bats, le Pr\u00e9sident El Ghazouani a formul\u00e9 des directives cl\u00e9s pour guider l\u2019action de Taazour. Parmi les mesures phares figurent :<\/p>\n<p><strong>-Le renforcement des moyens de Taazour<\/strong>\u00a0: Appuyer la structure dans ses missions via une dotation accrue en ressources humaines et financi\u00e8res\u00a0;<\/p>\n<p><strong>-Rationalisation et coordination<\/strong>\u00a0: Optimiser l\u2019utilisation des ressources et assurer une synergie totale entre Taazour et les minist\u00e8res concern\u00e9s\u00a0;<\/p>\n<p><strong>-Proximit\u00e9 avec les b\u00e9n\u00e9ficiaires<\/strong>\u00a0: Rapprocher les services de Taazour des populations vuln\u00e9rables, notamment via des antennes locales\u00a0;<\/p>\n<p>&#8211;<strong>Projets structurants dans les zones vuln\u00e9rables<\/strong>\u00a0: Lancer des initiatives d\u2019envergure dans l\u2019agriculture, l\u2019\u00e9levage et la p\u00eache pour stimuler l\u2019\u00e9conomie locale et g\u00e9n\u00e9rer des emplois durables\u00a0;<\/p>\n<p><strong>-Changement des mentalit\u00e9s<\/strong>\u00a0: Promouvoir des campagnes de sensibilisation pour encourager le regroupement des localit\u00e9s et favoriser la coh\u00e9sion sociale\u00a0;<\/p>\n<p><strong>-Consultation des acteurs locaux<\/strong>\u00a0: Intensifier le dialogue avec les leaders communautaires et les OSC pour des solutions adapt\u00e9es aux r\u00e9alit\u00e9s du terrain\u00a0;<\/p>\n<p><strong>-Modernisation du registre social<\/strong>\u00a0: Actualiser r\u00e9guli\u00e8rement les donn\u00e9es pour cibler efficacement les b\u00e9n\u00e9ficiaires.<\/p>\n<p><strong>Une feuille de route pour l\u2019inclusion<\/strong><\/p>\n<p>Le plan d\u2019action adopt\u00e9 lors de cette session souligne la volont\u00e9 de l\u2019\u00c9tat de faire de Taazour un levier central de la politique sociale. Les projets annonc\u00e9s dans les secteurs agricole et pastoral visent non seulement \u00e0 r\u00e9duire la pauvret\u00e9, mais aussi \u00e0 ancrer le d\u00e9veloppement dans les r\u00e9gions les plus recul\u00e9es. La priorit\u00e9 accord\u00e9e \u00e0 l\u2019emploi des jeunes issus des familles vuln\u00e9rables t\u00e9moigne d\u2019une approche inclusive, combinant urgence sociale et vision \u00e0 long terme.<\/p>\n<p><strong>Un engagement collectif<\/strong><\/p>\n<p>La r\u00e9union s\u2019est tenue en pr\u00e9sence des membres du Haut Conseil d\u2019orientation strat\u00e9gique, instance supr\u00eame de Taazour, r\u00e9unissant experts, responsables minist\u00e9riels et repr\u00e9sentants de la soci\u00e9t\u00e9 civile. Cet \u00e9change a permis d\u2019aligner les strat\u00e9gies sur les objectifs nationaux de d\u00e9veloppement durable et de coh\u00e9sion sociale.<\/p>\n<p>Avec cette deuxi\u00e8me session, le Pr\u00e9sident El Ghazouani r\u00e9affirme sa d\u00e9termination \u00e0 \u00e9radiquer l\u2019exclusion, en faisant de Taazour un pilier incontournable de la solidarit\u00e9 nationale. Les prochains mois seront d\u00e9cisifs pour concr\u00e9tiser ces engagements, sous le signe de l\u2019efficacit\u00e9 et de l\u2019\u00e9quit\u00e9.<\/p>\n","protected":false},"excerpt":{"rendered":"<p>Le Pr\u00e9sident de la R\u00e9publique, Mohamed Cheikh El Ghazouani, a pr\u00e9sid\u00e9, jeudi au Palais pr\u00e9sidentiel \u00e0 Nouakchott, la deuxi\u00e8me session du Haut Conseil d\u2019orientation strat\u00e9gique de la D\u00e9l\u00e9gation g\u00e9n\u00e9rale \u00e0 la solidarit\u00e9 nationale et \u00e0 la lutte contre l\u2019exclusion (Taazour). Cette r\u00e9union, marqu\u00e9e par l\u2019adoption d\u2019un plan d\u2019action ambitieux, a permis de d\u00e9finir les priorit\u00e9s&#8230;..<\/p>\n","protected":false},"author":12,"featured_media":26130,"comment_status":"open","ping_status":"open","sticky":false,"template":"","format":"standard","meta":{"footnotes":""},"categories":[23,49],"tags":[],"class_list":["post-26129","post","type-post","status-publish","format-standard","has-post-thumbnail","hentry","category-actualite","category-economie"],"yoast_head":"<!-- This site is optimized with the Yoast SEO plugin v27.5 - https:\/\/yoast.com\/product\/yoast-seo-wordpress\/ -->\n<title>Le Pr\u00e9sident El Ghazouani impulse une nouvelle dynamique \u00e0 Taazour pour renforcer la solidarit\u00e9 nationale - Le Quotidien de Nouakchott<\/title>\n<meta name=\"robots\" content=\"index, follow, max-snippet:-1, max-image-preview:large, max-video-preview:-1\" \/>\n<link rel=\"canonical\" href=\"https:\/\/lequotidien.mr\/?p=26129&lang=fr\" \/>\n<meta property=\"og:locale\" content=\"ar_AR\" \/>\n<meta property=\"og:type\" content=\"article\" \/>\n<meta property=\"og:title\" content=\"Le Pr\u00e9sident El Ghazouani impulse une nouvelle dynamique \u00e0 Taazour pour renforcer la solidarit\u00e9 nationale - Le Quotidien de Nouakchott\" \/>\n<meta property=\"og:description\" content=\"Le Pr\u00e9sident de la R\u00e9publique, Mohamed Cheikh El Ghazouani, a pr\u00e9sid\u00e9, jeudi au Palais pr\u00e9sidentiel \u00e0 Nouakchott, la deuxi\u00e8me session du Haut Conseil d\u2019orientation strat\u00e9gique de la D\u00e9l\u00e9gation g\u00e9n\u00e9rale \u00e0 la solidarit\u00e9 nationale et \u00e0 la lutte contre l\u2019exclusion (Taazour). Cette r\u00e9union, marqu\u00e9e par l\u2019adoption d\u2019un plan d\u2019action ambitieux, a permis de d\u00e9finir les priorit\u00e9s.....\" \/>\n<meta property=\"og:url\" content=\"https:\/\/lequotidien.mr\/?p=26129&amp;lang=fr\" \/>\n<meta property=\"og:site_name\" content=\"Le Quotidien de Nouakchott\" \/>\n<meta property=\"article:publisher\" content=\"https:\/\/web.facebook.com\/lequotidienmr\" \/>\n<meta property=\"article:published_time\" content=\"2025-03-14T09:26:26+00:00\" \/>\n<meta property=\"og:image\" content=\"https:\/\/lequotidien.mr\/wp-content\/uploads\/2025\/03\/phptp-Pdt-Taazour.jpg\" \/>\n\t<meta property=\"og:image:width\" content=\"750\" \/>\n\t<meta property=\"og:image:height\" content=\"430\" \/>\n\t<meta property=\"og:image:type\" content=\"image\/jpeg\" \/>\n<meta name=\"author\" content=\"Med Ahmed\" \/>\n<meta name=\"twitter:card\" content=\"summary_large_image\" \/>\n<meta name=\"twitter:creator\" content=\"@lequotidienmr\" \/>\n<meta name=\"twitter:site\" content=\"@lequotidienmr\" \/>\n<meta name=\"twitter:label1\" content=\"\u0643\u064f\u062a\u0628 \u0628\u0648\u0627\u0633\u0637\u0629\" \/>\n\t<meta name=\"twitter:data1\" content=\"Med Ahmed\" \/>\n\t<meta name=\"twitter:label2\" content=\"\u0648\u0642\u062a \u0627\u0644\u0642\u0631\u0627\u0621\u0629 \u0627\u0644\u0645\u064f\u0642\u062f\u0651\u0631\" \/>\n\t<meta name=\"twitter:data2\" content=\"3 \u062f\u0642\u0627\u0626\u0642\" \/>\n<script type=\"application\/ld+json\" class=\"yoast-schema-graph\">{\"@context\":\"https:\\\/\\\/schema.org\",\"@graph\":[{\"@type\":\"Article\",\"@id\":\"https:\\\/\\\/lequotidien.mr\\\/?p=26129&lang=fr#article\",\"isPartOf\":{\"@id\":\"https:\\\/\\\/lequotidien.mr\\\/?p=26129&lang=fr\"},\"author\":{\"name\":\"Med Ahmed\",\"@id\":\"https:\\\/\\\/lequotidien.mr\\\/#\\\/schema\\\/person\\\/d2d350202a4d599685ed8abc25f97596\"},\"headline\":\"Le Pr\u00e9sident El Ghazouani impulse une nouvelle dynamique \u00e0 Taazour pour renforcer la solidarit\u00e9 nationale\",\"datePublished\":\"2025-03-14T09:26:26+00:00\",\"mainEntityOfPage\":{\"@id\":\"https:\\\/\\\/lequotidien.mr\\\/?p=26129&lang=fr\"},\"wordCount\":607,\"commentCount\":0,\"publisher\":{\"@id\":\"https:\\\/\\\/lequotidien.mr\\\/#organization\"},\"image\":{\"@id\":\"https:\\\/\\\/lequotidien.mr\\\/?p=26129&lang=fr#primaryimage\"},\"thumbnailUrl\":\"https:\\\/\\\/lequotidien.mr\\\/wp-content\\\/uploads\\\/2025\\\/03\\\/phptp-Pdt-Taazour.jpg\",\"articleSection\":[\"ACTUALIT\u00c9\",\"Economie\"],\"inLanguage\":\"ar\",\"potentialAction\":[{\"@type\":\"CommentAction\",\"name\":\"Comment\",\"target\":[\"https:\\\/\\\/lequotidien.mr\\\/?p=26129&lang=fr#respond\"]}]},{\"@type\":\"WebPage\",\"@id\":\"https:\\\/\\\/lequotidien.mr\\\/?p=26129&lang=fr\",\"url\":\"https:\\\/\\\/lequotidien.mr\\\/?p=26129&lang=fr\",\"name\":\"Le Pr\u00e9sident El Ghazouani impulse une nouvelle dynamique \u00e0 Taazour pour renforcer la solidarit\u00e9 nationale - Le Quotidien de Nouakchott\",\"isPartOf\":{\"@id\":\"https:\\\/\\\/lequotidien.mr\\\/#website\"},\"primaryImageOfPage\":{\"@id\":\"https:\\\/\\\/lequotidien.mr\\\/?p=26129&lang=fr#primaryimage\"},\"image\":{\"@id\":\"https:\\\/\\\/lequotidien.mr\\\/?p=26129&lang=fr#primaryimage\"},\"thumbnailUrl\":\"https:\\\/\\\/lequotidien.mr\\\/wp-content\\\/uploads\\\/2025\\\/03\\\/phptp-Pdt-Taazour.jpg\",\"datePublished\":\"2025-03-14T09:26:26+00:00\",\"breadcrumb\":{\"@id\":\"https:\\\/\\\/lequotidien.mr\\\/?p=26129&lang=fr#breadcrumb\"},\"inLanguage\":\"ar\",\"potentialAction\":[{\"@type\":\"ReadAction\",\"target\":[\"https:\\\/\\\/lequotidien.mr\\\/?p=26129&lang=fr\"]}]},{\"@type\":\"ImageObject\",\"inLanguage\":\"ar\",\"@id\":\"https:\\\/\\\/lequotidien.mr\\\/?p=26129&lang=fr#primaryimage\",\"url\":\"https:\\\/\\\/lequotidien.mr\\\/wp-content\\\/uploads\\\/2025\\\/03\\\/phptp-Pdt-Taazour.jpg\",\"contentUrl\":\"https:\\\/\\\/lequotidien.mr\\\/wp-content\\\/uploads\\\/2025\\\/03\\\/phptp-Pdt-Taazour.jpg\",\"width\":750,\"height\":430},{\"@type\":\"BreadcrumbList\",\"@id\":\"https:\\\/\\\/lequotidien.mr\\\/?p=26129&lang=fr#breadcrumb\",\"itemListElement\":[{\"@type\":\"ListItem\",\"position\":1,\"name\":\"Home\",\"item\":\"https:\\\/\\\/lequotidien.mr\\\/\"},{\"@type\":\"ListItem\",\"position\":2,\"name\":\"Le Pr\u00e9sident El Ghazouani impulse une nouvelle dynamique \u00e0 Taazour pour renforcer la solidarit\u00e9 nationale\"}]},{\"@type\":\"WebSite\",\"@id\":\"https:\\\/\\\/lequotidien.mr\\\/#website\",\"url\":\"https:\\\/\\\/lequotidien.mr\\\/\",\"name\":\"Le Quotidien de Nouakchott\",\"description\":\"\u0625\u062e\u0628\u0627\u0631\u064a\u0629 \u0645\u0633\u062a\u0642\u0644\u0629 \u0644\u0644\u0623\u0646\u0628\u0627\u0621 \u0627\u0644\u0639\u0627\u0645\u0629\",\"publisher\":{\"@id\":\"https:\\\/\\\/lequotidien.mr\\\/#organization\"},\"potentialAction\":[{\"@type\":\"SearchAction\",\"target\":{\"@type\":\"EntryPoint\",\"urlTemplate\":\"https:\\\/\\\/lequotidien.mr\\\/?s={search_term_string}\"},\"query-input\":{\"@type\":\"PropertyValueSpecification\",\"valueRequired\":true,\"valueName\":\"search_term_string\"}}],\"inLanguage\":\"ar\"},{\"@type\":\"Organization\",\"@id\":\"https:\\\/\\\/lequotidien.mr\\\/#organization\",\"name\":\"Le Quotidien de Nouakchott\",\"url\":\"https:\\\/\\\/lequotidien.mr\\\/\",\"logo\":{\"@type\":\"ImageObject\",\"inLanguage\":\"ar\",\"@id\":\"https:\\\/\\\/lequotidien.mr\\\/#\\\/schema\\\/logo\\\/image\\\/\",\"url\":\"https:\\\/\\\/lequotidien.mr\\\/wp-content\\\/uploads\\\/2022\\\/11\\\/logolequotidien.jpg\",\"contentUrl\":\"https:\\\/\\\/lequotidien.mr\\\/wp-content\\\/uploads\\\/2022\\\/11\\\/logolequotidien.jpg\",\"width\":290,\"height\":65,\"caption\":\"Le Quotidien de Nouakchott\"},\"image\":{\"@id\":\"https:\\\/\\\/lequotidien.mr\\\/#\\\/schema\\\/logo\\\/image\\\/\"},\"sameAs\":[\"https:\\\/\\\/web.facebook.com\\\/lequotidienmr\",\"https:\\\/\\\/x.com\\\/lequotidienmr\"]},{\"@type\":\"Person\",\"@id\":\"https:\\\/\\\/lequotidien.mr\\\/#\\\/schema\\\/person\\\/d2d350202a4d599685ed8abc25f97596\",\"name\":\"Med Ahmed\",\"image\":{\"@type\":\"ImageObject\",\"inLanguage\":\"ar\",\"@id\":\"https:\\\/\\\/secure.gravatar.com\\\/avatar\\\/fd2acc62ed50732923d1d39c17172c9b04149f142be92310ecc69e1358f94b52?s=96&d=mm&r=g\",\"url\":\"https:\\\/\\\/secure.gravatar.com\\\/avatar\\\/fd2acc62ed50732923d1d39c17172c9b04149f142be92310ecc69e1358f94b52?s=96&d=mm&r=g\",\"contentUrl\":\"https:\\\/\\\/secure.gravatar.com\\\/avatar\\\/fd2acc62ed50732923d1d39c17172c9b04149f142be92310ecc69e1358f94b52?s=96&d=mm&r=g\",\"caption\":\"Med Ahmed\"},\"url\":\"https:\\\/\\\/lequotidien.mr\\\/?author=12\"}]}<\/script>\n<!-- \/ Yoast SEO plugin. -->","yoast_head_json":{"title":"Le Pr\u00e9sident El Ghazouani impulse une nouvelle dynamique \u00e0 Taazour pour renforcer la solidarit\u00e9 nationale - Le Quotidien de Nouakchott","robots":{"index":"index","follow":"follow","max-snippet":"max-snippet:-1","max-image-preview":"max-image-preview:large","max-video-preview":"max-video-preview:-1"},"canonical":"https:\/\/lequotidien.mr\/?p=26129&lang=fr","og_locale":"ar_AR","og_type":"article","og_title":"Le Pr\u00e9sident El Ghazouani impulse une nouvelle dynamique \u00e0 Taazour pour renforcer la solidarit\u00e9 nationale - Le Quotidien de Nouakchott","og_description":"Le Pr\u00e9sident de la R\u00e9publique, Mohamed Cheikh El Ghazouani, a pr\u00e9sid\u00e9, jeudi au Palais pr\u00e9sidentiel \u00e0 Nouakchott, la deuxi\u00e8me session du Haut Conseil d\u2019orientation strat\u00e9gique de la D\u00e9l\u00e9gation g\u00e9n\u00e9rale \u00e0 la solidarit\u00e9 nationale et \u00e0 la lutte contre l\u2019exclusion (Taazour). Cette r\u00e9union, marqu\u00e9e par l\u2019adoption d\u2019un plan d\u2019action ambitieux, a permis de d\u00e9finir les priorit\u00e9s.....","og_url":"https:\/\/lequotidien.mr\/?p=26129&lang=fr","og_site_name":"Le Quotidien de Nouakchott","article_publisher":"https:\/\/web.facebook.com\/lequotidienmr","article_published_time":"2025-03-14T09:26:26+00:00","og_image":[{"width":750,"height":430,"url":"https:\/\/lequotidien.mr\/wp-content\/uploads\/2025\/03\/phptp-Pdt-Taazour.jpg","type":"image\/jpeg"}],"author":"Med Ahmed","twitter_card":"summary_large_image","twitter_creator":"@lequotidienmr","twitter_site":"@lequotidienmr","twitter_misc":{"\u0643\u064f\u062a\u0628 \u0628\u0648\u0627\u0633\u0637\u0629":"Med Ahmed","\u0648\u0642\u062a \u0627\u0644\u0642\u0631\u0627\u0621\u0629 \u0627\u0644\u0645\u064f\u0642\u062f\u0651\u0631":"3 \u062f\u0642\u0627\u0626\u0642"},"schema":{"@context":"https:\/\/schema.org","@graph":[{"@type":"Article","@id":"https:\/\/lequotidien.mr\/?p=26129&lang=fr#article","isPartOf":{"@id":"https:\/\/lequotidien.mr\/?p=26129&lang=fr"},"author":{"name":"Med Ahmed","@id":"https:\/\/lequotidien.mr\/#\/schema\/person\/d2d350202a4d599685ed8abc25f97596"},"headline":"Le Pr\u00e9sident El Ghazouani impulse une nouvelle dynamique \u00e0 Taazour pour renforcer la solidarit\u00e9 nationale","datePublished":"2025-03-14T09:26:26+00:00","mainEntityOfPage":{"@id":"https:\/\/lequotidien.mr\/?p=26129&lang=fr"},"wordCount":607,"commentCount":0,"publisher":{"@id":"https:\/\/lequotidien.mr\/#organization"},"image":{"@id":"https:\/\/lequotidien.mr\/?p=26129&lang=fr#primaryimage"},"thumbnailUrl":"https:\/\/lequotidien.mr\/wp-content\/uploads\/2025\/03\/phptp-Pdt-Taazour.jpg","articleSection":["ACTUALIT\u00c9","Economie"],"inLanguage":"ar","potentialAction":[{"@type":"CommentAction","name":"Comment","target":["https:\/\/lequotidien.mr\/?p=26129&lang=fr#respond"]}]},{"@type":"WebPage","@id":"https:\/\/lequotidien.mr\/?p=26129&lang=fr","url":"https:\/\/lequotidien.mr\/?p=26129&lang=fr","name":"Le Pr\u00e9sident El Ghazouani impulse une nouvelle dynamique \u00e0 Taazour pour renforcer la solidarit\u00e9 nationale - Le Quotidien de Nouakchott","isPartOf":{"@id":"https:\/\/lequotidien.mr\/#website"},"primaryImageOfPage":{"@id":"https:\/\/lequotidien.mr\/?p=26129&lang=fr#primaryimage"},"image":{"@id":"https:\/\/lequotidien.mr\/?p=26129&lang=fr#primaryimage"},"thumbnailUrl":"https:\/\/lequotidien.mr\/wp-content\/uploads\/2025\/03\/phptp-Pdt-Taazour.jpg","datePublished":"2025-03-14T09:26:26+00:00","breadcrumb":{"@id":"https:\/\/lequotidien.mr\/?p=26129&lang=fr#breadcrumb"},"inLanguage":"ar","potentialAction":[{"@type":"ReadAction","target":["https:\/\/lequotidien.mr\/?p=26129&lang=fr"]}]},{"@type":"ImageObject","inLanguage":"ar","@id":"https:\/\/lequotidien.mr\/?p=26129&lang=fr#primaryimage","url":"https:\/\/lequotidien.mr\/wp-content\/uploads\/2025\/03\/phptp-Pdt-Taazour.jpg","contentUrl":"https:\/\/lequotidien.mr\/wp-content\/uploads\/2025\/03\/phptp-Pdt-Taazour.jpg","width":750,"height":430},{"@type":"BreadcrumbList","@id":"https:\/\/lequotidien.mr\/?p=26129&lang=fr#breadcrumb","itemListElement":[{"@type":"ListItem","position":1,"name":"Home","item":"https:\/\/lequotidien.mr\/"},{"@type":"ListItem","position":2,"name":"Le Pr\u00e9sident El Ghazouani impulse une nouvelle dynamique \u00e0 Taazour pour renforcer la solidarit\u00e9 nationale"}]},{"@type":"WebSite","@id":"https:\/\/lequotidien.mr\/#website","url":"https:\/\/lequotidien.mr\/","name":"Le Quotidien de Nouakchott","description":"\u0625\u062e\u0628\u0627\u0631\u064a\u0629 \u0645\u0633\u062a\u0642\u0644\u0629 \u0644\u0644\u0623\u0646\u0628\u0627\u0621 \u0627\u0644\u0639\u0627\u0645\u0629","publisher":{"@id":"https:\/\/lequotidien.mr\/#organization"},"potentialAction":[{"@type":"SearchAction","target":{"@type":"EntryPoint","urlTemplate":"https:\/\/lequotidien.mr\/?s={search_term_string}"},"query-input":{"@type":"PropertyValueSpecification","valueRequired":true,"valueName":"search_term_string"}}],"inLanguage":"ar"},{"@type":"Organization","@id":"https:\/\/lequotidien.mr\/#organization","name":"Le Quotidien de Nouakchott","url":"https:\/\/lequotidien.mr\/","logo":{"@type":"ImageObject","inLanguage":"ar","@id":"https:\/\/lequotidien.mr\/#\/schema\/logo\/image\/","url":"https:\/\/lequotidien.mr\/wp-content\/uploads\/2022\/11\/logolequotidien.jpg","contentUrl":"https:\/\/lequotidien.mr\/wp-content\/uploads\/2022\/11\/logolequotidien.jpg","width":290,"height":65,"caption":"Le Quotidien de Nouakchott"},"image":{"@id":"https:\/\/lequotidien.mr\/#\/schema\/logo\/image\/"},"sameAs":["https:\/\/web.facebook.com\/lequotidienmr","https:\/\/x.com\/lequotidienmr"]},{"@type":"Person","@id":"https:\/\/lequotidien.mr\/#\/schema\/person\/d2d350202a4d599685ed8abc25f97596","name":"Med Ahmed","image":{"@type":"ImageObject","inLanguage":"ar","@id":"https:\/\/secure.gravatar.com\/avatar\/fd2acc62ed50732923d1d39c17172c9b04149f142be92310ecc69e1358f94b52?s=96&d=mm&r=g","url":"https:\/\/secure.gravatar.com\/avatar\/fd2acc62ed50732923d1d39c17172c9b04149f142be92310ecc69e1358f94b52?s=96&d=mm&r=g","contentUrl":"https:\/\/secure.gravatar.com\/avatar\/fd2acc62ed50732923d1d39c17172c9b04149f142be92310ecc69e1358f94b52?s=96&d=mm&r=g","caption":"Med Ahmed"},"url":"https:\/\/lequotidien.mr\/?author=12"}]}},"_links":{"self":[{"href":"https:\/\/lequotidien.mr\/index.php?rest_route=\/wp\/v2\/posts\/26129","targetHints":{"allow":["GET"]}}],"collection":[{"href":"https:\/\/lequotidien.mr\/index.php?rest_route=\/wp\/v2\/posts"}],"about":[{"href":"https:\/\/lequotidien.mr\/index.php?rest_route=\/wp\/v2\/types\/post"}],"author":[{"embeddable":true,"href":"https:\/\/lequotidien.mr\/index.php?rest_route=\/wp\/v2\/users\/12"}],"replies":[{"embeddable":true,"href":"https:\/\/lequotidien.mr\/index.php?rest_route=%2Fwp%2Fv2%2Fcomments&post=26129"}],"version-history":[{"count":1,"href":"https:\/\/lequotidien.mr\/index.php?rest_route=\/wp\/v2\/posts\/26129\/revisions"}],"predecessor-version":[{"id":26131,"href":"https:\/\/lequotidien.mr\/index.php?rest_route=\/wp\/v2\/posts\/26129\/revisions\/26131"}],"wp:featuredmedia":[{"embeddable":true,"href":"https:\/\/lequotidien.mr\/index.php?rest_route=\/wp\/v2\/media\/26130"}],"wp:attachment":[{"href":"https:\/\/lequotidien.mr\/index.php?rest_route=%2Fwp%2Fv2%2Fmedia&parent=26129"}],"wp:term":[{"taxonomy":"category","embeddable":true,"href":"https:\/\/lequotidien.mr\/index.php?rest_route=%2Fwp%2Fv2%2Fcategories&post=26129"},{"taxonomy":"post_tag","embeddable":true,"href":"https:\/\/lequotidien.mr\/index.php?rest_route=%2Fwp%2Fv2%2Ftags&post=26129"}],"curies":[{"name":"wp","href":"https:\/\/api.w.org\/{rel}","templated":true}]}}