{"id":26041,"date":"2025-03-11T16:38:15","date_gmt":"2025-03-11T16:38:15","guid":{"rendered":"https:\/\/lequotidien.mr\/?p=26041"},"modified":"2025-03-11T16:38:15","modified_gmt":"2025-03-11T16:38:15","slug":"luna-inaugure-son-premier-bureau-exterieur-en-palestine-pour-amplifier-la-voix-palestinienne","status":"publish","type":"post","link":"https:\/\/lequotidien.mr\/?p=26041&lang=fr","title":{"rendered":"L\u2019UNA inaugure son premier bureau ext\u00e9rieur en Palestine pour amplifier la voix palestinienne"},"content":{"rendered":"<p>L\u2019Union des agences de presse des pays de l\u2019Organisation de la coop\u00e9ration islamique (UNA) a franchi une \u00e9tape historique, lundi dernier, avec l\u2019inauguration de son\u00a0<strong>premier bureau ext\u00e9rieur<\/strong>\u00a0en dehors de son si\u00e8ge saoudien. Situ\u00e9 en Palestine et h\u00e9berg\u00e9 par les institutions m\u00e9diatiques officielles de l\u2019\u00c9tat, ce nouveau bureau a \u00e9t\u00e9 officiellement lanc\u00e9 par\u00a0<strong>M. Ahmad Assaf<\/strong>, superviseur g\u00e9n\u00e9ral des m\u00e9dias officiels palestiniens et vice-pr\u00e9sident du conseil ex\u00e9cutif de l\u2019UNA, lors d\u2019une c\u00e9r\u00e9monie organis\u00e9e en ligne en pr\u00e9sence de diplomates, de directeurs d\u2019agences de presse membres et de repr\u00e9sentants de l\u2019OCI.<\/p>\n<p><strong>Un levier m\u00e9diatique pour la cause palestinienne<\/strong><\/p>\n<p>Dans son allocution,\u00a0<strong>M. Ali Al-Zaid<\/strong>, pr\u00e9sident par int\u00e9rim du conseil ex\u00e9cutif de l\u2019UNA et pr\u00e9sident de l\u2019Agence de presse saoudienne (SPA), a qualifi\u00e9 cette inauguration de \u00ab\u00a0<strong>avanc\u00e9e significative<\/strong>\u00a0\u00bb pour l\u2019Union. Il a soulign\u00e9 que ce bureau, en s\u2019appuyant sur l\u2019expertise des m\u00e9dias palestiniens, permettra de \u00ab\u00a0<strong>coordonner les efforts m\u00e9diatiques conjoints en faveur de la cause palestinienne et d\u2019Al-Qods Al-Charif<\/strong>\u00a0\u00bb, tout en renfor\u00e7ant la pr\u00e9sence du \u00ab\u00a0<strong>r\u00e9cit palestinien juste<\/strong>\u00a0\u00bb sur la sc\u00e8ne internationale.<\/p>\n<p>M. Al-Zaid a appel\u00e9 les agences membres \u00e0 soutenir activement le bureau, non seulement en relayant ses informations, mais aussi en produisant des contenus adapt\u00e9s \u00e0 son champ d\u2019action, afin de cr\u00e9er une synergie \u00ab <strong>au-del\u00e0 de la simple rediffusion<\/strong>\u00bb.<\/p>\n<p><strong>Documenter les crimes et mobiliser l\u2019opinion mondiale<\/strong><\/p>\n<p><strong>M. Hussein Ibrahim Taha<\/strong>, secr\u00e9taire g\u00e9n\u00e9ral de l\u2019OCI, a salu\u00e9, via un discours lu par l\u2019ambassadeur Samir Bakr, le r\u00f4le crucial des m\u00e9dias dans la \u00ab\u00a0<strong>formation des perceptions<\/strong>\u00bb face \u00e0 l\u2019agression isra\u00e9lienne \u00e0 Gaza. Il a exprim\u00e9 l\u2019espoir que ce bureau contribuera aux efforts de l\u2019unit\u00e9 de surveillance m\u00e9diatique de l\u2019OCI pour \u00ab\u00a0<strong>documenter et exposer les crimes isra\u00e9liens<\/strong>\u00bb contre les Palestiniens.<\/p>\n<p><strong>Un symbole politique et une r\u00e9ponse aux d\u00e9fis de la d\u00e9sinformation<\/strong><\/p>\n<p>Pour\u00a0<strong>M. Ahmad Assaf<\/strong>, ce bureau repr\u00e9sente bien plus qu\u2019une structure op\u00e9rationnelle : c\u2019est un \u00ab\u00a0<strong>message fort de soutien<\/strong>\u00a0\u00bb au droit du peuple palestinien \u00e0 sa terre. Il a insist\u00e9 sur la port\u00e9e \u00ab\u00a0<strong>historique<\/strong>\u00a0\u00bb de l\u2019\u00e9v\u00e9nement, qui ouvre une \u00e8re de \u00ab\u00a0<strong>coop\u00e9ration constructive<\/strong>\u00a0\u00bb entre les m\u00e9dias palestiniens et les 57 pays membres de l\u2019OCI. Le ministre a notamment remerci\u00e9 l\u2019Arabie saoudite, h\u00f4te de l\u2019UNA, ainsi que l\u2019OCI et ses partenaires, pour leur soutien ind\u00e9fectible.<\/p>\n<p><strong>M. Mohammed bin Abdulrab Al-Yami<\/strong>, directeur g\u00e9n\u00e9ral de l\u2019UNA, a rappel\u00e9 que la Palestine, \u00ab\u00a0<strong>souffrant de l\u2019occupation depuis des d\u00e9cennies<\/strong>\u00bb, m\u00e9rite une voix audible. Il a affirm\u00e9 que le bureau sera un outil cl\u00e9 pour \u00ab\u00a0<strong>transmettre la v\u00e9rit\u00e9<\/strong>\u00bb et renforcer la solidarit\u00e9 islamique, malgr\u00e9 les tentatives isra\u00e9liennes de \u00ab\u00a0<strong>taire les journalistes palestiniens<\/strong>\u00a0\u00bb, dont plus de 200 ont \u00e9t\u00e9 tu\u00e9s lors de la derni\u00e8re offensive \u00e0 Gaza.<\/p>\n<p><strong>Concr\u00e9tisation d\u2019une r\u00e9solution strat\u00e9gique<\/strong><\/p>\n<p>Cette inauguration s\u2019inscrit dans la mise en \u0153uvre d\u2019une r\u00e9solution adopt\u00e9e lors de la 6\u1d49 Assembl\u00e9e g\u00e9n\u00e9rale de l\u2019UNA en janvier 2025, visant \u00e0 \u00e9tablir un syst\u00e8me d\u2019\u00e9change d\u2019informations multilingues avec l\u2019Agence de presse palestinienne\u00a0<strong>WAFA<\/strong>. Le bureau, h\u00e9berg\u00e9 par WAFA, aura notamment pour mission de diffuser les actualit\u00e9s palestiniennes dans tous les \u00c9tats membres de l\u2019OCI, en contournant les r\u00e9cits dominants.<\/p>\n<p>En marge des discours, des photographies comm\u00e9moratives ont immortalis\u00e9 cet \u00e9v\u00e9nement, marquant un pas de plus dans la bataille m\u00e9diatique pour la justice en Palestine. Alors que les tensions persistent \u00e0 Gaza, ce bureau incarne l\u2019espoir d\u2019une narration unifi\u00e9e et r\u00e9siliente, capable de d\u00e9fier l\u2019occupation par les mots et les images.<\/p>\n","protected":false},"excerpt":{"rendered":"<p>L\u2019Union des agences de presse des pays de l\u2019Organisation de la coop\u00e9ration islamique (UNA) a franchi une \u00e9tape historique, lundi dernier, avec l\u2019inauguration de son\u00a0premier bureau ext\u00e9rieur\u00a0en dehors de son si\u00e8ge saoudien. Situ\u00e9 en Palestine et h\u00e9berg\u00e9 par les institutions m\u00e9diatiques officielles de l\u2019\u00c9tat, ce nouveau bureau a \u00e9t\u00e9 officiellement lanc\u00e9 par\u00a0M. Ahmad Assaf, superviseur&#8230;..<\/p>\n","protected":false},"author":12,"featured_media":26042,"comment_status":"open","ping_status":"open","sticky":false,"template":"","format":"standard","meta":{"footnotes":""},"categories":[23,55],"tags":[],"class_list":["post-26041","post","type-post","status-publish","format-standard","has-post-thumbnail","hentry","category-actualite","category-culture"],"yoast_head":"<!-- This site is optimized with the Yoast SEO plugin v27.5 - https:\/\/yoast.com\/product\/yoast-seo-wordpress\/ -->\n<title>L\u2019UNA inaugure son premier bureau ext\u00e9rieur en Palestine pour amplifier la voix palestinienne - Le Quotidien de Nouakchott<\/title>\n<meta name=\"robots\" content=\"index, follow, max-snippet:-1, max-image-preview:large, max-video-preview:-1\" \/>\n<link rel=\"canonical\" href=\"https:\/\/lequotidien.mr\/?p=26041&lang=fr\" \/>\n<meta property=\"og:locale\" content=\"ar_AR\" \/>\n<meta property=\"og:type\" content=\"article\" \/>\n<meta property=\"og:title\" content=\"L\u2019UNA inaugure son premier bureau ext\u00e9rieur en Palestine pour amplifier la voix palestinienne - Le Quotidien de Nouakchott\" \/>\n<meta property=\"og:description\" content=\"L\u2019Union des agences de presse des pays de l\u2019Organisation de la coop\u00e9ration islamique (UNA) a franchi une \u00e9tape historique, lundi dernier, avec l\u2019inauguration de son\u00a0premier bureau ext\u00e9rieur\u00a0en dehors de son si\u00e8ge saoudien. Situ\u00e9 en Palestine et h\u00e9berg\u00e9 par les institutions m\u00e9diatiques officielles de l\u2019\u00c9tat, ce nouveau bureau a \u00e9t\u00e9 officiellement lanc\u00e9 par\u00a0M. Ahmad Assaf, superviseur.....\" \/>\n<meta property=\"og:url\" content=\"https:\/\/lequotidien.mr\/?p=26041&amp;lang=fr\" \/>\n<meta property=\"og:site_name\" content=\"Le Quotidien de Nouakchott\" \/>\n<meta property=\"article:publisher\" content=\"https:\/\/web.facebook.com\/lequotidienmr\" \/>\n<meta property=\"article:published_time\" content=\"2025-03-11T16:38:15+00:00\" \/>\n<meta property=\"og:image\" content=\"https:\/\/lequotidien.mr\/wp-content\/uploads\/2025\/03\/photo-media-palestine.jpg\" \/>\n\t<meta property=\"og:image:width\" content=\"750\" \/>\n\t<meta property=\"og:image:height\" content=\"430\" \/>\n\t<meta property=\"og:image:type\" content=\"image\/jpeg\" \/>\n<meta name=\"author\" content=\"Med Ahmed\" \/>\n<meta name=\"twitter:card\" content=\"summary_large_image\" \/>\n<meta name=\"twitter:creator\" content=\"@lequotidienmr\" \/>\n<meta name=\"twitter:site\" content=\"@lequotidienmr\" \/>\n<meta name=\"twitter:label1\" content=\"\u0643\u064f\u062a\u0628 \u0628\u0648\u0627\u0633\u0637\u0629\" \/>\n\t<meta name=\"twitter:data1\" content=\"Med Ahmed\" \/>\n\t<meta name=\"twitter:label2\" content=\"\u0648\u0642\u062a \u0627\u0644\u0642\u0631\u0627\u0621\u0629 \u0627\u0644\u0645\u064f\u0642\u062f\u0651\u0631\" \/>\n\t<meta name=\"twitter:data2\" content=\"3 \u062f\u0642\u0627\u0626\u0642\" \/>\n<script type=\"application\/ld+json\" class=\"yoast-schema-graph\">{\"@context\":\"https:\\\/\\\/schema.org\",\"@graph\":[{\"@type\":\"Article\",\"@id\":\"https:\\\/\\\/lequotidien.mr\\\/?p=26041&lang=fr#article\",\"isPartOf\":{\"@id\":\"https:\\\/\\\/lequotidien.mr\\\/?p=26041&lang=fr\"},\"author\":{\"name\":\"Med Ahmed\",\"@id\":\"https:\\\/\\\/lequotidien.mr\\\/#\\\/schema\\\/person\\\/d2d350202a4d599685ed8abc25f97596\"},\"headline\":\"L\u2019UNA inaugure son premier bureau ext\u00e9rieur en Palestine pour amplifier la voix palestinienne\",\"datePublished\":\"2025-03-11T16:38:15+00:00\",\"mainEntityOfPage\":{\"@id\":\"https:\\\/\\\/lequotidien.mr\\\/?p=26041&lang=fr\"},\"wordCount\":664,\"commentCount\":0,\"publisher\":{\"@id\":\"https:\\\/\\\/lequotidien.mr\\\/#organization\"},\"image\":{\"@id\":\"https:\\\/\\\/lequotidien.mr\\\/?p=26041&lang=fr#primaryimage\"},\"thumbnailUrl\":\"https:\\\/\\\/lequotidien.mr\\\/wp-content\\\/uploads\\\/2025\\\/03\\\/photo-media-palestine.jpg\",\"articleSection\":[\"ACTUALIT\u00c9\",\"Culture\"],\"inLanguage\":\"ar\",\"potentialAction\":[{\"@type\":\"CommentAction\",\"name\":\"Comment\",\"target\":[\"https:\\\/\\\/lequotidien.mr\\\/?p=26041&lang=fr#respond\"]}]},{\"@type\":\"WebPage\",\"@id\":\"https:\\\/\\\/lequotidien.mr\\\/?p=26041&lang=fr\",\"url\":\"https:\\\/\\\/lequotidien.mr\\\/?p=26041&lang=fr\",\"name\":\"L\u2019UNA inaugure son premier bureau ext\u00e9rieur en Palestine pour amplifier la voix palestinienne - Le Quotidien de Nouakchott\",\"isPartOf\":{\"@id\":\"https:\\\/\\\/lequotidien.mr\\\/#website\"},\"primaryImageOfPage\":{\"@id\":\"https:\\\/\\\/lequotidien.mr\\\/?p=26041&lang=fr#primaryimage\"},\"image\":{\"@id\":\"https:\\\/\\\/lequotidien.mr\\\/?p=26041&lang=fr#primaryimage\"},\"thumbnailUrl\":\"https:\\\/\\\/lequotidien.mr\\\/wp-content\\\/uploads\\\/2025\\\/03\\\/photo-media-palestine.jpg\",\"datePublished\":\"2025-03-11T16:38:15+00:00\",\"breadcrumb\":{\"@id\":\"https:\\\/\\\/lequotidien.mr\\\/?p=26041&lang=fr#breadcrumb\"},\"inLanguage\":\"ar\",\"potentialAction\":[{\"@type\":\"ReadAction\",\"target\":[\"https:\\\/\\\/lequotidien.mr\\\/?p=26041&lang=fr\"]}]},{\"@type\":\"ImageObject\",\"inLanguage\":\"ar\",\"@id\":\"https:\\\/\\\/lequotidien.mr\\\/?p=26041&lang=fr#primaryimage\",\"url\":\"https:\\\/\\\/lequotidien.mr\\\/wp-content\\\/uploads\\\/2025\\\/03\\\/photo-media-palestine.jpg\",\"contentUrl\":\"https:\\\/\\\/lequotidien.mr\\\/wp-content\\\/uploads\\\/2025\\\/03\\\/photo-media-palestine.jpg\",\"width\":750,\"height\":430},{\"@type\":\"BreadcrumbList\",\"@id\":\"https:\\\/\\\/lequotidien.mr\\\/?p=26041&lang=fr#breadcrumb\",\"itemListElement\":[{\"@type\":\"ListItem\",\"position\":1,\"name\":\"Home\",\"item\":\"https:\\\/\\\/lequotidien.mr\\\/\"},{\"@type\":\"ListItem\",\"position\":2,\"name\":\"L\u2019UNA inaugure son premier bureau ext\u00e9rieur en Palestine pour amplifier la voix palestinienne\"}]},{\"@type\":\"WebSite\",\"@id\":\"https:\\\/\\\/lequotidien.mr\\\/#website\",\"url\":\"https:\\\/\\\/lequotidien.mr\\\/\",\"name\":\"Le Quotidien de Nouakchott\",\"description\":\"\u0625\u062e\u0628\u0627\u0631\u064a\u0629 \u0645\u0633\u062a\u0642\u0644\u0629 \u0644\u0644\u0623\u0646\u0628\u0627\u0621 \u0627\u0644\u0639\u0627\u0645\u0629\",\"publisher\":{\"@id\":\"https:\\\/\\\/lequotidien.mr\\\/#organization\"},\"potentialAction\":[{\"@type\":\"SearchAction\",\"target\":{\"@type\":\"EntryPoint\",\"urlTemplate\":\"https:\\\/\\\/lequotidien.mr\\\/?s={search_term_string}\"},\"query-input\":{\"@type\":\"PropertyValueSpecification\",\"valueRequired\":true,\"valueName\":\"search_term_string\"}}],\"inLanguage\":\"ar\"},{\"@type\":\"Organization\",\"@id\":\"https:\\\/\\\/lequotidien.mr\\\/#organization\",\"name\":\"Le Quotidien de Nouakchott\",\"url\":\"https:\\\/\\\/lequotidien.mr\\\/\",\"logo\":{\"@type\":\"ImageObject\",\"inLanguage\":\"ar\",\"@id\":\"https:\\\/\\\/lequotidien.mr\\\/#\\\/schema\\\/logo\\\/image\\\/\",\"url\":\"https:\\\/\\\/lequotidien.mr\\\/wp-content\\\/uploads\\\/2022\\\/11\\\/logolequotidien.jpg\",\"contentUrl\":\"https:\\\/\\\/lequotidien.mr\\\/wp-content\\\/uploads\\\/2022\\\/11\\\/logolequotidien.jpg\",\"width\":290,\"height\":65,\"caption\":\"Le Quotidien de Nouakchott\"},\"image\":{\"@id\":\"https:\\\/\\\/lequotidien.mr\\\/#\\\/schema\\\/logo\\\/image\\\/\"},\"sameAs\":[\"https:\\\/\\\/web.facebook.com\\\/lequotidienmr\",\"https:\\\/\\\/x.com\\\/lequotidienmr\"]},{\"@type\":\"Person\",\"@id\":\"https:\\\/\\\/lequotidien.mr\\\/#\\\/schema\\\/person\\\/d2d350202a4d599685ed8abc25f97596\",\"name\":\"Med Ahmed\",\"image\":{\"@type\":\"ImageObject\",\"inLanguage\":\"ar\",\"@id\":\"https:\\\/\\\/secure.gravatar.com\\\/avatar\\\/fd2acc62ed50732923d1d39c17172c9b04149f142be92310ecc69e1358f94b52?s=96&d=mm&r=g\",\"url\":\"https:\\\/\\\/secure.gravatar.com\\\/avatar\\\/fd2acc62ed50732923d1d39c17172c9b04149f142be92310ecc69e1358f94b52?s=96&d=mm&r=g\",\"contentUrl\":\"https:\\\/\\\/secure.gravatar.com\\\/avatar\\\/fd2acc62ed50732923d1d39c17172c9b04149f142be92310ecc69e1358f94b52?s=96&d=mm&r=g\",\"caption\":\"Med Ahmed\"},\"url\":\"https:\\\/\\\/lequotidien.mr\\\/?author=12\"}]}<\/script>\n<!-- \/ Yoast SEO plugin. -->","yoast_head_json":{"title":"L\u2019UNA inaugure son premier bureau ext\u00e9rieur en Palestine pour amplifier la voix palestinienne - Le Quotidien de Nouakchott","robots":{"index":"index","follow":"follow","max-snippet":"max-snippet:-1","max-image-preview":"max-image-preview:large","max-video-preview":"max-video-preview:-1"},"canonical":"https:\/\/lequotidien.mr\/?p=26041&lang=fr","og_locale":"ar_AR","og_type":"article","og_title":"L\u2019UNA inaugure son premier bureau ext\u00e9rieur en Palestine pour amplifier la voix palestinienne - Le Quotidien de Nouakchott","og_description":"L\u2019Union des agences de presse des pays de l\u2019Organisation de la coop\u00e9ration islamique (UNA) a franchi une \u00e9tape historique, lundi dernier, avec l\u2019inauguration de son\u00a0premier bureau ext\u00e9rieur\u00a0en dehors de son si\u00e8ge saoudien. Situ\u00e9 en Palestine et h\u00e9berg\u00e9 par les institutions m\u00e9diatiques officielles de l\u2019\u00c9tat, ce nouveau bureau a \u00e9t\u00e9 officiellement lanc\u00e9 par\u00a0M. Ahmad Assaf, superviseur.....","og_url":"https:\/\/lequotidien.mr\/?p=26041&lang=fr","og_site_name":"Le Quotidien de Nouakchott","article_publisher":"https:\/\/web.facebook.com\/lequotidienmr","article_published_time":"2025-03-11T16:38:15+00:00","og_image":[{"width":750,"height":430,"url":"https:\/\/lequotidien.mr\/wp-content\/uploads\/2025\/03\/photo-media-palestine.jpg","type":"image\/jpeg"}],"author":"Med Ahmed","twitter_card":"summary_large_image","twitter_creator":"@lequotidienmr","twitter_site":"@lequotidienmr","twitter_misc":{"\u0643\u064f\u062a\u0628 \u0628\u0648\u0627\u0633\u0637\u0629":"Med Ahmed","\u0648\u0642\u062a \u0627\u0644\u0642\u0631\u0627\u0621\u0629 \u0627\u0644\u0645\u064f\u0642\u062f\u0651\u0631":"3 \u062f\u0642\u0627\u0626\u0642"},"schema":{"@context":"https:\/\/schema.org","@graph":[{"@type":"Article","@id":"https:\/\/lequotidien.mr\/?p=26041&lang=fr#article","isPartOf":{"@id":"https:\/\/lequotidien.mr\/?p=26041&lang=fr"},"author":{"name":"Med Ahmed","@id":"https:\/\/lequotidien.mr\/#\/schema\/person\/d2d350202a4d599685ed8abc25f97596"},"headline":"L\u2019UNA inaugure son premier bureau ext\u00e9rieur en Palestine pour amplifier la voix palestinienne","datePublished":"2025-03-11T16:38:15+00:00","mainEntityOfPage":{"@id":"https:\/\/lequotidien.mr\/?p=26041&lang=fr"},"wordCount":664,"commentCount":0,"publisher":{"@id":"https:\/\/lequotidien.mr\/#organization"},"image":{"@id":"https:\/\/lequotidien.mr\/?p=26041&lang=fr#primaryimage"},"thumbnailUrl":"https:\/\/lequotidien.mr\/wp-content\/uploads\/2025\/03\/photo-media-palestine.jpg","articleSection":["ACTUALIT\u00c9","Culture"],"inLanguage":"ar","potentialAction":[{"@type":"CommentAction","name":"Comment","target":["https:\/\/lequotidien.mr\/?p=26041&lang=fr#respond"]}]},{"@type":"WebPage","@id":"https:\/\/lequotidien.mr\/?p=26041&lang=fr","url":"https:\/\/lequotidien.mr\/?p=26041&lang=fr","name":"L\u2019UNA inaugure son premier bureau ext\u00e9rieur en Palestine pour amplifier la voix palestinienne - Le Quotidien de Nouakchott","isPartOf":{"@id":"https:\/\/lequotidien.mr\/#website"},"primaryImageOfPage":{"@id":"https:\/\/lequotidien.mr\/?p=26041&lang=fr#primaryimage"},"image":{"@id":"https:\/\/lequotidien.mr\/?p=26041&lang=fr#primaryimage"},"thumbnailUrl":"https:\/\/lequotidien.mr\/wp-content\/uploads\/2025\/03\/photo-media-palestine.jpg","datePublished":"2025-03-11T16:38:15+00:00","breadcrumb":{"@id":"https:\/\/lequotidien.mr\/?p=26041&lang=fr#breadcrumb"},"inLanguage":"ar","potentialAction":[{"@type":"ReadAction","target":["https:\/\/lequotidien.mr\/?p=26041&lang=fr"]}]},{"@type":"ImageObject","inLanguage":"ar","@id":"https:\/\/lequotidien.mr\/?p=26041&lang=fr#primaryimage","url":"https:\/\/lequotidien.mr\/wp-content\/uploads\/2025\/03\/photo-media-palestine.jpg","contentUrl":"https:\/\/lequotidien.mr\/wp-content\/uploads\/2025\/03\/photo-media-palestine.jpg","width":750,"height":430},{"@type":"BreadcrumbList","@id":"https:\/\/lequotidien.mr\/?p=26041&lang=fr#breadcrumb","itemListElement":[{"@type":"ListItem","position":1,"name":"Home","item":"https:\/\/lequotidien.mr\/"},{"@type":"ListItem","position":2,"name":"L\u2019UNA inaugure son premier bureau ext\u00e9rieur en Palestine pour amplifier la voix palestinienne"}]},{"@type":"WebSite","@id":"https:\/\/lequotidien.mr\/#website","url":"https:\/\/lequotidien.mr\/","name":"Le Quotidien de Nouakchott","description":"\u0625\u062e\u0628\u0627\u0631\u064a\u0629 \u0645\u0633\u062a\u0642\u0644\u0629 \u0644\u0644\u0623\u0646\u0628\u0627\u0621 \u0627\u0644\u0639\u0627\u0645\u0629","publisher":{"@id":"https:\/\/lequotidien.mr\/#organization"},"potentialAction":[{"@type":"SearchAction","target":{"@type":"EntryPoint","urlTemplate":"https:\/\/lequotidien.mr\/?s={search_term_string}"},"query-input":{"@type":"PropertyValueSpecification","valueRequired":true,"valueName":"search_term_string"}}],"inLanguage":"ar"},{"@type":"Organization","@id":"https:\/\/lequotidien.mr\/#organization","name":"Le Quotidien de Nouakchott","url":"https:\/\/lequotidien.mr\/","logo":{"@type":"ImageObject","inLanguage":"ar","@id":"https:\/\/lequotidien.mr\/#\/schema\/logo\/image\/","url":"https:\/\/lequotidien.mr\/wp-content\/uploads\/2022\/11\/logolequotidien.jpg","contentUrl":"https:\/\/lequotidien.mr\/wp-content\/uploads\/2022\/11\/logolequotidien.jpg","width":290,"height":65,"caption":"Le Quotidien de Nouakchott"},"image":{"@id":"https:\/\/lequotidien.mr\/#\/schema\/logo\/image\/"},"sameAs":["https:\/\/web.facebook.com\/lequotidienmr","https:\/\/x.com\/lequotidienmr"]},{"@type":"Person","@id":"https:\/\/lequotidien.mr\/#\/schema\/person\/d2d350202a4d599685ed8abc25f97596","name":"Med Ahmed","image":{"@type":"ImageObject","inLanguage":"ar","@id":"https:\/\/secure.gravatar.com\/avatar\/fd2acc62ed50732923d1d39c17172c9b04149f142be92310ecc69e1358f94b52?s=96&d=mm&r=g","url":"https:\/\/secure.gravatar.com\/avatar\/fd2acc62ed50732923d1d39c17172c9b04149f142be92310ecc69e1358f94b52?s=96&d=mm&r=g","contentUrl":"https:\/\/secure.gravatar.com\/avatar\/fd2acc62ed50732923d1d39c17172c9b04149f142be92310ecc69e1358f94b52?s=96&d=mm&r=g","caption":"Med Ahmed"},"url":"https:\/\/lequotidien.mr\/?author=12"}]}},"_links":{"self":[{"href":"https:\/\/lequotidien.mr\/index.php?rest_route=\/wp\/v2\/posts\/26041","targetHints":{"allow":["GET"]}}],"collection":[{"href":"https:\/\/lequotidien.mr\/index.php?rest_route=\/wp\/v2\/posts"}],"about":[{"href":"https:\/\/lequotidien.mr\/index.php?rest_route=\/wp\/v2\/types\/post"}],"author":[{"embeddable":true,"href":"https:\/\/lequotidien.mr\/index.php?rest_route=\/wp\/v2\/users\/12"}],"replies":[{"embeddable":true,"href":"https:\/\/lequotidien.mr\/index.php?rest_route=%2Fwp%2Fv2%2Fcomments&post=26041"}],"version-history":[{"count":1,"href":"https:\/\/lequotidien.mr\/index.php?rest_route=\/wp\/v2\/posts\/26041\/revisions"}],"predecessor-version":[{"id":26043,"href":"https:\/\/lequotidien.mr\/index.php?rest_route=\/wp\/v2\/posts\/26041\/revisions\/26043"}],"wp:featuredmedia":[{"embeddable":true,"href":"https:\/\/lequotidien.mr\/index.php?rest_route=\/wp\/v2\/media\/26042"}],"wp:attachment":[{"href":"https:\/\/lequotidien.mr\/index.php?rest_route=%2Fwp%2Fv2%2Fmedia&parent=26041"}],"wp:term":[{"taxonomy":"category","embeddable":true,"href":"https:\/\/lequotidien.mr\/index.php?rest_route=%2Fwp%2Fv2%2Fcategories&post=26041"},{"taxonomy":"post_tag","embeddable":true,"href":"https:\/\/lequotidien.mr\/index.php?rest_route=%2Fwp%2Fv2%2Ftags&post=26041"}],"curies":[{"name":"wp","href":"https:\/\/api.w.org\/{rel}","templated":true}]}}