{"id":260,"date":"2022-11-11T22:07:23","date_gmt":"2022-11-11T22:07:23","guid":{"rendered":"https:\/\/lequotidien.mr\/?p=260"},"modified":"2022-11-11T22:07:23","modified_gmt":"2022-11-11T22:07:23","slug":"lunion-europeenne-va-connaitre-une-recession-cet-hiver","status":"publish","type":"post","link":"https:\/\/lequotidien.mr\/?p=260&lang=fr","title":{"rendered":"L&#8217;Union europ\u00e9enne va conna\u00eetre une r\u00e9cession cet hiver"},"content":{"rendered":"<p>Avec l&#8217;hiver, arrive la\u00a0r\u00e9cession. Ce vendredi, la Commission europ\u00e9enne a revu fortement \u00e0 la baisse ses pr\u00e9visions pour l&#8217;\u00e9conomie europ\u00e9enne, assaillie par des prix de l&#8217;\u00e9nergie et des niveaux d&#8217;inflation \u00e9lev\u00e9s. Elle pr\u00e9dit une entr\u00e9e en r\u00e9cession au dernier trimestre de l&#8217;ann\u00e9e et qui se poursuivra au premier trimestre de 2023. \u00ab\u200aNous avons des mois difficiles devant nous\u00a0\u00bb, r\u00e9sume le commissaire europ\u00e9en \u00e0 l&#8217;\u00c9conomie, Paolo Gentiloni.<br \/>\nPour 2022, l&#8217;ex\u00e9cutif europ\u00e9en estime la croissance du produit int\u00e9rieur brut (PIB) de la zone euro autour de 3,2\u200a%, et 3,3\u200a% pour l&#8217;ensemble de l&#8217;Union, bien au-dessus des pr\u00e9visions ant\u00e9rieures (2,7\u200a%). L&#8217;\u00e9conomie europ\u00e9enne a jusqu&#8217;ici mieux r\u00e9sist\u00e9 que pr\u00e9vu \u00e0 l&#8217;impact de la guerre en Ukraine, apr\u00e8s s&#8217;\u00eatre remise d&#8217;une r\u00e9cession historique en 2020. Gr\u00e2ce aux politiques budg\u00e9taires massives des gouvernements pour aider m\u00e9nages et entreprises. Mais l&#8217;\u00e9conomie entre d\u00e9sormais dans une phase bien plus risqu\u00e9e. La raison du basculement est connue\u00a0: pression sur les prix de l&#8217;\u00e9nergie, \u00e9rosion du pouvoir d&#8217;achat des m\u00e9nages, incertitude, et des conditions de financement plus serr\u00e9es. \u00ab\u200aLe choc de la guerre est en train de prendre le dessus\u00a0\u00bb, constate Paolo Gentiloni. De quoi faire sombrer l&#8217;Union, la zone euro et la plupart des \u00c9tats membres en r\u00e9cession technique, c&#8217;est-\u00e0-dire dont le PIB a recul\u00e9 pendant deux trimestres cons\u00e9cutifs.<\/p>\n","protected":false},"excerpt":{"rendered":"<p>Avec l&#8217;hiver, arrive la\u00a0r\u00e9cession. Ce vendredi, la Commission europ\u00e9enne a revu fortement \u00e0 la baisse ses pr\u00e9visions pour l&#8217;\u00e9conomie europ\u00e9enne, assaillie par des prix de l&#8217;\u00e9nergie et des niveaux d&#8217;inflation \u00e9lev\u00e9s. Elle pr\u00e9dit une entr\u00e9e en r\u00e9cession au dernier trimestre de l&#8217;ann\u00e9e et qui se poursuivra au premier trimestre de 2023. \u00ab\u200aNous avons des mois&#8230;..<\/p>\n","protected":false},"author":3,"featured_media":261,"comment_status":"open","ping_status":"open","sticky":false,"template":"","format":"standard","meta":{"footnotes":""},"categories":[49],"tags":[],"class_list":["post-260","post","type-post","status-publish","format-standard","has-post-thumbnail","hentry","category-economie"],"yoast_head":"<!-- This site is optimized with the Yoast SEO plugin v27.5 - https:\/\/yoast.com\/product\/yoast-seo-wordpress\/ -->\n<title>L&#039;Union europ\u00e9enne va conna\u00eetre une r\u00e9cession cet hiver - Le Quotidien de Nouakchott<\/title>\n<meta name=\"robots\" content=\"index, follow, max-snippet:-1, max-image-preview:large, max-video-preview:-1\" \/>\n<link rel=\"canonical\" href=\"https:\/\/lequotidien.mr\/?p=260&lang=fr\" \/>\n<meta property=\"og:locale\" content=\"ar_AR\" \/>\n<meta property=\"og:type\" content=\"article\" \/>\n<meta property=\"og:title\" content=\"L&#039;Union europ\u00e9enne va conna\u00eetre une r\u00e9cession cet hiver - Le Quotidien de Nouakchott\" \/>\n<meta property=\"og:description\" content=\"Avec l&#8217;hiver, arrive la\u00a0r\u00e9cession. Ce vendredi, la Commission europ\u00e9enne a revu fortement \u00e0 la baisse ses pr\u00e9visions pour l&#8217;\u00e9conomie europ\u00e9enne, assaillie par des prix de l&#8217;\u00e9nergie et des niveaux d&#8217;inflation \u00e9lev\u00e9s. Elle pr\u00e9dit une entr\u00e9e en r\u00e9cession au dernier trimestre de l&#8217;ann\u00e9e et qui se poursuivra au premier trimestre de 2023. \u00ab\u200aNous avons des mois.....\" \/>\n<meta property=\"og:url\" content=\"https:\/\/lequotidien.mr\/?p=260&amp;lang=fr\" \/>\n<meta property=\"og:site_name\" content=\"Le Quotidien de Nouakchott\" \/>\n<meta property=\"article:publisher\" content=\"https:\/\/web.facebook.com\/lequotidienmr\" \/>\n<meta property=\"article:author\" content=\"https:\/\/web.facebook.com\/a.mleiwih\" \/>\n<meta property=\"article:published_time\" content=\"2022-11-11T22:07:23+00:00\" \/>\n<meta property=\"og:image\" content=\"https:\/\/lequotidien.mr\/wp-content\/uploads\/2022\/11\/11-8.png\" \/>\n\t<meta property=\"og:image:width\" content=\"615\" \/>\n\t<meta property=\"og:image:height\" content=\"350\" \/>\n\t<meta property=\"og:image:type\" content=\"image\/png\" \/>\n<meta name=\"author\" content=\"Alioun M&#039;leiwih\" \/>\n<meta name=\"twitter:card\" content=\"summary_large_image\" \/>\n<meta name=\"twitter:creator\" content=\"@lequotidienmr\" \/>\n<meta name=\"twitter:site\" content=\"@lequotidienmr\" \/>\n<meta name=\"twitter:label1\" content=\"\u0643\u064f\u062a\u0628 \u0628\u0648\u0627\u0633\u0637\u0629\" \/>\n\t<meta name=\"twitter:data1\" content=\"Alioun M&#039;leiwih\" \/>\n\t<meta name=\"twitter:label2\" content=\"\u0648\u0642\u062a \u0627\u0644\u0642\u0631\u0627\u0621\u0629 \u0627\u0644\u0645\u064f\u0642\u062f\u0651\u0631\" \/>\n\t<meta name=\"twitter:data2\" content=\"\u062f\u0642\u064a\u0642\u0629 \u0648\u0627\u062d\u062f\u0629\" \/>\n<script type=\"application\/ld+json\" class=\"yoast-schema-graph\">{\"@context\":\"https:\\\/\\\/schema.org\",\"@graph\":[{\"@type\":\"Article\",\"@id\":\"https:\\\/\\\/lequotidien.mr\\\/?p=260&lang=fr#article\",\"isPartOf\":{\"@id\":\"https:\\\/\\\/lequotidien.mr\\\/?p=260&lang=fr\"},\"author\":{\"name\":\"Alioun M'leiwih\",\"@id\":\"https:\\\/\\\/lequotidien.mr\\\/#\\\/schema\\\/person\\\/69d1518c74c9137087929a20b1272cb0\"},\"headline\":\"L&#8217;Union europ\u00e9enne va conna\u00eetre une r\u00e9cession cet hiver\",\"datePublished\":\"2022-11-11T22:07:23+00:00\",\"mainEntityOfPage\":{\"@id\":\"https:\\\/\\\/lequotidien.mr\\\/?p=260&lang=fr\"},\"wordCount\":264,\"commentCount\":0,\"publisher\":{\"@id\":\"https:\\\/\\\/lequotidien.mr\\\/#organization\"},\"image\":{\"@id\":\"https:\\\/\\\/lequotidien.mr\\\/?p=260&lang=fr#primaryimage\"},\"thumbnailUrl\":\"https:\\\/\\\/lequotidien.mr\\\/wp-content\\\/uploads\\\/2022\\\/11\\\/11-8.png\",\"articleSection\":[\"Economie\"],\"inLanguage\":\"ar\",\"potentialAction\":[{\"@type\":\"CommentAction\",\"name\":\"Comment\",\"target\":[\"https:\\\/\\\/lequotidien.mr\\\/?p=260&lang=fr#respond\"]}]},{\"@type\":\"WebPage\",\"@id\":\"https:\\\/\\\/lequotidien.mr\\\/?p=260&lang=fr\",\"url\":\"https:\\\/\\\/lequotidien.mr\\\/?p=260&lang=fr\",\"name\":\"L'Union europ\u00e9enne va conna\u00eetre une r\u00e9cession cet hiver - Le Quotidien de Nouakchott\",\"isPartOf\":{\"@id\":\"https:\\\/\\\/lequotidien.mr\\\/#website\"},\"primaryImageOfPage\":{\"@id\":\"https:\\\/\\\/lequotidien.mr\\\/?p=260&lang=fr#primaryimage\"},\"image\":{\"@id\":\"https:\\\/\\\/lequotidien.mr\\\/?p=260&lang=fr#primaryimage\"},\"thumbnailUrl\":\"https:\\\/\\\/lequotidien.mr\\\/wp-content\\\/uploads\\\/2022\\\/11\\\/11-8.png\",\"datePublished\":\"2022-11-11T22:07:23+00:00\",\"breadcrumb\":{\"@id\":\"https:\\\/\\\/lequotidien.mr\\\/?p=260&lang=fr#breadcrumb\"},\"inLanguage\":\"ar\",\"potentialAction\":[{\"@type\":\"ReadAction\",\"target\":[\"https:\\\/\\\/lequotidien.mr\\\/?p=260&lang=fr\"]}]},{\"@type\":\"ImageObject\",\"inLanguage\":\"ar\",\"@id\":\"https:\\\/\\\/lequotidien.mr\\\/?p=260&lang=fr#primaryimage\",\"url\":\"https:\\\/\\\/lequotidien.mr\\\/wp-content\\\/uploads\\\/2022\\\/11\\\/11-8.png\",\"contentUrl\":\"https:\\\/\\\/lequotidien.mr\\\/wp-content\\\/uploads\\\/2022\\\/11\\\/11-8.png\",\"width\":615,\"height\":350},{\"@type\":\"BreadcrumbList\",\"@id\":\"https:\\\/\\\/lequotidien.mr\\\/?p=260&lang=fr#breadcrumb\",\"itemListElement\":[{\"@type\":\"ListItem\",\"position\":1,\"name\":\"Home\",\"item\":\"https:\\\/\\\/lequotidien.mr\\\/\"},{\"@type\":\"ListItem\",\"position\":2,\"name\":\"L&rsquo;Union europ\u00e9enne va conna\u00eetre une r\u00e9cession cet hiver\"}]},{\"@type\":\"WebSite\",\"@id\":\"https:\\\/\\\/lequotidien.mr\\\/#website\",\"url\":\"https:\\\/\\\/lequotidien.mr\\\/\",\"name\":\"Le Quotidien de Nouakchott\",\"description\":\"\u0625\u062e\u0628\u0627\u0631\u064a\u0629 \u0645\u0633\u062a\u0642\u0644\u0629 \u0644\u0644\u0623\u0646\u0628\u0627\u0621 \u0627\u0644\u0639\u0627\u0645\u0629\",\"publisher\":{\"@id\":\"https:\\\/\\\/lequotidien.mr\\\/#organization\"},\"potentialAction\":[{\"@type\":\"SearchAction\",\"target\":{\"@type\":\"EntryPoint\",\"urlTemplate\":\"https:\\\/\\\/lequotidien.mr\\\/?s={search_term_string}\"},\"query-input\":{\"@type\":\"PropertyValueSpecification\",\"valueRequired\":true,\"valueName\":\"search_term_string\"}}],\"inLanguage\":\"ar\"},{\"@type\":\"Organization\",\"@id\":\"https:\\\/\\\/lequotidien.mr\\\/#organization\",\"name\":\"Le Quotidien de Nouakchott\",\"url\":\"https:\\\/\\\/lequotidien.mr\\\/\",\"logo\":{\"@type\":\"ImageObject\",\"inLanguage\":\"ar\",\"@id\":\"https:\\\/\\\/lequotidien.mr\\\/#\\\/schema\\\/logo\\\/image\\\/\",\"url\":\"https:\\\/\\\/lequotidien.mr\\\/wp-content\\\/uploads\\\/2022\\\/11\\\/logolequotidien.jpg\",\"contentUrl\":\"https:\\\/\\\/lequotidien.mr\\\/wp-content\\\/uploads\\\/2022\\\/11\\\/logolequotidien.jpg\",\"width\":290,\"height\":65,\"caption\":\"Le Quotidien de Nouakchott\"},\"image\":{\"@id\":\"https:\\\/\\\/lequotidien.mr\\\/#\\\/schema\\\/logo\\\/image\\\/\"},\"sameAs\":[\"https:\\\/\\\/web.facebook.com\\\/lequotidienmr\",\"https:\\\/\\\/x.com\\\/lequotidienmr\"]},{\"@type\":\"Person\",\"@id\":\"https:\\\/\\\/lequotidien.mr\\\/#\\\/schema\\\/person\\\/69d1518c74c9137087929a20b1272cb0\",\"name\":\"Alioun M'leiwih\",\"image\":{\"@type\":\"ImageObject\",\"inLanguage\":\"ar\",\"@id\":\"https:\\\/\\\/secure.gravatar.com\\\/avatar\\\/01f9d357222d7d4ca8f71662f4b081718f06d25b11fc45662ecca0622d507e51?s=96&d=mm&r=g\",\"url\":\"https:\\\/\\\/secure.gravatar.com\\\/avatar\\\/01f9d357222d7d4ca8f71662f4b081718f06d25b11fc45662ecca0622d507e51?s=96&d=mm&r=g\",\"contentUrl\":\"https:\\\/\\\/secure.gravatar.com\\\/avatar\\\/01f9d357222d7d4ca8f71662f4b081718f06d25b11fc45662ecca0622d507e51?s=96&d=mm&r=g\",\"caption\":\"Alioun M'leiwih\"},\"sameAs\":[\"https:\\\/\\\/lequotidien.mr\\\/\",\"https:\\\/\\\/web.facebook.com\\\/a.mleiwih\",\"https:\\\/\\\/www.linkedin.com\\\/in\\\/alimlewih\\\/\"],\"url\":\"https:\\\/\\\/lequotidien.mr\\\/?author=3\"}]}<\/script>\n<!-- \/ Yoast SEO plugin. -->","yoast_head_json":{"title":"L'Union europ\u00e9enne va conna\u00eetre une r\u00e9cession cet hiver - Le Quotidien de Nouakchott","robots":{"index":"index","follow":"follow","max-snippet":"max-snippet:-1","max-image-preview":"max-image-preview:large","max-video-preview":"max-video-preview:-1"},"canonical":"https:\/\/lequotidien.mr\/?p=260&lang=fr","og_locale":"ar_AR","og_type":"article","og_title":"L'Union europ\u00e9enne va conna\u00eetre une r\u00e9cession cet hiver - Le Quotidien de Nouakchott","og_description":"Avec l&#8217;hiver, arrive la\u00a0r\u00e9cession. Ce vendredi, la Commission europ\u00e9enne a revu fortement \u00e0 la baisse ses pr\u00e9visions pour l&#8217;\u00e9conomie europ\u00e9enne, assaillie par des prix de l&#8217;\u00e9nergie et des niveaux d&#8217;inflation \u00e9lev\u00e9s. Elle pr\u00e9dit une entr\u00e9e en r\u00e9cession au dernier trimestre de l&#8217;ann\u00e9e et qui se poursuivra au premier trimestre de 2023. \u00ab\u200aNous avons des mois.....","og_url":"https:\/\/lequotidien.mr\/?p=260&lang=fr","og_site_name":"Le Quotidien de Nouakchott","article_publisher":"https:\/\/web.facebook.com\/lequotidienmr","article_author":"https:\/\/web.facebook.com\/a.mleiwih","article_published_time":"2022-11-11T22:07:23+00:00","og_image":[{"width":615,"height":350,"url":"https:\/\/lequotidien.mr\/wp-content\/uploads\/2022\/11\/11-8.png","type":"image\/png"}],"author":"Alioun M'leiwih","twitter_card":"summary_large_image","twitter_creator":"@lequotidienmr","twitter_site":"@lequotidienmr","twitter_misc":{"\u0643\u064f\u062a\u0628 \u0628\u0648\u0627\u0633\u0637\u0629":"Alioun M'leiwih","\u0648\u0642\u062a \u0627\u0644\u0642\u0631\u0627\u0621\u0629 \u0627\u0644\u0645\u064f\u0642\u062f\u0651\u0631":"\u062f\u0642\u064a\u0642\u0629 \u0648\u0627\u062d\u062f\u0629"},"schema":{"@context":"https:\/\/schema.org","@graph":[{"@type":"Article","@id":"https:\/\/lequotidien.mr\/?p=260&lang=fr#article","isPartOf":{"@id":"https:\/\/lequotidien.mr\/?p=260&lang=fr"},"author":{"name":"Alioun M'leiwih","@id":"https:\/\/lequotidien.mr\/#\/schema\/person\/69d1518c74c9137087929a20b1272cb0"},"headline":"L&#8217;Union europ\u00e9enne va conna\u00eetre une r\u00e9cession cet hiver","datePublished":"2022-11-11T22:07:23+00:00","mainEntityOfPage":{"@id":"https:\/\/lequotidien.mr\/?p=260&lang=fr"},"wordCount":264,"commentCount":0,"publisher":{"@id":"https:\/\/lequotidien.mr\/#organization"},"image":{"@id":"https:\/\/lequotidien.mr\/?p=260&lang=fr#primaryimage"},"thumbnailUrl":"https:\/\/lequotidien.mr\/wp-content\/uploads\/2022\/11\/11-8.png","articleSection":["Economie"],"inLanguage":"ar","potentialAction":[{"@type":"CommentAction","name":"Comment","target":["https:\/\/lequotidien.mr\/?p=260&lang=fr#respond"]}]},{"@type":"WebPage","@id":"https:\/\/lequotidien.mr\/?p=260&lang=fr","url":"https:\/\/lequotidien.mr\/?p=260&lang=fr","name":"L'Union europ\u00e9enne va conna\u00eetre une r\u00e9cession cet hiver - Le Quotidien de Nouakchott","isPartOf":{"@id":"https:\/\/lequotidien.mr\/#website"},"primaryImageOfPage":{"@id":"https:\/\/lequotidien.mr\/?p=260&lang=fr#primaryimage"},"image":{"@id":"https:\/\/lequotidien.mr\/?p=260&lang=fr#primaryimage"},"thumbnailUrl":"https:\/\/lequotidien.mr\/wp-content\/uploads\/2022\/11\/11-8.png","datePublished":"2022-11-11T22:07:23+00:00","breadcrumb":{"@id":"https:\/\/lequotidien.mr\/?p=260&lang=fr#breadcrumb"},"inLanguage":"ar","potentialAction":[{"@type":"ReadAction","target":["https:\/\/lequotidien.mr\/?p=260&lang=fr"]}]},{"@type":"ImageObject","inLanguage":"ar","@id":"https:\/\/lequotidien.mr\/?p=260&lang=fr#primaryimage","url":"https:\/\/lequotidien.mr\/wp-content\/uploads\/2022\/11\/11-8.png","contentUrl":"https:\/\/lequotidien.mr\/wp-content\/uploads\/2022\/11\/11-8.png","width":615,"height":350},{"@type":"BreadcrumbList","@id":"https:\/\/lequotidien.mr\/?p=260&lang=fr#breadcrumb","itemListElement":[{"@type":"ListItem","position":1,"name":"Home","item":"https:\/\/lequotidien.mr\/"},{"@type":"ListItem","position":2,"name":"L&rsquo;Union europ\u00e9enne va conna\u00eetre une r\u00e9cession cet hiver"}]},{"@type":"WebSite","@id":"https:\/\/lequotidien.mr\/#website","url":"https:\/\/lequotidien.mr\/","name":"Le Quotidien de Nouakchott","description":"\u0625\u062e\u0628\u0627\u0631\u064a\u0629 \u0645\u0633\u062a\u0642\u0644\u0629 \u0644\u0644\u0623\u0646\u0628\u0627\u0621 \u0627\u0644\u0639\u0627\u0645\u0629","publisher":{"@id":"https:\/\/lequotidien.mr\/#organization"},"potentialAction":[{"@type":"SearchAction","target":{"@type":"EntryPoint","urlTemplate":"https:\/\/lequotidien.mr\/?s={search_term_string}"},"query-input":{"@type":"PropertyValueSpecification","valueRequired":true,"valueName":"search_term_string"}}],"inLanguage":"ar"},{"@type":"Organization","@id":"https:\/\/lequotidien.mr\/#organization","name":"Le Quotidien de Nouakchott","url":"https:\/\/lequotidien.mr\/","logo":{"@type":"ImageObject","inLanguage":"ar","@id":"https:\/\/lequotidien.mr\/#\/schema\/logo\/image\/","url":"https:\/\/lequotidien.mr\/wp-content\/uploads\/2022\/11\/logolequotidien.jpg","contentUrl":"https:\/\/lequotidien.mr\/wp-content\/uploads\/2022\/11\/logolequotidien.jpg","width":290,"height":65,"caption":"Le Quotidien de Nouakchott"},"image":{"@id":"https:\/\/lequotidien.mr\/#\/schema\/logo\/image\/"},"sameAs":["https:\/\/web.facebook.com\/lequotidienmr","https:\/\/x.com\/lequotidienmr"]},{"@type":"Person","@id":"https:\/\/lequotidien.mr\/#\/schema\/person\/69d1518c74c9137087929a20b1272cb0","name":"Alioun M'leiwih","image":{"@type":"ImageObject","inLanguage":"ar","@id":"https:\/\/secure.gravatar.com\/avatar\/01f9d357222d7d4ca8f71662f4b081718f06d25b11fc45662ecca0622d507e51?s=96&d=mm&r=g","url":"https:\/\/secure.gravatar.com\/avatar\/01f9d357222d7d4ca8f71662f4b081718f06d25b11fc45662ecca0622d507e51?s=96&d=mm&r=g","contentUrl":"https:\/\/secure.gravatar.com\/avatar\/01f9d357222d7d4ca8f71662f4b081718f06d25b11fc45662ecca0622d507e51?s=96&d=mm&r=g","caption":"Alioun M'leiwih"},"sameAs":["https:\/\/lequotidien.mr\/","https:\/\/web.facebook.com\/a.mleiwih","https:\/\/www.linkedin.com\/in\/alimlewih\/"],"url":"https:\/\/lequotidien.mr\/?author=3"}]}},"_links":{"self":[{"href":"https:\/\/lequotidien.mr\/index.php?rest_route=\/wp\/v2\/posts\/260","targetHints":{"allow":["GET"]}}],"collection":[{"href":"https:\/\/lequotidien.mr\/index.php?rest_route=\/wp\/v2\/posts"}],"about":[{"href":"https:\/\/lequotidien.mr\/index.php?rest_route=\/wp\/v2\/types\/post"}],"author":[{"embeddable":true,"href":"https:\/\/lequotidien.mr\/index.php?rest_route=\/wp\/v2\/users\/3"}],"replies":[{"embeddable":true,"href":"https:\/\/lequotidien.mr\/index.php?rest_route=%2Fwp%2Fv2%2Fcomments&post=260"}],"version-history":[{"count":1,"href":"https:\/\/lequotidien.mr\/index.php?rest_route=\/wp\/v2\/posts\/260\/revisions"}],"predecessor-version":[{"id":262,"href":"https:\/\/lequotidien.mr\/index.php?rest_route=\/wp\/v2\/posts\/260\/revisions\/262"}],"wp:featuredmedia":[{"embeddable":true,"href":"https:\/\/lequotidien.mr\/index.php?rest_route=\/wp\/v2\/media\/261"}],"wp:attachment":[{"href":"https:\/\/lequotidien.mr\/index.php?rest_route=%2Fwp%2Fv2%2Fmedia&parent=260"}],"wp:term":[{"taxonomy":"category","embeddable":true,"href":"https:\/\/lequotidien.mr\/index.php?rest_route=%2Fwp%2Fv2%2Fcategories&post=260"},{"taxonomy":"post_tag","embeddable":true,"href":"https:\/\/lequotidien.mr\/index.php?rest_route=%2Fwp%2Fv2%2Ftags&post=260"}],"curies":[{"name":"wp","href":"https:\/\/api.w.org\/{rel}","templated":true}]}}