{"id":25936,"date":"2025-03-07T11:01:24","date_gmt":"2025-03-07T11:01:24","guid":{"rendered":"https:\/\/lequotidien.mr\/?p=25936"},"modified":"2025-03-07T11:01:24","modified_gmt":"2025-03-07T11:01:24","slug":"resultats-du-conseil-des-ministres-point-de-presse-axe-sur-la-sante-la-culture-et-la-migration","status":"publish","type":"post","link":"https:\/\/lequotidien.mr\/?p=25936&lang=fr","title":{"rendered":"R\u00e9sultats du Conseil des ministres : Point de presse ax\u00e9 sur la sant\u00e9, la culture et la migration"},"content":{"rendered":"<p>\u00c0 l\u2019issue du dernier Conseil des ministres, les ministres Houssein Meddou (Culture, Arts, Communication, Relations avec le Parlement et Porte-parole du gouvernement) et Abdallahi Wedih (Sant\u00e9) ont anim\u00e9 une conf\u00e9rence de presse pour d\u00e9tailler les principales d\u00e9cisions et r\u00e9formes adopt\u00e9es.<\/p>\n<p><strong>Priorit\u00e9 sant\u00e9 : lutte contre les m\u00e9dicaments contrefaits<\/strong><\/p>\n<p>Le ministre de la Sant\u00e9, Abdallahi Wedih, a alert\u00e9 sur le fl\u00e9au mondial des m\u00e9dicaments contrefaits, un march\u00e9 illicite \u00e9valu\u00e9 \u00e0 200 milliards de dollars annuels. La Mauritanie, touch\u00e9e par ce ph\u00e9nom\u00e8ne, a engag\u00e9 un diagnostic approfondi r\u00e9v\u00e9lant plusieurs dysfonctionnements : non-respect des listes de m\u00e9dicaments autoris\u00e9s, stockage inad\u00e9quat, circulation de produits de qualit\u00e9 douteuse, et un march\u00e9 parall\u00e8le alimentant pharmacies et vendeurs de rue.<\/p>\n<p>Pour y r\u00e9pondre, des mesures ont \u00e9t\u00e9 prises : r\u00e9vision des cahiers des charges des acteurs pharmaceutiques, limitation des points d\u2019entr\u00e9e l\u00e9gaux des m\u00e9dicaments \u00e0 l\u2019a\u00e9roport Oum Tounsi et au Port autonome de Nouakchott, et renforcement des contr\u00f4les. Un \u00ab lifting \u00bb des textes est pr\u00e9vu pour durcir les sanctions contre les contrebandiers. Par ailleurs, une campagne de sensibilisation et le renforcement des capacit\u00e9s de la centrale d\u2019achat de m\u00e9dicaments essentiels seront mis en \u0153uvre.<\/p>\n<p>M. Wedih a \u00e9galement \u00e9voqu\u00e9 la future \u00ab carte des pharmacies \u00bb et des n\u00e9gociations en cours avec un laboratoire international pour garantir un approvisionnement suffisant en insuline \u00e0 des prix accessibles.<\/p>\n<p><strong>Journ\u00e9e nationale de la diversit\u00e9 culturelle : un engagement pr\u00e9sidentiel<\/strong><\/p>\n<p>Le porte-parole du gouvernement, Houssein Meddou, a annonc\u00e9 l\u2019institution d\u2019une <em>Journ\u00e9e nationale de la diversit\u00e9 culturelle et de coh\u00e9sion nationale<\/em>, c\u00e9l\u00e9br\u00e9e chaque 1er mars. Cette initiative, issue d\u2019un engagement du Pr\u00e9sident de la R\u00e9publique, vise \u00e0 valoriser la diversit\u00e9 linguistique et culturelle comme socle de l\u2019unit\u00e9 nationale. Elle s\u2019inscrit dans une s\u00e9rie de mesures, comme l\u2019enseignement des langues nationales et la cr\u00e9ation d\u2019un service d\u00e9di\u00e9 \u00e0 l\u2019Agence Mauritanienne d\u2019Information.<\/p>\n<p><strong>Migration : la Mauritanie d\u00e9ment \u00eatre le \u00ab gendarme de l\u2019Europe \u00bb<\/strong><\/p>\n<p>Interpell\u00e9 sur les campagnes visant les migrants, M. Meddou a rejet\u00e9 les r\u00e9cits m\u00e9diatiques \u00ab \u00e9loign\u00e9s de la r\u00e9alit\u00e9 \u00bb. Il a rappel\u00e9 que le pays h\u00e9berge pr\u00e8s de 500 000 migrants et facilite leur r\u00e9gularisation via des conventions avec les \u00c9tats voisins. Apr\u00e8s le ramadan, une nouvelle campagne d\u2019enr\u00f4lement sera lanc\u00e9e. Toutefois, il a soulign\u00e9 l\u2019importance du respect des lois, notant que sur 130 000 titres de s\u00e9jour d\u00e9livr\u00e9s gratuitement en 2022, seuls 7 000 ont \u00e9t\u00e9 renouvel\u00e9s.<\/p>\n<p>Le porte-parole a par ailleurs d\u00e9fendu les r\u00e9centes op\u00e9rations contre les r\u00e9seaux de trafic de migrants, dont un d\u00e9mant\u00e8lement cette semaine impliquant des ressortissants mauritanien, pakistanais, ghan\u00e9en et s\u00e9n\u00e9galais. \u00ab La lutte contre la migration clandestine sauve des vies \u00bb, a-t-il insist\u00e9, tout en r\u00e9affirmant le respect des droits humains.<\/p>\n<p><strong>Autres d\u00e9cisions structurantes<\/strong><\/p>\n<p>Le Conseil a aussi valid\u00e9 un accord de pr\u00eat avec le Fonds Africain de D\u00e9veloppement (FAD) pour financer le <em>programme de d\u00e9veloppement inclusif des fili\u00e8res d\u2019\u00e9levage de la Zone AWKAR<\/em>, renfor\u00e7ant les infrastructures agricoles locales.<\/p>\n<p>En synth\u00e8se, ce point de presse a illustr\u00e9 la volont\u00e9 des autorit\u00e9s de conjuguer r\u00e9formes sectorielles, pr\u00e9servation de la coh\u00e9sion sociale et ouverture contr\u00f4l\u00e9e, dans un contexte r\u00e9gional complexe. Les prochains mois permettront de mesurer l\u2019impact concret de ces annonces sur le quotidien des Mauritaniens.<\/p>\n","protected":false},"excerpt":{"rendered":"<p>\u00c0 l\u2019issue du dernier Conseil des ministres, les ministres Houssein Meddou (Culture, Arts, Communication, Relations avec le Parlement et Porte-parole du gouvernement) et Abdallahi Wedih (Sant\u00e9) ont anim\u00e9 une conf\u00e9rence de presse pour d\u00e9tailler les principales d\u00e9cisions et r\u00e9formes adopt\u00e9es. Priorit\u00e9 sant\u00e9 : lutte contre les m\u00e9dicaments contrefaits Le ministre de la Sant\u00e9, Abdallahi Wedih,&#8230;..<\/p>\n","protected":false},"author":12,"featured_media":25937,"comment_status":"open","ping_status":"open","sticky":false,"template":"","format":"standard","meta":{"footnotes":""},"categories":[23,49,55],"tags":[],"class_list":["post-25936","post","type-post","status-publish","format-standard","has-post-thumbnail","hentry","category-actualite","category-economie","category-culture"],"yoast_head":"<!-- This site is optimized with the Yoast SEO plugin v27.5 - https:\/\/yoast.com\/product\/yoast-seo-wordpress\/ -->\n<title>R\u00e9sultats du Conseil des ministres : Point de presse ax\u00e9 sur la sant\u00e9, la culture et la migration - Le Quotidien de Nouakchott<\/title>\n<meta name=\"robots\" content=\"index, follow, max-snippet:-1, max-image-preview:large, max-video-preview:-1\" \/>\n<link rel=\"canonical\" href=\"https:\/\/lequotidien.mr\/?p=25936&lang=fr\" \/>\n<meta property=\"og:locale\" content=\"ar_AR\" \/>\n<meta property=\"og:type\" content=\"article\" \/>\n<meta property=\"og:title\" content=\"R\u00e9sultats du Conseil des ministres : Point de presse ax\u00e9 sur la sant\u00e9, la culture et la migration - Le Quotidien de Nouakchott\" \/>\n<meta property=\"og:description\" content=\"\u00c0 l\u2019issue du dernier Conseil des ministres, les ministres Houssein Meddou (Culture, Arts, Communication, Relations avec le Parlement et Porte-parole du gouvernement) et Abdallahi Wedih (Sant\u00e9) ont anim\u00e9 une conf\u00e9rence de presse pour d\u00e9tailler les principales d\u00e9cisions et r\u00e9formes adopt\u00e9es. Priorit\u00e9 sant\u00e9 : lutte contre les m\u00e9dicaments contrefaits Le ministre de la Sant\u00e9, Abdallahi Wedih,.....\" \/>\n<meta property=\"og:url\" content=\"https:\/\/lequotidien.mr\/?p=25936&amp;lang=fr\" \/>\n<meta property=\"og:site_name\" content=\"Le Quotidien de Nouakchott\" \/>\n<meta property=\"article:publisher\" content=\"https:\/\/web.facebook.com\/lequotidienmr\" \/>\n<meta property=\"article:published_time\" content=\"2025-03-07T11:01:24+00:00\" \/>\n<meta property=\"og:image\" content=\"https:\/\/lequotidien.mr\/wp-content\/uploads\/2025\/03\/photo-pt-presse-7-3-2025.jpg\" \/>\n\t<meta property=\"og:image:width\" content=\"750\" \/>\n\t<meta property=\"og:image:height\" content=\"430\" \/>\n\t<meta property=\"og:image:type\" content=\"image\/jpeg\" \/>\n<meta name=\"author\" content=\"Med Ahmed\" \/>\n<meta name=\"twitter:card\" content=\"summary_large_image\" \/>\n<meta name=\"twitter:creator\" content=\"@lequotidienmr\" \/>\n<meta name=\"twitter:site\" content=\"@lequotidienmr\" \/>\n<meta name=\"twitter:label1\" content=\"\u0643\u064f\u062a\u0628 \u0628\u0648\u0627\u0633\u0637\u0629\" \/>\n\t<meta name=\"twitter:data1\" content=\"Med Ahmed\" \/>\n\t<meta name=\"twitter:label2\" content=\"\u0648\u0642\u062a \u0627\u0644\u0642\u0631\u0627\u0621\u0629 \u0627\u0644\u0645\u064f\u0642\u062f\u0651\u0631\" \/>\n\t<meta name=\"twitter:data2\" content=\"3 \u062f\u0642\u0627\u0626\u0642\" \/>\n<script type=\"application\/ld+json\" class=\"yoast-schema-graph\">{\"@context\":\"https:\\\/\\\/schema.org\",\"@graph\":[{\"@type\":\"Article\",\"@id\":\"https:\\\/\\\/lequotidien.mr\\\/?p=25936&lang=fr#article\",\"isPartOf\":{\"@id\":\"https:\\\/\\\/lequotidien.mr\\\/?p=25936&lang=fr\"},\"author\":{\"name\":\"Med Ahmed\",\"@id\":\"https:\\\/\\\/lequotidien.mr\\\/#\\\/schema\\\/person\\\/d2d350202a4d599685ed8abc25f97596\"},\"headline\":\"R\u00e9sultats du Conseil des ministres : Point de presse ax\u00e9 sur la sant\u00e9, la culture et la migration\",\"datePublished\":\"2025-03-07T11:01:24+00:00\",\"mainEntityOfPage\":{\"@id\":\"https:\\\/\\\/lequotidien.mr\\\/?p=25936&lang=fr\"},\"wordCount\":609,\"commentCount\":0,\"publisher\":{\"@id\":\"https:\\\/\\\/lequotidien.mr\\\/#organization\"},\"image\":{\"@id\":\"https:\\\/\\\/lequotidien.mr\\\/?p=25936&lang=fr#primaryimage\"},\"thumbnailUrl\":\"https:\\\/\\\/lequotidien.mr\\\/wp-content\\\/uploads\\\/2025\\\/03\\\/photo-pt-presse-7-3-2025.jpg\",\"articleSection\":[\"ACTUALIT\u00c9\",\"Economie\",\"Culture\"],\"inLanguage\":\"ar\",\"potentialAction\":[{\"@type\":\"CommentAction\",\"name\":\"Comment\",\"target\":[\"https:\\\/\\\/lequotidien.mr\\\/?p=25936&lang=fr#respond\"]}]},{\"@type\":\"WebPage\",\"@id\":\"https:\\\/\\\/lequotidien.mr\\\/?p=25936&lang=fr\",\"url\":\"https:\\\/\\\/lequotidien.mr\\\/?p=25936&lang=fr\",\"name\":\"R\u00e9sultats du Conseil des ministres : Point de presse ax\u00e9 sur la sant\u00e9, la culture et la migration - Le Quotidien de Nouakchott\",\"isPartOf\":{\"@id\":\"https:\\\/\\\/lequotidien.mr\\\/#website\"},\"primaryImageOfPage\":{\"@id\":\"https:\\\/\\\/lequotidien.mr\\\/?p=25936&lang=fr#primaryimage\"},\"image\":{\"@id\":\"https:\\\/\\\/lequotidien.mr\\\/?p=25936&lang=fr#primaryimage\"},\"thumbnailUrl\":\"https:\\\/\\\/lequotidien.mr\\\/wp-content\\\/uploads\\\/2025\\\/03\\\/photo-pt-presse-7-3-2025.jpg\",\"datePublished\":\"2025-03-07T11:01:24+00:00\",\"breadcrumb\":{\"@id\":\"https:\\\/\\\/lequotidien.mr\\\/?p=25936&lang=fr#breadcrumb\"},\"inLanguage\":\"ar\",\"potentialAction\":[{\"@type\":\"ReadAction\",\"target\":[\"https:\\\/\\\/lequotidien.mr\\\/?p=25936&lang=fr\"]}]},{\"@type\":\"ImageObject\",\"inLanguage\":\"ar\",\"@id\":\"https:\\\/\\\/lequotidien.mr\\\/?p=25936&lang=fr#primaryimage\",\"url\":\"https:\\\/\\\/lequotidien.mr\\\/wp-content\\\/uploads\\\/2025\\\/03\\\/photo-pt-presse-7-3-2025.jpg\",\"contentUrl\":\"https:\\\/\\\/lequotidien.mr\\\/wp-content\\\/uploads\\\/2025\\\/03\\\/photo-pt-presse-7-3-2025.jpg\",\"width\":750,\"height\":430},{\"@type\":\"BreadcrumbList\",\"@id\":\"https:\\\/\\\/lequotidien.mr\\\/?p=25936&lang=fr#breadcrumb\",\"itemListElement\":[{\"@type\":\"ListItem\",\"position\":1,\"name\":\"Home\",\"item\":\"https:\\\/\\\/lequotidien.mr\\\/\"},{\"@type\":\"ListItem\",\"position\":2,\"name\":\"R\u00e9sultats du Conseil des ministres : Point de presse ax\u00e9 sur la sant\u00e9, la culture et la migration\"}]},{\"@type\":\"WebSite\",\"@id\":\"https:\\\/\\\/lequotidien.mr\\\/#website\",\"url\":\"https:\\\/\\\/lequotidien.mr\\\/\",\"name\":\"Le Quotidien de Nouakchott\",\"description\":\"\u0625\u062e\u0628\u0627\u0631\u064a\u0629 \u0645\u0633\u062a\u0642\u0644\u0629 \u0644\u0644\u0623\u0646\u0628\u0627\u0621 \u0627\u0644\u0639\u0627\u0645\u0629\",\"publisher\":{\"@id\":\"https:\\\/\\\/lequotidien.mr\\\/#organization\"},\"potentialAction\":[{\"@type\":\"SearchAction\",\"target\":{\"@type\":\"EntryPoint\",\"urlTemplate\":\"https:\\\/\\\/lequotidien.mr\\\/?s={search_term_string}\"},\"query-input\":{\"@type\":\"PropertyValueSpecification\",\"valueRequired\":true,\"valueName\":\"search_term_string\"}}],\"inLanguage\":\"ar\"},{\"@type\":\"Organization\",\"@id\":\"https:\\\/\\\/lequotidien.mr\\\/#organization\",\"name\":\"Le Quotidien de Nouakchott\",\"url\":\"https:\\\/\\\/lequotidien.mr\\\/\",\"logo\":{\"@type\":\"ImageObject\",\"inLanguage\":\"ar\",\"@id\":\"https:\\\/\\\/lequotidien.mr\\\/#\\\/schema\\\/logo\\\/image\\\/\",\"url\":\"https:\\\/\\\/lequotidien.mr\\\/wp-content\\\/uploads\\\/2022\\\/11\\\/logolequotidien.jpg\",\"contentUrl\":\"https:\\\/\\\/lequotidien.mr\\\/wp-content\\\/uploads\\\/2022\\\/11\\\/logolequotidien.jpg\",\"width\":290,\"height\":65,\"caption\":\"Le Quotidien de Nouakchott\"},\"image\":{\"@id\":\"https:\\\/\\\/lequotidien.mr\\\/#\\\/schema\\\/logo\\\/image\\\/\"},\"sameAs\":[\"https:\\\/\\\/web.facebook.com\\\/lequotidienmr\",\"https:\\\/\\\/x.com\\\/lequotidienmr\"]},{\"@type\":\"Person\",\"@id\":\"https:\\\/\\\/lequotidien.mr\\\/#\\\/schema\\\/person\\\/d2d350202a4d599685ed8abc25f97596\",\"name\":\"Med Ahmed\",\"image\":{\"@type\":\"ImageObject\",\"inLanguage\":\"ar\",\"@id\":\"https:\\\/\\\/secure.gravatar.com\\\/avatar\\\/fd2acc62ed50732923d1d39c17172c9b04149f142be92310ecc69e1358f94b52?s=96&d=mm&r=g\",\"url\":\"https:\\\/\\\/secure.gravatar.com\\\/avatar\\\/fd2acc62ed50732923d1d39c17172c9b04149f142be92310ecc69e1358f94b52?s=96&d=mm&r=g\",\"contentUrl\":\"https:\\\/\\\/secure.gravatar.com\\\/avatar\\\/fd2acc62ed50732923d1d39c17172c9b04149f142be92310ecc69e1358f94b52?s=96&d=mm&r=g\",\"caption\":\"Med Ahmed\"},\"url\":\"https:\\\/\\\/lequotidien.mr\\\/?author=12\"}]}<\/script>\n<!-- \/ Yoast SEO plugin. -->","yoast_head_json":{"title":"R\u00e9sultats du Conseil des ministres : Point de presse ax\u00e9 sur la sant\u00e9, la culture et la migration - Le Quotidien de Nouakchott","robots":{"index":"index","follow":"follow","max-snippet":"max-snippet:-1","max-image-preview":"max-image-preview:large","max-video-preview":"max-video-preview:-1"},"canonical":"https:\/\/lequotidien.mr\/?p=25936&lang=fr","og_locale":"ar_AR","og_type":"article","og_title":"R\u00e9sultats du Conseil des ministres : Point de presse ax\u00e9 sur la sant\u00e9, la culture et la migration - Le Quotidien de Nouakchott","og_description":"\u00c0 l\u2019issue du dernier Conseil des ministres, les ministres Houssein Meddou (Culture, Arts, Communication, Relations avec le Parlement et Porte-parole du gouvernement) et Abdallahi Wedih (Sant\u00e9) ont anim\u00e9 une conf\u00e9rence de presse pour d\u00e9tailler les principales d\u00e9cisions et r\u00e9formes adopt\u00e9es. Priorit\u00e9 sant\u00e9 : lutte contre les m\u00e9dicaments contrefaits Le ministre de la Sant\u00e9, Abdallahi Wedih,.....","og_url":"https:\/\/lequotidien.mr\/?p=25936&lang=fr","og_site_name":"Le Quotidien de Nouakchott","article_publisher":"https:\/\/web.facebook.com\/lequotidienmr","article_published_time":"2025-03-07T11:01:24+00:00","og_image":[{"width":750,"height":430,"url":"https:\/\/lequotidien.mr\/wp-content\/uploads\/2025\/03\/photo-pt-presse-7-3-2025.jpg","type":"image\/jpeg"}],"author":"Med Ahmed","twitter_card":"summary_large_image","twitter_creator":"@lequotidienmr","twitter_site":"@lequotidienmr","twitter_misc":{"\u0643\u064f\u062a\u0628 \u0628\u0648\u0627\u0633\u0637\u0629":"Med Ahmed","\u0648\u0642\u062a \u0627\u0644\u0642\u0631\u0627\u0621\u0629 \u0627\u0644\u0645\u064f\u0642\u062f\u0651\u0631":"3 \u062f\u0642\u0627\u0626\u0642"},"schema":{"@context":"https:\/\/schema.org","@graph":[{"@type":"Article","@id":"https:\/\/lequotidien.mr\/?p=25936&lang=fr#article","isPartOf":{"@id":"https:\/\/lequotidien.mr\/?p=25936&lang=fr"},"author":{"name":"Med Ahmed","@id":"https:\/\/lequotidien.mr\/#\/schema\/person\/d2d350202a4d599685ed8abc25f97596"},"headline":"R\u00e9sultats du Conseil des ministres : Point de presse ax\u00e9 sur la sant\u00e9, la culture et la migration","datePublished":"2025-03-07T11:01:24+00:00","mainEntityOfPage":{"@id":"https:\/\/lequotidien.mr\/?p=25936&lang=fr"},"wordCount":609,"commentCount":0,"publisher":{"@id":"https:\/\/lequotidien.mr\/#organization"},"image":{"@id":"https:\/\/lequotidien.mr\/?p=25936&lang=fr#primaryimage"},"thumbnailUrl":"https:\/\/lequotidien.mr\/wp-content\/uploads\/2025\/03\/photo-pt-presse-7-3-2025.jpg","articleSection":["ACTUALIT\u00c9","Economie","Culture"],"inLanguage":"ar","potentialAction":[{"@type":"CommentAction","name":"Comment","target":["https:\/\/lequotidien.mr\/?p=25936&lang=fr#respond"]}]},{"@type":"WebPage","@id":"https:\/\/lequotidien.mr\/?p=25936&lang=fr","url":"https:\/\/lequotidien.mr\/?p=25936&lang=fr","name":"R\u00e9sultats du Conseil des ministres : Point de presse ax\u00e9 sur la sant\u00e9, la culture et la migration - Le Quotidien de Nouakchott","isPartOf":{"@id":"https:\/\/lequotidien.mr\/#website"},"primaryImageOfPage":{"@id":"https:\/\/lequotidien.mr\/?p=25936&lang=fr#primaryimage"},"image":{"@id":"https:\/\/lequotidien.mr\/?p=25936&lang=fr#primaryimage"},"thumbnailUrl":"https:\/\/lequotidien.mr\/wp-content\/uploads\/2025\/03\/photo-pt-presse-7-3-2025.jpg","datePublished":"2025-03-07T11:01:24+00:00","breadcrumb":{"@id":"https:\/\/lequotidien.mr\/?p=25936&lang=fr#breadcrumb"},"inLanguage":"ar","potentialAction":[{"@type":"ReadAction","target":["https:\/\/lequotidien.mr\/?p=25936&lang=fr"]}]},{"@type":"ImageObject","inLanguage":"ar","@id":"https:\/\/lequotidien.mr\/?p=25936&lang=fr#primaryimage","url":"https:\/\/lequotidien.mr\/wp-content\/uploads\/2025\/03\/photo-pt-presse-7-3-2025.jpg","contentUrl":"https:\/\/lequotidien.mr\/wp-content\/uploads\/2025\/03\/photo-pt-presse-7-3-2025.jpg","width":750,"height":430},{"@type":"BreadcrumbList","@id":"https:\/\/lequotidien.mr\/?p=25936&lang=fr#breadcrumb","itemListElement":[{"@type":"ListItem","position":1,"name":"Home","item":"https:\/\/lequotidien.mr\/"},{"@type":"ListItem","position":2,"name":"R\u00e9sultats du Conseil des ministres : Point de presse ax\u00e9 sur la sant\u00e9, la culture et la migration"}]},{"@type":"WebSite","@id":"https:\/\/lequotidien.mr\/#website","url":"https:\/\/lequotidien.mr\/","name":"Le Quotidien de Nouakchott","description":"\u0625\u062e\u0628\u0627\u0631\u064a\u0629 \u0645\u0633\u062a\u0642\u0644\u0629 \u0644\u0644\u0623\u0646\u0628\u0627\u0621 \u0627\u0644\u0639\u0627\u0645\u0629","publisher":{"@id":"https:\/\/lequotidien.mr\/#organization"},"potentialAction":[{"@type":"SearchAction","target":{"@type":"EntryPoint","urlTemplate":"https:\/\/lequotidien.mr\/?s={search_term_string}"},"query-input":{"@type":"PropertyValueSpecification","valueRequired":true,"valueName":"search_term_string"}}],"inLanguage":"ar"},{"@type":"Organization","@id":"https:\/\/lequotidien.mr\/#organization","name":"Le Quotidien de Nouakchott","url":"https:\/\/lequotidien.mr\/","logo":{"@type":"ImageObject","inLanguage":"ar","@id":"https:\/\/lequotidien.mr\/#\/schema\/logo\/image\/","url":"https:\/\/lequotidien.mr\/wp-content\/uploads\/2022\/11\/logolequotidien.jpg","contentUrl":"https:\/\/lequotidien.mr\/wp-content\/uploads\/2022\/11\/logolequotidien.jpg","width":290,"height":65,"caption":"Le Quotidien de Nouakchott"},"image":{"@id":"https:\/\/lequotidien.mr\/#\/schema\/logo\/image\/"},"sameAs":["https:\/\/web.facebook.com\/lequotidienmr","https:\/\/x.com\/lequotidienmr"]},{"@type":"Person","@id":"https:\/\/lequotidien.mr\/#\/schema\/person\/d2d350202a4d599685ed8abc25f97596","name":"Med Ahmed","image":{"@type":"ImageObject","inLanguage":"ar","@id":"https:\/\/secure.gravatar.com\/avatar\/fd2acc62ed50732923d1d39c17172c9b04149f142be92310ecc69e1358f94b52?s=96&d=mm&r=g","url":"https:\/\/secure.gravatar.com\/avatar\/fd2acc62ed50732923d1d39c17172c9b04149f142be92310ecc69e1358f94b52?s=96&d=mm&r=g","contentUrl":"https:\/\/secure.gravatar.com\/avatar\/fd2acc62ed50732923d1d39c17172c9b04149f142be92310ecc69e1358f94b52?s=96&d=mm&r=g","caption":"Med Ahmed"},"url":"https:\/\/lequotidien.mr\/?author=12"}]}},"_links":{"self":[{"href":"https:\/\/lequotidien.mr\/index.php?rest_route=\/wp\/v2\/posts\/25936","targetHints":{"allow":["GET"]}}],"collection":[{"href":"https:\/\/lequotidien.mr\/index.php?rest_route=\/wp\/v2\/posts"}],"about":[{"href":"https:\/\/lequotidien.mr\/index.php?rest_route=\/wp\/v2\/types\/post"}],"author":[{"embeddable":true,"href":"https:\/\/lequotidien.mr\/index.php?rest_route=\/wp\/v2\/users\/12"}],"replies":[{"embeddable":true,"href":"https:\/\/lequotidien.mr\/index.php?rest_route=%2Fwp%2Fv2%2Fcomments&post=25936"}],"version-history":[{"count":2,"href":"https:\/\/lequotidien.mr\/index.php?rest_route=\/wp\/v2\/posts\/25936\/revisions"}],"predecessor-version":[{"id":25939,"href":"https:\/\/lequotidien.mr\/index.php?rest_route=\/wp\/v2\/posts\/25936\/revisions\/25939"}],"wp:featuredmedia":[{"embeddable":true,"href":"https:\/\/lequotidien.mr\/index.php?rest_route=\/wp\/v2\/media\/25937"}],"wp:attachment":[{"href":"https:\/\/lequotidien.mr\/index.php?rest_route=%2Fwp%2Fv2%2Fmedia&parent=25936"}],"wp:term":[{"taxonomy":"category","embeddable":true,"href":"https:\/\/lequotidien.mr\/index.php?rest_route=%2Fwp%2Fv2%2Fcategories&post=25936"},{"taxonomy":"post_tag","embeddable":true,"href":"https:\/\/lequotidien.mr\/index.php?rest_route=%2Fwp%2Fv2%2Ftags&post=25936"}],"curies":[{"name":"wp","href":"https:\/\/api.w.org\/{rel}","templated":true}]}}