{"id":25923,"date":"2025-03-06T15:45:22","date_gmt":"2025-03-06T15:45:22","guid":{"rendered":"https:\/\/lequotidien.mr\/?p=25923"},"modified":"2025-03-06T15:45:22","modified_gmt":"2025-03-06T15:45:22","slug":"la-mecque-accueille-la-2%e1%b5%89-edition-de-la-conference-construire-des-ponts-entre-les-ecoles-de-pensee-islamiques-vers-un-consensus-islamique-renforce","status":"publish","type":"post","link":"https:\/\/lequotidien.mr\/?p=25923&lang=fr","title":{"rendered":"La Mecque accueille la 2\u1d49 \u00e9dition de la conf\u00e9rence \u00ab Construire des ponts entre les \u00e9coles de pens\u00e9e islamiques \u00bb : Vers un consensus islamique renforc\u00e9"},"content":{"rendered":"<p>Sous le haut patronage du Gardien des Lieux Saints, le roi Salman Ben Abdulaziz Al Saoud, La Mecque a abrit\u00e9, cette semaine, la deuxi\u00e8me \u00e9dition de la\u00a0<strong>Conf\u00e9rence internationale \u00ab Construire des ponts entre les \u00e9coles de pens\u00e9e islamiques \u00bb<\/strong>, organis\u00e9e par la\u00a0<strong>Ligue musulmane mondiale (LMM)<\/strong>. Cet \u00e9v\u00e9nement phare, qui a r\u00e9uni des hauts muftis, des \u00e9rudits et des repr\u00e9sentants de plus de 90 pays, s\u2019inscrit dans une dynamique d\u2019unit\u00e9 et de dialogue pour promouvoir une vision mod\u00e9r\u00e9e de l\u2019islam face aux d\u00e9fis contemporains.<\/p>\n<p><strong>Un dialogue transform\u00e9 en actions concr\u00e8tes<\/strong><\/p>\n<p>Plac\u00e9e sous le th\u00e8me\u00a0<strong>\u00ab Vers un consensus islamique efficace \u00bb<\/strong>, cette \u00e9dition marque une \u00e9tape d\u00e9cisive dans la concr\u00e9tisation des engagements pris lors de la premi\u00e8re conf\u00e9rence en 2022. L\u2019objectif est clair : d\u00e9passer le stade des discussions th\u00e9oriques pour \u00e9laborer des\u00a0<strong>programmes pratiques<\/strong>\u00a0visant \u00e0 harmoniser les positions des diff\u00e9rentes \u00e9coles de pens\u00e9e sunnites, chiites, soufies et autres courants.<\/p>\n<p>Le secr\u00e9taire g\u00e9n\u00e9ral de la LMM, Dr Mohammed Al-Issa, a insist\u00e9 sur l\u2019urgence de\u00a0<strong>\u00ab cristalliser une action syst\u00e9matique \u00bb<\/strong>\u00a0\u00e0 travers des initiatives concr\u00e8tes. Parmi elles figurent la promotion de la mod\u00e9ration, la lutte contre le sectarisme et la r\u00e9ponse collective aux d\u00e9fis communs, tels que l\u2019extr\u00e9misme violent, l\u2019islamophobie ou les crises identitaires.<\/p>\n<p><strong>Un h\u00e9ritage de la premi\u00e8re \u00e9dition<\/strong><\/p>\n<p>La conf\u00e9rence de 2022 avait jet\u00e9 les bases d\u2019un\u00a0<strong>document historique<\/strong>\u00a0d\u00e9finissant des principes communs pour renforcer la fraternit\u00e9 islamique. Ce texte, salu\u00e9 pour sa vision inclusive, a permis de coordonner les efforts des forces mod\u00e9r\u00e9es face aux d\u00e9rives sectaires et aux id\u00e9ologies extr\u00e9mistes qui \u00ab d\u00e9forment l\u2019image de l\u2019islam \u00bb, comme l\u2019a rappel\u00e9 un participant.<\/p>\n<p>Cette ann\u00e9e, les travaux se concentrent sur la\u00a0<strong>mise en \u0153uvre op\u00e9rationnelle<\/strong>\u00a0de ces principes. Des ateliers ont \u00e9t\u00e9 consacr\u00e9s \u00e0 l\u2019\u00e9ducation religieuse inclusive, \u00e0 la r\u00e9forme du discours m\u00e9diatique et \u00e0 la cr\u00e9ation de plateformes de dialogue permanentes entre \u00e9rudits.<\/p>\n<p><strong>La Mecque, symbole d\u2019unit\u00e9 et de spiritualit\u00e9<\/strong><\/p>\n<p>Le choix de La Mecque, c\u0153ur spirituel de l\u2019islam, n\u2019est pas anodin. Dans son discours d\u2019ouverture, le repr\u00e9sentant de la LMM a soulign\u00e9 que\u00a0<strong>\u00ab la diversit\u00e9 des \u00e9coles de pens\u00e9e est une richesse, \u00e0 condition qu\u2019elle s\u2019enracine dans le respect mutuel et la r\u00e9f\u00e9rence commune au Coran et \u00e0 la Sunna \u00bb<\/strong>.<\/p>\n<p>Les participants ont \u00e9galement rendu hommage au roi Salman et au prince h\u00e9ritier Mohammed Ben Salman pour leur\u00a0<strong>\u00ab soutien ind\u00e9fectible \u00bb<\/strong>\u00a0\u00e0 cette initiative. \u00ab Le patronage saoudien renforce le r\u00f4le de l\u2019Arabie Saoudite en tant que gardienne de l\u2019unit\u00e9 islamique \u00bb, a d\u00e9clar\u00e9 un \u00e9rudit indon\u00e9sien.<\/p>\n<p>Malgr\u00e9 les avanc\u00e9es, les d\u00e9fis persistent. Les intervenants ont \u00e9voqu\u00e9 la n\u00e9cessit\u00e9 de\u00a0<strong>combattre les pr\u00e9jug\u00e9s historiques<\/strong>\u00a0entre courants et de r\u00e9pondre aux manipulations politiques des divisions religieuses. Le cheikh Ahmed Al-Tayeb, grand imam d\u2019Al-Azhar, a appel\u00e9 \u00e0\u00a0<strong>\u00ab d\u00e9passer les appr\u00e9hensions du pass\u00e9 pour \u00e9crire une nouvelle page de fraternit\u00e9 \u00bb<\/strong>.<\/p>\n<p>En cl\u00f4ture, la LMM a annonc\u00e9 le lancement d\u2019un\u00a0<strong>fonds international pour le dialogue islamique<\/strong>, destin\u00e9 \u00e0 financer des projets \u00e9ducatifs et sociaux dans des zones sensibles. Une d\u00e9claration finale a \u00e9galement \u00e9t\u00e9 adopt\u00e9e, r\u00e9affirmant l\u2019engagement des participants \u00e0 promouvoir la mod\u00e9ration et \u00e0 isoler les discours de haine.<\/p>\n","protected":false},"excerpt":{"rendered":"<p>Sous le haut patronage du Gardien des Lieux Saints, le roi Salman Ben Abdulaziz Al Saoud, La Mecque a abrit\u00e9, cette semaine, la deuxi\u00e8me \u00e9dition de la\u00a0Conf\u00e9rence internationale \u00ab Construire des ponts entre les \u00e9coles de pens\u00e9e islamiques \u00bb, organis\u00e9e par la\u00a0Ligue musulmane mondiale (LMM). Cet \u00e9v\u00e9nement phare, qui a r\u00e9uni des hauts muftis, des&#8230;..<\/p>\n","protected":false},"author":12,"featured_media":25924,"comment_status":"open","ping_status":"open","sticky":false,"template":"","format":"standard","meta":{"footnotes":""},"categories":[23,55],"tags":[],"class_list":["post-25923","post","type-post","status-publish","format-standard","has-post-thumbnail","hentry","category-actualite","category-culture"],"yoast_head":"<!-- This site is optimized with the Yoast SEO plugin v27.5 - https:\/\/yoast.com\/product\/yoast-seo-wordpress\/ -->\n<title>La Mecque accueille la 2\u1d49 \u00e9dition de la conf\u00e9rence \u00ab Construire des ponts entre les \u00e9coles de pens\u00e9e islamiques \u00bb : Vers un consensus islamique renforc\u00e9 - Le Quotidien de Nouakchott<\/title>\n<meta name=\"robots\" content=\"index, follow, max-snippet:-1, max-image-preview:large, max-video-preview:-1\" \/>\n<link rel=\"canonical\" href=\"https:\/\/lequotidien.mr\/?p=25923&lang=fr\" \/>\n<meta property=\"og:locale\" content=\"ar_AR\" \/>\n<meta property=\"og:type\" content=\"article\" \/>\n<meta property=\"og:title\" content=\"La Mecque accueille la 2\u1d49 \u00e9dition de la conf\u00e9rence \u00ab Construire des ponts entre les \u00e9coles de pens\u00e9e islamiques \u00bb : Vers un consensus islamique renforc\u00e9 - Le Quotidien de Nouakchott\" \/>\n<meta property=\"og:description\" content=\"Sous le haut patronage du Gardien des Lieux Saints, le roi Salman Ben Abdulaziz Al Saoud, La Mecque a abrit\u00e9, cette semaine, la deuxi\u00e8me \u00e9dition de la\u00a0Conf\u00e9rence internationale \u00ab Construire des ponts entre les \u00e9coles de pens\u00e9e islamiques \u00bb, organis\u00e9e par la\u00a0Ligue musulmane mondiale (LMM). Cet \u00e9v\u00e9nement phare, qui a r\u00e9uni des hauts muftis, des.....\" \/>\n<meta property=\"og:url\" content=\"https:\/\/lequotidien.mr\/?p=25923&amp;lang=fr\" \/>\n<meta property=\"og:site_name\" content=\"Le Quotidien de Nouakchott\" \/>\n<meta property=\"article:publisher\" content=\"https:\/\/web.facebook.com\/lequotidienmr\" \/>\n<meta property=\"article:published_time\" content=\"2025-03-06T15:45:22+00:00\" \/>\n<meta property=\"og:image\" content=\"https:\/\/lequotidien.mr\/wp-content\/uploads\/2025\/03\/photo-Mecque-ecoles-1.png\" \/>\n\t<meta property=\"og:image:width\" content=\"448\" \/>\n\t<meta property=\"og:image:height\" content=\"298\" \/>\n\t<meta property=\"og:image:type\" content=\"image\/png\" \/>\n<meta name=\"author\" content=\"Med Ahmed\" \/>\n<meta name=\"twitter:card\" content=\"summary_large_image\" \/>\n<meta name=\"twitter:creator\" content=\"@lequotidienmr\" \/>\n<meta name=\"twitter:site\" content=\"@lequotidienmr\" \/>\n<meta name=\"twitter:label1\" content=\"\u0643\u064f\u062a\u0628 \u0628\u0648\u0627\u0633\u0637\u0629\" \/>\n\t<meta name=\"twitter:data1\" content=\"Med Ahmed\" \/>\n\t<meta name=\"twitter:label2\" content=\"\u0648\u0642\u062a \u0627\u0644\u0642\u0631\u0627\u0621\u0629 \u0627\u0644\u0645\u064f\u0642\u062f\u0651\u0631\" \/>\n\t<meta name=\"twitter:data2\" content=\"3 \u062f\u0642\u0627\u0626\u0642\" \/>\n<script type=\"application\/ld+json\" class=\"yoast-schema-graph\">{\"@context\":\"https:\\\/\\\/schema.org\",\"@graph\":[{\"@type\":\"Article\",\"@id\":\"https:\\\/\\\/lequotidien.mr\\\/?p=25923&lang=fr#article\",\"isPartOf\":{\"@id\":\"https:\\\/\\\/lequotidien.mr\\\/?p=25923&lang=fr\"},\"author\":{\"name\":\"Med Ahmed\",\"@id\":\"https:\\\/\\\/lequotidien.mr\\\/#\\\/schema\\\/person\\\/d2d350202a4d599685ed8abc25f97596\"},\"headline\":\"La Mecque accueille la 2\u1d49 \u00e9dition de la conf\u00e9rence \u00ab Construire des ponts entre les \u00e9coles de pens\u00e9e islamiques \u00bb : Vers un consensus islamique renforc\u00e9\",\"datePublished\":\"2025-03-06T15:45:22+00:00\",\"mainEntityOfPage\":{\"@id\":\"https:\\\/\\\/lequotidien.mr\\\/?p=25923&lang=fr\"},\"wordCount\":602,\"commentCount\":0,\"publisher\":{\"@id\":\"https:\\\/\\\/lequotidien.mr\\\/#organization\"},\"image\":{\"@id\":\"https:\\\/\\\/lequotidien.mr\\\/?p=25923&lang=fr#primaryimage\"},\"thumbnailUrl\":\"https:\\\/\\\/lequotidien.mr\\\/wp-content\\\/uploads\\\/2025\\\/03\\\/photo-Mecque-ecoles-1.png\",\"articleSection\":[\"ACTUALIT\u00c9\",\"Culture\"],\"inLanguage\":\"ar\",\"potentialAction\":[{\"@type\":\"CommentAction\",\"name\":\"Comment\",\"target\":[\"https:\\\/\\\/lequotidien.mr\\\/?p=25923&lang=fr#respond\"]}]},{\"@type\":\"WebPage\",\"@id\":\"https:\\\/\\\/lequotidien.mr\\\/?p=25923&lang=fr\",\"url\":\"https:\\\/\\\/lequotidien.mr\\\/?p=25923&lang=fr\",\"name\":\"La Mecque accueille la 2\u1d49 \u00e9dition de la conf\u00e9rence \u00ab Construire des ponts entre les \u00e9coles de pens\u00e9e islamiques \u00bb : Vers un consensus islamique renforc\u00e9 - Le Quotidien de Nouakchott\",\"isPartOf\":{\"@id\":\"https:\\\/\\\/lequotidien.mr\\\/#website\"},\"primaryImageOfPage\":{\"@id\":\"https:\\\/\\\/lequotidien.mr\\\/?p=25923&lang=fr#primaryimage\"},\"image\":{\"@id\":\"https:\\\/\\\/lequotidien.mr\\\/?p=25923&lang=fr#primaryimage\"},\"thumbnailUrl\":\"https:\\\/\\\/lequotidien.mr\\\/wp-content\\\/uploads\\\/2025\\\/03\\\/photo-Mecque-ecoles-1.png\",\"datePublished\":\"2025-03-06T15:45:22+00:00\",\"breadcrumb\":{\"@id\":\"https:\\\/\\\/lequotidien.mr\\\/?p=25923&lang=fr#breadcrumb\"},\"inLanguage\":\"ar\",\"potentialAction\":[{\"@type\":\"ReadAction\",\"target\":[\"https:\\\/\\\/lequotidien.mr\\\/?p=25923&lang=fr\"]}]},{\"@type\":\"ImageObject\",\"inLanguage\":\"ar\",\"@id\":\"https:\\\/\\\/lequotidien.mr\\\/?p=25923&lang=fr#primaryimage\",\"url\":\"https:\\\/\\\/lequotidien.mr\\\/wp-content\\\/uploads\\\/2025\\\/03\\\/photo-Mecque-ecoles-1.png\",\"contentUrl\":\"https:\\\/\\\/lequotidien.mr\\\/wp-content\\\/uploads\\\/2025\\\/03\\\/photo-Mecque-ecoles-1.png\",\"width\":448,\"height\":298},{\"@type\":\"BreadcrumbList\",\"@id\":\"https:\\\/\\\/lequotidien.mr\\\/?p=25923&lang=fr#breadcrumb\",\"itemListElement\":[{\"@type\":\"ListItem\",\"position\":1,\"name\":\"Home\",\"item\":\"https:\\\/\\\/lequotidien.mr\\\/\"},{\"@type\":\"ListItem\",\"position\":2,\"name\":\"La Mecque accueille la 2\u1d49 \u00e9dition de la conf\u00e9rence \u00ab Construire des ponts entre les \u00e9coles de pens\u00e9e islamiques \u00bb : Vers un consensus islamique renforc\u00e9\"}]},{\"@type\":\"WebSite\",\"@id\":\"https:\\\/\\\/lequotidien.mr\\\/#website\",\"url\":\"https:\\\/\\\/lequotidien.mr\\\/\",\"name\":\"Le Quotidien de Nouakchott\",\"description\":\"\u0625\u062e\u0628\u0627\u0631\u064a\u0629 \u0645\u0633\u062a\u0642\u0644\u0629 \u0644\u0644\u0623\u0646\u0628\u0627\u0621 \u0627\u0644\u0639\u0627\u0645\u0629\",\"publisher\":{\"@id\":\"https:\\\/\\\/lequotidien.mr\\\/#organization\"},\"potentialAction\":[{\"@type\":\"SearchAction\",\"target\":{\"@type\":\"EntryPoint\",\"urlTemplate\":\"https:\\\/\\\/lequotidien.mr\\\/?s={search_term_string}\"},\"query-input\":{\"@type\":\"PropertyValueSpecification\",\"valueRequired\":true,\"valueName\":\"search_term_string\"}}],\"inLanguage\":\"ar\"},{\"@type\":\"Organization\",\"@id\":\"https:\\\/\\\/lequotidien.mr\\\/#organization\",\"name\":\"Le Quotidien de Nouakchott\",\"url\":\"https:\\\/\\\/lequotidien.mr\\\/\",\"logo\":{\"@type\":\"ImageObject\",\"inLanguage\":\"ar\",\"@id\":\"https:\\\/\\\/lequotidien.mr\\\/#\\\/schema\\\/logo\\\/image\\\/\",\"url\":\"https:\\\/\\\/lequotidien.mr\\\/wp-content\\\/uploads\\\/2022\\\/11\\\/logolequotidien.jpg\",\"contentUrl\":\"https:\\\/\\\/lequotidien.mr\\\/wp-content\\\/uploads\\\/2022\\\/11\\\/logolequotidien.jpg\",\"width\":290,\"height\":65,\"caption\":\"Le Quotidien de Nouakchott\"},\"image\":{\"@id\":\"https:\\\/\\\/lequotidien.mr\\\/#\\\/schema\\\/logo\\\/image\\\/\"},\"sameAs\":[\"https:\\\/\\\/web.facebook.com\\\/lequotidienmr\",\"https:\\\/\\\/x.com\\\/lequotidienmr\"]},{\"@type\":\"Person\",\"@id\":\"https:\\\/\\\/lequotidien.mr\\\/#\\\/schema\\\/person\\\/d2d350202a4d599685ed8abc25f97596\",\"name\":\"Med Ahmed\",\"image\":{\"@type\":\"ImageObject\",\"inLanguage\":\"ar\",\"@id\":\"https:\\\/\\\/secure.gravatar.com\\\/avatar\\\/fd2acc62ed50732923d1d39c17172c9b04149f142be92310ecc69e1358f94b52?s=96&d=mm&r=g\",\"url\":\"https:\\\/\\\/secure.gravatar.com\\\/avatar\\\/fd2acc62ed50732923d1d39c17172c9b04149f142be92310ecc69e1358f94b52?s=96&d=mm&r=g\",\"contentUrl\":\"https:\\\/\\\/secure.gravatar.com\\\/avatar\\\/fd2acc62ed50732923d1d39c17172c9b04149f142be92310ecc69e1358f94b52?s=96&d=mm&r=g\",\"caption\":\"Med Ahmed\"},\"url\":\"https:\\\/\\\/lequotidien.mr\\\/?author=12\"}]}<\/script>\n<!-- \/ Yoast SEO plugin. -->","yoast_head_json":{"title":"La Mecque accueille la 2\u1d49 \u00e9dition de la conf\u00e9rence \u00ab Construire des ponts entre les \u00e9coles de pens\u00e9e islamiques \u00bb : Vers un consensus islamique renforc\u00e9 - Le Quotidien de Nouakchott","robots":{"index":"index","follow":"follow","max-snippet":"max-snippet:-1","max-image-preview":"max-image-preview:large","max-video-preview":"max-video-preview:-1"},"canonical":"https:\/\/lequotidien.mr\/?p=25923&lang=fr","og_locale":"ar_AR","og_type":"article","og_title":"La Mecque accueille la 2\u1d49 \u00e9dition de la conf\u00e9rence \u00ab Construire des ponts entre les \u00e9coles de pens\u00e9e islamiques \u00bb : Vers un consensus islamique renforc\u00e9 - Le Quotidien de Nouakchott","og_description":"Sous le haut patronage du Gardien des Lieux Saints, le roi Salman Ben Abdulaziz Al Saoud, La Mecque a abrit\u00e9, cette semaine, la deuxi\u00e8me \u00e9dition de la\u00a0Conf\u00e9rence internationale \u00ab Construire des ponts entre les \u00e9coles de pens\u00e9e islamiques \u00bb, organis\u00e9e par la\u00a0Ligue musulmane mondiale (LMM). Cet \u00e9v\u00e9nement phare, qui a r\u00e9uni des hauts muftis, des.....","og_url":"https:\/\/lequotidien.mr\/?p=25923&lang=fr","og_site_name":"Le Quotidien de Nouakchott","article_publisher":"https:\/\/web.facebook.com\/lequotidienmr","article_published_time":"2025-03-06T15:45:22+00:00","og_image":[{"width":448,"height":298,"url":"https:\/\/lequotidien.mr\/wp-content\/uploads\/2025\/03\/photo-Mecque-ecoles-1.png","type":"image\/png"}],"author":"Med Ahmed","twitter_card":"summary_large_image","twitter_creator":"@lequotidienmr","twitter_site":"@lequotidienmr","twitter_misc":{"\u0643\u064f\u062a\u0628 \u0628\u0648\u0627\u0633\u0637\u0629":"Med Ahmed","\u0648\u0642\u062a \u0627\u0644\u0642\u0631\u0627\u0621\u0629 \u0627\u0644\u0645\u064f\u0642\u062f\u0651\u0631":"3 \u062f\u0642\u0627\u0626\u0642"},"schema":{"@context":"https:\/\/schema.org","@graph":[{"@type":"Article","@id":"https:\/\/lequotidien.mr\/?p=25923&lang=fr#article","isPartOf":{"@id":"https:\/\/lequotidien.mr\/?p=25923&lang=fr"},"author":{"name":"Med Ahmed","@id":"https:\/\/lequotidien.mr\/#\/schema\/person\/d2d350202a4d599685ed8abc25f97596"},"headline":"La Mecque accueille la 2\u1d49 \u00e9dition de la conf\u00e9rence \u00ab Construire des ponts entre les \u00e9coles de pens\u00e9e islamiques \u00bb : Vers un consensus islamique renforc\u00e9","datePublished":"2025-03-06T15:45:22+00:00","mainEntityOfPage":{"@id":"https:\/\/lequotidien.mr\/?p=25923&lang=fr"},"wordCount":602,"commentCount":0,"publisher":{"@id":"https:\/\/lequotidien.mr\/#organization"},"image":{"@id":"https:\/\/lequotidien.mr\/?p=25923&lang=fr#primaryimage"},"thumbnailUrl":"https:\/\/lequotidien.mr\/wp-content\/uploads\/2025\/03\/photo-Mecque-ecoles-1.png","articleSection":["ACTUALIT\u00c9","Culture"],"inLanguage":"ar","potentialAction":[{"@type":"CommentAction","name":"Comment","target":["https:\/\/lequotidien.mr\/?p=25923&lang=fr#respond"]}]},{"@type":"WebPage","@id":"https:\/\/lequotidien.mr\/?p=25923&lang=fr","url":"https:\/\/lequotidien.mr\/?p=25923&lang=fr","name":"La Mecque accueille la 2\u1d49 \u00e9dition de la conf\u00e9rence \u00ab Construire des ponts entre les \u00e9coles de pens\u00e9e islamiques \u00bb : Vers un consensus islamique renforc\u00e9 - Le Quotidien de Nouakchott","isPartOf":{"@id":"https:\/\/lequotidien.mr\/#website"},"primaryImageOfPage":{"@id":"https:\/\/lequotidien.mr\/?p=25923&lang=fr#primaryimage"},"image":{"@id":"https:\/\/lequotidien.mr\/?p=25923&lang=fr#primaryimage"},"thumbnailUrl":"https:\/\/lequotidien.mr\/wp-content\/uploads\/2025\/03\/photo-Mecque-ecoles-1.png","datePublished":"2025-03-06T15:45:22+00:00","breadcrumb":{"@id":"https:\/\/lequotidien.mr\/?p=25923&lang=fr#breadcrumb"},"inLanguage":"ar","potentialAction":[{"@type":"ReadAction","target":["https:\/\/lequotidien.mr\/?p=25923&lang=fr"]}]},{"@type":"ImageObject","inLanguage":"ar","@id":"https:\/\/lequotidien.mr\/?p=25923&lang=fr#primaryimage","url":"https:\/\/lequotidien.mr\/wp-content\/uploads\/2025\/03\/photo-Mecque-ecoles-1.png","contentUrl":"https:\/\/lequotidien.mr\/wp-content\/uploads\/2025\/03\/photo-Mecque-ecoles-1.png","width":448,"height":298},{"@type":"BreadcrumbList","@id":"https:\/\/lequotidien.mr\/?p=25923&lang=fr#breadcrumb","itemListElement":[{"@type":"ListItem","position":1,"name":"Home","item":"https:\/\/lequotidien.mr\/"},{"@type":"ListItem","position":2,"name":"La Mecque accueille la 2\u1d49 \u00e9dition de la conf\u00e9rence \u00ab Construire des ponts entre les \u00e9coles de pens\u00e9e islamiques \u00bb : Vers un consensus islamique renforc\u00e9"}]},{"@type":"WebSite","@id":"https:\/\/lequotidien.mr\/#website","url":"https:\/\/lequotidien.mr\/","name":"Le Quotidien de Nouakchott","description":"\u0625\u062e\u0628\u0627\u0631\u064a\u0629 \u0645\u0633\u062a\u0642\u0644\u0629 \u0644\u0644\u0623\u0646\u0628\u0627\u0621 \u0627\u0644\u0639\u0627\u0645\u0629","publisher":{"@id":"https:\/\/lequotidien.mr\/#organization"},"potentialAction":[{"@type":"SearchAction","target":{"@type":"EntryPoint","urlTemplate":"https:\/\/lequotidien.mr\/?s={search_term_string}"},"query-input":{"@type":"PropertyValueSpecification","valueRequired":true,"valueName":"search_term_string"}}],"inLanguage":"ar"},{"@type":"Organization","@id":"https:\/\/lequotidien.mr\/#organization","name":"Le Quotidien de Nouakchott","url":"https:\/\/lequotidien.mr\/","logo":{"@type":"ImageObject","inLanguage":"ar","@id":"https:\/\/lequotidien.mr\/#\/schema\/logo\/image\/","url":"https:\/\/lequotidien.mr\/wp-content\/uploads\/2022\/11\/logolequotidien.jpg","contentUrl":"https:\/\/lequotidien.mr\/wp-content\/uploads\/2022\/11\/logolequotidien.jpg","width":290,"height":65,"caption":"Le Quotidien de Nouakchott"},"image":{"@id":"https:\/\/lequotidien.mr\/#\/schema\/logo\/image\/"},"sameAs":["https:\/\/web.facebook.com\/lequotidienmr","https:\/\/x.com\/lequotidienmr"]},{"@type":"Person","@id":"https:\/\/lequotidien.mr\/#\/schema\/person\/d2d350202a4d599685ed8abc25f97596","name":"Med Ahmed","image":{"@type":"ImageObject","inLanguage":"ar","@id":"https:\/\/secure.gravatar.com\/avatar\/fd2acc62ed50732923d1d39c17172c9b04149f142be92310ecc69e1358f94b52?s=96&d=mm&r=g","url":"https:\/\/secure.gravatar.com\/avatar\/fd2acc62ed50732923d1d39c17172c9b04149f142be92310ecc69e1358f94b52?s=96&d=mm&r=g","contentUrl":"https:\/\/secure.gravatar.com\/avatar\/fd2acc62ed50732923d1d39c17172c9b04149f142be92310ecc69e1358f94b52?s=96&d=mm&r=g","caption":"Med Ahmed"},"url":"https:\/\/lequotidien.mr\/?author=12"}]}},"_links":{"self":[{"href":"https:\/\/lequotidien.mr\/index.php?rest_route=\/wp\/v2\/posts\/25923","targetHints":{"allow":["GET"]}}],"collection":[{"href":"https:\/\/lequotidien.mr\/index.php?rest_route=\/wp\/v2\/posts"}],"about":[{"href":"https:\/\/lequotidien.mr\/index.php?rest_route=\/wp\/v2\/types\/post"}],"author":[{"embeddable":true,"href":"https:\/\/lequotidien.mr\/index.php?rest_route=\/wp\/v2\/users\/12"}],"replies":[{"embeddable":true,"href":"https:\/\/lequotidien.mr\/index.php?rest_route=%2Fwp%2Fv2%2Fcomments&post=25923"}],"version-history":[{"count":1,"href":"https:\/\/lequotidien.mr\/index.php?rest_route=\/wp\/v2\/posts\/25923\/revisions"}],"predecessor-version":[{"id":25925,"href":"https:\/\/lequotidien.mr\/index.php?rest_route=\/wp\/v2\/posts\/25923\/revisions\/25925"}],"wp:featuredmedia":[{"embeddable":true,"href":"https:\/\/lequotidien.mr\/index.php?rest_route=\/wp\/v2\/media\/25924"}],"wp:attachment":[{"href":"https:\/\/lequotidien.mr\/index.php?rest_route=%2Fwp%2Fv2%2Fmedia&parent=25923"}],"wp:term":[{"taxonomy":"category","embeddable":true,"href":"https:\/\/lequotidien.mr\/index.php?rest_route=%2Fwp%2Fv2%2Fcategories&post=25923"},{"taxonomy":"post_tag","embeddable":true,"href":"https:\/\/lequotidien.mr\/index.php?rest_route=%2Fwp%2Fv2%2Ftags&post=25923"}],"curies":[{"name":"wp","href":"https:\/\/api.w.org\/{rel}","templated":true}]}}