{"id":25920,"date":"2025-03-06T15:16:06","date_gmt":"2025-03-06T15:16:06","guid":{"rendered":"https:\/\/lequotidien.mr\/?p=25920"},"modified":"2025-03-06T15:16:06","modified_gmt":"2025-03-06T15:16:06","slug":"inauguration-dune-salle-doperation-pediatrique-de-pointe-un-pas-de-plus-pour-le-sourire-des-enfants-au-centre-hospitalier-mere-et-enfant","status":"publish","type":"post","link":"https:\/\/lequotidien.mr\/?p=25920&lang=fr","title":{"rendered":"Inauguration d\u2019une salle d\u2019op\u00e9ration p\u00e9diatrique de pointe : Un pas de plus pour le sourire des enfants au Centre Hospitalier M\u00e8re et Enfant"},"content":{"rendered":"<p>Mercredi dernier, une avanc\u00e9e majeure pour la chirurgie p\u00e9diatrique en Mauritanie a vu le jour sous la supervision de M. Hemida Mady, Directeur de la m\u00e9decine hospitali\u00e8re au minist\u00e8re de la Sant\u00e9. Une\u00a0<strong>salle d\u2019op\u00e9ration sp\u00e9cialis\u00e9e<\/strong>, financ\u00e9e par l\u2019organisation internationale\u00a0<strong>Smile Train<\/strong>, a \u00e9t\u00e9 inaugur\u00e9e au Centre hospitalier M\u00e8re et Enfant de Nouakchott. Cet \u00e9quipement de haute technologie est destin\u00e9 \u00e0 prendre en charge les enfants souffrant de\u00a0<strong>malformations cong\u00e9nitales complexes<\/strong>, telles que les fentes labiopalatines (commun\u00e9ment appel\u00e9es \u00ab l\u00e8vres de lapin \u00bb) ou les anomalies de la gorge, souvent sources de stigmatisation et de lourdes difficult\u00e9s.<\/p>\n<p><strong>Un \u00e9quipement de niveau international pour des interventions d\u00e9licates<\/strong><\/p>\n<p>Doter le pays d\u2019une infrastructure capable de r\u00e9aliser des\u00a0<strong>chirurgies sp\u00e9cialis\u00e9es sur des zones sensibles<\/strong>\u00a0\u00e9tait un d\u00e9fi relev\u00e9 gr\u00e2ce au soutien de Smile Train. La salle, \u00e9quip\u00e9e de mat\u00e9riel m\u00e9dical dernier cri, permet d\u00e9sormais d\u2019op\u00e9rer des pathologies jusque-l\u00e0 difficiles \u00e0 traiter localement. \u00ab Cette salle r\u00e9pond aux normes internationales. Elle fait du Centre M\u00e8re et Enfant le\u00a0<strong>premier \u00e9tablissement national<\/strong>\u00a0\u00e0 offrir des soins complets aux enfants, aux femmes enceintes et en \u00e2ge de procr\u00e9er \u00bb, a expliqu\u00e9 le Dr Yacoub Mohamed Saghir, chef du service de chirurgie p\u00e9diatrique.<\/p>\n<p>Lors de la c\u00e9r\u00e9monie, M. Hemida Mady a soulign\u00e9 l\u2019importance de ce projet dans la strat\u00e9gie nationale de sant\u00e9 : \u00ab\u00a0<strong>Rapprocher les services sp\u00e9cialis\u00e9s des populations<\/strong>\u00a0est une priorit\u00e9. Mais au-del\u00e0 de l\u2019aspect technique, il s\u2019agit de redonner aux enfants leur dignit\u00e9 et leur sourire. Aucun mot ne peut traduire la joie d\u2019un enfant qui retrouve une vie normale apr\u00e8s des ann\u00e9es de souffrance. \u00bb<\/p>\n<p><strong>Smile Train et la Mauritanie : Un partenariat au service des plus vuln\u00e9rables<\/strong><\/p>\n<p>Azriel Ribeiro D\u2019Sousa, repr\u00e9sentant de Smile Train, a salu\u00e9 la collaboration avec le minist\u00e8re de la Sant\u00e9 et la Soci\u00e9t\u00e9 mauritanienne de chirurgie p\u00e9diatrique : \u00ab Notre engagement va au-del\u00e0 de l\u2019\u00e9quipement. Il s\u2019agit de former des \u00e9quipes, de sensibiliser aux d\u00e9fis des\u00a0<strong>maladies cong\u00e9nitales et des carences s\u00e9v\u00e8res<\/strong>, et de cr\u00e9er un environnement o\u00f9 chaque enfant peut \u00eatre trait\u00e9 avec dignit\u00e9. \u00bb<\/p>\n<p>Il a \u00e9galement rappel\u00e9 les d\u00e9fis persistants : \u00ab Beaucoup d\u2019enfants mauritaniens souffrent encore de\u00a0<strong>maladies rares, de d\u00e9formations musculaires ou de malnutrition aigu\u00eb<\/strong>. Ces conditions exigent une prise en charge globale, incluant un suivi psychologique et social. \u00bb<\/p>\n<p><strong>Un espoir pour des milliers de familles<\/strong><\/p>\n<p>Cette inauguration s\u2019inscrit dans un contexte o\u00f9 les malformations cong\u00e9nitales, souvent m\u00e9connues ou n\u00e9glig\u00e9es, touchent des centaines d\u2019enfants chaque ann\u00e9e. Gr\u00e2ce \u00e0 cette salle, des interventions autrefois r\u00e9alisables uniquement \u00e0 l\u2019\u00e9tranger pourront d\u00e9sormais l\u2019\u00eatre localement, r\u00e9duisant les co\u00fbts et les d\u00e9lais d\u2019attente.<\/p>\n<p>Pour les familles, c\u2019est un soulagement. \u00ab Avant, il fallait parcourir des milliers de kilom\u00e8tres et s\u2019endetter pour esp\u00e9rer un traitement. Aujourd\u2019hui, l\u2019espoir est \u00e0 notre porte \u00bb, t\u00e9moigne une m\u00e8re venue assister \u00e0 l\u2019inauguration.<\/p>\n<p><strong>Vers une sant\u00e9 p\u00e9diatrique renforc\u00e9e<\/strong><\/p>\n<p>Ce projet illustre la volont\u00e9 des autorit\u00e9s et des partenaires internationaux d\u2019investir dans des\u00a0<strong>infrastructures durables<\/strong>. Smile Train, actif dans plus de 90 pays, a d\u00e9j\u00e0 permis \u00e0 des millions d\u2019enfants de retrouver un sourire. En Mauritanie, cette salle symbolise aussi un appel \u00e0 poursuivre les efforts : formation du personnel, campagnes de d\u00e9pistage pr\u00e9coce et lutte contre les tabous entourant les malformations.<\/p>\n<p>Alors que le ruban \u00e9tait coup\u00e9 mercredi, les sourires des enfants pr\u00e9sents rappelaient l\u2019essence m\u00eame de cette initiative : redonner \u00e0 chaque enfant le droit de grandir en bonne sant\u00e9, sans complexe ni douleur.<\/p>\n<p>&nbsp;<\/p>\n","protected":false},"excerpt":{"rendered":"<p>Mercredi dernier, une avanc\u00e9e majeure pour la chirurgie p\u00e9diatrique en Mauritanie a vu le jour sous la supervision de M. Hemida Mady, Directeur de la m\u00e9decine hospitali\u00e8re au minist\u00e8re de la Sant\u00e9. Une\u00a0salle d\u2019op\u00e9ration sp\u00e9cialis\u00e9e, financ\u00e9e par l\u2019organisation internationale\u00a0Smile Train, a \u00e9t\u00e9 inaugur\u00e9e au Centre hospitalier M\u00e8re et Enfant de Nouakchott. Cet \u00e9quipement de haute&#8230;..<\/p>\n","protected":false},"author":12,"featured_media":25921,"comment_status":"open","ping_status":"open","sticky":false,"template":"","format":"standard","meta":{"footnotes":""},"categories":[23,49],"tags":[],"class_list":["post-25920","post","type-post","status-publish","format-standard","has-post-thumbnail","hentry","category-actualite","category-economie"],"yoast_head":"<!-- This site is optimized with the Yoast SEO plugin v27.5 - https:\/\/yoast.com\/product\/yoast-seo-wordpress\/ -->\n<title>Inauguration d\u2019une salle d\u2019op\u00e9ration p\u00e9diatrique de pointe : Un pas de plus pour le sourire des enfants au Centre Hospitalier M\u00e8re et Enfant - Le Quotidien de Nouakchott<\/title>\n<meta name=\"robots\" content=\"index, follow, max-snippet:-1, max-image-preview:large, max-video-preview:-1\" \/>\n<link rel=\"canonical\" href=\"https:\/\/lequotidien.mr\/?p=25920&lang=fr\" \/>\n<meta property=\"og:locale\" content=\"ar_AR\" \/>\n<meta property=\"og:type\" content=\"article\" \/>\n<meta property=\"og:title\" content=\"Inauguration d\u2019une salle d\u2019op\u00e9ration p\u00e9diatrique de pointe : Un pas de plus pour le sourire des enfants au Centre Hospitalier M\u00e8re et Enfant - Le Quotidien de Nouakchott\" \/>\n<meta property=\"og:description\" content=\"Mercredi dernier, une avanc\u00e9e majeure pour la chirurgie p\u00e9diatrique en Mauritanie a vu le jour sous la supervision de M. Hemida Mady, Directeur de la m\u00e9decine hospitali\u00e8re au minist\u00e8re de la Sant\u00e9. Une\u00a0salle d\u2019op\u00e9ration sp\u00e9cialis\u00e9e, financ\u00e9e par l\u2019organisation internationale\u00a0Smile Train, a \u00e9t\u00e9 inaugur\u00e9e au Centre hospitalier M\u00e8re et Enfant de Nouakchott. Cet \u00e9quipement de haute.....\" \/>\n<meta property=\"og:url\" content=\"https:\/\/lequotidien.mr\/?p=25920&amp;lang=fr\" \/>\n<meta property=\"og:site_name\" content=\"Le Quotidien de Nouakchott\" \/>\n<meta property=\"article:publisher\" content=\"https:\/\/web.facebook.com\/lequotidienmr\" \/>\n<meta property=\"article:published_time\" content=\"2025-03-06T15:16:06+00:00\" \/>\n<meta property=\"og:image\" content=\"https:\/\/lequotidien.mr\/wp-content\/uploads\/2025\/03\/photo-salle-opert-pediatrique.jpg\" \/>\n\t<meta property=\"og:image:width\" content=\"750\" \/>\n\t<meta property=\"og:image:height\" content=\"430\" \/>\n\t<meta property=\"og:image:type\" content=\"image\/jpeg\" \/>\n<meta name=\"author\" content=\"Med Ahmed\" \/>\n<meta name=\"twitter:card\" content=\"summary_large_image\" \/>\n<meta name=\"twitter:creator\" content=\"@lequotidienmr\" \/>\n<meta name=\"twitter:site\" content=\"@lequotidienmr\" \/>\n<meta name=\"twitter:label1\" content=\"\u0643\u064f\u062a\u0628 \u0628\u0648\u0627\u0633\u0637\u0629\" \/>\n\t<meta name=\"twitter:data1\" content=\"Med Ahmed\" \/>\n\t<meta name=\"twitter:label2\" content=\"\u0648\u0642\u062a \u0627\u0644\u0642\u0631\u0627\u0621\u0629 \u0627\u0644\u0645\u064f\u0642\u062f\u0651\u0631\" \/>\n\t<meta name=\"twitter:data2\" content=\"3 \u062f\u0642\u0627\u0626\u0642\" \/>\n<script type=\"application\/ld+json\" class=\"yoast-schema-graph\">{\"@context\":\"https:\\\/\\\/schema.org\",\"@graph\":[{\"@type\":\"Article\",\"@id\":\"https:\\\/\\\/lequotidien.mr\\\/?p=25920&lang=fr#article\",\"isPartOf\":{\"@id\":\"https:\\\/\\\/lequotidien.mr\\\/?p=25920&lang=fr\"},\"author\":{\"name\":\"Med Ahmed\",\"@id\":\"https:\\\/\\\/lequotidien.mr\\\/#\\\/schema\\\/person\\\/d2d350202a4d599685ed8abc25f97596\"},\"headline\":\"Inauguration d\u2019une salle d\u2019op\u00e9ration p\u00e9diatrique de pointe : Un pas de plus pour le sourire des enfants au Centre Hospitalier M\u00e8re et Enfant\",\"datePublished\":\"2025-03-06T15:16:06+00:00\",\"mainEntityOfPage\":{\"@id\":\"https:\\\/\\\/lequotidien.mr\\\/?p=25920&lang=fr\"},\"wordCount\":660,\"commentCount\":0,\"publisher\":{\"@id\":\"https:\\\/\\\/lequotidien.mr\\\/#organization\"},\"image\":{\"@id\":\"https:\\\/\\\/lequotidien.mr\\\/?p=25920&lang=fr#primaryimage\"},\"thumbnailUrl\":\"https:\\\/\\\/lequotidien.mr\\\/wp-content\\\/uploads\\\/2025\\\/03\\\/photo-salle-opert-pediatrique.jpg\",\"articleSection\":[\"ACTUALIT\u00c9\",\"Economie\"],\"inLanguage\":\"ar\",\"potentialAction\":[{\"@type\":\"CommentAction\",\"name\":\"Comment\",\"target\":[\"https:\\\/\\\/lequotidien.mr\\\/?p=25920&lang=fr#respond\"]}]},{\"@type\":\"WebPage\",\"@id\":\"https:\\\/\\\/lequotidien.mr\\\/?p=25920&lang=fr\",\"url\":\"https:\\\/\\\/lequotidien.mr\\\/?p=25920&lang=fr\",\"name\":\"Inauguration d\u2019une salle d\u2019op\u00e9ration p\u00e9diatrique de pointe : Un pas de plus pour le sourire des enfants au Centre Hospitalier M\u00e8re et Enfant - Le Quotidien de Nouakchott\",\"isPartOf\":{\"@id\":\"https:\\\/\\\/lequotidien.mr\\\/#website\"},\"primaryImageOfPage\":{\"@id\":\"https:\\\/\\\/lequotidien.mr\\\/?p=25920&lang=fr#primaryimage\"},\"image\":{\"@id\":\"https:\\\/\\\/lequotidien.mr\\\/?p=25920&lang=fr#primaryimage\"},\"thumbnailUrl\":\"https:\\\/\\\/lequotidien.mr\\\/wp-content\\\/uploads\\\/2025\\\/03\\\/photo-salle-opert-pediatrique.jpg\",\"datePublished\":\"2025-03-06T15:16:06+00:00\",\"breadcrumb\":{\"@id\":\"https:\\\/\\\/lequotidien.mr\\\/?p=25920&lang=fr#breadcrumb\"},\"inLanguage\":\"ar\",\"potentialAction\":[{\"@type\":\"ReadAction\",\"target\":[\"https:\\\/\\\/lequotidien.mr\\\/?p=25920&lang=fr\"]}]},{\"@type\":\"ImageObject\",\"inLanguage\":\"ar\",\"@id\":\"https:\\\/\\\/lequotidien.mr\\\/?p=25920&lang=fr#primaryimage\",\"url\":\"https:\\\/\\\/lequotidien.mr\\\/wp-content\\\/uploads\\\/2025\\\/03\\\/photo-salle-opert-pediatrique.jpg\",\"contentUrl\":\"https:\\\/\\\/lequotidien.mr\\\/wp-content\\\/uploads\\\/2025\\\/03\\\/photo-salle-opert-pediatrique.jpg\",\"width\":750,\"height\":430},{\"@type\":\"BreadcrumbList\",\"@id\":\"https:\\\/\\\/lequotidien.mr\\\/?p=25920&lang=fr#breadcrumb\",\"itemListElement\":[{\"@type\":\"ListItem\",\"position\":1,\"name\":\"Home\",\"item\":\"https:\\\/\\\/lequotidien.mr\\\/\"},{\"@type\":\"ListItem\",\"position\":2,\"name\":\"Inauguration d\u2019une salle d\u2019op\u00e9ration p\u00e9diatrique de pointe : Un pas de plus pour le sourire des enfants au Centre Hospitalier M\u00e8re et Enfant\"}]},{\"@type\":\"WebSite\",\"@id\":\"https:\\\/\\\/lequotidien.mr\\\/#website\",\"url\":\"https:\\\/\\\/lequotidien.mr\\\/\",\"name\":\"Le Quotidien de Nouakchott\",\"description\":\"\u0625\u062e\u0628\u0627\u0631\u064a\u0629 \u0645\u0633\u062a\u0642\u0644\u0629 \u0644\u0644\u0623\u0646\u0628\u0627\u0621 \u0627\u0644\u0639\u0627\u0645\u0629\",\"publisher\":{\"@id\":\"https:\\\/\\\/lequotidien.mr\\\/#organization\"},\"potentialAction\":[{\"@type\":\"SearchAction\",\"target\":{\"@type\":\"EntryPoint\",\"urlTemplate\":\"https:\\\/\\\/lequotidien.mr\\\/?s={search_term_string}\"},\"query-input\":{\"@type\":\"PropertyValueSpecification\",\"valueRequired\":true,\"valueName\":\"search_term_string\"}}],\"inLanguage\":\"ar\"},{\"@type\":\"Organization\",\"@id\":\"https:\\\/\\\/lequotidien.mr\\\/#organization\",\"name\":\"Le Quotidien de Nouakchott\",\"url\":\"https:\\\/\\\/lequotidien.mr\\\/\",\"logo\":{\"@type\":\"ImageObject\",\"inLanguage\":\"ar\",\"@id\":\"https:\\\/\\\/lequotidien.mr\\\/#\\\/schema\\\/logo\\\/image\\\/\",\"url\":\"https:\\\/\\\/lequotidien.mr\\\/wp-content\\\/uploads\\\/2022\\\/11\\\/logolequotidien.jpg\",\"contentUrl\":\"https:\\\/\\\/lequotidien.mr\\\/wp-content\\\/uploads\\\/2022\\\/11\\\/logolequotidien.jpg\",\"width\":290,\"height\":65,\"caption\":\"Le Quotidien de Nouakchott\"},\"image\":{\"@id\":\"https:\\\/\\\/lequotidien.mr\\\/#\\\/schema\\\/logo\\\/image\\\/\"},\"sameAs\":[\"https:\\\/\\\/web.facebook.com\\\/lequotidienmr\",\"https:\\\/\\\/x.com\\\/lequotidienmr\"]},{\"@type\":\"Person\",\"@id\":\"https:\\\/\\\/lequotidien.mr\\\/#\\\/schema\\\/person\\\/d2d350202a4d599685ed8abc25f97596\",\"name\":\"Med Ahmed\",\"image\":{\"@type\":\"ImageObject\",\"inLanguage\":\"ar\",\"@id\":\"https:\\\/\\\/secure.gravatar.com\\\/avatar\\\/fd2acc62ed50732923d1d39c17172c9b04149f142be92310ecc69e1358f94b52?s=96&d=mm&r=g\",\"url\":\"https:\\\/\\\/secure.gravatar.com\\\/avatar\\\/fd2acc62ed50732923d1d39c17172c9b04149f142be92310ecc69e1358f94b52?s=96&d=mm&r=g\",\"contentUrl\":\"https:\\\/\\\/secure.gravatar.com\\\/avatar\\\/fd2acc62ed50732923d1d39c17172c9b04149f142be92310ecc69e1358f94b52?s=96&d=mm&r=g\",\"caption\":\"Med Ahmed\"},\"url\":\"https:\\\/\\\/lequotidien.mr\\\/?author=12\"}]}<\/script>\n<!-- \/ Yoast SEO plugin. -->","yoast_head_json":{"title":"Inauguration d\u2019une salle d\u2019op\u00e9ration p\u00e9diatrique de pointe : Un pas de plus pour le sourire des enfants au Centre Hospitalier M\u00e8re et Enfant - Le Quotidien de Nouakchott","robots":{"index":"index","follow":"follow","max-snippet":"max-snippet:-1","max-image-preview":"max-image-preview:large","max-video-preview":"max-video-preview:-1"},"canonical":"https:\/\/lequotidien.mr\/?p=25920&lang=fr","og_locale":"ar_AR","og_type":"article","og_title":"Inauguration d\u2019une salle d\u2019op\u00e9ration p\u00e9diatrique de pointe : Un pas de plus pour le sourire des enfants au Centre Hospitalier M\u00e8re et Enfant - Le Quotidien de Nouakchott","og_description":"Mercredi dernier, une avanc\u00e9e majeure pour la chirurgie p\u00e9diatrique en Mauritanie a vu le jour sous la supervision de M. Hemida Mady, Directeur de la m\u00e9decine hospitali\u00e8re au minist\u00e8re de la Sant\u00e9. Une\u00a0salle d\u2019op\u00e9ration sp\u00e9cialis\u00e9e, financ\u00e9e par l\u2019organisation internationale\u00a0Smile Train, a \u00e9t\u00e9 inaugur\u00e9e au Centre hospitalier M\u00e8re et Enfant de Nouakchott. Cet \u00e9quipement de haute.....","og_url":"https:\/\/lequotidien.mr\/?p=25920&lang=fr","og_site_name":"Le Quotidien de Nouakchott","article_publisher":"https:\/\/web.facebook.com\/lequotidienmr","article_published_time":"2025-03-06T15:16:06+00:00","og_image":[{"width":750,"height":430,"url":"https:\/\/lequotidien.mr\/wp-content\/uploads\/2025\/03\/photo-salle-opert-pediatrique.jpg","type":"image\/jpeg"}],"author":"Med Ahmed","twitter_card":"summary_large_image","twitter_creator":"@lequotidienmr","twitter_site":"@lequotidienmr","twitter_misc":{"\u0643\u064f\u062a\u0628 \u0628\u0648\u0627\u0633\u0637\u0629":"Med Ahmed","\u0648\u0642\u062a \u0627\u0644\u0642\u0631\u0627\u0621\u0629 \u0627\u0644\u0645\u064f\u0642\u062f\u0651\u0631":"3 \u062f\u0642\u0627\u0626\u0642"},"schema":{"@context":"https:\/\/schema.org","@graph":[{"@type":"Article","@id":"https:\/\/lequotidien.mr\/?p=25920&lang=fr#article","isPartOf":{"@id":"https:\/\/lequotidien.mr\/?p=25920&lang=fr"},"author":{"name":"Med Ahmed","@id":"https:\/\/lequotidien.mr\/#\/schema\/person\/d2d350202a4d599685ed8abc25f97596"},"headline":"Inauguration d\u2019une salle d\u2019op\u00e9ration p\u00e9diatrique de pointe : Un pas de plus pour le sourire des enfants au Centre Hospitalier M\u00e8re et Enfant","datePublished":"2025-03-06T15:16:06+00:00","mainEntityOfPage":{"@id":"https:\/\/lequotidien.mr\/?p=25920&lang=fr"},"wordCount":660,"commentCount":0,"publisher":{"@id":"https:\/\/lequotidien.mr\/#organization"},"image":{"@id":"https:\/\/lequotidien.mr\/?p=25920&lang=fr#primaryimage"},"thumbnailUrl":"https:\/\/lequotidien.mr\/wp-content\/uploads\/2025\/03\/photo-salle-opert-pediatrique.jpg","articleSection":["ACTUALIT\u00c9","Economie"],"inLanguage":"ar","potentialAction":[{"@type":"CommentAction","name":"Comment","target":["https:\/\/lequotidien.mr\/?p=25920&lang=fr#respond"]}]},{"@type":"WebPage","@id":"https:\/\/lequotidien.mr\/?p=25920&lang=fr","url":"https:\/\/lequotidien.mr\/?p=25920&lang=fr","name":"Inauguration d\u2019une salle d\u2019op\u00e9ration p\u00e9diatrique de pointe : Un pas de plus pour le sourire des enfants au Centre Hospitalier M\u00e8re et Enfant - Le Quotidien de Nouakchott","isPartOf":{"@id":"https:\/\/lequotidien.mr\/#website"},"primaryImageOfPage":{"@id":"https:\/\/lequotidien.mr\/?p=25920&lang=fr#primaryimage"},"image":{"@id":"https:\/\/lequotidien.mr\/?p=25920&lang=fr#primaryimage"},"thumbnailUrl":"https:\/\/lequotidien.mr\/wp-content\/uploads\/2025\/03\/photo-salle-opert-pediatrique.jpg","datePublished":"2025-03-06T15:16:06+00:00","breadcrumb":{"@id":"https:\/\/lequotidien.mr\/?p=25920&lang=fr#breadcrumb"},"inLanguage":"ar","potentialAction":[{"@type":"ReadAction","target":["https:\/\/lequotidien.mr\/?p=25920&lang=fr"]}]},{"@type":"ImageObject","inLanguage":"ar","@id":"https:\/\/lequotidien.mr\/?p=25920&lang=fr#primaryimage","url":"https:\/\/lequotidien.mr\/wp-content\/uploads\/2025\/03\/photo-salle-opert-pediatrique.jpg","contentUrl":"https:\/\/lequotidien.mr\/wp-content\/uploads\/2025\/03\/photo-salle-opert-pediatrique.jpg","width":750,"height":430},{"@type":"BreadcrumbList","@id":"https:\/\/lequotidien.mr\/?p=25920&lang=fr#breadcrumb","itemListElement":[{"@type":"ListItem","position":1,"name":"Home","item":"https:\/\/lequotidien.mr\/"},{"@type":"ListItem","position":2,"name":"Inauguration d\u2019une salle d\u2019op\u00e9ration p\u00e9diatrique de pointe : Un pas de plus pour le sourire des enfants au Centre Hospitalier M\u00e8re et Enfant"}]},{"@type":"WebSite","@id":"https:\/\/lequotidien.mr\/#website","url":"https:\/\/lequotidien.mr\/","name":"Le Quotidien de Nouakchott","description":"\u0625\u062e\u0628\u0627\u0631\u064a\u0629 \u0645\u0633\u062a\u0642\u0644\u0629 \u0644\u0644\u0623\u0646\u0628\u0627\u0621 \u0627\u0644\u0639\u0627\u0645\u0629","publisher":{"@id":"https:\/\/lequotidien.mr\/#organization"},"potentialAction":[{"@type":"SearchAction","target":{"@type":"EntryPoint","urlTemplate":"https:\/\/lequotidien.mr\/?s={search_term_string}"},"query-input":{"@type":"PropertyValueSpecification","valueRequired":true,"valueName":"search_term_string"}}],"inLanguage":"ar"},{"@type":"Organization","@id":"https:\/\/lequotidien.mr\/#organization","name":"Le Quotidien de Nouakchott","url":"https:\/\/lequotidien.mr\/","logo":{"@type":"ImageObject","inLanguage":"ar","@id":"https:\/\/lequotidien.mr\/#\/schema\/logo\/image\/","url":"https:\/\/lequotidien.mr\/wp-content\/uploads\/2022\/11\/logolequotidien.jpg","contentUrl":"https:\/\/lequotidien.mr\/wp-content\/uploads\/2022\/11\/logolequotidien.jpg","width":290,"height":65,"caption":"Le Quotidien de Nouakchott"},"image":{"@id":"https:\/\/lequotidien.mr\/#\/schema\/logo\/image\/"},"sameAs":["https:\/\/web.facebook.com\/lequotidienmr","https:\/\/x.com\/lequotidienmr"]},{"@type":"Person","@id":"https:\/\/lequotidien.mr\/#\/schema\/person\/d2d350202a4d599685ed8abc25f97596","name":"Med Ahmed","image":{"@type":"ImageObject","inLanguage":"ar","@id":"https:\/\/secure.gravatar.com\/avatar\/fd2acc62ed50732923d1d39c17172c9b04149f142be92310ecc69e1358f94b52?s=96&d=mm&r=g","url":"https:\/\/secure.gravatar.com\/avatar\/fd2acc62ed50732923d1d39c17172c9b04149f142be92310ecc69e1358f94b52?s=96&d=mm&r=g","contentUrl":"https:\/\/secure.gravatar.com\/avatar\/fd2acc62ed50732923d1d39c17172c9b04149f142be92310ecc69e1358f94b52?s=96&d=mm&r=g","caption":"Med Ahmed"},"url":"https:\/\/lequotidien.mr\/?author=12"}]}},"_links":{"self":[{"href":"https:\/\/lequotidien.mr\/index.php?rest_route=\/wp\/v2\/posts\/25920","targetHints":{"allow":["GET"]}}],"collection":[{"href":"https:\/\/lequotidien.mr\/index.php?rest_route=\/wp\/v2\/posts"}],"about":[{"href":"https:\/\/lequotidien.mr\/index.php?rest_route=\/wp\/v2\/types\/post"}],"author":[{"embeddable":true,"href":"https:\/\/lequotidien.mr\/index.php?rest_route=\/wp\/v2\/users\/12"}],"replies":[{"embeddable":true,"href":"https:\/\/lequotidien.mr\/index.php?rest_route=%2Fwp%2Fv2%2Fcomments&post=25920"}],"version-history":[{"count":1,"href":"https:\/\/lequotidien.mr\/index.php?rest_route=\/wp\/v2\/posts\/25920\/revisions"}],"predecessor-version":[{"id":25922,"href":"https:\/\/lequotidien.mr\/index.php?rest_route=\/wp\/v2\/posts\/25920\/revisions\/25922"}],"wp:featuredmedia":[{"embeddable":true,"href":"https:\/\/lequotidien.mr\/index.php?rest_route=\/wp\/v2\/media\/25921"}],"wp:attachment":[{"href":"https:\/\/lequotidien.mr\/index.php?rest_route=%2Fwp%2Fv2%2Fmedia&parent=25920"}],"wp:term":[{"taxonomy":"category","embeddable":true,"href":"https:\/\/lequotidien.mr\/index.php?rest_route=%2Fwp%2Fv2%2Fcategories&post=25920"},{"taxonomy":"post_tag","embeddable":true,"href":"https:\/\/lequotidien.mr\/index.php?rest_route=%2Fwp%2Fv2%2Ftags&post=25920"}],"curies":[{"name":"wp","href":"https:\/\/api.w.org\/{rel}","templated":true}]}}