{"id":25898,"date":"2025-03-05T13:07:28","date_gmt":"2025-03-05T13:07:28","guid":{"rendered":"https:\/\/lequotidien.mr\/?p=25898"},"modified":"2025-03-05T13:07:28","modified_gmt":"2025-03-05T13:07:28","slug":"education-lancement-dune-campagne-pedagogique-innovante-a-nouakchott-pour-renforcer-les-fondamentaux-scolaires","status":"publish","type":"post","link":"https:\/\/lequotidien.mr\/?p=25898&lang=fr","title":{"rendered":"Education : Lancement d\u2019une campagne p\u00e9dagogique innovante \u00e0 Nouakchott pour renforcer les fondamentaux scolaires"},"content":{"rendered":"<p>Mardi dernier, l\u2019Institut p\u00e9dagogique national (IPN) a officiellement lanc\u00e9, depuis l\u2019\u00e9cole Jeddou Fall situ\u00e9e dans le quartier Hayat Jedida de la commune de Toujounine (Nouakchott Nord), une campagne ambitieuse de diffusion d\u2019outils p\u00e9dagogiques destin\u00e9s \u00e0 renforcer les enseignements modulaires dans les wilayas de la capitale. Plac\u00e9e sous le patronage de M. Elmine Jeddou, conseiller du wali de Nouakchott Nord charg\u00e9 des affaires \u00e9conomiques et du d\u00e9veloppement local, cette initiative vise \u00e0 combattre les lacunes en alphab\u00e9tisation chez les \u00e9l\u00e8ves du cycle fondamental.<\/p>\n<p><strong>Des outils concrets pour pallier les failles \u00e9ducatives<\/strong><\/p>\n<p>Lors de la c\u00e9r\u00e9monie, les participants ont assist\u00e9 \u00e0 des d\u00e9monstrations pratiques de cours modulaires int\u00e9grant ces nouveaux supports p\u00e9dagogiques. Con\u00e7us pour aider les \u00e9l\u00e8ves \u00e0 \u00ab voir, prononcer et \u00e9crire correctement les lettres et les chiffres \u00bb, ces outils r\u00e9pondent \u00e0 un constat alarmant : de nombreux enfants ach\u00e8vent leur scolarit\u00e9 de base sans ma\u00eetriser la lecture ou l\u2019\u00e9criture. \u00ab Ces outils comblent un vide qui p\u00e9nalise nos \u00e9l\u00e8ves depuis des ann\u00e9es \u00bb, a affirm\u00e9 le directeur g\u00e9n\u00e9ral de l\u2019IPN, Dr Cheikh Sidi Abdallah. Selon lui, cette campagne s\u2019attaque \u00e0 une \u00ab priorit\u00e9 nationale \u00bb en alignant m\u00e9thodes p\u00e9dagogiques et besoins r\u00e9els des apprenants.<\/p>\n<p>Une premi\u00e8re phase pilote, d\u00e9ploy\u00e9e dans les wilayas de Nouakchott, sera suivie d\u2019une g\u00e9n\u00e9ralisation \u00e0 l\u2019ensemble du pays. Un convoi charg\u00e9 de mat\u00e9riel a d\u2019ailleurs quitt\u00e9 l\u2019\u00e9cole Jeddou Fall pour distribuer ces ressources dans les \u00e9tablissements cibl\u00e9s.<\/p>\n<p><strong>Un soutien salu\u00e9 par les acteurs \u00e9ducatifs et communautaires<\/strong><\/p>\n<p>M. Ahmed El Keihal, directeur r\u00e9gional de l\u2019\u00e9ducation \u00e0 Nouakchott Nord, a soulign\u00e9 l\u2019impact de ces outils sur la qualit\u00e9 de l\u2019enseignement : \u00ab Ils constituent un appui essentiel pour les enseignants et les \u00e9l\u00e8ves, en d\u00e9veloppant leurs capacit\u00e9s de lecture, d\u2019\u00e9criture et de compr\u00e9hension. \u00bb Il a \u00e9galement remerci\u00e9 l\u2019IPN pour son engagement continu, notamment via la distribution gratuite de manuels scolaires, \u00ab sans lesquels la performance \u00e9ducative reste inaccessible \u00bb.<\/p>\n<p>Le maire de Toujounine, M. Ahmed Salem El Filali, a salu\u00e9 une m\u00e9thodologie \u00ab plus proche des r\u00e9alit\u00e9s des \u00e9l\u00e8ves \u00bb, notamment pour l\u2019apprentissage des lettres arabes et fran\u00e7aises. \u00ab Ces outils compl\u00e8tent parfaitement les manuels distribu\u00e9s en d\u00e9but d\u2019ann\u00e9e, renfor\u00e7ant ainsi la coh\u00e9rence p\u00e9dagogique \u00bb, a-t-il ajout\u00e9.<\/p>\n<p><strong>Vers une \u00e9ducation inclusive et durable<\/strong><\/p>\n<p>Hamadi Housseinou Ba, pr\u00e9sident r\u00e9gional de la F\u00e9d\u00e9ration nationale des associations de parents d\u2019\u00e9l\u00e8ves de Nouakchott Nord, a mis en avant le choix symbolique du quartier Hayat Jedida pour le lancement : \u00ab C\u2019est un signal fort envers les familles d\u00e9munies. Les autorit\u00e9s montrent leur volont\u00e9 d\u2019am\u00e9liorer le niveau scolaire, m\u00eame dans les zones p\u00e9riph\u00e9riques. \u00bb Il a rappel\u00e9 le r\u00f4le cl\u00e9 de l\u2019IPN dans l\u2019accompagnement des \u00e9l\u00e8ves via des ressources gratuites, essentielles pour \u00ab renforcer leurs comp\u00e9tences linguistiques et cognitives \u00bb.<\/p>\n<p>Cette campagne s\u2019inscrit dans une s\u00e9rie de r\u00e9formes port\u00e9es par l\u2019IPN pour moderniser le syst\u00e8me \u00e9ducatif mauritanien. En associant innovation p\u00e9dagogique et \u00e9quit\u00e9 territoriale, elle ambitionne de r\u00e9duire les in\u00e9galit\u00e9s d\u2019apprentissage et de pr\u00e9parer une g\u00e9n\u00e9ration mieux arm\u00e9e pour l\u2019avenir.<\/p>\n<p>En conclusion, si les d\u00e9fis logistiques et de formation restent \u00e0 relever, ce projet incarne un espoir pour des milliers d\u2019\u00e9l\u00e8ves. Comme l\u2019a r\u00e9sum\u00e9 Dr Cheikh Sidi Abdallah : \u00ab L\u2019\u00e9ducation est la cl\u00e9 du d\u00e9veloppement. Avec ces outils, nous posons les bases d\u2019une Mauritanie o\u00f9 chaque enfant aura sa chance.\u00a0\u00bb<\/p>\n<p>&nbsp;<\/p>\n<p>&nbsp;<\/p>\n","protected":false},"excerpt":{"rendered":"<p>Mardi dernier, l\u2019Institut p\u00e9dagogique national (IPN) a officiellement lanc\u00e9, depuis l\u2019\u00e9cole Jeddou Fall situ\u00e9e dans le quartier Hayat Jedida de la commune de Toujounine (Nouakchott Nord), une campagne ambitieuse de diffusion d\u2019outils p\u00e9dagogiques destin\u00e9s \u00e0 renforcer les enseignements modulaires dans les wilayas de la capitale. Plac\u00e9e sous le patronage de M. Elmine Jeddou, conseiller du&#8230;..<\/p>\n","protected":false},"author":12,"featured_media":25899,"comment_status":"open","ping_status":"open","sticky":false,"template":"","format":"standard","meta":{"footnotes":""},"categories":[23,55],"tags":[],"class_list":["post-25898","post","type-post","status-publish","format-standard","has-post-thumbnail","hentry","category-actualite","category-culture"],"yoast_head":"<!-- This site is optimized with the Yoast SEO plugin v27.5 - https:\/\/yoast.com\/product\/yoast-seo-wordpress\/ -->\n<title>Education : Lancement d\u2019une campagne p\u00e9dagogique innovante \u00e0 Nouakchott pour renforcer les fondamentaux scolaires - Le Quotidien de Nouakchott<\/title>\n<meta name=\"robots\" content=\"index, follow, max-snippet:-1, max-image-preview:large, max-video-preview:-1\" \/>\n<link rel=\"canonical\" href=\"https:\/\/lequotidien.mr\/?p=25898&lang=fr\" \/>\n<meta property=\"og:locale\" content=\"ar_AR\" \/>\n<meta property=\"og:type\" content=\"article\" \/>\n<meta property=\"og:title\" content=\"Education : Lancement d\u2019une campagne p\u00e9dagogique innovante \u00e0 Nouakchott pour renforcer les fondamentaux scolaires - Le Quotidien de Nouakchott\" \/>\n<meta property=\"og:description\" content=\"Mardi dernier, l\u2019Institut p\u00e9dagogique national (IPN) a officiellement lanc\u00e9, depuis l\u2019\u00e9cole Jeddou Fall situ\u00e9e dans le quartier Hayat Jedida de la commune de Toujounine (Nouakchott Nord), une campagne ambitieuse de diffusion d\u2019outils p\u00e9dagogiques destin\u00e9s \u00e0 renforcer les enseignements modulaires dans les wilayas de la capitale. Plac\u00e9e sous le patronage de M. Elmine Jeddou, conseiller du.....\" \/>\n<meta property=\"og:url\" content=\"https:\/\/lequotidien.mr\/?p=25898&amp;lang=fr\" \/>\n<meta property=\"og:site_name\" content=\"Le Quotidien de Nouakchott\" \/>\n<meta property=\"article:publisher\" content=\"https:\/\/web.facebook.com\/lequotidienmr\" \/>\n<meta property=\"article:published_time\" content=\"2025-03-05T13:07:28+00:00\" \/>\n<meta property=\"og:image\" content=\"https:\/\/lequotidien.mr\/wp-content\/uploads\/2025\/03\/photo-supports-IPN.jpg\" \/>\n\t<meta property=\"og:image:width\" content=\"750\" \/>\n\t<meta property=\"og:image:height\" content=\"430\" \/>\n\t<meta property=\"og:image:type\" content=\"image\/jpeg\" \/>\n<meta name=\"author\" content=\"Med Ahmed\" \/>\n<meta name=\"twitter:card\" content=\"summary_large_image\" \/>\n<meta name=\"twitter:creator\" content=\"@lequotidienmr\" \/>\n<meta name=\"twitter:site\" content=\"@lequotidienmr\" \/>\n<meta name=\"twitter:label1\" content=\"\u0643\u064f\u062a\u0628 \u0628\u0648\u0627\u0633\u0637\u0629\" \/>\n\t<meta name=\"twitter:data1\" content=\"Med Ahmed\" \/>\n\t<meta name=\"twitter:label2\" content=\"\u0648\u0642\u062a \u0627\u0644\u0642\u0631\u0627\u0621\u0629 \u0627\u0644\u0645\u064f\u0642\u062f\u0651\u0631\" \/>\n\t<meta name=\"twitter:data2\" content=\"3 \u062f\u0642\u0627\u0626\u0642\" \/>\n<script type=\"application\/ld+json\" class=\"yoast-schema-graph\">{\"@context\":\"https:\\\/\\\/schema.org\",\"@graph\":[{\"@type\":\"Article\",\"@id\":\"https:\\\/\\\/lequotidien.mr\\\/?p=25898&lang=fr#article\",\"isPartOf\":{\"@id\":\"https:\\\/\\\/lequotidien.mr\\\/?p=25898&lang=fr\"},\"author\":{\"name\":\"Med Ahmed\",\"@id\":\"https:\\\/\\\/lequotidien.mr\\\/#\\\/schema\\\/person\\\/d2d350202a4d599685ed8abc25f97596\"},\"headline\":\"Education : Lancement d\u2019une campagne p\u00e9dagogique innovante \u00e0 Nouakchott pour renforcer les fondamentaux scolaires\",\"datePublished\":\"2025-03-05T13:07:28+00:00\",\"mainEntityOfPage\":{\"@id\":\"https:\\\/\\\/lequotidien.mr\\\/?p=25898&lang=fr\"},\"wordCount\":634,\"commentCount\":0,\"publisher\":{\"@id\":\"https:\\\/\\\/lequotidien.mr\\\/#organization\"},\"image\":{\"@id\":\"https:\\\/\\\/lequotidien.mr\\\/?p=25898&lang=fr#primaryimage\"},\"thumbnailUrl\":\"https:\\\/\\\/lequotidien.mr\\\/wp-content\\\/uploads\\\/2025\\\/03\\\/photo-supports-IPN.jpg\",\"articleSection\":[\"ACTUALIT\u00c9\",\"Culture\"],\"inLanguage\":\"ar\",\"potentialAction\":[{\"@type\":\"CommentAction\",\"name\":\"Comment\",\"target\":[\"https:\\\/\\\/lequotidien.mr\\\/?p=25898&lang=fr#respond\"]}]},{\"@type\":\"WebPage\",\"@id\":\"https:\\\/\\\/lequotidien.mr\\\/?p=25898&lang=fr\",\"url\":\"https:\\\/\\\/lequotidien.mr\\\/?p=25898&lang=fr\",\"name\":\"Education : Lancement d\u2019une campagne p\u00e9dagogique innovante \u00e0 Nouakchott pour renforcer les fondamentaux scolaires - Le Quotidien de Nouakchott\",\"isPartOf\":{\"@id\":\"https:\\\/\\\/lequotidien.mr\\\/#website\"},\"primaryImageOfPage\":{\"@id\":\"https:\\\/\\\/lequotidien.mr\\\/?p=25898&lang=fr#primaryimage\"},\"image\":{\"@id\":\"https:\\\/\\\/lequotidien.mr\\\/?p=25898&lang=fr#primaryimage\"},\"thumbnailUrl\":\"https:\\\/\\\/lequotidien.mr\\\/wp-content\\\/uploads\\\/2025\\\/03\\\/photo-supports-IPN.jpg\",\"datePublished\":\"2025-03-05T13:07:28+00:00\",\"breadcrumb\":{\"@id\":\"https:\\\/\\\/lequotidien.mr\\\/?p=25898&lang=fr#breadcrumb\"},\"inLanguage\":\"ar\",\"potentialAction\":[{\"@type\":\"ReadAction\",\"target\":[\"https:\\\/\\\/lequotidien.mr\\\/?p=25898&lang=fr\"]}]},{\"@type\":\"ImageObject\",\"inLanguage\":\"ar\",\"@id\":\"https:\\\/\\\/lequotidien.mr\\\/?p=25898&lang=fr#primaryimage\",\"url\":\"https:\\\/\\\/lequotidien.mr\\\/wp-content\\\/uploads\\\/2025\\\/03\\\/photo-supports-IPN.jpg\",\"contentUrl\":\"https:\\\/\\\/lequotidien.mr\\\/wp-content\\\/uploads\\\/2025\\\/03\\\/photo-supports-IPN.jpg\",\"width\":750,\"height\":430},{\"@type\":\"BreadcrumbList\",\"@id\":\"https:\\\/\\\/lequotidien.mr\\\/?p=25898&lang=fr#breadcrumb\",\"itemListElement\":[{\"@type\":\"ListItem\",\"position\":1,\"name\":\"Home\",\"item\":\"https:\\\/\\\/lequotidien.mr\\\/\"},{\"@type\":\"ListItem\",\"position\":2,\"name\":\"Education : Lancement d\u2019une campagne p\u00e9dagogique innovante \u00e0 Nouakchott pour renforcer les fondamentaux scolaires\"}]},{\"@type\":\"WebSite\",\"@id\":\"https:\\\/\\\/lequotidien.mr\\\/#website\",\"url\":\"https:\\\/\\\/lequotidien.mr\\\/\",\"name\":\"Le Quotidien de Nouakchott\",\"description\":\"\u0625\u062e\u0628\u0627\u0631\u064a\u0629 \u0645\u0633\u062a\u0642\u0644\u0629 \u0644\u0644\u0623\u0646\u0628\u0627\u0621 \u0627\u0644\u0639\u0627\u0645\u0629\",\"publisher\":{\"@id\":\"https:\\\/\\\/lequotidien.mr\\\/#organization\"},\"potentialAction\":[{\"@type\":\"SearchAction\",\"target\":{\"@type\":\"EntryPoint\",\"urlTemplate\":\"https:\\\/\\\/lequotidien.mr\\\/?s={search_term_string}\"},\"query-input\":{\"@type\":\"PropertyValueSpecification\",\"valueRequired\":true,\"valueName\":\"search_term_string\"}}],\"inLanguage\":\"ar\"},{\"@type\":\"Organization\",\"@id\":\"https:\\\/\\\/lequotidien.mr\\\/#organization\",\"name\":\"Le Quotidien de Nouakchott\",\"url\":\"https:\\\/\\\/lequotidien.mr\\\/\",\"logo\":{\"@type\":\"ImageObject\",\"inLanguage\":\"ar\",\"@id\":\"https:\\\/\\\/lequotidien.mr\\\/#\\\/schema\\\/logo\\\/image\\\/\",\"url\":\"https:\\\/\\\/lequotidien.mr\\\/wp-content\\\/uploads\\\/2022\\\/11\\\/logolequotidien.jpg\",\"contentUrl\":\"https:\\\/\\\/lequotidien.mr\\\/wp-content\\\/uploads\\\/2022\\\/11\\\/logolequotidien.jpg\",\"width\":290,\"height\":65,\"caption\":\"Le Quotidien de Nouakchott\"},\"image\":{\"@id\":\"https:\\\/\\\/lequotidien.mr\\\/#\\\/schema\\\/logo\\\/image\\\/\"},\"sameAs\":[\"https:\\\/\\\/web.facebook.com\\\/lequotidienmr\",\"https:\\\/\\\/x.com\\\/lequotidienmr\"]},{\"@type\":\"Person\",\"@id\":\"https:\\\/\\\/lequotidien.mr\\\/#\\\/schema\\\/person\\\/d2d350202a4d599685ed8abc25f97596\",\"name\":\"Med Ahmed\",\"image\":{\"@type\":\"ImageObject\",\"inLanguage\":\"ar\",\"@id\":\"https:\\\/\\\/secure.gravatar.com\\\/avatar\\\/fd2acc62ed50732923d1d39c17172c9b04149f142be92310ecc69e1358f94b52?s=96&d=mm&r=g\",\"url\":\"https:\\\/\\\/secure.gravatar.com\\\/avatar\\\/fd2acc62ed50732923d1d39c17172c9b04149f142be92310ecc69e1358f94b52?s=96&d=mm&r=g\",\"contentUrl\":\"https:\\\/\\\/secure.gravatar.com\\\/avatar\\\/fd2acc62ed50732923d1d39c17172c9b04149f142be92310ecc69e1358f94b52?s=96&d=mm&r=g\",\"caption\":\"Med Ahmed\"},\"url\":\"https:\\\/\\\/lequotidien.mr\\\/?author=12\"}]}<\/script>\n<!-- \/ Yoast SEO plugin. -->","yoast_head_json":{"title":"Education : Lancement d\u2019une campagne p\u00e9dagogique innovante \u00e0 Nouakchott pour renforcer les fondamentaux scolaires - Le Quotidien de Nouakchott","robots":{"index":"index","follow":"follow","max-snippet":"max-snippet:-1","max-image-preview":"max-image-preview:large","max-video-preview":"max-video-preview:-1"},"canonical":"https:\/\/lequotidien.mr\/?p=25898&lang=fr","og_locale":"ar_AR","og_type":"article","og_title":"Education : Lancement d\u2019une campagne p\u00e9dagogique innovante \u00e0 Nouakchott pour renforcer les fondamentaux scolaires - Le Quotidien de Nouakchott","og_description":"Mardi dernier, l\u2019Institut p\u00e9dagogique national (IPN) a officiellement lanc\u00e9, depuis l\u2019\u00e9cole Jeddou Fall situ\u00e9e dans le quartier Hayat Jedida de la commune de Toujounine (Nouakchott Nord), une campagne ambitieuse de diffusion d\u2019outils p\u00e9dagogiques destin\u00e9s \u00e0 renforcer les enseignements modulaires dans les wilayas de la capitale. Plac\u00e9e sous le patronage de M. Elmine Jeddou, conseiller du.....","og_url":"https:\/\/lequotidien.mr\/?p=25898&lang=fr","og_site_name":"Le Quotidien de Nouakchott","article_publisher":"https:\/\/web.facebook.com\/lequotidienmr","article_published_time":"2025-03-05T13:07:28+00:00","og_image":[{"width":750,"height":430,"url":"https:\/\/lequotidien.mr\/wp-content\/uploads\/2025\/03\/photo-supports-IPN.jpg","type":"image\/jpeg"}],"author":"Med Ahmed","twitter_card":"summary_large_image","twitter_creator":"@lequotidienmr","twitter_site":"@lequotidienmr","twitter_misc":{"\u0643\u064f\u062a\u0628 \u0628\u0648\u0627\u0633\u0637\u0629":"Med Ahmed","\u0648\u0642\u062a \u0627\u0644\u0642\u0631\u0627\u0621\u0629 \u0627\u0644\u0645\u064f\u0642\u062f\u0651\u0631":"3 \u062f\u0642\u0627\u0626\u0642"},"schema":{"@context":"https:\/\/schema.org","@graph":[{"@type":"Article","@id":"https:\/\/lequotidien.mr\/?p=25898&lang=fr#article","isPartOf":{"@id":"https:\/\/lequotidien.mr\/?p=25898&lang=fr"},"author":{"name":"Med Ahmed","@id":"https:\/\/lequotidien.mr\/#\/schema\/person\/d2d350202a4d599685ed8abc25f97596"},"headline":"Education : Lancement d\u2019une campagne p\u00e9dagogique innovante \u00e0 Nouakchott pour renforcer les fondamentaux scolaires","datePublished":"2025-03-05T13:07:28+00:00","mainEntityOfPage":{"@id":"https:\/\/lequotidien.mr\/?p=25898&lang=fr"},"wordCount":634,"commentCount":0,"publisher":{"@id":"https:\/\/lequotidien.mr\/#organization"},"image":{"@id":"https:\/\/lequotidien.mr\/?p=25898&lang=fr#primaryimage"},"thumbnailUrl":"https:\/\/lequotidien.mr\/wp-content\/uploads\/2025\/03\/photo-supports-IPN.jpg","articleSection":["ACTUALIT\u00c9","Culture"],"inLanguage":"ar","potentialAction":[{"@type":"CommentAction","name":"Comment","target":["https:\/\/lequotidien.mr\/?p=25898&lang=fr#respond"]}]},{"@type":"WebPage","@id":"https:\/\/lequotidien.mr\/?p=25898&lang=fr","url":"https:\/\/lequotidien.mr\/?p=25898&lang=fr","name":"Education : Lancement d\u2019une campagne p\u00e9dagogique innovante \u00e0 Nouakchott pour renforcer les fondamentaux scolaires - Le Quotidien de Nouakchott","isPartOf":{"@id":"https:\/\/lequotidien.mr\/#website"},"primaryImageOfPage":{"@id":"https:\/\/lequotidien.mr\/?p=25898&lang=fr#primaryimage"},"image":{"@id":"https:\/\/lequotidien.mr\/?p=25898&lang=fr#primaryimage"},"thumbnailUrl":"https:\/\/lequotidien.mr\/wp-content\/uploads\/2025\/03\/photo-supports-IPN.jpg","datePublished":"2025-03-05T13:07:28+00:00","breadcrumb":{"@id":"https:\/\/lequotidien.mr\/?p=25898&lang=fr#breadcrumb"},"inLanguage":"ar","potentialAction":[{"@type":"ReadAction","target":["https:\/\/lequotidien.mr\/?p=25898&lang=fr"]}]},{"@type":"ImageObject","inLanguage":"ar","@id":"https:\/\/lequotidien.mr\/?p=25898&lang=fr#primaryimage","url":"https:\/\/lequotidien.mr\/wp-content\/uploads\/2025\/03\/photo-supports-IPN.jpg","contentUrl":"https:\/\/lequotidien.mr\/wp-content\/uploads\/2025\/03\/photo-supports-IPN.jpg","width":750,"height":430},{"@type":"BreadcrumbList","@id":"https:\/\/lequotidien.mr\/?p=25898&lang=fr#breadcrumb","itemListElement":[{"@type":"ListItem","position":1,"name":"Home","item":"https:\/\/lequotidien.mr\/"},{"@type":"ListItem","position":2,"name":"Education : Lancement d\u2019une campagne p\u00e9dagogique innovante \u00e0 Nouakchott pour renforcer les fondamentaux scolaires"}]},{"@type":"WebSite","@id":"https:\/\/lequotidien.mr\/#website","url":"https:\/\/lequotidien.mr\/","name":"Le Quotidien de Nouakchott","description":"\u0625\u062e\u0628\u0627\u0631\u064a\u0629 \u0645\u0633\u062a\u0642\u0644\u0629 \u0644\u0644\u0623\u0646\u0628\u0627\u0621 \u0627\u0644\u0639\u0627\u0645\u0629","publisher":{"@id":"https:\/\/lequotidien.mr\/#organization"},"potentialAction":[{"@type":"SearchAction","target":{"@type":"EntryPoint","urlTemplate":"https:\/\/lequotidien.mr\/?s={search_term_string}"},"query-input":{"@type":"PropertyValueSpecification","valueRequired":true,"valueName":"search_term_string"}}],"inLanguage":"ar"},{"@type":"Organization","@id":"https:\/\/lequotidien.mr\/#organization","name":"Le Quotidien de Nouakchott","url":"https:\/\/lequotidien.mr\/","logo":{"@type":"ImageObject","inLanguage":"ar","@id":"https:\/\/lequotidien.mr\/#\/schema\/logo\/image\/","url":"https:\/\/lequotidien.mr\/wp-content\/uploads\/2022\/11\/logolequotidien.jpg","contentUrl":"https:\/\/lequotidien.mr\/wp-content\/uploads\/2022\/11\/logolequotidien.jpg","width":290,"height":65,"caption":"Le Quotidien de Nouakchott"},"image":{"@id":"https:\/\/lequotidien.mr\/#\/schema\/logo\/image\/"},"sameAs":["https:\/\/web.facebook.com\/lequotidienmr","https:\/\/x.com\/lequotidienmr"]},{"@type":"Person","@id":"https:\/\/lequotidien.mr\/#\/schema\/person\/d2d350202a4d599685ed8abc25f97596","name":"Med Ahmed","image":{"@type":"ImageObject","inLanguage":"ar","@id":"https:\/\/secure.gravatar.com\/avatar\/fd2acc62ed50732923d1d39c17172c9b04149f142be92310ecc69e1358f94b52?s=96&d=mm&r=g","url":"https:\/\/secure.gravatar.com\/avatar\/fd2acc62ed50732923d1d39c17172c9b04149f142be92310ecc69e1358f94b52?s=96&d=mm&r=g","contentUrl":"https:\/\/secure.gravatar.com\/avatar\/fd2acc62ed50732923d1d39c17172c9b04149f142be92310ecc69e1358f94b52?s=96&d=mm&r=g","caption":"Med Ahmed"},"url":"https:\/\/lequotidien.mr\/?author=12"}]}},"_links":{"self":[{"href":"https:\/\/lequotidien.mr\/index.php?rest_route=\/wp\/v2\/posts\/25898","targetHints":{"allow":["GET"]}}],"collection":[{"href":"https:\/\/lequotidien.mr\/index.php?rest_route=\/wp\/v2\/posts"}],"about":[{"href":"https:\/\/lequotidien.mr\/index.php?rest_route=\/wp\/v2\/types\/post"}],"author":[{"embeddable":true,"href":"https:\/\/lequotidien.mr\/index.php?rest_route=\/wp\/v2\/users\/12"}],"replies":[{"embeddable":true,"href":"https:\/\/lequotidien.mr\/index.php?rest_route=%2Fwp%2Fv2%2Fcomments&post=25898"}],"version-history":[{"count":1,"href":"https:\/\/lequotidien.mr\/index.php?rest_route=\/wp\/v2\/posts\/25898\/revisions"}],"predecessor-version":[{"id":25900,"href":"https:\/\/lequotidien.mr\/index.php?rest_route=\/wp\/v2\/posts\/25898\/revisions\/25900"}],"wp:featuredmedia":[{"embeddable":true,"href":"https:\/\/lequotidien.mr\/index.php?rest_route=\/wp\/v2\/media\/25899"}],"wp:attachment":[{"href":"https:\/\/lequotidien.mr\/index.php?rest_route=%2Fwp%2Fv2%2Fmedia&parent=25898"}],"wp:term":[{"taxonomy":"category","embeddable":true,"href":"https:\/\/lequotidien.mr\/index.php?rest_route=%2Fwp%2Fv2%2Fcategories&post=25898"},{"taxonomy":"post_tag","embeddable":true,"href":"https:\/\/lequotidien.mr\/index.php?rest_route=%2Fwp%2Fv2%2Ftags&post=25898"}],"curies":[{"name":"wp","href":"https:\/\/api.w.org\/{rel}","templated":true}]}}