{"id":25824,"date":"2025-03-03T12:15:20","date_gmt":"2025-03-03T12:15:20","guid":{"rendered":"https:\/\/lequotidien.mr\/?p=25824"},"modified":"2025-03-03T12:15:20","modified_gmt":"2025-03-03T12:15:20","slug":"le-president-el-ghazouani-lance-une-operation-socio-economique-majeure-pour-soutenir-les-populations-pendant-le-ramadan","status":"publish","type":"post","link":"https:\/\/lequotidien.mr\/?p=25824&lang=fr","title":{"rendered":"Le Pr\u00e9sident El Ghazouani lance une op\u00e9ration socio-\u00e9conomique majeure pour soutenir les populations pendant le Ramadan"},"content":{"rendered":"<p>Vendredi dernier, le Pr\u00e9sident de la R\u00e9publique, M. Mohamed Cheikh El Ghazouani a supervis\u00e9 le lancement d\u2019une\u00a0<strong>op\u00e9ration in\u00e9dite de soutien socio-\u00e9conomique<\/strong>\u00a0en faveur des citoyens, \u00e0 l\u2019occasion du mois sacr\u00e9 du Ramadan. Cette initiative d\u2019envergure, combinant l\u2019inauguration de foires alimentaires locales et le d\u00e9ploiement de mesures gouvernementales cibl\u00e9es, vise \u00e0 soulager les m\u00e9nages mauritaniens, en particulier les plus vuln\u00e9rables, tout en renfor\u00e7ant la coh\u00e9sion nationale.<\/p>\n<p><strong>Une initiative solidaire durant le mois de Ramadan<\/strong><\/p>\n<p>Cette op\u00e9ration, fruit d\u2019un partenariat entre le gouvernement et le secteur priv\u00e9, s\u2019inscrit dans la vision pr\u00e9sidentielle de\u00a0<strong>renforcer la solidarit\u00e9 nationale<\/strong>\u00a0et de garantir l\u2019acc\u00e8s aux produits de premi\u00e8re n\u00e9cessit\u00e9 \u00e0 des prix subventionn\u00e9s. Le Pr\u00e9sident a lanc\u00e9 symboliquement cette action en visitant l\u2019<strong>exposition pilote<\/strong>\u00a0install\u00e9e sur l\u2019ancienne place de l\u2019a\u00e9roport de Nouakchott, o\u00f9 il a officiellement activ\u00e9 la distribution de denr\u00e9es essentielles \u00e0 tarifs r\u00e9duits.<\/p>\n<p>Les objectifs cl\u00e9s de l\u2019op\u00e9ration sont :<\/p>\n<p><strong>-D\u00e9ployer des foires commerciales<\/strong>\u00a0dans toutes les wilayas de Nouakchott pour promouvoir des produits locaux de haute qualit\u00e9\u00a0;<\/p>\n<p><strong>-Subventionner jusqu\u2019\u00e0 50 %<\/strong>\u00a0le prix de produits de base : sucre, huile, farine, riz, lait, dattes et poisson\u00a0;<\/p>\n<p><strong>-Lutter contre la sp\u00e9culation<\/strong>\u00a0via un contr\u00f4le renforc\u00e9 des prix, assurant ainsi une stabilit\u00e9 du march\u00e9 et une protection des consommateurs.<\/p>\n<p>Lors de sa visite des stands, le Chef de l\u2019\u00c9tat a salu\u00e9 l\u2019abondance des stocks et insist\u00e9 sur l\u2019imp\u00e9ratif d\u2019<strong>\u00e9quit\u00e9<\/strong>\u00a0:\u00a0<em>\u00ab Ces initiatives doivent b\u00e9n\u00e9ficier \u00e0 tous les citoyens, sans exclusion, conform\u00e9ment aux valeurs de justice sociale qui nous unissent. \u00bb<\/em><\/p>\n<p><strong>Des mesures sociales ciblant les plus indigents<\/strong><\/p>\n<p>Pour amplifier l\u2019impact de cette op\u00e9ration, le Pr\u00e9sident s\u2019est rendu aux entrep\u00f4ts du\u00a0<strong>Commissariat \u00e0 la s\u00e9curit\u00e9 alimentaire<\/strong>, o\u00f9 les ministres concern\u00e9s ont d\u00e9taill\u00e9 les programmes sociaux d\u00e9ploy\u00e9s pour le Ramadan :<\/p>\n<p><strong>-Soutien aux acteurs religieux<\/strong>\u00a0: Une enveloppe financi\u00e8re est allou\u00e9e aux Imams et Cheikhs de mahadras pour renforcer leur r\u00f4le \u00e9ducatif et social\u00a0;<\/p>\n<p><strong>-Poisson accessible \u00e0 tous<\/strong>\u00a0: Le minist\u00e8re de la P\u00eache r\u00e9duit les prix pour garantir l\u2019acc\u00e8s des familles n\u00e9cessiteuses \u00e0 cette source nutritive essentielle\u00a0;<\/p>\n<p><strong>-Aides directes aux m\u00e9nages vuln\u00e9rables<\/strong>\u00a0: Le minist\u00e8re de l\u2019Action sociale verse des transferts financiers aux familles confront\u00e9es \u00e0 des handicaps ou maladies chroniques\u00a0;<\/p>\n<p><strong>-Strat\u00e9gie Taazour<\/strong>\u00a0: La D\u00e9l\u00e9gation Taazour \u00e9largit ses allocations aux groupes d\u00e9favoris\u00e9s, s\u2019inscrivant dans la lutte nationale contre la pauvret\u00e9\u00a0;<\/p>\n<p><strong>Distributions massives<\/strong>\u00a0: Le Commissariat \u00e0 la s\u00e9curit\u00e9 alimentaire fournira des milliers de tonnes de denr\u00e9es de base aux m\u00e9nages les plus d\u00e9munis.<\/p>\n<p><strong>Un engagement pr\u00e9sidentiel pour la dignit\u00e9 citoyenne<\/strong><\/p>\n<p>Au cours de sa tourn\u00e9e, le Pr\u00e9sident a \u00e9chang\u00e9 avec des b\u00e9n\u00e9ficiaires et des responsables logistiques, r\u00e9affirmant l\u2019engagement de l\u2019\u00c9tat \u00e0\u00a0<em>\u00ab garantir des conditions de vie d\u00e9centes pour tous \u00bb<\/em>. Il a soulign\u00e9 que cette op\u00e9ration incarne les\u00a0<strong>valeurs de fraternit\u00e9 et d\u2019entraide<\/strong>\u00a0ch\u00e8res \u00e0 la nation mauritanienne, ajoutant :\u00a0<em>\u00ab Le Ramadan est un mois de partage. Notre devoir est de transformer ces valeurs en actions concr\u00e8tes. \u00bb<\/em><\/p>\n<p>Avec une bonne frange <strong>de la population<\/strong>\u00a0vivant sous le seuil de pauvret\u00e9, cette initiative arrive \u00e0 point nomm\u00e9 pour att\u00e9nuer les tensions \u00e9conomiques. En associant subventions, contr\u00f4les stricts et soutiens cibl\u00e9s, le gouvernement esp\u00e8re non seulement apaiser les foyers durant le Ramadan, mais aussi poser les bases d\u2019une\u00a0<strong>solidarit\u00e9 structurelle<\/strong>.<\/p>\n<p>La c\u00e9r\u00e9monie s\u2019est achev\u00e9e en pr\u00e9sence des autorit\u00e9s locales, des repr\u00e9sentants du secteur priv\u00e9 et des partenaires sociaux, marquant une nouvelle \u00e9tape dans la politique de protection sociale du pays.<\/p>\n<p><em>Alors que les foires ouvrent leurs portes et que les premiers b\u00e9n\u00e9ficiaires re\u00e7oivent leurs aides, les Mauritaniens esp\u00e8rent d\u00e9sormais voir ces efforts se p\u00e9renniser, bien au-del\u00e0 du mois sacr\u00e9 de ramadan.<\/em><\/p>\n","protected":false},"excerpt":{"rendered":"<p>Vendredi dernier, le Pr\u00e9sident de la R\u00e9publique, M. Mohamed Cheikh El Ghazouani a supervis\u00e9 le lancement d\u2019une\u00a0op\u00e9ration in\u00e9dite de soutien socio-\u00e9conomique\u00a0en faveur des citoyens, \u00e0 l\u2019occasion du mois sacr\u00e9 du Ramadan. Cette initiative d\u2019envergure, combinant l\u2019inauguration de foires alimentaires locales et le d\u00e9ploiement de mesures gouvernementales cibl\u00e9es, vise \u00e0 soulager les m\u00e9nages mauritaniens, en particulier&#8230;..<\/p>\n","protected":false},"author":12,"featured_media":25825,"comment_status":"open","ping_status":"open","sticky":false,"template":"","format":"standard","meta":{"footnotes":""},"categories":[23,49],"tags":[],"class_list":["post-25824","post","type-post","status-publish","format-standard","has-post-thumbnail","hentry","category-actualite","category-economie"],"yoast_head":"<!-- This site is optimized with the Yoast SEO plugin v27.5 - https:\/\/yoast.com\/product\/yoast-seo-wordpress\/ -->\n<title>Le Pr\u00e9sident El Ghazouani lance une op\u00e9ration socio-\u00e9conomique majeure pour soutenir les populations pendant le Ramadan - Le Quotidien de Nouakchott<\/title>\n<meta name=\"robots\" content=\"index, follow, max-snippet:-1, max-image-preview:large, max-video-preview:-1\" \/>\n<link rel=\"canonical\" href=\"https:\/\/lequotidien.mr\/?p=25824&lang=fr\" \/>\n<meta property=\"og:locale\" content=\"ar_AR\" \/>\n<meta property=\"og:type\" content=\"article\" \/>\n<meta property=\"og:title\" content=\"Le Pr\u00e9sident El Ghazouani lance une op\u00e9ration socio-\u00e9conomique majeure pour soutenir les populations pendant le Ramadan - Le Quotidien de Nouakchott\" \/>\n<meta property=\"og:description\" content=\"Vendredi dernier, le Pr\u00e9sident de la R\u00e9publique, M. Mohamed Cheikh El Ghazouani a supervis\u00e9 le lancement d\u2019une\u00a0op\u00e9ration in\u00e9dite de soutien socio-\u00e9conomique\u00a0en faveur des citoyens, \u00e0 l\u2019occasion du mois sacr\u00e9 du Ramadan. Cette initiative d\u2019envergure, combinant l\u2019inauguration de foires alimentaires locales et le d\u00e9ploiement de mesures gouvernementales cibl\u00e9es, vise \u00e0 soulager les m\u00e9nages mauritaniens, en particulier.....\" \/>\n<meta property=\"og:url\" content=\"https:\/\/lequotidien.mr\/?p=25824&amp;lang=fr\" \/>\n<meta property=\"og:site_name\" content=\"Le Quotidien de Nouakchott\" \/>\n<meta property=\"article:publisher\" content=\"https:\/\/web.facebook.com\/lequotidienmr\" \/>\n<meta property=\"article:published_time\" content=\"2025-03-03T12:15:20+00:00\" \/>\n<meta property=\"og:image\" content=\"https:\/\/lequotidien.mr\/wp-content\/uploads\/2025\/03\/photo-intiative-Ramadan.jpg\" \/>\n\t<meta property=\"og:image:width\" content=\"750\" \/>\n\t<meta property=\"og:image:height\" content=\"430\" \/>\n\t<meta property=\"og:image:type\" content=\"image\/jpeg\" \/>\n<meta name=\"author\" content=\"Med Ahmed\" \/>\n<meta name=\"twitter:card\" content=\"summary_large_image\" \/>\n<meta name=\"twitter:creator\" content=\"@lequotidienmr\" \/>\n<meta name=\"twitter:site\" content=\"@lequotidienmr\" \/>\n<meta name=\"twitter:label1\" content=\"\u0643\u064f\u062a\u0628 \u0628\u0648\u0627\u0633\u0637\u0629\" \/>\n\t<meta name=\"twitter:data1\" content=\"Med Ahmed\" \/>\n\t<meta name=\"twitter:label2\" content=\"\u0648\u0642\u062a \u0627\u0644\u0642\u0631\u0627\u0621\u0629 \u0627\u0644\u0645\u064f\u0642\u062f\u0651\u0631\" \/>\n\t<meta name=\"twitter:data2\" content=\"3 \u062f\u0642\u0627\u0626\u0642\" \/>\n<script type=\"application\/ld+json\" class=\"yoast-schema-graph\">{\"@context\":\"https:\\\/\\\/schema.org\",\"@graph\":[{\"@type\":\"Article\",\"@id\":\"https:\\\/\\\/lequotidien.mr\\\/?p=25824&lang=fr#article\",\"isPartOf\":{\"@id\":\"https:\\\/\\\/lequotidien.mr\\\/?p=25824&lang=fr\"},\"author\":{\"name\":\"Med Ahmed\",\"@id\":\"https:\\\/\\\/lequotidien.mr\\\/#\\\/schema\\\/person\\\/d2d350202a4d599685ed8abc25f97596\"},\"headline\":\"Le Pr\u00e9sident El Ghazouani lance une op\u00e9ration socio-\u00e9conomique majeure pour soutenir les populations pendant le Ramadan\",\"datePublished\":\"2025-03-03T12:15:20+00:00\",\"mainEntityOfPage\":{\"@id\":\"https:\\\/\\\/lequotidien.mr\\\/?p=25824&lang=fr\"},\"wordCount\":689,\"commentCount\":0,\"publisher\":{\"@id\":\"https:\\\/\\\/lequotidien.mr\\\/#organization\"},\"image\":{\"@id\":\"https:\\\/\\\/lequotidien.mr\\\/?p=25824&lang=fr#primaryimage\"},\"thumbnailUrl\":\"https:\\\/\\\/lequotidien.mr\\\/wp-content\\\/uploads\\\/2025\\\/03\\\/photo-intiative-Ramadan.jpg\",\"articleSection\":[\"ACTUALIT\u00c9\",\"Economie\"],\"inLanguage\":\"ar\",\"potentialAction\":[{\"@type\":\"CommentAction\",\"name\":\"Comment\",\"target\":[\"https:\\\/\\\/lequotidien.mr\\\/?p=25824&lang=fr#respond\"]}]},{\"@type\":\"WebPage\",\"@id\":\"https:\\\/\\\/lequotidien.mr\\\/?p=25824&lang=fr\",\"url\":\"https:\\\/\\\/lequotidien.mr\\\/?p=25824&lang=fr\",\"name\":\"Le Pr\u00e9sident El Ghazouani lance une op\u00e9ration socio-\u00e9conomique majeure pour soutenir les populations pendant le Ramadan - Le Quotidien de Nouakchott\",\"isPartOf\":{\"@id\":\"https:\\\/\\\/lequotidien.mr\\\/#website\"},\"primaryImageOfPage\":{\"@id\":\"https:\\\/\\\/lequotidien.mr\\\/?p=25824&lang=fr#primaryimage\"},\"image\":{\"@id\":\"https:\\\/\\\/lequotidien.mr\\\/?p=25824&lang=fr#primaryimage\"},\"thumbnailUrl\":\"https:\\\/\\\/lequotidien.mr\\\/wp-content\\\/uploads\\\/2025\\\/03\\\/photo-intiative-Ramadan.jpg\",\"datePublished\":\"2025-03-03T12:15:20+00:00\",\"breadcrumb\":{\"@id\":\"https:\\\/\\\/lequotidien.mr\\\/?p=25824&lang=fr#breadcrumb\"},\"inLanguage\":\"ar\",\"potentialAction\":[{\"@type\":\"ReadAction\",\"target\":[\"https:\\\/\\\/lequotidien.mr\\\/?p=25824&lang=fr\"]}]},{\"@type\":\"ImageObject\",\"inLanguage\":\"ar\",\"@id\":\"https:\\\/\\\/lequotidien.mr\\\/?p=25824&lang=fr#primaryimage\",\"url\":\"https:\\\/\\\/lequotidien.mr\\\/wp-content\\\/uploads\\\/2025\\\/03\\\/photo-intiative-Ramadan.jpg\",\"contentUrl\":\"https:\\\/\\\/lequotidien.mr\\\/wp-content\\\/uploads\\\/2025\\\/03\\\/photo-intiative-Ramadan.jpg\",\"width\":750,\"height\":430},{\"@type\":\"BreadcrumbList\",\"@id\":\"https:\\\/\\\/lequotidien.mr\\\/?p=25824&lang=fr#breadcrumb\",\"itemListElement\":[{\"@type\":\"ListItem\",\"position\":1,\"name\":\"Home\",\"item\":\"https:\\\/\\\/lequotidien.mr\\\/\"},{\"@type\":\"ListItem\",\"position\":2,\"name\":\"Le Pr\u00e9sident El Ghazouani lance une op\u00e9ration socio-\u00e9conomique majeure pour soutenir les populations pendant le Ramadan\"}]},{\"@type\":\"WebSite\",\"@id\":\"https:\\\/\\\/lequotidien.mr\\\/#website\",\"url\":\"https:\\\/\\\/lequotidien.mr\\\/\",\"name\":\"Le Quotidien de Nouakchott\",\"description\":\"\u0625\u062e\u0628\u0627\u0631\u064a\u0629 \u0645\u0633\u062a\u0642\u0644\u0629 \u0644\u0644\u0623\u0646\u0628\u0627\u0621 \u0627\u0644\u0639\u0627\u0645\u0629\",\"publisher\":{\"@id\":\"https:\\\/\\\/lequotidien.mr\\\/#organization\"},\"potentialAction\":[{\"@type\":\"SearchAction\",\"target\":{\"@type\":\"EntryPoint\",\"urlTemplate\":\"https:\\\/\\\/lequotidien.mr\\\/?s={search_term_string}\"},\"query-input\":{\"@type\":\"PropertyValueSpecification\",\"valueRequired\":true,\"valueName\":\"search_term_string\"}}],\"inLanguage\":\"ar\"},{\"@type\":\"Organization\",\"@id\":\"https:\\\/\\\/lequotidien.mr\\\/#organization\",\"name\":\"Le Quotidien de Nouakchott\",\"url\":\"https:\\\/\\\/lequotidien.mr\\\/\",\"logo\":{\"@type\":\"ImageObject\",\"inLanguage\":\"ar\",\"@id\":\"https:\\\/\\\/lequotidien.mr\\\/#\\\/schema\\\/logo\\\/image\\\/\",\"url\":\"https:\\\/\\\/lequotidien.mr\\\/wp-content\\\/uploads\\\/2022\\\/11\\\/logolequotidien.jpg\",\"contentUrl\":\"https:\\\/\\\/lequotidien.mr\\\/wp-content\\\/uploads\\\/2022\\\/11\\\/logolequotidien.jpg\",\"width\":290,\"height\":65,\"caption\":\"Le Quotidien de Nouakchott\"},\"image\":{\"@id\":\"https:\\\/\\\/lequotidien.mr\\\/#\\\/schema\\\/logo\\\/image\\\/\"},\"sameAs\":[\"https:\\\/\\\/web.facebook.com\\\/lequotidienmr\",\"https:\\\/\\\/x.com\\\/lequotidienmr\"]},{\"@type\":\"Person\",\"@id\":\"https:\\\/\\\/lequotidien.mr\\\/#\\\/schema\\\/person\\\/d2d350202a4d599685ed8abc25f97596\",\"name\":\"Med Ahmed\",\"image\":{\"@type\":\"ImageObject\",\"inLanguage\":\"ar\",\"@id\":\"https:\\\/\\\/secure.gravatar.com\\\/avatar\\\/fd2acc62ed50732923d1d39c17172c9b04149f142be92310ecc69e1358f94b52?s=96&d=mm&r=g\",\"url\":\"https:\\\/\\\/secure.gravatar.com\\\/avatar\\\/fd2acc62ed50732923d1d39c17172c9b04149f142be92310ecc69e1358f94b52?s=96&d=mm&r=g\",\"contentUrl\":\"https:\\\/\\\/secure.gravatar.com\\\/avatar\\\/fd2acc62ed50732923d1d39c17172c9b04149f142be92310ecc69e1358f94b52?s=96&d=mm&r=g\",\"caption\":\"Med Ahmed\"},\"url\":\"https:\\\/\\\/lequotidien.mr\\\/?author=12\"}]}<\/script>\n<!-- \/ Yoast SEO plugin. -->","yoast_head_json":{"title":"Le Pr\u00e9sident El Ghazouani lance une op\u00e9ration socio-\u00e9conomique majeure pour soutenir les populations pendant le Ramadan - Le Quotidien de Nouakchott","robots":{"index":"index","follow":"follow","max-snippet":"max-snippet:-1","max-image-preview":"max-image-preview:large","max-video-preview":"max-video-preview:-1"},"canonical":"https:\/\/lequotidien.mr\/?p=25824&lang=fr","og_locale":"ar_AR","og_type":"article","og_title":"Le Pr\u00e9sident El Ghazouani lance une op\u00e9ration socio-\u00e9conomique majeure pour soutenir les populations pendant le Ramadan - Le Quotidien de Nouakchott","og_description":"Vendredi dernier, le Pr\u00e9sident de la R\u00e9publique, M. Mohamed Cheikh El Ghazouani a supervis\u00e9 le lancement d\u2019une\u00a0op\u00e9ration in\u00e9dite de soutien socio-\u00e9conomique\u00a0en faveur des citoyens, \u00e0 l\u2019occasion du mois sacr\u00e9 du Ramadan. Cette initiative d\u2019envergure, combinant l\u2019inauguration de foires alimentaires locales et le d\u00e9ploiement de mesures gouvernementales cibl\u00e9es, vise \u00e0 soulager les m\u00e9nages mauritaniens, en particulier.....","og_url":"https:\/\/lequotidien.mr\/?p=25824&lang=fr","og_site_name":"Le Quotidien de Nouakchott","article_publisher":"https:\/\/web.facebook.com\/lequotidienmr","article_published_time":"2025-03-03T12:15:20+00:00","og_image":[{"width":750,"height":430,"url":"https:\/\/lequotidien.mr\/wp-content\/uploads\/2025\/03\/photo-intiative-Ramadan.jpg","type":"image\/jpeg"}],"author":"Med Ahmed","twitter_card":"summary_large_image","twitter_creator":"@lequotidienmr","twitter_site":"@lequotidienmr","twitter_misc":{"\u0643\u064f\u062a\u0628 \u0628\u0648\u0627\u0633\u0637\u0629":"Med Ahmed","\u0648\u0642\u062a \u0627\u0644\u0642\u0631\u0627\u0621\u0629 \u0627\u0644\u0645\u064f\u0642\u062f\u0651\u0631":"3 \u062f\u0642\u0627\u0626\u0642"},"schema":{"@context":"https:\/\/schema.org","@graph":[{"@type":"Article","@id":"https:\/\/lequotidien.mr\/?p=25824&lang=fr#article","isPartOf":{"@id":"https:\/\/lequotidien.mr\/?p=25824&lang=fr"},"author":{"name":"Med Ahmed","@id":"https:\/\/lequotidien.mr\/#\/schema\/person\/d2d350202a4d599685ed8abc25f97596"},"headline":"Le Pr\u00e9sident El Ghazouani lance une op\u00e9ration socio-\u00e9conomique majeure pour soutenir les populations pendant le Ramadan","datePublished":"2025-03-03T12:15:20+00:00","mainEntityOfPage":{"@id":"https:\/\/lequotidien.mr\/?p=25824&lang=fr"},"wordCount":689,"commentCount":0,"publisher":{"@id":"https:\/\/lequotidien.mr\/#organization"},"image":{"@id":"https:\/\/lequotidien.mr\/?p=25824&lang=fr#primaryimage"},"thumbnailUrl":"https:\/\/lequotidien.mr\/wp-content\/uploads\/2025\/03\/photo-intiative-Ramadan.jpg","articleSection":["ACTUALIT\u00c9","Economie"],"inLanguage":"ar","potentialAction":[{"@type":"CommentAction","name":"Comment","target":["https:\/\/lequotidien.mr\/?p=25824&lang=fr#respond"]}]},{"@type":"WebPage","@id":"https:\/\/lequotidien.mr\/?p=25824&lang=fr","url":"https:\/\/lequotidien.mr\/?p=25824&lang=fr","name":"Le Pr\u00e9sident El Ghazouani lance une op\u00e9ration socio-\u00e9conomique majeure pour soutenir les populations pendant le Ramadan - Le Quotidien de Nouakchott","isPartOf":{"@id":"https:\/\/lequotidien.mr\/#website"},"primaryImageOfPage":{"@id":"https:\/\/lequotidien.mr\/?p=25824&lang=fr#primaryimage"},"image":{"@id":"https:\/\/lequotidien.mr\/?p=25824&lang=fr#primaryimage"},"thumbnailUrl":"https:\/\/lequotidien.mr\/wp-content\/uploads\/2025\/03\/photo-intiative-Ramadan.jpg","datePublished":"2025-03-03T12:15:20+00:00","breadcrumb":{"@id":"https:\/\/lequotidien.mr\/?p=25824&lang=fr#breadcrumb"},"inLanguage":"ar","potentialAction":[{"@type":"ReadAction","target":["https:\/\/lequotidien.mr\/?p=25824&lang=fr"]}]},{"@type":"ImageObject","inLanguage":"ar","@id":"https:\/\/lequotidien.mr\/?p=25824&lang=fr#primaryimage","url":"https:\/\/lequotidien.mr\/wp-content\/uploads\/2025\/03\/photo-intiative-Ramadan.jpg","contentUrl":"https:\/\/lequotidien.mr\/wp-content\/uploads\/2025\/03\/photo-intiative-Ramadan.jpg","width":750,"height":430},{"@type":"BreadcrumbList","@id":"https:\/\/lequotidien.mr\/?p=25824&lang=fr#breadcrumb","itemListElement":[{"@type":"ListItem","position":1,"name":"Home","item":"https:\/\/lequotidien.mr\/"},{"@type":"ListItem","position":2,"name":"Le Pr\u00e9sident El Ghazouani lance une op\u00e9ration socio-\u00e9conomique majeure pour soutenir les populations pendant le Ramadan"}]},{"@type":"WebSite","@id":"https:\/\/lequotidien.mr\/#website","url":"https:\/\/lequotidien.mr\/","name":"Le Quotidien de Nouakchott","description":"\u0625\u062e\u0628\u0627\u0631\u064a\u0629 \u0645\u0633\u062a\u0642\u0644\u0629 \u0644\u0644\u0623\u0646\u0628\u0627\u0621 \u0627\u0644\u0639\u0627\u0645\u0629","publisher":{"@id":"https:\/\/lequotidien.mr\/#organization"},"potentialAction":[{"@type":"SearchAction","target":{"@type":"EntryPoint","urlTemplate":"https:\/\/lequotidien.mr\/?s={search_term_string}"},"query-input":{"@type":"PropertyValueSpecification","valueRequired":true,"valueName":"search_term_string"}}],"inLanguage":"ar"},{"@type":"Organization","@id":"https:\/\/lequotidien.mr\/#organization","name":"Le Quotidien de Nouakchott","url":"https:\/\/lequotidien.mr\/","logo":{"@type":"ImageObject","inLanguage":"ar","@id":"https:\/\/lequotidien.mr\/#\/schema\/logo\/image\/","url":"https:\/\/lequotidien.mr\/wp-content\/uploads\/2022\/11\/logolequotidien.jpg","contentUrl":"https:\/\/lequotidien.mr\/wp-content\/uploads\/2022\/11\/logolequotidien.jpg","width":290,"height":65,"caption":"Le Quotidien de Nouakchott"},"image":{"@id":"https:\/\/lequotidien.mr\/#\/schema\/logo\/image\/"},"sameAs":["https:\/\/web.facebook.com\/lequotidienmr","https:\/\/x.com\/lequotidienmr"]},{"@type":"Person","@id":"https:\/\/lequotidien.mr\/#\/schema\/person\/d2d350202a4d599685ed8abc25f97596","name":"Med Ahmed","image":{"@type":"ImageObject","inLanguage":"ar","@id":"https:\/\/secure.gravatar.com\/avatar\/fd2acc62ed50732923d1d39c17172c9b04149f142be92310ecc69e1358f94b52?s=96&d=mm&r=g","url":"https:\/\/secure.gravatar.com\/avatar\/fd2acc62ed50732923d1d39c17172c9b04149f142be92310ecc69e1358f94b52?s=96&d=mm&r=g","contentUrl":"https:\/\/secure.gravatar.com\/avatar\/fd2acc62ed50732923d1d39c17172c9b04149f142be92310ecc69e1358f94b52?s=96&d=mm&r=g","caption":"Med Ahmed"},"url":"https:\/\/lequotidien.mr\/?author=12"}]}},"_links":{"self":[{"href":"https:\/\/lequotidien.mr\/index.php?rest_route=\/wp\/v2\/posts\/25824","targetHints":{"allow":["GET"]}}],"collection":[{"href":"https:\/\/lequotidien.mr\/index.php?rest_route=\/wp\/v2\/posts"}],"about":[{"href":"https:\/\/lequotidien.mr\/index.php?rest_route=\/wp\/v2\/types\/post"}],"author":[{"embeddable":true,"href":"https:\/\/lequotidien.mr\/index.php?rest_route=\/wp\/v2\/users\/12"}],"replies":[{"embeddable":true,"href":"https:\/\/lequotidien.mr\/index.php?rest_route=%2Fwp%2Fv2%2Fcomments&post=25824"}],"version-history":[{"count":1,"href":"https:\/\/lequotidien.mr\/index.php?rest_route=\/wp\/v2\/posts\/25824\/revisions"}],"predecessor-version":[{"id":25826,"href":"https:\/\/lequotidien.mr\/index.php?rest_route=\/wp\/v2\/posts\/25824\/revisions\/25826"}],"wp:featuredmedia":[{"embeddable":true,"href":"https:\/\/lequotidien.mr\/index.php?rest_route=\/wp\/v2\/media\/25825"}],"wp:attachment":[{"href":"https:\/\/lequotidien.mr\/index.php?rest_route=%2Fwp%2Fv2%2Fmedia&parent=25824"}],"wp:term":[{"taxonomy":"category","embeddable":true,"href":"https:\/\/lequotidien.mr\/index.php?rest_route=%2Fwp%2Fv2%2Fcategories&post=25824"},{"taxonomy":"post_tag","embeddable":true,"href":"https:\/\/lequotidien.mr\/index.php?rest_route=%2Fwp%2Fv2%2Ftags&post=25824"}],"curies":[{"name":"wp","href":"https:\/\/api.w.org\/{rel}","templated":true}]}}