{"id":25810,"date":"2025-03-03T11:18:11","date_gmt":"2025-03-03T11:18:11","guid":{"rendered":"https:\/\/lequotidien.mr\/?p=25810"},"modified":"2025-03-03T11:18:11","modified_gmt":"2025-03-03T11:18:11","slug":"la-premiere-dame-marieme-vadel-dah-supervise-le-lancement-dune-journee-dediee-a-linsertion-professionnelle-des-personnes-handicapees","status":"publish","type":"post","link":"https:\/\/lequotidien.mr\/?p=25810&lang=fr","title":{"rendered":"La Premi\u00e8re Dame Mari\u00e8me Vadel Dah supervise le lancement d\u2019une journ\u00e9e d\u00e9di\u00e9e \u00e0 l\u2019insertion professionnelle des personnes handicap\u00e9es"},"content":{"rendered":"<p>Sous le th\u00e8me\u00a0<em>\u00ab Construire un accompagnement personnalis\u00e9 et une offre de service globale dans un cadre participatif \u00bb<\/em>, la Premi\u00e8re Dame de Mauritanie, Mari\u00e8me Vadel Dah, a pr\u00e9sid\u00e9 jeudi dernier au Palais des Congr\u00e8s de Nouakchott le lancement d\u2019une journ\u00e9e de sensibilisation ambitieuse sur l\u2019insertion professionnelle des personnes handicap\u00e9es. Cet \u00e9v\u00e9nement, marqu\u00e9 par des engagements forts et des annonces concr\u00e8tes, souligne la volont\u00e9 des autorit\u00e9s mauritaniennes de promouvoir l\u2019inclusion socio-\u00e9conomique de cette cat\u00e9gorie vuln\u00e9rable.<\/p>\n<p><strong>Un programme novateur pour l\u2019autonomisation des personnes handicap\u00e9es<\/strong><\/p>\n<p>Au c\u0153ur des discussions figurait le programme\u00a0<em>\u00ab Offre de services \u00bb<\/em>, destin\u00e9 aux personnes d\u00e9tentrices d\u2019une carte de personne \u00e0 besoins sp\u00e9cifiques ou d\u2019une attestation d\u00e9livr\u00e9e par le minist\u00e8re de l\u2019Action sociale, de l\u2019Enfance et de la Famille. Ce dispositif vise \u00e0 faciliter leur acc\u00e8s au march\u00e9 du travail gr\u00e2ce \u00e0 un accompagnement sur mesure. La journ\u00e9e a d\u00e9but\u00e9 par la projection d\u2019une vid\u00e9o explicative pr\u00e9sentant les contours du programme ainsi que des exemples internationaux inspirants en mati\u00e8re d\u2019int\u00e9gration des personnes handicap\u00e9es.<\/p>\n<p>Dans un geste symbolique, la Premi\u00e8re Dame a remis le premier r\u00e9c\u00e9piss\u00e9 d\u2019inscription \u00e0 Mme Aminetou M\u2019Bareck, inaugurant ainsi officiellement l\u2019op\u00e9rationnalisation du programme.<\/p>\n<p><strong>Des engagements financiers et strat\u00e9giques<\/strong><\/p>\n<p>Le ministre de l\u2019Autonomisation des jeunes, de l\u2019Emploi, des Sports et du Service civique, M. Mohamed Abdallahi Louly, a r\u00e9affirm\u00e9 l\u2019engagement de son d\u00e9partement \u00e0\u00a0<em>\u00ab ouvrir de nouveaux horizons \u00bb<\/em>\u00a0aux personnes handicap\u00e9es. Il a annonc\u00e9 une enveloppe de\u00a0<strong>100 millions d\u2019ouguiyas anciennes<\/strong>\u00a0(MRU) d\u00e9di\u00e9e au financement de projets individuels ou collectifs adapt\u00e9s aux sp\u00e9cificit\u00e9s de ce public. Pour garantir transparence et p\u00e9rennit\u00e9, un compte sp\u00e9cial a \u00e9t\u00e9 cr\u00e9\u00e9 au Tr\u00e9sor public. Ce dernier int\u00e9grera les contributions des partenaires nationaux et rendra accessible en temps r\u00e9el l\u2019ensemble des donn\u00e9es li\u00e9es \u00e0 son fonctionnement.<\/p>\n<p><em>\u00ab L\u2019objectif est de parvenir \u00e0 une ind\u00e9pendance \u00e9conomique et \u00e0 une int\u00e9gration sociale durable, que ce soit par l\u2019emploi direct ou par l\u2019entrepreneuriat \u00bb<\/em>, a-t-il d\u00e9clar\u00e9, saluant la collaboration avec le minist\u00e8re de l\u2019Action sociale.<\/p>\n<p><strong>Une nouvelle strat\u00e9gie nationale 2025-2030 <\/strong><\/p>\n<p>Mme Savia Ntahah, ministre de l\u2019Action sociale, de l\u2019Enfance et de la Famille, a mis en avant les avanc\u00e9es du pays dans la promotion des droits des personnes handicap\u00e9es. Elle a rappel\u00e9 l\u2019adoption r\u00e9cente de la\u00a0<strong>Strat\u00e9gie nationale pour l\u2019int\u00e9gration des personnes handicap\u00e9es 2025-2030<\/strong>, \u00e9labor\u00e9e avec douze secteurs gouvernementaux et les acteurs de la soci\u00e9t\u00e9 civile.\u00a0<em>\u00ab Cette strat\u00e9gie confirme notre engagement \u00e0 lutter contre les discriminations et \u00e0 stimuler l\u2019esprit d\u2019entreprise chez les personnes \u00e0 besoins sp\u00e9cifiques \u00bb<\/em>, a-t-elle soulign\u00e9, \u00e9voquant \u00e9galement le lancement de\u00a0<strong>100 projets pilotes<\/strong>\u00a0financ\u00e9s par l\u2019\u00c9tat.<\/p>\n<p><strong>Une base de donn\u00e9es pour \u00e9valuer les comp\u00e9tences<\/strong><\/p>\n<p>M. Abdel Fettah Abdel Fettah, directeur g\u00e9n\u00e9ral de l\u2019Agence nationale pour l\u2019emploi, a d\u00e9voil\u00e9 une innovation majeure : une <strong>base de donn\u00e9es sp\u00e9cialis\u00e9e<\/strong>pour recenser les demandeurs d\u2019emploi handicap\u00e9s. Cet outil permettra d\u2019\u00e9valuer leurs comp\u00e9tences, d\u2019identifier leurs besoins et de les orienter vers des formations ou des m\u00e9tiers adapt\u00e9s.\u00a0<em>\u00ab Les personnes handicap\u00e9es ont des aptitudes sous-estim\u00e9es. Cette plateforme nous aidera \u00e0 exploiter leur potentiel tout en renfor\u00e7ant nos partenariats avec les institutions nationales et internationales \u00bb<\/em>, a-t-il expliqu\u00e9.<\/p>\n<p>M. Jemal Abdeljalil, pr\u00e9sident de la F\u00e9d\u00e9ration mauritanienne des associations nationales des personnes handicap\u00e9es, a qualifi\u00e9 cet \u00e9v\u00e9nement de <em>\u00ab tournant historique \u00bb<\/em>. Il a rendu hommage \u00e0 la Premi\u00e8re Dame pour son implication personnelle et au gouvernement pour l\u2019adoption de la strat\u00e9gie nationale.\u00a0<em>\u00ab Cette journ\u00e9e consacre la reconnaissance de nos droits et notre r\u00f4le dans le d\u00e9veloppement du pays \u00bb<\/em>, a-t-il d\u00e9clar\u00e9, rappelant que\u00a0<strong>507 967 Mauritaniens<\/strong>(soit 10 % de la population) vivent avec un handicap, selon les donn\u00e9es de l\u2019ANSADE.<\/p>\n<p>La c\u00e9r\u00e9monie, qui s\u2019est d\u00e9roul\u00e9e en pr\u00e9sence des autorit\u00e9s administratives et s\u00e9curitaires de la wilaya de Nouakchott Ouest ainsi que de responsables des secteurs concern\u00e9s, illustre la mobilisation collective autour de cet enjeu soci\u00e9tal. Avec des outils concrets, des financements d\u00e9di\u00e9s et une volont\u00e9 politique affich\u00e9e, la Mauritanie semble r\u00e9solue \u00e0 transformer les d\u00e9fis en opportunit\u00e9s, pour construire une soci\u00e9t\u00e9 o\u00f9\u00a0<em>\u00ab personne n\u2019est laiss\u00e9 de c\u00f4t\u00e9 \u00bb<\/em>.<\/p>\n","protected":false},"excerpt":{"rendered":"<p>Sous le th\u00e8me\u00a0\u00ab Construire un accompagnement personnalis\u00e9 et une offre de service globale dans un cadre participatif \u00bb, la Premi\u00e8re Dame de Mauritanie, Mari\u00e8me Vadel Dah, a pr\u00e9sid\u00e9 jeudi dernier au Palais des Congr\u00e8s de Nouakchott le lancement d\u2019une journ\u00e9e de sensibilisation ambitieuse sur l\u2019insertion professionnelle des personnes handicap\u00e9es. Cet \u00e9v\u00e9nement, marqu\u00e9 par des engagements&#8230;..<\/p>\n","protected":false},"author":12,"featured_media":25811,"comment_status":"open","ping_status":"open","sticky":false,"template":"","format":"standard","meta":{"footnotes":""},"categories":[23,49],"tags":[],"class_list":["post-25810","post","type-post","status-publish","format-standard","has-post-thumbnail","hentry","category-actualite","category-economie"],"yoast_head":"<!-- This site is optimized with the Yoast SEO plugin v27.5 - https:\/\/yoast.com\/product\/yoast-seo-wordpress\/ -->\n<title>La Premi\u00e8re Dame Mari\u00e8me Vadel Dah supervise le lancement d\u2019une journ\u00e9e d\u00e9di\u00e9e \u00e0 l\u2019insertion professionnelle des personnes handicap\u00e9es - Le Quotidien de Nouakchott<\/title>\n<meta name=\"robots\" content=\"index, follow, max-snippet:-1, max-image-preview:large, max-video-preview:-1\" \/>\n<link rel=\"canonical\" href=\"https:\/\/lequotidien.mr\/?p=25810&lang=fr\" \/>\n<meta property=\"og:locale\" content=\"ar_AR\" \/>\n<meta property=\"og:type\" content=\"article\" \/>\n<meta property=\"og:title\" content=\"La Premi\u00e8re Dame Mari\u00e8me Vadel Dah supervise le lancement d\u2019une journ\u00e9e d\u00e9di\u00e9e \u00e0 l\u2019insertion professionnelle des personnes handicap\u00e9es - Le Quotidien de Nouakchott\" \/>\n<meta property=\"og:description\" content=\"Sous le th\u00e8me\u00a0\u00ab Construire un accompagnement personnalis\u00e9 et une offre de service globale dans un cadre participatif \u00bb, la Premi\u00e8re Dame de Mauritanie, Mari\u00e8me Vadel Dah, a pr\u00e9sid\u00e9 jeudi dernier au Palais des Congr\u00e8s de Nouakchott le lancement d\u2019une journ\u00e9e de sensibilisation ambitieuse sur l\u2019insertion professionnelle des personnes handicap\u00e9es. Cet \u00e9v\u00e9nement, marqu\u00e9 par des engagements.....\" \/>\n<meta property=\"og:url\" content=\"https:\/\/lequotidien.mr\/?p=25810&amp;lang=fr\" \/>\n<meta property=\"og:site_name\" content=\"Le Quotidien de Nouakchott\" \/>\n<meta property=\"article:publisher\" content=\"https:\/\/web.facebook.com\/lequotidienmr\" \/>\n<meta property=\"article:published_time\" content=\"2025-03-03T11:18:11+00:00\" \/>\n<meta property=\"og:image\" content=\"https:\/\/lequotidien.mr\/wp-content\/uploads\/2025\/03\/photo-insertion-handicapes.jpg\" \/>\n\t<meta property=\"og:image:width\" content=\"750\" \/>\n\t<meta property=\"og:image:height\" content=\"293\" \/>\n\t<meta property=\"og:image:type\" content=\"image\/jpeg\" \/>\n<meta name=\"author\" content=\"Med Ahmed\" \/>\n<meta name=\"twitter:card\" content=\"summary_large_image\" \/>\n<meta name=\"twitter:creator\" content=\"@lequotidienmr\" \/>\n<meta name=\"twitter:site\" content=\"@lequotidienmr\" \/>\n<meta name=\"twitter:label1\" content=\"\u0643\u064f\u062a\u0628 \u0628\u0648\u0627\u0633\u0637\u0629\" \/>\n\t<meta name=\"twitter:data1\" content=\"Med Ahmed\" \/>\n\t<meta name=\"twitter:label2\" content=\"\u0648\u0642\u062a \u0627\u0644\u0642\u0631\u0627\u0621\u0629 \u0627\u0644\u0645\u064f\u0642\u062f\u0651\u0631\" \/>\n\t<meta name=\"twitter:data2\" content=\"4 \u062f\u0642\u0627\u0626\u0642\" \/>\n<script type=\"application\/ld+json\" class=\"yoast-schema-graph\">{\"@context\":\"https:\\\/\\\/schema.org\",\"@graph\":[{\"@type\":\"Article\",\"@id\":\"https:\\\/\\\/lequotidien.mr\\\/?p=25810&lang=fr#article\",\"isPartOf\":{\"@id\":\"https:\\\/\\\/lequotidien.mr\\\/?p=25810&lang=fr\"},\"author\":{\"name\":\"Med Ahmed\",\"@id\":\"https:\\\/\\\/lequotidien.mr\\\/#\\\/schema\\\/person\\\/d2d350202a4d599685ed8abc25f97596\"},\"headline\":\"La Premi\u00e8re Dame Mari\u00e8me Vadel Dah supervise le lancement d\u2019une journ\u00e9e d\u00e9di\u00e9e \u00e0 l\u2019insertion professionnelle des personnes handicap\u00e9es\",\"datePublished\":\"2025-03-03T11:18:11+00:00\",\"mainEntityOfPage\":{\"@id\":\"https:\\\/\\\/lequotidien.mr\\\/?p=25810&lang=fr\"},\"wordCount\":792,\"commentCount\":0,\"publisher\":{\"@id\":\"https:\\\/\\\/lequotidien.mr\\\/#organization\"},\"image\":{\"@id\":\"https:\\\/\\\/lequotidien.mr\\\/?p=25810&lang=fr#primaryimage\"},\"thumbnailUrl\":\"https:\\\/\\\/lequotidien.mr\\\/wp-content\\\/uploads\\\/2025\\\/03\\\/photo-insertion-handicapes.jpg\",\"articleSection\":[\"ACTUALIT\u00c9\",\"Economie\"],\"inLanguage\":\"ar\",\"potentialAction\":[{\"@type\":\"CommentAction\",\"name\":\"Comment\",\"target\":[\"https:\\\/\\\/lequotidien.mr\\\/?p=25810&lang=fr#respond\"]}]},{\"@type\":\"WebPage\",\"@id\":\"https:\\\/\\\/lequotidien.mr\\\/?p=25810&lang=fr\",\"url\":\"https:\\\/\\\/lequotidien.mr\\\/?p=25810&lang=fr\",\"name\":\"La Premi\u00e8re Dame Mari\u00e8me Vadel Dah supervise le lancement d\u2019une journ\u00e9e d\u00e9di\u00e9e \u00e0 l\u2019insertion professionnelle des personnes handicap\u00e9es - Le Quotidien de Nouakchott\",\"isPartOf\":{\"@id\":\"https:\\\/\\\/lequotidien.mr\\\/#website\"},\"primaryImageOfPage\":{\"@id\":\"https:\\\/\\\/lequotidien.mr\\\/?p=25810&lang=fr#primaryimage\"},\"image\":{\"@id\":\"https:\\\/\\\/lequotidien.mr\\\/?p=25810&lang=fr#primaryimage\"},\"thumbnailUrl\":\"https:\\\/\\\/lequotidien.mr\\\/wp-content\\\/uploads\\\/2025\\\/03\\\/photo-insertion-handicapes.jpg\",\"datePublished\":\"2025-03-03T11:18:11+00:00\",\"breadcrumb\":{\"@id\":\"https:\\\/\\\/lequotidien.mr\\\/?p=25810&lang=fr#breadcrumb\"},\"inLanguage\":\"ar\",\"potentialAction\":[{\"@type\":\"ReadAction\",\"target\":[\"https:\\\/\\\/lequotidien.mr\\\/?p=25810&lang=fr\"]}]},{\"@type\":\"ImageObject\",\"inLanguage\":\"ar\",\"@id\":\"https:\\\/\\\/lequotidien.mr\\\/?p=25810&lang=fr#primaryimage\",\"url\":\"https:\\\/\\\/lequotidien.mr\\\/wp-content\\\/uploads\\\/2025\\\/03\\\/photo-insertion-handicapes.jpg\",\"contentUrl\":\"https:\\\/\\\/lequotidien.mr\\\/wp-content\\\/uploads\\\/2025\\\/03\\\/photo-insertion-handicapes.jpg\",\"width\":750,\"height\":293},{\"@type\":\"BreadcrumbList\",\"@id\":\"https:\\\/\\\/lequotidien.mr\\\/?p=25810&lang=fr#breadcrumb\",\"itemListElement\":[{\"@type\":\"ListItem\",\"position\":1,\"name\":\"Home\",\"item\":\"https:\\\/\\\/lequotidien.mr\\\/\"},{\"@type\":\"ListItem\",\"position\":2,\"name\":\"La Premi\u00e8re Dame Mari\u00e8me Vadel Dah supervise le lancement d\u2019une journ\u00e9e d\u00e9di\u00e9e \u00e0 l\u2019insertion professionnelle des personnes handicap\u00e9es\"}]},{\"@type\":\"WebSite\",\"@id\":\"https:\\\/\\\/lequotidien.mr\\\/#website\",\"url\":\"https:\\\/\\\/lequotidien.mr\\\/\",\"name\":\"Le Quotidien de Nouakchott\",\"description\":\"\u0625\u062e\u0628\u0627\u0631\u064a\u0629 \u0645\u0633\u062a\u0642\u0644\u0629 \u0644\u0644\u0623\u0646\u0628\u0627\u0621 \u0627\u0644\u0639\u0627\u0645\u0629\",\"publisher\":{\"@id\":\"https:\\\/\\\/lequotidien.mr\\\/#organization\"},\"potentialAction\":[{\"@type\":\"SearchAction\",\"target\":{\"@type\":\"EntryPoint\",\"urlTemplate\":\"https:\\\/\\\/lequotidien.mr\\\/?s={search_term_string}\"},\"query-input\":{\"@type\":\"PropertyValueSpecification\",\"valueRequired\":true,\"valueName\":\"search_term_string\"}}],\"inLanguage\":\"ar\"},{\"@type\":\"Organization\",\"@id\":\"https:\\\/\\\/lequotidien.mr\\\/#organization\",\"name\":\"Le Quotidien de Nouakchott\",\"url\":\"https:\\\/\\\/lequotidien.mr\\\/\",\"logo\":{\"@type\":\"ImageObject\",\"inLanguage\":\"ar\",\"@id\":\"https:\\\/\\\/lequotidien.mr\\\/#\\\/schema\\\/logo\\\/image\\\/\",\"url\":\"https:\\\/\\\/lequotidien.mr\\\/wp-content\\\/uploads\\\/2022\\\/11\\\/logolequotidien.jpg\",\"contentUrl\":\"https:\\\/\\\/lequotidien.mr\\\/wp-content\\\/uploads\\\/2022\\\/11\\\/logolequotidien.jpg\",\"width\":290,\"height\":65,\"caption\":\"Le Quotidien de Nouakchott\"},\"image\":{\"@id\":\"https:\\\/\\\/lequotidien.mr\\\/#\\\/schema\\\/logo\\\/image\\\/\"},\"sameAs\":[\"https:\\\/\\\/web.facebook.com\\\/lequotidienmr\",\"https:\\\/\\\/x.com\\\/lequotidienmr\"]},{\"@type\":\"Person\",\"@id\":\"https:\\\/\\\/lequotidien.mr\\\/#\\\/schema\\\/person\\\/d2d350202a4d599685ed8abc25f97596\",\"name\":\"Med Ahmed\",\"image\":{\"@type\":\"ImageObject\",\"inLanguage\":\"ar\",\"@id\":\"https:\\\/\\\/secure.gravatar.com\\\/avatar\\\/fd2acc62ed50732923d1d39c17172c9b04149f142be92310ecc69e1358f94b52?s=96&d=mm&r=g\",\"url\":\"https:\\\/\\\/secure.gravatar.com\\\/avatar\\\/fd2acc62ed50732923d1d39c17172c9b04149f142be92310ecc69e1358f94b52?s=96&d=mm&r=g\",\"contentUrl\":\"https:\\\/\\\/secure.gravatar.com\\\/avatar\\\/fd2acc62ed50732923d1d39c17172c9b04149f142be92310ecc69e1358f94b52?s=96&d=mm&r=g\",\"caption\":\"Med Ahmed\"},\"url\":\"https:\\\/\\\/lequotidien.mr\\\/?author=12\"}]}<\/script>\n<!-- \/ Yoast SEO plugin. -->","yoast_head_json":{"title":"La Premi\u00e8re Dame Mari\u00e8me Vadel Dah supervise le lancement d\u2019une journ\u00e9e d\u00e9di\u00e9e \u00e0 l\u2019insertion professionnelle des personnes handicap\u00e9es - Le Quotidien de Nouakchott","robots":{"index":"index","follow":"follow","max-snippet":"max-snippet:-1","max-image-preview":"max-image-preview:large","max-video-preview":"max-video-preview:-1"},"canonical":"https:\/\/lequotidien.mr\/?p=25810&lang=fr","og_locale":"ar_AR","og_type":"article","og_title":"La Premi\u00e8re Dame Mari\u00e8me Vadel Dah supervise le lancement d\u2019une journ\u00e9e d\u00e9di\u00e9e \u00e0 l\u2019insertion professionnelle des personnes handicap\u00e9es - Le Quotidien de Nouakchott","og_description":"Sous le th\u00e8me\u00a0\u00ab Construire un accompagnement personnalis\u00e9 et une offre de service globale dans un cadre participatif \u00bb, la Premi\u00e8re Dame de Mauritanie, Mari\u00e8me Vadel Dah, a pr\u00e9sid\u00e9 jeudi dernier au Palais des Congr\u00e8s de Nouakchott le lancement d\u2019une journ\u00e9e de sensibilisation ambitieuse sur l\u2019insertion professionnelle des personnes handicap\u00e9es. Cet \u00e9v\u00e9nement, marqu\u00e9 par des engagements.....","og_url":"https:\/\/lequotidien.mr\/?p=25810&lang=fr","og_site_name":"Le Quotidien de Nouakchott","article_publisher":"https:\/\/web.facebook.com\/lequotidienmr","article_published_time":"2025-03-03T11:18:11+00:00","og_image":[{"width":750,"height":293,"url":"https:\/\/lequotidien.mr\/wp-content\/uploads\/2025\/03\/photo-insertion-handicapes.jpg","type":"image\/jpeg"}],"author":"Med Ahmed","twitter_card":"summary_large_image","twitter_creator":"@lequotidienmr","twitter_site":"@lequotidienmr","twitter_misc":{"\u0643\u064f\u062a\u0628 \u0628\u0648\u0627\u0633\u0637\u0629":"Med Ahmed","\u0648\u0642\u062a \u0627\u0644\u0642\u0631\u0627\u0621\u0629 \u0627\u0644\u0645\u064f\u0642\u062f\u0651\u0631":"4 \u062f\u0642\u0627\u0626\u0642"},"schema":{"@context":"https:\/\/schema.org","@graph":[{"@type":"Article","@id":"https:\/\/lequotidien.mr\/?p=25810&lang=fr#article","isPartOf":{"@id":"https:\/\/lequotidien.mr\/?p=25810&lang=fr"},"author":{"name":"Med Ahmed","@id":"https:\/\/lequotidien.mr\/#\/schema\/person\/d2d350202a4d599685ed8abc25f97596"},"headline":"La Premi\u00e8re Dame Mari\u00e8me Vadel Dah supervise le lancement d\u2019une journ\u00e9e d\u00e9di\u00e9e \u00e0 l\u2019insertion professionnelle des personnes handicap\u00e9es","datePublished":"2025-03-03T11:18:11+00:00","mainEntityOfPage":{"@id":"https:\/\/lequotidien.mr\/?p=25810&lang=fr"},"wordCount":792,"commentCount":0,"publisher":{"@id":"https:\/\/lequotidien.mr\/#organization"},"image":{"@id":"https:\/\/lequotidien.mr\/?p=25810&lang=fr#primaryimage"},"thumbnailUrl":"https:\/\/lequotidien.mr\/wp-content\/uploads\/2025\/03\/photo-insertion-handicapes.jpg","articleSection":["ACTUALIT\u00c9","Economie"],"inLanguage":"ar","potentialAction":[{"@type":"CommentAction","name":"Comment","target":["https:\/\/lequotidien.mr\/?p=25810&lang=fr#respond"]}]},{"@type":"WebPage","@id":"https:\/\/lequotidien.mr\/?p=25810&lang=fr","url":"https:\/\/lequotidien.mr\/?p=25810&lang=fr","name":"La Premi\u00e8re Dame Mari\u00e8me Vadel Dah supervise le lancement d\u2019une journ\u00e9e d\u00e9di\u00e9e \u00e0 l\u2019insertion professionnelle des personnes handicap\u00e9es - Le Quotidien de Nouakchott","isPartOf":{"@id":"https:\/\/lequotidien.mr\/#website"},"primaryImageOfPage":{"@id":"https:\/\/lequotidien.mr\/?p=25810&lang=fr#primaryimage"},"image":{"@id":"https:\/\/lequotidien.mr\/?p=25810&lang=fr#primaryimage"},"thumbnailUrl":"https:\/\/lequotidien.mr\/wp-content\/uploads\/2025\/03\/photo-insertion-handicapes.jpg","datePublished":"2025-03-03T11:18:11+00:00","breadcrumb":{"@id":"https:\/\/lequotidien.mr\/?p=25810&lang=fr#breadcrumb"},"inLanguage":"ar","potentialAction":[{"@type":"ReadAction","target":["https:\/\/lequotidien.mr\/?p=25810&lang=fr"]}]},{"@type":"ImageObject","inLanguage":"ar","@id":"https:\/\/lequotidien.mr\/?p=25810&lang=fr#primaryimage","url":"https:\/\/lequotidien.mr\/wp-content\/uploads\/2025\/03\/photo-insertion-handicapes.jpg","contentUrl":"https:\/\/lequotidien.mr\/wp-content\/uploads\/2025\/03\/photo-insertion-handicapes.jpg","width":750,"height":293},{"@type":"BreadcrumbList","@id":"https:\/\/lequotidien.mr\/?p=25810&lang=fr#breadcrumb","itemListElement":[{"@type":"ListItem","position":1,"name":"Home","item":"https:\/\/lequotidien.mr\/"},{"@type":"ListItem","position":2,"name":"La Premi\u00e8re Dame Mari\u00e8me Vadel Dah supervise le lancement d\u2019une journ\u00e9e d\u00e9di\u00e9e \u00e0 l\u2019insertion professionnelle des personnes handicap\u00e9es"}]},{"@type":"WebSite","@id":"https:\/\/lequotidien.mr\/#website","url":"https:\/\/lequotidien.mr\/","name":"Le Quotidien de Nouakchott","description":"\u0625\u062e\u0628\u0627\u0631\u064a\u0629 \u0645\u0633\u062a\u0642\u0644\u0629 \u0644\u0644\u0623\u0646\u0628\u0627\u0621 \u0627\u0644\u0639\u0627\u0645\u0629","publisher":{"@id":"https:\/\/lequotidien.mr\/#organization"},"potentialAction":[{"@type":"SearchAction","target":{"@type":"EntryPoint","urlTemplate":"https:\/\/lequotidien.mr\/?s={search_term_string}"},"query-input":{"@type":"PropertyValueSpecification","valueRequired":true,"valueName":"search_term_string"}}],"inLanguage":"ar"},{"@type":"Organization","@id":"https:\/\/lequotidien.mr\/#organization","name":"Le Quotidien de Nouakchott","url":"https:\/\/lequotidien.mr\/","logo":{"@type":"ImageObject","inLanguage":"ar","@id":"https:\/\/lequotidien.mr\/#\/schema\/logo\/image\/","url":"https:\/\/lequotidien.mr\/wp-content\/uploads\/2022\/11\/logolequotidien.jpg","contentUrl":"https:\/\/lequotidien.mr\/wp-content\/uploads\/2022\/11\/logolequotidien.jpg","width":290,"height":65,"caption":"Le Quotidien de Nouakchott"},"image":{"@id":"https:\/\/lequotidien.mr\/#\/schema\/logo\/image\/"},"sameAs":["https:\/\/web.facebook.com\/lequotidienmr","https:\/\/x.com\/lequotidienmr"]},{"@type":"Person","@id":"https:\/\/lequotidien.mr\/#\/schema\/person\/d2d350202a4d599685ed8abc25f97596","name":"Med Ahmed","image":{"@type":"ImageObject","inLanguage":"ar","@id":"https:\/\/secure.gravatar.com\/avatar\/fd2acc62ed50732923d1d39c17172c9b04149f142be92310ecc69e1358f94b52?s=96&d=mm&r=g","url":"https:\/\/secure.gravatar.com\/avatar\/fd2acc62ed50732923d1d39c17172c9b04149f142be92310ecc69e1358f94b52?s=96&d=mm&r=g","contentUrl":"https:\/\/secure.gravatar.com\/avatar\/fd2acc62ed50732923d1d39c17172c9b04149f142be92310ecc69e1358f94b52?s=96&d=mm&r=g","caption":"Med Ahmed"},"url":"https:\/\/lequotidien.mr\/?author=12"}]}},"_links":{"self":[{"href":"https:\/\/lequotidien.mr\/index.php?rest_route=\/wp\/v2\/posts\/25810","targetHints":{"allow":["GET"]}}],"collection":[{"href":"https:\/\/lequotidien.mr\/index.php?rest_route=\/wp\/v2\/posts"}],"about":[{"href":"https:\/\/lequotidien.mr\/index.php?rest_route=\/wp\/v2\/types\/post"}],"author":[{"embeddable":true,"href":"https:\/\/lequotidien.mr\/index.php?rest_route=\/wp\/v2\/users\/12"}],"replies":[{"embeddable":true,"href":"https:\/\/lequotidien.mr\/index.php?rest_route=%2Fwp%2Fv2%2Fcomments&post=25810"}],"version-history":[{"count":1,"href":"https:\/\/lequotidien.mr\/index.php?rest_route=\/wp\/v2\/posts\/25810\/revisions"}],"predecessor-version":[{"id":25812,"href":"https:\/\/lequotidien.mr\/index.php?rest_route=\/wp\/v2\/posts\/25810\/revisions\/25812"}],"wp:featuredmedia":[{"embeddable":true,"href":"https:\/\/lequotidien.mr\/index.php?rest_route=\/wp\/v2\/media\/25811"}],"wp:attachment":[{"href":"https:\/\/lequotidien.mr\/index.php?rest_route=%2Fwp%2Fv2%2Fmedia&parent=25810"}],"wp:term":[{"taxonomy":"category","embeddable":true,"href":"https:\/\/lequotidien.mr\/index.php?rest_route=%2Fwp%2Fv2%2Fcategories&post=25810"},{"taxonomy":"post_tag","embeddable":true,"href":"https:\/\/lequotidien.mr\/index.php?rest_route=%2Fwp%2Fv2%2Ftags&post=25810"}],"curies":[{"name":"wp","href":"https:\/\/api.w.org\/{rel}","templated":true}]}}