{"id":25763,"date":"2025-02-27T14:11:05","date_gmt":"2025-02-27T14:11:05","guid":{"rendered":"https:\/\/lequotidien.mr\/?p=25763"},"modified":"2025-02-27T14:11:05","modified_gmt":"2025-02-27T14:11:05","slug":"participation-du-ministre-mauritanien-a-la-reunion-des-ministres-de-leconomie-et-du-commerce-a-abou-dhabi-une-nouvelle-feuille-de-route-pour-une-cooperation-renforcee","status":"publish","type":"post","link":"https:\/\/lequotidien.mr\/?p=25763&lang=fr","title":{"rendered":"Participation du ministre mauritanien \u00e0 la r\u00e9union des ministres de l\u2019\u00e9conomie et du commerce \u00e0 Abou Dhabi : Une nouvelle feuille de route pour une coop\u00e9ration renforc\u00e9e"},"content":{"rendered":"<p>Le ministre mauritanien de l\u2019\u00c9conomie et des Finances, M. Sid\u2019Ahmed Bouh, a pris part, mercredi 26 f\u00e9vrier, \u00e0 une r\u00e9union minist\u00e9rielle regroupant ses homologues des \u00c9tats arabes, des \u00c9tats d\u2019Asie centrale et de l\u2019Azerba\u00efdjan. Cet \u00e9v\u00e9nement s\u2019est tenu en marge de la premi\u00e8re \u00e9dition de la\u00a0<strong>Conf\u00e9rence sur les affaires et l\u2019investissement<\/strong>, organis\u00e9e les 26 et 27 f\u00e9vrier 2025 \u00e0 Abou Dhabi sous le th\u00e8me\u00a0<em>\u00ab Vers une coop\u00e9ration et un partenariat durables \u00bb<\/em>.<\/p>\n<p>Lors de cette rencontre, les ministres ont \u00e9chang\u00e9 sur les m\u00e9canismes visant \u00e0\u00a0<strong>renforcer la coop\u00e9ration \u00e9conomique et les investissements<\/strong>\u00a0transr\u00e9gionaux, en insistant sur l\u2019importance de l\u2019int\u00e9gration des march\u00e9s et du ciblage de secteurs cl\u00e9s. Les discussions ont mis en avant la n\u00e9cessit\u00e9 de coordonner les efforts pour r\u00e9pondre aux d\u00e9fis globaux, tels que la transition \u00e9nerg\u00e9tique, la s\u00e9curit\u00e9 alimentaire et la transformation num\u00e9rique.<\/p>\n<p><strong>Une d\u00e9claration commune ambitieuse<\/strong><\/p>\n<p>\u00c0 l\u2019issue des travaux, les participants ont adopt\u00e9 une\u00a0<strong>d\u00e9claration commune<\/strong>\u00a0soulignant la consolidation des relations strat\u00e9giques entre les r\u00e9gions concern\u00e9es. Ce document identifie plusieurs secteurs prioritaires pour une collaboration accrue :<\/p>\n<p><strong>&#8211;<\/strong>Les\u00a0<strong>\u00e9nergies renouvelables<\/strong>\u00a0et les <strong>solutions vertes<\/strong>\u00a0;<\/p>\n<p><strong>&#8211;<\/strong>La\u00a0<strong>r\u00e9silience des cha\u00eenes d\u2019approvisionnement\u00a0<\/strong>;<\/p>\n<p><strong>&#8211;<\/strong>Les <strong>transports<\/strong>, les <strong>communications<\/strong> et la\u00a0<strong>transformation num\u00e9rique\u00a0<\/strong>;<\/p>\n<p><strong>&#8211;<\/strong>La\u00a0<strong>s\u00e9curit\u00e9 alimentaire et hydrique\u00a0<\/strong>;<\/p>\n<p><strong>&#8211;<\/strong>Le\u00a0<strong>tourisme<\/strong>\u00a0et le <strong>d\u00e9veloppement durable<\/strong>.<\/p>\n<p>La d\u00e9claration appelle \u00e9galement \u00e0 une hausse des investissements conjoints, notamment dans les domaines de l\u2019<strong>exploitation mini\u00e8re<\/strong>, de la\u00a0<strong>p\u00e9trochimie<\/strong>\u00a0et des\u00a0<strong>ressources \u00e9nerg\u00e9tiques<\/strong>, soulignant le potentiel \u00ab consid\u00e9rable \u00bb des pays arabes, d\u2019Asie centrale et de l\u2019Azerba\u00efdjan dans ces secteurs.<\/p>\n<p><strong>Culture et \u00e9ducation : des piliers pour l\u2019avenir<\/strong><\/p>\n<p>Outre les aspects \u00e9conomiques, le texte final a mis l\u2019accent sur les\u00a0<strong>liens historiques et culturels<\/strong>\u00a0unissant ces r\u00e9gions, ainsi que sur le r\u00f4le des\u00a0<strong>\u00e9changes universitaires et \u00e9ducatifs<\/strong>\u00a0pour renforcer la compr\u00e9hension mutuelle. \u00ab Les synergies acad\u00e9miques sont essentielles pour construire des partenariats durables et former une jeunesse capable de porter cette vision commune \u00bb, a-t-il \u00e9t\u00e9 rappel\u00e9.<\/p>\n<p>La r\u00e9union s\u2019est illustr\u00e9e par la participation d\u2019une importante d\u00e9l\u00e9gation, comprenant M. Abdullah bin Touq Al Marri, ministre de l\u2019\u00c9conomie des \u00c9mirats arabes unis et repr\u00e9sentant du pays h\u00f4te, ainsi que des ministres et hauts responsables des \u00c9tats arabes, d\u2019Asie centrale et de l\u2019Azerba\u00efdjan. La pr\u00e9sence de M. Bouh a permis de mettre en lumi\u00e8re les priorit\u00e9s \u00e9conomiques de la Mauritanie, notamment dans les secteurs de l\u2019\u00e9nergie verte et de la s\u00e9curit\u00e9 alimentaire, en phase avec les objectifs de la d\u00e9claration.<\/p>\n<p>Cette rencontre marque une \u00e9tape cl\u00e9 dans la concr\u00e9tisation d\u2019une\u00a0<strong>vision \u00e9conomique partag\u00e9e<\/strong>, align\u00e9e sur les enjeux de durabilit\u00e9 et d\u2019innovation. En tissant des liens entre des r\u00e9gions riches en ressources et compl\u00e9mentaires sur le plan g\u00e9o\u00e9conomique, les participants entendent positionner leur coop\u00e9ration comme un levier de croissance et de stabilit\u00e9 face aux incertitudes mondiales.<\/p>\n","protected":false},"excerpt":{"rendered":"<p>Le ministre mauritanien de l\u2019\u00c9conomie et des Finances, M. Sid\u2019Ahmed Bouh, a pris part, mercredi 26 f\u00e9vrier, \u00e0 une r\u00e9union minist\u00e9rielle regroupant ses homologues des \u00c9tats arabes, des \u00c9tats d\u2019Asie centrale et de l\u2019Azerba\u00efdjan. Cet \u00e9v\u00e9nement s\u2019est tenu en marge de la premi\u00e8re \u00e9dition de la\u00a0Conf\u00e9rence sur les affaires et l\u2019investissement, organis\u00e9e les 26 et&#8230;..<\/p>\n","protected":false},"author":12,"featured_media":25766,"comment_status":"open","ping_status":"open","sticky":false,"template":"","format":"standard","meta":{"footnotes":""},"categories":[23,49],"tags":[],"class_list":["post-25763","post","type-post","status-publish","format-standard","has-post-thumbnail","hentry","category-actualite","category-economie"],"yoast_head":"<!-- This site is optimized with the Yoast SEO plugin v27.5 - https:\/\/yoast.com\/product\/yoast-seo-wordpress\/ -->\n<title>Participation du ministre mauritanien \u00e0 la r\u00e9union des ministres de l\u2019\u00e9conomie et du commerce \u00e0 Abou Dhabi : Une nouvelle feuille de route pour une coop\u00e9ration renforc\u00e9e - Le Quotidien de Nouakchott<\/title>\n<meta name=\"robots\" content=\"index, follow, max-snippet:-1, max-image-preview:large, max-video-preview:-1\" \/>\n<link rel=\"canonical\" href=\"https:\/\/lequotidien.mr\/?p=25763&lang=fr\" \/>\n<meta property=\"og:locale\" content=\"ar_AR\" \/>\n<meta property=\"og:type\" content=\"article\" \/>\n<meta property=\"og:title\" content=\"Participation du ministre mauritanien \u00e0 la r\u00e9union des ministres de l\u2019\u00e9conomie et du commerce \u00e0 Abou Dhabi : Une nouvelle feuille de route pour une coop\u00e9ration renforc\u00e9e - Le Quotidien de Nouakchott\" \/>\n<meta property=\"og:description\" content=\"Le ministre mauritanien de l\u2019\u00c9conomie et des Finances, M. Sid\u2019Ahmed Bouh, a pris part, mercredi 26 f\u00e9vrier, \u00e0 une r\u00e9union minist\u00e9rielle regroupant ses homologues des \u00c9tats arabes, des \u00c9tats d\u2019Asie centrale et de l\u2019Azerba\u00efdjan. Cet \u00e9v\u00e9nement s\u2019est tenu en marge de la premi\u00e8re \u00e9dition de la\u00a0Conf\u00e9rence sur les affaires et l\u2019investissement, organis\u00e9e les 26 et.....\" \/>\n<meta property=\"og:url\" content=\"https:\/\/lequotidien.mr\/?p=25763&amp;lang=fr\" \/>\n<meta property=\"og:site_name\" content=\"Le Quotidien de Nouakchott\" \/>\n<meta property=\"article:publisher\" content=\"https:\/\/web.facebook.com\/lequotidienmr\" \/>\n<meta property=\"article:published_time\" content=\"2025-02-27T14:11:05+00:00\" \/>\n<meta property=\"og:image\" content=\"https:\/\/lequotidien.mr\/wp-content\/uploads\/2025\/02\/photo-mstre-fces-Azerbaidjan.jpg\" \/>\n\t<meta property=\"og:image:width\" content=\"480\" \/>\n\t<meta property=\"og:image:height\" content=\"532\" \/>\n\t<meta property=\"og:image:type\" content=\"image\/jpeg\" \/>\n<meta name=\"author\" content=\"Med Ahmed\" \/>\n<meta name=\"twitter:card\" content=\"summary_large_image\" \/>\n<meta name=\"twitter:creator\" content=\"@lequotidienmr\" \/>\n<meta name=\"twitter:site\" content=\"@lequotidienmr\" \/>\n<meta name=\"twitter:label1\" content=\"\u0643\u064f\u062a\u0628 \u0628\u0648\u0627\u0633\u0637\u0629\" \/>\n\t<meta name=\"twitter:data1\" content=\"Med Ahmed\" \/>\n\t<meta name=\"twitter:label2\" content=\"\u0648\u0642\u062a \u0627\u0644\u0642\u0631\u0627\u0621\u0629 \u0627\u0644\u0645\u064f\u0642\u062f\u0651\u0631\" \/>\n\t<meta name=\"twitter:data2\" content=\"3 \u062f\u0642\u0627\u0626\u0642\" \/>\n<script type=\"application\/ld+json\" class=\"yoast-schema-graph\">{\"@context\":\"https:\\\/\\\/schema.org\",\"@graph\":[{\"@type\":\"Article\",\"@id\":\"https:\\\/\\\/lequotidien.mr\\\/?p=25763&lang=fr#article\",\"isPartOf\":{\"@id\":\"https:\\\/\\\/lequotidien.mr\\\/?p=25763&lang=fr\"},\"author\":{\"name\":\"Med Ahmed\",\"@id\":\"https:\\\/\\\/lequotidien.mr\\\/#\\\/schema\\\/person\\\/d2d350202a4d599685ed8abc25f97596\"},\"headline\":\"Participation du ministre mauritanien \u00e0 la r\u00e9union des ministres de l\u2019\u00e9conomie et du commerce \u00e0 Abou Dhabi : Une nouvelle feuille de route pour une coop\u00e9ration renforc\u00e9e\",\"datePublished\":\"2025-02-27T14:11:05+00:00\",\"mainEntityOfPage\":{\"@id\":\"https:\\\/\\\/lequotidien.mr\\\/?p=25763&lang=fr\"},\"wordCount\":546,\"commentCount\":0,\"publisher\":{\"@id\":\"https:\\\/\\\/lequotidien.mr\\\/#organization\"},\"image\":{\"@id\":\"https:\\\/\\\/lequotidien.mr\\\/?p=25763&lang=fr#primaryimage\"},\"thumbnailUrl\":\"https:\\\/\\\/lequotidien.mr\\\/wp-content\\\/uploads\\\/2025\\\/02\\\/photo-mstre-fces-Azerbaidjan.jpg\",\"articleSection\":[\"ACTUALIT\u00c9\",\"Economie\"],\"inLanguage\":\"ar\",\"potentialAction\":[{\"@type\":\"CommentAction\",\"name\":\"Comment\",\"target\":[\"https:\\\/\\\/lequotidien.mr\\\/?p=25763&lang=fr#respond\"]}]},{\"@type\":\"WebPage\",\"@id\":\"https:\\\/\\\/lequotidien.mr\\\/?p=25763&lang=fr\",\"url\":\"https:\\\/\\\/lequotidien.mr\\\/?p=25763&lang=fr\",\"name\":\"Participation du ministre mauritanien \u00e0 la r\u00e9union des ministres de l\u2019\u00e9conomie et du commerce \u00e0 Abou Dhabi : Une nouvelle feuille de route pour une coop\u00e9ration renforc\u00e9e - Le Quotidien de Nouakchott\",\"isPartOf\":{\"@id\":\"https:\\\/\\\/lequotidien.mr\\\/#website\"},\"primaryImageOfPage\":{\"@id\":\"https:\\\/\\\/lequotidien.mr\\\/?p=25763&lang=fr#primaryimage\"},\"image\":{\"@id\":\"https:\\\/\\\/lequotidien.mr\\\/?p=25763&lang=fr#primaryimage\"},\"thumbnailUrl\":\"https:\\\/\\\/lequotidien.mr\\\/wp-content\\\/uploads\\\/2025\\\/02\\\/photo-mstre-fces-Azerbaidjan.jpg\",\"datePublished\":\"2025-02-27T14:11:05+00:00\",\"breadcrumb\":{\"@id\":\"https:\\\/\\\/lequotidien.mr\\\/?p=25763&lang=fr#breadcrumb\"},\"inLanguage\":\"ar\",\"potentialAction\":[{\"@type\":\"ReadAction\",\"target\":[\"https:\\\/\\\/lequotidien.mr\\\/?p=25763&lang=fr\"]}]},{\"@type\":\"ImageObject\",\"inLanguage\":\"ar\",\"@id\":\"https:\\\/\\\/lequotidien.mr\\\/?p=25763&lang=fr#primaryimage\",\"url\":\"https:\\\/\\\/lequotidien.mr\\\/wp-content\\\/uploads\\\/2025\\\/02\\\/photo-mstre-fces-Azerbaidjan.jpg\",\"contentUrl\":\"https:\\\/\\\/lequotidien.mr\\\/wp-content\\\/uploads\\\/2025\\\/02\\\/photo-mstre-fces-Azerbaidjan.jpg\",\"width\":480,\"height\":532},{\"@type\":\"BreadcrumbList\",\"@id\":\"https:\\\/\\\/lequotidien.mr\\\/?p=25763&lang=fr#breadcrumb\",\"itemListElement\":[{\"@type\":\"ListItem\",\"position\":1,\"name\":\"Home\",\"item\":\"https:\\\/\\\/lequotidien.mr\\\/\"},{\"@type\":\"ListItem\",\"position\":2,\"name\":\"Participation du ministre mauritanien \u00e0 la r\u00e9union des ministres de l\u2019\u00e9conomie et du commerce \u00e0 Abou Dhabi : Une nouvelle feuille de route pour une coop\u00e9ration renforc\u00e9e\"}]},{\"@type\":\"WebSite\",\"@id\":\"https:\\\/\\\/lequotidien.mr\\\/#website\",\"url\":\"https:\\\/\\\/lequotidien.mr\\\/\",\"name\":\"Le Quotidien de Nouakchott\",\"description\":\"\u0625\u062e\u0628\u0627\u0631\u064a\u0629 \u0645\u0633\u062a\u0642\u0644\u0629 \u0644\u0644\u0623\u0646\u0628\u0627\u0621 \u0627\u0644\u0639\u0627\u0645\u0629\",\"publisher\":{\"@id\":\"https:\\\/\\\/lequotidien.mr\\\/#organization\"},\"potentialAction\":[{\"@type\":\"SearchAction\",\"target\":{\"@type\":\"EntryPoint\",\"urlTemplate\":\"https:\\\/\\\/lequotidien.mr\\\/?s={search_term_string}\"},\"query-input\":{\"@type\":\"PropertyValueSpecification\",\"valueRequired\":true,\"valueName\":\"search_term_string\"}}],\"inLanguage\":\"ar\"},{\"@type\":\"Organization\",\"@id\":\"https:\\\/\\\/lequotidien.mr\\\/#organization\",\"name\":\"Le Quotidien de Nouakchott\",\"url\":\"https:\\\/\\\/lequotidien.mr\\\/\",\"logo\":{\"@type\":\"ImageObject\",\"inLanguage\":\"ar\",\"@id\":\"https:\\\/\\\/lequotidien.mr\\\/#\\\/schema\\\/logo\\\/image\\\/\",\"url\":\"https:\\\/\\\/lequotidien.mr\\\/wp-content\\\/uploads\\\/2022\\\/11\\\/logolequotidien.jpg\",\"contentUrl\":\"https:\\\/\\\/lequotidien.mr\\\/wp-content\\\/uploads\\\/2022\\\/11\\\/logolequotidien.jpg\",\"width\":290,\"height\":65,\"caption\":\"Le Quotidien de Nouakchott\"},\"image\":{\"@id\":\"https:\\\/\\\/lequotidien.mr\\\/#\\\/schema\\\/logo\\\/image\\\/\"},\"sameAs\":[\"https:\\\/\\\/web.facebook.com\\\/lequotidienmr\",\"https:\\\/\\\/x.com\\\/lequotidienmr\"]},{\"@type\":\"Person\",\"@id\":\"https:\\\/\\\/lequotidien.mr\\\/#\\\/schema\\\/person\\\/d2d350202a4d599685ed8abc25f97596\",\"name\":\"Med Ahmed\",\"image\":{\"@type\":\"ImageObject\",\"inLanguage\":\"ar\",\"@id\":\"https:\\\/\\\/secure.gravatar.com\\\/avatar\\\/fd2acc62ed50732923d1d39c17172c9b04149f142be92310ecc69e1358f94b52?s=96&d=mm&r=g\",\"url\":\"https:\\\/\\\/secure.gravatar.com\\\/avatar\\\/fd2acc62ed50732923d1d39c17172c9b04149f142be92310ecc69e1358f94b52?s=96&d=mm&r=g\",\"contentUrl\":\"https:\\\/\\\/secure.gravatar.com\\\/avatar\\\/fd2acc62ed50732923d1d39c17172c9b04149f142be92310ecc69e1358f94b52?s=96&d=mm&r=g\",\"caption\":\"Med Ahmed\"},\"url\":\"https:\\\/\\\/lequotidien.mr\\\/?author=12\"}]}<\/script>\n<!-- \/ Yoast SEO plugin. -->","yoast_head_json":{"title":"Participation du ministre mauritanien \u00e0 la r\u00e9union des ministres de l\u2019\u00e9conomie et du commerce \u00e0 Abou Dhabi : Une nouvelle feuille de route pour une coop\u00e9ration renforc\u00e9e - Le Quotidien de Nouakchott","robots":{"index":"index","follow":"follow","max-snippet":"max-snippet:-1","max-image-preview":"max-image-preview:large","max-video-preview":"max-video-preview:-1"},"canonical":"https:\/\/lequotidien.mr\/?p=25763&lang=fr","og_locale":"ar_AR","og_type":"article","og_title":"Participation du ministre mauritanien \u00e0 la r\u00e9union des ministres de l\u2019\u00e9conomie et du commerce \u00e0 Abou Dhabi : Une nouvelle feuille de route pour une coop\u00e9ration renforc\u00e9e - Le Quotidien de Nouakchott","og_description":"Le ministre mauritanien de l\u2019\u00c9conomie et des Finances, M. Sid\u2019Ahmed Bouh, a pris part, mercredi 26 f\u00e9vrier, \u00e0 une r\u00e9union minist\u00e9rielle regroupant ses homologues des \u00c9tats arabes, des \u00c9tats d\u2019Asie centrale et de l\u2019Azerba\u00efdjan. Cet \u00e9v\u00e9nement s\u2019est tenu en marge de la premi\u00e8re \u00e9dition de la\u00a0Conf\u00e9rence sur les affaires et l\u2019investissement, organis\u00e9e les 26 et.....","og_url":"https:\/\/lequotidien.mr\/?p=25763&lang=fr","og_site_name":"Le Quotidien de Nouakchott","article_publisher":"https:\/\/web.facebook.com\/lequotidienmr","article_published_time":"2025-02-27T14:11:05+00:00","og_image":[{"width":480,"height":532,"url":"https:\/\/lequotidien.mr\/wp-content\/uploads\/2025\/02\/photo-mstre-fces-Azerbaidjan.jpg","type":"image\/jpeg"}],"author":"Med Ahmed","twitter_card":"summary_large_image","twitter_creator":"@lequotidienmr","twitter_site":"@lequotidienmr","twitter_misc":{"\u0643\u064f\u062a\u0628 \u0628\u0648\u0627\u0633\u0637\u0629":"Med Ahmed","\u0648\u0642\u062a \u0627\u0644\u0642\u0631\u0627\u0621\u0629 \u0627\u0644\u0645\u064f\u0642\u062f\u0651\u0631":"3 \u062f\u0642\u0627\u0626\u0642"},"schema":{"@context":"https:\/\/schema.org","@graph":[{"@type":"Article","@id":"https:\/\/lequotidien.mr\/?p=25763&lang=fr#article","isPartOf":{"@id":"https:\/\/lequotidien.mr\/?p=25763&lang=fr"},"author":{"name":"Med Ahmed","@id":"https:\/\/lequotidien.mr\/#\/schema\/person\/d2d350202a4d599685ed8abc25f97596"},"headline":"Participation du ministre mauritanien \u00e0 la r\u00e9union des ministres de l\u2019\u00e9conomie et du commerce \u00e0 Abou Dhabi : Une nouvelle feuille de route pour une coop\u00e9ration renforc\u00e9e","datePublished":"2025-02-27T14:11:05+00:00","mainEntityOfPage":{"@id":"https:\/\/lequotidien.mr\/?p=25763&lang=fr"},"wordCount":546,"commentCount":0,"publisher":{"@id":"https:\/\/lequotidien.mr\/#organization"},"image":{"@id":"https:\/\/lequotidien.mr\/?p=25763&lang=fr#primaryimage"},"thumbnailUrl":"https:\/\/lequotidien.mr\/wp-content\/uploads\/2025\/02\/photo-mstre-fces-Azerbaidjan.jpg","articleSection":["ACTUALIT\u00c9","Economie"],"inLanguage":"ar","potentialAction":[{"@type":"CommentAction","name":"Comment","target":["https:\/\/lequotidien.mr\/?p=25763&lang=fr#respond"]}]},{"@type":"WebPage","@id":"https:\/\/lequotidien.mr\/?p=25763&lang=fr","url":"https:\/\/lequotidien.mr\/?p=25763&lang=fr","name":"Participation du ministre mauritanien \u00e0 la r\u00e9union des ministres de l\u2019\u00e9conomie et du commerce \u00e0 Abou Dhabi : Une nouvelle feuille de route pour une coop\u00e9ration renforc\u00e9e - Le Quotidien de Nouakchott","isPartOf":{"@id":"https:\/\/lequotidien.mr\/#website"},"primaryImageOfPage":{"@id":"https:\/\/lequotidien.mr\/?p=25763&lang=fr#primaryimage"},"image":{"@id":"https:\/\/lequotidien.mr\/?p=25763&lang=fr#primaryimage"},"thumbnailUrl":"https:\/\/lequotidien.mr\/wp-content\/uploads\/2025\/02\/photo-mstre-fces-Azerbaidjan.jpg","datePublished":"2025-02-27T14:11:05+00:00","breadcrumb":{"@id":"https:\/\/lequotidien.mr\/?p=25763&lang=fr#breadcrumb"},"inLanguage":"ar","potentialAction":[{"@type":"ReadAction","target":["https:\/\/lequotidien.mr\/?p=25763&lang=fr"]}]},{"@type":"ImageObject","inLanguage":"ar","@id":"https:\/\/lequotidien.mr\/?p=25763&lang=fr#primaryimage","url":"https:\/\/lequotidien.mr\/wp-content\/uploads\/2025\/02\/photo-mstre-fces-Azerbaidjan.jpg","contentUrl":"https:\/\/lequotidien.mr\/wp-content\/uploads\/2025\/02\/photo-mstre-fces-Azerbaidjan.jpg","width":480,"height":532},{"@type":"BreadcrumbList","@id":"https:\/\/lequotidien.mr\/?p=25763&lang=fr#breadcrumb","itemListElement":[{"@type":"ListItem","position":1,"name":"Home","item":"https:\/\/lequotidien.mr\/"},{"@type":"ListItem","position":2,"name":"Participation du ministre mauritanien \u00e0 la r\u00e9union des ministres de l\u2019\u00e9conomie et du commerce \u00e0 Abou Dhabi : Une nouvelle feuille de route pour une coop\u00e9ration renforc\u00e9e"}]},{"@type":"WebSite","@id":"https:\/\/lequotidien.mr\/#website","url":"https:\/\/lequotidien.mr\/","name":"Le Quotidien de Nouakchott","description":"\u0625\u062e\u0628\u0627\u0631\u064a\u0629 \u0645\u0633\u062a\u0642\u0644\u0629 \u0644\u0644\u0623\u0646\u0628\u0627\u0621 \u0627\u0644\u0639\u0627\u0645\u0629","publisher":{"@id":"https:\/\/lequotidien.mr\/#organization"},"potentialAction":[{"@type":"SearchAction","target":{"@type":"EntryPoint","urlTemplate":"https:\/\/lequotidien.mr\/?s={search_term_string}"},"query-input":{"@type":"PropertyValueSpecification","valueRequired":true,"valueName":"search_term_string"}}],"inLanguage":"ar"},{"@type":"Organization","@id":"https:\/\/lequotidien.mr\/#organization","name":"Le Quotidien de Nouakchott","url":"https:\/\/lequotidien.mr\/","logo":{"@type":"ImageObject","inLanguage":"ar","@id":"https:\/\/lequotidien.mr\/#\/schema\/logo\/image\/","url":"https:\/\/lequotidien.mr\/wp-content\/uploads\/2022\/11\/logolequotidien.jpg","contentUrl":"https:\/\/lequotidien.mr\/wp-content\/uploads\/2022\/11\/logolequotidien.jpg","width":290,"height":65,"caption":"Le Quotidien de Nouakchott"},"image":{"@id":"https:\/\/lequotidien.mr\/#\/schema\/logo\/image\/"},"sameAs":["https:\/\/web.facebook.com\/lequotidienmr","https:\/\/x.com\/lequotidienmr"]},{"@type":"Person","@id":"https:\/\/lequotidien.mr\/#\/schema\/person\/d2d350202a4d599685ed8abc25f97596","name":"Med Ahmed","image":{"@type":"ImageObject","inLanguage":"ar","@id":"https:\/\/secure.gravatar.com\/avatar\/fd2acc62ed50732923d1d39c17172c9b04149f142be92310ecc69e1358f94b52?s=96&d=mm&r=g","url":"https:\/\/secure.gravatar.com\/avatar\/fd2acc62ed50732923d1d39c17172c9b04149f142be92310ecc69e1358f94b52?s=96&d=mm&r=g","contentUrl":"https:\/\/secure.gravatar.com\/avatar\/fd2acc62ed50732923d1d39c17172c9b04149f142be92310ecc69e1358f94b52?s=96&d=mm&r=g","caption":"Med Ahmed"},"url":"https:\/\/lequotidien.mr\/?author=12"}]}},"_links":{"self":[{"href":"https:\/\/lequotidien.mr\/index.php?rest_route=\/wp\/v2\/posts\/25763","targetHints":{"allow":["GET"]}}],"collection":[{"href":"https:\/\/lequotidien.mr\/index.php?rest_route=\/wp\/v2\/posts"}],"about":[{"href":"https:\/\/lequotidien.mr\/index.php?rest_route=\/wp\/v2\/types\/post"}],"author":[{"embeddable":true,"href":"https:\/\/lequotidien.mr\/index.php?rest_route=\/wp\/v2\/users\/12"}],"replies":[{"embeddable":true,"href":"https:\/\/lequotidien.mr\/index.php?rest_route=%2Fwp%2Fv2%2Fcomments&post=25763"}],"version-history":[{"count":1,"href":"https:\/\/lequotidien.mr\/index.php?rest_route=\/wp\/v2\/posts\/25763\/revisions"}],"predecessor-version":[{"id":25767,"href":"https:\/\/lequotidien.mr\/index.php?rest_route=\/wp\/v2\/posts\/25763\/revisions\/25767"}],"wp:featuredmedia":[{"embeddable":true,"href":"https:\/\/lequotidien.mr\/index.php?rest_route=\/wp\/v2\/media\/25766"}],"wp:attachment":[{"href":"https:\/\/lequotidien.mr\/index.php?rest_route=%2Fwp%2Fv2%2Fmedia&parent=25763"}],"wp:term":[{"taxonomy":"category","embeddable":true,"href":"https:\/\/lequotidien.mr\/index.php?rest_route=%2Fwp%2Fv2%2Fcategories&post=25763"},{"taxonomy":"post_tag","embeddable":true,"href":"https:\/\/lequotidien.mr\/index.php?rest_route=%2Fwp%2Fv2%2Ftags&post=25763"}],"curies":[{"name":"wp","href":"https:\/\/api.w.org\/{rel}","templated":true}]}}