{"id":25717,"date":"2025-02-26T13:30:46","date_gmt":"2025-02-26T13:30:46","guid":{"rendered":"https:\/\/lequotidien.mr\/?p=25717"},"modified":"2025-02-26T13:30:46","modified_gmt":"2025-02-26T13:30:46","slug":"marlog-14-alexandrie-le-ministre-mauritanien-de-la-peche-et-des-infrastructures-maritimes-et-portuaires-plaide-pour-une-modernisation-du-secteur","status":"publish","type":"post","link":"https:\/\/lequotidien.mr\/?p=25717&lang=fr","title":{"rendered":"MARLOG 14\/Alexandrie : Le Ministre mauritanien de la P\u00eache et des Infrastructures Maritimes et Portuaires plaide pour une modernisation du secteur"},"content":{"rendered":"<p>La 14\u1d49 \u00e9dition de la Conf\u00e9rence Internationale sur le Transport Maritime et la Logistique (MARLOG 14), organis\u00e9e \u00e0 Alexandrie en \u00c9gypte, a pris fin mardi avec la participation remarqu\u00e9e de la Mauritanie, repr\u00e9sent\u00e9e par le ministre de la P\u00eache et des Infrastructures Maritimes et Portuaires, M. Vadhil Sidati Ahmed Louly. Lors de cet \u00e9v\u00e9nement mondial, le ministre a d\u00e9taill\u00e9 les ambitions de son pays en mati\u00e8re de modernisation du secteur maritime et portuaire, align\u00e9es sur les mutations technologiques et logistiques globales.<\/p>\n<p><strong>Une strat\u00e9gie maritime ambitieuse en cours d\u2019\u00e9laboration<\/strong><\/p>\n<p>Dans son intervention, M. Louly a annonc\u00e9 que son d\u00e9partement travaille activement \u00e0 l\u2019\u00e9laboration d\u2019une <strong>strat\u00e9gie nationale de transport maritime<\/strong>\u00a0et d\u2019un\u00a0<strong>plan directeur pour les infrastructures portuaires<\/strong>, con\u00e7us pour s\u2019adapter aux \u00e9volutions rapides du secteur. \u00ab L\u2019objectif est de positionner la Mauritanie comme un acteur comp\u00e9titif, en harmonie avec les standards internationaux \u00bb, a-t-il d\u00e9clar\u00e9. Il a \u00e9galement insist\u00e9 sur la cr\u00e9ation r\u00e9cente d\u2019un\u00a0<strong>d\u00e9partement minist\u00e9riel d\u00e9di\u00e9 \u00e0 la transformation num\u00e9rique, \u00e0 l\u2019innovation et \u00e0 la modernisation administrative<\/strong>, une initiative impuls\u00e9e par la vision du Pr\u00e9sident de la R\u00e9publique, Mohamed Cheikh El Ghazouani.<\/p>\n<p>Le ministre a soulign\u00e9 que, conform\u00e9ment aux directives pr\u00e9sidentielles,\u00a0<strong>tous les ports mauritaniens sont d\u00e9sormais rattach\u00e9s \u00e0 une seule entit\u00e9 minist\u00e9rielle<\/strong>. Cette centralisation vise \u00e0 optimiser la gestion, \u00e0 harmoniser les proc\u00e9dures et \u00e0 booster les activit\u00e9s \u00e9conomiques li\u00e9es aux secteurs maritime et logistique. \u00ab Cette unification permettra de maximiser notre efficacit\u00e9 et d\u2019attirer davantage d\u2019investissements \u00bb, a-t-il expliqu\u00e9, rappelant le r\u00f4le cl\u00e9 des ports dans la diversification de l\u2019\u00e9conomie nationale.<\/p>\n<p><strong>Vers une conf\u00e9rence internationale sur l\u2019IA en Mauritanie<br \/>\n<\/strong><\/p>\n<p>Parmi les autres annonces phares, M. Louly a r\u00e9v\u00e9l\u00e9 que le <strong>minist\u00e8re de l\u2019Enseignement sup\u00e9rieur et de la Recherche scientifique<\/strong>, en partenariat avec l\u2019<strong>Acad\u00e9mie arabe des sciences, des technologies et du transport maritime<\/strong>, organisera\u00a0<strong>une conf\u00e9rence internationale sur l\u2019intelligence artificielle<\/strong>\u00a0en Mauritanie avant la fin de l\u2019ann\u00e9e. Cet \u00e9v\u00e9nement, qui s\u2019inscrit dans une dynamique d\u2019innovation, devrait mobiliser des experts mondiaux pour explorer les applications de l\u2019IA dans les domaines maritime, logistique et beyond.<\/p>\n<p><strong>Un bilan positif pour MARLOG 14<\/strong><\/p>\n<p>Le ministre a salu\u00e9 la qualit\u00e9 de l\u2019\u00e9dition 2024 de MARLOG, mettant en avant <strong>l\u2019excellence des pr\u00e9sentations scientifiques<\/strong>\u00a0et la richesse des d\u00e9bats lors des sessions parall\u00e8les. \u00ab Cette conf\u00e9rence est une plateforme essentielle pour partager les bonnes pratiques et renforcer les coop\u00e9rations r\u00e9gionales \u00bb, a-t-il affirm\u00e9. Il a \u00e9galement exprim\u00e9 sa gratitude aux organisateurs \u00e9gyptiens pour leur accueil et leur professionnalisme.<\/p>\n<p>La participation mauritanienne \u00e0 MARLOG 14 illustre la volont\u00e9 du pays de s\u2019inscrire dans les grandes discussions mondiales sur l\u2019avenir du transport maritime. Entre modernisation infrastructurelle, digitalisation et innovation, les engagements pr\u00e9sent\u00e9s par M. Louly refl\u00e8tent une strat\u00e9gie claire : faire de la Mauritanie un hub logistique et maritime de r\u00e9f\u00e9rence en Afrique de l\u2019Ouest, capable de r\u00e9pondre aux d\u00e9fis du 21\u1d49 si\u00e8cle.<\/p>\n<p>Avec ces initiatives, le gouvernement mauritanien confirme sa d\u00e9termination \u00e0 transformer son secteur maritime en levier de croissance durable, tout en renfor\u00e7ant son int\u00e9gration dans les cha\u00eenes de valeur internationales.<\/p>\n<p>&nbsp;<\/p>\n","protected":false},"excerpt":{"rendered":"<p>La 14\u1d49 \u00e9dition de la Conf\u00e9rence Internationale sur le Transport Maritime et la Logistique (MARLOG 14), organis\u00e9e \u00e0 Alexandrie en \u00c9gypte, a pris fin mardi avec la participation remarqu\u00e9e de la Mauritanie, repr\u00e9sent\u00e9e par le ministre de la P\u00eache et des Infrastructures Maritimes et Portuaires, M. Vadhil Sidati Ahmed Louly. Lors de cet \u00e9v\u00e9nement mondial,&#8230;..<\/p>\n","protected":false},"author":12,"featured_media":25718,"comment_status":"open","ping_status":"open","sticky":false,"template":"","format":"standard","meta":{"footnotes":""},"categories":[23,49],"tags":[],"class_list":["post-25717","post","type-post","status-publish","format-standard","has-post-thumbnail","hentry","category-actualite","category-economie"],"yoast_head":"<!-- This site is optimized with the Yoast SEO plugin v27.5 - https:\/\/yoast.com\/product\/yoast-seo-wordpress\/ -->\n<title>MARLOG 14\/Alexandrie : Le Ministre mauritanien de la P\u00eache et des Infrastructures Maritimes et Portuaires plaide pour une modernisation du secteur - Le Quotidien de Nouakchott<\/title>\n<meta name=\"robots\" content=\"index, follow, max-snippet:-1, max-image-preview:large, max-video-preview:-1\" \/>\n<link rel=\"canonical\" href=\"https:\/\/lequotidien.mr\/?p=25717&lang=fr\" \/>\n<meta property=\"og:locale\" content=\"ar_AR\" \/>\n<meta property=\"og:type\" content=\"article\" \/>\n<meta property=\"og:title\" content=\"MARLOG 14\/Alexandrie : Le Ministre mauritanien de la P\u00eache et des Infrastructures Maritimes et Portuaires plaide pour une modernisation du secteur - Le Quotidien de Nouakchott\" \/>\n<meta property=\"og:description\" content=\"La 14\u1d49 \u00e9dition de la Conf\u00e9rence Internationale sur le Transport Maritime et la Logistique (MARLOG 14), organis\u00e9e \u00e0 Alexandrie en \u00c9gypte, a pris fin mardi avec la participation remarqu\u00e9e de la Mauritanie, repr\u00e9sent\u00e9e par le ministre de la P\u00eache et des Infrastructures Maritimes et Portuaires, M. Vadhil Sidati Ahmed Louly. Lors de cet \u00e9v\u00e9nement mondial,.....\" \/>\n<meta property=\"og:url\" content=\"https:\/\/lequotidien.mr\/?p=25717&amp;lang=fr\" \/>\n<meta property=\"og:site_name\" content=\"Le Quotidien de Nouakchott\" \/>\n<meta property=\"article:publisher\" content=\"https:\/\/web.facebook.com\/lequotidienmr\" \/>\n<meta property=\"article:published_time\" content=\"2025-02-26T13:30:46+00:00\" \/>\n<meta property=\"og:image\" content=\"https:\/\/lequotidien.mr\/wp-content\/uploads\/2025\/02\/photo-ministre-peche.jpg\" \/>\n\t<meta property=\"og:image:width\" content=\"497\" \/>\n\t<meta property=\"og:image:height\" content=\"430\" \/>\n\t<meta property=\"og:image:type\" content=\"image\/jpeg\" \/>\n<meta name=\"author\" content=\"Med Ahmed\" \/>\n<meta name=\"twitter:card\" content=\"summary_large_image\" \/>\n<meta name=\"twitter:creator\" content=\"@lequotidienmr\" \/>\n<meta name=\"twitter:site\" content=\"@lequotidienmr\" \/>\n<meta name=\"twitter:label1\" content=\"\u0643\u064f\u062a\u0628 \u0628\u0648\u0627\u0633\u0637\u0629\" \/>\n\t<meta name=\"twitter:data1\" content=\"Med Ahmed\" \/>\n\t<meta name=\"twitter:label2\" content=\"\u0648\u0642\u062a \u0627\u0644\u0642\u0631\u0627\u0621\u0629 \u0627\u0644\u0645\u064f\u0642\u062f\u0651\u0631\" \/>\n\t<meta name=\"twitter:data2\" content=\"3 \u062f\u0642\u0627\u0626\u0642\" \/>\n<script type=\"application\/ld+json\" class=\"yoast-schema-graph\">{\"@context\":\"https:\\\/\\\/schema.org\",\"@graph\":[{\"@type\":\"Article\",\"@id\":\"https:\\\/\\\/lequotidien.mr\\\/?p=25717&lang=fr#article\",\"isPartOf\":{\"@id\":\"https:\\\/\\\/lequotidien.mr\\\/?p=25717&lang=fr\"},\"author\":{\"name\":\"Med Ahmed\",\"@id\":\"https:\\\/\\\/lequotidien.mr\\\/#\\\/schema\\\/person\\\/d2d350202a4d599685ed8abc25f97596\"},\"headline\":\"MARLOG 14\\\/Alexandrie : Le Ministre mauritanien de la P\u00eache et des Infrastructures Maritimes et Portuaires plaide pour une modernisation du secteur\",\"datePublished\":\"2025-02-26T13:30:46+00:00\",\"mainEntityOfPage\":{\"@id\":\"https:\\\/\\\/lequotidien.mr\\\/?p=25717&lang=fr\"},\"wordCount\":579,\"commentCount\":0,\"publisher\":{\"@id\":\"https:\\\/\\\/lequotidien.mr\\\/#organization\"},\"image\":{\"@id\":\"https:\\\/\\\/lequotidien.mr\\\/?p=25717&lang=fr#primaryimage\"},\"thumbnailUrl\":\"https:\\\/\\\/lequotidien.mr\\\/wp-content\\\/uploads\\\/2025\\\/02\\\/photo-ministre-peche.jpg\",\"articleSection\":[\"ACTUALIT\u00c9\",\"Economie\"],\"inLanguage\":\"ar\",\"potentialAction\":[{\"@type\":\"CommentAction\",\"name\":\"Comment\",\"target\":[\"https:\\\/\\\/lequotidien.mr\\\/?p=25717&lang=fr#respond\"]}]},{\"@type\":\"WebPage\",\"@id\":\"https:\\\/\\\/lequotidien.mr\\\/?p=25717&lang=fr\",\"url\":\"https:\\\/\\\/lequotidien.mr\\\/?p=25717&lang=fr\",\"name\":\"MARLOG 14\\\/Alexandrie : Le Ministre mauritanien de la P\u00eache et des Infrastructures Maritimes et Portuaires plaide pour une modernisation du secteur - Le Quotidien de Nouakchott\",\"isPartOf\":{\"@id\":\"https:\\\/\\\/lequotidien.mr\\\/#website\"},\"primaryImageOfPage\":{\"@id\":\"https:\\\/\\\/lequotidien.mr\\\/?p=25717&lang=fr#primaryimage\"},\"image\":{\"@id\":\"https:\\\/\\\/lequotidien.mr\\\/?p=25717&lang=fr#primaryimage\"},\"thumbnailUrl\":\"https:\\\/\\\/lequotidien.mr\\\/wp-content\\\/uploads\\\/2025\\\/02\\\/photo-ministre-peche.jpg\",\"datePublished\":\"2025-02-26T13:30:46+00:00\",\"breadcrumb\":{\"@id\":\"https:\\\/\\\/lequotidien.mr\\\/?p=25717&lang=fr#breadcrumb\"},\"inLanguage\":\"ar\",\"potentialAction\":[{\"@type\":\"ReadAction\",\"target\":[\"https:\\\/\\\/lequotidien.mr\\\/?p=25717&lang=fr\"]}]},{\"@type\":\"ImageObject\",\"inLanguage\":\"ar\",\"@id\":\"https:\\\/\\\/lequotidien.mr\\\/?p=25717&lang=fr#primaryimage\",\"url\":\"https:\\\/\\\/lequotidien.mr\\\/wp-content\\\/uploads\\\/2025\\\/02\\\/photo-ministre-peche.jpg\",\"contentUrl\":\"https:\\\/\\\/lequotidien.mr\\\/wp-content\\\/uploads\\\/2025\\\/02\\\/photo-ministre-peche.jpg\",\"width\":497,\"height\":430},{\"@type\":\"BreadcrumbList\",\"@id\":\"https:\\\/\\\/lequotidien.mr\\\/?p=25717&lang=fr#breadcrumb\",\"itemListElement\":[{\"@type\":\"ListItem\",\"position\":1,\"name\":\"Home\",\"item\":\"https:\\\/\\\/lequotidien.mr\\\/\"},{\"@type\":\"ListItem\",\"position\":2,\"name\":\"MARLOG 14\\\/Alexandrie : Le Ministre mauritanien de la P\u00eache et des Infrastructures Maritimes et Portuaires plaide pour une modernisation du secteur\"}]},{\"@type\":\"WebSite\",\"@id\":\"https:\\\/\\\/lequotidien.mr\\\/#website\",\"url\":\"https:\\\/\\\/lequotidien.mr\\\/\",\"name\":\"Le Quotidien de Nouakchott\",\"description\":\"\u0625\u062e\u0628\u0627\u0631\u064a\u0629 \u0645\u0633\u062a\u0642\u0644\u0629 \u0644\u0644\u0623\u0646\u0628\u0627\u0621 \u0627\u0644\u0639\u0627\u0645\u0629\",\"publisher\":{\"@id\":\"https:\\\/\\\/lequotidien.mr\\\/#organization\"},\"potentialAction\":[{\"@type\":\"SearchAction\",\"target\":{\"@type\":\"EntryPoint\",\"urlTemplate\":\"https:\\\/\\\/lequotidien.mr\\\/?s={search_term_string}\"},\"query-input\":{\"@type\":\"PropertyValueSpecification\",\"valueRequired\":true,\"valueName\":\"search_term_string\"}}],\"inLanguage\":\"ar\"},{\"@type\":\"Organization\",\"@id\":\"https:\\\/\\\/lequotidien.mr\\\/#organization\",\"name\":\"Le Quotidien de Nouakchott\",\"url\":\"https:\\\/\\\/lequotidien.mr\\\/\",\"logo\":{\"@type\":\"ImageObject\",\"inLanguage\":\"ar\",\"@id\":\"https:\\\/\\\/lequotidien.mr\\\/#\\\/schema\\\/logo\\\/image\\\/\",\"url\":\"https:\\\/\\\/lequotidien.mr\\\/wp-content\\\/uploads\\\/2022\\\/11\\\/logolequotidien.jpg\",\"contentUrl\":\"https:\\\/\\\/lequotidien.mr\\\/wp-content\\\/uploads\\\/2022\\\/11\\\/logolequotidien.jpg\",\"width\":290,\"height\":65,\"caption\":\"Le Quotidien de Nouakchott\"},\"image\":{\"@id\":\"https:\\\/\\\/lequotidien.mr\\\/#\\\/schema\\\/logo\\\/image\\\/\"},\"sameAs\":[\"https:\\\/\\\/web.facebook.com\\\/lequotidienmr\",\"https:\\\/\\\/x.com\\\/lequotidienmr\"]},{\"@type\":\"Person\",\"@id\":\"https:\\\/\\\/lequotidien.mr\\\/#\\\/schema\\\/person\\\/d2d350202a4d599685ed8abc25f97596\",\"name\":\"Med Ahmed\",\"image\":{\"@type\":\"ImageObject\",\"inLanguage\":\"ar\",\"@id\":\"https:\\\/\\\/secure.gravatar.com\\\/avatar\\\/fd2acc62ed50732923d1d39c17172c9b04149f142be92310ecc69e1358f94b52?s=96&d=mm&r=g\",\"url\":\"https:\\\/\\\/secure.gravatar.com\\\/avatar\\\/fd2acc62ed50732923d1d39c17172c9b04149f142be92310ecc69e1358f94b52?s=96&d=mm&r=g\",\"contentUrl\":\"https:\\\/\\\/secure.gravatar.com\\\/avatar\\\/fd2acc62ed50732923d1d39c17172c9b04149f142be92310ecc69e1358f94b52?s=96&d=mm&r=g\",\"caption\":\"Med Ahmed\"},\"url\":\"https:\\\/\\\/lequotidien.mr\\\/?author=12\"}]}<\/script>\n<!-- \/ Yoast SEO plugin. -->","yoast_head_json":{"title":"MARLOG 14\/Alexandrie : Le Ministre mauritanien de la P\u00eache et des Infrastructures Maritimes et Portuaires plaide pour une modernisation du secteur - Le Quotidien de Nouakchott","robots":{"index":"index","follow":"follow","max-snippet":"max-snippet:-1","max-image-preview":"max-image-preview:large","max-video-preview":"max-video-preview:-1"},"canonical":"https:\/\/lequotidien.mr\/?p=25717&lang=fr","og_locale":"ar_AR","og_type":"article","og_title":"MARLOG 14\/Alexandrie : Le Ministre mauritanien de la P\u00eache et des Infrastructures Maritimes et Portuaires plaide pour une modernisation du secteur - Le Quotidien de Nouakchott","og_description":"La 14\u1d49 \u00e9dition de la Conf\u00e9rence Internationale sur le Transport Maritime et la Logistique (MARLOG 14), organis\u00e9e \u00e0 Alexandrie en \u00c9gypte, a pris fin mardi avec la participation remarqu\u00e9e de la Mauritanie, repr\u00e9sent\u00e9e par le ministre de la P\u00eache et des Infrastructures Maritimes et Portuaires, M. Vadhil Sidati Ahmed Louly. Lors de cet \u00e9v\u00e9nement mondial,.....","og_url":"https:\/\/lequotidien.mr\/?p=25717&lang=fr","og_site_name":"Le Quotidien de Nouakchott","article_publisher":"https:\/\/web.facebook.com\/lequotidienmr","article_published_time":"2025-02-26T13:30:46+00:00","og_image":[{"width":497,"height":430,"url":"https:\/\/lequotidien.mr\/wp-content\/uploads\/2025\/02\/photo-ministre-peche.jpg","type":"image\/jpeg"}],"author":"Med Ahmed","twitter_card":"summary_large_image","twitter_creator":"@lequotidienmr","twitter_site":"@lequotidienmr","twitter_misc":{"\u0643\u064f\u062a\u0628 \u0628\u0648\u0627\u0633\u0637\u0629":"Med Ahmed","\u0648\u0642\u062a \u0627\u0644\u0642\u0631\u0627\u0621\u0629 \u0627\u0644\u0645\u064f\u0642\u062f\u0651\u0631":"3 \u062f\u0642\u0627\u0626\u0642"},"schema":{"@context":"https:\/\/schema.org","@graph":[{"@type":"Article","@id":"https:\/\/lequotidien.mr\/?p=25717&lang=fr#article","isPartOf":{"@id":"https:\/\/lequotidien.mr\/?p=25717&lang=fr"},"author":{"name":"Med Ahmed","@id":"https:\/\/lequotidien.mr\/#\/schema\/person\/d2d350202a4d599685ed8abc25f97596"},"headline":"MARLOG 14\/Alexandrie : Le Ministre mauritanien de la P\u00eache et des Infrastructures Maritimes et Portuaires plaide pour une modernisation du secteur","datePublished":"2025-02-26T13:30:46+00:00","mainEntityOfPage":{"@id":"https:\/\/lequotidien.mr\/?p=25717&lang=fr"},"wordCount":579,"commentCount":0,"publisher":{"@id":"https:\/\/lequotidien.mr\/#organization"},"image":{"@id":"https:\/\/lequotidien.mr\/?p=25717&lang=fr#primaryimage"},"thumbnailUrl":"https:\/\/lequotidien.mr\/wp-content\/uploads\/2025\/02\/photo-ministre-peche.jpg","articleSection":["ACTUALIT\u00c9","Economie"],"inLanguage":"ar","potentialAction":[{"@type":"CommentAction","name":"Comment","target":["https:\/\/lequotidien.mr\/?p=25717&lang=fr#respond"]}]},{"@type":"WebPage","@id":"https:\/\/lequotidien.mr\/?p=25717&lang=fr","url":"https:\/\/lequotidien.mr\/?p=25717&lang=fr","name":"MARLOG 14\/Alexandrie : Le Ministre mauritanien de la P\u00eache et des Infrastructures Maritimes et Portuaires plaide pour une modernisation du secteur - Le Quotidien de Nouakchott","isPartOf":{"@id":"https:\/\/lequotidien.mr\/#website"},"primaryImageOfPage":{"@id":"https:\/\/lequotidien.mr\/?p=25717&lang=fr#primaryimage"},"image":{"@id":"https:\/\/lequotidien.mr\/?p=25717&lang=fr#primaryimage"},"thumbnailUrl":"https:\/\/lequotidien.mr\/wp-content\/uploads\/2025\/02\/photo-ministre-peche.jpg","datePublished":"2025-02-26T13:30:46+00:00","breadcrumb":{"@id":"https:\/\/lequotidien.mr\/?p=25717&lang=fr#breadcrumb"},"inLanguage":"ar","potentialAction":[{"@type":"ReadAction","target":["https:\/\/lequotidien.mr\/?p=25717&lang=fr"]}]},{"@type":"ImageObject","inLanguage":"ar","@id":"https:\/\/lequotidien.mr\/?p=25717&lang=fr#primaryimage","url":"https:\/\/lequotidien.mr\/wp-content\/uploads\/2025\/02\/photo-ministre-peche.jpg","contentUrl":"https:\/\/lequotidien.mr\/wp-content\/uploads\/2025\/02\/photo-ministre-peche.jpg","width":497,"height":430},{"@type":"BreadcrumbList","@id":"https:\/\/lequotidien.mr\/?p=25717&lang=fr#breadcrumb","itemListElement":[{"@type":"ListItem","position":1,"name":"Home","item":"https:\/\/lequotidien.mr\/"},{"@type":"ListItem","position":2,"name":"MARLOG 14\/Alexandrie : Le Ministre mauritanien de la P\u00eache et des Infrastructures Maritimes et Portuaires plaide pour une modernisation du secteur"}]},{"@type":"WebSite","@id":"https:\/\/lequotidien.mr\/#website","url":"https:\/\/lequotidien.mr\/","name":"Le Quotidien de Nouakchott","description":"\u0625\u062e\u0628\u0627\u0631\u064a\u0629 \u0645\u0633\u062a\u0642\u0644\u0629 \u0644\u0644\u0623\u0646\u0628\u0627\u0621 \u0627\u0644\u0639\u0627\u0645\u0629","publisher":{"@id":"https:\/\/lequotidien.mr\/#organization"},"potentialAction":[{"@type":"SearchAction","target":{"@type":"EntryPoint","urlTemplate":"https:\/\/lequotidien.mr\/?s={search_term_string}"},"query-input":{"@type":"PropertyValueSpecification","valueRequired":true,"valueName":"search_term_string"}}],"inLanguage":"ar"},{"@type":"Organization","@id":"https:\/\/lequotidien.mr\/#organization","name":"Le Quotidien de Nouakchott","url":"https:\/\/lequotidien.mr\/","logo":{"@type":"ImageObject","inLanguage":"ar","@id":"https:\/\/lequotidien.mr\/#\/schema\/logo\/image\/","url":"https:\/\/lequotidien.mr\/wp-content\/uploads\/2022\/11\/logolequotidien.jpg","contentUrl":"https:\/\/lequotidien.mr\/wp-content\/uploads\/2022\/11\/logolequotidien.jpg","width":290,"height":65,"caption":"Le Quotidien de Nouakchott"},"image":{"@id":"https:\/\/lequotidien.mr\/#\/schema\/logo\/image\/"},"sameAs":["https:\/\/web.facebook.com\/lequotidienmr","https:\/\/x.com\/lequotidienmr"]},{"@type":"Person","@id":"https:\/\/lequotidien.mr\/#\/schema\/person\/d2d350202a4d599685ed8abc25f97596","name":"Med Ahmed","image":{"@type":"ImageObject","inLanguage":"ar","@id":"https:\/\/secure.gravatar.com\/avatar\/fd2acc62ed50732923d1d39c17172c9b04149f142be92310ecc69e1358f94b52?s=96&d=mm&r=g","url":"https:\/\/secure.gravatar.com\/avatar\/fd2acc62ed50732923d1d39c17172c9b04149f142be92310ecc69e1358f94b52?s=96&d=mm&r=g","contentUrl":"https:\/\/secure.gravatar.com\/avatar\/fd2acc62ed50732923d1d39c17172c9b04149f142be92310ecc69e1358f94b52?s=96&d=mm&r=g","caption":"Med Ahmed"},"url":"https:\/\/lequotidien.mr\/?author=12"}]}},"_links":{"self":[{"href":"https:\/\/lequotidien.mr\/index.php?rest_route=\/wp\/v2\/posts\/25717","targetHints":{"allow":["GET"]}}],"collection":[{"href":"https:\/\/lequotidien.mr\/index.php?rest_route=\/wp\/v2\/posts"}],"about":[{"href":"https:\/\/lequotidien.mr\/index.php?rest_route=\/wp\/v2\/types\/post"}],"author":[{"embeddable":true,"href":"https:\/\/lequotidien.mr\/index.php?rest_route=\/wp\/v2\/users\/12"}],"replies":[{"embeddable":true,"href":"https:\/\/lequotidien.mr\/index.php?rest_route=%2Fwp%2Fv2%2Fcomments&post=25717"}],"version-history":[{"count":1,"href":"https:\/\/lequotidien.mr\/index.php?rest_route=\/wp\/v2\/posts\/25717\/revisions"}],"predecessor-version":[{"id":25719,"href":"https:\/\/lequotidien.mr\/index.php?rest_route=\/wp\/v2\/posts\/25717\/revisions\/25719"}],"wp:featuredmedia":[{"embeddable":true,"href":"https:\/\/lequotidien.mr\/index.php?rest_route=\/wp\/v2\/media\/25718"}],"wp:attachment":[{"href":"https:\/\/lequotidien.mr\/index.php?rest_route=%2Fwp%2Fv2%2Fmedia&parent=25717"}],"wp:term":[{"taxonomy":"category","embeddable":true,"href":"https:\/\/lequotidien.mr\/index.php?rest_route=%2Fwp%2Fv2%2Fcategories&post=25717"},{"taxonomy":"post_tag","embeddable":true,"href":"https:\/\/lequotidien.mr\/index.php?rest_route=%2Fwp%2Fv2%2Ftags&post=25717"}],"curies":[{"name":"wp","href":"https:\/\/api.w.org\/{rel}","templated":true}]}}