{"id":25711,"date":"2025-02-26T12:31:09","date_gmt":"2025-02-26T12:31:09","guid":{"rendered":"https:\/\/lequotidien.mr\/?p=25711"},"modified":"2025-02-26T12:31:09","modified_gmt":"2025-02-26T12:31:09","slug":"la-ministre-du-commerce-lance-une-campagne-de-surveillance-et-de-plafonnement-des-prix-a-loccasion-du-mois-beni-de-ramadan","status":"publish","type":"post","link":"https:\/\/lequotidien.mr\/?p=25711&lang=fr","title":{"rendered":"La Ministre du Commerce lance une campagne de surveillance et de plafonnement des prix \u00e0 l\u2019occasion du mois b\u00e9ni de Ramadan"},"content":{"rendered":"<p>\u00c0 l\u2019approche du mois sacr\u00e9 de Ramadan, le minist\u00e8re du Commerce et du Tourisme a annonc\u00e9 le lancement d\u2019une campagne nationale visant \u00e0 contr\u00f4ler et \u00e0 plafonner les prix des produits de premi\u00e8re n\u00e9cessit\u00e9, tout en garantissant la qualit\u00e9 des denr\u00e9es alimentaires et en renfor\u00e7ant les inspections dans les restaurants. Cette initiative, supervis\u00e9e par la Ministre Zeinebou Ahmednah, s\u2019inscrit dans une d\u00e9marche de protection du pouvoir d\u2019achat des citoyens et de lutte contre les d\u00e9rives commerciales.<\/p>\n<p><strong>Des \u00e9quipes sp\u00e9cialis\u00e9es mobilis\u00e9es<\/strong><\/p>\n<p>Selon un communiqu\u00e9 du minist\u00e8re, des \u00e9quipes sp\u00e9cialis\u00e9es, coordonn\u00e9es avec les autorit\u00e9s administratives locales, ont \u00e9t\u00e9 d\u00e9ploy\u00e9es sur le terrain pour surveiller les march\u00e9s et les commerces. Parall\u00e8lement, des unit\u00e9s mobiles effectuent des tourn\u00e9es pour recueillir les r\u00e9clamations des consommateurs et intervenir en temps r\u00e9el. L\u2019objectif principal est de fixer des prix transparents et accessibles, notamment pour les produits sensibles comme le sucre, le riz, l\u2019huile, les produits laitiers, mais aussi la viande rouge, les \u0153ufs, ainsi que le poulet local et import\u00e9.<\/p>\n<p><strong>Lutte contre la fraude et les abus<\/strong><\/p>\n<p>La campagne ne se limite pas au contr\u00f4le des tarifs. Elle cible \u00e9galement la confiscation des produits p\u00e9rim\u00e9s, la lutte contre l\u2019accaparement des stocks et les pratiques monopolistiques, ainsi que la r\u00e9pression des fraudes. \u00ab Notre priorit\u00e9 est de prot\u00e9ger les citoyens contre toute exploitation ou risque sanitaire, surtout durant cette p\u00e9riode de forte consommation \u00bb, a d\u00e9clar\u00e9 la Ministre lors d\u2019un discours officiel. Elle a rappel\u00e9 que les commer\u00e7ants sont tenus de respecter les prix convenus avec les autorit\u00e9s, sous peine de sanctions.<\/p>\n<p><strong>Une vigilance accrue pendant le Ramadan<\/strong><\/p>\n<p>La Ministre a insist\u00e9 sur la continuit\u00e9 de cette op\u00e9ration tout au long du mois de Ramadan, soulignant que des bilans r\u00e9guliers seront publi\u00e9s pour informer le public. Les contr\u00f4les renforc\u00e9s concerneront aussi la qualit\u00e9 des services dans les restaurants, souvent tr\u00e8s fr\u00e9quent\u00e9s \u00e0 l\u2019heure de l\u2019<em>iftar<\/em>\u00a0(rupture du je\u00fbne).<\/p>\n<p>Cette campagne refl\u00e8te la volont\u00e9 des pouvoirs publics d\u2019allier rigueur \u00e9conomique et \u00e9quit\u00e9 sociale, dans un contexte o\u00f9 la stabilit\u00e9 des prix reste un enjeu majeur pour les m\u00e9nages. Les citoyens sont encourag\u00e9s \u00e0 signaler toute anomalie via les canaux d\u00e9di\u00e9s, afin de contribuer \u00e0 l\u2019efficacit\u00e9 de cette mobilisation collective.<\/p>\n<p>&nbsp;<\/p>\n","protected":false},"excerpt":{"rendered":"<p>\u00c0 l\u2019approche du mois sacr\u00e9 de Ramadan, le minist\u00e8re du Commerce et du Tourisme a annonc\u00e9 le lancement d\u2019une campagne nationale visant \u00e0 contr\u00f4ler et \u00e0 plafonner les prix des produits de premi\u00e8re n\u00e9cessit\u00e9, tout en garantissant la qualit\u00e9 des denr\u00e9es alimentaires et en renfor\u00e7ant les inspections dans les restaurants. Cette initiative, supervis\u00e9e par la&#8230;..<\/p>\n","protected":false},"author":12,"featured_media":25712,"comment_status":"open","ping_status":"open","sticky":false,"template":"","format":"standard","meta":{"footnotes":""},"categories":[23,49],"tags":[],"class_list":["post-25711","post","type-post","status-publish","format-standard","has-post-thumbnail","hentry","category-actualite","category-economie"],"yoast_head":"<!-- This site is optimized with the Yoast SEO plugin v27.5 - https:\/\/yoast.com\/product\/yoast-seo-wordpress\/ -->\n<title>La Ministre du Commerce lance une campagne de surveillance et de plafonnement des prix \u00e0 l\u2019occasion du mois b\u00e9ni de Ramadan - Le Quotidien de Nouakchott<\/title>\n<meta name=\"robots\" content=\"index, follow, max-snippet:-1, max-image-preview:large, max-video-preview:-1\" \/>\n<link rel=\"canonical\" href=\"https:\/\/lequotidien.mr\/?p=25711&lang=fr\" \/>\n<meta property=\"og:locale\" content=\"ar_AR\" \/>\n<meta property=\"og:type\" content=\"article\" \/>\n<meta property=\"og:title\" content=\"La Ministre du Commerce lance une campagne de surveillance et de plafonnement des prix \u00e0 l\u2019occasion du mois b\u00e9ni de Ramadan - Le Quotidien de Nouakchott\" \/>\n<meta property=\"og:description\" content=\"\u00c0 l\u2019approche du mois sacr\u00e9 de Ramadan, le minist\u00e8re du Commerce et du Tourisme a annonc\u00e9 le lancement d\u2019une campagne nationale visant \u00e0 contr\u00f4ler et \u00e0 plafonner les prix des produits de premi\u00e8re n\u00e9cessit\u00e9, tout en garantissant la qualit\u00e9 des denr\u00e9es alimentaires et en renfor\u00e7ant les inspections dans les restaurants. Cette initiative, supervis\u00e9e par la.....\" \/>\n<meta property=\"og:url\" content=\"https:\/\/lequotidien.mr\/?p=25711&amp;lang=fr\" \/>\n<meta property=\"og:site_name\" content=\"Le Quotidien de Nouakchott\" \/>\n<meta property=\"article:publisher\" content=\"https:\/\/web.facebook.com\/lequotidienmr\" \/>\n<meta property=\"article:published_time\" content=\"2025-02-26T12:31:09+00:00\" \/>\n<meta property=\"og:image\" content=\"https:\/\/lequotidien.mr\/wp-content\/uploads\/2025\/02\/photo-capgne-mstre-commerce.jpg\" \/>\n\t<meta property=\"og:image:width\" content=\"640\" \/>\n\t<meta property=\"og:image:height\" content=\"385\" \/>\n\t<meta property=\"og:image:type\" content=\"image\/jpeg\" \/>\n<meta name=\"author\" content=\"Med Ahmed\" \/>\n<meta name=\"twitter:card\" content=\"summary_large_image\" \/>\n<meta name=\"twitter:creator\" content=\"@lequotidienmr\" \/>\n<meta name=\"twitter:site\" content=\"@lequotidienmr\" \/>\n<meta name=\"twitter:label1\" content=\"\u0643\u064f\u062a\u0628 \u0628\u0648\u0627\u0633\u0637\u0629\" \/>\n\t<meta name=\"twitter:data1\" content=\"Med Ahmed\" \/>\n\t<meta name=\"twitter:label2\" content=\"\u0648\u0642\u062a \u0627\u0644\u0642\u0631\u0627\u0621\u0629 \u0627\u0644\u0645\u064f\u0642\u062f\u0651\u0631\" \/>\n\t<meta name=\"twitter:data2\" content=\"\u062f\u0642\u064a\u0642\u062a\u0627\u0646\" \/>\n<script type=\"application\/ld+json\" class=\"yoast-schema-graph\">{\"@context\":\"https:\\\/\\\/schema.org\",\"@graph\":[{\"@type\":\"Article\",\"@id\":\"https:\\\/\\\/lequotidien.mr\\\/?p=25711&lang=fr#article\",\"isPartOf\":{\"@id\":\"https:\\\/\\\/lequotidien.mr\\\/?p=25711&lang=fr\"},\"author\":{\"name\":\"Med Ahmed\",\"@id\":\"https:\\\/\\\/lequotidien.mr\\\/#\\\/schema\\\/person\\\/d2d350202a4d599685ed8abc25f97596\"},\"headline\":\"La Ministre du Commerce lance une campagne de surveillance et de plafonnement des prix \u00e0 l\u2019occasion du mois b\u00e9ni de Ramadan\",\"datePublished\":\"2025-02-26T12:31:09+00:00\",\"mainEntityOfPage\":{\"@id\":\"https:\\\/\\\/lequotidien.mr\\\/?p=25711&lang=fr\"},\"wordCount\":435,\"commentCount\":0,\"publisher\":{\"@id\":\"https:\\\/\\\/lequotidien.mr\\\/#organization\"},\"image\":{\"@id\":\"https:\\\/\\\/lequotidien.mr\\\/?p=25711&lang=fr#primaryimage\"},\"thumbnailUrl\":\"https:\\\/\\\/lequotidien.mr\\\/wp-content\\\/uploads\\\/2025\\\/02\\\/photo-capgne-mstre-commerce.jpg\",\"articleSection\":[\"ACTUALIT\u00c9\",\"Economie\"],\"inLanguage\":\"ar\",\"potentialAction\":[{\"@type\":\"CommentAction\",\"name\":\"Comment\",\"target\":[\"https:\\\/\\\/lequotidien.mr\\\/?p=25711&lang=fr#respond\"]}]},{\"@type\":\"WebPage\",\"@id\":\"https:\\\/\\\/lequotidien.mr\\\/?p=25711&lang=fr\",\"url\":\"https:\\\/\\\/lequotidien.mr\\\/?p=25711&lang=fr\",\"name\":\"La Ministre du Commerce lance une campagne de surveillance et de plafonnement des prix \u00e0 l\u2019occasion du mois b\u00e9ni de Ramadan - Le Quotidien de Nouakchott\",\"isPartOf\":{\"@id\":\"https:\\\/\\\/lequotidien.mr\\\/#website\"},\"primaryImageOfPage\":{\"@id\":\"https:\\\/\\\/lequotidien.mr\\\/?p=25711&lang=fr#primaryimage\"},\"image\":{\"@id\":\"https:\\\/\\\/lequotidien.mr\\\/?p=25711&lang=fr#primaryimage\"},\"thumbnailUrl\":\"https:\\\/\\\/lequotidien.mr\\\/wp-content\\\/uploads\\\/2025\\\/02\\\/photo-capgne-mstre-commerce.jpg\",\"datePublished\":\"2025-02-26T12:31:09+00:00\",\"breadcrumb\":{\"@id\":\"https:\\\/\\\/lequotidien.mr\\\/?p=25711&lang=fr#breadcrumb\"},\"inLanguage\":\"ar\",\"potentialAction\":[{\"@type\":\"ReadAction\",\"target\":[\"https:\\\/\\\/lequotidien.mr\\\/?p=25711&lang=fr\"]}]},{\"@type\":\"ImageObject\",\"inLanguage\":\"ar\",\"@id\":\"https:\\\/\\\/lequotidien.mr\\\/?p=25711&lang=fr#primaryimage\",\"url\":\"https:\\\/\\\/lequotidien.mr\\\/wp-content\\\/uploads\\\/2025\\\/02\\\/photo-capgne-mstre-commerce.jpg\",\"contentUrl\":\"https:\\\/\\\/lequotidien.mr\\\/wp-content\\\/uploads\\\/2025\\\/02\\\/photo-capgne-mstre-commerce.jpg\",\"width\":640,\"height\":385},{\"@type\":\"BreadcrumbList\",\"@id\":\"https:\\\/\\\/lequotidien.mr\\\/?p=25711&lang=fr#breadcrumb\",\"itemListElement\":[{\"@type\":\"ListItem\",\"position\":1,\"name\":\"Home\",\"item\":\"https:\\\/\\\/lequotidien.mr\\\/\"},{\"@type\":\"ListItem\",\"position\":2,\"name\":\"La Ministre du Commerce lance une campagne de surveillance et de plafonnement des prix \u00e0 l\u2019occasion du mois b\u00e9ni de Ramadan\"}]},{\"@type\":\"WebSite\",\"@id\":\"https:\\\/\\\/lequotidien.mr\\\/#website\",\"url\":\"https:\\\/\\\/lequotidien.mr\\\/\",\"name\":\"Le Quotidien de Nouakchott\",\"description\":\"\u0625\u062e\u0628\u0627\u0631\u064a\u0629 \u0645\u0633\u062a\u0642\u0644\u0629 \u0644\u0644\u0623\u0646\u0628\u0627\u0621 \u0627\u0644\u0639\u0627\u0645\u0629\",\"publisher\":{\"@id\":\"https:\\\/\\\/lequotidien.mr\\\/#organization\"},\"potentialAction\":[{\"@type\":\"SearchAction\",\"target\":{\"@type\":\"EntryPoint\",\"urlTemplate\":\"https:\\\/\\\/lequotidien.mr\\\/?s={search_term_string}\"},\"query-input\":{\"@type\":\"PropertyValueSpecification\",\"valueRequired\":true,\"valueName\":\"search_term_string\"}}],\"inLanguage\":\"ar\"},{\"@type\":\"Organization\",\"@id\":\"https:\\\/\\\/lequotidien.mr\\\/#organization\",\"name\":\"Le Quotidien de Nouakchott\",\"url\":\"https:\\\/\\\/lequotidien.mr\\\/\",\"logo\":{\"@type\":\"ImageObject\",\"inLanguage\":\"ar\",\"@id\":\"https:\\\/\\\/lequotidien.mr\\\/#\\\/schema\\\/logo\\\/image\\\/\",\"url\":\"https:\\\/\\\/lequotidien.mr\\\/wp-content\\\/uploads\\\/2022\\\/11\\\/logolequotidien.jpg\",\"contentUrl\":\"https:\\\/\\\/lequotidien.mr\\\/wp-content\\\/uploads\\\/2022\\\/11\\\/logolequotidien.jpg\",\"width\":290,\"height\":65,\"caption\":\"Le Quotidien de Nouakchott\"},\"image\":{\"@id\":\"https:\\\/\\\/lequotidien.mr\\\/#\\\/schema\\\/logo\\\/image\\\/\"},\"sameAs\":[\"https:\\\/\\\/web.facebook.com\\\/lequotidienmr\",\"https:\\\/\\\/x.com\\\/lequotidienmr\"]},{\"@type\":\"Person\",\"@id\":\"https:\\\/\\\/lequotidien.mr\\\/#\\\/schema\\\/person\\\/d2d350202a4d599685ed8abc25f97596\",\"name\":\"Med Ahmed\",\"image\":{\"@type\":\"ImageObject\",\"inLanguage\":\"ar\",\"@id\":\"https:\\\/\\\/secure.gravatar.com\\\/avatar\\\/fd2acc62ed50732923d1d39c17172c9b04149f142be92310ecc69e1358f94b52?s=96&d=mm&r=g\",\"url\":\"https:\\\/\\\/secure.gravatar.com\\\/avatar\\\/fd2acc62ed50732923d1d39c17172c9b04149f142be92310ecc69e1358f94b52?s=96&d=mm&r=g\",\"contentUrl\":\"https:\\\/\\\/secure.gravatar.com\\\/avatar\\\/fd2acc62ed50732923d1d39c17172c9b04149f142be92310ecc69e1358f94b52?s=96&d=mm&r=g\",\"caption\":\"Med Ahmed\"},\"url\":\"https:\\\/\\\/lequotidien.mr\\\/?author=12\"}]}<\/script>\n<!-- \/ Yoast SEO plugin. -->","yoast_head_json":{"title":"La Ministre du Commerce lance une campagne de surveillance et de plafonnement des prix \u00e0 l\u2019occasion du mois b\u00e9ni de Ramadan - Le Quotidien de Nouakchott","robots":{"index":"index","follow":"follow","max-snippet":"max-snippet:-1","max-image-preview":"max-image-preview:large","max-video-preview":"max-video-preview:-1"},"canonical":"https:\/\/lequotidien.mr\/?p=25711&lang=fr","og_locale":"ar_AR","og_type":"article","og_title":"La Ministre du Commerce lance une campagne de surveillance et de plafonnement des prix \u00e0 l\u2019occasion du mois b\u00e9ni de Ramadan - Le Quotidien de Nouakchott","og_description":"\u00c0 l\u2019approche du mois sacr\u00e9 de Ramadan, le minist\u00e8re du Commerce et du Tourisme a annonc\u00e9 le lancement d\u2019une campagne nationale visant \u00e0 contr\u00f4ler et \u00e0 plafonner les prix des produits de premi\u00e8re n\u00e9cessit\u00e9, tout en garantissant la qualit\u00e9 des denr\u00e9es alimentaires et en renfor\u00e7ant les inspections dans les restaurants. Cette initiative, supervis\u00e9e par la.....","og_url":"https:\/\/lequotidien.mr\/?p=25711&lang=fr","og_site_name":"Le Quotidien de Nouakchott","article_publisher":"https:\/\/web.facebook.com\/lequotidienmr","article_published_time":"2025-02-26T12:31:09+00:00","og_image":[{"width":640,"height":385,"url":"https:\/\/lequotidien.mr\/wp-content\/uploads\/2025\/02\/photo-capgne-mstre-commerce.jpg","type":"image\/jpeg"}],"author":"Med Ahmed","twitter_card":"summary_large_image","twitter_creator":"@lequotidienmr","twitter_site":"@lequotidienmr","twitter_misc":{"\u0643\u064f\u062a\u0628 \u0628\u0648\u0627\u0633\u0637\u0629":"Med Ahmed","\u0648\u0642\u062a \u0627\u0644\u0642\u0631\u0627\u0621\u0629 \u0627\u0644\u0645\u064f\u0642\u062f\u0651\u0631":"\u062f\u0642\u064a\u0642\u062a\u0627\u0646"},"schema":{"@context":"https:\/\/schema.org","@graph":[{"@type":"Article","@id":"https:\/\/lequotidien.mr\/?p=25711&lang=fr#article","isPartOf":{"@id":"https:\/\/lequotidien.mr\/?p=25711&lang=fr"},"author":{"name":"Med Ahmed","@id":"https:\/\/lequotidien.mr\/#\/schema\/person\/d2d350202a4d599685ed8abc25f97596"},"headline":"La Ministre du Commerce lance une campagne de surveillance et de plafonnement des prix \u00e0 l\u2019occasion du mois b\u00e9ni de Ramadan","datePublished":"2025-02-26T12:31:09+00:00","mainEntityOfPage":{"@id":"https:\/\/lequotidien.mr\/?p=25711&lang=fr"},"wordCount":435,"commentCount":0,"publisher":{"@id":"https:\/\/lequotidien.mr\/#organization"},"image":{"@id":"https:\/\/lequotidien.mr\/?p=25711&lang=fr#primaryimage"},"thumbnailUrl":"https:\/\/lequotidien.mr\/wp-content\/uploads\/2025\/02\/photo-capgne-mstre-commerce.jpg","articleSection":["ACTUALIT\u00c9","Economie"],"inLanguage":"ar","potentialAction":[{"@type":"CommentAction","name":"Comment","target":["https:\/\/lequotidien.mr\/?p=25711&lang=fr#respond"]}]},{"@type":"WebPage","@id":"https:\/\/lequotidien.mr\/?p=25711&lang=fr","url":"https:\/\/lequotidien.mr\/?p=25711&lang=fr","name":"La Ministre du Commerce lance une campagne de surveillance et de plafonnement des prix \u00e0 l\u2019occasion du mois b\u00e9ni de Ramadan - Le Quotidien de Nouakchott","isPartOf":{"@id":"https:\/\/lequotidien.mr\/#website"},"primaryImageOfPage":{"@id":"https:\/\/lequotidien.mr\/?p=25711&lang=fr#primaryimage"},"image":{"@id":"https:\/\/lequotidien.mr\/?p=25711&lang=fr#primaryimage"},"thumbnailUrl":"https:\/\/lequotidien.mr\/wp-content\/uploads\/2025\/02\/photo-capgne-mstre-commerce.jpg","datePublished":"2025-02-26T12:31:09+00:00","breadcrumb":{"@id":"https:\/\/lequotidien.mr\/?p=25711&lang=fr#breadcrumb"},"inLanguage":"ar","potentialAction":[{"@type":"ReadAction","target":["https:\/\/lequotidien.mr\/?p=25711&lang=fr"]}]},{"@type":"ImageObject","inLanguage":"ar","@id":"https:\/\/lequotidien.mr\/?p=25711&lang=fr#primaryimage","url":"https:\/\/lequotidien.mr\/wp-content\/uploads\/2025\/02\/photo-capgne-mstre-commerce.jpg","contentUrl":"https:\/\/lequotidien.mr\/wp-content\/uploads\/2025\/02\/photo-capgne-mstre-commerce.jpg","width":640,"height":385},{"@type":"BreadcrumbList","@id":"https:\/\/lequotidien.mr\/?p=25711&lang=fr#breadcrumb","itemListElement":[{"@type":"ListItem","position":1,"name":"Home","item":"https:\/\/lequotidien.mr\/"},{"@type":"ListItem","position":2,"name":"La Ministre du Commerce lance une campagne de surveillance et de plafonnement des prix \u00e0 l\u2019occasion du mois b\u00e9ni de Ramadan"}]},{"@type":"WebSite","@id":"https:\/\/lequotidien.mr\/#website","url":"https:\/\/lequotidien.mr\/","name":"Le Quotidien de Nouakchott","description":"\u0625\u062e\u0628\u0627\u0631\u064a\u0629 \u0645\u0633\u062a\u0642\u0644\u0629 \u0644\u0644\u0623\u0646\u0628\u0627\u0621 \u0627\u0644\u0639\u0627\u0645\u0629","publisher":{"@id":"https:\/\/lequotidien.mr\/#organization"},"potentialAction":[{"@type":"SearchAction","target":{"@type":"EntryPoint","urlTemplate":"https:\/\/lequotidien.mr\/?s={search_term_string}"},"query-input":{"@type":"PropertyValueSpecification","valueRequired":true,"valueName":"search_term_string"}}],"inLanguage":"ar"},{"@type":"Organization","@id":"https:\/\/lequotidien.mr\/#organization","name":"Le Quotidien de Nouakchott","url":"https:\/\/lequotidien.mr\/","logo":{"@type":"ImageObject","inLanguage":"ar","@id":"https:\/\/lequotidien.mr\/#\/schema\/logo\/image\/","url":"https:\/\/lequotidien.mr\/wp-content\/uploads\/2022\/11\/logolequotidien.jpg","contentUrl":"https:\/\/lequotidien.mr\/wp-content\/uploads\/2022\/11\/logolequotidien.jpg","width":290,"height":65,"caption":"Le Quotidien de Nouakchott"},"image":{"@id":"https:\/\/lequotidien.mr\/#\/schema\/logo\/image\/"},"sameAs":["https:\/\/web.facebook.com\/lequotidienmr","https:\/\/x.com\/lequotidienmr"]},{"@type":"Person","@id":"https:\/\/lequotidien.mr\/#\/schema\/person\/d2d350202a4d599685ed8abc25f97596","name":"Med Ahmed","image":{"@type":"ImageObject","inLanguage":"ar","@id":"https:\/\/secure.gravatar.com\/avatar\/fd2acc62ed50732923d1d39c17172c9b04149f142be92310ecc69e1358f94b52?s=96&d=mm&r=g","url":"https:\/\/secure.gravatar.com\/avatar\/fd2acc62ed50732923d1d39c17172c9b04149f142be92310ecc69e1358f94b52?s=96&d=mm&r=g","contentUrl":"https:\/\/secure.gravatar.com\/avatar\/fd2acc62ed50732923d1d39c17172c9b04149f142be92310ecc69e1358f94b52?s=96&d=mm&r=g","caption":"Med Ahmed"},"url":"https:\/\/lequotidien.mr\/?author=12"}]}},"_links":{"self":[{"href":"https:\/\/lequotidien.mr\/index.php?rest_route=\/wp\/v2\/posts\/25711","targetHints":{"allow":["GET"]}}],"collection":[{"href":"https:\/\/lequotidien.mr\/index.php?rest_route=\/wp\/v2\/posts"}],"about":[{"href":"https:\/\/lequotidien.mr\/index.php?rest_route=\/wp\/v2\/types\/post"}],"author":[{"embeddable":true,"href":"https:\/\/lequotidien.mr\/index.php?rest_route=\/wp\/v2\/users\/12"}],"replies":[{"embeddable":true,"href":"https:\/\/lequotidien.mr\/index.php?rest_route=%2Fwp%2Fv2%2Fcomments&post=25711"}],"version-history":[{"count":1,"href":"https:\/\/lequotidien.mr\/index.php?rest_route=\/wp\/v2\/posts\/25711\/revisions"}],"predecessor-version":[{"id":25713,"href":"https:\/\/lequotidien.mr\/index.php?rest_route=\/wp\/v2\/posts\/25711\/revisions\/25713"}],"wp:featuredmedia":[{"embeddable":true,"href":"https:\/\/lequotidien.mr\/index.php?rest_route=\/wp\/v2\/media\/25712"}],"wp:attachment":[{"href":"https:\/\/lequotidien.mr\/index.php?rest_route=%2Fwp%2Fv2%2Fmedia&parent=25711"}],"wp:term":[{"taxonomy":"category","embeddable":true,"href":"https:\/\/lequotidien.mr\/index.php?rest_route=%2Fwp%2Fv2%2Fcategories&post=25711"},{"taxonomy":"post_tag","embeddable":true,"href":"https:\/\/lequotidien.mr\/index.php?rest_route=%2Fwp%2Fv2%2Ftags&post=25711"}],"curies":[{"name":"wp","href":"https:\/\/api.w.org\/{rel}","templated":true}]}}