{"id":25669,"date":"2025-02-25T11:55:54","date_gmt":"2025-02-25T11:55:54","guid":{"rendered":"https:\/\/lequotidien.mr\/?p=25669"},"modified":"2025-02-25T11:55:54","modified_gmt":"2025-02-25T11:55:54","slug":"lancement-du-plan-strategique-pays-2024-2028-du-pam-en-mauritanie-une-feuille-de-route-pour-la-resilience-et-la-securite-alimentaire","status":"publish","type":"post","link":"https:\/\/lequotidien.mr\/?p=25669&lang=fr","title":{"rendered":"Lancement du Plan Strat\u00e9gique pays 2024-2028 du PAM en Mauritanie : Une feuille de route pour la r\u00e9silience et la s\u00e9curit\u00e9 alimentaire"},"content":{"rendered":"<p>Nouakchott Ouest a accueilli, hier matin au Palais des Congr\u00e8s, le lancement officiel du\u00a0<em>Plan Strat\u00e9gique Pays 2024-2028<\/em>\u00a0du Programme Alimentaire Mondial (PAM) en Mauritanie. Pr\u00e9sid\u00e9e par M. Codioro Moussa Nguenor, Ministre D\u00e9l\u00e9gu\u00e9 aupr\u00e8s du Ministre de l\u2019\u00c9conomie et des Finances charg\u00e9 du Budget, et Mme Fatimetou Khattri, Commissaire \u00e0 la S\u00e9curit\u00e9 Alimentaire, cette c\u00e9r\u00e9monie marque une \u00e9tape cl\u00e9 dans la lutte contre l\u2019ins\u00e9curit\u00e9 alimentaire et le renforcement de la r\u00e9silience des populations vuln\u00e9rables.<\/p>\n<p><strong>Un plan ax\u00e9 sur l\u2019urgence et la durabilit\u00e9<\/strong><\/p>\n<p>\u00c9labor\u00e9 en collaboration \u00e9troite avec le gouvernement mauritanien, ce plan strat\u00e9gique vise \u00e0 transformer la vie des populations les plus expos\u00e9es aux crises, gr\u00e2ce \u00e0 quatre piliers majeurs :<\/p>\n<p><strong>-R\u00e9ponse aux besoins imm\u00e9diats<\/strong>\u00a0: Sauver des vies en intervenant rapidement lors de crises humanitaires\u00a0;<\/p>\n<p><strong>-Renforcement de la r\u00e9silience<\/strong>\u00a0: Accompagner les communaut\u00e9s face aux chocs climatiques et \u00e9conomiques\u00a0;<\/p>\n<p><strong>-Protection sociale<\/strong>\u00a0: Consolider les syst\u00e8mes nationaux pour une gestion inclusive des vuln\u00e9rabilit\u00e9s\u00a0;<\/p>\n<p><strong>-Partenariats multisectoriels<\/strong>\u00a0: Mobiliser les acteurs humanitaires, les institutions financi\u00e8res et le secteur priv\u00e9.<\/p>\n<p>M. Nguenor a soulign\u00e9 que ce plan s\u2019aligne avec les priorit\u00e9s nationales, notamment la <em>Strat\u00e9gie pour une croissance acc\u00e9l\u00e9r\u00e9e et une prosp\u00e9rit\u00e9 partag\u00e9e<\/em>et les Objectifs de d\u00e9veloppement durable (ODD) de l\u2019ONU. \u00ab Il incarne l\u2019engagement du gouvernement et de ses partenaires \u00e0 combattre l\u2019ins\u00e9curit\u00e9 alimentaire tout en promouvant un d\u00e9veloppement durable \u00bb, a-t-il d\u00e9clar\u00e9.<\/p>\n<p><strong>Une r\u00e9ponse aux d\u00e9fis multidimensionnels<\/strong><\/p>\n<p>Face \u00e0 la s\u00e9cheresse r\u00e9currente, au changement climatique et \u00e0 l\u2019ins\u00e9curit\u00e9 alimentaire persistante, la Mauritanie mise sur ce plan pour orchestrer des \u00ab actions concert\u00e9es, innovantes et durables \u00bb. Le ministre a rappel\u00e9 la mobilisation du gouvernement, sous l\u2019impulsion du pr\u00e9sident Mohamed Cheikh El Ghazouani, pour garantir les ressources n\u00e9cessaires et une coordination efficace entre les parties prenantes, conform\u00e9ment au programme pr\u00e9sidentiel <em>\u00ab Mon ambition pour la Patrie \u00bb<\/em>.<\/p>\n<p>M. Aliou Diongue, Directeur pays du PAM, a salu\u00e9 une \u00ab vision partag\u00e9e d\u2019un avenir o\u00f9 chaque Mauritanien acc\u00e8de \u00e0 une alimentation suffisante dans la dignit\u00e9 \u00bb. Il a expliqu\u00e9 que ce plan renforcera les syst\u00e8mes de protection sociale, construira une r\u00e9silience aux crises futures et soutiendra les efforts nationaux vers \u00ab une prosp\u00e9rit\u00e9 inclusive \u00bb.<\/p>\n<p>Mme Leila Peters Yahya, Coordinatrice r\u00e9sidente des Nations Unies, a quant \u00e0 elle qualifi\u00e9 le plan de \u00ab r\u00e9ponse int\u00e9gr\u00e9e aux d\u00e9fis alimentaires et nutritionnels \u00bb, pla\u00e7ant la r\u00e9silience et le d\u00e9veloppement humain au c\u0153ur des priorit\u00e9s. Elle a salu\u00e9 l\u2019engagement des bailleurs de fonds et des partenaires techniques, essentiels \u00e0 sa r\u00e9ussite.<\/p>\n<p><strong>Une mobilisation collective<\/strong><\/p>\n<p>La c\u00e9r\u00e9monie s\u2019est d\u00e9roul\u00e9e en pr\u00e9sence des secr\u00e9taires g\u00e9n\u00e9raux des minist\u00e8res de l\u2019\u00c9ducation, de l\u2019Action sociale, et de l\u2019Enfance et de la Famille, ainsi que de responsables cl\u00e9s des secteurs concern\u00e9s. Cette pr\u00e9sence illustre l\u2019approche multisectorielle du plan, qui n\u00e9cessite une synergie entre institutions nationales et internationales.<\/p>\n<p>Alors que la Mauritanie affronte des d\u00e9fis exacerb\u00e9s par les d\u00e9r\u00e8glements climatiques et les in\u00e9galit\u00e9s sociales, ce Plan Strat\u00e9gique 2024-2028 du PAM se veut un catalyseur d\u2019espoir. Reste d\u00e9sormais \u00e0 traduire les engagements en actions tangibles, pour offrir aux populations vuln\u00e9rables les moyens de se nourrir, de survivre aux crises et de b\u00e2tir un avenir r\u00e9silient.<\/p>\n<p>Avec ce lancement, le pays renforce son positionnement comme acteur d\u00e9termin\u00e9 dans la lutte contre la faim, tout en appelant \u00e0 une solidarit\u00e9 internationale renouvel\u00e9e.<\/p>\n<p>&nbsp;<\/p>\n","protected":false},"excerpt":{"rendered":"<p>Nouakchott Ouest a accueilli, hier matin au Palais des Congr\u00e8s, le lancement officiel du\u00a0Plan Strat\u00e9gique Pays 2024-2028\u00a0du Programme Alimentaire Mondial (PAM) en Mauritanie. Pr\u00e9sid\u00e9e par M. Codioro Moussa Nguenor, Ministre D\u00e9l\u00e9gu\u00e9 aupr\u00e8s du Ministre de l\u2019\u00c9conomie et des Finances charg\u00e9 du Budget, et Mme Fatimetou Khattri, Commissaire \u00e0 la S\u00e9curit\u00e9 Alimentaire, cette c\u00e9r\u00e9monie marque une&#8230;..<\/p>\n","protected":false},"author":12,"featured_media":25670,"comment_status":"open","ping_status":"open","sticky":false,"template":"","format":"standard","meta":{"footnotes":""},"categories":[23,49],"tags":[],"class_list":["post-25669","post","type-post","status-publish","format-standard","has-post-thumbnail","hentry","category-actualite","category-economie"],"yoast_head":"<!-- This site is optimized with the Yoast SEO plugin v27.5 - https:\/\/yoast.com\/product\/yoast-seo-wordpress\/ -->\n<title>Lancement du Plan Strat\u00e9gique pays 2024-2028 du PAM en Mauritanie : Une feuille de route pour la r\u00e9silience et la s\u00e9curit\u00e9 alimentaire - Le Quotidien de Nouakchott<\/title>\n<meta name=\"robots\" content=\"index, follow, max-snippet:-1, max-image-preview:large, max-video-preview:-1\" \/>\n<link rel=\"canonical\" href=\"https:\/\/lequotidien.mr\/?p=25669&lang=fr\" \/>\n<meta property=\"og:locale\" content=\"ar_AR\" \/>\n<meta property=\"og:type\" content=\"article\" \/>\n<meta property=\"og:title\" content=\"Lancement du Plan Strat\u00e9gique pays 2024-2028 du PAM en Mauritanie : Une feuille de route pour la r\u00e9silience et la s\u00e9curit\u00e9 alimentaire - Le Quotidien de Nouakchott\" \/>\n<meta property=\"og:description\" content=\"Nouakchott Ouest a accueilli, hier matin au Palais des Congr\u00e8s, le lancement officiel du\u00a0Plan Strat\u00e9gique Pays 2024-2028\u00a0du Programme Alimentaire Mondial (PAM) en Mauritanie. Pr\u00e9sid\u00e9e par M. Codioro Moussa Nguenor, Ministre D\u00e9l\u00e9gu\u00e9 aupr\u00e8s du Ministre de l\u2019\u00c9conomie et des Finances charg\u00e9 du Budget, et Mme Fatimetou Khattri, Commissaire \u00e0 la S\u00e9curit\u00e9 Alimentaire, cette c\u00e9r\u00e9monie marque une.....\" \/>\n<meta property=\"og:url\" content=\"https:\/\/lequotidien.mr\/?p=25669&amp;lang=fr\" \/>\n<meta property=\"og:site_name\" content=\"Le Quotidien de Nouakchott\" \/>\n<meta property=\"article:publisher\" content=\"https:\/\/web.facebook.com\/lequotidienmr\" \/>\n<meta property=\"article:published_time\" content=\"2025-02-25T11:55:54+00:00\" \/>\n<meta property=\"og:image\" content=\"https:\/\/lequotidien.mr\/wp-content\/uploads\/2025\/02\/photo-plan-stgque-24-28-pays-_-PAM.jpg\" \/>\n\t<meta property=\"og:image:width\" content=\"649\" \/>\n\t<meta property=\"og:image:height\" content=\"430\" \/>\n\t<meta property=\"og:image:type\" content=\"image\/jpeg\" \/>\n<meta name=\"author\" content=\"Med Ahmed\" \/>\n<meta name=\"twitter:card\" content=\"summary_large_image\" \/>\n<meta name=\"twitter:creator\" content=\"@lequotidienmr\" \/>\n<meta name=\"twitter:site\" content=\"@lequotidienmr\" \/>\n<meta name=\"twitter:label1\" content=\"\u0643\u064f\u062a\u0628 \u0628\u0648\u0627\u0633\u0637\u0629\" \/>\n\t<meta name=\"twitter:data1\" content=\"Med Ahmed\" \/>\n\t<meta name=\"twitter:label2\" content=\"\u0648\u0642\u062a \u0627\u0644\u0642\u0631\u0627\u0621\u0629 \u0627\u0644\u0645\u064f\u0642\u062f\u0651\u0631\" \/>\n\t<meta name=\"twitter:data2\" content=\"3 \u062f\u0642\u0627\u0626\u0642\" \/>\n<script type=\"application\/ld+json\" class=\"yoast-schema-graph\">{\"@context\":\"https:\\\/\\\/schema.org\",\"@graph\":[{\"@type\":\"Article\",\"@id\":\"https:\\\/\\\/lequotidien.mr\\\/?p=25669&lang=fr#article\",\"isPartOf\":{\"@id\":\"https:\\\/\\\/lequotidien.mr\\\/?p=25669&lang=fr\"},\"author\":{\"name\":\"Med Ahmed\",\"@id\":\"https:\\\/\\\/lequotidien.mr\\\/#\\\/schema\\\/person\\\/d2d350202a4d599685ed8abc25f97596\"},\"headline\":\"Lancement du Plan Strat\u00e9gique pays 2024-2028 du PAM en Mauritanie : Une feuille de route pour la r\u00e9silience et la s\u00e9curit\u00e9 alimentaire\",\"datePublished\":\"2025-02-25T11:55:54+00:00\",\"mainEntityOfPage\":{\"@id\":\"https:\\\/\\\/lequotidien.mr\\\/?p=25669&lang=fr\"},\"wordCount\":636,\"commentCount\":0,\"publisher\":{\"@id\":\"https:\\\/\\\/lequotidien.mr\\\/#organization\"},\"image\":{\"@id\":\"https:\\\/\\\/lequotidien.mr\\\/?p=25669&lang=fr#primaryimage\"},\"thumbnailUrl\":\"https:\\\/\\\/lequotidien.mr\\\/wp-content\\\/uploads\\\/2025\\\/02\\\/photo-plan-stgque-24-28-pays-_-PAM.jpg\",\"articleSection\":[\"ACTUALIT\u00c9\",\"Economie\"],\"inLanguage\":\"ar\",\"potentialAction\":[{\"@type\":\"CommentAction\",\"name\":\"Comment\",\"target\":[\"https:\\\/\\\/lequotidien.mr\\\/?p=25669&lang=fr#respond\"]}]},{\"@type\":\"WebPage\",\"@id\":\"https:\\\/\\\/lequotidien.mr\\\/?p=25669&lang=fr\",\"url\":\"https:\\\/\\\/lequotidien.mr\\\/?p=25669&lang=fr\",\"name\":\"Lancement du Plan Strat\u00e9gique pays 2024-2028 du PAM en Mauritanie : Une feuille de route pour la r\u00e9silience et la s\u00e9curit\u00e9 alimentaire - Le Quotidien de Nouakchott\",\"isPartOf\":{\"@id\":\"https:\\\/\\\/lequotidien.mr\\\/#website\"},\"primaryImageOfPage\":{\"@id\":\"https:\\\/\\\/lequotidien.mr\\\/?p=25669&lang=fr#primaryimage\"},\"image\":{\"@id\":\"https:\\\/\\\/lequotidien.mr\\\/?p=25669&lang=fr#primaryimage\"},\"thumbnailUrl\":\"https:\\\/\\\/lequotidien.mr\\\/wp-content\\\/uploads\\\/2025\\\/02\\\/photo-plan-stgque-24-28-pays-_-PAM.jpg\",\"datePublished\":\"2025-02-25T11:55:54+00:00\",\"breadcrumb\":{\"@id\":\"https:\\\/\\\/lequotidien.mr\\\/?p=25669&lang=fr#breadcrumb\"},\"inLanguage\":\"ar\",\"potentialAction\":[{\"@type\":\"ReadAction\",\"target\":[\"https:\\\/\\\/lequotidien.mr\\\/?p=25669&lang=fr\"]}]},{\"@type\":\"ImageObject\",\"inLanguage\":\"ar\",\"@id\":\"https:\\\/\\\/lequotidien.mr\\\/?p=25669&lang=fr#primaryimage\",\"url\":\"https:\\\/\\\/lequotidien.mr\\\/wp-content\\\/uploads\\\/2025\\\/02\\\/photo-plan-stgque-24-28-pays-_-PAM.jpg\",\"contentUrl\":\"https:\\\/\\\/lequotidien.mr\\\/wp-content\\\/uploads\\\/2025\\\/02\\\/photo-plan-stgque-24-28-pays-_-PAM.jpg\",\"width\":649,\"height\":430},{\"@type\":\"BreadcrumbList\",\"@id\":\"https:\\\/\\\/lequotidien.mr\\\/?p=25669&lang=fr#breadcrumb\",\"itemListElement\":[{\"@type\":\"ListItem\",\"position\":1,\"name\":\"Home\",\"item\":\"https:\\\/\\\/lequotidien.mr\\\/\"},{\"@type\":\"ListItem\",\"position\":2,\"name\":\"Lancement du Plan Strat\u00e9gique pays 2024-2028 du PAM en Mauritanie : Une feuille de route pour la r\u00e9silience et la s\u00e9curit\u00e9 alimentaire\"}]},{\"@type\":\"WebSite\",\"@id\":\"https:\\\/\\\/lequotidien.mr\\\/#website\",\"url\":\"https:\\\/\\\/lequotidien.mr\\\/\",\"name\":\"Le Quotidien de Nouakchott\",\"description\":\"\u0625\u062e\u0628\u0627\u0631\u064a\u0629 \u0645\u0633\u062a\u0642\u0644\u0629 \u0644\u0644\u0623\u0646\u0628\u0627\u0621 \u0627\u0644\u0639\u0627\u0645\u0629\",\"publisher\":{\"@id\":\"https:\\\/\\\/lequotidien.mr\\\/#organization\"},\"potentialAction\":[{\"@type\":\"SearchAction\",\"target\":{\"@type\":\"EntryPoint\",\"urlTemplate\":\"https:\\\/\\\/lequotidien.mr\\\/?s={search_term_string}\"},\"query-input\":{\"@type\":\"PropertyValueSpecification\",\"valueRequired\":true,\"valueName\":\"search_term_string\"}}],\"inLanguage\":\"ar\"},{\"@type\":\"Organization\",\"@id\":\"https:\\\/\\\/lequotidien.mr\\\/#organization\",\"name\":\"Le Quotidien de Nouakchott\",\"url\":\"https:\\\/\\\/lequotidien.mr\\\/\",\"logo\":{\"@type\":\"ImageObject\",\"inLanguage\":\"ar\",\"@id\":\"https:\\\/\\\/lequotidien.mr\\\/#\\\/schema\\\/logo\\\/image\\\/\",\"url\":\"https:\\\/\\\/lequotidien.mr\\\/wp-content\\\/uploads\\\/2022\\\/11\\\/logolequotidien.jpg\",\"contentUrl\":\"https:\\\/\\\/lequotidien.mr\\\/wp-content\\\/uploads\\\/2022\\\/11\\\/logolequotidien.jpg\",\"width\":290,\"height\":65,\"caption\":\"Le Quotidien de Nouakchott\"},\"image\":{\"@id\":\"https:\\\/\\\/lequotidien.mr\\\/#\\\/schema\\\/logo\\\/image\\\/\"},\"sameAs\":[\"https:\\\/\\\/web.facebook.com\\\/lequotidienmr\",\"https:\\\/\\\/x.com\\\/lequotidienmr\"]},{\"@type\":\"Person\",\"@id\":\"https:\\\/\\\/lequotidien.mr\\\/#\\\/schema\\\/person\\\/d2d350202a4d599685ed8abc25f97596\",\"name\":\"Med Ahmed\",\"image\":{\"@type\":\"ImageObject\",\"inLanguage\":\"ar\",\"@id\":\"https:\\\/\\\/secure.gravatar.com\\\/avatar\\\/fd2acc62ed50732923d1d39c17172c9b04149f142be92310ecc69e1358f94b52?s=96&d=mm&r=g\",\"url\":\"https:\\\/\\\/secure.gravatar.com\\\/avatar\\\/fd2acc62ed50732923d1d39c17172c9b04149f142be92310ecc69e1358f94b52?s=96&d=mm&r=g\",\"contentUrl\":\"https:\\\/\\\/secure.gravatar.com\\\/avatar\\\/fd2acc62ed50732923d1d39c17172c9b04149f142be92310ecc69e1358f94b52?s=96&d=mm&r=g\",\"caption\":\"Med Ahmed\"},\"url\":\"https:\\\/\\\/lequotidien.mr\\\/?author=12\"}]}<\/script>\n<!-- \/ Yoast SEO plugin. -->","yoast_head_json":{"title":"Lancement du Plan Strat\u00e9gique pays 2024-2028 du PAM en Mauritanie : Une feuille de route pour la r\u00e9silience et la s\u00e9curit\u00e9 alimentaire - Le Quotidien de Nouakchott","robots":{"index":"index","follow":"follow","max-snippet":"max-snippet:-1","max-image-preview":"max-image-preview:large","max-video-preview":"max-video-preview:-1"},"canonical":"https:\/\/lequotidien.mr\/?p=25669&lang=fr","og_locale":"ar_AR","og_type":"article","og_title":"Lancement du Plan Strat\u00e9gique pays 2024-2028 du PAM en Mauritanie : Une feuille de route pour la r\u00e9silience et la s\u00e9curit\u00e9 alimentaire - Le Quotidien de Nouakchott","og_description":"Nouakchott Ouest a accueilli, hier matin au Palais des Congr\u00e8s, le lancement officiel du\u00a0Plan Strat\u00e9gique Pays 2024-2028\u00a0du Programme Alimentaire Mondial (PAM) en Mauritanie. Pr\u00e9sid\u00e9e par M. Codioro Moussa Nguenor, Ministre D\u00e9l\u00e9gu\u00e9 aupr\u00e8s du Ministre de l\u2019\u00c9conomie et des Finances charg\u00e9 du Budget, et Mme Fatimetou Khattri, Commissaire \u00e0 la S\u00e9curit\u00e9 Alimentaire, cette c\u00e9r\u00e9monie marque une.....","og_url":"https:\/\/lequotidien.mr\/?p=25669&lang=fr","og_site_name":"Le Quotidien de Nouakchott","article_publisher":"https:\/\/web.facebook.com\/lequotidienmr","article_published_time":"2025-02-25T11:55:54+00:00","og_image":[{"width":649,"height":430,"url":"https:\/\/lequotidien.mr\/wp-content\/uploads\/2025\/02\/photo-plan-stgque-24-28-pays-_-PAM.jpg","type":"image\/jpeg"}],"author":"Med Ahmed","twitter_card":"summary_large_image","twitter_creator":"@lequotidienmr","twitter_site":"@lequotidienmr","twitter_misc":{"\u0643\u064f\u062a\u0628 \u0628\u0648\u0627\u0633\u0637\u0629":"Med Ahmed","\u0648\u0642\u062a \u0627\u0644\u0642\u0631\u0627\u0621\u0629 \u0627\u0644\u0645\u064f\u0642\u062f\u0651\u0631":"3 \u062f\u0642\u0627\u0626\u0642"},"schema":{"@context":"https:\/\/schema.org","@graph":[{"@type":"Article","@id":"https:\/\/lequotidien.mr\/?p=25669&lang=fr#article","isPartOf":{"@id":"https:\/\/lequotidien.mr\/?p=25669&lang=fr"},"author":{"name":"Med Ahmed","@id":"https:\/\/lequotidien.mr\/#\/schema\/person\/d2d350202a4d599685ed8abc25f97596"},"headline":"Lancement du Plan Strat\u00e9gique pays 2024-2028 du PAM en Mauritanie : Une feuille de route pour la r\u00e9silience et la s\u00e9curit\u00e9 alimentaire","datePublished":"2025-02-25T11:55:54+00:00","mainEntityOfPage":{"@id":"https:\/\/lequotidien.mr\/?p=25669&lang=fr"},"wordCount":636,"commentCount":0,"publisher":{"@id":"https:\/\/lequotidien.mr\/#organization"},"image":{"@id":"https:\/\/lequotidien.mr\/?p=25669&lang=fr#primaryimage"},"thumbnailUrl":"https:\/\/lequotidien.mr\/wp-content\/uploads\/2025\/02\/photo-plan-stgque-24-28-pays-_-PAM.jpg","articleSection":["ACTUALIT\u00c9","Economie"],"inLanguage":"ar","potentialAction":[{"@type":"CommentAction","name":"Comment","target":["https:\/\/lequotidien.mr\/?p=25669&lang=fr#respond"]}]},{"@type":"WebPage","@id":"https:\/\/lequotidien.mr\/?p=25669&lang=fr","url":"https:\/\/lequotidien.mr\/?p=25669&lang=fr","name":"Lancement du Plan Strat\u00e9gique pays 2024-2028 du PAM en Mauritanie : Une feuille de route pour la r\u00e9silience et la s\u00e9curit\u00e9 alimentaire - Le Quotidien de Nouakchott","isPartOf":{"@id":"https:\/\/lequotidien.mr\/#website"},"primaryImageOfPage":{"@id":"https:\/\/lequotidien.mr\/?p=25669&lang=fr#primaryimage"},"image":{"@id":"https:\/\/lequotidien.mr\/?p=25669&lang=fr#primaryimage"},"thumbnailUrl":"https:\/\/lequotidien.mr\/wp-content\/uploads\/2025\/02\/photo-plan-stgque-24-28-pays-_-PAM.jpg","datePublished":"2025-02-25T11:55:54+00:00","breadcrumb":{"@id":"https:\/\/lequotidien.mr\/?p=25669&lang=fr#breadcrumb"},"inLanguage":"ar","potentialAction":[{"@type":"ReadAction","target":["https:\/\/lequotidien.mr\/?p=25669&lang=fr"]}]},{"@type":"ImageObject","inLanguage":"ar","@id":"https:\/\/lequotidien.mr\/?p=25669&lang=fr#primaryimage","url":"https:\/\/lequotidien.mr\/wp-content\/uploads\/2025\/02\/photo-plan-stgque-24-28-pays-_-PAM.jpg","contentUrl":"https:\/\/lequotidien.mr\/wp-content\/uploads\/2025\/02\/photo-plan-stgque-24-28-pays-_-PAM.jpg","width":649,"height":430},{"@type":"BreadcrumbList","@id":"https:\/\/lequotidien.mr\/?p=25669&lang=fr#breadcrumb","itemListElement":[{"@type":"ListItem","position":1,"name":"Home","item":"https:\/\/lequotidien.mr\/"},{"@type":"ListItem","position":2,"name":"Lancement du Plan Strat\u00e9gique pays 2024-2028 du PAM en Mauritanie : Une feuille de route pour la r\u00e9silience et la s\u00e9curit\u00e9 alimentaire"}]},{"@type":"WebSite","@id":"https:\/\/lequotidien.mr\/#website","url":"https:\/\/lequotidien.mr\/","name":"Le Quotidien de Nouakchott","description":"\u0625\u062e\u0628\u0627\u0631\u064a\u0629 \u0645\u0633\u062a\u0642\u0644\u0629 \u0644\u0644\u0623\u0646\u0628\u0627\u0621 \u0627\u0644\u0639\u0627\u0645\u0629","publisher":{"@id":"https:\/\/lequotidien.mr\/#organization"},"potentialAction":[{"@type":"SearchAction","target":{"@type":"EntryPoint","urlTemplate":"https:\/\/lequotidien.mr\/?s={search_term_string}"},"query-input":{"@type":"PropertyValueSpecification","valueRequired":true,"valueName":"search_term_string"}}],"inLanguage":"ar"},{"@type":"Organization","@id":"https:\/\/lequotidien.mr\/#organization","name":"Le Quotidien de Nouakchott","url":"https:\/\/lequotidien.mr\/","logo":{"@type":"ImageObject","inLanguage":"ar","@id":"https:\/\/lequotidien.mr\/#\/schema\/logo\/image\/","url":"https:\/\/lequotidien.mr\/wp-content\/uploads\/2022\/11\/logolequotidien.jpg","contentUrl":"https:\/\/lequotidien.mr\/wp-content\/uploads\/2022\/11\/logolequotidien.jpg","width":290,"height":65,"caption":"Le Quotidien de Nouakchott"},"image":{"@id":"https:\/\/lequotidien.mr\/#\/schema\/logo\/image\/"},"sameAs":["https:\/\/web.facebook.com\/lequotidienmr","https:\/\/x.com\/lequotidienmr"]},{"@type":"Person","@id":"https:\/\/lequotidien.mr\/#\/schema\/person\/d2d350202a4d599685ed8abc25f97596","name":"Med Ahmed","image":{"@type":"ImageObject","inLanguage":"ar","@id":"https:\/\/secure.gravatar.com\/avatar\/fd2acc62ed50732923d1d39c17172c9b04149f142be92310ecc69e1358f94b52?s=96&d=mm&r=g","url":"https:\/\/secure.gravatar.com\/avatar\/fd2acc62ed50732923d1d39c17172c9b04149f142be92310ecc69e1358f94b52?s=96&d=mm&r=g","contentUrl":"https:\/\/secure.gravatar.com\/avatar\/fd2acc62ed50732923d1d39c17172c9b04149f142be92310ecc69e1358f94b52?s=96&d=mm&r=g","caption":"Med Ahmed"},"url":"https:\/\/lequotidien.mr\/?author=12"}]}},"_links":{"self":[{"href":"https:\/\/lequotidien.mr\/index.php?rest_route=\/wp\/v2\/posts\/25669","targetHints":{"allow":["GET"]}}],"collection":[{"href":"https:\/\/lequotidien.mr\/index.php?rest_route=\/wp\/v2\/posts"}],"about":[{"href":"https:\/\/lequotidien.mr\/index.php?rest_route=\/wp\/v2\/types\/post"}],"author":[{"embeddable":true,"href":"https:\/\/lequotidien.mr\/index.php?rest_route=\/wp\/v2\/users\/12"}],"replies":[{"embeddable":true,"href":"https:\/\/lequotidien.mr\/index.php?rest_route=%2Fwp%2Fv2%2Fcomments&post=25669"}],"version-history":[{"count":1,"href":"https:\/\/lequotidien.mr\/index.php?rest_route=\/wp\/v2\/posts\/25669\/revisions"}],"predecessor-version":[{"id":25671,"href":"https:\/\/lequotidien.mr\/index.php?rest_route=\/wp\/v2\/posts\/25669\/revisions\/25671"}],"wp:featuredmedia":[{"embeddable":true,"href":"https:\/\/lequotidien.mr\/index.php?rest_route=\/wp\/v2\/media\/25670"}],"wp:attachment":[{"href":"https:\/\/lequotidien.mr\/index.php?rest_route=%2Fwp%2Fv2%2Fmedia&parent=25669"}],"wp:term":[{"taxonomy":"category","embeddable":true,"href":"https:\/\/lequotidien.mr\/index.php?rest_route=%2Fwp%2Fv2%2Fcategories&post=25669"},{"taxonomy":"post_tag","embeddable":true,"href":"https:\/\/lequotidien.mr\/index.php?rest_route=%2Fwp%2Fv2%2Ftags&post=25669"}],"curies":[{"name":"wp","href":"https:\/\/api.w.org\/{rel}","templated":true}]}}