{"id":25666,"date":"2025-02-25T11:23:58","date_gmt":"2025-02-25T11:23:58","guid":{"rendered":"https:\/\/lequotidien.mr\/?p=25666"},"modified":"2025-02-25T11:23:58","modified_gmt":"2025-02-25T11:23:58","slug":"lancement-a-nouakchott-de-la-semaine-regionale-sur-le-climat-la-paix-et-la-securite-un-engagement-collectif-pour-le-sahel","status":"publish","type":"post","link":"https:\/\/lequotidien.mr\/?p=25666&lang=fr","title":{"rendered":"Lancement \u00e0 Nouakchott de la semaine r\u00e9gionale sur le climat, la paix et la s\u00e9curit\u00e9 : Un engagement collectif pour le Sahel"},"content":{"rendered":"<p>Nouakchott a abrit\u00e9, lundi dernier, le coup d\u2019envoi de la <em>Semaine r\u00e9gionale sur le climat, la paix et la s\u00e9curit\u00e9<\/em>, organis\u00e9e par la Mauritanie en partenariat avec le Programme des Nations Unies pour le d\u00e9veloppement (PNUD), sous le th\u00e8me \u00ab Solutions et perspectives pour le Sahel \u00bb. Plac\u00e9e sous la supervision de la ministre de l\u2019Environnement et du D\u00e9veloppement durable, Mme Massouda Baham Mohamed Laghdhaf, cette initiative vise \u00e0 renforcer la coop\u00e9ration r\u00e9gionale face aux d\u00e9fis climatiques et leurs r\u00e9percussions sur la stabilit\u00e9.<\/p>\n<p><strong>Une mobilisation pour un enjeu sans fronti\u00e8res<\/strong><\/p>\n<p>Dans son discours inaugural, la ministre a soulign\u00e9 que la tenue de cet \u00e9v\u00e9nement \u00e0 Nouakchott illustre l\u2019engagement \u00ab ferme et constant \u00bb de la Mauritanie dans la lutte contre le changement climatique. \u00ab Le climat ne conna\u00eet pas de fronti\u00e8res \u00bb, a-t-elle rappel\u00e9, insistant sur l\u2019importance strat\u00e9gique de cette semaine pour les pays africains, et particuli\u00e8rement ceux du Sahel, confront\u00e9s \u00e0 une aggravation des risques environnementaux. Elle a appel\u00e9 \u00e0 transformer les politiques nationales en \u00ab actions concr\u00e8tes et coordonn\u00e9es \u00bb, dans un esprit de solidarit\u00e9 collective.<\/p>\n<p>Mme Laghdhaf a alert\u00e9 sur les cons\u00e9quences s\u00e9curitaires du d\u00e9r\u00e8glement climatique, notamment en Afrique de l\u2019Ouest et au Sahel, o\u00f9 les impacts \u00ab s\u2019acc\u00e9l\u00e8rent \u00e0 un rythme sup\u00e9rieur \u00e0 la moyenne mondiale \u00bb. S\u00e9cheresses, d\u00e9sertification, crises humanitaires et conflits persistants menacent directement la paix, selon elle. \u00ab Les perturbations climatiques alimentent des tensions complexes, exigeant une r\u00e9ponse multidimensionnelle \u00bb, a-t-elle d\u00e9clar\u00e9, soulignant l\u2019urgence d\u2019agir face \u00e0 ces \u00ab d\u00e9fis interconnect\u00e9s \u00bb.<\/p>\n<p><strong>La Mauritanie en premi\u00e8re ligne<\/strong><\/p>\n<p>Sous l\u2019impulsion du pr\u00e9sident Mohamed Cheikh El Ghazouani et du gouvernement dirig\u00e9 par le Premier ministre Moctar Djay, la Mauritanie a mis en place une strat\u00e9gie nationale ambitieuse, s\u2019appuyant sur des \u00ab leviers strat\u00e9giques, juridiques, techniques et financiers solides \u00bb. La ministre a cit\u00e9 les mesures d\u2019adaptation climatique, les objectifs d\u2019att\u00e9nuation assortis de plans d\u2019action int\u00e9gr\u00e9s, ainsi que les projets en cours, comme autant de preuves de cet engagement. \u00ab Notre r\u00e9ponse doit \u00eatre \u00e0 la hauteur des enjeux : prot\u00e9ger les populations, pr\u00e9server les \u00e9cosyst\u00e8mes et garantir un avenir r\u00e9silient \u00bb, a-t-elle affirm\u00e9.<\/p>\n<p><strong>Un Tournant pour le Sahel <\/strong><\/p>\n<p>La responsable mauritanienne a insist\u00e9 sur la n\u00e9cessit\u00e9 d\u2019une pr\u00e9paration r\u00e9gionale aux risques climatiques, combin\u00e9e \u00e0 la saisie des \u00ab opportunit\u00e9s des transformations vertes \u00bb. Elle a appel\u00e9 \u00e0 faire de cette semaine un \u00ab tournant d\u00e9cisif \u00bb vers des actions coordonn\u00e9es, l\u2019\u00e9change d\u2019exp\u00e9riences et le d\u00e9veloppement de solutions innovantes. \u00ab La s\u00e9curit\u00e9 climatique exige une approche collective, o\u00f9 chaque r\u00e9gion contribue \u00e0 b\u00e2tir des soci\u00e9t\u00e9s plus robustes \u00bb, a-t-elle martel\u00e9, invitant les participants \u00e0 mutualiser leurs savoirs pour des r\u00e9ponses \u00ab fortes et durables \u00bb.<\/p>\n<p>En cl\u00f4ture, Mme Laghdhaf a r\u00e9it\u00e9r\u00e9 l\u2019appel \u00e0 une mobilisation internationale accrue, rappelant que les pays du Sahel, bien que parmi les moins \u00e9metteurs de CO\u2082, subissent de plein fouet les effets du r\u00e9chauffement. Cette semaine r\u00e9gionale se veut ainsi une plateforme pour amplifier les synergies entre climat, paix et d\u00e9veloppement, dans l\u2019espoir de concr\u00e9tiser les aspirations d\u2019un Sahel stable et prosp\u00e8re.<\/p>\n<p>Alors que les travaux se poursuivront jusqu\u2019\u00e0 la fin de la semaine, les attentes sont grandes : transformer les discours en actes, et les solutions en r\u00e9alit\u00e9s tangibles pour des millions de personnes expos\u00e9es \u00e0 l\u2019urgence climatique.<\/p>\n<p>&nbsp;<\/p>\n","protected":false},"excerpt":{"rendered":"<p>Nouakchott a abrit\u00e9, lundi dernier, le coup d\u2019envoi de la Semaine r\u00e9gionale sur le climat, la paix et la s\u00e9curit\u00e9, organis\u00e9e par la Mauritanie en partenariat avec le Programme des Nations Unies pour le d\u00e9veloppement (PNUD), sous le th\u00e8me \u00ab Solutions et perspectives pour le Sahel \u00bb. Plac\u00e9e sous la supervision de la ministre de&#8230;..<\/p>\n","protected":false},"author":12,"featured_media":25667,"comment_status":"open","ping_status":"open","sticky":false,"template":"","format":"standard","meta":{"footnotes":""},"categories":[23,49],"tags":[],"class_list":["post-25666","post","type-post","status-publish","format-standard","has-post-thumbnail","hentry","category-actualite","category-economie"],"yoast_head":"<!-- This site is optimized with the Yoast SEO plugin v27.5 - https:\/\/yoast.com\/product\/yoast-seo-wordpress\/ -->\n<title>Lancement \u00e0 Nouakchott de la semaine r\u00e9gionale sur le climat, la paix et la s\u00e9curit\u00e9 : Un engagement collectif pour le Sahel - Le Quotidien de Nouakchott<\/title>\n<meta name=\"robots\" content=\"index, follow, max-snippet:-1, max-image-preview:large, max-video-preview:-1\" \/>\n<link rel=\"canonical\" href=\"https:\/\/lequotidien.mr\/?p=25666&lang=fr\" \/>\n<meta property=\"og:locale\" content=\"ar_AR\" \/>\n<meta property=\"og:type\" content=\"article\" \/>\n<meta property=\"og:title\" content=\"Lancement \u00e0 Nouakchott de la semaine r\u00e9gionale sur le climat, la paix et la s\u00e9curit\u00e9 : Un engagement collectif pour le Sahel - Le Quotidien de Nouakchott\" \/>\n<meta property=\"og:description\" content=\"Nouakchott a abrit\u00e9, lundi dernier, le coup d\u2019envoi de la Semaine r\u00e9gionale sur le climat, la paix et la s\u00e9curit\u00e9, organis\u00e9e par la Mauritanie en partenariat avec le Programme des Nations Unies pour le d\u00e9veloppement (PNUD), sous le th\u00e8me \u00ab Solutions et perspectives pour le Sahel \u00bb. Plac\u00e9e sous la supervision de la ministre de.....\" \/>\n<meta property=\"og:url\" content=\"https:\/\/lequotidien.mr\/?p=25666&amp;lang=fr\" \/>\n<meta property=\"og:site_name\" content=\"Le Quotidien de Nouakchott\" \/>\n<meta property=\"article:publisher\" content=\"https:\/\/web.facebook.com\/lequotidienmr\" \/>\n<meta property=\"article:published_time\" content=\"2025-02-25T11:23:58+00:00\" \/>\n<meta property=\"og:image\" content=\"https:\/\/lequotidien.mr\/wp-content\/uploads\/2025\/02\/photo-lcment-Climat-et-paix.jpg\" \/>\n\t<meta property=\"og:image:width\" content=\"656\" \/>\n\t<meta property=\"og:image:height\" content=\"430\" \/>\n\t<meta property=\"og:image:type\" content=\"image\/jpeg\" \/>\n<meta name=\"author\" content=\"Med Ahmed\" \/>\n<meta name=\"twitter:card\" content=\"summary_large_image\" \/>\n<meta name=\"twitter:creator\" content=\"@lequotidienmr\" \/>\n<meta name=\"twitter:site\" content=\"@lequotidienmr\" \/>\n<meta name=\"twitter:label1\" content=\"\u0643\u064f\u062a\u0628 \u0628\u0648\u0627\u0633\u0637\u0629\" \/>\n\t<meta name=\"twitter:data1\" content=\"Med Ahmed\" \/>\n\t<meta name=\"twitter:label2\" content=\"\u0648\u0642\u062a \u0627\u0644\u0642\u0631\u0627\u0621\u0629 \u0627\u0644\u0645\u064f\u0642\u062f\u0651\u0631\" \/>\n\t<meta name=\"twitter:data2\" content=\"3 \u062f\u0642\u0627\u0626\u0642\" \/>\n<script type=\"application\/ld+json\" class=\"yoast-schema-graph\">{\"@context\":\"https:\\\/\\\/schema.org\",\"@graph\":[{\"@type\":\"Article\",\"@id\":\"https:\\\/\\\/lequotidien.mr\\\/?p=25666&lang=fr#article\",\"isPartOf\":{\"@id\":\"https:\\\/\\\/lequotidien.mr\\\/?p=25666&lang=fr\"},\"author\":{\"name\":\"Med Ahmed\",\"@id\":\"https:\\\/\\\/lequotidien.mr\\\/#\\\/schema\\\/person\\\/d2d350202a4d599685ed8abc25f97596\"},\"headline\":\"Lancement \u00e0 Nouakchott de la semaine r\u00e9gionale sur le climat, la paix et la s\u00e9curit\u00e9 : Un engagement collectif pour le Sahel\",\"datePublished\":\"2025-02-25T11:23:58+00:00\",\"mainEntityOfPage\":{\"@id\":\"https:\\\/\\\/lequotidien.mr\\\/?p=25666&lang=fr\"},\"wordCount\":610,\"commentCount\":0,\"publisher\":{\"@id\":\"https:\\\/\\\/lequotidien.mr\\\/#organization\"},\"image\":{\"@id\":\"https:\\\/\\\/lequotidien.mr\\\/?p=25666&lang=fr#primaryimage\"},\"thumbnailUrl\":\"https:\\\/\\\/lequotidien.mr\\\/wp-content\\\/uploads\\\/2025\\\/02\\\/photo-lcment-Climat-et-paix.jpg\",\"articleSection\":[\"ACTUALIT\u00c9\",\"Economie\"],\"inLanguage\":\"ar\",\"potentialAction\":[{\"@type\":\"CommentAction\",\"name\":\"Comment\",\"target\":[\"https:\\\/\\\/lequotidien.mr\\\/?p=25666&lang=fr#respond\"]}]},{\"@type\":\"WebPage\",\"@id\":\"https:\\\/\\\/lequotidien.mr\\\/?p=25666&lang=fr\",\"url\":\"https:\\\/\\\/lequotidien.mr\\\/?p=25666&lang=fr\",\"name\":\"Lancement \u00e0 Nouakchott de la semaine r\u00e9gionale sur le climat, la paix et la s\u00e9curit\u00e9 : Un engagement collectif pour le Sahel - Le Quotidien de Nouakchott\",\"isPartOf\":{\"@id\":\"https:\\\/\\\/lequotidien.mr\\\/#website\"},\"primaryImageOfPage\":{\"@id\":\"https:\\\/\\\/lequotidien.mr\\\/?p=25666&lang=fr#primaryimage\"},\"image\":{\"@id\":\"https:\\\/\\\/lequotidien.mr\\\/?p=25666&lang=fr#primaryimage\"},\"thumbnailUrl\":\"https:\\\/\\\/lequotidien.mr\\\/wp-content\\\/uploads\\\/2025\\\/02\\\/photo-lcment-Climat-et-paix.jpg\",\"datePublished\":\"2025-02-25T11:23:58+00:00\",\"breadcrumb\":{\"@id\":\"https:\\\/\\\/lequotidien.mr\\\/?p=25666&lang=fr#breadcrumb\"},\"inLanguage\":\"ar\",\"potentialAction\":[{\"@type\":\"ReadAction\",\"target\":[\"https:\\\/\\\/lequotidien.mr\\\/?p=25666&lang=fr\"]}]},{\"@type\":\"ImageObject\",\"inLanguage\":\"ar\",\"@id\":\"https:\\\/\\\/lequotidien.mr\\\/?p=25666&lang=fr#primaryimage\",\"url\":\"https:\\\/\\\/lequotidien.mr\\\/wp-content\\\/uploads\\\/2025\\\/02\\\/photo-lcment-Climat-et-paix.jpg\",\"contentUrl\":\"https:\\\/\\\/lequotidien.mr\\\/wp-content\\\/uploads\\\/2025\\\/02\\\/photo-lcment-Climat-et-paix.jpg\",\"width\":656,\"height\":430},{\"@type\":\"BreadcrumbList\",\"@id\":\"https:\\\/\\\/lequotidien.mr\\\/?p=25666&lang=fr#breadcrumb\",\"itemListElement\":[{\"@type\":\"ListItem\",\"position\":1,\"name\":\"Home\",\"item\":\"https:\\\/\\\/lequotidien.mr\\\/\"},{\"@type\":\"ListItem\",\"position\":2,\"name\":\"Lancement \u00e0 Nouakchott de la semaine r\u00e9gionale sur le climat, la paix et la s\u00e9curit\u00e9 : Un engagement collectif pour le Sahel\"}]},{\"@type\":\"WebSite\",\"@id\":\"https:\\\/\\\/lequotidien.mr\\\/#website\",\"url\":\"https:\\\/\\\/lequotidien.mr\\\/\",\"name\":\"Le Quotidien de Nouakchott\",\"description\":\"\u0625\u062e\u0628\u0627\u0631\u064a\u0629 \u0645\u0633\u062a\u0642\u0644\u0629 \u0644\u0644\u0623\u0646\u0628\u0627\u0621 \u0627\u0644\u0639\u0627\u0645\u0629\",\"publisher\":{\"@id\":\"https:\\\/\\\/lequotidien.mr\\\/#organization\"},\"potentialAction\":[{\"@type\":\"SearchAction\",\"target\":{\"@type\":\"EntryPoint\",\"urlTemplate\":\"https:\\\/\\\/lequotidien.mr\\\/?s={search_term_string}\"},\"query-input\":{\"@type\":\"PropertyValueSpecification\",\"valueRequired\":true,\"valueName\":\"search_term_string\"}}],\"inLanguage\":\"ar\"},{\"@type\":\"Organization\",\"@id\":\"https:\\\/\\\/lequotidien.mr\\\/#organization\",\"name\":\"Le Quotidien de Nouakchott\",\"url\":\"https:\\\/\\\/lequotidien.mr\\\/\",\"logo\":{\"@type\":\"ImageObject\",\"inLanguage\":\"ar\",\"@id\":\"https:\\\/\\\/lequotidien.mr\\\/#\\\/schema\\\/logo\\\/image\\\/\",\"url\":\"https:\\\/\\\/lequotidien.mr\\\/wp-content\\\/uploads\\\/2022\\\/11\\\/logolequotidien.jpg\",\"contentUrl\":\"https:\\\/\\\/lequotidien.mr\\\/wp-content\\\/uploads\\\/2022\\\/11\\\/logolequotidien.jpg\",\"width\":290,\"height\":65,\"caption\":\"Le Quotidien de Nouakchott\"},\"image\":{\"@id\":\"https:\\\/\\\/lequotidien.mr\\\/#\\\/schema\\\/logo\\\/image\\\/\"},\"sameAs\":[\"https:\\\/\\\/web.facebook.com\\\/lequotidienmr\",\"https:\\\/\\\/x.com\\\/lequotidienmr\"]},{\"@type\":\"Person\",\"@id\":\"https:\\\/\\\/lequotidien.mr\\\/#\\\/schema\\\/person\\\/d2d350202a4d599685ed8abc25f97596\",\"name\":\"Med Ahmed\",\"image\":{\"@type\":\"ImageObject\",\"inLanguage\":\"ar\",\"@id\":\"https:\\\/\\\/secure.gravatar.com\\\/avatar\\\/fd2acc62ed50732923d1d39c17172c9b04149f142be92310ecc69e1358f94b52?s=96&d=mm&r=g\",\"url\":\"https:\\\/\\\/secure.gravatar.com\\\/avatar\\\/fd2acc62ed50732923d1d39c17172c9b04149f142be92310ecc69e1358f94b52?s=96&d=mm&r=g\",\"contentUrl\":\"https:\\\/\\\/secure.gravatar.com\\\/avatar\\\/fd2acc62ed50732923d1d39c17172c9b04149f142be92310ecc69e1358f94b52?s=96&d=mm&r=g\",\"caption\":\"Med Ahmed\"},\"url\":\"https:\\\/\\\/lequotidien.mr\\\/?author=12\"}]}<\/script>\n<!-- \/ Yoast SEO plugin. -->","yoast_head_json":{"title":"Lancement \u00e0 Nouakchott de la semaine r\u00e9gionale sur le climat, la paix et la s\u00e9curit\u00e9 : Un engagement collectif pour le Sahel - Le Quotidien de Nouakchott","robots":{"index":"index","follow":"follow","max-snippet":"max-snippet:-1","max-image-preview":"max-image-preview:large","max-video-preview":"max-video-preview:-1"},"canonical":"https:\/\/lequotidien.mr\/?p=25666&lang=fr","og_locale":"ar_AR","og_type":"article","og_title":"Lancement \u00e0 Nouakchott de la semaine r\u00e9gionale sur le climat, la paix et la s\u00e9curit\u00e9 : Un engagement collectif pour le Sahel - Le Quotidien de Nouakchott","og_description":"Nouakchott a abrit\u00e9, lundi dernier, le coup d\u2019envoi de la Semaine r\u00e9gionale sur le climat, la paix et la s\u00e9curit\u00e9, organis\u00e9e par la Mauritanie en partenariat avec le Programme des Nations Unies pour le d\u00e9veloppement (PNUD), sous le th\u00e8me \u00ab Solutions et perspectives pour le Sahel \u00bb. Plac\u00e9e sous la supervision de la ministre de.....","og_url":"https:\/\/lequotidien.mr\/?p=25666&lang=fr","og_site_name":"Le Quotidien de Nouakchott","article_publisher":"https:\/\/web.facebook.com\/lequotidienmr","article_published_time":"2025-02-25T11:23:58+00:00","og_image":[{"width":656,"height":430,"url":"https:\/\/lequotidien.mr\/wp-content\/uploads\/2025\/02\/photo-lcment-Climat-et-paix.jpg","type":"image\/jpeg"}],"author":"Med Ahmed","twitter_card":"summary_large_image","twitter_creator":"@lequotidienmr","twitter_site":"@lequotidienmr","twitter_misc":{"\u0643\u064f\u062a\u0628 \u0628\u0648\u0627\u0633\u0637\u0629":"Med Ahmed","\u0648\u0642\u062a \u0627\u0644\u0642\u0631\u0627\u0621\u0629 \u0627\u0644\u0645\u064f\u0642\u062f\u0651\u0631":"3 \u062f\u0642\u0627\u0626\u0642"},"schema":{"@context":"https:\/\/schema.org","@graph":[{"@type":"Article","@id":"https:\/\/lequotidien.mr\/?p=25666&lang=fr#article","isPartOf":{"@id":"https:\/\/lequotidien.mr\/?p=25666&lang=fr"},"author":{"name":"Med Ahmed","@id":"https:\/\/lequotidien.mr\/#\/schema\/person\/d2d350202a4d599685ed8abc25f97596"},"headline":"Lancement \u00e0 Nouakchott de la semaine r\u00e9gionale sur le climat, la paix et la s\u00e9curit\u00e9 : Un engagement collectif pour le Sahel","datePublished":"2025-02-25T11:23:58+00:00","mainEntityOfPage":{"@id":"https:\/\/lequotidien.mr\/?p=25666&lang=fr"},"wordCount":610,"commentCount":0,"publisher":{"@id":"https:\/\/lequotidien.mr\/#organization"},"image":{"@id":"https:\/\/lequotidien.mr\/?p=25666&lang=fr#primaryimage"},"thumbnailUrl":"https:\/\/lequotidien.mr\/wp-content\/uploads\/2025\/02\/photo-lcment-Climat-et-paix.jpg","articleSection":["ACTUALIT\u00c9","Economie"],"inLanguage":"ar","potentialAction":[{"@type":"CommentAction","name":"Comment","target":["https:\/\/lequotidien.mr\/?p=25666&lang=fr#respond"]}]},{"@type":"WebPage","@id":"https:\/\/lequotidien.mr\/?p=25666&lang=fr","url":"https:\/\/lequotidien.mr\/?p=25666&lang=fr","name":"Lancement \u00e0 Nouakchott de la semaine r\u00e9gionale sur le climat, la paix et la s\u00e9curit\u00e9 : Un engagement collectif pour le Sahel - Le Quotidien de Nouakchott","isPartOf":{"@id":"https:\/\/lequotidien.mr\/#website"},"primaryImageOfPage":{"@id":"https:\/\/lequotidien.mr\/?p=25666&lang=fr#primaryimage"},"image":{"@id":"https:\/\/lequotidien.mr\/?p=25666&lang=fr#primaryimage"},"thumbnailUrl":"https:\/\/lequotidien.mr\/wp-content\/uploads\/2025\/02\/photo-lcment-Climat-et-paix.jpg","datePublished":"2025-02-25T11:23:58+00:00","breadcrumb":{"@id":"https:\/\/lequotidien.mr\/?p=25666&lang=fr#breadcrumb"},"inLanguage":"ar","potentialAction":[{"@type":"ReadAction","target":["https:\/\/lequotidien.mr\/?p=25666&lang=fr"]}]},{"@type":"ImageObject","inLanguage":"ar","@id":"https:\/\/lequotidien.mr\/?p=25666&lang=fr#primaryimage","url":"https:\/\/lequotidien.mr\/wp-content\/uploads\/2025\/02\/photo-lcment-Climat-et-paix.jpg","contentUrl":"https:\/\/lequotidien.mr\/wp-content\/uploads\/2025\/02\/photo-lcment-Climat-et-paix.jpg","width":656,"height":430},{"@type":"BreadcrumbList","@id":"https:\/\/lequotidien.mr\/?p=25666&lang=fr#breadcrumb","itemListElement":[{"@type":"ListItem","position":1,"name":"Home","item":"https:\/\/lequotidien.mr\/"},{"@type":"ListItem","position":2,"name":"Lancement \u00e0 Nouakchott de la semaine r\u00e9gionale sur le climat, la paix et la s\u00e9curit\u00e9 : Un engagement collectif pour le Sahel"}]},{"@type":"WebSite","@id":"https:\/\/lequotidien.mr\/#website","url":"https:\/\/lequotidien.mr\/","name":"Le Quotidien de Nouakchott","description":"\u0625\u062e\u0628\u0627\u0631\u064a\u0629 \u0645\u0633\u062a\u0642\u0644\u0629 \u0644\u0644\u0623\u0646\u0628\u0627\u0621 \u0627\u0644\u0639\u0627\u0645\u0629","publisher":{"@id":"https:\/\/lequotidien.mr\/#organization"},"potentialAction":[{"@type":"SearchAction","target":{"@type":"EntryPoint","urlTemplate":"https:\/\/lequotidien.mr\/?s={search_term_string}"},"query-input":{"@type":"PropertyValueSpecification","valueRequired":true,"valueName":"search_term_string"}}],"inLanguage":"ar"},{"@type":"Organization","@id":"https:\/\/lequotidien.mr\/#organization","name":"Le Quotidien de Nouakchott","url":"https:\/\/lequotidien.mr\/","logo":{"@type":"ImageObject","inLanguage":"ar","@id":"https:\/\/lequotidien.mr\/#\/schema\/logo\/image\/","url":"https:\/\/lequotidien.mr\/wp-content\/uploads\/2022\/11\/logolequotidien.jpg","contentUrl":"https:\/\/lequotidien.mr\/wp-content\/uploads\/2022\/11\/logolequotidien.jpg","width":290,"height":65,"caption":"Le Quotidien de Nouakchott"},"image":{"@id":"https:\/\/lequotidien.mr\/#\/schema\/logo\/image\/"},"sameAs":["https:\/\/web.facebook.com\/lequotidienmr","https:\/\/x.com\/lequotidienmr"]},{"@type":"Person","@id":"https:\/\/lequotidien.mr\/#\/schema\/person\/d2d350202a4d599685ed8abc25f97596","name":"Med Ahmed","image":{"@type":"ImageObject","inLanguage":"ar","@id":"https:\/\/secure.gravatar.com\/avatar\/fd2acc62ed50732923d1d39c17172c9b04149f142be92310ecc69e1358f94b52?s=96&d=mm&r=g","url":"https:\/\/secure.gravatar.com\/avatar\/fd2acc62ed50732923d1d39c17172c9b04149f142be92310ecc69e1358f94b52?s=96&d=mm&r=g","contentUrl":"https:\/\/secure.gravatar.com\/avatar\/fd2acc62ed50732923d1d39c17172c9b04149f142be92310ecc69e1358f94b52?s=96&d=mm&r=g","caption":"Med Ahmed"},"url":"https:\/\/lequotidien.mr\/?author=12"}]}},"_links":{"self":[{"href":"https:\/\/lequotidien.mr\/index.php?rest_route=\/wp\/v2\/posts\/25666","targetHints":{"allow":["GET"]}}],"collection":[{"href":"https:\/\/lequotidien.mr\/index.php?rest_route=\/wp\/v2\/posts"}],"about":[{"href":"https:\/\/lequotidien.mr\/index.php?rest_route=\/wp\/v2\/types\/post"}],"author":[{"embeddable":true,"href":"https:\/\/lequotidien.mr\/index.php?rest_route=\/wp\/v2\/users\/12"}],"replies":[{"embeddable":true,"href":"https:\/\/lequotidien.mr\/index.php?rest_route=%2Fwp%2Fv2%2Fcomments&post=25666"}],"version-history":[{"count":1,"href":"https:\/\/lequotidien.mr\/index.php?rest_route=\/wp\/v2\/posts\/25666\/revisions"}],"predecessor-version":[{"id":25668,"href":"https:\/\/lequotidien.mr\/index.php?rest_route=\/wp\/v2\/posts\/25666\/revisions\/25668"}],"wp:featuredmedia":[{"embeddable":true,"href":"https:\/\/lequotidien.mr\/index.php?rest_route=\/wp\/v2\/media\/25667"}],"wp:attachment":[{"href":"https:\/\/lequotidien.mr\/index.php?rest_route=%2Fwp%2Fv2%2Fmedia&parent=25666"}],"wp:term":[{"taxonomy":"category","embeddable":true,"href":"https:\/\/lequotidien.mr\/index.php?rest_route=%2Fwp%2Fv2%2Fcategories&post=25666"},{"taxonomy":"post_tag","embeddable":true,"href":"https:\/\/lequotidien.mr\/index.php?rest_route=%2Fwp%2Fv2%2Ftags&post=25666"}],"curies":[{"name":"wp","href":"https:\/\/api.w.org\/{rel}","templated":true}]}}