{"id":25661,"date":"2025-02-25T10:54:48","date_gmt":"2025-02-25T10:54:48","guid":{"rendered":"https:\/\/lequotidien.mr\/?p=25661"},"modified":"2025-02-25T10:54:48","modified_gmt":"2025-02-25T10:54:48","slug":"trois-ans-apres-linvasion-de-lukraine-lotan-reaffirme-son-engagement","status":"publish","type":"post","link":"https:\/\/lequotidien.mr\/?p=25661&lang=fr","title":{"rendered":"Trois ans apr\u00e8s l\u2019invasion de l\u2019Ukraine, l\u2019OTAN r\u00e9affirme son engagement \u00a0"},"content":{"rendered":"<p>Ce 24 f\u00e9vrier 2025, une c\u00e9r\u00e9monie solennelle s\u2019est tenue au si\u00e8ge de l\u2019Organisation du Trait\u00e9 de l\u2019Atlantique Nord (OTAN) pour marquer le troisi\u00e8me anniversaire du d\u00e9but de l\u2019invasion \u00e0 grande \u00e9chelle de l\u2019Ukraine par la Russie. Cet \u00e9v\u00e9nement hautement symbolique, qui a r\u00e9uni de hauts repr\u00e9sentants des \u00c9tats membres et des partenaires de l\u2019Alliance, a \u00e9t\u00e9 l\u2019occasion de r\u00e9affirmer la d\u00e9termination collective \u00e0 soutenir Ky\u00efv face aux d\u00e9fis s\u00e9curitaires et g\u00e9opolitiques persistants.<\/p>\n<h3><strong>Un engagement renouvel\u00e9 pour la s\u00e9curit\u00e9 de l\u2019Ukraine<\/strong><\/h3>\n<p>Prenant la parole aux c\u00f4t\u00e9s de l\u2019ambassadrice de l\u2019Ukraine aupr\u00e8s de l\u2019OTAN, Natalia Halibarenko, la secr\u00e9taire g\u00e9n\u00e9rale d\u00e9l\u00e9gu\u00e9e de l\u2019Alliance, Radmila Shekerinska, a rendu hommage \u00e0 la r\u00e9sistance ukrainienne. Elle a salu\u00e9 \u00ab le courage, la r\u00e9silience et la combativit\u00e9 exceptionnels des Ukrainiens \u2013 tant les soldats que les civils \u2013 qui sont aujourd\u2019hui un mod\u00e8le de d\u00e9termination pour le monde entier \u00bb.<\/p>\n<p>Mme Shekerinska a rappel\u00e9 que l\u2019OTAN et ses membres avaient fourni un soutien sans pr\u00e9c\u00e9dent \u00e0 l\u2019Ukraine depuis le d\u00e9but de l\u2019invasion, illustrant la solidarit\u00e9 qui s\u2019est exprim\u00e9e au-del\u00e0 des fronti\u00e8res de l\u2019Alliance. Elle a pr\u00e9cis\u00e9 qu\u2019en 2024, les Alli\u00e9s s\u2019\u00e9taient engag\u00e9s \u00e0 mobiliser 40 milliards d\u2019euros pour l\u2019assistance s\u00e9curitaire, mais que l\u2019aide r\u00e9elle avait d\u00e9pass\u00e9 les 50 milliards d\u2019euros, un effort o\u00f9 l\u2019Europe et le Canada ont jou\u00e9 un r\u00f4le moteur.<\/p>\n<h3><strong>Un hommage vibrant \u00e0 la culture et \u00e0 la r\u00e9silience ukrainienne<\/strong><\/h3>\n<p>\u00c0 l\u2019issue des discours officiels, un moment de silence a \u00e9t\u00e9 observ\u00e9 en m\u00e9moire des victimes du conflit, avant que des musiciens des \u00ab Cultural Forces \u00bb de l\u2019arm\u00e9e ukrainienne ne viennent apporter une note d\u2019\u00e9motion et d\u2019espoir \u00e0 la c\u00e9r\u00e9monie. \u00c0 travers leurs morceaux, ils ont incarn\u00e9 la r\u00e9silience d\u2019un peuple d\u00e9termin\u00e9 \u00e0 pr\u00e9server son identit\u00e9 et son avenir malgr\u00e9 l\u2019adversit\u00e9.<\/p>\n<p>Alors que le conflit entre dans sa quatri\u00e8me ann\u00e9e, la c\u00e9r\u00e9monie de Bruxelles a non seulement r\u00e9affirm\u00e9 l\u2019engagement de l\u2019OTAN et de ses membres, mais elle a \u00e9galement soulign\u00e9 l\u2019\u00e9mergence d\u2019une solidarit\u00e9 \u00e9largie, o\u00f9 les enjeux de s\u00e9curit\u00e9 entre l\u2019Europe et ses partenaires m\u00e9diterran\u00e9ens s\u2019entrelacent plus que jamais.<\/p>\n<p>&nbsp;<\/p>\n","protected":false},"excerpt":{"rendered":"<p>Ce 24 f\u00e9vrier 2025, une c\u00e9r\u00e9monie solennelle s\u2019est tenue au si\u00e8ge de l\u2019Organisation du Trait\u00e9 de l\u2019Atlantique Nord (OTAN) pour marquer le troisi\u00e8me anniversaire du d\u00e9but de l\u2019invasion \u00e0 grande \u00e9chelle de l\u2019Ukraine par la Russie. Cet \u00e9v\u00e9nement hautement symbolique, qui a r\u00e9uni de hauts repr\u00e9sentants des \u00c9tats membres et des partenaires de l\u2019Alliance, a&#8230;..<\/p>\n","protected":false},"author":4,"featured_media":25662,"comment_status":"open","ping_status":"open","sticky":false,"template":"","format":"standard","meta":{"footnotes":""},"categories":[23,57],"tags":[],"class_list":["post-25661","post","type-post","status-publish","format-standard","has-post-thumbnail","hentry","category-actualite","category-couverture-specilale"],"yoast_head":"<!-- This site is optimized with the Yoast SEO plugin v27.5 - https:\/\/yoast.com\/product\/yoast-seo-wordpress\/ -->\n<title>Trois ans apr\u00e8s l\u2019invasion de l\u2019Ukraine, l\u2019OTAN r\u00e9affirme son engagement \u00a0 - Le Quotidien de Nouakchott<\/title>\n<meta name=\"robots\" content=\"index, follow, max-snippet:-1, max-image-preview:large, max-video-preview:-1\" \/>\n<link rel=\"canonical\" href=\"https:\/\/lequotidien.mr\/?p=25661&lang=fr\" \/>\n<meta property=\"og:locale\" content=\"ar_AR\" \/>\n<meta property=\"og:type\" content=\"article\" \/>\n<meta property=\"og:title\" content=\"Trois ans apr\u00e8s l\u2019invasion de l\u2019Ukraine, l\u2019OTAN r\u00e9affirme son engagement \u00a0 - Le Quotidien de Nouakchott\" \/>\n<meta property=\"og:description\" content=\"Ce 24 f\u00e9vrier 2025, une c\u00e9r\u00e9monie solennelle s\u2019est tenue au si\u00e8ge de l\u2019Organisation du Trait\u00e9 de l\u2019Atlantique Nord (OTAN) pour marquer le troisi\u00e8me anniversaire du d\u00e9but de l\u2019invasion \u00e0 grande \u00e9chelle de l\u2019Ukraine par la Russie. Cet \u00e9v\u00e9nement hautement symbolique, qui a r\u00e9uni de hauts repr\u00e9sentants des \u00c9tats membres et des partenaires de l\u2019Alliance, a.....\" \/>\n<meta property=\"og:url\" content=\"https:\/\/lequotidien.mr\/?p=25661&amp;lang=fr\" \/>\n<meta property=\"og:site_name\" content=\"Le Quotidien de Nouakchott\" \/>\n<meta property=\"article:publisher\" content=\"https:\/\/web.facebook.com\/lequotidienmr\" \/>\n<meta property=\"article:published_time\" content=\"2025-02-25T10:54:48+00:00\" \/>\n<meta property=\"og:image\" content=\"https:\/\/lequotidien.mr\/wp-content\/uploads\/2025\/02\/250224a-003_rdax_775x440p.jpg\" \/>\n\t<meta property=\"og:image:width\" content=\"774\" \/>\n\t<meta property=\"og:image:height\" content=\"440\" \/>\n\t<meta property=\"og:image:type\" content=\"image\/jpeg\" \/>\n<meta name=\"author\" content=\"Le Quotidien\" \/>\n<meta name=\"twitter:card\" content=\"summary_large_image\" \/>\n<meta name=\"twitter:creator\" content=\"@lequotidienmr\" \/>\n<meta name=\"twitter:site\" content=\"@lequotidienmr\" \/>\n<meta name=\"twitter:label1\" content=\"\u0643\u064f\u062a\u0628 \u0628\u0648\u0627\u0633\u0637\u0629\" \/>\n\t<meta name=\"twitter:data1\" content=\"Le Quotidien\" \/>\n\t<meta name=\"twitter:label2\" content=\"\u0648\u0642\u062a \u0627\u0644\u0642\u0631\u0627\u0621\u0629 \u0627\u0644\u0645\u064f\u0642\u062f\u0651\u0631\" \/>\n\t<meta name=\"twitter:data2\" content=\"\u062f\u0642\u064a\u0642\u062a\u0627\u0646\" \/>\n<script type=\"application\/ld+json\" class=\"yoast-schema-graph\">{\"@context\":\"https:\\\/\\\/schema.org\",\"@graph\":[{\"@type\":\"Article\",\"@id\":\"https:\\\/\\\/lequotidien.mr\\\/?p=25661&lang=fr#article\",\"isPartOf\":{\"@id\":\"https:\\\/\\\/lequotidien.mr\\\/?p=25661&lang=fr\"},\"author\":{\"name\":\"Le Quotidien\",\"@id\":\"https:\\\/\\\/lequotidien.mr\\\/#\\\/schema\\\/person\\\/f90fcdaa970c60288de4ed2e64a56472\"},\"headline\":\"Trois ans apr\u00e8s l\u2019invasion de l\u2019Ukraine, l\u2019OTAN r\u00e9affirme son engagement \u00a0\",\"datePublished\":\"2025-02-25T10:54:48+00:00\",\"mainEntityOfPage\":{\"@id\":\"https:\\\/\\\/lequotidien.mr\\\/?p=25661&lang=fr\"},\"wordCount\":424,\"commentCount\":0,\"publisher\":{\"@id\":\"https:\\\/\\\/lequotidien.mr\\\/#organization\"},\"image\":{\"@id\":\"https:\\\/\\\/lequotidien.mr\\\/?p=25661&lang=fr#primaryimage\"},\"thumbnailUrl\":\"https:\\\/\\\/lequotidien.mr\\\/wp-content\\\/uploads\\\/2025\\\/02\\\/250224a-003_rdax_775x440p.jpg\",\"articleSection\":[\"ACTUALIT\u00c9\",\"Couverture sp\u00e9cilale\"],\"inLanguage\":\"ar\",\"potentialAction\":[{\"@type\":\"CommentAction\",\"name\":\"Comment\",\"target\":[\"https:\\\/\\\/lequotidien.mr\\\/?p=25661&lang=fr#respond\"]}]},{\"@type\":\"WebPage\",\"@id\":\"https:\\\/\\\/lequotidien.mr\\\/?p=25661&lang=fr\",\"url\":\"https:\\\/\\\/lequotidien.mr\\\/?p=25661&lang=fr\",\"name\":\"Trois ans apr\u00e8s l\u2019invasion de l\u2019Ukraine, l\u2019OTAN r\u00e9affirme son engagement \u00a0 - Le Quotidien de Nouakchott\",\"isPartOf\":{\"@id\":\"https:\\\/\\\/lequotidien.mr\\\/#website\"},\"primaryImageOfPage\":{\"@id\":\"https:\\\/\\\/lequotidien.mr\\\/?p=25661&lang=fr#primaryimage\"},\"image\":{\"@id\":\"https:\\\/\\\/lequotidien.mr\\\/?p=25661&lang=fr#primaryimage\"},\"thumbnailUrl\":\"https:\\\/\\\/lequotidien.mr\\\/wp-content\\\/uploads\\\/2025\\\/02\\\/250224a-003_rdax_775x440p.jpg\",\"datePublished\":\"2025-02-25T10:54:48+00:00\",\"breadcrumb\":{\"@id\":\"https:\\\/\\\/lequotidien.mr\\\/?p=25661&lang=fr#breadcrumb\"},\"inLanguage\":\"ar\",\"potentialAction\":[{\"@type\":\"ReadAction\",\"target\":[\"https:\\\/\\\/lequotidien.mr\\\/?p=25661&lang=fr\"]}]},{\"@type\":\"ImageObject\",\"inLanguage\":\"ar\",\"@id\":\"https:\\\/\\\/lequotidien.mr\\\/?p=25661&lang=fr#primaryimage\",\"url\":\"https:\\\/\\\/lequotidien.mr\\\/wp-content\\\/uploads\\\/2025\\\/02\\\/250224a-003_rdax_775x440p.jpg\",\"contentUrl\":\"https:\\\/\\\/lequotidien.mr\\\/wp-content\\\/uploads\\\/2025\\\/02\\\/250224a-003_rdax_775x440p.jpg\",\"width\":774,\"height\":440,\"caption\":\"Speech by NATO Deputy Secretary General Radmila Shekerinska\"},{\"@type\":\"BreadcrumbList\",\"@id\":\"https:\\\/\\\/lequotidien.mr\\\/?p=25661&lang=fr#breadcrumb\",\"itemListElement\":[{\"@type\":\"ListItem\",\"position\":1,\"name\":\"Home\",\"item\":\"https:\\\/\\\/lequotidien.mr\\\/\"},{\"@type\":\"ListItem\",\"position\":2,\"name\":\"Trois ans apr\u00e8s l\u2019invasion de l\u2019Ukraine, l\u2019OTAN r\u00e9affirme son engagement \u00a0\"}]},{\"@type\":\"WebSite\",\"@id\":\"https:\\\/\\\/lequotidien.mr\\\/#website\",\"url\":\"https:\\\/\\\/lequotidien.mr\\\/\",\"name\":\"Le Quotidien de Nouakchott\",\"description\":\"\u0625\u062e\u0628\u0627\u0631\u064a\u0629 \u0645\u0633\u062a\u0642\u0644\u0629 \u0644\u0644\u0623\u0646\u0628\u0627\u0621 \u0627\u0644\u0639\u0627\u0645\u0629\",\"publisher\":{\"@id\":\"https:\\\/\\\/lequotidien.mr\\\/#organization\"},\"potentialAction\":[{\"@type\":\"SearchAction\",\"target\":{\"@type\":\"EntryPoint\",\"urlTemplate\":\"https:\\\/\\\/lequotidien.mr\\\/?s={search_term_string}\"},\"query-input\":{\"@type\":\"PropertyValueSpecification\",\"valueRequired\":true,\"valueName\":\"search_term_string\"}}],\"inLanguage\":\"ar\"},{\"@type\":\"Organization\",\"@id\":\"https:\\\/\\\/lequotidien.mr\\\/#organization\",\"name\":\"Le Quotidien de Nouakchott\",\"url\":\"https:\\\/\\\/lequotidien.mr\\\/\",\"logo\":{\"@type\":\"ImageObject\",\"inLanguage\":\"ar\",\"@id\":\"https:\\\/\\\/lequotidien.mr\\\/#\\\/schema\\\/logo\\\/image\\\/\",\"url\":\"https:\\\/\\\/lequotidien.mr\\\/wp-content\\\/uploads\\\/2022\\\/11\\\/logolequotidien.jpg\",\"contentUrl\":\"https:\\\/\\\/lequotidien.mr\\\/wp-content\\\/uploads\\\/2022\\\/11\\\/logolequotidien.jpg\",\"width\":290,\"height\":65,\"caption\":\"Le Quotidien de Nouakchott\"},\"image\":{\"@id\":\"https:\\\/\\\/lequotidien.mr\\\/#\\\/schema\\\/logo\\\/image\\\/\"},\"sameAs\":[\"https:\\\/\\\/web.facebook.com\\\/lequotidienmr\",\"https:\\\/\\\/x.com\\\/lequotidienmr\"]},{\"@type\":\"Person\",\"@id\":\"https:\\\/\\\/lequotidien.mr\\\/#\\\/schema\\\/person\\\/f90fcdaa970c60288de4ed2e64a56472\",\"name\":\"Le Quotidien\",\"image\":{\"@type\":\"ImageObject\",\"inLanguage\":\"ar\",\"@id\":\"https:\\\/\\\/secure.gravatar.com\\\/avatar\\\/374cb39a1a458a912465a93e5a3ce6546886fc3da809a1f10c63e4e8fcbca30f?s=96&d=mm&r=g\",\"url\":\"https:\\\/\\\/secure.gravatar.com\\\/avatar\\\/374cb39a1a458a912465a93e5a3ce6546886fc3da809a1f10c63e4e8fcbca30f?s=96&d=mm&r=g\",\"contentUrl\":\"https:\\\/\\\/secure.gravatar.com\\\/avatar\\\/374cb39a1a458a912465a93e5a3ce6546886fc3da809a1f10c63e4e8fcbca30f?s=96&d=mm&r=g\",\"caption\":\"Le Quotidien\"},\"sameAs\":[\"https:\\\/\\\/lequotidien.mr\\\/\"],\"url\":\"https:\\\/\\\/lequotidien.mr\\\/?author=4\"}]}<\/script>\n<!-- \/ Yoast SEO plugin. -->","yoast_head_json":{"title":"Trois ans apr\u00e8s l\u2019invasion de l\u2019Ukraine, l\u2019OTAN r\u00e9affirme son engagement \u00a0 - Le Quotidien de Nouakchott","robots":{"index":"index","follow":"follow","max-snippet":"max-snippet:-1","max-image-preview":"max-image-preview:large","max-video-preview":"max-video-preview:-1"},"canonical":"https:\/\/lequotidien.mr\/?p=25661&lang=fr","og_locale":"ar_AR","og_type":"article","og_title":"Trois ans apr\u00e8s l\u2019invasion de l\u2019Ukraine, l\u2019OTAN r\u00e9affirme son engagement \u00a0 - Le Quotidien de Nouakchott","og_description":"Ce 24 f\u00e9vrier 2025, une c\u00e9r\u00e9monie solennelle s\u2019est tenue au si\u00e8ge de l\u2019Organisation du Trait\u00e9 de l\u2019Atlantique Nord (OTAN) pour marquer le troisi\u00e8me anniversaire du d\u00e9but de l\u2019invasion \u00e0 grande \u00e9chelle de l\u2019Ukraine par la Russie. Cet \u00e9v\u00e9nement hautement symbolique, qui a r\u00e9uni de hauts repr\u00e9sentants des \u00c9tats membres et des partenaires de l\u2019Alliance, a.....","og_url":"https:\/\/lequotidien.mr\/?p=25661&lang=fr","og_site_name":"Le Quotidien de Nouakchott","article_publisher":"https:\/\/web.facebook.com\/lequotidienmr","article_published_time":"2025-02-25T10:54:48+00:00","og_image":[{"width":774,"height":440,"url":"https:\/\/lequotidien.mr\/wp-content\/uploads\/2025\/02\/250224a-003_rdax_775x440p.jpg","type":"image\/jpeg"}],"author":"Le Quotidien","twitter_card":"summary_large_image","twitter_creator":"@lequotidienmr","twitter_site":"@lequotidienmr","twitter_misc":{"\u0643\u064f\u062a\u0628 \u0628\u0648\u0627\u0633\u0637\u0629":"Le Quotidien","\u0648\u0642\u062a \u0627\u0644\u0642\u0631\u0627\u0621\u0629 \u0627\u0644\u0645\u064f\u0642\u062f\u0651\u0631":"\u062f\u0642\u064a\u0642\u062a\u0627\u0646"},"schema":{"@context":"https:\/\/schema.org","@graph":[{"@type":"Article","@id":"https:\/\/lequotidien.mr\/?p=25661&lang=fr#article","isPartOf":{"@id":"https:\/\/lequotidien.mr\/?p=25661&lang=fr"},"author":{"name":"Le Quotidien","@id":"https:\/\/lequotidien.mr\/#\/schema\/person\/f90fcdaa970c60288de4ed2e64a56472"},"headline":"Trois ans apr\u00e8s l\u2019invasion de l\u2019Ukraine, l\u2019OTAN r\u00e9affirme son engagement \u00a0","datePublished":"2025-02-25T10:54:48+00:00","mainEntityOfPage":{"@id":"https:\/\/lequotidien.mr\/?p=25661&lang=fr"},"wordCount":424,"commentCount":0,"publisher":{"@id":"https:\/\/lequotidien.mr\/#organization"},"image":{"@id":"https:\/\/lequotidien.mr\/?p=25661&lang=fr#primaryimage"},"thumbnailUrl":"https:\/\/lequotidien.mr\/wp-content\/uploads\/2025\/02\/250224a-003_rdax_775x440p.jpg","articleSection":["ACTUALIT\u00c9","Couverture sp\u00e9cilale"],"inLanguage":"ar","potentialAction":[{"@type":"CommentAction","name":"Comment","target":["https:\/\/lequotidien.mr\/?p=25661&lang=fr#respond"]}]},{"@type":"WebPage","@id":"https:\/\/lequotidien.mr\/?p=25661&lang=fr","url":"https:\/\/lequotidien.mr\/?p=25661&lang=fr","name":"Trois ans apr\u00e8s l\u2019invasion de l\u2019Ukraine, l\u2019OTAN r\u00e9affirme son engagement \u00a0 - Le Quotidien de Nouakchott","isPartOf":{"@id":"https:\/\/lequotidien.mr\/#website"},"primaryImageOfPage":{"@id":"https:\/\/lequotidien.mr\/?p=25661&lang=fr#primaryimage"},"image":{"@id":"https:\/\/lequotidien.mr\/?p=25661&lang=fr#primaryimage"},"thumbnailUrl":"https:\/\/lequotidien.mr\/wp-content\/uploads\/2025\/02\/250224a-003_rdax_775x440p.jpg","datePublished":"2025-02-25T10:54:48+00:00","breadcrumb":{"@id":"https:\/\/lequotidien.mr\/?p=25661&lang=fr#breadcrumb"},"inLanguage":"ar","potentialAction":[{"@type":"ReadAction","target":["https:\/\/lequotidien.mr\/?p=25661&lang=fr"]}]},{"@type":"ImageObject","inLanguage":"ar","@id":"https:\/\/lequotidien.mr\/?p=25661&lang=fr#primaryimage","url":"https:\/\/lequotidien.mr\/wp-content\/uploads\/2025\/02\/250224a-003_rdax_775x440p.jpg","contentUrl":"https:\/\/lequotidien.mr\/wp-content\/uploads\/2025\/02\/250224a-003_rdax_775x440p.jpg","width":774,"height":440,"caption":"Speech by NATO Deputy Secretary General Radmila Shekerinska"},{"@type":"BreadcrumbList","@id":"https:\/\/lequotidien.mr\/?p=25661&lang=fr#breadcrumb","itemListElement":[{"@type":"ListItem","position":1,"name":"Home","item":"https:\/\/lequotidien.mr\/"},{"@type":"ListItem","position":2,"name":"Trois ans apr\u00e8s l\u2019invasion de l\u2019Ukraine, l\u2019OTAN r\u00e9affirme son engagement \u00a0"}]},{"@type":"WebSite","@id":"https:\/\/lequotidien.mr\/#website","url":"https:\/\/lequotidien.mr\/","name":"Le Quotidien de Nouakchott","description":"\u0625\u062e\u0628\u0627\u0631\u064a\u0629 \u0645\u0633\u062a\u0642\u0644\u0629 \u0644\u0644\u0623\u0646\u0628\u0627\u0621 \u0627\u0644\u0639\u0627\u0645\u0629","publisher":{"@id":"https:\/\/lequotidien.mr\/#organization"},"potentialAction":[{"@type":"SearchAction","target":{"@type":"EntryPoint","urlTemplate":"https:\/\/lequotidien.mr\/?s={search_term_string}"},"query-input":{"@type":"PropertyValueSpecification","valueRequired":true,"valueName":"search_term_string"}}],"inLanguage":"ar"},{"@type":"Organization","@id":"https:\/\/lequotidien.mr\/#organization","name":"Le Quotidien de Nouakchott","url":"https:\/\/lequotidien.mr\/","logo":{"@type":"ImageObject","inLanguage":"ar","@id":"https:\/\/lequotidien.mr\/#\/schema\/logo\/image\/","url":"https:\/\/lequotidien.mr\/wp-content\/uploads\/2022\/11\/logolequotidien.jpg","contentUrl":"https:\/\/lequotidien.mr\/wp-content\/uploads\/2022\/11\/logolequotidien.jpg","width":290,"height":65,"caption":"Le Quotidien de Nouakchott"},"image":{"@id":"https:\/\/lequotidien.mr\/#\/schema\/logo\/image\/"},"sameAs":["https:\/\/web.facebook.com\/lequotidienmr","https:\/\/x.com\/lequotidienmr"]},{"@type":"Person","@id":"https:\/\/lequotidien.mr\/#\/schema\/person\/f90fcdaa970c60288de4ed2e64a56472","name":"Le Quotidien","image":{"@type":"ImageObject","inLanguage":"ar","@id":"https:\/\/secure.gravatar.com\/avatar\/374cb39a1a458a912465a93e5a3ce6546886fc3da809a1f10c63e4e8fcbca30f?s=96&d=mm&r=g","url":"https:\/\/secure.gravatar.com\/avatar\/374cb39a1a458a912465a93e5a3ce6546886fc3da809a1f10c63e4e8fcbca30f?s=96&d=mm&r=g","contentUrl":"https:\/\/secure.gravatar.com\/avatar\/374cb39a1a458a912465a93e5a3ce6546886fc3da809a1f10c63e4e8fcbca30f?s=96&d=mm&r=g","caption":"Le Quotidien"},"sameAs":["https:\/\/lequotidien.mr\/"],"url":"https:\/\/lequotidien.mr\/?author=4"}]}},"_links":{"self":[{"href":"https:\/\/lequotidien.mr\/index.php?rest_route=\/wp\/v2\/posts\/25661","targetHints":{"allow":["GET"]}}],"collection":[{"href":"https:\/\/lequotidien.mr\/index.php?rest_route=\/wp\/v2\/posts"}],"about":[{"href":"https:\/\/lequotidien.mr\/index.php?rest_route=\/wp\/v2\/types\/post"}],"author":[{"embeddable":true,"href":"https:\/\/lequotidien.mr\/index.php?rest_route=\/wp\/v2\/users\/4"}],"replies":[{"embeddable":true,"href":"https:\/\/lequotidien.mr\/index.php?rest_route=%2Fwp%2Fv2%2Fcomments&post=25661"}],"version-history":[{"count":1,"href":"https:\/\/lequotidien.mr\/index.php?rest_route=\/wp\/v2\/posts\/25661\/revisions"}],"predecessor-version":[{"id":25663,"href":"https:\/\/lequotidien.mr\/index.php?rest_route=\/wp\/v2\/posts\/25661\/revisions\/25663"}],"wp:featuredmedia":[{"embeddable":true,"href":"https:\/\/lequotidien.mr\/index.php?rest_route=\/wp\/v2\/media\/25662"}],"wp:attachment":[{"href":"https:\/\/lequotidien.mr\/index.php?rest_route=%2Fwp%2Fv2%2Fmedia&parent=25661"}],"wp:term":[{"taxonomy":"category","embeddable":true,"href":"https:\/\/lequotidien.mr\/index.php?rest_route=%2Fwp%2Fv2%2Fcategories&post=25661"},{"taxonomy":"post_tag","embeddable":true,"href":"https:\/\/lequotidien.mr\/index.php?rest_route=%2Fwp%2Fv2%2Ftags&post=25661"}],"curies":[{"name":"wp","href":"https:\/\/api.w.org\/{rel}","templated":true}]}}