{"id":25638,"date":"2025-02-24T11:18:48","date_gmt":"2025-02-24T11:18:48","guid":{"rendered":"https:\/\/lequotidien.mr\/?p=25638"},"modified":"2025-02-24T11:18:48","modified_gmt":"2025-02-24T11:18:48","slug":"axe-routier-es-semara-mauritanie-une-route-aux-objectifs-flous-la-mauritanie-simple-spectatrice","status":"publish","type":"post","link":"https:\/\/lequotidien.mr\/?p=25638&lang=fr","title":{"rendered":"Axe routier Es-Semara-Mauritanie\u00a0:  Une route aux objectifs flous, la Mauritanie, simple spectatrice ?"},"content":{"rendered":"<p>Le Maroc a r\u00e9cemment mis en avant l&#8217;ach\u00e8vement imminent de la route reliant Es-Semara \u00e0 la fronti\u00e8re mauritanienne, un projet de 93 kilom\u00e8tres qui a mobilis\u00e9 un investissement de pr\u00e8s de 50 millions de dirhams. Pr\u00e9sent\u00e9e comme un levier de d\u00e9veloppement r\u00e9gional et un atout pour la connectivit\u00e9, cette infrastructure pose n\u00e9anmoins une question centrale : \u00e0 quoi servira-t-elle r\u00e9ellement \u00e0 la Mauritanie ?<\/p>\n<h3><strong>Un projet dans la rivalit\u00e9 maroco-alg\u00e9rienne<\/strong><\/h3>\n<p>Derri\u00e8re cette route, qui s&#8217;arr\u00eate net \u00e0 la fronti\u00e8re mauritanienne, se cache une dimension g\u00e9opolitique \u00e9vidente. Le Maroc cherche \u00e0 renforcer son influence au Sahel et \u00e0 contrecarrer l\u2019Alg\u00e9rie, son grand rival r\u00e9gional. En parall\u00e8le, Rabat multiplie les initiatives pour s\u2019ancrer dans les \u00e9changes commerciaux et diplomatiques avec les pays sah\u00e9liens, notamment en proposant au Mali, au Burkina Faso, au Niger et au Tchad un acc\u00e8s privil\u00e9gi\u00e9 \u00e0 ses infrastructures portuaires et ferroviaires.<\/p>\n<p>Le projet routier Es-Semara \u2013 fronti\u00e8re mauritanienne s\u2019inscrit dans cette strat\u00e9gie. Il vise \u00e0 faciliter une \u00e9ventuelle ouverture d\u2019un deuxi\u00e8me poste frontalier avec la Mauritanie. Cependant, la connexion effective avec le territoire mauritanien demeure une inconnue, puisque les 85 kilom\u00e8tres s\u00e9parant la fronti\u00e8re de Bir Moghrein, la premi\u00e8re ville mauritanienne, ne sont pas asphalt\u00e9s. Et ce n\u2019est certainement pas la Mauritanie qui assumera seule le co\u00fbt de ce prolongement.<\/p>\n<h3><strong>Une route sans d\u00e9bouch\u00e9 imm\u00e9diat pour la Mauritanie<\/strong><\/h3>\n<p>Les annonces marocaines mettent en avant les b\u00e9n\u00e9fices pour la coop\u00e9ration r\u00e9gionale et la mobilit\u00e9 transfrontali\u00e8re. Mais en l\u2019\u00e9tat, cette route ne relie pas encore les infrastructures mauritaniennes et demeure un cul-de-sac du c\u00f4t\u00e9 sud. Aucune indication n\u2019a \u00e9t\u00e9 donn\u00e9e sur d\u2019\u00e9ventuels accords bilat\u00e9raux qui garantiraient la poursuite des travaux en territoire mauritanien.<\/p>\n<p>D\u00e8s lors, la question se pose : quel int\u00e9r\u00eat pour la Mauritanie d\u2019une infrastructure qui, pour l\u2019instant, ne lui apporte aucune am\u00e9lioration tangible en mati\u00e8re de circulation ou d\u2019\u00e9changes commerciaux ? Cette route semble avant tout destin\u00e9e \u00e0 servir les int\u00e9r\u00eats du Maroc, qui renforce ainsi sa pr\u00e9sence aux portes du Sahel, tout en pressant la Mauritanie de s\u2019engager dans un projet qui ne figure pas parmi ses priorit\u00e9s imm\u00e9diates.<\/p>\n<h3><strong>Un projet aux implications politiques et s\u00e9curitaires<\/strong><\/h3>\n<p>L\u2019initiative marocaine n\u2019est pas seulement \u00e9conomique, elle est aussi politique. Le Royaume ch\u00e9rifien, en multipliant les propositions aux pays sah\u00e9liens enclav\u00e9s, cherche \u00e0 renforcer ses liens avec des \u00c9tats en rupture avec la C\u00e9d\u00e9ao et de plus en plus distants de l\u2019Alg\u00e9rie. Rabat profite ainsi du contexte pour gagner en influence aupr\u00e8s de ces gouvernements, tout en se positionnant comme un acteur incontournable dans la dynamique s\u00e9curitaire de la r\u00e9gion.<\/p>\n<p>La Mauritanie, quant \u00e0 elle, doit \u00e9viter de se retrouver entra\u00een\u00e9e dans cette rivalit\u00e9 entre Rabat et Alger. L\u2019axe routier Es-Semara \u2013 fronti\u00e8re mauritanienne, s\u2019il venait \u00e0 \u00eatre prolong\u00e9, soul\u00e8verait des enjeux s\u00e9curitaires majeurs pour Nouakchott. La r\u00e9gion nord de la Mauritanie reste peu peupl\u00e9e et expos\u00e9e aux trafics en tous genres, ce qui pose la question de la gestion des flux et des \u00e9ventuelles cons\u00e9quences sur la stabilit\u00e9 locale.<\/p>\n<h3><strong>Un projet en attente d\u2019une vision claire<\/strong><\/h3>\n<p>Sans engagement clair de la part des autorit\u00e9s mauritaniennes, cette route demeure, pour l\u2019instant, un outil de communication politique du Maroc plus qu\u2019un v\u00e9ritable projet d\u2019int\u00e9gration r\u00e9gionale. Si elle devait r\u00e9ellement profiter \u00e0 la Mauritanie, il faudrait d\u2019abord garantir son prolongement jusqu\u2019\u00e0 Bir Moghrein, puis s\u2019assurer que les infrastructures locales puissent absorber et organiser les flux commerciaux qui en d\u00e9couleraient.<\/p>\n<p>\u00c0 ce stade, la Mauritanie semble surtout spectatrice d\u2019un projet qui sert avant tout les ambitions strat\u00e9giques du Maroc dans la r\u00e9gion. Le d\u00e9fi, pour Nouakchott, sera de naviguer prudemment dans cette dynamique, sans se laisser instrumentaliser dans une rivalit\u00e9 g\u00e9opolitique qui d\u00e9passe largement les seuls enjeux de connectivit\u00e9 routi\u00e8re.<\/p>\n<h2><\/h2>\n","protected":false},"excerpt":{"rendered":"<p>Le Maroc a r\u00e9cemment mis en avant l&#8217;ach\u00e8vement imminent de la route reliant Es-Semara \u00e0 la fronti\u00e8re mauritanienne, un projet de 93 kilom\u00e8tres qui a mobilis\u00e9 un investissement de pr\u00e8s de 50 millions de dirhams. Pr\u00e9sent\u00e9e comme un levier de d\u00e9veloppement r\u00e9gional et un atout pour la connectivit\u00e9, cette infrastructure pose n\u00e9anmoins une question centrale&#8230;..<\/p>\n","protected":false},"author":4,"featured_media":25639,"comment_status":"open","ping_status":"open","sticky":false,"template":"","format":"standard","meta":{"footnotes":""},"categories":[23,57],"tags":[],"class_list":["post-25638","post","type-post","status-publish","format-standard","has-post-thumbnail","hentry","category-actualite","category-couverture-specilale"],"yoast_head":"<!-- This site is optimized with the Yoast SEO plugin v28.4 - https:\/\/yoast.com\/product\/yoast-seo-wordpress\/ -->\n<title>Axe routier Es-Semara-Mauritanie\u00a0: Une route aux objectifs flous, la Mauritanie, simple spectatrice ? - Le Quotidien de Nouakchott<\/title>\n<meta name=\"robots\" content=\"index, follow, max-snippet:-1, max-image-preview:large, max-video-preview:-1\" \/>\n<link rel=\"canonical\" href=\"https:\/\/lequotidien.mr\/?p=25638&lang=fr\" \/>\n<meta property=\"og:locale\" content=\"ar_AR\" \/>\n<meta property=\"og:type\" content=\"article\" \/>\n<meta property=\"og:title\" content=\"Axe routier Es-Semara-Mauritanie\u00a0: Une route aux objectifs flous, la Mauritanie, simple spectatrice ? - Le Quotidien de Nouakchott\" \/>\n<meta property=\"og:description\" content=\"Le Maroc a r\u00e9cemment mis en avant l&#8217;ach\u00e8vement imminent de la route reliant Es-Semara \u00e0 la fronti\u00e8re mauritanienne, un projet de 93 kilom\u00e8tres qui a mobilis\u00e9 un investissement de pr\u00e8s de 50 millions de dirhams. Pr\u00e9sent\u00e9e comme un levier de d\u00e9veloppement r\u00e9gional et un atout pour la connectivit\u00e9, cette infrastructure pose n\u00e9anmoins une question centrale.....\" \/>\n<meta property=\"og:url\" content=\"https:\/\/lequotidien.mr\/?p=25638&amp;lang=fr\" \/>\n<meta property=\"og:site_name\" content=\"Le Quotidien de Nouakchott\" \/>\n<meta property=\"article:publisher\" content=\"https:\/\/web.facebook.com\/lequotidienmr\" \/>\n<meta property=\"article:published_time\" content=\"2025-02-24T11:18:48+00:00\" \/>\n<meta property=\"og:image\" content=\"https:\/\/lequotidien.mr\/wp-content\/uploads\/2025\/02\/WhatsApp-Image-2025-02-19-at-14.58.25-1024x576-1.jpeg\" \/>\n\t<meta property=\"og:image:width\" content=\"1024\" \/>\n\t<meta property=\"og:image:height\" content=\"576\" \/>\n\t<meta property=\"og:image:type\" content=\"image\/jpeg\" \/>\n<meta name=\"author\" content=\"Le Quotidien\" \/>\n<meta name=\"twitter:card\" content=\"summary_large_image\" \/>\n<meta name=\"twitter:creator\" content=\"@lequotidienmr\" \/>\n<meta name=\"twitter:site\" content=\"@lequotidienmr\" \/>\n<meta name=\"twitter:label1\" content=\"\u0643\u064f\u062a\u0628 \u0628\u0648\u0627\u0633\u0637\u0629\" \/>\n\t<meta name=\"twitter:data1\" content=\"Le Quotidien\" \/>\n\t<meta name=\"twitter:label2\" content=\"\u0648\u0642\u062a \u0627\u0644\u0642\u0631\u0627\u0621\u0629 \u0627\u0644\u0645\u064f\u0642\u062f\u0651\u0631\" \/>\n\t<meta name=\"twitter:data2\" content=\"3 \u062f\u0642\u0627\u0626\u0642\" \/>\n<script type=\"application\/ld+json\" class=\"yoast-schema-graph\">{\"@context\":\"https:\\\/\\\/schema.org\",\"@graph\":[{\"@type\":\"Article\",\"@id\":\"https:\\\/\\\/lequotidien.mr\\\/?p=25638&lang=fr#article\",\"isPartOf\":{\"@id\":\"https:\\\/\\\/lequotidien.mr\\\/?p=25638&lang=fr\"},\"author\":{\"name\":\"Le Quotidien\",\"@id\":\"https:\\\/\\\/lequotidien.mr\\\/#\\\/schema\\\/person\\\/f90fcdaa970c60288de4ed2e64a56472\"},\"headline\":\"Axe routier Es-Semara-Mauritanie\u00a0: Une route aux objectifs flous, la Mauritanie, simple spectatrice ?\",\"datePublished\":\"2025-02-24T11:18:48+00:00\",\"mainEntityOfPage\":{\"@id\":\"https:\\\/\\\/lequotidien.mr\\\/?p=25638&lang=fr\"},\"wordCount\":705,\"commentCount\":0,\"publisher\":{\"@id\":\"https:\\\/\\\/lequotidien.mr\\\/#organization\"},\"image\":{\"@id\":\"https:\\\/\\\/lequotidien.mr\\\/?p=25638&lang=fr#primaryimage\"},\"thumbnailUrl\":\"https:\\\/\\\/lequotidien.mr\\\/wp-content\\\/uploads\\\/2025\\\/02\\\/WhatsApp-Image-2025-02-19-at-14.58.25-1024x576-1.jpeg\",\"articleSection\":[\"ACTUALIT\u00c9\",\"Couverture sp\u00e9cilale\"],\"inLanguage\":\"ar\",\"potentialAction\":[{\"@type\":\"CommentAction\",\"name\":\"Comment\",\"target\":[\"https:\\\/\\\/lequotidien.mr\\\/?p=25638&lang=fr#respond\"]}]},{\"@type\":\"WebPage\",\"@id\":\"https:\\\/\\\/lequotidien.mr\\\/?p=25638&lang=fr\",\"url\":\"https:\\\/\\\/lequotidien.mr\\\/?p=25638&lang=fr\",\"name\":\"Axe routier Es-Semara-Mauritanie\u00a0: Une route aux objectifs flous, la Mauritanie, simple spectatrice ? - Le Quotidien de Nouakchott\",\"isPartOf\":{\"@id\":\"https:\\\/\\\/lequotidien.mr\\\/#website\"},\"primaryImageOfPage\":{\"@id\":\"https:\\\/\\\/lequotidien.mr\\\/?p=25638&lang=fr#primaryimage\"},\"image\":{\"@id\":\"https:\\\/\\\/lequotidien.mr\\\/?p=25638&lang=fr#primaryimage\"},\"thumbnailUrl\":\"https:\\\/\\\/lequotidien.mr\\\/wp-content\\\/uploads\\\/2025\\\/02\\\/WhatsApp-Image-2025-02-19-at-14.58.25-1024x576-1.jpeg\",\"datePublished\":\"2025-02-24T11:18:48+00:00\",\"breadcrumb\":{\"@id\":\"https:\\\/\\\/lequotidien.mr\\\/?p=25638&lang=fr#breadcrumb\"},\"inLanguage\":\"ar\",\"potentialAction\":[{\"@type\":\"ReadAction\",\"target\":[\"https:\\\/\\\/lequotidien.mr\\\/?p=25638&lang=fr\"]}]},{\"@type\":\"ImageObject\",\"inLanguage\":\"ar\",\"@id\":\"https:\\\/\\\/lequotidien.mr\\\/?p=25638&lang=fr#primaryimage\",\"url\":\"https:\\\/\\\/lequotidien.mr\\\/wp-content\\\/uploads\\\/2025\\\/02\\\/WhatsApp-Image-2025-02-19-at-14.58.25-1024x576-1.jpeg\",\"contentUrl\":\"https:\\\/\\\/lequotidien.mr\\\/wp-content\\\/uploads\\\/2025\\\/02\\\/WhatsApp-Image-2025-02-19-at-14.58.25-1024x576-1.jpeg\",\"width\":1024,\"height\":576},{\"@type\":\"BreadcrumbList\",\"@id\":\"https:\\\/\\\/lequotidien.mr\\\/?p=25638&lang=fr#breadcrumb\",\"itemListElement\":[{\"@type\":\"ListItem\",\"position\":1,\"name\":\"Home\",\"item\":\"https:\\\/\\\/lequotidien.mr\\\/\"},{\"@type\":\"ListItem\",\"position\":2,\"name\":\"Axe routier Es-Semara-Mauritanie\u00a0: Une route aux objectifs flous, la Mauritanie, simple spectatrice ?\"}]},{\"@type\":\"WebSite\",\"@id\":\"https:\\\/\\\/lequotidien.mr\\\/#website\",\"url\":\"https:\\\/\\\/lequotidien.mr\\\/\",\"name\":\"Le Quotidien de Nouakchott\",\"description\":\"\u0625\u062e\u0628\u0627\u0631\u064a\u0629 \u0645\u0633\u062a\u0642\u0644\u0629 \u0644\u0644\u0623\u0646\u0628\u0627\u0621 \u0627\u0644\u0639\u0627\u0645\u0629\",\"publisher\":{\"@id\":\"https:\\\/\\\/lequotidien.mr\\\/#organization\"},\"potentialAction\":[{\"@type\":\"SearchAction\",\"target\":{\"@type\":\"EntryPoint\",\"urlTemplate\":\"https:\\\/\\\/lequotidien.mr\\\/?s={search_term_string}\"},\"query-input\":{\"@type\":\"PropertyValueSpecification\",\"valueRequired\":true,\"valueName\":\"search_term_string\"}}],\"inLanguage\":\"ar\"},{\"@type\":\"Organization\",\"@id\":\"https:\\\/\\\/lequotidien.mr\\\/#organization\",\"name\":\"Le Quotidien de Nouakchott\",\"url\":\"https:\\\/\\\/lequotidien.mr\\\/\",\"logo\":{\"@type\":\"ImageObject\",\"inLanguage\":\"ar\",\"@id\":\"https:\\\/\\\/lequotidien.mr\\\/#\\\/schema\\\/logo\\\/image\\\/\",\"url\":\"https:\\\/\\\/lequotidien.mr\\\/wp-content\\\/uploads\\\/2022\\\/11\\\/logolequotidien.jpg\",\"contentUrl\":\"https:\\\/\\\/lequotidien.mr\\\/wp-content\\\/uploads\\\/2022\\\/11\\\/logolequotidien.jpg\",\"width\":290,\"height\":65,\"caption\":\"Le Quotidien de Nouakchott\"},\"image\":{\"@id\":\"https:\\\/\\\/lequotidien.mr\\\/#\\\/schema\\\/logo\\\/image\\\/\"},\"sameAs\":[\"https:\\\/\\\/web.facebook.com\\\/lequotidienmr\",\"https:\\\/\\\/x.com\\\/lequotidienmr\"]},{\"@type\":\"Person\",\"@id\":\"https:\\\/\\\/lequotidien.mr\\\/#\\\/schema\\\/person\\\/f90fcdaa970c60288de4ed2e64a56472\",\"name\":\"Le Quotidien\",\"image\":{\"@type\":\"ImageObject\",\"inLanguage\":\"ar\",\"@id\":\"https:\\\/\\\/secure.gravatar.com\\\/avatar\\\/374cb39a1a458a912465a93e5a3ce6546886fc3da809a1f10c63e4e8fcbca30f?s=96&d=mm&r=g\",\"url\":\"https:\\\/\\\/secure.gravatar.com\\\/avatar\\\/374cb39a1a458a912465a93e5a3ce6546886fc3da809a1f10c63e4e8fcbca30f?s=96&d=mm&r=g\",\"contentUrl\":\"https:\\\/\\\/secure.gravatar.com\\\/avatar\\\/374cb39a1a458a912465a93e5a3ce6546886fc3da809a1f10c63e4e8fcbca30f?s=96&d=mm&r=g\",\"caption\":\"Le Quotidien\"},\"sameAs\":[\"https:\\\/\\\/lequotidien.mr\\\/\"],\"url\":\"https:\\\/\\\/lequotidien.mr\\\/?author=4\"}]}<\/script>\n<!-- \/ Yoast SEO plugin. -->","yoast_head_json":{"title":"Axe routier Es-Semara-Mauritanie\u00a0: Une route aux objectifs flous, la Mauritanie, simple spectatrice ? - Le Quotidien de Nouakchott","robots":{"index":"index","follow":"follow","max-snippet":"max-snippet:-1","max-image-preview":"max-image-preview:large","max-video-preview":"max-video-preview:-1"},"canonical":"https:\/\/lequotidien.mr\/?p=25638&lang=fr","og_locale":"ar_AR","og_type":"article","og_title":"Axe routier Es-Semara-Mauritanie\u00a0: Une route aux objectifs flous, la Mauritanie, simple spectatrice ? - Le Quotidien de Nouakchott","og_description":"Le Maroc a r\u00e9cemment mis en avant l&#8217;ach\u00e8vement imminent de la route reliant Es-Semara \u00e0 la fronti\u00e8re mauritanienne, un projet de 93 kilom\u00e8tres qui a mobilis\u00e9 un investissement de pr\u00e8s de 50 millions de dirhams. Pr\u00e9sent\u00e9e comme un levier de d\u00e9veloppement r\u00e9gional et un atout pour la connectivit\u00e9, cette infrastructure pose n\u00e9anmoins une question centrale.....","og_url":"https:\/\/lequotidien.mr\/?p=25638&lang=fr","og_site_name":"Le Quotidien de Nouakchott","article_publisher":"https:\/\/web.facebook.com\/lequotidienmr","article_published_time":"2025-02-24T11:18:48+00:00","og_image":[{"width":1024,"height":576,"url":"https:\/\/lequotidien.mr\/wp-content\/uploads\/2025\/02\/WhatsApp-Image-2025-02-19-at-14.58.25-1024x576-1.jpeg","type":"image\/jpeg"}],"author":"Le Quotidien","twitter_card":"summary_large_image","twitter_creator":"@lequotidienmr","twitter_site":"@lequotidienmr","twitter_misc":{"\u0643\u064f\u062a\u0628 \u0628\u0648\u0627\u0633\u0637\u0629":"Le Quotidien","\u0648\u0642\u062a \u0627\u0644\u0642\u0631\u0627\u0621\u0629 \u0627\u0644\u0645\u064f\u0642\u062f\u0651\u0631":"3 \u062f\u0642\u0627\u0626\u0642"},"schema":{"@context":"https:\/\/schema.org","@graph":[{"@type":"Article","@id":"https:\/\/lequotidien.mr\/?p=25638&lang=fr#article","isPartOf":{"@id":"https:\/\/lequotidien.mr\/?p=25638&lang=fr"},"author":{"name":"Le Quotidien","@id":"https:\/\/lequotidien.mr\/#\/schema\/person\/f90fcdaa970c60288de4ed2e64a56472"},"headline":"Axe routier Es-Semara-Mauritanie\u00a0: Une route aux objectifs flous, la Mauritanie, simple spectatrice ?","datePublished":"2025-02-24T11:18:48+00:00","mainEntityOfPage":{"@id":"https:\/\/lequotidien.mr\/?p=25638&lang=fr"},"wordCount":705,"commentCount":0,"publisher":{"@id":"https:\/\/lequotidien.mr\/#organization"},"image":{"@id":"https:\/\/lequotidien.mr\/?p=25638&lang=fr#primaryimage"},"thumbnailUrl":"https:\/\/lequotidien.mr\/wp-content\/uploads\/2025\/02\/WhatsApp-Image-2025-02-19-at-14.58.25-1024x576-1.jpeg","articleSection":["ACTUALIT\u00c9","Couverture sp\u00e9cilale"],"inLanguage":"ar","potentialAction":[{"@type":"CommentAction","name":"Comment","target":["https:\/\/lequotidien.mr\/?p=25638&lang=fr#respond"]}]},{"@type":"WebPage","@id":"https:\/\/lequotidien.mr\/?p=25638&lang=fr","url":"https:\/\/lequotidien.mr\/?p=25638&lang=fr","name":"Axe routier Es-Semara-Mauritanie\u00a0: Une route aux objectifs flous, la Mauritanie, simple spectatrice ? - Le Quotidien de Nouakchott","isPartOf":{"@id":"https:\/\/lequotidien.mr\/#website"},"primaryImageOfPage":{"@id":"https:\/\/lequotidien.mr\/?p=25638&lang=fr#primaryimage"},"image":{"@id":"https:\/\/lequotidien.mr\/?p=25638&lang=fr#primaryimage"},"thumbnailUrl":"https:\/\/lequotidien.mr\/wp-content\/uploads\/2025\/02\/WhatsApp-Image-2025-02-19-at-14.58.25-1024x576-1.jpeg","datePublished":"2025-02-24T11:18:48+00:00","breadcrumb":{"@id":"https:\/\/lequotidien.mr\/?p=25638&lang=fr#breadcrumb"},"inLanguage":"ar","potentialAction":[{"@type":"ReadAction","target":["https:\/\/lequotidien.mr\/?p=25638&lang=fr"]}]},{"@type":"ImageObject","inLanguage":"ar","@id":"https:\/\/lequotidien.mr\/?p=25638&lang=fr#primaryimage","url":"https:\/\/lequotidien.mr\/wp-content\/uploads\/2025\/02\/WhatsApp-Image-2025-02-19-at-14.58.25-1024x576-1.jpeg","contentUrl":"https:\/\/lequotidien.mr\/wp-content\/uploads\/2025\/02\/WhatsApp-Image-2025-02-19-at-14.58.25-1024x576-1.jpeg","width":1024,"height":576},{"@type":"BreadcrumbList","@id":"https:\/\/lequotidien.mr\/?p=25638&lang=fr#breadcrumb","itemListElement":[{"@type":"ListItem","position":1,"name":"Home","item":"https:\/\/lequotidien.mr\/"},{"@type":"ListItem","position":2,"name":"Axe routier Es-Semara-Mauritanie\u00a0: Une route aux objectifs flous, la Mauritanie, simple spectatrice ?"}]},{"@type":"WebSite","@id":"https:\/\/lequotidien.mr\/#website","url":"https:\/\/lequotidien.mr\/","name":"Le Quotidien de Nouakchott","description":"\u0625\u062e\u0628\u0627\u0631\u064a\u0629 \u0645\u0633\u062a\u0642\u0644\u0629 \u0644\u0644\u0623\u0646\u0628\u0627\u0621 \u0627\u0644\u0639\u0627\u0645\u0629","publisher":{"@id":"https:\/\/lequotidien.mr\/#organization"},"potentialAction":[{"@type":"SearchAction","target":{"@type":"EntryPoint","urlTemplate":"https:\/\/lequotidien.mr\/?s={search_term_string}"},"query-input":{"@type":"PropertyValueSpecification","valueRequired":true,"valueName":"search_term_string"}}],"inLanguage":"ar"},{"@type":"Organization","@id":"https:\/\/lequotidien.mr\/#organization","name":"Le Quotidien de Nouakchott","url":"https:\/\/lequotidien.mr\/","logo":{"@type":"ImageObject","inLanguage":"ar","@id":"https:\/\/lequotidien.mr\/#\/schema\/logo\/image\/","url":"https:\/\/lequotidien.mr\/wp-content\/uploads\/2022\/11\/logolequotidien.jpg","contentUrl":"https:\/\/lequotidien.mr\/wp-content\/uploads\/2022\/11\/logolequotidien.jpg","width":290,"height":65,"caption":"Le Quotidien de Nouakchott"},"image":{"@id":"https:\/\/lequotidien.mr\/#\/schema\/logo\/image\/"},"sameAs":["https:\/\/web.facebook.com\/lequotidienmr","https:\/\/x.com\/lequotidienmr"]},{"@type":"Person","@id":"https:\/\/lequotidien.mr\/#\/schema\/person\/f90fcdaa970c60288de4ed2e64a56472","name":"Le Quotidien","image":{"@type":"ImageObject","inLanguage":"ar","@id":"https:\/\/secure.gravatar.com\/avatar\/374cb39a1a458a912465a93e5a3ce6546886fc3da809a1f10c63e4e8fcbca30f?s=96&d=mm&r=g","url":"https:\/\/secure.gravatar.com\/avatar\/374cb39a1a458a912465a93e5a3ce6546886fc3da809a1f10c63e4e8fcbca30f?s=96&d=mm&r=g","contentUrl":"https:\/\/secure.gravatar.com\/avatar\/374cb39a1a458a912465a93e5a3ce6546886fc3da809a1f10c63e4e8fcbca30f?s=96&d=mm&r=g","caption":"Le Quotidien"},"sameAs":["https:\/\/lequotidien.mr\/"],"url":"https:\/\/lequotidien.mr\/?author=4"}]}},"_links":{"self":[{"href":"https:\/\/lequotidien.mr\/index.php?rest_route=\/wp\/v2\/posts\/25638","targetHints":{"allow":["GET"]}}],"collection":[{"href":"https:\/\/lequotidien.mr\/index.php?rest_route=\/wp\/v2\/posts"}],"about":[{"href":"https:\/\/lequotidien.mr\/index.php?rest_route=\/wp\/v2\/types\/post"}],"author":[{"embeddable":true,"href":"https:\/\/lequotidien.mr\/index.php?rest_route=\/wp\/v2\/users\/4"}],"replies":[{"embeddable":true,"href":"https:\/\/lequotidien.mr\/index.php?rest_route=%2Fwp%2Fv2%2Fcomments&post=25638"}],"version-history":[{"count":1,"href":"https:\/\/lequotidien.mr\/index.php?rest_route=\/wp\/v2\/posts\/25638\/revisions"}],"predecessor-version":[{"id":25640,"href":"https:\/\/lequotidien.mr\/index.php?rest_route=\/wp\/v2\/posts\/25638\/revisions\/25640"}],"wp:featuredmedia":[{"embeddable":true,"href":"https:\/\/lequotidien.mr\/index.php?rest_route=\/wp\/v2\/media\/25639"}],"wp:attachment":[{"href":"https:\/\/lequotidien.mr\/index.php?rest_route=%2Fwp%2Fv2%2Fmedia&parent=25638"}],"wp:term":[{"taxonomy":"category","embeddable":true,"href":"https:\/\/lequotidien.mr\/index.php?rest_route=%2Fwp%2Fv2%2Fcategories&post=25638"},{"taxonomy":"post_tag","embeddable":true,"href":"https:\/\/lequotidien.mr\/index.php?rest_route=%2Fwp%2Fv2%2Ftags&post=25638"}],"curies":[{"name":"wp","href":"https:\/\/api.w.org\/{rel}","templated":true}]}}