{"id":25632,"date":"2025-02-24T10:02:22","date_gmt":"2025-02-24T10:02:22","guid":{"rendered":"https:\/\/lequotidien.mr\/?p=25632"},"modified":"2025-02-24T10:02:22","modified_gmt":"2025-02-24T10:02:22","slug":"mauritanie-iles-canaries-une-cooperation-renforcee-sur-fond-denjeux-migratoires-et-economiques","status":"publish","type":"post","link":"https:\/\/lequotidien.mr\/?p=25632&lang=fr","title":{"rendered":"Mauritanie \u2013 \u00celes Canaries : Une coop\u00e9ration renforc\u00e9e sur fond d\u2019enjeux migratoires et \u00e9conomiques"},"content":{"rendered":"<p>Nouakchott a accueilli, ces derniers jours, une visite de haut niveau du pr\u00e9sident du gouvernement des \u00eeles Canaries, <strong>Fernando Clavijo<\/strong>, \u00e0 la t\u00eate d\u2019une importante d\u00e9l\u00e9gation compos\u00e9e de plus de <strong>70 personnalit\u00e9s<\/strong>, incluant des hommes d\u2019affaires, des entrepreneurs, des chercheurs, des universitaires et des responsables portuaires et commerciaux. Cette mission, qui marque un tournant dans les relations mauritano-espagnoles, s\u2019inscrit dans un contexte o\u00f9 les d\u00e9fis migratoires et les opportunit\u00e9s \u00e9conomiques imposent un <strong>dialogue strat\u00e9gique approfondi<\/strong> entre les deux territoires voisins.<\/p>\n<p><strong>Un voisinage sous le signe de la coop\u00e9ration \u00e9conomique<\/strong><\/p>\n<p>La proximit\u00e9 g\u00e9ographique entre la Mauritanie et l\u2019archipel espagnol conf\u00e8re aux relations bilat\u00e9rales une dimension strat\u00e9gique majeure, notamment dans les domaines de l\u2019investissement, du commerce et des infrastructures. D\u00e8s son arriv\u00e9e \u00e0 Nouakchott, <strong>Fernando Clavijo<\/strong> a \u00e9t\u00e9 re\u00e7u par le ministre mauritanien de l&#8217;\u00c9conomie et des Finances, <strong>Sid Ahmed Bouh<\/strong>, afin d&#8217;examiner les moyens de <strong>renforcer et diversifier la coop\u00e9ration<\/strong> entre la Mauritanie et l\u2019Espagne.<\/p>\n<p>L&#8217;accent a \u00e9t\u00e9 mis sur plusieurs secteurs cl\u00e9s, notamment la <strong>formation professionnelle<\/strong>, la <strong>p\u00eache<\/strong>, la <strong>logistique portuaire<\/strong> et <strong>l\u2019\u00e9conomie bleue<\/strong>. Lors de sa visite \u00e0 l\u2019\u00c9cole d\u2019enseignement technique et de formation professionnelle industrielle de Nouakchott, Clavijo a annonc\u00e9 le lancement d\u2019un programme de <strong>formation de 40 jeunes mauritaniens<\/strong> dans les m\u00e9tiers de la construction et de la sid\u00e9rurgie, avec l\u2019appui de formateurs espagnols et mauritaniens. Cette initiative illustre la volont\u00e9 des \u00eeles Canaries d\u2019accompagner le d\u00e9veloppement du <strong>capital humain<\/strong> en Mauritanie, en vue de favoriser l&#8217;insertion professionnelle et de lutter contre l\u2019\u00e9migration clandestine par le biais d\u2019opportunit\u00e9s locales.<\/p>\n<p>Par ailleurs, des rencontres ont eu lieu entre les investisseurs canariens et le ministre mauritanien de la P\u00eache et des Infrastructures, <strong>Fadel Ould Sidati<\/strong>, afin d\u2019<strong>explorer les opportunit\u00e9s d\u2019investissement<\/strong> dans le secteur halieutique et portuaire, un domaine strat\u00e9gique pour les deux parties.<\/p>\n<p><strong>La migration au c\u0153ur des discussions<\/strong><\/p>\n<p>Au-del\u00e0 des perspectives \u00e9conomiques, la question migratoire a occup\u00e9 une place centrale dans les \u00e9changes entre les responsables mauritaniens et la d\u00e9l\u00e9gation espagnole. La Mauritanie, en tant que <strong>zone de transit<\/strong> privil\u00e9gi\u00e9e pour les migrants africains en route vers l\u2019Europe via les \u00eeles Canaries, se trouve confront\u00e9e \u00e0 un d\u00e9fi majeur que l\u2019Espagne et l\u2019Union europ\u00e9enne cherchent \u00e0 <strong>endiguer par une coop\u00e9ration renforc\u00e9e<\/strong>.<\/p>\n<p>Lors de son audience avec le pr\u00e9sident mauritanien <strong>Mohamed Ould Cheikh El Ghazouani<\/strong>, <strong>Fernando Clavijo<\/strong> a soulign\u00e9 l\u2019importance de <strong>la coordination entre l\u2019Espagne, l\u2019Europe et la Mauritanie<\/strong> pour freiner les flux migratoires irr\u00e9guliers. \u00ab <strong>Nous avons pu parler des efforts li\u00e9s \u00e0 la migration irr\u00e9guli\u00e8re, la Mauritanie \u00e9tant une zone de transit comme les \u00eeles Canaries<\/strong> \u00bb, a d\u00e9clar\u00e9 Clavijo. Il a insist\u00e9 sur la n\u00e9cessit\u00e9 de <strong>poursuivre et d\u2019intensifier<\/strong> cette coop\u00e9ration pour \u00e9viter les trag\u00e9dies humaines en mer.<\/p>\n<p>Dans ce cadre, <strong>le programme MAC 2021-2027<\/strong>, dot\u00e9 de plus de <strong>200 millions d\u2019euros<\/strong>, constitue un levier financier important pour le d\u00e9veloppement de projets dans l\u2019\u00e9conomie bleue, les p\u00eaches, l\u2019agriculture et les \u00e9nergies renouvelables. L\u2019objectif est de <strong>cr\u00e9er des alternatives \u00e9conomiques viables<\/strong> afin de limiter l\u2019\u00e9migration clandestine et d\u2019<strong>am\u00e9liorer les conditions de vie<\/strong> des populations concern\u00e9es.<\/p>\n<p><strong>Un partenariat strat\u00e9gique en pleine expansion<\/strong><\/p>\n<p>Cette visite officielle marque le d\u00e9but d\u2019un <strong>rapprochement strat\u00e9gique entre la Mauritanie et les \u00eeles Canaries<\/strong>, avec un agenda ax\u00e9 sur <strong>l\u2019investissement, la formation et la lutte contre la migration irr\u00e9guli\u00e8re<\/strong>. La compl\u00e9mentarit\u00e9 entre les deux territoires, ainsi que leur interd\u00e9pendance en mati\u00e8re de <strong>s\u00e9curit\u00e9, de d\u00e9veloppement \u00e9conomique et de gestion migratoire<\/strong>, impose une coop\u00e9ration accrue et des actions concr\u00e8tes.<\/p>\n<p>Avec l\u2019engagement affich\u00e9 par Fernando Clavijo et l\u2019implication des autorit\u00e9s mauritaniennes, ce partenariat pourrait bien <strong>ouvrir de nouvelles perspectives pour le renforcement des relations euro-africaines<\/strong>, dans un contexte marqu\u00e9 par des d\u00e9fis migratoires croissants et la n\u00e9cessit\u00e9 de <strong>solutions \u00e9conomiques durables<\/strong>.<\/p>\n<p>&nbsp;<\/p>\n","protected":false},"excerpt":{"rendered":"<p>Nouakchott a accueilli, ces derniers jours, une visite de haut niveau du pr\u00e9sident du gouvernement des \u00eeles Canaries, Fernando Clavijo, \u00e0 la t\u00eate d\u2019une importante d\u00e9l\u00e9gation compos\u00e9e de plus de 70 personnalit\u00e9s, incluant des hommes d\u2019affaires, des entrepreneurs, des chercheurs, des universitaires et des responsables portuaires et commerciaux. Cette mission, qui marque un tournant dans&#8230;..<\/p>\n","protected":false},"author":4,"featured_media":25633,"comment_status":"open","ping_status":"open","sticky":false,"template":"","format":"standard","meta":{"footnotes":""},"categories":[23,57],"tags":[],"class_list":["post-25632","post","type-post","status-publish","format-standard","has-post-thumbnail","hentry","category-actualite","category-couverture-specilale"],"yoast_head":"<!-- This site is optimized with the Yoast SEO plugin v27.5 - https:\/\/yoast.com\/product\/yoast-seo-wordpress\/ -->\n<title>Mauritanie \u2013 \u00celes Canaries : Une coop\u00e9ration renforc\u00e9e sur fond d\u2019enjeux migratoires et \u00e9conomiques - Le Quotidien de Nouakchott<\/title>\n<meta name=\"robots\" content=\"index, follow, max-snippet:-1, max-image-preview:large, max-video-preview:-1\" \/>\n<link rel=\"canonical\" href=\"https:\/\/lequotidien.mr\/?p=25632&lang=fr\" \/>\n<meta property=\"og:locale\" content=\"ar_AR\" \/>\n<meta property=\"og:type\" content=\"article\" \/>\n<meta property=\"og:title\" content=\"Mauritanie \u2013 \u00celes Canaries : Une coop\u00e9ration renforc\u00e9e sur fond d\u2019enjeux migratoires et \u00e9conomiques - Le Quotidien de Nouakchott\" \/>\n<meta property=\"og:description\" content=\"Nouakchott a accueilli, ces derniers jours, une visite de haut niveau du pr\u00e9sident du gouvernement des \u00eeles Canaries, Fernando Clavijo, \u00e0 la t\u00eate d\u2019une importante d\u00e9l\u00e9gation compos\u00e9e de plus de 70 personnalit\u00e9s, incluant des hommes d\u2019affaires, des entrepreneurs, des chercheurs, des universitaires et des responsables portuaires et commerciaux. Cette mission, qui marque un tournant dans.....\" \/>\n<meta property=\"og:url\" content=\"https:\/\/lequotidien.mr\/?p=25632&amp;lang=fr\" \/>\n<meta property=\"og:site_name\" content=\"Le Quotidien de Nouakchott\" \/>\n<meta property=\"article:publisher\" content=\"https:\/\/web.facebook.com\/lequotidienmr\" \/>\n<meta property=\"article:published_time\" content=\"2025-02-24T10:02:22+00:00\" \/>\n<meta property=\"og:image\" content=\"https:\/\/lequotidien.mr\/wp-content\/uploads\/2025\/02\/canaries.jpg\" \/>\n\t<meta property=\"og:image:width\" content=\"1082\" \/>\n\t<meta property=\"og:image:height\" content=\"630\" \/>\n\t<meta property=\"og:image:type\" content=\"image\/jpeg\" \/>\n<meta name=\"author\" content=\"Le Quotidien\" \/>\n<meta name=\"twitter:card\" content=\"summary_large_image\" \/>\n<meta name=\"twitter:creator\" content=\"@lequotidienmr\" \/>\n<meta name=\"twitter:site\" content=\"@lequotidienmr\" \/>\n<meta name=\"twitter:label1\" content=\"\u0643\u064f\u062a\u0628 \u0628\u0648\u0627\u0633\u0637\u0629\" \/>\n\t<meta name=\"twitter:data1\" content=\"Le Quotidien\" \/>\n\t<meta name=\"twitter:label2\" content=\"\u0648\u0642\u062a \u0627\u0644\u0642\u0631\u0627\u0621\u0629 \u0627\u0644\u0645\u064f\u0642\u062f\u0651\u0631\" \/>\n\t<meta name=\"twitter:data2\" content=\"3 \u062f\u0642\u0627\u0626\u0642\" \/>\n<script type=\"application\/ld+json\" class=\"yoast-schema-graph\">{\"@context\":\"https:\\\/\\\/schema.org\",\"@graph\":[{\"@type\":\"Article\",\"@id\":\"https:\\\/\\\/lequotidien.mr\\\/?p=25632&lang=fr#article\",\"isPartOf\":{\"@id\":\"https:\\\/\\\/lequotidien.mr\\\/?p=25632&lang=fr\"},\"author\":{\"name\":\"Le Quotidien\",\"@id\":\"https:\\\/\\\/lequotidien.mr\\\/#\\\/schema\\\/person\\\/f90fcdaa970c60288de4ed2e64a56472\"},\"headline\":\"Mauritanie \u2013 \u00celes Canaries : Une coop\u00e9ration renforc\u00e9e sur fond d\u2019enjeux migratoires et \u00e9conomiques\",\"datePublished\":\"2025-02-24T10:02:22+00:00\",\"mainEntityOfPage\":{\"@id\":\"https:\\\/\\\/lequotidien.mr\\\/?p=25632&lang=fr\"},\"wordCount\":713,\"commentCount\":0,\"publisher\":{\"@id\":\"https:\\\/\\\/lequotidien.mr\\\/#organization\"},\"image\":{\"@id\":\"https:\\\/\\\/lequotidien.mr\\\/?p=25632&lang=fr#primaryimage\"},\"thumbnailUrl\":\"https:\\\/\\\/lequotidien.mr\\\/wp-content\\\/uploads\\\/2025\\\/02\\\/canaries.jpg\",\"articleSection\":[\"ACTUALIT\u00c9\",\"Couverture sp\u00e9cilale\"],\"inLanguage\":\"ar\",\"potentialAction\":[{\"@type\":\"CommentAction\",\"name\":\"Comment\",\"target\":[\"https:\\\/\\\/lequotidien.mr\\\/?p=25632&lang=fr#respond\"]}]},{\"@type\":\"WebPage\",\"@id\":\"https:\\\/\\\/lequotidien.mr\\\/?p=25632&lang=fr\",\"url\":\"https:\\\/\\\/lequotidien.mr\\\/?p=25632&lang=fr\",\"name\":\"Mauritanie \u2013 \u00celes Canaries : Une coop\u00e9ration renforc\u00e9e sur fond d\u2019enjeux migratoires et \u00e9conomiques - Le Quotidien de Nouakchott\",\"isPartOf\":{\"@id\":\"https:\\\/\\\/lequotidien.mr\\\/#website\"},\"primaryImageOfPage\":{\"@id\":\"https:\\\/\\\/lequotidien.mr\\\/?p=25632&lang=fr#primaryimage\"},\"image\":{\"@id\":\"https:\\\/\\\/lequotidien.mr\\\/?p=25632&lang=fr#primaryimage\"},\"thumbnailUrl\":\"https:\\\/\\\/lequotidien.mr\\\/wp-content\\\/uploads\\\/2025\\\/02\\\/canaries.jpg\",\"datePublished\":\"2025-02-24T10:02:22+00:00\",\"breadcrumb\":{\"@id\":\"https:\\\/\\\/lequotidien.mr\\\/?p=25632&lang=fr#breadcrumb\"},\"inLanguage\":\"ar\",\"potentialAction\":[{\"@type\":\"ReadAction\",\"target\":[\"https:\\\/\\\/lequotidien.mr\\\/?p=25632&lang=fr\"]}]},{\"@type\":\"ImageObject\",\"inLanguage\":\"ar\",\"@id\":\"https:\\\/\\\/lequotidien.mr\\\/?p=25632&lang=fr#primaryimage\",\"url\":\"https:\\\/\\\/lequotidien.mr\\\/wp-content\\\/uploads\\\/2025\\\/02\\\/canaries.jpg\",\"contentUrl\":\"https:\\\/\\\/lequotidien.mr\\\/wp-content\\\/uploads\\\/2025\\\/02\\\/canaries.jpg\",\"width\":1082,\"height\":630},{\"@type\":\"BreadcrumbList\",\"@id\":\"https:\\\/\\\/lequotidien.mr\\\/?p=25632&lang=fr#breadcrumb\",\"itemListElement\":[{\"@type\":\"ListItem\",\"position\":1,\"name\":\"Home\",\"item\":\"https:\\\/\\\/lequotidien.mr\\\/\"},{\"@type\":\"ListItem\",\"position\":2,\"name\":\"Mauritanie \u2013 \u00celes Canaries : Une coop\u00e9ration renforc\u00e9e sur fond d\u2019enjeux migratoires et \u00e9conomiques\"}]},{\"@type\":\"WebSite\",\"@id\":\"https:\\\/\\\/lequotidien.mr\\\/#website\",\"url\":\"https:\\\/\\\/lequotidien.mr\\\/\",\"name\":\"Le Quotidien de Nouakchott\",\"description\":\"\u0625\u062e\u0628\u0627\u0631\u064a\u0629 \u0645\u0633\u062a\u0642\u0644\u0629 \u0644\u0644\u0623\u0646\u0628\u0627\u0621 \u0627\u0644\u0639\u0627\u0645\u0629\",\"publisher\":{\"@id\":\"https:\\\/\\\/lequotidien.mr\\\/#organization\"},\"potentialAction\":[{\"@type\":\"SearchAction\",\"target\":{\"@type\":\"EntryPoint\",\"urlTemplate\":\"https:\\\/\\\/lequotidien.mr\\\/?s={search_term_string}\"},\"query-input\":{\"@type\":\"PropertyValueSpecification\",\"valueRequired\":true,\"valueName\":\"search_term_string\"}}],\"inLanguage\":\"ar\"},{\"@type\":\"Organization\",\"@id\":\"https:\\\/\\\/lequotidien.mr\\\/#organization\",\"name\":\"Le Quotidien de Nouakchott\",\"url\":\"https:\\\/\\\/lequotidien.mr\\\/\",\"logo\":{\"@type\":\"ImageObject\",\"inLanguage\":\"ar\",\"@id\":\"https:\\\/\\\/lequotidien.mr\\\/#\\\/schema\\\/logo\\\/image\\\/\",\"url\":\"https:\\\/\\\/lequotidien.mr\\\/wp-content\\\/uploads\\\/2022\\\/11\\\/logolequotidien.jpg\",\"contentUrl\":\"https:\\\/\\\/lequotidien.mr\\\/wp-content\\\/uploads\\\/2022\\\/11\\\/logolequotidien.jpg\",\"width\":290,\"height\":65,\"caption\":\"Le Quotidien de Nouakchott\"},\"image\":{\"@id\":\"https:\\\/\\\/lequotidien.mr\\\/#\\\/schema\\\/logo\\\/image\\\/\"},\"sameAs\":[\"https:\\\/\\\/web.facebook.com\\\/lequotidienmr\",\"https:\\\/\\\/x.com\\\/lequotidienmr\"]},{\"@type\":\"Person\",\"@id\":\"https:\\\/\\\/lequotidien.mr\\\/#\\\/schema\\\/person\\\/f90fcdaa970c60288de4ed2e64a56472\",\"name\":\"Le Quotidien\",\"image\":{\"@type\":\"ImageObject\",\"inLanguage\":\"ar\",\"@id\":\"https:\\\/\\\/secure.gravatar.com\\\/avatar\\\/374cb39a1a458a912465a93e5a3ce6546886fc3da809a1f10c63e4e8fcbca30f?s=96&d=mm&r=g\",\"url\":\"https:\\\/\\\/secure.gravatar.com\\\/avatar\\\/374cb39a1a458a912465a93e5a3ce6546886fc3da809a1f10c63e4e8fcbca30f?s=96&d=mm&r=g\",\"contentUrl\":\"https:\\\/\\\/secure.gravatar.com\\\/avatar\\\/374cb39a1a458a912465a93e5a3ce6546886fc3da809a1f10c63e4e8fcbca30f?s=96&d=mm&r=g\",\"caption\":\"Le Quotidien\"},\"sameAs\":[\"https:\\\/\\\/lequotidien.mr\\\/\"],\"url\":\"https:\\\/\\\/lequotidien.mr\\\/?author=4\"}]}<\/script>\n<!-- \/ Yoast SEO plugin. -->","yoast_head_json":{"title":"Mauritanie \u2013 \u00celes Canaries : Une coop\u00e9ration renforc\u00e9e sur fond d\u2019enjeux migratoires et \u00e9conomiques - Le Quotidien de Nouakchott","robots":{"index":"index","follow":"follow","max-snippet":"max-snippet:-1","max-image-preview":"max-image-preview:large","max-video-preview":"max-video-preview:-1"},"canonical":"https:\/\/lequotidien.mr\/?p=25632&lang=fr","og_locale":"ar_AR","og_type":"article","og_title":"Mauritanie \u2013 \u00celes Canaries : Une coop\u00e9ration renforc\u00e9e sur fond d\u2019enjeux migratoires et \u00e9conomiques - Le Quotidien de Nouakchott","og_description":"Nouakchott a accueilli, ces derniers jours, une visite de haut niveau du pr\u00e9sident du gouvernement des \u00eeles Canaries, Fernando Clavijo, \u00e0 la t\u00eate d\u2019une importante d\u00e9l\u00e9gation compos\u00e9e de plus de 70 personnalit\u00e9s, incluant des hommes d\u2019affaires, des entrepreneurs, des chercheurs, des universitaires et des responsables portuaires et commerciaux. Cette mission, qui marque un tournant dans.....","og_url":"https:\/\/lequotidien.mr\/?p=25632&lang=fr","og_site_name":"Le Quotidien de Nouakchott","article_publisher":"https:\/\/web.facebook.com\/lequotidienmr","article_published_time":"2025-02-24T10:02:22+00:00","og_image":[{"width":1082,"height":630,"url":"https:\/\/lequotidien.mr\/wp-content\/uploads\/2025\/02\/canaries.jpg","type":"image\/jpeg"}],"author":"Le Quotidien","twitter_card":"summary_large_image","twitter_creator":"@lequotidienmr","twitter_site":"@lequotidienmr","twitter_misc":{"\u0643\u064f\u062a\u0628 \u0628\u0648\u0627\u0633\u0637\u0629":"Le Quotidien","\u0648\u0642\u062a \u0627\u0644\u0642\u0631\u0627\u0621\u0629 \u0627\u0644\u0645\u064f\u0642\u062f\u0651\u0631":"3 \u062f\u0642\u0627\u0626\u0642"},"schema":{"@context":"https:\/\/schema.org","@graph":[{"@type":"Article","@id":"https:\/\/lequotidien.mr\/?p=25632&lang=fr#article","isPartOf":{"@id":"https:\/\/lequotidien.mr\/?p=25632&lang=fr"},"author":{"name":"Le Quotidien","@id":"https:\/\/lequotidien.mr\/#\/schema\/person\/f90fcdaa970c60288de4ed2e64a56472"},"headline":"Mauritanie \u2013 \u00celes Canaries : Une coop\u00e9ration renforc\u00e9e sur fond d\u2019enjeux migratoires et \u00e9conomiques","datePublished":"2025-02-24T10:02:22+00:00","mainEntityOfPage":{"@id":"https:\/\/lequotidien.mr\/?p=25632&lang=fr"},"wordCount":713,"commentCount":0,"publisher":{"@id":"https:\/\/lequotidien.mr\/#organization"},"image":{"@id":"https:\/\/lequotidien.mr\/?p=25632&lang=fr#primaryimage"},"thumbnailUrl":"https:\/\/lequotidien.mr\/wp-content\/uploads\/2025\/02\/canaries.jpg","articleSection":["ACTUALIT\u00c9","Couverture sp\u00e9cilale"],"inLanguage":"ar","potentialAction":[{"@type":"CommentAction","name":"Comment","target":["https:\/\/lequotidien.mr\/?p=25632&lang=fr#respond"]}]},{"@type":"WebPage","@id":"https:\/\/lequotidien.mr\/?p=25632&lang=fr","url":"https:\/\/lequotidien.mr\/?p=25632&lang=fr","name":"Mauritanie \u2013 \u00celes Canaries : Une coop\u00e9ration renforc\u00e9e sur fond d\u2019enjeux migratoires et \u00e9conomiques - Le Quotidien de Nouakchott","isPartOf":{"@id":"https:\/\/lequotidien.mr\/#website"},"primaryImageOfPage":{"@id":"https:\/\/lequotidien.mr\/?p=25632&lang=fr#primaryimage"},"image":{"@id":"https:\/\/lequotidien.mr\/?p=25632&lang=fr#primaryimage"},"thumbnailUrl":"https:\/\/lequotidien.mr\/wp-content\/uploads\/2025\/02\/canaries.jpg","datePublished":"2025-02-24T10:02:22+00:00","breadcrumb":{"@id":"https:\/\/lequotidien.mr\/?p=25632&lang=fr#breadcrumb"},"inLanguage":"ar","potentialAction":[{"@type":"ReadAction","target":["https:\/\/lequotidien.mr\/?p=25632&lang=fr"]}]},{"@type":"ImageObject","inLanguage":"ar","@id":"https:\/\/lequotidien.mr\/?p=25632&lang=fr#primaryimage","url":"https:\/\/lequotidien.mr\/wp-content\/uploads\/2025\/02\/canaries.jpg","contentUrl":"https:\/\/lequotidien.mr\/wp-content\/uploads\/2025\/02\/canaries.jpg","width":1082,"height":630},{"@type":"BreadcrumbList","@id":"https:\/\/lequotidien.mr\/?p=25632&lang=fr#breadcrumb","itemListElement":[{"@type":"ListItem","position":1,"name":"Home","item":"https:\/\/lequotidien.mr\/"},{"@type":"ListItem","position":2,"name":"Mauritanie \u2013 \u00celes Canaries : Une coop\u00e9ration renforc\u00e9e sur fond d\u2019enjeux migratoires et \u00e9conomiques"}]},{"@type":"WebSite","@id":"https:\/\/lequotidien.mr\/#website","url":"https:\/\/lequotidien.mr\/","name":"Le Quotidien de Nouakchott","description":"\u0625\u062e\u0628\u0627\u0631\u064a\u0629 \u0645\u0633\u062a\u0642\u0644\u0629 \u0644\u0644\u0623\u0646\u0628\u0627\u0621 \u0627\u0644\u0639\u0627\u0645\u0629","publisher":{"@id":"https:\/\/lequotidien.mr\/#organization"},"potentialAction":[{"@type":"SearchAction","target":{"@type":"EntryPoint","urlTemplate":"https:\/\/lequotidien.mr\/?s={search_term_string}"},"query-input":{"@type":"PropertyValueSpecification","valueRequired":true,"valueName":"search_term_string"}}],"inLanguage":"ar"},{"@type":"Organization","@id":"https:\/\/lequotidien.mr\/#organization","name":"Le Quotidien de Nouakchott","url":"https:\/\/lequotidien.mr\/","logo":{"@type":"ImageObject","inLanguage":"ar","@id":"https:\/\/lequotidien.mr\/#\/schema\/logo\/image\/","url":"https:\/\/lequotidien.mr\/wp-content\/uploads\/2022\/11\/logolequotidien.jpg","contentUrl":"https:\/\/lequotidien.mr\/wp-content\/uploads\/2022\/11\/logolequotidien.jpg","width":290,"height":65,"caption":"Le Quotidien de Nouakchott"},"image":{"@id":"https:\/\/lequotidien.mr\/#\/schema\/logo\/image\/"},"sameAs":["https:\/\/web.facebook.com\/lequotidienmr","https:\/\/x.com\/lequotidienmr"]},{"@type":"Person","@id":"https:\/\/lequotidien.mr\/#\/schema\/person\/f90fcdaa970c60288de4ed2e64a56472","name":"Le Quotidien","image":{"@type":"ImageObject","inLanguage":"ar","@id":"https:\/\/secure.gravatar.com\/avatar\/374cb39a1a458a912465a93e5a3ce6546886fc3da809a1f10c63e4e8fcbca30f?s=96&d=mm&r=g","url":"https:\/\/secure.gravatar.com\/avatar\/374cb39a1a458a912465a93e5a3ce6546886fc3da809a1f10c63e4e8fcbca30f?s=96&d=mm&r=g","contentUrl":"https:\/\/secure.gravatar.com\/avatar\/374cb39a1a458a912465a93e5a3ce6546886fc3da809a1f10c63e4e8fcbca30f?s=96&d=mm&r=g","caption":"Le Quotidien"},"sameAs":["https:\/\/lequotidien.mr\/"],"url":"https:\/\/lequotidien.mr\/?author=4"}]}},"_links":{"self":[{"href":"https:\/\/lequotidien.mr\/index.php?rest_route=\/wp\/v2\/posts\/25632","targetHints":{"allow":["GET"]}}],"collection":[{"href":"https:\/\/lequotidien.mr\/index.php?rest_route=\/wp\/v2\/posts"}],"about":[{"href":"https:\/\/lequotidien.mr\/index.php?rest_route=\/wp\/v2\/types\/post"}],"author":[{"embeddable":true,"href":"https:\/\/lequotidien.mr\/index.php?rest_route=\/wp\/v2\/users\/4"}],"replies":[{"embeddable":true,"href":"https:\/\/lequotidien.mr\/index.php?rest_route=%2Fwp%2Fv2%2Fcomments&post=25632"}],"version-history":[{"count":1,"href":"https:\/\/lequotidien.mr\/index.php?rest_route=\/wp\/v2\/posts\/25632\/revisions"}],"predecessor-version":[{"id":25634,"href":"https:\/\/lequotidien.mr\/index.php?rest_route=\/wp\/v2\/posts\/25632\/revisions\/25634"}],"wp:featuredmedia":[{"embeddable":true,"href":"https:\/\/lequotidien.mr\/index.php?rest_route=\/wp\/v2\/media\/25633"}],"wp:attachment":[{"href":"https:\/\/lequotidien.mr\/index.php?rest_route=%2Fwp%2Fv2%2Fmedia&parent=25632"}],"wp:term":[{"taxonomy":"category","embeddable":true,"href":"https:\/\/lequotidien.mr\/index.php?rest_route=%2Fwp%2Fv2%2Fcategories&post=25632"},{"taxonomy":"post_tag","embeddable":true,"href":"https:\/\/lequotidien.mr\/index.php?rest_route=%2Fwp%2Fv2%2Ftags&post=25632"}],"curies":[{"name":"wp","href":"https:\/\/api.w.org\/{rel}","templated":true}]}}