{"id":25600,"date":"2025-02-21T11:31:08","date_gmt":"2025-02-21T11:31:08","guid":{"rendered":"https:\/\/lequotidien.mr\/?p=25600"},"modified":"2025-02-21T11:31:08","modified_gmt":"2025-02-21T11:31:08","slug":"lancement-du-programme-tameer-les-villes-de-taazour-par-le-president-mohamed-cheikh-el-ghazouani-une-nouvelle-approche-de-developpement-et-de-solidarite-nationale","status":"publish","type":"post","link":"https:\/\/lequotidien.mr\/?p=25600&lang=fr","title":{"rendered":"Lancement du Programme \u00ab Ta\u2019meer les Villes de Taazour \u00bb par le Pr\u00e9sident Mohamed Cheikh El Ghazouani : Une nouvelle approche de d\u00e9veloppement et de solidarit\u00e9 nationale"},"content":{"rendered":"<p>Le Pr\u00e9sident de la R\u00e9publique, M. Mohamed Cheikh El Ghazouani, a officiellement lanc\u00e9, jeudi dernier au stade de \u00ab Mellah \u00bb dans la moughataa de Toujounine (Nouakchott Nord), le programme \u00ab Ta\u2019meer les Villes de Taazour \u00bb (D\u00e9veloppement des villes de Taazour). Mis en \u0153uvre par la D\u00e9l\u00e9gation G\u00e9n\u00e9rale \u00e0 la Solidarit\u00e9 Nationale et \u00e0 la Lutte contre l\u2019Exclusion (Taazour), ce programme ambitieux vise \u00e0 transformer les zones urbaines fragiles et \u00e0 promouvoir un d\u00e9veloppement int\u00e9gr\u00e9 et inclusif au profit des populations les plus vuln\u00e9rables.<\/p>\n<p><strong>Un engagement fort en faveur des populations vuln\u00e9rables<\/strong><\/p>\n<p>Dans son discours prononc\u00e9 lors de la c\u00e9r\u00e9monie, le Pr\u00e9sident de la R\u00e9publique a appel\u00e9 \u00e0 une mobilisation collective pour la r\u00e9ussite de ce programme. \u00ab En annon\u00e7ant le lancement du programme \u00ab D\u00e9veloppement des villes de Taazour \u00bb, j\u2019appelle le gouvernement, les \u00e9lus et tous les acteurs nationaux, notamment les savants, les imams, les leaders d\u2019opinion, les hommes d\u2019affaires, les cadres, les jeunes et les femmes, \u00e0 s\u2019engager activement dans ce programme et ses grands objectifs \u00bb, a-t-il d\u00e9clar\u00e9.<\/p>\n<p>Le Chef de l\u2019\u00c9tat a \u00e9galement soulign\u00e9 l\u2019importance de ce programme dans la lutte contre la pauvret\u00e9, l\u2019\u00e9radication des bidonvilles et la promotion de l\u2019\u00e9galit\u00e9 des chances. Il a rappel\u00e9 que ce projet s\u2019inscrit dans une vision globale visant \u00e0 cr\u00e9er une soci\u00e9t\u00e9 harmonieuse et prosp\u00e8re, o\u00f9 chaque citoyen peut b\u00e9n\u00e9ficier des fruits du d\u00e9veloppement.<\/p>\n<p><strong>Un programme multidimensionnel pour un d\u00e9veloppement durable<\/strong><\/p>\n<p>Le programme \u00ab Ta\u2019meer les Villes de Taazour \u00bb repose sur une approche multisectorielle, articul\u00e9e autour de trois axes principaux :<\/p>\n<p><strong>-Infrastructures et services de base<\/strong>\u00a0: R\u00e9habilitation des zones urbaines fragiles, construction d\u2019infrastructures modernes et am\u00e9lioration de l\u2019acc\u00e8s aux services essentiels tels que l\u2019eau potable, la sant\u00e9, l\u2019\u00e9ducation et les transports\u00a0;<\/p>\n<p><strong>-Inclusion \u00e9conomique<\/strong>\u00a0: Soutien aux activit\u00e9s g\u00e9n\u00e9ratrices de revenus, financement des petites et moyennes entreprises, et promotion de l\u2019emploi pour les jeunes et les femmes\u00a0;<\/p>\n<p><strong>-Engagement civique et coh\u00e9sion sociale<\/strong>\u00a0: Campagnes de sensibilisation, renforcement des valeurs citoyennes et promotion de la participation active des populations dans la gestion de leurs affaires locales.<\/p>\n<p>Ce programme, qui s\u2019\u00e9tendra sur une p\u00e9riode de cinq ans, cible sp\u00e9cifiquement les zones o\u00f9 le taux de pauvret\u00e9 d\u00e9passe la moyenne nationale, avec pour objectif de toucher plus de 300 000 familles n\u00e9cessiteuses inscrites au registre social.<\/p>\n<p><strong>Une nouvelle dynamique de r\u00e9forme<\/strong><\/p>\n<p>Le d\u00e9l\u00e9gu\u00e9 g\u00e9n\u00e9ral \u00e0 la solidarit\u00e9 nationale et \u00e0 la lutte contre l\u2019exclusion, M. Cheikh Abdellahi Bedda, a salu\u00e9 l\u2019engagement du Pr\u00e9sident de la R\u00e9publique en faveur des classes vuln\u00e9rables. Il a rappel\u00e9 que depuis l\u2019accession au pouvoir de Son Excellence en 2019, les d\u00e9penses gouvernementales allou\u00e9es \u00e0 la lutte contre la pauvret\u00e9 et l\u2019exclusion sont pass\u00e9es de 7,2 milliards d\u2019anciennes ouguiyas \u00e0 plus de 50 milliards par an. \u00ab C\u2019est la meilleure preuve de la haute priorit\u00e9 que Son Excellence accorde aux classes vuln\u00e9rables \u00bb, a-t-il affirm\u00e9.<\/p>\n<p>M. Bedda a \u00e9galement soulign\u00e9 que Taazour s\u2019engage dans une nouvelle dynamique de r\u00e9forme, visant \u00e0 transformer la D\u00e9l\u00e9gation G\u00e9n\u00e9rale en un organe dynamique et coordonn\u00e9 avec les diff\u00e9rents secteurs gouvernementaux. Cette r\u00e9forme inclut une gestion rationnelle et transparente des ressources, ainsi qu\u2019une approche proactive pour maximiser l\u2019impact des programmes sur les populations cibles.<\/p>\n<p>Le programme \u00ab Ta\u2019meer les Villes de Taazour \u00bb s\u2019inspire des discours historiques du Pr\u00e9sident de la R\u00e9publique \u00e0 Ouadane (2021), Dj\u00e9ol (2023) et Chinguitty (2024), o\u00f9 il a appel\u00e9 \u00e0 un sursaut national pour changer les mentalit\u00e9s n\u00e9gatives et se d\u00e9barrasser des pr\u00e9jug\u00e9s. Ce programme vise \u00e0 incarner cette vision en cr\u00e9ant des villes modernes et prosp\u00e8res, o\u00f9 les citoyens peuvent vivre dans la dignit\u00e9 et la s\u00e9curit\u00e9.<\/p>\n<p><strong>Des t\u00e9moignages et des engagements forts<\/strong><\/p>\n<p>Le maire de la commune de Toujounine, M. Sid\u2019Ahmed El Filali, a exprim\u00e9 sa fiert\u00e9 pour les r\u00e9alisations du Pr\u00e9sident de la R\u00e9publique, tout en appelant \u00e0 la mise en \u0153uvre de projets prioritaires dans sa commune. De son c\u00f4t\u00e9, le vice-pr\u00e9sident de la r\u00e9gion de Nouakchott, M. Sidi Mohamed Lemine Beirouk, a r\u00e9affirm\u00e9 la d\u00e9termination de la r\u00e9gion \u00e0 soutenir ce programme, qui vise \u00e0 apporter des transformations \u00e9conomiques et sociales rapides aux zones fragiles.<\/p>\n<p>Enfin, le coordinateur national des programmes \u00ab Baraka \u00bb et \u00ab Tameer \u00bb, M. Mohamed Ahid Esselmou, a pr\u00e9sent\u00e9 les d\u00e9tails du programme, soulignant son caract\u00e8re global et diversifi\u00e9. Le doyen des pionniers du programme, M. Boydiel Hommeid, a quant \u00e0 lui salu\u00e9 les objectifs nobles de ce projet, qui refl\u00e8tent la volont\u00e9 du Pr\u00e9sident de la R\u00e9publique de lutter contre la pauvret\u00e9 et de promouvoir un d\u00e9veloppement int\u00e9gr\u00e9.<\/p>\n<p>La c\u00e9r\u00e9monie de lancement s\u2019est d\u00e9roul\u00e9e en pr\u00e9sence de nombreuses personnalit\u00e9s, dont le Premier Ministre El Moctar Djay, des membres du gouvernement, des \u00e9lus locaux, des repr\u00e9sentants du corps diplomatique et des responsables des services militaires et de s\u00e9curit\u00e9. Un film mettant en valeur les r\u00e9alisations de la D\u00e9l\u00e9gation G\u00e9n\u00e9rale \u00e0 la Solidarit\u00e9 Nationale et \u00e0 la Lutte contre l\u2019Exclusion a \u00e9t\u00e9 projet\u00e9, suivi de transitions po\u00e9tiques en langues nationales, symbolisant l\u2019unit\u00e9 et la diversit\u00e9 culturelle du pays.<\/p>\n<p>Le lancement du programme \u00ab Ta\u2019meer les Villes de Taazour \u00bb marque une \u00e9tape importante dans la lutte contre la pauvret\u00e9 et l\u2019exclusion en Mauritanie. Port\u00e9 par une vision claire et un engagement fort du Pr\u00e9sident de la R\u00e9publique, ce programme promet de transformer les zones urbaines fragiles en espaces modernes et prosp\u00e8res, tout en renfor\u00e7ant la coh\u00e9sion sociale et la solidarit\u00e9 nationale. Il incarne l\u2019espoir d\u2019un avenir meilleur pour les populations les plus vuln\u00e9rables, et t\u00e9moigne de la d\u00e9termination du gouvernement \u00e0 construire une soci\u00e9t\u00e9 plus juste et \u00e9quitable.<\/p>\n","protected":false},"excerpt":{"rendered":"<p>Le Pr\u00e9sident de la R\u00e9publique, M. Mohamed Cheikh El Ghazouani, a officiellement lanc\u00e9, jeudi dernier au stade de \u00ab Mellah \u00bb dans la moughataa de Toujounine (Nouakchott Nord), le programme \u00ab Ta\u2019meer les Villes de Taazour \u00bb (D\u00e9veloppement des villes de Taazour). Mis en \u0153uvre par la D\u00e9l\u00e9gation G\u00e9n\u00e9rale \u00e0 la Solidarit\u00e9 Nationale et \u00e0&#8230;..<\/p>\n","protected":false},"author":12,"featured_media":25601,"comment_status":"open","ping_status":"open","sticky":false,"template":"","format":"standard","meta":{"footnotes":""},"categories":[23,49],"tags":[],"class_list":["post-25600","post","type-post","status-publish","format-standard","has-post-thumbnail","hentry","category-actualite","category-economie"],"yoast_head":"<!-- This site is optimized with the Yoast SEO plugin v27.5 - https:\/\/yoast.com\/product\/yoast-seo-wordpress\/ -->\n<title>Lancement du Programme \u00ab Ta\u2019meer les Villes de Taazour \u00bb par le Pr\u00e9sident Mohamed Cheikh El Ghazouani : Une nouvelle approche de d\u00e9veloppement et de solidarit\u00e9 nationale - Le Quotidien de Nouakchott<\/title>\n<meta name=\"robots\" content=\"index, follow, max-snippet:-1, max-image-preview:large, max-video-preview:-1\" \/>\n<link rel=\"canonical\" href=\"https:\/\/lequotidien.mr\/?p=25600&lang=fr\" \/>\n<meta property=\"og:locale\" content=\"ar_AR\" \/>\n<meta property=\"og:type\" content=\"article\" \/>\n<meta property=\"og:title\" content=\"Lancement du Programme \u00ab Ta\u2019meer les Villes de Taazour \u00bb par le Pr\u00e9sident Mohamed Cheikh El Ghazouani : Une nouvelle approche de d\u00e9veloppement et de solidarit\u00e9 nationale - Le Quotidien de Nouakchott\" \/>\n<meta property=\"og:description\" content=\"Le Pr\u00e9sident de la R\u00e9publique, M. Mohamed Cheikh El Ghazouani, a officiellement lanc\u00e9, jeudi dernier au stade de \u00ab Mellah \u00bb dans la moughataa de Toujounine (Nouakchott Nord), le programme \u00ab Ta\u2019meer les Villes de Taazour \u00bb (D\u00e9veloppement des villes de Taazour). Mis en \u0153uvre par la D\u00e9l\u00e9gation G\u00e9n\u00e9rale \u00e0 la Solidarit\u00e9 Nationale et \u00e0.....\" \/>\n<meta property=\"og:url\" content=\"https:\/\/lequotidien.mr\/?p=25600&amp;lang=fr\" \/>\n<meta property=\"og:site_name\" content=\"Le Quotidien de Nouakchott\" \/>\n<meta property=\"article:publisher\" content=\"https:\/\/web.facebook.com\/lequotidienmr\" \/>\n<meta property=\"article:published_time\" content=\"2025-02-21T11:31:08+00:00\" \/>\n<meta property=\"og:image\" content=\"https:\/\/lequotidien.mr\/wp-content\/uploads\/2025\/02\/photo-pdt-pgrme-devep-Taazour.jpg\" \/>\n\t<meta property=\"og:image:width\" content=\"750\" \/>\n\t<meta property=\"og:image:height\" content=\"430\" \/>\n\t<meta property=\"og:image:type\" content=\"image\/jpeg\" \/>\n<meta name=\"author\" content=\"Med Ahmed\" \/>\n<meta name=\"twitter:card\" content=\"summary_large_image\" \/>\n<meta name=\"twitter:creator\" content=\"@lequotidienmr\" \/>\n<meta name=\"twitter:site\" content=\"@lequotidienmr\" \/>\n<meta name=\"twitter:label1\" content=\"\u0643\u064f\u062a\u0628 \u0628\u0648\u0627\u0633\u0637\u0629\" \/>\n\t<meta name=\"twitter:data1\" content=\"Med Ahmed\" \/>\n\t<meta name=\"twitter:label2\" content=\"\u0648\u0642\u062a \u0627\u0644\u0642\u0631\u0627\u0621\u0629 \u0627\u0644\u0645\u064f\u0642\u062f\u0651\u0631\" \/>\n\t<meta name=\"twitter:data2\" content=\"5 \u062f\u0642\u0627\u0626\u0642\" \/>\n<script type=\"application\/ld+json\" class=\"yoast-schema-graph\">{\"@context\":\"https:\\\/\\\/schema.org\",\"@graph\":[{\"@type\":\"Article\",\"@id\":\"https:\\\/\\\/lequotidien.mr\\\/?p=25600&lang=fr#article\",\"isPartOf\":{\"@id\":\"https:\\\/\\\/lequotidien.mr\\\/?p=25600&lang=fr\"},\"author\":{\"name\":\"Med Ahmed\",\"@id\":\"https:\\\/\\\/lequotidien.mr\\\/#\\\/schema\\\/person\\\/d2d350202a4d599685ed8abc25f97596\"},\"headline\":\"Lancement du Programme \u00ab Ta\u2019meer les Villes de Taazour \u00bb par le Pr\u00e9sident Mohamed Cheikh El Ghazouani : Une nouvelle approche de d\u00e9veloppement et de solidarit\u00e9 nationale\",\"datePublished\":\"2025-02-21T11:31:08+00:00\",\"mainEntityOfPage\":{\"@id\":\"https:\\\/\\\/lequotidien.mr\\\/?p=25600&lang=fr\"},\"wordCount\":1032,\"commentCount\":0,\"publisher\":{\"@id\":\"https:\\\/\\\/lequotidien.mr\\\/#organization\"},\"image\":{\"@id\":\"https:\\\/\\\/lequotidien.mr\\\/?p=25600&lang=fr#primaryimage\"},\"thumbnailUrl\":\"https:\\\/\\\/lequotidien.mr\\\/wp-content\\\/uploads\\\/2025\\\/02\\\/photo-pdt-pgrme-devep-Taazour.jpg\",\"articleSection\":[\"ACTUALIT\u00c9\",\"Economie\"],\"inLanguage\":\"ar\",\"potentialAction\":[{\"@type\":\"CommentAction\",\"name\":\"Comment\",\"target\":[\"https:\\\/\\\/lequotidien.mr\\\/?p=25600&lang=fr#respond\"]}]},{\"@type\":\"WebPage\",\"@id\":\"https:\\\/\\\/lequotidien.mr\\\/?p=25600&lang=fr\",\"url\":\"https:\\\/\\\/lequotidien.mr\\\/?p=25600&lang=fr\",\"name\":\"Lancement du Programme \u00ab Ta\u2019meer les Villes de Taazour \u00bb par le Pr\u00e9sident Mohamed Cheikh El Ghazouani : Une nouvelle approche de d\u00e9veloppement et de solidarit\u00e9 nationale - Le Quotidien de Nouakchott\",\"isPartOf\":{\"@id\":\"https:\\\/\\\/lequotidien.mr\\\/#website\"},\"primaryImageOfPage\":{\"@id\":\"https:\\\/\\\/lequotidien.mr\\\/?p=25600&lang=fr#primaryimage\"},\"image\":{\"@id\":\"https:\\\/\\\/lequotidien.mr\\\/?p=25600&lang=fr#primaryimage\"},\"thumbnailUrl\":\"https:\\\/\\\/lequotidien.mr\\\/wp-content\\\/uploads\\\/2025\\\/02\\\/photo-pdt-pgrme-devep-Taazour.jpg\",\"datePublished\":\"2025-02-21T11:31:08+00:00\",\"breadcrumb\":{\"@id\":\"https:\\\/\\\/lequotidien.mr\\\/?p=25600&lang=fr#breadcrumb\"},\"inLanguage\":\"ar\",\"potentialAction\":[{\"@type\":\"ReadAction\",\"target\":[\"https:\\\/\\\/lequotidien.mr\\\/?p=25600&lang=fr\"]}]},{\"@type\":\"ImageObject\",\"inLanguage\":\"ar\",\"@id\":\"https:\\\/\\\/lequotidien.mr\\\/?p=25600&lang=fr#primaryimage\",\"url\":\"https:\\\/\\\/lequotidien.mr\\\/wp-content\\\/uploads\\\/2025\\\/02\\\/photo-pdt-pgrme-devep-Taazour.jpg\",\"contentUrl\":\"https:\\\/\\\/lequotidien.mr\\\/wp-content\\\/uploads\\\/2025\\\/02\\\/photo-pdt-pgrme-devep-Taazour.jpg\",\"width\":750,\"height\":430},{\"@type\":\"BreadcrumbList\",\"@id\":\"https:\\\/\\\/lequotidien.mr\\\/?p=25600&lang=fr#breadcrumb\",\"itemListElement\":[{\"@type\":\"ListItem\",\"position\":1,\"name\":\"Home\",\"item\":\"https:\\\/\\\/lequotidien.mr\\\/\"},{\"@type\":\"ListItem\",\"position\":2,\"name\":\"Lancement du Programme \u00ab Ta\u2019meer les Villes de Taazour \u00bb par le Pr\u00e9sident Mohamed Cheikh El Ghazouani : Une nouvelle approche de d\u00e9veloppement et de solidarit\u00e9 nationale\"}]},{\"@type\":\"WebSite\",\"@id\":\"https:\\\/\\\/lequotidien.mr\\\/#website\",\"url\":\"https:\\\/\\\/lequotidien.mr\\\/\",\"name\":\"Le Quotidien de Nouakchott\",\"description\":\"\u0625\u062e\u0628\u0627\u0631\u064a\u0629 \u0645\u0633\u062a\u0642\u0644\u0629 \u0644\u0644\u0623\u0646\u0628\u0627\u0621 \u0627\u0644\u0639\u0627\u0645\u0629\",\"publisher\":{\"@id\":\"https:\\\/\\\/lequotidien.mr\\\/#organization\"},\"potentialAction\":[{\"@type\":\"SearchAction\",\"target\":{\"@type\":\"EntryPoint\",\"urlTemplate\":\"https:\\\/\\\/lequotidien.mr\\\/?s={search_term_string}\"},\"query-input\":{\"@type\":\"PropertyValueSpecification\",\"valueRequired\":true,\"valueName\":\"search_term_string\"}}],\"inLanguage\":\"ar\"},{\"@type\":\"Organization\",\"@id\":\"https:\\\/\\\/lequotidien.mr\\\/#organization\",\"name\":\"Le Quotidien de Nouakchott\",\"url\":\"https:\\\/\\\/lequotidien.mr\\\/\",\"logo\":{\"@type\":\"ImageObject\",\"inLanguage\":\"ar\",\"@id\":\"https:\\\/\\\/lequotidien.mr\\\/#\\\/schema\\\/logo\\\/image\\\/\",\"url\":\"https:\\\/\\\/lequotidien.mr\\\/wp-content\\\/uploads\\\/2022\\\/11\\\/logolequotidien.jpg\",\"contentUrl\":\"https:\\\/\\\/lequotidien.mr\\\/wp-content\\\/uploads\\\/2022\\\/11\\\/logolequotidien.jpg\",\"width\":290,\"height\":65,\"caption\":\"Le Quotidien de Nouakchott\"},\"image\":{\"@id\":\"https:\\\/\\\/lequotidien.mr\\\/#\\\/schema\\\/logo\\\/image\\\/\"},\"sameAs\":[\"https:\\\/\\\/web.facebook.com\\\/lequotidienmr\",\"https:\\\/\\\/x.com\\\/lequotidienmr\"]},{\"@type\":\"Person\",\"@id\":\"https:\\\/\\\/lequotidien.mr\\\/#\\\/schema\\\/person\\\/d2d350202a4d599685ed8abc25f97596\",\"name\":\"Med Ahmed\",\"image\":{\"@type\":\"ImageObject\",\"inLanguage\":\"ar\",\"@id\":\"https:\\\/\\\/secure.gravatar.com\\\/avatar\\\/fd2acc62ed50732923d1d39c17172c9b04149f142be92310ecc69e1358f94b52?s=96&d=mm&r=g\",\"url\":\"https:\\\/\\\/secure.gravatar.com\\\/avatar\\\/fd2acc62ed50732923d1d39c17172c9b04149f142be92310ecc69e1358f94b52?s=96&d=mm&r=g\",\"contentUrl\":\"https:\\\/\\\/secure.gravatar.com\\\/avatar\\\/fd2acc62ed50732923d1d39c17172c9b04149f142be92310ecc69e1358f94b52?s=96&d=mm&r=g\",\"caption\":\"Med Ahmed\"},\"url\":\"https:\\\/\\\/lequotidien.mr\\\/?author=12\"}]}<\/script>\n<!-- \/ Yoast SEO plugin. -->","yoast_head_json":{"title":"Lancement du Programme \u00ab Ta\u2019meer les Villes de Taazour \u00bb par le Pr\u00e9sident Mohamed Cheikh El Ghazouani : Une nouvelle approche de d\u00e9veloppement et de solidarit\u00e9 nationale - Le Quotidien de Nouakchott","robots":{"index":"index","follow":"follow","max-snippet":"max-snippet:-1","max-image-preview":"max-image-preview:large","max-video-preview":"max-video-preview:-1"},"canonical":"https:\/\/lequotidien.mr\/?p=25600&lang=fr","og_locale":"ar_AR","og_type":"article","og_title":"Lancement du Programme \u00ab Ta\u2019meer les Villes de Taazour \u00bb par le Pr\u00e9sident Mohamed Cheikh El Ghazouani : Une nouvelle approche de d\u00e9veloppement et de solidarit\u00e9 nationale - Le Quotidien de Nouakchott","og_description":"Le Pr\u00e9sident de la R\u00e9publique, M. Mohamed Cheikh El Ghazouani, a officiellement lanc\u00e9, jeudi dernier au stade de \u00ab Mellah \u00bb dans la moughataa de Toujounine (Nouakchott Nord), le programme \u00ab Ta\u2019meer les Villes de Taazour \u00bb (D\u00e9veloppement des villes de Taazour). Mis en \u0153uvre par la D\u00e9l\u00e9gation G\u00e9n\u00e9rale \u00e0 la Solidarit\u00e9 Nationale et \u00e0.....","og_url":"https:\/\/lequotidien.mr\/?p=25600&lang=fr","og_site_name":"Le Quotidien de Nouakchott","article_publisher":"https:\/\/web.facebook.com\/lequotidienmr","article_published_time":"2025-02-21T11:31:08+00:00","og_image":[{"width":750,"height":430,"url":"https:\/\/lequotidien.mr\/wp-content\/uploads\/2025\/02\/photo-pdt-pgrme-devep-Taazour.jpg","type":"image\/jpeg"}],"author":"Med Ahmed","twitter_card":"summary_large_image","twitter_creator":"@lequotidienmr","twitter_site":"@lequotidienmr","twitter_misc":{"\u0643\u064f\u062a\u0628 \u0628\u0648\u0627\u0633\u0637\u0629":"Med Ahmed","\u0648\u0642\u062a \u0627\u0644\u0642\u0631\u0627\u0621\u0629 \u0627\u0644\u0645\u064f\u0642\u062f\u0651\u0631":"5 \u062f\u0642\u0627\u0626\u0642"},"schema":{"@context":"https:\/\/schema.org","@graph":[{"@type":"Article","@id":"https:\/\/lequotidien.mr\/?p=25600&lang=fr#article","isPartOf":{"@id":"https:\/\/lequotidien.mr\/?p=25600&lang=fr"},"author":{"name":"Med Ahmed","@id":"https:\/\/lequotidien.mr\/#\/schema\/person\/d2d350202a4d599685ed8abc25f97596"},"headline":"Lancement du Programme \u00ab Ta\u2019meer les Villes de Taazour \u00bb par le Pr\u00e9sident Mohamed Cheikh El Ghazouani : Une nouvelle approche de d\u00e9veloppement et de solidarit\u00e9 nationale","datePublished":"2025-02-21T11:31:08+00:00","mainEntityOfPage":{"@id":"https:\/\/lequotidien.mr\/?p=25600&lang=fr"},"wordCount":1032,"commentCount":0,"publisher":{"@id":"https:\/\/lequotidien.mr\/#organization"},"image":{"@id":"https:\/\/lequotidien.mr\/?p=25600&lang=fr#primaryimage"},"thumbnailUrl":"https:\/\/lequotidien.mr\/wp-content\/uploads\/2025\/02\/photo-pdt-pgrme-devep-Taazour.jpg","articleSection":["ACTUALIT\u00c9","Economie"],"inLanguage":"ar","potentialAction":[{"@type":"CommentAction","name":"Comment","target":["https:\/\/lequotidien.mr\/?p=25600&lang=fr#respond"]}]},{"@type":"WebPage","@id":"https:\/\/lequotidien.mr\/?p=25600&lang=fr","url":"https:\/\/lequotidien.mr\/?p=25600&lang=fr","name":"Lancement du Programme \u00ab Ta\u2019meer les Villes de Taazour \u00bb par le Pr\u00e9sident Mohamed Cheikh El Ghazouani : Une nouvelle approche de d\u00e9veloppement et de solidarit\u00e9 nationale - Le Quotidien de Nouakchott","isPartOf":{"@id":"https:\/\/lequotidien.mr\/#website"},"primaryImageOfPage":{"@id":"https:\/\/lequotidien.mr\/?p=25600&lang=fr#primaryimage"},"image":{"@id":"https:\/\/lequotidien.mr\/?p=25600&lang=fr#primaryimage"},"thumbnailUrl":"https:\/\/lequotidien.mr\/wp-content\/uploads\/2025\/02\/photo-pdt-pgrme-devep-Taazour.jpg","datePublished":"2025-02-21T11:31:08+00:00","breadcrumb":{"@id":"https:\/\/lequotidien.mr\/?p=25600&lang=fr#breadcrumb"},"inLanguage":"ar","potentialAction":[{"@type":"ReadAction","target":["https:\/\/lequotidien.mr\/?p=25600&lang=fr"]}]},{"@type":"ImageObject","inLanguage":"ar","@id":"https:\/\/lequotidien.mr\/?p=25600&lang=fr#primaryimage","url":"https:\/\/lequotidien.mr\/wp-content\/uploads\/2025\/02\/photo-pdt-pgrme-devep-Taazour.jpg","contentUrl":"https:\/\/lequotidien.mr\/wp-content\/uploads\/2025\/02\/photo-pdt-pgrme-devep-Taazour.jpg","width":750,"height":430},{"@type":"BreadcrumbList","@id":"https:\/\/lequotidien.mr\/?p=25600&lang=fr#breadcrumb","itemListElement":[{"@type":"ListItem","position":1,"name":"Home","item":"https:\/\/lequotidien.mr\/"},{"@type":"ListItem","position":2,"name":"Lancement du Programme \u00ab Ta\u2019meer les Villes de Taazour \u00bb par le Pr\u00e9sident Mohamed Cheikh El Ghazouani : Une nouvelle approche de d\u00e9veloppement et de solidarit\u00e9 nationale"}]},{"@type":"WebSite","@id":"https:\/\/lequotidien.mr\/#website","url":"https:\/\/lequotidien.mr\/","name":"Le Quotidien de Nouakchott","description":"\u0625\u062e\u0628\u0627\u0631\u064a\u0629 \u0645\u0633\u062a\u0642\u0644\u0629 \u0644\u0644\u0623\u0646\u0628\u0627\u0621 \u0627\u0644\u0639\u0627\u0645\u0629","publisher":{"@id":"https:\/\/lequotidien.mr\/#organization"},"potentialAction":[{"@type":"SearchAction","target":{"@type":"EntryPoint","urlTemplate":"https:\/\/lequotidien.mr\/?s={search_term_string}"},"query-input":{"@type":"PropertyValueSpecification","valueRequired":true,"valueName":"search_term_string"}}],"inLanguage":"ar"},{"@type":"Organization","@id":"https:\/\/lequotidien.mr\/#organization","name":"Le Quotidien de Nouakchott","url":"https:\/\/lequotidien.mr\/","logo":{"@type":"ImageObject","inLanguage":"ar","@id":"https:\/\/lequotidien.mr\/#\/schema\/logo\/image\/","url":"https:\/\/lequotidien.mr\/wp-content\/uploads\/2022\/11\/logolequotidien.jpg","contentUrl":"https:\/\/lequotidien.mr\/wp-content\/uploads\/2022\/11\/logolequotidien.jpg","width":290,"height":65,"caption":"Le Quotidien de Nouakchott"},"image":{"@id":"https:\/\/lequotidien.mr\/#\/schema\/logo\/image\/"},"sameAs":["https:\/\/web.facebook.com\/lequotidienmr","https:\/\/x.com\/lequotidienmr"]},{"@type":"Person","@id":"https:\/\/lequotidien.mr\/#\/schema\/person\/d2d350202a4d599685ed8abc25f97596","name":"Med Ahmed","image":{"@type":"ImageObject","inLanguage":"ar","@id":"https:\/\/secure.gravatar.com\/avatar\/fd2acc62ed50732923d1d39c17172c9b04149f142be92310ecc69e1358f94b52?s=96&d=mm&r=g","url":"https:\/\/secure.gravatar.com\/avatar\/fd2acc62ed50732923d1d39c17172c9b04149f142be92310ecc69e1358f94b52?s=96&d=mm&r=g","contentUrl":"https:\/\/secure.gravatar.com\/avatar\/fd2acc62ed50732923d1d39c17172c9b04149f142be92310ecc69e1358f94b52?s=96&d=mm&r=g","caption":"Med Ahmed"},"url":"https:\/\/lequotidien.mr\/?author=12"}]}},"_links":{"self":[{"href":"https:\/\/lequotidien.mr\/index.php?rest_route=\/wp\/v2\/posts\/25600","targetHints":{"allow":["GET"]}}],"collection":[{"href":"https:\/\/lequotidien.mr\/index.php?rest_route=\/wp\/v2\/posts"}],"about":[{"href":"https:\/\/lequotidien.mr\/index.php?rest_route=\/wp\/v2\/types\/post"}],"author":[{"embeddable":true,"href":"https:\/\/lequotidien.mr\/index.php?rest_route=\/wp\/v2\/users\/12"}],"replies":[{"embeddable":true,"href":"https:\/\/lequotidien.mr\/index.php?rest_route=%2Fwp%2Fv2%2Fcomments&post=25600"}],"version-history":[{"count":1,"href":"https:\/\/lequotidien.mr\/index.php?rest_route=\/wp\/v2\/posts\/25600\/revisions"}],"predecessor-version":[{"id":25602,"href":"https:\/\/lequotidien.mr\/index.php?rest_route=\/wp\/v2\/posts\/25600\/revisions\/25602"}],"wp:featuredmedia":[{"embeddable":true,"href":"https:\/\/lequotidien.mr\/index.php?rest_route=\/wp\/v2\/media\/25601"}],"wp:attachment":[{"href":"https:\/\/lequotidien.mr\/index.php?rest_route=%2Fwp%2Fv2%2Fmedia&parent=25600"}],"wp:term":[{"taxonomy":"category","embeddable":true,"href":"https:\/\/lequotidien.mr\/index.php?rest_route=%2Fwp%2Fv2%2Fcategories&post=25600"},{"taxonomy":"post_tag","embeddable":true,"href":"https:\/\/lequotidien.mr\/index.php?rest_route=%2Fwp%2Fv2%2Ftags&post=25600"}],"curies":[{"name":"wp","href":"https:\/\/api.w.org\/{rel}","templated":true}]}}