{"id":25577,"date":"2025-02-20T13:34:30","date_gmt":"2025-02-20T13:34:30","guid":{"rendered":"https:\/\/lequotidien.mr\/?p=25577"},"modified":"2025-02-20T13:34:30","modified_gmt":"2025-02-20T13:34:30","slug":"dialogue-politique-mauritanie-ue-une-cooperation-renforcee-pour-le-developpement-et-la-securite","status":"publish","type":"post","link":"https:\/\/lequotidien.mr\/?p=25577&lang=fr","title":{"rendered":"Dialogue politique Mauritanie-UE : une coop\u00e9ration renforc\u00e9e pour le d\u00e9veloppement et la s\u00e9curit\u00e9"},"content":{"rendered":"<p>Le Premier ministre, M. Moctar Djay, a pr\u00e9sid\u00e9, mercredi soir, dans la salle de r\u00e9union du Premier minist\u00e8re, la r\u00e9union r\u00e9guli\u00e8re du dialogue politique entre la Mauritanie et l\u2019Union europ\u00e9enne (UE). Cette rencontre a permis d\u2019examiner les diff\u00e9rentes dimensions de la coop\u00e9ration entre les deux parties et de discuter des questions d\u2019int\u00e9r\u00eat commun, notamment la s\u00e9curit\u00e9, la stabilit\u00e9 r\u00e9gionale et la gestion des flux migratoires.<\/p>\n<p><strong>Un partenariat strat\u00e9gique et multiforme<\/strong><\/p>\n<p data-start=\"590\" data-end=\"1100\">Dans son allocution d\u2019ouverture, le Premier ministre a insist\u00e9 sur l\u2019importance du partenariat entre la Mauritanie et l\u2019Union europ\u00e9enne, soulignant que l\u2019UE et ses \u00c9tats membres comptent parmi les principaux partenaires \u00e9conomiques du pays. Il a pr\u00e9cis\u00e9 que cette r\u00e9union se tient dans un contexte particulier, marqu\u00e9 par la r\u00e9\u00e9lection du Pr\u00e9sident de la R\u00e9publique, M. Mohamed Cheikh El Ghazouani, pour un second mandat et par la mise en \u0153uvre du programme gouvernemental \u00ab Mon ambition pour la Patrie \u00bb.<\/p>\n<p>M. Moctar Djay a mis en avant les efforts d\u00e9ploy\u00e9s par le gouvernement pour instaurer un d\u00e9veloppement \u00e9conomique durable, renforcer la s\u00e9curit\u00e9 et la stabilit\u00e9 et promouvoir les droits de l\u2019homme. Il a appel\u00e9 les partenaires europ\u00e9ens \u00e0 accompagner ces efforts en mobilisant les ressources n\u00e9cessaires au financement des programmes de d\u00e9veloppement \u00e9conomique et social. Il a \u00e9galement \u00e9voqu\u00e9 l\u2019organisation prochaine d\u2019un groupe consultatif au cours du premier semestre de l\u2019ann\u00e9e, qui vise \u00e0 renforcer la mobilisation des fonds en faveur des projets de d\u00e9veloppement en Mauritanie.<\/p>\n<p><strong>Un engagement fort de l\u2019Union europ\u00e9enne<\/strong><\/p>\n<p data-start=\"1738\" data-end=\"2096\">L\u2019ambassadeur de l\u2019Union europ\u00e9enne, M. Joaquin Tasso Villalonga, a, pour sa part, soulign\u00e9 l\u2019importance du partenariat entre la Mauritanie et l\u2019UE. Il a rappel\u00e9 que la Mauritanie est aujourd\u2019hui l\u2019un des partenaires strat\u00e9giques majeurs de l\u2019UE en Afrique, tant par le niveau des financements engag\u00e9s que par la diversit\u00e9 des domaines de coop\u00e9ration.<\/p>\n<p data-start=\"2098\" data-end=\"2488\">Les ambassadeurs de l\u2019UE pr\u00e9sents ont salu\u00e9 la pr\u00e9sidence mauritanienne de l\u2019Union africaine et le r\u00f4le diplomatique du Pr\u00e9sident Mohamed Cheikh El Ghazouani, qui s\u2019illustre par ses efforts de m\u00e9diation entre plusieurs acteurs africains. Ils ont \u00e9galement exprim\u00e9 leur reconnaissance pour l\u2019accueil g\u00e9n\u00e9reux r\u00e9serv\u00e9 aux r\u00e9fugi\u00e9s maliens et les mesures mises en place pour leur protection.<\/p>\n<p><strong>Un dialogue politique structur\u00e9 et r\u00e9gulier<\/strong><\/p>\n<p data-start=\"2541\" data-end=\"2901\">\u00c0 l\u2019issue de la r\u00e9union, les repr\u00e9sentants de l\u2019UE ont r\u00e9affirm\u00e9 leur engagement \u00e0 soutenir la Mauritanie dans ses efforts de d\u00e9veloppement, de promotion de la paix et de consolidation de la stabilit\u00e9 r\u00e9gionale. Ils ont soulign\u00e9 l\u2019impact de la coop\u00e9ration UE-Mauritanie sur la s\u00e9curit\u00e9 et la stabilit\u00e9 en Afrique de l\u2019Ouest et dans la sous-r\u00e9gion sah\u00e9lienne.<\/p>\n<p data-start=\"2903\" data-end=\"3400\">Le dialogue politique r\u00e9gulier entre la Mauritanie et l\u2019UE s\u2019inscrit dans le cadre de l\u2019accord d\u2019association ACP-UE et vise \u00e0 renforcer un partenariat global couvrant des th\u00e9matiques majeures telles que la gouvernance, le d\u00e9veloppement \u00e9conomique, les droits humains et la s\u00e9curit\u00e9. L\u2019ordre du jour de cette session a notamment inclus des discussions sur la situation politique et \u00e9conomique, les r\u00e9formes structurelles, la p\u00eache, la paix et la mise en \u0153uvre du partenariat global UE-Mauritanie.<\/p>\n<p data-start=\"3402\" data-end=\"3603\" data-is-last-node=\"\" data-is-only-node=\"\">Ce dialogue r\u00e9affirme ainsi l\u2019engagement des deux parties \u00e0 travailler ensemble pour r\u00e9pondre aux d\u00e9fis communs et promouvoir un avenir prosp\u00e8re et stable pour la Mauritanie et l\u2019ensemble de la r\u00e9gion.<\/p>\n","protected":false},"excerpt":{"rendered":"<p>Le Premier ministre, M. Moctar Djay, a pr\u00e9sid\u00e9, mercredi soir, dans la salle de r\u00e9union du Premier minist\u00e8re, la r\u00e9union r\u00e9guli\u00e8re du dialogue politique entre la Mauritanie et l\u2019Union europ\u00e9enne (UE). Cette rencontre a permis d\u2019examiner les diff\u00e9rentes dimensions de la coop\u00e9ration entre les deux parties et de discuter des questions d\u2019int\u00e9r\u00eat commun, notamment la&#8230;..<\/p>\n","protected":false},"author":12,"featured_media":25578,"comment_status":"open","ping_status":"open","sticky":false,"template":"","format":"standard","meta":{"footnotes":""},"categories":[23,49],"tags":[],"class_list":["post-25577","post","type-post","status-publish","format-standard","has-post-thumbnail","hentry","category-actualite","category-economie"],"yoast_head":"<!-- This site is optimized with the Yoast SEO plugin v27.5 - https:\/\/yoast.com\/product\/yoast-seo-wordpress\/ -->\n<title>Dialogue politique Mauritanie-UE : une coop\u00e9ration renforc\u00e9e pour le d\u00e9veloppement et la s\u00e9curit\u00e9 - Le Quotidien de Nouakchott<\/title>\n<meta name=\"robots\" content=\"index, follow, max-snippet:-1, max-image-preview:large, max-video-preview:-1\" \/>\n<link rel=\"canonical\" href=\"https:\/\/lequotidien.mr\/?p=25577&lang=fr\" \/>\n<meta property=\"og:locale\" content=\"ar_AR\" \/>\n<meta property=\"og:type\" content=\"article\" \/>\n<meta property=\"og:title\" content=\"Dialogue politique Mauritanie-UE : une coop\u00e9ration renforc\u00e9e pour le d\u00e9veloppement et la s\u00e9curit\u00e9 - Le Quotidien de Nouakchott\" \/>\n<meta property=\"og:description\" content=\"Le Premier ministre, M. Moctar Djay, a pr\u00e9sid\u00e9, mercredi soir, dans la salle de r\u00e9union du Premier minist\u00e8re, la r\u00e9union r\u00e9guli\u00e8re du dialogue politique entre la Mauritanie et l\u2019Union europ\u00e9enne (UE). Cette rencontre a permis d\u2019examiner les diff\u00e9rentes dimensions de la coop\u00e9ration entre les deux parties et de discuter des questions d\u2019int\u00e9r\u00eat commun, notamment la.....\" \/>\n<meta property=\"og:url\" content=\"https:\/\/lequotidien.mr\/?p=25577&amp;lang=fr\" \/>\n<meta property=\"og:site_name\" content=\"Le Quotidien de Nouakchott\" \/>\n<meta property=\"article:publisher\" content=\"https:\/\/web.facebook.com\/lequotidienmr\" \/>\n<meta property=\"article:published_time\" content=\"2025-02-20T13:34:30+00:00\" \/>\n<meta property=\"og:image\" content=\"https:\/\/lequotidien.mr\/wp-content\/uploads\/2025\/02\/photo-PM-dialogue-pol-UE.jpg\" \/>\n\t<meta property=\"og:image:width\" content=\"750\" \/>\n\t<meta property=\"og:image:height\" content=\"430\" \/>\n\t<meta property=\"og:image:type\" content=\"image\/jpeg\" \/>\n<meta name=\"author\" content=\"Med Ahmed\" \/>\n<meta name=\"twitter:card\" content=\"summary_large_image\" \/>\n<meta name=\"twitter:creator\" content=\"@lequotidienmr\" \/>\n<meta name=\"twitter:site\" content=\"@lequotidienmr\" \/>\n<meta name=\"twitter:label1\" content=\"\u0643\u064f\u062a\u0628 \u0628\u0648\u0627\u0633\u0637\u0629\" \/>\n\t<meta name=\"twitter:data1\" content=\"Med Ahmed\" \/>\n\t<meta name=\"twitter:label2\" content=\"\u0648\u0642\u062a \u0627\u0644\u0642\u0631\u0627\u0621\u0629 \u0627\u0644\u0645\u064f\u0642\u062f\u0651\u0631\" \/>\n\t<meta name=\"twitter:data2\" content=\"3 \u062f\u0642\u0627\u0626\u0642\" \/>\n<script type=\"application\/ld+json\" class=\"yoast-schema-graph\">{\"@context\":\"https:\\\/\\\/schema.org\",\"@graph\":[{\"@type\":\"Article\",\"@id\":\"https:\\\/\\\/lequotidien.mr\\\/?p=25577&lang=fr#article\",\"isPartOf\":{\"@id\":\"https:\\\/\\\/lequotidien.mr\\\/?p=25577&lang=fr\"},\"author\":{\"name\":\"Med Ahmed\",\"@id\":\"https:\\\/\\\/lequotidien.mr\\\/#\\\/schema\\\/person\\\/d2d350202a4d599685ed8abc25f97596\"},\"headline\":\"Dialogue politique Mauritanie-UE : une coop\u00e9ration renforc\u00e9e pour le d\u00e9veloppement et la s\u00e9curit\u00e9\",\"datePublished\":\"2025-02-20T13:34:30+00:00\",\"mainEntityOfPage\":{\"@id\":\"https:\\\/\\\/lequotidien.mr\\\/?p=25577&lang=fr\"},\"wordCount\":627,\"commentCount\":0,\"publisher\":{\"@id\":\"https:\\\/\\\/lequotidien.mr\\\/#organization\"},\"image\":{\"@id\":\"https:\\\/\\\/lequotidien.mr\\\/?p=25577&lang=fr#primaryimage\"},\"thumbnailUrl\":\"https:\\\/\\\/lequotidien.mr\\\/wp-content\\\/uploads\\\/2025\\\/02\\\/photo-PM-dialogue-pol-UE.jpg\",\"articleSection\":[\"ACTUALIT\u00c9\",\"Economie\"],\"inLanguage\":\"ar\",\"potentialAction\":[{\"@type\":\"CommentAction\",\"name\":\"Comment\",\"target\":[\"https:\\\/\\\/lequotidien.mr\\\/?p=25577&lang=fr#respond\"]}]},{\"@type\":\"WebPage\",\"@id\":\"https:\\\/\\\/lequotidien.mr\\\/?p=25577&lang=fr\",\"url\":\"https:\\\/\\\/lequotidien.mr\\\/?p=25577&lang=fr\",\"name\":\"Dialogue politique Mauritanie-UE : une coop\u00e9ration renforc\u00e9e pour le d\u00e9veloppement et la s\u00e9curit\u00e9 - Le Quotidien de Nouakchott\",\"isPartOf\":{\"@id\":\"https:\\\/\\\/lequotidien.mr\\\/#website\"},\"primaryImageOfPage\":{\"@id\":\"https:\\\/\\\/lequotidien.mr\\\/?p=25577&lang=fr#primaryimage\"},\"image\":{\"@id\":\"https:\\\/\\\/lequotidien.mr\\\/?p=25577&lang=fr#primaryimage\"},\"thumbnailUrl\":\"https:\\\/\\\/lequotidien.mr\\\/wp-content\\\/uploads\\\/2025\\\/02\\\/photo-PM-dialogue-pol-UE.jpg\",\"datePublished\":\"2025-02-20T13:34:30+00:00\",\"breadcrumb\":{\"@id\":\"https:\\\/\\\/lequotidien.mr\\\/?p=25577&lang=fr#breadcrumb\"},\"inLanguage\":\"ar\",\"potentialAction\":[{\"@type\":\"ReadAction\",\"target\":[\"https:\\\/\\\/lequotidien.mr\\\/?p=25577&lang=fr\"]}]},{\"@type\":\"ImageObject\",\"inLanguage\":\"ar\",\"@id\":\"https:\\\/\\\/lequotidien.mr\\\/?p=25577&lang=fr#primaryimage\",\"url\":\"https:\\\/\\\/lequotidien.mr\\\/wp-content\\\/uploads\\\/2025\\\/02\\\/photo-PM-dialogue-pol-UE.jpg\",\"contentUrl\":\"https:\\\/\\\/lequotidien.mr\\\/wp-content\\\/uploads\\\/2025\\\/02\\\/photo-PM-dialogue-pol-UE.jpg\",\"width\":750,\"height\":430},{\"@type\":\"BreadcrumbList\",\"@id\":\"https:\\\/\\\/lequotidien.mr\\\/?p=25577&lang=fr#breadcrumb\",\"itemListElement\":[{\"@type\":\"ListItem\",\"position\":1,\"name\":\"Home\",\"item\":\"https:\\\/\\\/lequotidien.mr\\\/\"},{\"@type\":\"ListItem\",\"position\":2,\"name\":\"Dialogue politique Mauritanie-UE : une coop\u00e9ration renforc\u00e9e pour le d\u00e9veloppement et la s\u00e9curit\u00e9\"}]},{\"@type\":\"WebSite\",\"@id\":\"https:\\\/\\\/lequotidien.mr\\\/#website\",\"url\":\"https:\\\/\\\/lequotidien.mr\\\/\",\"name\":\"Le Quotidien de Nouakchott\",\"description\":\"\u0625\u062e\u0628\u0627\u0631\u064a\u0629 \u0645\u0633\u062a\u0642\u0644\u0629 \u0644\u0644\u0623\u0646\u0628\u0627\u0621 \u0627\u0644\u0639\u0627\u0645\u0629\",\"publisher\":{\"@id\":\"https:\\\/\\\/lequotidien.mr\\\/#organization\"},\"potentialAction\":[{\"@type\":\"SearchAction\",\"target\":{\"@type\":\"EntryPoint\",\"urlTemplate\":\"https:\\\/\\\/lequotidien.mr\\\/?s={search_term_string}\"},\"query-input\":{\"@type\":\"PropertyValueSpecification\",\"valueRequired\":true,\"valueName\":\"search_term_string\"}}],\"inLanguage\":\"ar\"},{\"@type\":\"Organization\",\"@id\":\"https:\\\/\\\/lequotidien.mr\\\/#organization\",\"name\":\"Le Quotidien de Nouakchott\",\"url\":\"https:\\\/\\\/lequotidien.mr\\\/\",\"logo\":{\"@type\":\"ImageObject\",\"inLanguage\":\"ar\",\"@id\":\"https:\\\/\\\/lequotidien.mr\\\/#\\\/schema\\\/logo\\\/image\\\/\",\"url\":\"https:\\\/\\\/lequotidien.mr\\\/wp-content\\\/uploads\\\/2022\\\/11\\\/logolequotidien.jpg\",\"contentUrl\":\"https:\\\/\\\/lequotidien.mr\\\/wp-content\\\/uploads\\\/2022\\\/11\\\/logolequotidien.jpg\",\"width\":290,\"height\":65,\"caption\":\"Le Quotidien de Nouakchott\"},\"image\":{\"@id\":\"https:\\\/\\\/lequotidien.mr\\\/#\\\/schema\\\/logo\\\/image\\\/\"},\"sameAs\":[\"https:\\\/\\\/web.facebook.com\\\/lequotidienmr\",\"https:\\\/\\\/x.com\\\/lequotidienmr\"]},{\"@type\":\"Person\",\"@id\":\"https:\\\/\\\/lequotidien.mr\\\/#\\\/schema\\\/person\\\/d2d350202a4d599685ed8abc25f97596\",\"name\":\"Med Ahmed\",\"image\":{\"@type\":\"ImageObject\",\"inLanguage\":\"ar\",\"@id\":\"https:\\\/\\\/secure.gravatar.com\\\/avatar\\\/fd2acc62ed50732923d1d39c17172c9b04149f142be92310ecc69e1358f94b52?s=96&d=mm&r=g\",\"url\":\"https:\\\/\\\/secure.gravatar.com\\\/avatar\\\/fd2acc62ed50732923d1d39c17172c9b04149f142be92310ecc69e1358f94b52?s=96&d=mm&r=g\",\"contentUrl\":\"https:\\\/\\\/secure.gravatar.com\\\/avatar\\\/fd2acc62ed50732923d1d39c17172c9b04149f142be92310ecc69e1358f94b52?s=96&d=mm&r=g\",\"caption\":\"Med Ahmed\"},\"url\":\"https:\\\/\\\/lequotidien.mr\\\/?author=12\"}]}<\/script>\n<!-- \/ Yoast SEO plugin. -->","yoast_head_json":{"title":"Dialogue politique Mauritanie-UE : une coop\u00e9ration renforc\u00e9e pour le d\u00e9veloppement et la s\u00e9curit\u00e9 - Le Quotidien de Nouakchott","robots":{"index":"index","follow":"follow","max-snippet":"max-snippet:-1","max-image-preview":"max-image-preview:large","max-video-preview":"max-video-preview:-1"},"canonical":"https:\/\/lequotidien.mr\/?p=25577&lang=fr","og_locale":"ar_AR","og_type":"article","og_title":"Dialogue politique Mauritanie-UE : une coop\u00e9ration renforc\u00e9e pour le d\u00e9veloppement et la s\u00e9curit\u00e9 - Le Quotidien de Nouakchott","og_description":"Le Premier ministre, M. Moctar Djay, a pr\u00e9sid\u00e9, mercredi soir, dans la salle de r\u00e9union du Premier minist\u00e8re, la r\u00e9union r\u00e9guli\u00e8re du dialogue politique entre la Mauritanie et l\u2019Union europ\u00e9enne (UE). Cette rencontre a permis d\u2019examiner les diff\u00e9rentes dimensions de la coop\u00e9ration entre les deux parties et de discuter des questions d\u2019int\u00e9r\u00eat commun, notamment la.....","og_url":"https:\/\/lequotidien.mr\/?p=25577&lang=fr","og_site_name":"Le Quotidien de Nouakchott","article_publisher":"https:\/\/web.facebook.com\/lequotidienmr","article_published_time":"2025-02-20T13:34:30+00:00","og_image":[{"width":750,"height":430,"url":"https:\/\/lequotidien.mr\/wp-content\/uploads\/2025\/02\/photo-PM-dialogue-pol-UE.jpg","type":"image\/jpeg"}],"author":"Med Ahmed","twitter_card":"summary_large_image","twitter_creator":"@lequotidienmr","twitter_site":"@lequotidienmr","twitter_misc":{"\u0643\u064f\u062a\u0628 \u0628\u0648\u0627\u0633\u0637\u0629":"Med Ahmed","\u0648\u0642\u062a \u0627\u0644\u0642\u0631\u0627\u0621\u0629 \u0627\u0644\u0645\u064f\u0642\u062f\u0651\u0631":"3 \u062f\u0642\u0627\u0626\u0642"},"schema":{"@context":"https:\/\/schema.org","@graph":[{"@type":"Article","@id":"https:\/\/lequotidien.mr\/?p=25577&lang=fr#article","isPartOf":{"@id":"https:\/\/lequotidien.mr\/?p=25577&lang=fr"},"author":{"name":"Med Ahmed","@id":"https:\/\/lequotidien.mr\/#\/schema\/person\/d2d350202a4d599685ed8abc25f97596"},"headline":"Dialogue politique Mauritanie-UE : une coop\u00e9ration renforc\u00e9e pour le d\u00e9veloppement et la s\u00e9curit\u00e9","datePublished":"2025-02-20T13:34:30+00:00","mainEntityOfPage":{"@id":"https:\/\/lequotidien.mr\/?p=25577&lang=fr"},"wordCount":627,"commentCount":0,"publisher":{"@id":"https:\/\/lequotidien.mr\/#organization"},"image":{"@id":"https:\/\/lequotidien.mr\/?p=25577&lang=fr#primaryimage"},"thumbnailUrl":"https:\/\/lequotidien.mr\/wp-content\/uploads\/2025\/02\/photo-PM-dialogue-pol-UE.jpg","articleSection":["ACTUALIT\u00c9","Economie"],"inLanguage":"ar","potentialAction":[{"@type":"CommentAction","name":"Comment","target":["https:\/\/lequotidien.mr\/?p=25577&lang=fr#respond"]}]},{"@type":"WebPage","@id":"https:\/\/lequotidien.mr\/?p=25577&lang=fr","url":"https:\/\/lequotidien.mr\/?p=25577&lang=fr","name":"Dialogue politique Mauritanie-UE : une coop\u00e9ration renforc\u00e9e pour le d\u00e9veloppement et la s\u00e9curit\u00e9 - Le Quotidien de Nouakchott","isPartOf":{"@id":"https:\/\/lequotidien.mr\/#website"},"primaryImageOfPage":{"@id":"https:\/\/lequotidien.mr\/?p=25577&lang=fr#primaryimage"},"image":{"@id":"https:\/\/lequotidien.mr\/?p=25577&lang=fr#primaryimage"},"thumbnailUrl":"https:\/\/lequotidien.mr\/wp-content\/uploads\/2025\/02\/photo-PM-dialogue-pol-UE.jpg","datePublished":"2025-02-20T13:34:30+00:00","breadcrumb":{"@id":"https:\/\/lequotidien.mr\/?p=25577&lang=fr#breadcrumb"},"inLanguage":"ar","potentialAction":[{"@type":"ReadAction","target":["https:\/\/lequotidien.mr\/?p=25577&lang=fr"]}]},{"@type":"ImageObject","inLanguage":"ar","@id":"https:\/\/lequotidien.mr\/?p=25577&lang=fr#primaryimage","url":"https:\/\/lequotidien.mr\/wp-content\/uploads\/2025\/02\/photo-PM-dialogue-pol-UE.jpg","contentUrl":"https:\/\/lequotidien.mr\/wp-content\/uploads\/2025\/02\/photo-PM-dialogue-pol-UE.jpg","width":750,"height":430},{"@type":"BreadcrumbList","@id":"https:\/\/lequotidien.mr\/?p=25577&lang=fr#breadcrumb","itemListElement":[{"@type":"ListItem","position":1,"name":"Home","item":"https:\/\/lequotidien.mr\/"},{"@type":"ListItem","position":2,"name":"Dialogue politique Mauritanie-UE : une coop\u00e9ration renforc\u00e9e pour le d\u00e9veloppement et la s\u00e9curit\u00e9"}]},{"@type":"WebSite","@id":"https:\/\/lequotidien.mr\/#website","url":"https:\/\/lequotidien.mr\/","name":"Le Quotidien de Nouakchott","description":"\u0625\u062e\u0628\u0627\u0631\u064a\u0629 \u0645\u0633\u062a\u0642\u0644\u0629 \u0644\u0644\u0623\u0646\u0628\u0627\u0621 \u0627\u0644\u0639\u0627\u0645\u0629","publisher":{"@id":"https:\/\/lequotidien.mr\/#organization"},"potentialAction":[{"@type":"SearchAction","target":{"@type":"EntryPoint","urlTemplate":"https:\/\/lequotidien.mr\/?s={search_term_string}"},"query-input":{"@type":"PropertyValueSpecification","valueRequired":true,"valueName":"search_term_string"}}],"inLanguage":"ar"},{"@type":"Organization","@id":"https:\/\/lequotidien.mr\/#organization","name":"Le Quotidien de Nouakchott","url":"https:\/\/lequotidien.mr\/","logo":{"@type":"ImageObject","inLanguage":"ar","@id":"https:\/\/lequotidien.mr\/#\/schema\/logo\/image\/","url":"https:\/\/lequotidien.mr\/wp-content\/uploads\/2022\/11\/logolequotidien.jpg","contentUrl":"https:\/\/lequotidien.mr\/wp-content\/uploads\/2022\/11\/logolequotidien.jpg","width":290,"height":65,"caption":"Le Quotidien de Nouakchott"},"image":{"@id":"https:\/\/lequotidien.mr\/#\/schema\/logo\/image\/"},"sameAs":["https:\/\/web.facebook.com\/lequotidienmr","https:\/\/x.com\/lequotidienmr"]},{"@type":"Person","@id":"https:\/\/lequotidien.mr\/#\/schema\/person\/d2d350202a4d599685ed8abc25f97596","name":"Med Ahmed","image":{"@type":"ImageObject","inLanguage":"ar","@id":"https:\/\/secure.gravatar.com\/avatar\/fd2acc62ed50732923d1d39c17172c9b04149f142be92310ecc69e1358f94b52?s=96&d=mm&r=g","url":"https:\/\/secure.gravatar.com\/avatar\/fd2acc62ed50732923d1d39c17172c9b04149f142be92310ecc69e1358f94b52?s=96&d=mm&r=g","contentUrl":"https:\/\/secure.gravatar.com\/avatar\/fd2acc62ed50732923d1d39c17172c9b04149f142be92310ecc69e1358f94b52?s=96&d=mm&r=g","caption":"Med Ahmed"},"url":"https:\/\/lequotidien.mr\/?author=12"}]}},"_links":{"self":[{"href":"https:\/\/lequotidien.mr\/index.php?rest_route=\/wp\/v2\/posts\/25577","targetHints":{"allow":["GET"]}}],"collection":[{"href":"https:\/\/lequotidien.mr\/index.php?rest_route=\/wp\/v2\/posts"}],"about":[{"href":"https:\/\/lequotidien.mr\/index.php?rest_route=\/wp\/v2\/types\/post"}],"author":[{"embeddable":true,"href":"https:\/\/lequotidien.mr\/index.php?rest_route=\/wp\/v2\/users\/12"}],"replies":[{"embeddable":true,"href":"https:\/\/lequotidien.mr\/index.php?rest_route=%2Fwp%2Fv2%2Fcomments&post=25577"}],"version-history":[{"count":1,"href":"https:\/\/lequotidien.mr\/index.php?rest_route=\/wp\/v2\/posts\/25577\/revisions"}],"predecessor-version":[{"id":25579,"href":"https:\/\/lequotidien.mr\/index.php?rest_route=\/wp\/v2\/posts\/25577\/revisions\/25579"}],"wp:featuredmedia":[{"embeddable":true,"href":"https:\/\/lequotidien.mr\/index.php?rest_route=\/wp\/v2\/media\/25578"}],"wp:attachment":[{"href":"https:\/\/lequotidien.mr\/index.php?rest_route=%2Fwp%2Fv2%2Fmedia&parent=25577"}],"wp:term":[{"taxonomy":"category","embeddable":true,"href":"https:\/\/lequotidien.mr\/index.php?rest_route=%2Fwp%2Fv2%2Fcategories&post=25577"},{"taxonomy":"post_tag","embeddable":true,"href":"https:\/\/lequotidien.mr\/index.php?rest_route=%2Fwp%2Fv2%2Ftags&post=25577"}],"curies":[{"name":"wp","href":"https:\/\/api.w.org\/{rel}","templated":true}]}}