{"id":25547,"date":"2025-02-19T12:37:57","date_gmt":"2025-02-19T12:37:57","guid":{"rendered":"https:\/\/lequotidien.mr\/?p=25547"},"modified":"2025-02-19T12:37:57","modified_gmt":"2025-02-19T12:37:57","slug":"enseignement-superieur-signature-dun-accord-de-cooperation-entre-la-mauritanie-et-lalgerie-dans-le-domaine-de-lenseignement-superieur-et-de-la-recherche-scientifique","status":"publish","type":"post","link":"https:\/\/lequotidien.mr\/?p=25547&lang=fr","title":{"rendered":"Enseignement sup\u00e9rieur : Signature d\u2019un accord de coop\u00e9ration entre la Mauritanie et l\u2019Alg\u00e9rie dans le domaine de l\u2019enseignement sup\u00e9rieur et de la recherche scientifique"},"content":{"rendered":"<p>Le ministre de l\u2019Enseignement sup\u00e9rieur et de la Recherche scientifique, M.\u00a0<strong>Yacoub Mo\u00efne<\/strong>, a sign\u00e9, lundi dernier \u00e0 Alger, un\u00a0<strong>accord relatif au programme ex\u00e9cutif de coop\u00e9ration mixte (2025-2027)<\/strong>\u00a0avec son homologue alg\u00e9rien, M.\u00a0<strong>Kamel Baddari<\/strong>. Cet accord vise \u00e0 renforcer la collaboration entre les deux pays dans les domaines de l\u2019enseignement sup\u00e9rieur et de la recherche scientifique, en mettant l\u2019accent sur la mobilit\u00e9 acad\u00e9mique, la formation et l\u2019acc\u00e8s aux ressources num\u00e9riques et historiques.<\/p>\n<p><strong>Un programme ambitieux pour la coop\u00e9ration bilat\u00e9rale<\/strong><\/p>\n<p>Le programme ex\u00e9cutif de coop\u00e9ration mixte comprend plusieurs dispositions cl\u00e9s, notamment :<\/p>\n<p><strong>&#8211;<\/strong>La\u00a0<strong>mobilit\u00e9 des \u00e9tudiants et des chercheurs<\/strong>\u00a0entre les deux pays\u00a0;<\/p>\n<p><strong>&#8211;<\/strong>La\u00a0<strong>formation aux niveaux master et doctorat<\/strong>, ainsi que dans les\u00a0<strong>sp\u00e9cialit\u00e9s m\u00e9dicales\u00a0<\/strong>;<\/p>\n<p><strong>&#8211;<\/strong>L\u2019acc\u00e8s des chercheurs mauritaniens et alg\u00e9riens \u00e0 des\u00a0<strong>supports d\u2019information num\u00e9riques<\/strong>\u00a0et \u00e0 des\u00a0<strong>centres de manuscrits et de documents historiques<\/strong>.<\/p>\n<p>Ces initiatives visent \u00e0 renforcer les capacit\u00e9s acad\u00e9miques et scientifiques des deux pays, tout en favorisant les \u00e9changes culturels et intellectuels.<\/p>\n<p><strong>Une coop\u00e9ration ancr\u00e9e dans des relations historiques<\/strong><\/p>\n<p>Dans son allocution, le ministre Yacoub Mo\u00efne a soulign\u00e9 que cette visite s\u2019inscrit dans le cadre du renforcement des relations bilat\u00e9rales entre la Mauritanie et l\u2019Alg\u00e9rie, en particulier dans le domaine de l\u2019enseignement sup\u00e9rieur et de la recherche scientifique.\u00a0<em>\u00ab Cette coop\u00e9ration rev\u00eat une importance strat\u00e9gique pour les deux pays, car elle contribue \u00e0 concr\u00e9tiser les ambitions de nos dirigeants, le Pr\u00e9sident Mohamed Cheikh El Ghazouani et le Pr\u00e9sident Abdelmadjid Tebboune, en mati\u00e8re de d\u00e9veloppement et de progr\u00e8s scientifique \u00bb<\/em>, a-t-il d\u00e9clar\u00e9.<\/p>\n<p>Le ministre a \u00e9galement rappel\u00e9 le r\u00f4le essentiel de l\u2019enseignement sup\u00e9rieur et de la recherche scientifique en tant que\u00a0<strong>levier du d\u00e9veloppement national<\/strong>. Il a r\u00e9affirm\u00e9 l\u2019engagement de la Mauritanie \u00e0 r\u00e9former et \u00e0 moderniser son syst\u00e8me \u00e9ducatif pour r\u00e9pondre aux attentes des citoyens et aux d\u00e9fis du 21\u1d49 si\u00e8cle.<\/p>\n<p><strong>L\u2019Alg\u00e9rie, un partenaire de longue date<\/strong><\/p>\n<p>Le ministre mauritanien a salu\u00e9 les\u00a0<strong>contributions pr\u00e9cieuses de l\u2019Alg\u00e9rie<\/strong>\u00a0\u00e0 la formation de milliers de cadres mauritaniens de haut niveau, notamment des m\u00e9decins, des ing\u00e9nieurs, des professeurs d\u2019universit\u00e9 et des cadres administratifs.\u00a0<em>\u00ab Ces r\u00e9alisations refl\u00e8tent les liens fraternels qui unissent depuis longtemps nos deux pays et les aspirations communes de nos peuples \u00bb<\/em>, a-t-il ajout\u00e9.<\/p>\n<p>De son c\u00f4t\u00e9, le ministre alg\u00e9rien Kamel Baddari a soulign\u00e9 que cet accord contribuera \u00e0 renforcer la coop\u00e9ration scientifique et acad\u00e9mique entre les deux pays.\u00a0<em>\u00ab Les relations historiques profondes entre nos deux peuples se sont encore renforc\u00e9es sous l\u2019impulsion de nos dirigeants. Cet accord est une nouvelle \u00e9tape dans notre collaboration pour un avenir meilleur \u00bb<\/em>, a-t-il d\u00e9clar\u00e9.<\/p>\n<p>La c\u00e9r\u00e9monie de signature s\u2019est d\u00e9roul\u00e9e en pr\u00e9sence de l\u2019ambassadeur de Mauritanie en Alg\u00e9rie, M.\u00a0<strong>Sidi Mohamed Abdallahi<\/strong>, ainsi que de plusieurs responsables mauritaniens, dont M.\u00a0<strong>Mohamed Lemine Ahmed Zeidane<\/strong>, charg\u00e9 de mission au minist\u00e8re, M.\u00a0<strong>Sadvi Sekhawi<\/strong>, directeur de l\u2019orientation et des bourses, et Mme\u00a0<strong>Mariem Boubacar<\/strong>, conseill\u00e8re culturelle \u00e0 l\u2019ambassade de Mauritanie en Alg\u00e9rie.<\/p>\n<p>La signature de cet accord marque une nouvelle \u00e9tape dans la coop\u00e9ration entre la Mauritanie et l\u2019Alg\u00e9rie, deux pays li\u00e9s par des relations historiques et culturelles profondes. En renfor\u00e7ant leurs collaborations dans les domaines de l\u2019enseignement sup\u00e9rieur et de la recherche scientifique, les deux nations s\u2019engagent \u00e0 construire un avenir commun fond\u00e9 sur le savoir, l\u2019innovation et le d\u00e9veloppement durable.<\/p>\n<p>Gr\u00e2ce \u00e0 des initiatives comme celle-ci, la Mauritanie et l\u2019Alg\u00e9rie d\u00e9montrent leur volont\u00e9 de travailler ensemble pour relever les d\u00e9fis du 21\u1d49 si\u00e8cle et offrir des opportunit\u00e9s de formation et de recherche \u00e0 leurs citoyens.<\/p>\n<p>&nbsp;<\/p>\n","protected":false},"excerpt":{"rendered":"<p>Le ministre de l\u2019Enseignement sup\u00e9rieur et de la Recherche scientifique, M.\u00a0Yacoub Mo\u00efne, a sign\u00e9, lundi dernier \u00e0 Alger, un\u00a0accord relatif au programme ex\u00e9cutif de coop\u00e9ration mixte (2025-2027)\u00a0avec son homologue alg\u00e9rien, M.\u00a0Kamel Baddari. Cet accord vise \u00e0 renforcer la collaboration entre les deux pays dans les domaines de l\u2019enseignement sup\u00e9rieur et de la recherche scientifique, en&#8230;..<\/p>\n","protected":false},"author":12,"featured_media":25548,"comment_status":"open","ping_status":"open","sticky":false,"template":"","format":"standard","meta":{"footnotes":""},"categories":[23,55],"tags":[],"class_list":["post-25547","post","type-post","status-publish","format-standard","has-post-thumbnail","hentry","category-actualite","category-culture"],"yoast_head":"<!-- This site is optimized with the Yoast SEO plugin v27.5 - https:\/\/yoast.com\/product\/yoast-seo-wordpress\/ -->\n<title>Enseignement sup\u00e9rieur : Signature d\u2019un accord de coop\u00e9ration entre la Mauritanie et l\u2019Alg\u00e9rie dans le domaine de l\u2019enseignement sup\u00e9rieur et de la recherche scientifique - Le Quotidien de Nouakchott<\/title>\n<meta name=\"robots\" content=\"index, follow, max-snippet:-1, max-image-preview:large, max-video-preview:-1\" \/>\n<link rel=\"canonical\" href=\"https:\/\/lequotidien.mr\/?p=25547&lang=fr\" \/>\n<meta property=\"og:locale\" content=\"ar_AR\" \/>\n<meta property=\"og:type\" content=\"article\" \/>\n<meta property=\"og:title\" content=\"Enseignement sup\u00e9rieur : Signature d\u2019un accord de coop\u00e9ration entre la Mauritanie et l\u2019Alg\u00e9rie dans le domaine de l\u2019enseignement sup\u00e9rieur et de la recherche scientifique - Le Quotidien de Nouakchott\" \/>\n<meta property=\"og:description\" content=\"Le ministre de l\u2019Enseignement sup\u00e9rieur et de la Recherche scientifique, M.\u00a0Yacoub Mo\u00efne, a sign\u00e9, lundi dernier \u00e0 Alger, un\u00a0accord relatif au programme ex\u00e9cutif de coop\u00e9ration mixte (2025-2027)\u00a0avec son homologue alg\u00e9rien, M.\u00a0Kamel Baddari. Cet accord vise \u00e0 renforcer la collaboration entre les deux pays dans les domaines de l\u2019enseignement sup\u00e9rieur et de la recherche scientifique, en.....\" \/>\n<meta property=\"og:url\" content=\"https:\/\/lequotidien.mr\/?p=25547&amp;lang=fr\" \/>\n<meta property=\"og:site_name\" content=\"Le Quotidien de Nouakchott\" \/>\n<meta property=\"article:publisher\" content=\"https:\/\/web.facebook.com\/lequotidienmr\" \/>\n<meta property=\"article:published_time\" content=\"2025-02-19T12:37:57+00:00\" \/>\n<meta property=\"og:image\" content=\"https:\/\/lequotidien.mr\/wp-content\/uploads\/2025\/02\/photo-accord-Agrie-Mtnie-_-Enseignt-sup.jpg\" \/>\n\t<meta property=\"og:image:width\" content=\"750\" \/>\n\t<meta property=\"og:image:height\" content=\"430\" \/>\n\t<meta property=\"og:image:type\" content=\"image\/jpeg\" \/>\n<meta name=\"author\" content=\"Med Ahmed\" \/>\n<meta name=\"twitter:card\" content=\"summary_large_image\" \/>\n<meta name=\"twitter:creator\" content=\"@lequotidienmr\" \/>\n<meta name=\"twitter:site\" content=\"@lequotidienmr\" \/>\n<meta name=\"twitter:label1\" content=\"\u0643\u064f\u062a\u0628 \u0628\u0648\u0627\u0633\u0637\u0629\" \/>\n\t<meta name=\"twitter:data1\" content=\"Med Ahmed\" \/>\n\t<meta name=\"twitter:label2\" content=\"\u0648\u0642\u062a \u0627\u0644\u0642\u0631\u0627\u0621\u0629 \u0627\u0644\u0645\u064f\u0642\u062f\u0651\u0631\" \/>\n\t<meta name=\"twitter:data2\" content=\"3 \u062f\u0642\u0627\u0626\u0642\" \/>\n<script type=\"application\/ld+json\" class=\"yoast-schema-graph\">{\"@context\":\"https:\\\/\\\/schema.org\",\"@graph\":[{\"@type\":\"Article\",\"@id\":\"https:\\\/\\\/lequotidien.mr\\\/?p=25547&lang=fr#article\",\"isPartOf\":{\"@id\":\"https:\\\/\\\/lequotidien.mr\\\/?p=25547&lang=fr\"},\"author\":{\"name\":\"Med Ahmed\",\"@id\":\"https:\\\/\\\/lequotidien.mr\\\/#\\\/schema\\\/person\\\/d2d350202a4d599685ed8abc25f97596\"},\"headline\":\"Enseignement sup\u00e9rieur : Signature d\u2019un accord de coop\u00e9ration entre la Mauritanie et l\u2019Alg\u00e9rie dans le domaine de l\u2019enseignement sup\u00e9rieur et de la recherche scientifique\",\"datePublished\":\"2025-02-19T12:37:57+00:00\",\"mainEntityOfPage\":{\"@id\":\"https:\\\/\\\/lequotidien.mr\\\/?p=25547&lang=fr\"},\"wordCount\":684,\"commentCount\":0,\"publisher\":{\"@id\":\"https:\\\/\\\/lequotidien.mr\\\/#organization\"},\"image\":{\"@id\":\"https:\\\/\\\/lequotidien.mr\\\/?p=25547&lang=fr#primaryimage\"},\"thumbnailUrl\":\"https:\\\/\\\/lequotidien.mr\\\/wp-content\\\/uploads\\\/2025\\\/02\\\/photo-accord-Agrie-Mtnie-_-Enseignt-sup.jpg\",\"articleSection\":[\"ACTUALIT\u00c9\",\"Culture\"],\"inLanguage\":\"ar\",\"potentialAction\":[{\"@type\":\"CommentAction\",\"name\":\"Comment\",\"target\":[\"https:\\\/\\\/lequotidien.mr\\\/?p=25547&lang=fr#respond\"]}]},{\"@type\":\"WebPage\",\"@id\":\"https:\\\/\\\/lequotidien.mr\\\/?p=25547&lang=fr\",\"url\":\"https:\\\/\\\/lequotidien.mr\\\/?p=25547&lang=fr\",\"name\":\"Enseignement sup\u00e9rieur : Signature d\u2019un accord de coop\u00e9ration entre la Mauritanie et l\u2019Alg\u00e9rie dans le domaine de l\u2019enseignement sup\u00e9rieur et de la recherche scientifique - Le Quotidien de Nouakchott\",\"isPartOf\":{\"@id\":\"https:\\\/\\\/lequotidien.mr\\\/#website\"},\"primaryImageOfPage\":{\"@id\":\"https:\\\/\\\/lequotidien.mr\\\/?p=25547&lang=fr#primaryimage\"},\"image\":{\"@id\":\"https:\\\/\\\/lequotidien.mr\\\/?p=25547&lang=fr#primaryimage\"},\"thumbnailUrl\":\"https:\\\/\\\/lequotidien.mr\\\/wp-content\\\/uploads\\\/2025\\\/02\\\/photo-accord-Agrie-Mtnie-_-Enseignt-sup.jpg\",\"datePublished\":\"2025-02-19T12:37:57+00:00\",\"breadcrumb\":{\"@id\":\"https:\\\/\\\/lequotidien.mr\\\/?p=25547&lang=fr#breadcrumb\"},\"inLanguage\":\"ar\",\"potentialAction\":[{\"@type\":\"ReadAction\",\"target\":[\"https:\\\/\\\/lequotidien.mr\\\/?p=25547&lang=fr\"]}]},{\"@type\":\"ImageObject\",\"inLanguage\":\"ar\",\"@id\":\"https:\\\/\\\/lequotidien.mr\\\/?p=25547&lang=fr#primaryimage\",\"url\":\"https:\\\/\\\/lequotidien.mr\\\/wp-content\\\/uploads\\\/2025\\\/02\\\/photo-accord-Agrie-Mtnie-_-Enseignt-sup.jpg\",\"contentUrl\":\"https:\\\/\\\/lequotidien.mr\\\/wp-content\\\/uploads\\\/2025\\\/02\\\/photo-accord-Agrie-Mtnie-_-Enseignt-sup.jpg\",\"width\":750,\"height\":430},{\"@type\":\"BreadcrumbList\",\"@id\":\"https:\\\/\\\/lequotidien.mr\\\/?p=25547&lang=fr#breadcrumb\",\"itemListElement\":[{\"@type\":\"ListItem\",\"position\":1,\"name\":\"Home\",\"item\":\"https:\\\/\\\/lequotidien.mr\\\/\"},{\"@type\":\"ListItem\",\"position\":2,\"name\":\"Enseignement sup\u00e9rieur : Signature d\u2019un accord de coop\u00e9ration entre la Mauritanie et l\u2019Alg\u00e9rie dans le domaine de l\u2019enseignement sup\u00e9rieur et de la recherche scientifique\"}]},{\"@type\":\"WebSite\",\"@id\":\"https:\\\/\\\/lequotidien.mr\\\/#website\",\"url\":\"https:\\\/\\\/lequotidien.mr\\\/\",\"name\":\"Le Quotidien de Nouakchott\",\"description\":\"\u0625\u062e\u0628\u0627\u0631\u064a\u0629 \u0645\u0633\u062a\u0642\u0644\u0629 \u0644\u0644\u0623\u0646\u0628\u0627\u0621 \u0627\u0644\u0639\u0627\u0645\u0629\",\"publisher\":{\"@id\":\"https:\\\/\\\/lequotidien.mr\\\/#organization\"},\"potentialAction\":[{\"@type\":\"SearchAction\",\"target\":{\"@type\":\"EntryPoint\",\"urlTemplate\":\"https:\\\/\\\/lequotidien.mr\\\/?s={search_term_string}\"},\"query-input\":{\"@type\":\"PropertyValueSpecification\",\"valueRequired\":true,\"valueName\":\"search_term_string\"}}],\"inLanguage\":\"ar\"},{\"@type\":\"Organization\",\"@id\":\"https:\\\/\\\/lequotidien.mr\\\/#organization\",\"name\":\"Le Quotidien de Nouakchott\",\"url\":\"https:\\\/\\\/lequotidien.mr\\\/\",\"logo\":{\"@type\":\"ImageObject\",\"inLanguage\":\"ar\",\"@id\":\"https:\\\/\\\/lequotidien.mr\\\/#\\\/schema\\\/logo\\\/image\\\/\",\"url\":\"https:\\\/\\\/lequotidien.mr\\\/wp-content\\\/uploads\\\/2022\\\/11\\\/logolequotidien.jpg\",\"contentUrl\":\"https:\\\/\\\/lequotidien.mr\\\/wp-content\\\/uploads\\\/2022\\\/11\\\/logolequotidien.jpg\",\"width\":290,\"height\":65,\"caption\":\"Le Quotidien de Nouakchott\"},\"image\":{\"@id\":\"https:\\\/\\\/lequotidien.mr\\\/#\\\/schema\\\/logo\\\/image\\\/\"},\"sameAs\":[\"https:\\\/\\\/web.facebook.com\\\/lequotidienmr\",\"https:\\\/\\\/x.com\\\/lequotidienmr\"]},{\"@type\":\"Person\",\"@id\":\"https:\\\/\\\/lequotidien.mr\\\/#\\\/schema\\\/person\\\/d2d350202a4d599685ed8abc25f97596\",\"name\":\"Med Ahmed\",\"image\":{\"@type\":\"ImageObject\",\"inLanguage\":\"ar\",\"@id\":\"https:\\\/\\\/secure.gravatar.com\\\/avatar\\\/fd2acc62ed50732923d1d39c17172c9b04149f142be92310ecc69e1358f94b52?s=96&d=mm&r=g\",\"url\":\"https:\\\/\\\/secure.gravatar.com\\\/avatar\\\/fd2acc62ed50732923d1d39c17172c9b04149f142be92310ecc69e1358f94b52?s=96&d=mm&r=g\",\"contentUrl\":\"https:\\\/\\\/secure.gravatar.com\\\/avatar\\\/fd2acc62ed50732923d1d39c17172c9b04149f142be92310ecc69e1358f94b52?s=96&d=mm&r=g\",\"caption\":\"Med Ahmed\"},\"url\":\"https:\\\/\\\/lequotidien.mr\\\/?author=12\"}]}<\/script>\n<!-- \/ Yoast SEO plugin. -->","yoast_head_json":{"title":"Enseignement sup\u00e9rieur : Signature d\u2019un accord de coop\u00e9ration entre la Mauritanie et l\u2019Alg\u00e9rie dans le domaine de l\u2019enseignement sup\u00e9rieur et de la recherche scientifique - Le Quotidien de Nouakchott","robots":{"index":"index","follow":"follow","max-snippet":"max-snippet:-1","max-image-preview":"max-image-preview:large","max-video-preview":"max-video-preview:-1"},"canonical":"https:\/\/lequotidien.mr\/?p=25547&lang=fr","og_locale":"ar_AR","og_type":"article","og_title":"Enseignement sup\u00e9rieur : Signature d\u2019un accord de coop\u00e9ration entre la Mauritanie et l\u2019Alg\u00e9rie dans le domaine de l\u2019enseignement sup\u00e9rieur et de la recherche scientifique - Le Quotidien de Nouakchott","og_description":"Le ministre de l\u2019Enseignement sup\u00e9rieur et de la Recherche scientifique, M.\u00a0Yacoub Mo\u00efne, a sign\u00e9, lundi dernier \u00e0 Alger, un\u00a0accord relatif au programme ex\u00e9cutif de coop\u00e9ration mixte (2025-2027)\u00a0avec son homologue alg\u00e9rien, M.\u00a0Kamel Baddari. Cet accord vise \u00e0 renforcer la collaboration entre les deux pays dans les domaines de l\u2019enseignement sup\u00e9rieur et de la recherche scientifique, en.....","og_url":"https:\/\/lequotidien.mr\/?p=25547&lang=fr","og_site_name":"Le Quotidien de Nouakchott","article_publisher":"https:\/\/web.facebook.com\/lequotidienmr","article_published_time":"2025-02-19T12:37:57+00:00","og_image":[{"width":750,"height":430,"url":"https:\/\/lequotidien.mr\/wp-content\/uploads\/2025\/02\/photo-accord-Agrie-Mtnie-_-Enseignt-sup.jpg","type":"image\/jpeg"}],"author":"Med Ahmed","twitter_card":"summary_large_image","twitter_creator":"@lequotidienmr","twitter_site":"@lequotidienmr","twitter_misc":{"\u0643\u064f\u062a\u0628 \u0628\u0648\u0627\u0633\u0637\u0629":"Med Ahmed","\u0648\u0642\u062a \u0627\u0644\u0642\u0631\u0627\u0621\u0629 \u0627\u0644\u0645\u064f\u0642\u062f\u0651\u0631":"3 \u062f\u0642\u0627\u0626\u0642"},"schema":{"@context":"https:\/\/schema.org","@graph":[{"@type":"Article","@id":"https:\/\/lequotidien.mr\/?p=25547&lang=fr#article","isPartOf":{"@id":"https:\/\/lequotidien.mr\/?p=25547&lang=fr"},"author":{"name":"Med Ahmed","@id":"https:\/\/lequotidien.mr\/#\/schema\/person\/d2d350202a4d599685ed8abc25f97596"},"headline":"Enseignement sup\u00e9rieur : Signature d\u2019un accord de coop\u00e9ration entre la Mauritanie et l\u2019Alg\u00e9rie dans le domaine de l\u2019enseignement sup\u00e9rieur et de la recherche scientifique","datePublished":"2025-02-19T12:37:57+00:00","mainEntityOfPage":{"@id":"https:\/\/lequotidien.mr\/?p=25547&lang=fr"},"wordCount":684,"commentCount":0,"publisher":{"@id":"https:\/\/lequotidien.mr\/#organization"},"image":{"@id":"https:\/\/lequotidien.mr\/?p=25547&lang=fr#primaryimage"},"thumbnailUrl":"https:\/\/lequotidien.mr\/wp-content\/uploads\/2025\/02\/photo-accord-Agrie-Mtnie-_-Enseignt-sup.jpg","articleSection":["ACTUALIT\u00c9","Culture"],"inLanguage":"ar","potentialAction":[{"@type":"CommentAction","name":"Comment","target":["https:\/\/lequotidien.mr\/?p=25547&lang=fr#respond"]}]},{"@type":"WebPage","@id":"https:\/\/lequotidien.mr\/?p=25547&lang=fr","url":"https:\/\/lequotidien.mr\/?p=25547&lang=fr","name":"Enseignement sup\u00e9rieur : Signature d\u2019un accord de coop\u00e9ration entre la Mauritanie et l\u2019Alg\u00e9rie dans le domaine de l\u2019enseignement sup\u00e9rieur et de la recherche scientifique - Le Quotidien de Nouakchott","isPartOf":{"@id":"https:\/\/lequotidien.mr\/#website"},"primaryImageOfPage":{"@id":"https:\/\/lequotidien.mr\/?p=25547&lang=fr#primaryimage"},"image":{"@id":"https:\/\/lequotidien.mr\/?p=25547&lang=fr#primaryimage"},"thumbnailUrl":"https:\/\/lequotidien.mr\/wp-content\/uploads\/2025\/02\/photo-accord-Agrie-Mtnie-_-Enseignt-sup.jpg","datePublished":"2025-02-19T12:37:57+00:00","breadcrumb":{"@id":"https:\/\/lequotidien.mr\/?p=25547&lang=fr#breadcrumb"},"inLanguage":"ar","potentialAction":[{"@type":"ReadAction","target":["https:\/\/lequotidien.mr\/?p=25547&lang=fr"]}]},{"@type":"ImageObject","inLanguage":"ar","@id":"https:\/\/lequotidien.mr\/?p=25547&lang=fr#primaryimage","url":"https:\/\/lequotidien.mr\/wp-content\/uploads\/2025\/02\/photo-accord-Agrie-Mtnie-_-Enseignt-sup.jpg","contentUrl":"https:\/\/lequotidien.mr\/wp-content\/uploads\/2025\/02\/photo-accord-Agrie-Mtnie-_-Enseignt-sup.jpg","width":750,"height":430},{"@type":"BreadcrumbList","@id":"https:\/\/lequotidien.mr\/?p=25547&lang=fr#breadcrumb","itemListElement":[{"@type":"ListItem","position":1,"name":"Home","item":"https:\/\/lequotidien.mr\/"},{"@type":"ListItem","position":2,"name":"Enseignement sup\u00e9rieur : Signature d\u2019un accord de coop\u00e9ration entre la Mauritanie et l\u2019Alg\u00e9rie dans le domaine de l\u2019enseignement sup\u00e9rieur et de la recherche scientifique"}]},{"@type":"WebSite","@id":"https:\/\/lequotidien.mr\/#website","url":"https:\/\/lequotidien.mr\/","name":"Le Quotidien de Nouakchott","description":"\u0625\u062e\u0628\u0627\u0631\u064a\u0629 \u0645\u0633\u062a\u0642\u0644\u0629 \u0644\u0644\u0623\u0646\u0628\u0627\u0621 \u0627\u0644\u0639\u0627\u0645\u0629","publisher":{"@id":"https:\/\/lequotidien.mr\/#organization"},"potentialAction":[{"@type":"SearchAction","target":{"@type":"EntryPoint","urlTemplate":"https:\/\/lequotidien.mr\/?s={search_term_string}"},"query-input":{"@type":"PropertyValueSpecification","valueRequired":true,"valueName":"search_term_string"}}],"inLanguage":"ar"},{"@type":"Organization","@id":"https:\/\/lequotidien.mr\/#organization","name":"Le Quotidien de Nouakchott","url":"https:\/\/lequotidien.mr\/","logo":{"@type":"ImageObject","inLanguage":"ar","@id":"https:\/\/lequotidien.mr\/#\/schema\/logo\/image\/","url":"https:\/\/lequotidien.mr\/wp-content\/uploads\/2022\/11\/logolequotidien.jpg","contentUrl":"https:\/\/lequotidien.mr\/wp-content\/uploads\/2022\/11\/logolequotidien.jpg","width":290,"height":65,"caption":"Le Quotidien de Nouakchott"},"image":{"@id":"https:\/\/lequotidien.mr\/#\/schema\/logo\/image\/"},"sameAs":["https:\/\/web.facebook.com\/lequotidienmr","https:\/\/x.com\/lequotidienmr"]},{"@type":"Person","@id":"https:\/\/lequotidien.mr\/#\/schema\/person\/d2d350202a4d599685ed8abc25f97596","name":"Med Ahmed","image":{"@type":"ImageObject","inLanguage":"ar","@id":"https:\/\/secure.gravatar.com\/avatar\/fd2acc62ed50732923d1d39c17172c9b04149f142be92310ecc69e1358f94b52?s=96&d=mm&r=g","url":"https:\/\/secure.gravatar.com\/avatar\/fd2acc62ed50732923d1d39c17172c9b04149f142be92310ecc69e1358f94b52?s=96&d=mm&r=g","contentUrl":"https:\/\/secure.gravatar.com\/avatar\/fd2acc62ed50732923d1d39c17172c9b04149f142be92310ecc69e1358f94b52?s=96&d=mm&r=g","caption":"Med Ahmed"},"url":"https:\/\/lequotidien.mr\/?author=12"}]}},"_links":{"self":[{"href":"https:\/\/lequotidien.mr\/index.php?rest_route=\/wp\/v2\/posts\/25547","targetHints":{"allow":["GET"]}}],"collection":[{"href":"https:\/\/lequotidien.mr\/index.php?rest_route=\/wp\/v2\/posts"}],"about":[{"href":"https:\/\/lequotidien.mr\/index.php?rest_route=\/wp\/v2\/types\/post"}],"author":[{"embeddable":true,"href":"https:\/\/lequotidien.mr\/index.php?rest_route=\/wp\/v2\/users\/12"}],"replies":[{"embeddable":true,"href":"https:\/\/lequotidien.mr\/index.php?rest_route=%2Fwp%2Fv2%2Fcomments&post=25547"}],"version-history":[{"count":1,"href":"https:\/\/lequotidien.mr\/index.php?rest_route=\/wp\/v2\/posts\/25547\/revisions"}],"predecessor-version":[{"id":25549,"href":"https:\/\/lequotidien.mr\/index.php?rest_route=\/wp\/v2\/posts\/25547\/revisions\/25549"}],"wp:featuredmedia":[{"embeddable":true,"href":"https:\/\/lequotidien.mr\/index.php?rest_route=\/wp\/v2\/media\/25548"}],"wp:attachment":[{"href":"https:\/\/lequotidien.mr\/index.php?rest_route=%2Fwp%2Fv2%2Fmedia&parent=25547"}],"wp:term":[{"taxonomy":"category","embeddable":true,"href":"https:\/\/lequotidien.mr\/index.php?rest_route=%2Fwp%2Fv2%2Fcategories&post=25547"},{"taxonomy":"post_tag","embeddable":true,"href":"https:\/\/lequotidien.mr\/index.php?rest_route=%2Fwp%2Fv2%2Ftags&post=25547"}],"curies":[{"name":"wp","href":"https:\/\/api.w.org\/{rel}","templated":true}]}}