{"id":25458,"date":"2025-02-14T23:22:19","date_gmt":"2025-02-14T23:22:19","guid":{"rendered":"https:\/\/lequotidien.mr\/?p=25458"},"modified":"2025-02-14T23:22:19","modified_gmt":"2025-02-14T23:22:19","slug":"la-mauritanie-participe-a-la-12eme-reunion-du-groupe-de-contact-de-lalliance-du-sahel-a-bruxelles","status":"publish","type":"post","link":"https:\/\/lequotidien.mr\/?p=25458&lang=fr","title":{"rendered":"La Mauritanie participe \u00e0 la 12\u00e8me r\u00e9union du Groupe de contact de l\u2019Alliance du Sahel \u00e0 Bruxelles"},"content":{"rendered":"<p>La Mauritanie a pris part, mercredi dernier \u00e0 Bruxelles, en Belgique, \u00e0 la\u00a0<strong>12\u00e8me r\u00e9union du Groupe de contact de l\u2019Alliance du Sahel<\/strong>. Repr\u00e9sent\u00e9e par M.\u00a0<strong>Demane Hammar<\/strong>, Ambassadeur et Secr\u00e9taire G\u00e9n\u00e9ral du minist\u00e8re des Affaires \u00e9trang\u00e8res, de la Coop\u00e9ration africaine et des Mauritaniens \u00e0 l\u2019ext\u00e9rieur, la d\u00e9l\u00e9gation mauritanienne a contribu\u00e9 aux discussions sur les d\u00e9fis et les perspectives de la r\u00e9gion du Sahel, ainsi qu\u2019\u00e0 la relance de l\u2019approche multilat\u00e9rale pour r\u00e9pondre aux enjeux actuels.<\/p>\n<p><strong>Un partenariat renforc\u00e9 pour le d\u00e9veloppement du Sahel<\/strong><\/p>\n<p>Cette r\u00e9union a \u00e9t\u00e9 l\u2019occasion de mettre en lumi\u00e8re l\u2019\u00e9volution et l\u2019avenir du\u00a0<strong>partenariat entre l\u2019Alliance du Sahel et ses membres<\/strong>, tout en favorisant un \u00e9change de vues constructif et pluraliste. Les participants ont discut\u00e9 des moyens de renforcer la coop\u00e9ration r\u00e9gionale et internationale pour relever les d\u00e9fis communs, notamment en mati\u00e8re de\u00a0<strong>s\u00e9curit\u00e9<\/strong>, de\u00a0<strong>d\u00e9veloppement \u00e9conomique<\/strong>\u00a0et de\u00a0<strong>r\u00e9silience climatique<\/strong>.<\/p>\n<p>M. Demane Hammar a soulign\u00e9 l\u2019importance de cette r\u00e9union pour la Mauritanie, qui s\u2019engage activement dans les initiatives visant \u00e0 stabiliser et \u00e0 d\u00e9velopper la r\u00e9gion du Sahel. <em>\u00ab Cette r\u00e9union nous permet de r\u00e9affirmer notre engagement en faveur d\u2019une approche multilat\u00e9rale et inclusive, essentielle pour r\u00e9pondre aux d\u00e9fis complexes auxquels notre r\u00e9gion est confront\u00e9e \u00bb<\/em>, a-t-il d\u00e9clar\u00e9.<\/p>\n<p><strong>Les d\u00e9fis de la r\u00e9gion au c\u0153ur des discussions<\/strong><\/p>\n<p>Les participants ont examin\u00e9 les d\u00e9fis majeurs auxquels fait face le Sahel, notamment l\u2019<strong>ins\u00e9curit\u00e9<\/strong>, les\u00a0<strong>crises humanitaires<\/strong>, les\u00a0<strong>d\u00e9placements de populations<\/strong>\u00a0et les\u00a0<strong>impacts du changement climatique<\/strong>. Ils ont \u00e9galement explor\u00e9 les opportunit\u00e9s offertes par ces d\u00e9fis pour revoir et adapter les strat\u00e9gies des pays et des organisations membres de l\u2019Alliance.<\/p>\n<p>La r\u00e9union a permis d\u2019identifier des pistes concr\u00e8tes pour renforcer la\u00a0<strong>coop\u00e9ration r\u00e9gionale<\/strong>\u00a0et am\u00e9liorer la coordination entre les acteurs locaux, nationaux et internationaux. Les discussions ont \u00e9galement port\u00e9 sur la n\u00e9cessit\u00e9 de mobiliser des ressources suppl\u00e9mentaires pour soutenir les projets de d\u00e9veloppement et de stabilisation dans la r\u00e9gion.<\/p>\n<p><strong>Vers une approche multilat\u00e9rale renouvel\u00e9e<\/strong><\/p>\n<p>Dans un contexte marqu\u00e9 par des\u00a0<strong>circonstances politiques complexes<\/strong>, les participants ont insist\u00e9 sur l\u2019importance de relancer l\u2019approche multilat\u00e9rale dans le Sahel et les zones adjacentes. Cette d\u00e9marche vise \u00e0 garantir une r\u00e9ponse coordonn\u00e9e et efficace aux d\u00e9fis r\u00e9gionaux, tout en renfor\u00e7ant la r\u00e9silience des populations locales.<\/p>\n<p>La participation de la Mauritanie \u00e0 cette r\u00e9union t\u00e9moigne de son engagement continu en faveur de la stabilit\u00e9 et du d\u00e9veloppement du Sahel. En collaborant \u00e9troitement avec ses partenaires r\u00e9gionaux et internationaux, la Mauritanie contribue \u00e0 construire un avenir plus s\u00fbr et plus prosp\u00e8re pour les peuples de la r\u00e9gion.<\/p>\n<p>Cette 12\u00e8me r\u00e9union du Groupe de contact de l\u2019Alliance du Sahel marque une \u00e9tape importante dans la consolidation des efforts collectifs pour relever les d\u00e9fis communs et exploiter les opportunit\u00e9s offertes par une coop\u00e9ration renforc\u00e9e.<\/p>\n","protected":false},"excerpt":{"rendered":"<p>La Mauritanie a pris part, mercredi dernier \u00e0 Bruxelles, en Belgique, \u00e0 la\u00a012\u00e8me r\u00e9union du Groupe de contact de l\u2019Alliance du Sahel. Repr\u00e9sent\u00e9e par M.\u00a0Demane Hammar, Ambassadeur et Secr\u00e9taire G\u00e9n\u00e9ral du minist\u00e8re des Affaires \u00e9trang\u00e8res, de la Coop\u00e9ration africaine et des Mauritaniens \u00e0 l\u2019ext\u00e9rieur, la d\u00e9l\u00e9gation mauritanienne a contribu\u00e9 aux discussions sur les d\u00e9fis et&#8230;..<\/p>\n","protected":false},"author":12,"featured_media":25459,"comment_status":"open","ping_status":"open","sticky":false,"template":"","format":"standard","meta":{"footnotes":""},"categories":[23,49],"tags":[],"class_list":["post-25458","post","type-post","status-publish","format-standard","has-post-thumbnail","hentry","category-actualite","category-economie"],"yoast_head":"<!-- This site is optimized with the Yoast SEO plugin v27.5 - https:\/\/yoast.com\/product\/yoast-seo-wordpress\/ -->\n<title>La Mauritanie participe \u00e0 la 12\u00e8me r\u00e9union du Groupe de contact de l\u2019Alliance du Sahel \u00e0 Bruxelles - Le Quotidien de Nouakchott<\/title>\n<meta name=\"robots\" content=\"index, follow, max-snippet:-1, max-image-preview:large, max-video-preview:-1\" \/>\n<link rel=\"canonical\" href=\"https:\/\/lequotidien.mr\/?p=25458&lang=fr\" \/>\n<meta property=\"og:locale\" content=\"ar_AR\" \/>\n<meta property=\"og:type\" content=\"article\" \/>\n<meta property=\"og:title\" content=\"La Mauritanie participe \u00e0 la 12\u00e8me r\u00e9union du Groupe de contact de l\u2019Alliance du Sahel \u00e0 Bruxelles - Le Quotidien de Nouakchott\" \/>\n<meta property=\"og:description\" content=\"La Mauritanie a pris part, mercredi dernier \u00e0 Bruxelles, en Belgique, \u00e0 la\u00a012\u00e8me r\u00e9union du Groupe de contact de l\u2019Alliance du Sahel. Repr\u00e9sent\u00e9e par M.\u00a0Demane Hammar, Ambassadeur et Secr\u00e9taire G\u00e9n\u00e9ral du minist\u00e8re des Affaires \u00e9trang\u00e8res, de la Coop\u00e9ration africaine et des Mauritaniens \u00e0 l\u2019ext\u00e9rieur, la d\u00e9l\u00e9gation mauritanienne a contribu\u00e9 aux discussions sur les d\u00e9fis et.....\" \/>\n<meta property=\"og:url\" content=\"https:\/\/lequotidien.mr\/?p=25458&amp;lang=fr\" \/>\n<meta property=\"og:site_name\" content=\"Le Quotidien de Nouakchott\" \/>\n<meta property=\"article:publisher\" content=\"https:\/\/web.facebook.com\/lequotidienmr\" \/>\n<meta property=\"article:published_time\" content=\"2025-02-14T23:22:19+00:00\" \/>\n<meta property=\"og:image\" content=\"https:\/\/lequotidien.mr\/wp-content\/uploads\/2025\/02\/photo-Alliance-Sahel.jpg\" \/>\n\t<meta property=\"og:image:width\" content=\"480\" \/>\n\t<meta property=\"og:image:height\" content=\"481\" \/>\n\t<meta property=\"og:image:type\" content=\"image\/jpeg\" \/>\n<meta name=\"author\" content=\"Med Ahmed\" \/>\n<meta name=\"twitter:card\" content=\"summary_large_image\" \/>\n<meta name=\"twitter:creator\" content=\"@lequotidienmr\" \/>\n<meta name=\"twitter:site\" content=\"@lequotidienmr\" \/>\n<meta name=\"twitter:label1\" content=\"\u0643\u064f\u062a\u0628 \u0628\u0648\u0627\u0633\u0637\u0629\" \/>\n\t<meta name=\"twitter:data1\" content=\"Med Ahmed\" \/>\n\t<meta name=\"twitter:label2\" content=\"\u0648\u0642\u062a \u0627\u0644\u0642\u0631\u0627\u0621\u0629 \u0627\u0644\u0645\u064f\u0642\u062f\u0651\u0631\" \/>\n\t<meta name=\"twitter:data2\" content=\"3 \u062f\u0642\u0627\u0626\u0642\" \/>\n<script type=\"application\/ld+json\" class=\"yoast-schema-graph\">{\"@context\":\"https:\\\/\\\/schema.org\",\"@graph\":[{\"@type\":\"Article\",\"@id\":\"https:\\\/\\\/lequotidien.mr\\\/?p=25458&lang=fr#article\",\"isPartOf\":{\"@id\":\"https:\\\/\\\/lequotidien.mr\\\/?p=25458&lang=fr\"},\"author\":{\"name\":\"Med Ahmed\",\"@id\":\"https:\\\/\\\/lequotidien.mr\\\/#\\\/schema\\\/person\\\/d2d350202a4d599685ed8abc25f97596\"},\"headline\":\"La Mauritanie participe \u00e0 la 12\u00e8me r\u00e9union du Groupe de contact de l\u2019Alliance du Sahel \u00e0 Bruxelles\",\"datePublished\":\"2025-02-14T23:22:19+00:00\",\"mainEntityOfPage\":{\"@id\":\"https:\\\/\\\/lequotidien.mr\\\/?p=25458&lang=fr\"},\"wordCount\":549,\"commentCount\":0,\"publisher\":{\"@id\":\"https:\\\/\\\/lequotidien.mr\\\/#organization\"},\"image\":{\"@id\":\"https:\\\/\\\/lequotidien.mr\\\/?p=25458&lang=fr#primaryimage\"},\"thumbnailUrl\":\"https:\\\/\\\/lequotidien.mr\\\/wp-content\\\/uploads\\\/2025\\\/02\\\/photo-Alliance-Sahel.jpg\",\"articleSection\":[\"ACTUALIT\u00c9\",\"Economie\"],\"inLanguage\":\"ar\",\"potentialAction\":[{\"@type\":\"CommentAction\",\"name\":\"Comment\",\"target\":[\"https:\\\/\\\/lequotidien.mr\\\/?p=25458&lang=fr#respond\"]}]},{\"@type\":\"WebPage\",\"@id\":\"https:\\\/\\\/lequotidien.mr\\\/?p=25458&lang=fr\",\"url\":\"https:\\\/\\\/lequotidien.mr\\\/?p=25458&lang=fr\",\"name\":\"La Mauritanie participe \u00e0 la 12\u00e8me r\u00e9union du Groupe de contact de l\u2019Alliance du Sahel \u00e0 Bruxelles - Le Quotidien de Nouakchott\",\"isPartOf\":{\"@id\":\"https:\\\/\\\/lequotidien.mr\\\/#website\"},\"primaryImageOfPage\":{\"@id\":\"https:\\\/\\\/lequotidien.mr\\\/?p=25458&lang=fr#primaryimage\"},\"image\":{\"@id\":\"https:\\\/\\\/lequotidien.mr\\\/?p=25458&lang=fr#primaryimage\"},\"thumbnailUrl\":\"https:\\\/\\\/lequotidien.mr\\\/wp-content\\\/uploads\\\/2025\\\/02\\\/photo-Alliance-Sahel.jpg\",\"datePublished\":\"2025-02-14T23:22:19+00:00\",\"breadcrumb\":{\"@id\":\"https:\\\/\\\/lequotidien.mr\\\/?p=25458&lang=fr#breadcrumb\"},\"inLanguage\":\"ar\",\"potentialAction\":[{\"@type\":\"ReadAction\",\"target\":[\"https:\\\/\\\/lequotidien.mr\\\/?p=25458&lang=fr\"]}]},{\"@type\":\"ImageObject\",\"inLanguage\":\"ar\",\"@id\":\"https:\\\/\\\/lequotidien.mr\\\/?p=25458&lang=fr#primaryimage\",\"url\":\"https:\\\/\\\/lequotidien.mr\\\/wp-content\\\/uploads\\\/2025\\\/02\\\/photo-Alliance-Sahel.jpg\",\"contentUrl\":\"https:\\\/\\\/lequotidien.mr\\\/wp-content\\\/uploads\\\/2025\\\/02\\\/photo-Alliance-Sahel.jpg\",\"width\":480,\"height\":481},{\"@type\":\"BreadcrumbList\",\"@id\":\"https:\\\/\\\/lequotidien.mr\\\/?p=25458&lang=fr#breadcrumb\",\"itemListElement\":[{\"@type\":\"ListItem\",\"position\":1,\"name\":\"Home\",\"item\":\"https:\\\/\\\/lequotidien.mr\\\/\"},{\"@type\":\"ListItem\",\"position\":2,\"name\":\"La Mauritanie participe \u00e0 la 12\u00e8me r\u00e9union du Groupe de contact de l\u2019Alliance du Sahel \u00e0 Bruxelles\"}]},{\"@type\":\"WebSite\",\"@id\":\"https:\\\/\\\/lequotidien.mr\\\/#website\",\"url\":\"https:\\\/\\\/lequotidien.mr\\\/\",\"name\":\"Le Quotidien de Nouakchott\",\"description\":\"\u0625\u062e\u0628\u0627\u0631\u064a\u0629 \u0645\u0633\u062a\u0642\u0644\u0629 \u0644\u0644\u0623\u0646\u0628\u0627\u0621 \u0627\u0644\u0639\u0627\u0645\u0629\",\"publisher\":{\"@id\":\"https:\\\/\\\/lequotidien.mr\\\/#organization\"},\"potentialAction\":[{\"@type\":\"SearchAction\",\"target\":{\"@type\":\"EntryPoint\",\"urlTemplate\":\"https:\\\/\\\/lequotidien.mr\\\/?s={search_term_string}\"},\"query-input\":{\"@type\":\"PropertyValueSpecification\",\"valueRequired\":true,\"valueName\":\"search_term_string\"}}],\"inLanguage\":\"ar\"},{\"@type\":\"Organization\",\"@id\":\"https:\\\/\\\/lequotidien.mr\\\/#organization\",\"name\":\"Le Quotidien de Nouakchott\",\"url\":\"https:\\\/\\\/lequotidien.mr\\\/\",\"logo\":{\"@type\":\"ImageObject\",\"inLanguage\":\"ar\",\"@id\":\"https:\\\/\\\/lequotidien.mr\\\/#\\\/schema\\\/logo\\\/image\\\/\",\"url\":\"https:\\\/\\\/lequotidien.mr\\\/wp-content\\\/uploads\\\/2022\\\/11\\\/logolequotidien.jpg\",\"contentUrl\":\"https:\\\/\\\/lequotidien.mr\\\/wp-content\\\/uploads\\\/2022\\\/11\\\/logolequotidien.jpg\",\"width\":290,\"height\":65,\"caption\":\"Le Quotidien de Nouakchott\"},\"image\":{\"@id\":\"https:\\\/\\\/lequotidien.mr\\\/#\\\/schema\\\/logo\\\/image\\\/\"},\"sameAs\":[\"https:\\\/\\\/web.facebook.com\\\/lequotidienmr\",\"https:\\\/\\\/x.com\\\/lequotidienmr\"]},{\"@type\":\"Person\",\"@id\":\"https:\\\/\\\/lequotidien.mr\\\/#\\\/schema\\\/person\\\/d2d350202a4d599685ed8abc25f97596\",\"name\":\"Med Ahmed\",\"image\":{\"@type\":\"ImageObject\",\"inLanguage\":\"ar\",\"@id\":\"https:\\\/\\\/secure.gravatar.com\\\/avatar\\\/fd2acc62ed50732923d1d39c17172c9b04149f142be92310ecc69e1358f94b52?s=96&d=mm&r=g\",\"url\":\"https:\\\/\\\/secure.gravatar.com\\\/avatar\\\/fd2acc62ed50732923d1d39c17172c9b04149f142be92310ecc69e1358f94b52?s=96&d=mm&r=g\",\"contentUrl\":\"https:\\\/\\\/secure.gravatar.com\\\/avatar\\\/fd2acc62ed50732923d1d39c17172c9b04149f142be92310ecc69e1358f94b52?s=96&d=mm&r=g\",\"caption\":\"Med Ahmed\"},\"url\":\"https:\\\/\\\/lequotidien.mr\\\/?author=12\"}]}<\/script>\n<!-- \/ Yoast SEO plugin. -->","yoast_head_json":{"title":"La Mauritanie participe \u00e0 la 12\u00e8me r\u00e9union du Groupe de contact de l\u2019Alliance du Sahel \u00e0 Bruxelles - Le Quotidien de Nouakchott","robots":{"index":"index","follow":"follow","max-snippet":"max-snippet:-1","max-image-preview":"max-image-preview:large","max-video-preview":"max-video-preview:-1"},"canonical":"https:\/\/lequotidien.mr\/?p=25458&lang=fr","og_locale":"ar_AR","og_type":"article","og_title":"La Mauritanie participe \u00e0 la 12\u00e8me r\u00e9union du Groupe de contact de l\u2019Alliance du Sahel \u00e0 Bruxelles - Le Quotidien de Nouakchott","og_description":"La Mauritanie a pris part, mercredi dernier \u00e0 Bruxelles, en Belgique, \u00e0 la\u00a012\u00e8me r\u00e9union du Groupe de contact de l\u2019Alliance du Sahel. Repr\u00e9sent\u00e9e par M.\u00a0Demane Hammar, Ambassadeur et Secr\u00e9taire G\u00e9n\u00e9ral du minist\u00e8re des Affaires \u00e9trang\u00e8res, de la Coop\u00e9ration africaine et des Mauritaniens \u00e0 l\u2019ext\u00e9rieur, la d\u00e9l\u00e9gation mauritanienne a contribu\u00e9 aux discussions sur les d\u00e9fis et.....","og_url":"https:\/\/lequotidien.mr\/?p=25458&lang=fr","og_site_name":"Le Quotidien de Nouakchott","article_publisher":"https:\/\/web.facebook.com\/lequotidienmr","article_published_time":"2025-02-14T23:22:19+00:00","og_image":[{"width":480,"height":481,"url":"https:\/\/lequotidien.mr\/wp-content\/uploads\/2025\/02\/photo-Alliance-Sahel.jpg","type":"image\/jpeg"}],"author":"Med Ahmed","twitter_card":"summary_large_image","twitter_creator":"@lequotidienmr","twitter_site":"@lequotidienmr","twitter_misc":{"\u0643\u064f\u062a\u0628 \u0628\u0648\u0627\u0633\u0637\u0629":"Med Ahmed","\u0648\u0642\u062a \u0627\u0644\u0642\u0631\u0627\u0621\u0629 \u0627\u0644\u0645\u064f\u0642\u062f\u0651\u0631":"3 \u062f\u0642\u0627\u0626\u0642"},"schema":{"@context":"https:\/\/schema.org","@graph":[{"@type":"Article","@id":"https:\/\/lequotidien.mr\/?p=25458&lang=fr#article","isPartOf":{"@id":"https:\/\/lequotidien.mr\/?p=25458&lang=fr"},"author":{"name":"Med Ahmed","@id":"https:\/\/lequotidien.mr\/#\/schema\/person\/d2d350202a4d599685ed8abc25f97596"},"headline":"La Mauritanie participe \u00e0 la 12\u00e8me r\u00e9union du Groupe de contact de l\u2019Alliance du Sahel \u00e0 Bruxelles","datePublished":"2025-02-14T23:22:19+00:00","mainEntityOfPage":{"@id":"https:\/\/lequotidien.mr\/?p=25458&lang=fr"},"wordCount":549,"commentCount":0,"publisher":{"@id":"https:\/\/lequotidien.mr\/#organization"},"image":{"@id":"https:\/\/lequotidien.mr\/?p=25458&lang=fr#primaryimage"},"thumbnailUrl":"https:\/\/lequotidien.mr\/wp-content\/uploads\/2025\/02\/photo-Alliance-Sahel.jpg","articleSection":["ACTUALIT\u00c9","Economie"],"inLanguage":"ar","potentialAction":[{"@type":"CommentAction","name":"Comment","target":["https:\/\/lequotidien.mr\/?p=25458&lang=fr#respond"]}]},{"@type":"WebPage","@id":"https:\/\/lequotidien.mr\/?p=25458&lang=fr","url":"https:\/\/lequotidien.mr\/?p=25458&lang=fr","name":"La Mauritanie participe \u00e0 la 12\u00e8me r\u00e9union du Groupe de contact de l\u2019Alliance du Sahel \u00e0 Bruxelles - Le Quotidien de Nouakchott","isPartOf":{"@id":"https:\/\/lequotidien.mr\/#website"},"primaryImageOfPage":{"@id":"https:\/\/lequotidien.mr\/?p=25458&lang=fr#primaryimage"},"image":{"@id":"https:\/\/lequotidien.mr\/?p=25458&lang=fr#primaryimage"},"thumbnailUrl":"https:\/\/lequotidien.mr\/wp-content\/uploads\/2025\/02\/photo-Alliance-Sahel.jpg","datePublished":"2025-02-14T23:22:19+00:00","breadcrumb":{"@id":"https:\/\/lequotidien.mr\/?p=25458&lang=fr#breadcrumb"},"inLanguage":"ar","potentialAction":[{"@type":"ReadAction","target":["https:\/\/lequotidien.mr\/?p=25458&lang=fr"]}]},{"@type":"ImageObject","inLanguage":"ar","@id":"https:\/\/lequotidien.mr\/?p=25458&lang=fr#primaryimage","url":"https:\/\/lequotidien.mr\/wp-content\/uploads\/2025\/02\/photo-Alliance-Sahel.jpg","contentUrl":"https:\/\/lequotidien.mr\/wp-content\/uploads\/2025\/02\/photo-Alliance-Sahel.jpg","width":480,"height":481},{"@type":"BreadcrumbList","@id":"https:\/\/lequotidien.mr\/?p=25458&lang=fr#breadcrumb","itemListElement":[{"@type":"ListItem","position":1,"name":"Home","item":"https:\/\/lequotidien.mr\/"},{"@type":"ListItem","position":2,"name":"La Mauritanie participe \u00e0 la 12\u00e8me r\u00e9union du Groupe de contact de l\u2019Alliance du Sahel \u00e0 Bruxelles"}]},{"@type":"WebSite","@id":"https:\/\/lequotidien.mr\/#website","url":"https:\/\/lequotidien.mr\/","name":"Le Quotidien de Nouakchott","description":"\u0625\u062e\u0628\u0627\u0631\u064a\u0629 \u0645\u0633\u062a\u0642\u0644\u0629 \u0644\u0644\u0623\u0646\u0628\u0627\u0621 \u0627\u0644\u0639\u0627\u0645\u0629","publisher":{"@id":"https:\/\/lequotidien.mr\/#organization"},"potentialAction":[{"@type":"SearchAction","target":{"@type":"EntryPoint","urlTemplate":"https:\/\/lequotidien.mr\/?s={search_term_string}"},"query-input":{"@type":"PropertyValueSpecification","valueRequired":true,"valueName":"search_term_string"}}],"inLanguage":"ar"},{"@type":"Organization","@id":"https:\/\/lequotidien.mr\/#organization","name":"Le Quotidien de Nouakchott","url":"https:\/\/lequotidien.mr\/","logo":{"@type":"ImageObject","inLanguage":"ar","@id":"https:\/\/lequotidien.mr\/#\/schema\/logo\/image\/","url":"https:\/\/lequotidien.mr\/wp-content\/uploads\/2022\/11\/logolequotidien.jpg","contentUrl":"https:\/\/lequotidien.mr\/wp-content\/uploads\/2022\/11\/logolequotidien.jpg","width":290,"height":65,"caption":"Le Quotidien de Nouakchott"},"image":{"@id":"https:\/\/lequotidien.mr\/#\/schema\/logo\/image\/"},"sameAs":["https:\/\/web.facebook.com\/lequotidienmr","https:\/\/x.com\/lequotidienmr"]},{"@type":"Person","@id":"https:\/\/lequotidien.mr\/#\/schema\/person\/d2d350202a4d599685ed8abc25f97596","name":"Med Ahmed","image":{"@type":"ImageObject","inLanguage":"ar","@id":"https:\/\/secure.gravatar.com\/avatar\/fd2acc62ed50732923d1d39c17172c9b04149f142be92310ecc69e1358f94b52?s=96&d=mm&r=g","url":"https:\/\/secure.gravatar.com\/avatar\/fd2acc62ed50732923d1d39c17172c9b04149f142be92310ecc69e1358f94b52?s=96&d=mm&r=g","contentUrl":"https:\/\/secure.gravatar.com\/avatar\/fd2acc62ed50732923d1d39c17172c9b04149f142be92310ecc69e1358f94b52?s=96&d=mm&r=g","caption":"Med Ahmed"},"url":"https:\/\/lequotidien.mr\/?author=12"}]}},"_links":{"self":[{"href":"https:\/\/lequotidien.mr\/index.php?rest_route=\/wp\/v2\/posts\/25458","targetHints":{"allow":["GET"]}}],"collection":[{"href":"https:\/\/lequotidien.mr\/index.php?rest_route=\/wp\/v2\/posts"}],"about":[{"href":"https:\/\/lequotidien.mr\/index.php?rest_route=\/wp\/v2\/types\/post"}],"author":[{"embeddable":true,"href":"https:\/\/lequotidien.mr\/index.php?rest_route=\/wp\/v2\/users\/12"}],"replies":[{"embeddable":true,"href":"https:\/\/lequotidien.mr\/index.php?rest_route=%2Fwp%2Fv2%2Fcomments&post=25458"}],"version-history":[{"count":1,"href":"https:\/\/lequotidien.mr\/index.php?rest_route=\/wp\/v2\/posts\/25458\/revisions"}],"predecessor-version":[{"id":25460,"href":"https:\/\/lequotidien.mr\/index.php?rest_route=\/wp\/v2\/posts\/25458\/revisions\/25460"}],"wp:featuredmedia":[{"embeddable":true,"href":"https:\/\/lequotidien.mr\/index.php?rest_route=\/wp\/v2\/media\/25459"}],"wp:attachment":[{"href":"https:\/\/lequotidien.mr\/index.php?rest_route=%2Fwp%2Fv2%2Fmedia&parent=25458"}],"wp:term":[{"taxonomy":"category","embeddable":true,"href":"https:\/\/lequotidien.mr\/index.php?rest_route=%2Fwp%2Fv2%2Fcategories&post=25458"},{"taxonomy":"post_tag","embeddable":true,"href":"https:\/\/lequotidien.mr\/index.php?rest_route=%2Fwp%2Fv2%2Ftags&post=25458"}],"curies":[{"name":"wp","href":"https:\/\/api.w.org\/{rel}","templated":true}]}}