{"id":25428,"date":"2025-02-13T23:30:23","date_gmt":"2025-02-13T23:30:23","guid":{"rendered":"https:\/\/lequotidien.mr\/?p=25428"},"modified":"2025-02-13T23:30:23","modified_gmt":"2025-02-13T23:30:23","slug":"djeddah-ouverture-de-la-13eme-conference-des-ministres-de-la-culture-du-monde-islamique","status":"publish","type":"post","link":"https:\/\/lequotidien.mr\/?p=25428&lang=fr","title":{"rendered":"Djeddah : Ouverture de la 13\u00e8me Conf\u00e9rence des ministres de la Culture du monde islamique"},"content":{"rendered":"<p>La\u00a0<strong>13\u00e8me Conf\u00e9rence des ministres de la Culture du monde islamique<\/strong>\u00a0a d\u00e9but\u00e9 aujourd\u2019hui \u00e0\u00a0<strong>Djeddah<\/strong>, en Arabie Saoudite, sous le th\u00e8me\u00a0<strong>\u00ab L\u2019impact de la culture sur le d\u00e9veloppement socio-\u00e9conomique \u00bb<\/strong>. Organis\u00e9e par le\u00a0<strong>minist\u00e8re de la Culture saoudien<\/strong>\u00a0en collaboration avec l\u2019<strong>Organisation islamique pour l\u2019\u00e9ducation, les sciences et la culture (ISESCO)<\/strong>, cette conf\u00e9rence r\u00e9unit des ministres, des experts et des repr\u00e9sentants d\u2019organisations internationales pour discuter du r\u00f4le central de la culture dans le d\u00e9veloppement des soci\u00e9t\u00e9s.<\/p>\n<p><strong>Une inauguration marqu\u00e9e par des discours inspirants<\/strong><\/p>\n<p>La c\u00e9r\u00e9monie d\u2019ouverture a \u00e9t\u00e9 pr\u00e9sid\u00e9e par\u00a0<strong>Son Altesse Royale le Prince Bedr bin Abdullah bin Farhan<\/strong>, ministre saoudien de la Culture, en pr\u00e9sence de personnalit\u00e9s de premier plan, dont\u00a0<strong>M. Rustam Minnikhanov<\/strong>, pr\u00e9sident de la R\u00e9publique du Tatarstan,\u00a0<strong>Housseine Ibrahim Taha<\/strong>, secr\u00e9taire g\u00e9n\u00e9ral de l\u2019Organisation de la coop\u00e9ration islamique (OCI), et\u00a0<strong>Dr Salim bin Mohamed Al Maleck<\/strong>, directeur g\u00e9n\u00e9ral de l\u2019ISESCO. Des ministres de la Culture des pays islamiques, ainsi que des chefs d\u2019organisations r\u00e9gionales et internationales, ont \u00e9galement pris part \u00e0 l\u2019\u00e9v\u00e9nement.<\/p>\n<p>Dans son discours inaugural, le Prince Bedr bin Abdullah bin Farhan a soulign\u00e9 l\u2019importance de la culture comme\u00a0<strong>pilier fondamental du d\u00e9veloppement social et \u00e9conomique<\/strong>.\u00a0<em>\u00ab La culture est un moteur essentiel pour renforcer l\u2019identit\u00e9 nationale, construire des soci\u00e9t\u00e9s r\u00e9silientes et stimuler la croissance \u00e9conomique \u00bb<\/em>, a-t-il d\u00e9clar\u00e9. Il a \u00e9galement exprim\u00e9 sa fiert\u00e9 que l\u2019Arabie Saoudite accueille cette conf\u00e9rence, qui vise \u00e0 promouvoir une\u00a0<strong>action culturelle commune<\/strong>\u00a0et \u00e0 renforcer la coop\u00e9ration entre les pays islamiques.<\/p>\n<p><strong>Des discussions ax\u00e9es sur le r\u00f4le de la culture dans le d\u00e9veloppement<\/strong><\/p>\n<p>Les participants ont examin\u00e9 l\u2019impact de la culture sur le d\u00e9veloppement socio-\u00e9conomique, en mettant l\u2019accent sur des initiatives concr\u00e8tes pour int\u00e9grer la culture dans les strat\u00e9gies de d\u00e9veloppement. La premi\u00e8re s\u00e9ance de travail a \u00e9t\u00e9 consacr\u00e9e \u00e0 la pr\u00e9sentation des\u00a0<strong>rapports ex\u00e9cutifs<\/strong>, notamment :<\/p>\n<p>-Le rapport de l\u2019ISESCO sur ses r\u00e9alisations dans le domaine culturel;<\/p>\n<p>-Le rapport de la\u00a0<strong>Commission du patrimoine dans le monde islamique;<\/strong><\/p>\n<p>-Le rapport de la\u00a0<strong>19\u00e8me r\u00e9union du Conseil consultatif pour le d\u00e9veloppement culturel<\/strong>.<\/p>\n<p>La deuxi\u00e8me s\u00e9ance a port\u00e9 sur les\u00a0<strong>documents directeurs<\/strong>, dont :<\/p>\n<p>-L\u2019initiative de l\u2019ISESCO sur les\u00a0<strong>droits culturels et le droit \u00e0 la culture<\/strong>\u00a0dans le monde islamique\u00a0;<\/p>\n<p>-Un document analytique sur la\u00a0<strong>liste des sites du patrimoine mondial en p\u00e9ril<\/strong>\u00a0dans les pays islamiques\u00a0;<\/p>\n<p>-Des projets de num\u00e9risation, notamment les\u00a0<strong>dictionnaires bilingues<\/strong>\u00a0et un\u00a0<strong>dictionnaire historique illustr\u00e9 de la calligraphie arabe\u00a0<\/strong>;<\/p>\n<p>-Des propositions pour la\u00a0<strong>r\u00e9cup\u00e9ration du patrimoine culturel<\/strong>\u00a0du monde islamique.<\/p>\n<p>Les discussions ont mis en lumi\u00e8re le potentiel de la culture \u00e0 stimuler la croissance \u00e9conomique, \u00e0 travers des secteurs tels que le\u00a0<strong>tourisme culturel<\/strong>, les\u00a0<strong>industries cr\u00e9atives<\/strong>\u00a0et la\u00a0<strong>valorisation du patrimoine<\/strong>. Les participants ont \u00e9galement soulign\u00e9 l\u2019importance de pr\u00e9server et de promouvoir l\u2019identit\u00e9 culturelle islamique, tout en s\u2019adaptant aux d\u00e9fis de la mondialisation.<\/p>\n<p><strong>Vers une coop\u00e9ration culturelle renforc\u00e9e<\/strong><\/p>\n<p>Cette conf\u00e9rence offre une plateforme unique pour renforcer la coop\u00e9ration entre les pays islamiques dans le domaine culturel. En partageant leurs exp\u00e9riences et en \u00e9laborant des strat\u00e9gies communes, les participants visent \u00e0 positionner la culture comme un outil cl\u00e9 pour atteindre les objectifs de d\u00e9veloppement durable.<\/p>\n<p>La 13\u00e8me Conf\u00e9rence des ministres de la Culture du monde islamique marque une \u00e9tape importante dans la reconnaissance du r\u00f4le central de la culture dans le d\u00e9veloppement socio-\u00e9conomique. En r\u00e9unissant des acteurs cl\u00e9s du monde islamique, cet \u00e9v\u00e9nement contribue \u00e0 renforcer les liens culturels et \u00e0 promouvoir une vision commune pour un avenir prosp\u00e8re et inclusif.<\/p>\n<p>Avec des initiatives comme celle-ci, les pays islamiques d\u00e9montrent leur engagement \u00e0 pr\u00e9server leur patrimoine tout en exploitant le potentiel de la culture pour stimuler la croissance et renforcer la coh\u00e9sion sociale.<\/p>\n","protected":false},"excerpt":{"rendered":"<p>La\u00a013\u00e8me Conf\u00e9rence des ministres de la Culture du monde islamique\u00a0a d\u00e9but\u00e9 aujourd\u2019hui \u00e0\u00a0Djeddah, en Arabie Saoudite, sous le th\u00e8me\u00a0\u00ab L\u2019impact de la culture sur le d\u00e9veloppement socio-\u00e9conomique \u00bb. Organis\u00e9e par le\u00a0minist\u00e8re de la Culture saoudien\u00a0en collaboration avec l\u2019Organisation islamique pour l\u2019\u00e9ducation, les sciences et la culture (ISESCO), cette conf\u00e9rence r\u00e9unit des ministres, des experts et&#8230;..<\/p>\n","protected":false},"author":12,"featured_media":25429,"comment_status":"open","ping_status":"open","sticky":false,"template":"","format":"standard","meta":{"footnotes":""},"categories":[23,55],"tags":[],"class_list":["post-25428","post","type-post","status-publish","format-standard","has-post-thumbnail","hentry","category-actualite","category-culture"],"yoast_head":"<!-- This site is optimized with the Yoast SEO plugin v27.5 - https:\/\/yoast.com\/product\/yoast-seo-wordpress\/ -->\n<title>Djeddah : Ouverture de la 13\u00e8me Conf\u00e9rence des ministres de la Culture du monde islamique - Le Quotidien de Nouakchott<\/title>\n<meta name=\"robots\" content=\"index, follow, max-snippet:-1, max-image-preview:large, max-video-preview:-1\" \/>\n<link rel=\"canonical\" href=\"https:\/\/lequotidien.mr\/?p=25428&lang=fr\" \/>\n<meta property=\"og:locale\" content=\"ar_AR\" \/>\n<meta property=\"og:type\" content=\"article\" \/>\n<meta property=\"og:title\" content=\"Djeddah : Ouverture de la 13\u00e8me Conf\u00e9rence des ministres de la Culture du monde islamique - Le Quotidien de Nouakchott\" \/>\n<meta property=\"og:description\" content=\"La\u00a013\u00e8me Conf\u00e9rence des ministres de la Culture du monde islamique\u00a0a d\u00e9but\u00e9 aujourd\u2019hui \u00e0\u00a0Djeddah, en Arabie Saoudite, sous le th\u00e8me\u00a0\u00ab L\u2019impact de la culture sur le d\u00e9veloppement socio-\u00e9conomique \u00bb. Organis\u00e9e par le\u00a0minist\u00e8re de la Culture saoudien\u00a0en collaboration avec l\u2019Organisation islamique pour l\u2019\u00e9ducation, les sciences et la culture (ISESCO), cette conf\u00e9rence r\u00e9unit des ministres, des experts et.....\" \/>\n<meta property=\"og:url\" content=\"https:\/\/lequotidien.mr\/?p=25428&amp;lang=fr\" \/>\n<meta property=\"og:site_name\" content=\"Le Quotidien de Nouakchott\" \/>\n<meta property=\"article:publisher\" content=\"https:\/\/web.facebook.com\/lequotidienmr\" \/>\n<meta property=\"article:published_time\" content=\"2025-02-13T23:30:23+00:00\" \/>\n<meta property=\"og:image\" content=\"https:\/\/lequotidien.mr\/wp-content\/uploads\/2025\/02\/photo-medou-2.jpeg\" \/>\n\t<meta property=\"og:image:width\" content=\"479\" \/>\n\t<meta property=\"og:image:height\" content=\"385\" \/>\n\t<meta property=\"og:image:type\" content=\"image\/jpeg\" \/>\n<meta name=\"author\" content=\"Med Ahmed\" \/>\n<meta name=\"twitter:card\" content=\"summary_large_image\" \/>\n<meta name=\"twitter:creator\" content=\"@lequotidienmr\" \/>\n<meta name=\"twitter:site\" content=\"@lequotidienmr\" \/>\n<meta name=\"twitter:label1\" content=\"\u0643\u064f\u062a\u0628 \u0628\u0648\u0627\u0633\u0637\u0629\" \/>\n\t<meta name=\"twitter:data1\" content=\"Med Ahmed\" \/>\n\t<meta name=\"twitter:label2\" content=\"\u0648\u0642\u062a \u0627\u0644\u0642\u0631\u0627\u0621\u0629 \u0627\u0644\u0645\u064f\u0642\u062f\u0651\u0631\" \/>\n\t<meta name=\"twitter:data2\" content=\"3 \u062f\u0642\u0627\u0626\u0642\" \/>\n<script type=\"application\/ld+json\" class=\"yoast-schema-graph\">{\"@context\":\"https:\\\/\\\/schema.org\",\"@graph\":[{\"@type\":\"Article\",\"@id\":\"https:\\\/\\\/lequotidien.mr\\\/?p=25428&lang=fr#article\",\"isPartOf\":{\"@id\":\"https:\\\/\\\/lequotidien.mr\\\/?p=25428&lang=fr\"},\"author\":{\"name\":\"Med Ahmed\",\"@id\":\"https:\\\/\\\/lequotidien.mr\\\/#\\\/schema\\\/person\\\/d2d350202a4d599685ed8abc25f97596\"},\"headline\":\"Djeddah : Ouverture de la 13\u00e8me Conf\u00e9rence des ministres de la Culture du monde islamique\",\"datePublished\":\"2025-02-13T23:30:23+00:00\",\"mainEntityOfPage\":{\"@id\":\"https:\\\/\\\/lequotidien.mr\\\/?p=25428&lang=fr\"},\"wordCount\":705,\"commentCount\":0,\"publisher\":{\"@id\":\"https:\\\/\\\/lequotidien.mr\\\/#organization\"},\"image\":{\"@id\":\"https:\\\/\\\/lequotidien.mr\\\/?p=25428&lang=fr#primaryimage\"},\"thumbnailUrl\":\"https:\\\/\\\/lequotidien.mr\\\/wp-content\\\/uploads\\\/2025\\\/02\\\/photo-medou-2.jpeg\",\"articleSection\":[\"ACTUALIT\u00c9\",\"Culture\"],\"inLanguage\":\"ar\",\"potentialAction\":[{\"@type\":\"CommentAction\",\"name\":\"Comment\",\"target\":[\"https:\\\/\\\/lequotidien.mr\\\/?p=25428&lang=fr#respond\"]}]},{\"@type\":\"WebPage\",\"@id\":\"https:\\\/\\\/lequotidien.mr\\\/?p=25428&lang=fr\",\"url\":\"https:\\\/\\\/lequotidien.mr\\\/?p=25428&lang=fr\",\"name\":\"Djeddah : Ouverture de la 13\u00e8me Conf\u00e9rence des ministres de la Culture du monde islamique - Le Quotidien de Nouakchott\",\"isPartOf\":{\"@id\":\"https:\\\/\\\/lequotidien.mr\\\/#website\"},\"primaryImageOfPage\":{\"@id\":\"https:\\\/\\\/lequotidien.mr\\\/?p=25428&lang=fr#primaryimage\"},\"image\":{\"@id\":\"https:\\\/\\\/lequotidien.mr\\\/?p=25428&lang=fr#primaryimage\"},\"thumbnailUrl\":\"https:\\\/\\\/lequotidien.mr\\\/wp-content\\\/uploads\\\/2025\\\/02\\\/photo-medou-2.jpeg\",\"datePublished\":\"2025-02-13T23:30:23+00:00\",\"breadcrumb\":{\"@id\":\"https:\\\/\\\/lequotidien.mr\\\/?p=25428&lang=fr#breadcrumb\"},\"inLanguage\":\"ar\",\"potentialAction\":[{\"@type\":\"ReadAction\",\"target\":[\"https:\\\/\\\/lequotidien.mr\\\/?p=25428&lang=fr\"]}]},{\"@type\":\"ImageObject\",\"inLanguage\":\"ar\",\"@id\":\"https:\\\/\\\/lequotidien.mr\\\/?p=25428&lang=fr#primaryimage\",\"url\":\"https:\\\/\\\/lequotidien.mr\\\/wp-content\\\/uploads\\\/2025\\\/02\\\/photo-medou-2.jpeg\",\"contentUrl\":\"https:\\\/\\\/lequotidien.mr\\\/wp-content\\\/uploads\\\/2025\\\/02\\\/photo-medou-2.jpeg\",\"width\":479,\"height\":385},{\"@type\":\"BreadcrumbList\",\"@id\":\"https:\\\/\\\/lequotidien.mr\\\/?p=25428&lang=fr#breadcrumb\",\"itemListElement\":[{\"@type\":\"ListItem\",\"position\":1,\"name\":\"Home\",\"item\":\"https:\\\/\\\/lequotidien.mr\\\/\"},{\"@type\":\"ListItem\",\"position\":2,\"name\":\"Djeddah : Ouverture de la 13\u00e8me Conf\u00e9rence des ministres de la Culture du monde islamique\"}]},{\"@type\":\"WebSite\",\"@id\":\"https:\\\/\\\/lequotidien.mr\\\/#website\",\"url\":\"https:\\\/\\\/lequotidien.mr\\\/\",\"name\":\"Le Quotidien de Nouakchott\",\"description\":\"\u0625\u062e\u0628\u0627\u0631\u064a\u0629 \u0645\u0633\u062a\u0642\u0644\u0629 \u0644\u0644\u0623\u0646\u0628\u0627\u0621 \u0627\u0644\u0639\u0627\u0645\u0629\",\"publisher\":{\"@id\":\"https:\\\/\\\/lequotidien.mr\\\/#organization\"},\"potentialAction\":[{\"@type\":\"SearchAction\",\"target\":{\"@type\":\"EntryPoint\",\"urlTemplate\":\"https:\\\/\\\/lequotidien.mr\\\/?s={search_term_string}\"},\"query-input\":{\"@type\":\"PropertyValueSpecification\",\"valueRequired\":true,\"valueName\":\"search_term_string\"}}],\"inLanguage\":\"ar\"},{\"@type\":\"Organization\",\"@id\":\"https:\\\/\\\/lequotidien.mr\\\/#organization\",\"name\":\"Le Quotidien de Nouakchott\",\"url\":\"https:\\\/\\\/lequotidien.mr\\\/\",\"logo\":{\"@type\":\"ImageObject\",\"inLanguage\":\"ar\",\"@id\":\"https:\\\/\\\/lequotidien.mr\\\/#\\\/schema\\\/logo\\\/image\\\/\",\"url\":\"https:\\\/\\\/lequotidien.mr\\\/wp-content\\\/uploads\\\/2022\\\/11\\\/logolequotidien.jpg\",\"contentUrl\":\"https:\\\/\\\/lequotidien.mr\\\/wp-content\\\/uploads\\\/2022\\\/11\\\/logolequotidien.jpg\",\"width\":290,\"height\":65,\"caption\":\"Le Quotidien de Nouakchott\"},\"image\":{\"@id\":\"https:\\\/\\\/lequotidien.mr\\\/#\\\/schema\\\/logo\\\/image\\\/\"},\"sameAs\":[\"https:\\\/\\\/web.facebook.com\\\/lequotidienmr\",\"https:\\\/\\\/x.com\\\/lequotidienmr\"]},{\"@type\":\"Person\",\"@id\":\"https:\\\/\\\/lequotidien.mr\\\/#\\\/schema\\\/person\\\/d2d350202a4d599685ed8abc25f97596\",\"name\":\"Med Ahmed\",\"image\":{\"@type\":\"ImageObject\",\"inLanguage\":\"ar\",\"@id\":\"https:\\\/\\\/secure.gravatar.com\\\/avatar\\\/fd2acc62ed50732923d1d39c17172c9b04149f142be92310ecc69e1358f94b52?s=96&d=mm&r=g\",\"url\":\"https:\\\/\\\/secure.gravatar.com\\\/avatar\\\/fd2acc62ed50732923d1d39c17172c9b04149f142be92310ecc69e1358f94b52?s=96&d=mm&r=g\",\"contentUrl\":\"https:\\\/\\\/secure.gravatar.com\\\/avatar\\\/fd2acc62ed50732923d1d39c17172c9b04149f142be92310ecc69e1358f94b52?s=96&d=mm&r=g\",\"caption\":\"Med Ahmed\"},\"url\":\"https:\\\/\\\/lequotidien.mr\\\/?author=12\"}]}<\/script>\n<!-- \/ Yoast SEO plugin. -->","yoast_head_json":{"title":"Djeddah : Ouverture de la 13\u00e8me Conf\u00e9rence des ministres de la Culture du monde islamique - Le Quotidien de Nouakchott","robots":{"index":"index","follow":"follow","max-snippet":"max-snippet:-1","max-image-preview":"max-image-preview:large","max-video-preview":"max-video-preview:-1"},"canonical":"https:\/\/lequotidien.mr\/?p=25428&lang=fr","og_locale":"ar_AR","og_type":"article","og_title":"Djeddah : Ouverture de la 13\u00e8me Conf\u00e9rence des ministres de la Culture du monde islamique - Le Quotidien de Nouakchott","og_description":"La\u00a013\u00e8me Conf\u00e9rence des ministres de la Culture du monde islamique\u00a0a d\u00e9but\u00e9 aujourd\u2019hui \u00e0\u00a0Djeddah, en Arabie Saoudite, sous le th\u00e8me\u00a0\u00ab L\u2019impact de la culture sur le d\u00e9veloppement socio-\u00e9conomique \u00bb. Organis\u00e9e par le\u00a0minist\u00e8re de la Culture saoudien\u00a0en collaboration avec l\u2019Organisation islamique pour l\u2019\u00e9ducation, les sciences et la culture (ISESCO), cette conf\u00e9rence r\u00e9unit des ministres, des experts et.....","og_url":"https:\/\/lequotidien.mr\/?p=25428&lang=fr","og_site_name":"Le Quotidien de Nouakchott","article_publisher":"https:\/\/web.facebook.com\/lequotidienmr","article_published_time":"2025-02-13T23:30:23+00:00","og_image":[{"width":479,"height":385,"url":"https:\/\/lequotidien.mr\/wp-content\/uploads\/2025\/02\/photo-medou-2.jpeg","type":"image\/jpeg"}],"author":"Med Ahmed","twitter_card":"summary_large_image","twitter_creator":"@lequotidienmr","twitter_site":"@lequotidienmr","twitter_misc":{"\u0643\u064f\u062a\u0628 \u0628\u0648\u0627\u0633\u0637\u0629":"Med Ahmed","\u0648\u0642\u062a \u0627\u0644\u0642\u0631\u0627\u0621\u0629 \u0627\u0644\u0645\u064f\u0642\u062f\u0651\u0631":"3 \u062f\u0642\u0627\u0626\u0642"},"schema":{"@context":"https:\/\/schema.org","@graph":[{"@type":"Article","@id":"https:\/\/lequotidien.mr\/?p=25428&lang=fr#article","isPartOf":{"@id":"https:\/\/lequotidien.mr\/?p=25428&lang=fr"},"author":{"name":"Med Ahmed","@id":"https:\/\/lequotidien.mr\/#\/schema\/person\/d2d350202a4d599685ed8abc25f97596"},"headline":"Djeddah : Ouverture de la 13\u00e8me Conf\u00e9rence des ministres de la Culture du monde islamique","datePublished":"2025-02-13T23:30:23+00:00","mainEntityOfPage":{"@id":"https:\/\/lequotidien.mr\/?p=25428&lang=fr"},"wordCount":705,"commentCount":0,"publisher":{"@id":"https:\/\/lequotidien.mr\/#organization"},"image":{"@id":"https:\/\/lequotidien.mr\/?p=25428&lang=fr#primaryimage"},"thumbnailUrl":"https:\/\/lequotidien.mr\/wp-content\/uploads\/2025\/02\/photo-medou-2.jpeg","articleSection":["ACTUALIT\u00c9","Culture"],"inLanguage":"ar","potentialAction":[{"@type":"CommentAction","name":"Comment","target":["https:\/\/lequotidien.mr\/?p=25428&lang=fr#respond"]}]},{"@type":"WebPage","@id":"https:\/\/lequotidien.mr\/?p=25428&lang=fr","url":"https:\/\/lequotidien.mr\/?p=25428&lang=fr","name":"Djeddah : Ouverture de la 13\u00e8me Conf\u00e9rence des ministres de la Culture du monde islamique - Le Quotidien de Nouakchott","isPartOf":{"@id":"https:\/\/lequotidien.mr\/#website"},"primaryImageOfPage":{"@id":"https:\/\/lequotidien.mr\/?p=25428&lang=fr#primaryimage"},"image":{"@id":"https:\/\/lequotidien.mr\/?p=25428&lang=fr#primaryimage"},"thumbnailUrl":"https:\/\/lequotidien.mr\/wp-content\/uploads\/2025\/02\/photo-medou-2.jpeg","datePublished":"2025-02-13T23:30:23+00:00","breadcrumb":{"@id":"https:\/\/lequotidien.mr\/?p=25428&lang=fr#breadcrumb"},"inLanguage":"ar","potentialAction":[{"@type":"ReadAction","target":["https:\/\/lequotidien.mr\/?p=25428&lang=fr"]}]},{"@type":"ImageObject","inLanguage":"ar","@id":"https:\/\/lequotidien.mr\/?p=25428&lang=fr#primaryimage","url":"https:\/\/lequotidien.mr\/wp-content\/uploads\/2025\/02\/photo-medou-2.jpeg","contentUrl":"https:\/\/lequotidien.mr\/wp-content\/uploads\/2025\/02\/photo-medou-2.jpeg","width":479,"height":385},{"@type":"BreadcrumbList","@id":"https:\/\/lequotidien.mr\/?p=25428&lang=fr#breadcrumb","itemListElement":[{"@type":"ListItem","position":1,"name":"Home","item":"https:\/\/lequotidien.mr\/"},{"@type":"ListItem","position":2,"name":"Djeddah : Ouverture de la 13\u00e8me Conf\u00e9rence des ministres de la Culture du monde islamique"}]},{"@type":"WebSite","@id":"https:\/\/lequotidien.mr\/#website","url":"https:\/\/lequotidien.mr\/","name":"Le Quotidien de Nouakchott","description":"\u0625\u062e\u0628\u0627\u0631\u064a\u0629 \u0645\u0633\u062a\u0642\u0644\u0629 \u0644\u0644\u0623\u0646\u0628\u0627\u0621 \u0627\u0644\u0639\u0627\u0645\u0629","publisher":{"@id":"https:\/\/lequotidien.mr\/#organization"},"potentialAction":[{"@type":"SearchAction","target":{"@type":"EntryPoint","urlTemplate":"https:\/\/lequotidien.mr\/?s={search_term_string}"},"query-input":{"@type":"PropertyValueSpecification","valueRequired":true,"valueName":"search_term_string"}}],"inLanguage":"ar"},{"@type":"Organization","@id":"https:\/\/lequotidien.mr\/#organization","name":"Le Quotidien de Nouakchott","url":"https:\/\/lequotidien.mr\/","logo":{"@type":"ImageObject","inLanguage":"ar","@id":"https:\/\/lequotidien.mr\/#\/schema\/logo\/image\/","url":"https:\/\/lequotidien.mr\/wp-content\/uploads\/2022\/11\/logolequotidien.jpg","contentUrl":"https:\/\/lequotidien.mr\/wp-content\/uploads\/2022\/11\/logolequotidien.jpg","width":290,"height":65,"caption":"Le Quotidien de Nouakchott"},"image":{"@id":"https:\/\/lequotidien.mr\/#\/schema\/logo\/image\/"},"sameAs":["https:\/\/web.facebook.com\/lequotidienmr","https:\/\/x.com\/lequotidienmr"]},{"@type":"Person","@id":"https:\/\/lequotidien.mr\/#\/schema\/person\/d2d350202a4d599685ed8abc25f97596","name":"Med Ahmed","image":{"@type":"ImageObject","inLanguage":"ar","@id":"https:\/\/secure.gravatar.com\/avatar\/fd2acc62ed50732923d1d39c17172c9b04149f142be92310ecc69e1358f94b52?s=96&d=mm&r=g","url":"https:\/\/secure.gravatar.com\/avatar\/fd2acc62ed50732923d1d39c17172c9b04149f142be92310ecc69e1358f94b52?s=96&d=mm&r=g","contentUrl":"https:\/\/secure.gravatar.com\/avatar\/fd2acc62ed50732923d1d39c17172c9b04149f142be92310ecc69e1358f94b52?s=96&d=mm&r=g","caption":"Med Ahmed"},"url":"https:\/\/lequotidien.mr\/?author=12"}]}},"_links":{"self":[{"href":"https:\/\/lequotidien.mr\/index.php?rest_route=\/wp\/v2\/posts\/25428","targetHints":{"allow":["GET"]}}],"collection":[{"href":"https:\/\/lequotidien.mr\/index.php?rest_route=\/wp\/v2\/posts"}],"about":[{"href":"https:\/\/lequotidien.mr\/index.php?rest_route=\/wp\/v2\/types\/post"}],"author":[{"embeddable":true,"href":"https:\/\/lequotidien.mr\/index.php?rest_route=\/wp\/v2\/users\/12"}],"replies":[{"embeddable":true,"href":"https:\/\/lequotidien.mr\/index.php?rest_route=%2Fwp%2Fv2%2Fcomments&post=25428"}],"version-history":[{"count":1,"href":"https:\/\/lequotidien.mr\/index.php?rest_route=\/wp\/v2\/posts\/25428\/revisions"}],"predecessor-version":[{"id":25430,"href":"https:\/\/lequotidien.mr\/index.php?rest_route=\/wp\/v2\/posts\/25428\/revisions\/25430"}],"wp:featuredmedia":[{"embeddable":true,"href":"https:\/\/lequotidien.mr\/index.php?rest_route=\/wp\/v2\/media\/25429"}],"wp:attachment":[{"href":"https:\/\/lequotidien.mr\/index.php?rest_route=%2Fwp%2Fv2%2Fmedia&parent=25428"}],"wp:term":[{"taxonomy":"category","embeddable":true,"href":"https:\/\/lequotidien.mr\/index.php?rest_route=%2Fwp%2Fv2%2Fcategories&post=25428"},{"taxonomy":"post_tag","embeddable":true,"href":"https:\/\/lequotidien.mr\/index.php?rest_route=%2Fwp%2Fv2%2Ftags&post=25428"}],"curies":[{"name":"wp","href":"https:\/\/api.w.org\/{rel}","templated":true}]}}