{"id":25425,"date":"2025-02-13T23:04:55","date_gmt":"2025-02-13T23:04:55","guid":{"rendered":"https:\/\/lequotidien.mr\/?p=25425"},"modified":"2025-02-13T23:04:55","modified_gmt":"2025-02-13T23:04:55","slug":"le-caire-participation-de-la-mauritanie-a-la-115eme-session-du-conseil-economique-et-social-de-la-ligue-arabe","status":"publish","type":"post","link":"https:\/\/lequotidien.mr\/?p=25425&lang=fr","title":{"rendered":"Le Caire : Participation de la Mauritanie \u00e0 la 115\u00e8me session du Conseil \u00e9conomique et social de la Ligue arabe"},"content":{"rendered":"<p>L\u2019ambassadeur et repr\u00e9sentant permanent de la Mauritanie aupr\u00e8s de la\u00a0<strong>Ligue des \u00c9tats arabes (LEA)<\/strong>, M.\u00a0<strong>El Houssein Sidi Abdallahi Deih<\/strong>, a particip\u00e9, jeudi dernier au Caire, aux travaux de la\u00a0<strong>115\u00e8me session du Conseil \u00e9conomique et social au niveau minist\u00e9riel<\/strong>. Repr\u00e9sentant le ministre de l\u2019\u00c9conomie et des Finances, M. Deih a pris part \u00e0 des discussions strat\u00e9giques portant sur des questions \u00e9conomiques et sociales cruciales pour le monde arabe.<\/p>\n<p>La r\u00e9union a abord\u00e9 plusieurs points cl\u00e9s, notamment :<\/p>\n<p><strong>-Le dossier \u00e9conomique et social<\/strong>\u00a0soumis au\u00a0<strong>34\u00e8me Sommet arabe<\/strong>, pr\u00e9vu \u00e0 Bagdad\u00a0;<\/p>\n<p>-Les avanc\u00e9es de la\u00a0<strong>Grande zone arabe de libre-\u00e9change<\/strong>\u00a0et de l\u2019<strong>Union douani\u00e8re arabe<\/strong>, visant \u00e0 renforcer l\u2019int\u00e9gration \u00e9conomique r\u00e9gionale\u00a0;<\/p>\n<p>-Les opportunit\u00e9s d\u2019<strong>investissement dans les pays arabes<\/strong>\u00a0et les moyens de stimuler les flux financiers intra-r\u00e9gionaux\u00a0;<\/p>\n<p>-L\u2019am\u00e9lioration des performances des\u00a0<strong>organisations arabes sp\u00e9cialis\u00e9es<\/strong>\u00a0et la coordination des efforts pour renforcer l\u2019action arabe commune.<\/p>\n<p>Ces discussions s\u2019inscrivent dans le cadre des efforts continus de la Ligue arabe pour promouvoir la coop\u00e9ration \u00e9conomique et sociale entre ses membres, en vue de relever les d\u00e9fis communs et de saisir les opportunit\u00e9s de d\u00e9veloppement.<\/p>\n<p>M. El Houssein Sidi Abdallahi Deih \u00e9tait accompagn\u00e9 d\u2019une d\u00e9l\u00e9gation compos\u00e9e de : M. <strong>El Moustapha Sidi<\/strong>, conseiller \u00e9conomique aupr\u00e8s du ministre de l\u2019\u00c9conomie et des Finances ; M.\u00a0<strong>Oumar Moulaye Idriss<\/strong>, directeur adjoint de la Classification et du Suivi des R\u00e9formes au minist\u00e8re de l\u2019\u00c9conomie et des Finances ; et M.\u00a0<strong>Mohamed El Moustapha Mohamed Salem<\/strong>, conseiller \u00e0 l\u2019ambassade de Mauritanie au Caire.<\/p>\n<p>Cette d\u00e9l\u00e9gation a contribu\u00e9 activement aux d\u00e9bats, en mettant en avant les priorit\u00e9s et les perspectives de la Mauritanie en mati\u00e8re de d\u00e9veloppement \u00e9conomique et social.<\/p>\n<p>La Mauritanie, \u00e0 travers sa participation \u00e0 cette session, r\u00e9affirme son engagement en faveur de l\u2019int\u00e9gration \u00e9conomique arabe. Le pays soutient les initiatives visant \u00e0 renforcer la\u00a0<strong>Grande zone arabe de libre-\u00e9change<\/strong>\u00a0et \u00e0 acc\u00e9l\u00e9rer la mise en place de l\u2019<strong>Union douani\u00e8re arabe<\/strong>, des projets essentiels pour stimuler les \u00e9changes commerciaux et les investissements intra-r\u00e9gionaux.<\/p>\n<p>La 115\u00e8me session du Conseil \u00e9conomique et social de la Ligue arabe a permis de poser les bases pour une coop\u00e9ration \u00e9conomique et sociale plus \u00e9troite entre les pays arabes. La participation active de la Mauritanie t\u00e9moigne de son engagement \u00e0 contribuer aux efforts collectifs pour relever les d\u00e9fis \u00e9conomiques et sociaux, tout en saisissant les opportunit\u00e9s de d\u00e9veloppement offertes par l\u2019int\u00e9gration r\u00e9gionale.<\/p>\n<p>Cette r\u00e9union marque une \u00e9tape importante dans la pr\u00e9paration du\u00a0<strong>34\u00e8me Sommet arabe<\/strong>, o\u00f9 les dirigeants arabes se r\u00e9uniront pour discuter des priorit\u00e9s strat\u00e9giques et renforcer la solidarit\u00e9 arabe.<\/p>\n","protected":false},"excerpt":{"rendered":"<p>L\u2019ambassadeur et repr\u00e9sentant permanent de la Mauritanie aupr\u00e8s de la\u00a0Ligue des \u00c9tats arabes (LEA), M.\u00a0El Houssein Sidi Abdallahi Deih, a particip\u00e9, jeudi dernier au Caire, aux travaux de la\u00a0115\u00e8me session du Conseil \u00e9conomique et social au niveau minist\u00e9riel. Repr\u00e9sentant le ministre de l\u2019\u00c9conomie et des Finances, M. Deih a pris part \u00e0 des discussions strat\u00e9giques&#8230;..<\/p>\n","protected":false},"author":12,"featured_media":25426,"comment_status":"open","ping_status":"open","sticky":false,"template":"","format":"standard","meta":{"footnotes":""},"categories":[23,49],"tags":[],"class_list":["post-25425","post","type-post","status-publish","format-standard","has-post-thumbnail","hentry","category-actualite","category-economie"],"yoast_head":"<!-- This site is optimized with the Yoast SEO plugin v27.5 - https:\/\/yoast.com\/product\/yoast-seo-wordpress\/ -->\n<title>Le Caire : Participation de la Mauritanie \u00e0 la 115\u00e8me session du Conseil \u00e9conomique et social de la Ligue arabe - Le Quotidien de Nouakchott<\/title>\n<meta name=\"robots\" content=\"index, follow, max-snippet:-1, max-image-preview:large, max-video-preview:-1\" \/>\n<link rel=\"canonical\" href=\"https:\/\/lequotidien.mr\/?p=25425&lang=fr\" \/>\n<meta property=\"og:locale\" content=\"ar_AR\" \/>\n<meta property=\"og:type\" content=\"article\" \/>\n<meta property=\"og:title\" content=\"Le Caire : Participation de la Mauritanie \u00e0 la 115\u00e8me session du Conseil \u00e9conomique et social de la Ligue arabe - Le Quotidien de Nouakchott\" \/>\n<meta property=\"og:description\" content=\"L\u2019ambassadeur et repr\u00e9sentant permanent de la Mauritanie aupr\u00e8s de la\u00a0Ligue des \u00c9tats arabes (LEA), M.\u00a0El Houssein Sidi Abdallahi Deih, a particip\u00e9, jeudi dernier au Caire, aux travaux de la\u00a0115\u00e8me session du Conseil \u00e9conomique et social au niveau minist\u00e9riel. Repr\u00e9sentant le ministre de l\u2019\u00c9conomie et des Finances, M. Deih a pris part \u00e0 des discussions strat\u00e9giques.....\" \/>\n<meta property=\"og:url\" content=\"https:\/\/lequotidien.mr\/?p=25425&amp;lang=fr\" \/>\n<meta property=\"og:site_name\" content=\"Le Quotidien de Nouakchott\" \/>\n<meta property=\"article:publisher\" content=\"https:\/\/web.facebook.com\/lequotidienmr\" \/>\n<meta property=\"article:published_time\" content=\"2025-02-13T23:04:55+00:00\" \/>\n<meta property=\"og:image\" content=\"https:\/\/lequotidien.mr\/wp-content\/uploads\/2025\/02\/photo-conseil-economique-et-social-Ligue-arabe.jpg\" \/>\n\t<meta property=\"og:image:width\" content=\"460\" \/>\n\t<meta property=\"og:image:height\" content=\"342\" \/>\n\t<meta property=\"og:image:type\" content=\"image\/jpeg\" \/>\n<meta name=\"author\" content=\"Med Ahmed\" \/>\n<meta name=\"twitter:card\" content=\"summary_large_image\" \/>\n<meta name=\"twitter:creator\" content=\"@lequotidienmr\" \/>\n<meta name=\"twitter:site\" content=\"@lequotidienmr\" \/>\n<meta name=\"twitter:label1\" content=\"\u0643\u064f\u062a\u0628 \u0628\u0648\u0627\u0633\u0637\u0629\" \/>\n\t<meta name=\"twitter:data1\" content=\"Med Ahmed\" \/>\n\t<meta name=\"twitter:label2\" content=\"\u0648\u0642\u062a \u0627\u0644\u0642\u0631\u0627\u0621\u0629 \u0627\u0644\u0645\u064f\u0642\u062f\u0651\u0631\" \/>\n\t<meta name=\"twitter:data2\" content=\"\u062f\u0642\u064a\u0642\u062a\u0627\u0646\" \/>\n<script type=\"application\/ld+json\" class=\"yoast-schema-graph\">{\"@context\":\"https:\\\/\\\/schema.org\",\"@graph\":[{\"@type\":\"Article\",\"@id\":\"https:\\\/\\\/lequotidien.mr\\\/?p=25425&lang=fr#article\",\"isPartOf\":{\"@id\":\"https:\\\/\\\/lequotidien.mr\\\/?p=25425&lang=fr\"},\"author\":{\"name\":\"Med Ahmed\",\"@id\":\"https:\\\/\\\/lequotidien.mr\\\/#\\\/schema\\\/person\\\/d2d350202a4d599685ed8abc25f97596\"},\"headline\":\"Le Caire : Participation de la Mauritanie \u00e0 la 115\u00e8me session du Conseil \u00e9conomique et social de la Ligue arabe\",\"datePublished\":\"2025-02-13T23:04:55+00:00\",\"mainEntityOfPage\":{\"@id\":\"https:\\\/\\\/lequotidien.mr\\\/?p=25425&lang=fr\"},\"wordCount\":492,\"commentCount\":0,\"publisher\":{\"@id\":\"https:\\\/\\\/lequotidien.mr\\\/#organization\"},\"image\":{\"@id\":\"https:\\\/\\\/lequotidien.mr\\\/?p=25425&lang=fr#primaryimage\"},\"thumbnailUrl\":\"https:\\\/\\\/lequotidien.mr\\\/wp-content\\\/uploads\\\/2025\\\/02\\\/photo-conseil-economique-et-social-Ligue-arabe.jpg\",\"articleSection\":[\"ACTUALIT\u00c9\",\"Economie\"],\"inLanguage\":\"ar\",\"potentialAction\":[{\"@type\":\"CommentAction\",\"name\":\"Comment\",\"target\":[\"https:\\\/\\\/lequotidien.mr\\\/?p=25425&lang=fr#respond\"]}]},{\"@type\":\"WebPage\",\"@id\":\"https:\\\/\\\/lequotidien.mr\\\/?p=25425&lang=fr\",\"url\":\"https:\\\/\\\/lequotidien.mr\\\/?p=25425&lang=fr\",\"name\":\"Le Caire : Participation de la Mauritanie \u00e0 la 115\u00e8me session du Conseil \u00e9conomique et social de la Ligue arabe - Le Quotidien de Nouakchott\",\"isPartOf\":{\"@id\":\"https:\\\/\\\/lequotidien.mr\\\/#website\"},\"primaryImageOfPage\":{\"@id\":\"https:\\\/\\\/lequotidien.mr\\\/?p=25425&lang=fr#primaryimage\"},\"image\":{\"@id\":\"https:\\\/\\\/lequotidien.mr\\\/?p=25425&lang=fr#primaryimage\"},\"thumbnailUrl\":\"https:\\\/\\\/lequotidien.mr\\\/wp-content\\\/uploads\\\/2025\\\/02\\\/photo-conseil-economique-et-social-Ligue-arabe.jpg\",\"datePublished\":\"2025-02-13T23:04:55+00:00\",\"breadcrumb\":{\"@id\":\"https:\\\/\\\/lequotidien.mr\\\/?p=25425&lang=fr#breadcrumb\"},\"inLanguage\":\"ar\",\"potentialAction\":[{\"@type\":\"ReadAction\",\"target\":[\"https:\\\/\\\/lequotidien.mr\\\/?p=25425&lang=fr\"]}]},{\"@type\":\"ImageObject\",\"inLanguage\":\"ar\",\"@id\":\"https:\\\/\\\/lequotidien.mr\\\/?p=25425&lang=fr#primaryimage\",\"url\":\"https:\\\/\\\/lequotidien.mr\\\/wp-content\\\/uploads\\\/2025\\\/02\\\/photo-conseil-economique-et-social-Ligue-arabe.jpg\",\"contentUrl\":\"https:\\\/\\\/lequotidien.mr\\\/wp-content\\\/uploads\\\/2025\\\/02\\\/photo-conseil-economique-et-social-Ligue-arabe.jpg\",\"width\":460,\"height\":342},{\"@type\":\"BreadcrumbList\",\"@id\":\"https:\\\/\\\/lequotidien.mr\\\/?p=25425&lang=fr#breadcrumb\",\"itemListElement\":[{\"@type\":\"ListItem\",\"position\":1,\"name\":\"Home\",\"item\":\"https:\\\/\\\/lequotidien.mr\\\/\"},{\"@type\":\"ListItem\",\"position\":2,\"name\":\"Le Caire : Participation de la Mauritanie \u00e0 la 115\u00e8me session du Conseil \u00e9conomique et social de la Ligue arabe\"}]},{\"@type\":\"WebSite\",\"@id\":\"https:\\\/\\\/lequotidien.mr\\\/#website\",\"url\":\"https:\\\/\\\/lequotidien.mr\\\/\",\"name\":\"Le Quotidien de Nouakchott\",\"description\":\"\u0625\u062e\u0628\u0627\u0631\u064a\u0629 \u0645\u0633\u062a\u0642\u0644\u0629 \u0644\u0644\u0623\u0646\u0628\u0627\u0621 \u0627\u0644\u0639\u0627\u0645\u0629\",\"publisher\":{\"@id\":\"https:\\\/\\\/lequotidien.mr\\\/#organization\"},\"potentialAction\":[{\"@type\":\"SearchAction\",\"target\":{\"@type\":\"EntryPoint\",\"urlTemplate\":\"https:\\\/\\\/lequotidien.mr\\\/?s={search_term_string}\"},\"query-input\":{\"@type\":\"PropertyValueSpecification\",\"valueRequired\":true,\"valueName\":\"search_term_string\"}}],\"inLanguage\":\"ar\"},{\"@type\":\"Organization\",\"@id\":\"https:\\\/\\\/lequotidien.mr\\\/#organization\",\"name\":\"Le Quotidien de Nouakchott\",\"url\":\"https:\\\/\\\/lequotidien.mr\\\/\",\"logo\":{\"@type\":\"ImageObject\",\"inLanguage\":\"ar\",\"@id\":\"https:\\\/\\\/lequotidien.mr\\\/#\\\/schema\\\/logo\\\/image\\\/\",\"url\":\"https:\\\/\\\/lequotidien.mr\\\/wp-content\\\/uploads\\\/2022\\\/11\\\/logolequotidien.jpg\",\"contentUrl\":\"https:\\\/\\\/lequotidien.mr\\\/wp-content\\\/uploads\\\/2022\\\/11\\\/logolequotidien.jpg\",\"width\":290,\"height\":65,\"caption\":\"Le Quotidien de Nouakchott\"},\"image\":{\"@id\":\"https:\\\/\\\/lequotidien.mr\\\/#\\\/schema\\\/logo\\\/image\\\/\"},\"sameAs\":[\"https:\\\/\\\/web.facebook.com\\\/lequotidienmr\",\"https:\\\/\\\/x.com\\\/lequotidienmr\"]},{\"@type\":\"Person\",\"@id\":\"https:\\\/\\\/lequotidien.mr\\\/#\\\/schema\\\/person\\\/d2d350202a4d599685ed8abc25f97596\",\"name\":\"Med Ahmed\",\"image\":{\"@type\":\"ImageObject\",\"inLanguage\":\"ar\",\"@id\":\"https:\\\/\\\/secure.gravatar.com\\\/avatar\\\/fd2acc62ed50732923d1d39c17172c9b04149f142be92310ecc69e1358f94b52?s=96&d=mm&r=g\",\"url\":\"https:\\\/\\\/secure.gravatar.com\\\/avatar\\\/fd2acc62ed50732923d1d39c17172c9b04149f142be92310ecc69e1358f94b52?s=96&d=mm&r=g\",\"contentUrl\":\"https:\\\/\\\/secure.gravatar.com\\\/avatar\\\/fd2acc62ed50732923d1d39c17172c9b04149f142be92310ecc69e1358f94b52?s=96&d=mm&r=g\",\"caption\":\"Med Ahmed\"},\"url\":\"https:\\\/\\\/lequotidien.mr\\\/?author=12\"}]}<\/script>\n<!-- \/ Yoast SEO plugin. -->","yoast_head_json":{"title":"Le Caire : Participation de la Mauritanie \u00e0 la 115\u00e8me session du Conseil \u00e9conomique et social de la Ligue arabe - Le Quotidien de Nouakchott","robots":{"index":"index","follow":"follow","max-snippet":"max-snippet:-1","max-image-preview":"max-image-preview:large","max-video-preview":"max-video-preview:-1"},"canonical":"https:\/\/lequotidien.mr\/?p=25425&lang=fr","og_locale":"ar_AR","og_type":"article","og_title":"Le Caire : Participation de la Mauritanie \u00e0 la 115\u00e8me session du Conseil \u00e9conomique et social de la Ligue arabe - Le Quotidien de Nouakchott","og_description":"L\u2019ambassadeur et repr\u00e9sentant permanent de la Mauritanie aupr\u00e8s de la\u00a0Ligue des \u00c9tats arabes (LEA), M.\u00a0El Houssein Sidi Abdallahi Deih, a particip\u00e9, jeudi dernier au Caire, aux travaux de la\u00a0115\u00e8me session du Conseil \u00e9conomique et social au niveau minist\u00e9riel. Repr\u00e9sentant le ministre de l\u2019\u00c9conomie et des Finances, M. Deih a pris part \u00e0 des discussions strat\u00e9giques.....","og_url":"https:\/\/lequotidien.mr\/?p=25425&lang=fr","og_site_name":"Le Quotidien de Nouakchott","article_publisher":"https:\/\/web.facebook.com\/lequotidienmr","article_published_time":"2025-02-13T23:04:55+00:00","og_image":[{"width":460,"height":342,"url":"https:\/\/lequotidien.mr\/wp-content\/uploads\/2025\/02\/photo-conseil-economique-et-social-Ligue-arabe.jpg","type":"image\/jpeg"}],"author":"Med Ahmed","twitter_card":"summary_large_image","twitter_creator":"@lequotidienmr","twitter_site":"@lequotidienmr","twitter_misc":{"\u0643\u064f\u062a\u0628 \u0628\u0648\u0627\u0633\u0637\u0629":"Med Ahmed","\u0648\u0642\u062a \u0627\u0644\u0642\u0631\u0627\u0621\u0629 \u0627\u0644\u0645\u064f\u0642\u062f\u0651\u0631":"\u062f\u0642\u064a\u0642\u062a\u0627\u0646"},"schema":{"@context":"https:\/\/schema.org","@graph":[{"@type":"Article","@id":"https:\/\/lequotidien.mr\/?p=25425&lang=fr#article","isPartOf":{"@id":"https:\/\/lequotidien.mr\/?p=25425&lang=fr"},"author":{"name":"Med Ahmed","@id":"https:\/\/lequotidien.mr\/#\/schema\/person\/d2d350202a4d599685ed8abc25f97596"},"headline":"Le Caire : Participation de la Mauritanie \u00e0 la 115\u00e8me session du Conseil \u00e9conomique et social de la Ligue arabe","datePublished":"2025-02-13T23:04:55+00:00","mainEntityOfPage":{"@id":"https:\/\/lequotidien.mr\/?p=25425&lang=fr"},"wordCount":492,"commentCount":0,"publisher":{"@id":"https:\/\/lequotidien.mr\/#organization"},"image":{"@id":"https:\/\/lequotidien.mr\/?p=25425&lang=fr#primaryimage"},"thumbnailUrl":"https:\/\/lequotidien.mr\/wp-content\/uploads\/2025\/02\/photo-conseil-economique-et-social-Ligue-arabe.jpg","articleSection":["ACTUALIT\u00c9","Economie"],"inLanguage":"ar","potentialAction":[{"@type":"CommentAction","name":"Comment","target":["https:\/\/lequotidien.mr\/?p=25425&lang=fr#respond"]}]},{"@type":"WebPage","@id":"https:\/\/lequotidien.mr\/?p=25425&lang=fr","url":"https:\/\/lequotidien.mr\/?p=25425&lang=fr","name":"Le Caire : Participation de la Mauritanie \u00e0 la 115\u00e8me session du Conseil \u00e9conomique et social de la Ligue arabe - Le Quotidien de Nouakchott","isPartOf":{"@id":"https:\/\/lequotidien.mr\/#website"},"primaryImageOfPage":{"@id":"https:\/\/lequotidien.mr\/?p=25425&lang=fr#primaryimage"},"image":{"@id":"https:\/\/lequotidien.mr\/?p=25425&lang=fr#primaryimage"},"thumbnailUrl":"https:\/\/lequotidien.mr\/wp-content\/uploads\/2025\/02\/photo-conseil-economique-et-social-Ligue-arabe.jpg","datePublished":"2025-02-13T23:04:55+00:00","breadcrumb":{"@id":"https:\/\/lequotidien.mr\/?p=25425&lang=fr#breadcrumb"},"inLanguage":"ar","potentialAction":[{"@type":"ReadAction","target":["https:\/\/lequotidien.mr\/?p=25425&lang=fr"]}]},{"@type":"ImageObject","inLanguage":"ar","@id":"https:\/\/lequotidien.mr\/?p=25425&lang=fr#primaryimage","url":"https:\/\/lequotidien.mr\/wp-content\/uploads\/2025\/02\/photo-conseil-economique-et-social-Ligue-arabe.jpg","contentUrl":"https:\/\/lequotidien.mr\/wp-content\/uploads\/2025\/02\/photo-conseil-economique-et-social-Ligue-arabe.jpg","width":460,"height":342},{"@type":"BreadcrumbList","@id":"https:\/\/lequotidien.mr\/?p=25425&lang=fr#breadcrumb","itemListElement":[{"@type":"ListItem","position":1,"name":"Home","item":"https:\/\/lequotidien.mr\/"},{"@type":"ListItem","position":2,"name":"Le Caire : Participation de la Mauritanie \u00e0 la 115\u00e8me session du Conseil \u00e9conomique et social de la Ligue arabe"}]},{"@type":"WebSite","@id":"https:\/\/lequotidien.mr\/#website","url":"https:\/\/lequotidien.mr\/","name":"Le Quotidien de Nouakchott","description":"\u0625\u062e\u0628\u0627\u0631\u064a\u0629 \u0645\u0633\u062a\u0642\u0644\u0629 \u0644\u0644\u0623\u0646\u0628\u0627\u0621 \u0627\u0644\u0639\u0627\u0645\u0629","publisher":{"@id":"https:\/\/lequotidien.mr\/#organization"},"potentialAction":[{"@type":"SearchAction","target":{"@type":"EntryPoint","urlTemplate":"https:\/\/lequotidien.mr\/?s={search_term_string}"},"query-input":{"@type":"PropertyValueSpecification","valueRequired":true,"valueName":"search_term_string"}}],"inLanguage":"ar"},{"@type":"Organization","@id":"https:\/\/lequotidien.mr\/#organization","name":"Le Quotidien de Nouakchott","url":"https:\/\/lequotidien.mr\/","logo":{"@type":"ImageObject","inLanguage":"ar","@id":"https:\/\/lequotidien.mr\/#\/schema\/logo\/image\/","url":"https:\/\/lequotidien.mr\/wp-content\/uploads\/2022\/11\/logolequotidien.jpg","contentUrl":"https:\/\/lequotidien.mr\/wp-content\/uploads\/2022\/11\/logolequotidien.jpg","width":290,"height":65,"caption":"Le Quotidien de Nouakchott"},"image":{"@id":"https:\/\/lequotidien.mr\/#\/schema\/logo\/image\/"},"sameAs":["https:\/\/web.facebook.com\/lequotidienmr","https:\/\/x.com\/lequotidienmr"]},{"@type":"Person","@id":"https:\/\/lequotidien.mr\/#\/schema\/person\/d2d350202a4d599685ed8abc25f97596","name":"Med Ahmed","image":{"@type":"ImageObject","inLanguage":"ar","@id":"https:\/\/secure.gravatar.com\/avatar\/fd2acc62ed50732923d1d39c17172c9b04149f142be92310ecc69e1358f94b52?s=96&d=mm&r=g","url":"https:\/\/secure.gravatar.com\/avatar\/fd2acc62ed50732923d1d39c17172c9b04149f142be92310ecc69e1358f94b52?s=96&d=mm&r=g","contentUrl":"https:\/\/secure.gravatar.com\/avatar\/fd2acc62ed50732923d1d39c17172c9b04149f142be92310ecc69e1358f94b52?s=96&d=mm&r=g","caption":"Med Ahmed"},"url":"https:\/\/lequotidien.mr\/?author=12"}]}},"_links":{"self":[{"href":"https:\/\/lequotidien.mr\/index.php?rest_route=\/wp\/v2\/posts\/25425","targetHints":{"allow":["GET"]}}],"collection":[{"href":"https:\/\/lequotidien.mr\/index.php?rest_route=\/wp\/v2\/posts"}],"about":[{"href":"https:\/\/lequotidien.mr\/index.php?rest_route=\/wp\/v2\/types\/post"}],"author":[{"embeddable":true,"href":"https:\/\/lequotidien.mr\/index.php?rest_route=\/wp\/v2\/users\/12"}],"replies":[{"embeddable":true,"href":"https:\/\/lequotidien.mr\/index.php?rest_route=%2Fwp%2Fv2%2Fcomments&post=25425"}],"version-history":[{"count":1,"href":"https:\/\/lequotidien.mr\/index.php?rest_route=\/wp\/v2\/posts\/25425\/revisions"}],"predecessor-version":[{"id":25427,"href":"https:\/\/lequotidien.mr\/index.php?rest_route=\/wp\/v2\/posts\/25425\/revisions\/25427"}],"wp:featuredmedia":[{"embeddable":true,"href":"https:\/\/lequotidien.mr\/index.php?rest_route=\/wp\/v2\/media\/25426"}],"wp:attachment":[{"href":"https:\/\/lequotidien.mr\/index.php?rest_route=%2Fwp%2Fv2%2Fmedia&parent=25425"}],"wp:term":[{"taxonomy":"category","embeddable":true,"href":"https:\/\/lequotidien.mr\/index.php?rest_route=%2Fwp%2Fv2%2Fcategories&post=25425"},{"taxonomy":"post_tag","embeddable":true,"href":"https:\/\/lequotidien.mr\/index.php?rest_route=%2Fwp%2Fv2%2Ftags&post=25425"}],"curies":[{"name":"wp","href":"https:\/\/api.w.org\/{rel}","templated":true}]}}