{"id":25362,"date":"2025-02-11T11:51:55","date_gmt":"2025-02-11T11:51:55","guid":{"rendered":"https:\/\/lequotidien.mr\/?p=25362"},"modified":"2025-02-11T11:51:55","modified_gmt":"2025-02-11T11:51:55","slug":"enseignement-superieur-ouverture-dun-centre-de-preparation-des-concours-dagregation-a-lecole-normale-superieure-de-nouakchott","status":"publish","type":"post","link":"https:\/\/lequotidien.mr\/?p=25362&lang=fr","title":{"rendered":"Enseignement sup\u00e9rieur : Ouverture d\u2019un centre de pr\u00e9paration des concours d\u2019agr\u00e9gation \u00e0 l\u2019\u00c9cole Normale Sup\u00e9rieure de Nouakchott"},"content":{"rendered":"<p>Le ministre de l\u2019Enseignement Sup\u00e9rieur et de la Recherche Scientifique, M.\u00a0<strong>Yacoub Moine<\/strong>, a supervis\u00e9, lundi dernier \u00e0 Nouakchott, l\u2019ouverture officielle du\u00a0<strong>Centre de Pr\u00e9paration des concours d\u2019agr\u00e9gation<\/strong>\u00a0au sein de l\u2019\u00c9cole Normale Sup\u00e9rieure (ENS). Cette initiative s\u2019inscrit dans le cadre de la r\u00e9forme ambitieuse du syst\u00e8me \u00e9ducatif mauritanien, visant \u00e0 renforcer la qualit\u00e9 de la formation des enseignants et \u00e0 r\u00e9pondre aux besoins croissants en professeurs qualifi\u00e9s dans les disciplines scientifiques.<\/p>\n<p><strong>Un nouveau pilier pour l\u2019excellence acad\u00e9mique<\/strong><\/p>\n<p>Le Centre de Pr\u00e9paration des concours d\u2019agr\u00e9gation repr\u00e9sente une nouvelle composante de l\u2019ENS, dont la premi\u00e8re phase d\u00e9marre cette ann\u00e9e avec les disciplines des\u00a0<strong>math\u00e9matiques<\/strong>, de la\u00a0<strong>physique<\/strong>\u00a0et de la\u00a0<strong>chimie<\/strong>. Ce centre a pour objectif de former des enseignants hautement qualifi\u00e9s, capables de r\u00e9pondre aux exigences des d\u00e9partements pr\u00e9paratoires des \u00e9coles d\u2019ing\u00e9nieurs et des \u00e9tablissements d\u2019enseignement sup\u00e9rieur. Il s\u2019agit \u00e9galement de\u00a0<strong>localiser la formation<\/strong>\u00a0aux concours d\u2019agr\u00e9gation, jusqu\u2019alors dispens\u00e9e \u00e0 l\u2019\u00e9tranger, notamment au Maroc et en Tunisie.<\/p>\n<p>Dans son discours inaugural, le ministre Yacoub Moine a soulign\u00e9 l\u2019importance de cette initiative pour am\u00e9liorer la qualit\u00e9 du syst\u00e8me \u00e9ducatif mauritanien.\u00a0<em>\u00ab L\u2019ouverture de ce centre fait suite aux r\u00e9sultats de l\u2019exp\u00e9rience pr\u00e9c\u00e9dente d\u2019envoi d\u2019\u00e9tudiants \u00e0 l\u2019\u00e9tranger. Localiser cette formation est essentiel pour r\u00e9pondre aux besoins croissants en professeurs d\u2019excellence et pour \u00e9lever le niveau de l\u2019enseignement sup\u00e9rieur en Mauritanie \u00bb<\/em>, a-t-il d\u00e9clar\u00e9.<\/p>\n<p><strong>Un d\u00e9fi \u00e0 relever pour l\u2019avenir de l\u2019\u00e9ducation<\/strong><\/p>\n<p>Le ministre a expliqu\u00e9 que le d\u00e9marrage des activit\u00e9s du centre avec les disciplines scientifiques constitue un\u00a0<strong>v\u00e9ritable d\u00e9fi<\/strong>, n\u00e9cessitant une concertation des efforts et la mobilisation de tous les moyens n\u00e9cessaires.\u00a0<em>\u00ab La r\u00e9ussite de cette exp\u00e9rience permettra \u00e0 notre pays de r\u00e9pondre aux besoins en professeurs qualifi\u00e9s dans les \u00e9coles d\u2019ing\u00e9nieurs et les \u00e9tablissements d\u2019enseignement sup\u00e9rieur, tout en ouvrant des perspectives prometteuses pour l\u2019\u00e9l\u00e9vation de la qualit\u00e9 de la formation \u00bb<\/em>, a-t-il ajout\u00e9.<\/p>\n<p>Le programme de formation du centre s\u2019aligne sur le\u00a0<strong>concours d\u2019excellence fran\u00e7ais<\/strong>, partag\u00e9 avec certains pays de la r\u00e9gion. Cette approche vise \u00e0 garantir une formation de haut niveau, tout en favorisant les \u00e9changes et les partenariats avec des centres de formation \u00e0 l\u2019\u00e9tranger.<\/p>\n<p><strong>Une r\u00e9forme globale pour l\u2019\u00c9cole Normale Sup\u00e9rieure<\/strong><\/p>\n<p>L\u2019ouverture de ce centre s\u2019inscrit dans le cadre d\u2019une\u00a0<strong>r\u00e9forme globale<\/strong>\u00a0de l\u2019ENS, initi\u00e9e par le minist\u00e8re de l\u2019Enseignement Sup\u00e9rieur et de la Recherche Scientifique. Cette r\u00e9forme vise \u00e0 moderniser le parcours de formation des enseignants des cycles primaire et secondaire, en phase avec le\u00a0<strong>projet pionnier de l\u2019\u00c9cole R\u00e9publicaine<\/strong>. Le ministre a rappel\u00e9 que, d\u2019ici 2027, les premiers \u00e9tudiants de l\u2019\u00c9cole R\u00e9publicaine atteindront le niveau du coll\u00e8ge, n\u00e9cessitant un corps enseignant qualifi\u00e9 et en nombre suffisant.<\/p>\n<p>M. Yacoub Moine a \u00e9galement \u00e9voqu\u00e9 les r\u00e9centes avanc\u00e9es de l\u2019ENS, notamment l\u2019introduction du syst\u00e8me <strong>licence-master-doctorat <\/strong>et l\u2019ouverture de huit nouvelles divisions sp\u00e9cialis\u00e9es. <em>\u00ab Ces r\u00e9alisations refl\u00e8tent notre engagement \u00e0 d\u00e9velopper et \u00e0 qualifier les comp\u00e9tences p\u00e9dagogiques selon les normes scientifiques et \u00e9ducatives les plus \u00e9lev\u00e9es \u00bb<\/em>, a-t-il affirm\u00e9.<\/p>\n<p><strong>Une formation rigoureuse et diversifi\u00e9e<\/strong><\/p>\n<p>Le directeur de l\u2019ENS, M.\u00a0<strong>Hamoudi Hamadi Jaghdane<\/strong>, a pr\u00e9cis\u00e9 que la formation au centre peut durer jusqu\u2019\u00e0\u00a0<strong>deux ans<\/strong>, combinant des cours th\u00e9oriques, des travaux pratiques, des concours exp\u00e9rimentaux p\u00e9riodiques et des ateliers \u00e9ducatifs.\u00a0<em>\u00ab Cette formation est essentielle pour doter les sections pr\u00e9paratoires des \u00e9coles d\u2019ing\u00e9nieurs de professeurs qualifi\u00e9s et distingu\u00e9s, sans avoir \u00e0 les faire venir de l\u2019\u00e9tranger \u00bb<\/em>, a-t-il expliqu\u00e9.<\/p>\n<p>Le centre vise \u00e9galement \u00e0 \u00e9tablir des partenariats avec des institutions internationales pour enrichir son offre de formation et \u00e0 lancer un\u00a0<strong>concours national d\u2019excellence<\/strong>, afin de promouvoir l\u2019innovation et la recherche scientifique en Mauritanie.<\/p>\n<p><strong>Une \u00e9tape cl\u00e9 pour l\u2019avenir de l\u2019\u00e9ducation en Mauritanie<\/strong><\/p>\n<p>L\u2019ouverture du Centre de Pr\u00e9paration des concours d\u2019agr\u00e9gation marque une \u00e9tape importante dans la r\u00e9forme du syst\u00e8me \u00e9ducatif mauritanien. En formant des enseignants d\u2019excellence, ce centre contribuera \u00e0 renforcer la qualit\u00e9 de l\u2019enseignement et \u00e0 pr\u00e9parer les futures g\u00e9n\u00e9rations \u00e0 participer activement au d\u00e9veloppement du pays.<\/p>\n<p>Cette initiative, port\u00e9e par le minist\u00e8re de l\u2019Enseignement Sup\u00e9rieur et de la Recherche Scientifique, s\u2019aligne sur les directives du Pr\u00e9sident de la R\u00e9publique, M.\u00a0<strong>Mohamed Cheikh El Ghazouani<\/strong>, et du Premier ministre, M.\u00a0<strong>Moctar Djay<\/strong>, visant \u00e0 investir dans la formation des jeunes et \u00e0 moderniser les infrastructures \u00e9ducatives.<\/p>\n<p>Avec ce nouveau centre, la Mauritanie s\u2019engage r\u00e9solument sur la voie de l\u2019excellence acad\u00e9mique, en pr\u00e9parant une g\u00e9n\u00e9ration d\u2019enseignants et de chercheurs capables de relever les d\u00e9fis du 21\u1d49 si\u00e8cle et de contribuer au rayonnement de leur pays.<\/p>\n<p>&nbsp;<\/p>\n","protected":false},"excerpt":{"rendered":"<p>Le ministre de l\u2019Enseignement Sup\u00e9rieur et de la Recherche Scientifique, M.\u00a0Yacoub Moine, a supervis\u00e9, lundi dernier \u00e0 Nouakchott, l\u2019ouverture officielle du\u00a0Centre de Pr\u00e9paration des concours d\u2019agr\u00e9gation\u00a0au sein de l\u2019\u00c9cole Normale Sup\u00e9rieure (ENS). Cette initiative s\u2019inscrit dans le cadre de la r\u00e9forme ambitieuse du syst\u00e8me \u00e9ducatif mauritanien, visant \u00e0 renforcer la qualit\u00e9 de la formation des&#8230;..<\/p>\n","protected":false},"author":12,"featured_media":25363,"comment_status":"open","ping_status":"open","sticky":false,"template":"","format":"standard","meta":{"footnotes":""},"categories":[23,55],"tags":[],"class_list":["post-25362","post","type-post","status-publish","format-standard","has-post-thumbnail","hentry","category-actualite","category-culture"],"yoast_head":"<!-- This site is optimized with the Yoast SEO plugin v27.5 - https:\/\/yoast.com\/product\/yoast-seo-wordpress\/ -->\n<title>Enseignement sup\u00e9rieur : Ouverture d\u2019un centre de pr\u00e9paration des concours d\u2019agr\u00e9gation \u00e0 l\u2019\u00c9cole Normale Sup\u00e9rieure de Nouakchott - Le Quotidien de Nouakchott<\/title>\n<meta name=\"robots\" content=\"index, follow, max-snippet:-1, max-image-preview:large, max-video-preview:-1\" \/>\n<link rel=\"canonical\" href=\"https:\/\/lequotidien.mr\/?p=25362&lang=fr\" \/>\n<meta property=\"og:locale\" content=\"ar_AR\" \/>\n<meta property=\"og:type\" content=\"article\" \/>\n<meta property=\"og:title\" content=\"Enseignement sup\u00e9rieur : Ouverture d\u2019un centre de pr\u00e9paration des concours d\u2019agr\u00e9gation \u00e0 l\u2019\u00c9cole Normale Sup\u00e9rieure de Nouakchott - Le Quotidien de Nouakchott\" \/>\n<meta property=\"og:description\" content=\"Le ministre de l\u2019Enseignement Sup\u00e9rieur et de la Recherche Scientifique, M.\u00a0Yacoub Moine, a supervis\u00e9, lundi dernier \u00e0 Nouakchott, l\u2019ouverture officielle du\u00a0Centre de Pr\u00e9paration des concours d\u2019agr\u00e9gation\u00a0au sein de l\u2019\u00c9cole Normale Sup\u00e9rieure (ENS). Cette initiative s\u2019inscrit dans le cadre de la r\u00e9forme ambitieuse du syst\u00e8me \u00e9ducatif mauritanien, visant \u00e0 renforcer la qualit\u00e9 de la formation des.....\" \/>\n<meta property=\"og:url\" content=\"https:\/\/lequotidien.mr\/?p=25362&amp;lang=fr\" \/>\n<meta property=\"og:site_name\" content=\"Le Quotidien de Nouakchott\" \/>\n<meta property=\"article:publisher\" content=\"https:\/\/web.facebook.com\/lequotidienmr\" \/>\n<meta property=\"article:published_time\" content=\"2025-02-11T11:51:55+00:00\" \/>\n<meta property=\"og:image\" content=\"https:\/\/lequotidien.mr\/wp-content\/uploads\/2025\/02\/photo-concours-aggregation.jpg\" \/>\n\t<meta property=\"og:image:width\" content=\"750\" \/>\n\t<meta property=\"og:image:height\" content=\"430\" \/>\n\t<meta property=\"og:image:type\" content=\"image\/jpeg\" \/>\n<meta name=\"author\" content=\"Med Ahmed\" \/>\n<meta name=\"twitter:card\" content=\"summary_large_image\" \/>\n<meta name=\"twitter:creator\" content=\"@lequotidienmr\" \/>\n<meta name=\"twitter:site\" content=\"@lequotidienmr\" \/>\n<meta name=\"twitter:label1\" content=\"\u0643\u064f\u062a\u0628 \u0628\u0648\u0627\u0633\u0637\u0629\" \/>\n\t<meta name=\"twitter:data1\" content=\"Med Ahmed\" \/>\n\t<meta name=\"twitter:label2\" content=\"\u0648\u0642\u062a \u0627\u0644\u0642\u0631\u0627\u0621\u0629 \u0627\u0644\u0645\u064f\u0642\u062f\u0651\u0631\" \/>\n\t<meta name=\"twitter:data2\" content=\"4 \u062f\u0642\u0627\u0626\u0642\" \/>\n<script type=\"application\/ld+json\" class=\"yoast-schema-graph\">{\"@context\":\"https:\\\/\\\/schema.org\",\"@graph\":[{\"@type\":\"Article\",\"@id\":\"https:\\\/\\\/lequotidien.mr\\\/?p=25362&lang=fr#article\",\"isPartOf\":{\"@id\":\"https:\\\/\\\/lequotidien.mr\\\/?p=25362&lang=fr\"},\"author\":{\"name\":\"Med Ahmed\",\"@id\":\"https:\\\/\\\/lequotidien.mr\\\/#\\\/schema\\\/person\\\/d2d350202a4d599685ed8abc25f97596\"},\"headline\":\"Enseignement sup\u00e9rieur : Ouverture d\u2019un centre de pr\u00e9paration des concours d\u2019agr\u00e9gation \u00e0 l\u2019\u00c9cole Normale Sup\u00e9rieure de Nouakchott\",\"datePublished\":\"2025-02-11T11:51:55+00:00\",\"mainEntityOfPage\":{\"@id\":\"https:\\\/\\\/lequotidien.mr\\\/?p=25362&lang=fr\"},\"wordCount\":878,\"commentCount\":0,\"publisher\":{\"@id\":\"https:\\\/\\\/lequotidien.mr\\\/#organization\"},\"image\":{\"@id\":\"https:\\\/\\\/lequotidien.mr\\\/?p=25362&lang=fr#primaryimage\"},\"thumbnailUrl\":\"https:\\\/\\\/lequotidien.mr\\\/wp-content\\\/uploads\\\/2025\\\/02\\\/photo-concours-aggregation.jpg\",\"articleSection\":[\"ACTUALIT\u00c9\",\"Culture\"],\"inLanguage\":\"ar\",\"potentialAction\":[{\"@type\":\"CommentAction\",\"name\":\"Comment\",\"target\":[\"https:\\\/\\\/lequotidien.mr\\\/?p=25362&lang=fr#respond\"]}]},{\"@type\":\"WebPage\",\"@id\":\"https:\\\/\\\/lequotidien.mr\\\/?p=25362&lang=fr\",\"url\":\"https:\\\/\\\/lequotidien.mr\\\/?p=25362&lang=fr\",\"name\":\"Enseignement sup\u00e9rieur : Ouverture d\u2019un centre de pr\u00e9paration des concours d\u2019agr\u00e9gation \u00e0 l\u2019\u00c9cole Normale Sup\u00e9rieure de Nouakchott - Le Quotidien de Nouakchott\",\"isPartOf\":{\"@id\":\"https:\\\/\\\/lequotidien.mr\\\/#website\"},\"primaryImageOfPage\":{\"@id\":\"https:\\\/\\\/lequotidien.mr\\\/?p=25362&lang=fr#primaryimage\"},\"image\":{\"@id\":\"https:\\\/\\\/lequotidien.mr\\\/?p=25362&lang=fr#primaryimage\"},\"thumbnailUrl\":\"https:\\\/\\\/lequotidien.mr\\\/wp-content\\\/uploads\\\/2025\\\/02\\\/photo-concours-aggregation.jpg\",\"datePublished\":\"2025-02-11T11:51:55+00:00\",\"breadcrumb\":{\"@id\":\"https:\\\/\\\/lequotidien.mr\\\/?p=25362&lang=fr#breadcrumb\"},\"inLanguage\":\"ar\",\"potentialAction\":[{\"@type\":\"ReadAction\",\"target\":[\"https:\\\/\\\/lequotidien.mr\\\/?p=25362&lang=fr\"]}]},{\"@type\":\"ImageObject\",\"inLanguage\":\"ar\",\"@id\":\"https:\\\/\\\/lequotidien.mr\\\/?p=25362&lang=fr#primaryimage\",\"url\":\"https:\\\/\\\/lequotidien.mr\\\/wp-content\\\/uploads\\\/2025\\\/02\\\/photo-concours-aggregation.jpg\",\"contentUrl\":\"https:\\\/\\\/lequotidien.mr\\\/wp-content\\\/uploads\\\/2025\\\/02\\\/photo-concours-aggregation.jpg\",\"width\":750,\"height\":430},{\"@type\":\"BreadcrumbList\",\"@id\":\"https:\\\/\\\/lequotidien.mr\\\/?p=25362&lang=fr#breadcrumb\",\"itemListElement\":[{\"@type\":\"ListItem\",\"position\":1,\"name\":\"Home\",\"item\":\"https:\\\/\\\/lequotidien.mr\\\/\"},{\"@type\":\"ListItem\",\"position\":2,\"name\":\"Enseignement sup\u00e9rieur : Ouverture d\u2019un centre de pr\u00e9paration des concours d\u2019agr\u00e9gation \u00e0 l\u2019\u00c9cole Normale Sup\u00e9rieure de Nouakchott\"}]},{\"@type\":\"WebSite\",\"@id\":\"https:\\\/\\\/lequotidien.mr\\\/#website\",\"url\":\"https:\\\/\\\/lequotidien.mr\\\/\",\"name\":\"Le Quotidien de Nouakchott\",\"description\":\"\u0625\u062e\u0628\u0627\u0631\u064a\u0629 \u0645\u0633\u062a\u0642\u0644\u0629 \u0644\u0644\u0623\u0646\u0628\u0627\u0621 \u0627\u0644\u0639\u0627\u0645\u0629\",\"publisher\":{\"@id\":\"https:\\\/\\\/lequotidien.mr\\\/#organization\"},\"potentialAction\":[{\"@type\":\"SearchAction\",\"target\":{\"@type\":\"EntryPoint\",\"urlTemplate\":\"https:\\\/\\\/lequotidien.mr\\\/?s={search_term_string}\"},\"query-input\":{\"@type\":\"PropertyValueSpecification\",\"valueRequired\":true,\"valueName\":\"search_term_string\"}}],\"inLanguage\":\"ar\"},{\"@type\":\"Organization\",\"@id\":\"https:\\\/\\\/lequotidien.mr\\\/#organization\",\"name\":\"Le Quotidien de Nouakchott\",\"url\":\"https:\\\/\\\/lequotidien.mr\\\/\",\"logo\":{\"@type\":\"ImageObject\",\"inLanguage\":\"ar\",\"@id\":\"https:\\\/\\\/lequotidien.mr\\\/#\\\/schema\\\/logo\\\/image\\\/\",\"url\":\"https:\\\/\\\/lequotidien.mr\\\/wp-content\\\/uploads\\\/2022\\\/11\\\/logolequotidien.jpg\",\"contentUrl\":\"https:\\\/\\\/lequotidien.mr\\\/wp-content\\\/uploads\\\/2022\\\/11\\\/logolequotidien.jpg\",\"width\":290,\"height\":65,\"caption\":\"Le Quotidien de Nouakchott\"},\"image\":{\"@id\":\"https:\\\/\\\/lequotidien.mr\\\/#\\\/schema\\\/logo\\\/image\\\/\"},\"sameAs\":[\"https:\\\/\\\/web.facebook.com\\\/lequotidienmr\",\"https:\\\/\\\/x.com\\\/lequotidienmr\"]},{\"@type\":\"Person\",\"@id\":\"https:\\\/\\\/lequotidien.mr\\\/#\\\/schema\\\/person\\\/d2d350202a4d599685ed8abc25f97596\",\"name\":\"Med Ahmed\",\"image\":{\"@type\":\"ImageObject\",\"inLanguage\":\"ar\",\"@id\":\"https:\\\/\\\/secure.gravatar.com\\\/avatar\\\/fd2acc62ed50732923d1d39c17172c9b04149f142be92310ecc69e1358f94b52?s=96&d=mm&r=g\",\"url\":\"https:\\\/\\\/secure.gravatar.com\\\/avatar\\\/fd2acc62ed50732923d1d39c17172c9b04149f142be92310ecc69e1358f94b52?s=96&d=mm&r=g\",\"contentUrl\":\"https:\\\/\\\/secure.gravatar.com\\\/avatar\\\/fd2acc62ed50732923d1d39c17172c9b04149f142be92310ecc69e1358f94b52?s=96&d=mm&r=g\",\"caption\":\"Med Ahmed\"},\"url\":\"https:\\\/\\\/lequotidien.mr\\\/?author=12\"}]}<\/script>\n<!-- \/ Yoast SEO plugin. -->","yoast_head_json":{"title":"Enseignement sup\u00e9rieur : Ouverture d\u2019un centre de pr\u00e9paration des concours d\u2019agr\u00e9gation \u00e0 l\u2019\u00c9cole Normale Sup\u00e9rieure de Nouakchott - Le Quotidien de Nouakchott","robots":{"index":"index","follow":"follow","max-snippet":"max-snippet:-1","max-image-preview":"max-image-preview:large","max-video-preview":"max-video-preview:-1"},"canonical":"https:\/\/lequotidien.mr\/?p=25362&lang=fr","og_locale":"ar_AR","og_type":"article","og_title":"Enseignement sup\u00e9rieur : Ouverture d\u2019un centre de pr\u00e9paration des concours d\u2019agr\u00e9gation \u00e0 l\u2019\u00c9cole Normale Sup\u00e9rieure de Nouakchott - Le Quotidien de Nouakchott","og_description":"Le ministre de l\u2019Enseignement Sup\u00e9rieur et de la Recherche Scientifique, M.\u00a0Yacoub Moine, a supervis\u00e9, lundi dernier \u00e0 Nouakchott, l\u2019ouverture officielle du\u00a0Centre de Pr\u00e9paration des concours d\u2019agr\u00e9gation\u00a0au sein de l\u2019\u00c9cole Normale Sup\u00e9rieure (ENS). Cette initiative s\u2019inscrit dans le cadre de la r\u00e9forme ambitieuse du syst\u00e8me \u00e9ducatif mauritanien, visant \u00e0 renforcer la qualit\u00e9 de la formation des.....","og_url":"https:\/\/lequotidien.mr\/?p=25362&lang=fr","og_site_name":"Le Quotidien de Nouakchott","article_publisher":"https:\/\/web.facebook.com\/lequotidienmr","article_published_time":"2025-02-11T11:51:55+00:00","og_image":[{"width":750,"height":430,"url":"https:\/\/lequotidien.mr\/wp-content\/uploads\/2025\/02\/photo-concours-aggregation.jpg","type":"image\/jpeg"}],"author":"Med Ahmed","twitter_card":"summary_large_image","twitter_creator":"@lequotidienmr","twitter_site":"@lequotidienmr","twitter_misc":{"\u0643\u064f\u062a\u0628 \u0628\u0648\u0627\u0633\u0637\u0629":"Med Ahmed","\u0648\u0642\u062a \u0627\u0644\u0642\u0631\u0627\u0621\u0629 \u0627\u0644\u0645\u064f\u0642\u062f\u0651\u0631":"4 \u062f\u0642\u0627\u0626\u0642"},"schema":{"@context":"https:\/\/schema.org","@graph":[{"@type":"Article","@id":"https:\/\/lequotidien.mr\/?p=25362&lang=fr#article","isPartOf":{"@id":"https:\/\/lequotidien.mr\/?p=25362&lang=fr"},"author":{"name":"Med Ahmed","@id":"https:\/\/lequotidien.mr\/#\/schema\/person\/d2d350202a4d599685ed8abc25f97596"},"headline":"Enseignement sup\u00e9rieur : Ouverture d\u2019un centre de pr\u00e9paration des concours d\u2019agr\u00e9gation \u00e0 l\u2019\u00c9cole Normale Sup\u00e9rieure de Nouakchott","datePublished":"2025-02-11T11:51:55+00:00","mainEntityOfPage":{"@id":"https:\/\/lequotidien.mr\/?p=25362&lang=fr"},"wordCount":878,"commentCount":0,"publisher":{"@id":"https:\/\/lequotidien.mr\/#organization"},"image":{"@id":"https:\/\/lequotidien.mr\/?p=25362&lang=fr#primaryimage"},"thumbnailUrl":"https:\/\/lequotidien.mr\/wp-content\/uploads\/2025\/02\/photo-concours-aggregation.jpg","articleSection":["ACTUALIT\u00c9","Culture"],"inLanguage":"ar","potentialAction":[{"@type":"CommentAction","name":"Comment","target":["https:\/\/lequotidien.mr\/?p=25362&lang=fr#respond"]}]},{"@type":"WebPage","@id":"https:\/\/lequotidien.mr\/?p=25362&lang=fr","url":"https:\/\/lequotidien.mr\/?p=25362&lang=fr","name":"Enseignement sup\u00e9rieur : Ouverture d\u2019un centre de pr\u00e9paration des concours d\u2019agr\u00e9gation \u00e0 l\u2019\u00c9cole Normale Sup\u00e9rieure de Nouakchott - Le Quotidien de Nouakchott","isPartOf":{"@id":"https:\/\/lequotidien.mr\/#website"},"primaryImageOfPage":{"@id":"https:\/\/lequotidien.mr\/?p=25362&lang=fr#primaryimage"},"image":{"@id":"https:\/\/lequotidien.mr\/?p=25362&lang=fr#primaryimage"},"thumbnailUrl":"https:\/\/lequotidien.mr\/wp-content\/uploads\/2025\/02\/photo-concours-aggregation.jpg","datePublished":"2025-02-11T11:51:55+00:00","breadcrumb":{"@id":"https:\/\/lequotidien.mr\/?p=25362&lang=fr#breadcrumb"},"inLanguage":"ar","potentialAction":[{"@type":"ReadAction","target":["https:\/\/lequotidien.mr\/?p=25362&lang=fr"]}]},{"@type":"ImageObject","inLanguage":"ar","@id":"https:\/\/lequotidien.mr\/?p=25362&lang=fr#primaryimage","url":"https:\/\/lequotidien.mr\/wp-content\/uploads\/2025\/02\/photo-concours-aggregation.jpg","contentUrl":"https:\/\/lequotidien.mr\/wp-content\/uploads\/2025\/02\/photo-concours-aggregation.jpg","width":750,"height":430},{"@type":"BreadcrumbList","@id":"https:\/\/lequotidien.mr\/?p=25362&lang=fr#breadcrumb","itemListElement":[{"@type":"ListItem","position":1,"name":"Home","item":"https:\/\/lequotidien.mr\/"},{"@type":"ListItem","position":2,"name":"Enseignement sup\u00e9rieur : Ouverture d\u2019un centre de pr\u00e9paration des concours d\u2019agr\u00e9gation \u00e0 l\u2019\u00c9cole Normale Sup\u00e9rieure de Nouakchott"}]},{"@type":"WebSite","@id":"https:\/\/lequotidien.mr\/#website","url":"https:\/\/lequotidien.mr\/","name":"Le Quotidien de Nouakchott","description":"\u0625\u062e\u0628\u0627\u0631\u064a\u0629 \u0645\u0633\u062a\u0642\u0644\u0629 \u0644\u0644\u0623\u0646\u0628\u0627\u0621 \u0627\u0644\u0639\u0627\u0645\u0629","publisher":{"@id":"https:\/\/lequotidien.mr\/#organization"},"potentialAction":[{"@type":"SearchAction","target":{"@type":"EntryPoint","urlTemplate":"https:\/\/lequotidien.mr\/?s={search_term_string}"},"query-input":{"@type":"PropertyValueSpecification","valueRequired":true,"valueName":"search_term_string"}}],"inLanguage":"ar"},{"@type":"Organization","@id":"https:\/\/lequotidien.mr\/#organization","name":"Le Quotidien de Nouakchott","url":"https:\/\/lequotidien.mr\/","logo":{"@type":"ImageObject","inLanguage":"ar","@id":"https:\/\/lequotidien.mr\/#\/schema\/logo\/image\/","url":"https:\/\/lequotidien.mr\/wp-content\/uploads\/2022\/11\/logolequotidien.jpg","contentUrl":"https:\/\/lequotidien.mr\/wp-content\/uploads\/2022\/11\/logolequotidien.jpg","width":290,"height":65,"caption":"Le Quotidien de Nouakchott"},"image":{"@id":"https:\/\/lequotidien.mr\/#\/schema\/logo\/image\/"},"sameAs":["https:\/\/web.facebook.com\/lequotidienmr","https:\/\/x.com\/lequotidienmr"]},{"@type":"Person","@id":"https:\/\/lequotidien.mr\/#\/schema\/person\/d2d350202a4d599685ed8abc25f97596","name":"Med Ahmed","image":{"@type":"ImageObject","inLanguage":"ar","@id":"https:\/\/secure.gravatar.com\/avatar\/fd2acc62ed50732923d1d39c17172c9b04149f142be92310ecc69e1358f94b52?s=96&d=mm&r=g","url":"https:\/\/secure.gravatar.com\/avatar\/fd2acc62ed50732923d1d39c17172c9b04149f142be92310ecc69e1358f94b52?s=96&d=mm&r=g","contentUrl":"https:\/\/secure.gravatar.com\/avatar\/fd2acc62ed50732923d1d39c17172c9b04149f142be92310ecc69e1358f94b52?s=96&d=mm&r=g","caption":"Med Ahmed"},"url":"https:\/\/lequotidien.mr\/?author=12"}]}},"_links":{"self":[{"href":"https:\/\/lequotidien.mr\/index.php?rest_route=\/wp\/v2\/posts\/25362","targetHints":{"allow":["GET"]}}],"collection":[{"href":"https:\/\/lequotidien.mr\/index.php?rest_route=\/wp\/v2\/posts"}],"about":[{"href":"https:\/\/lequotidien.mr\/index.php?rest_route=\/wp\/v2\/types\/post"}],"author":[{"embeddable":true,"href":"https:\/\/lequotidien.mr\/index.php?rest_route=\/wp\/v2\/users\/12"}],"replies":[{"embeddable":true,"href":"https:\/\/lequotidien.mr\/index.php?rest_route=%2Fwp%2Fv2%2Fcomments&post=25362"}],"version-history":[{"count":1,"href":"https:\/\/lequotidien.mr\/index.php?rest_route=\/wp\/v2\/posts\/25362\/revisions"}],"predecessor-version":[{"id":25364,"href":"https:\/\/lequotidien.mr\/index.php?rest_route=\/wp\/v2\/posts\/25362\/revisions\/25364"}],"wp:featuredmedia":[{"embeddable":true,"href":"https:\/\/lequotidien.mr\/index.php?rest_route=\/wp\/v2\/media\/25363"}],"wp:attachment":[{"href":"https:\/\/lequotidien.mr\/index.php?rest_route=%2Fwp%2Fv2%2Fmedia&parent=25362"}],"wp:term":[{"taxonomy":"category","embeddable":true,"href":"https:\/\/lequotidien.mr\/index.php?rest_route=%2Fwp%2Fv2%2Fcategories&post=25362"},{"taxonomy":"post_tag","embeddable":true,"href":"https:\/\/lequotidien.mr\/index.php?rest_route=%2Fwp%2Fv2%2Ftags&post=25362"}],"curies":[{"name":"wp","href":"https:\/\/api.w.org\/{rel}","templated":true}]}}