{"id":25357,"date":"2025-02-11T11:28:32","date_gmt":"2025-02-11T11:28:32","guid":{"rendered":"https:\/\/lequotidien.mr\/?p=25357"},"modified":"2025-02-11T11:28:32","modified_gmt":"2025-02-11T11:28:32","slug":"academie-diplomatique-nouakchott-organisation-de-la-deuxieme-edition-du-forum-de-cadrage-sur-la-fonction-consulaire","status":"publish","type":"post","link":"https:\/\/lequotidien.mr\/?p=25357&lang=fr","title":{"rendered":"Acad\u00e9mie diplomatique\/Nouakchott : organisation de la deuxi\u00e8me \u00e9dition du Forum de cadrage sur la fonction consulaire"},"content":{"rendered":"<p>L\u2019Acad\u00e9mie diplomatique mauritanienne a lanc\u00e9, lundi pass\u00e9, \u00e0 Nouakchott, la\u00a0<strong>deuxi\u00e8me \u00e9dition du Forum de cadrage de la fonction consulaire\u00a0<\/strong>; un \u00e9v\u00e9nement de deux jours visant \u00e0 am\u00e9liorer les services consulaires \u00e0 travers l\u2019\u00e9change d\u2019exp\u00e9riences, l\u2019analyse des \u00e9volutions sectorielles et la formulation de recommandations pratiques. Ce forum r\u00e9unit des experts, des diplomates, des cadres institutionnels et des consuls honoraires autour d\u2019un objectif commun : renforcer l\u2019efficacit\u00e9 et l\u2019impact des missions consulaires mauritaniennes.<\/p>\n<p><strong>Un espace d\u2019\u00e9change pour moderniser les services consulaires<\/strong><\/p>\n<p>Ouvert sous le patronage du secr\u00e9taire g\u00e9n\u00e9ral du minist\u00e8re des Affaires \u00e9trang\u00e8res, de la Coop\u00e9ration africaine et des Mauritaniens de l\u2019Ext\u00e9rieur, M.\u00a0<strong>Daman Mohamed Hammar<\/strong>, ce forum met l\u2019accent sur la dimension humaine, juridique et politique du travail consulaire. Dans son allocution inaugurale, M. Hammar a rappel\u00e9 que\u00a0<em>\u00ab le travail consulaire ne se limite pas \u00e0 des proc\u00e9dures administratives ou des actes juridiques, mais incarne un pilier fondamental de la politique \u00e9trang\u00e8re, o\u00f9 se croisent les enjeux humains, juridiques et strat\u00e9giques \u00bb<\/em>. Il a insist\u00e9 sur la diversit\u00e9 des missions consulaires, allant de l\u2019assistance aux citoyens \u00e0 l\u2019\u00e9tranger \u00e0 la gestion des crises, en passant par le renforcement des relations commerciales et culturelles.<\/p>\n<p><strong>Des sessions ax\u00e9es sur l\u2019innovation et les bonnes pratiques<\/strong><\/p>\n<p>Structur\u00e9 autour de\u00a0<strong>sessions scientifiques<\/strong>, le forum aborde des th\u00e9matiques cl\u00e9s telles que :<\/p>\n<p><strong>-Le droit diplomatique et consulaire<\/strong>\u00a0: adaptation aux normes internationales et d\u00e9fis contemporains\u00a0;<\/p>\n<p><strong>-L\u2019intervention en faveur des citoyens \u00e0 l\u2019\u00e9tranger<\/strong>\u00a0: m\u00e9canismes de protection et assistance en cas de crise\u00a0;<\/p>\n<p><strong>-Le cadre juridique des fonctions consulaires et honoraires<\/strong>\u00a0: harmonisation des pratiques et renforcement des capacit\u00e9s.<\/p>\n<p>Ces discussions visent \u00e0 \u00e9laborer des strat\u00e9gies pour am\u00e9liorer la qualit\u00e9 des services, notamment dans un contexte o\u00f9 les attentes des citoyens et les d\u00e9fis g\u00e9opolitiques \u00e9voluent rapidement.<\/p>\n<p><strong>Renforcer les capacit\u00e9s et la coop\u00e9ration internationale<\/strong><\/p>\n<p>Le directeur g\u00e9n\u00e9ral de l\u2019Acad\u00e9mie diplomatique, M.\u00a0<strong>Abdelkader Mohamed Ahmedou<\/strong>, a soulign\u00e9 l\u2019importance de ce rendez-vous pour la formation des cadres du minist\u00e8re, des \u00e9tudiants de l\u2019\u00c9cole nationale d\u2019administration, de journalisme et de magistrature, ainsi que des consuls honoraires.\u00a0<em>\u00ab Ce forum est une opportunit\u00e9 de mutualiser les savoir-faire et d\u2019adopter les meilleures pratiques internationales \u00bb<\/em>, a-t-il d\u00e9clar\u00e9. Il a \u00e9galement mis en avant la n\u00e9cessit\u00e9 de\u00a0renforcer la coop\u00e9ration\u00a0entre les acteurs nationaux et internationaux pour garantir des services align\u00e9s sur les besoins des citoyens et valoriser l\u2019image de la Mauritanie \u00e0 l\u2019\u00e9tranger.<\/p>\n<p><strong>Des missions consulaires au c\u0153ur de la diplomatie mauritanienne<\/strong><\/p>\n<p>M. Hammar a rappel\u00e9 le r\u00f4le central des consulats dans la protection des droits des communaut\u00e9s mauritaniennes expatri\u00e9es, notamment en p\u00e9riode de crise (catastrophes naturelles, conflits, etc.). <em>\u00ab Les consulats sont un lien vital entre l\u2019\u00c9tat et ses citoyens \u00e0 l\u2019\u00e9tranger. Leur action directe et r\u00e9active est essentielle pour maintenir la confiance et la s\u00e9curit\u00e9 de nos compatriotes \u00bb<\/em>, a-t-il insist\u00e9.<\/p>\n<p>La c\u00e9r\u00e9monie d\u2019ouverture, marqu\u00e9e par la pr\u00e9sence de responsables du minist\u00e8re, de diplomates et d\u2019universitaires, met en \u00e9vidence l\u2019engagement de la Mauritanie \u00e0 moderniser ses services consulaires. En capitalisant sur les retours d\u2019exp\u00e9rience et en int\u00e9grant des approches innovantes, ce forum contribue \u00e0 positionner la fonction consulaire comme un levier strat\u00e9gique de la diplomatie nationale.<\/p>\n<p>Cette deuxi\u00e8me \u00e9dition s\u2019inscrit dans une dynamique p\u00e9renne, refl\u00e9tant la volont\u00e9 de Nouakchott d\u2019adapter ses outils diplomatiques aux r\u00e9alit\u00e9s d\u2019un monde en mutation, tout en pla\u00e7ant l\u2019humain au c\u0153ur de ses priorit\u00e9s.<\/p>\n","protected":false},"excerpt":{"rendered":"<p>L\u2019Acad\u00e9mie diplomatique mauritanienne a lanc\u00e9, lundi pass\u00e9, \u00e0 Nouakchott, la\u00a0deuxi\u00e8me \u00e9dition du Forum de cadrage de la fonction consulaire\u00a0; un \u00e9v\u00e9nement de deux jours visant \u00e0 am\u00e9liorer les services consulaires \u00e0 travers l\u2019\u00e9change d\u2019exp\u00e9riences, l\u2019analyse des \u00e9volutions sectorielles et la formulation de recommandations pratiques. Ce forum r\u00e9unit des experts, des diplomates, des cadres institutionnels et&#8230;..<\/p>\n","protected":false},"author":12,"featured_media":25360,"comment_status":"open","ping_status":"open","sticky":false,"template":"","format":"standard","meta":{"footnotes":""},"categories":[23,55],"tags":[],"class_list":["post-25357","post","type-post","status-publish","format-standard","has-post-thumbnail","hentry","category-actualite","category-culture"],"yoast_head":"<!-- This site is optimized with the Yoast SEO plugin v27.5 - https:\/\/yoast.com\/product\/yoast-seo-wordpress\/ -->\n<title>Acad\u00e9mie diplomatique\/Nouakchott : organisation de la deuxi\u00e8me \u00e9dition du Forum de cadrage sur la fonction consulaire - Le Quotidien de Nouakchott<\/title>\n<meta name=\"robots\" content=\"index, follow, max-snippet:-1, max-image-preview:large, max-video-preview:-1\" \/>\n<link rel=\"canonical\" href=\"https:\/\/lequotidien.mr\/?p=25357&lang=fr\" \/>\n<meta property=\"og:locale\" content=\"ar_AR\" \/>\n<meta property=\"og:type\" content=\"article\" \/>\n<meta property=\"og:title\" content=\"Acad\u00e9mie diplomatique\/Nouakchott : organisation de la deuxi\u00e8me \u00e9dition du Forum de cadrage sur la fonction consulaire - Le Quotidien de Nouakchott\" \/>\n<meta property=\"og:description\" content=\"L\u2019Acad\u00e9mie diplomatique mauritanienne a lanc\u00e9, lundi pass\u00e9, \u00e0 Nouakchott, la\u00a0deuxi\u00e8me \u00e9dition du Forum de cadrage de la fonction consulaire\u00a0; un \u00e9v\u00e9nement de deux jours visant \u00e0 am\u00e9liorer les services consulaires \u00e0 travers l\u2019\u00e9change d\u2019exp\u00e9riences, l\u2019analyse des \u00e9volutions sectorielles et la formulation de recommandations pratiques. Ce forum r\u00e9unit des experts, des diplomates, des cadres institutionnels et.....\" \/>\n<meta property=\"og:url\" content=\"https:\/\/lequotidien.mr\/?p=25357&amp;lang=fr\" \/>\n<meta property=\"og:site_name\" content=\"Le Quotidien de Nouakchott\" \/>\n<meta property=\"article:publisher\" content=\"https:\/\/web.facebook.com\/lequotidienmr\" \/>\n<meta property=\"article:published_time\" content=\"2025-02-11T11:28:32+00:00\" \/>\n<meta property=\"og:image\" content=\"https:\/\/lequotidien.mr\/wp-content\/uploads\/2025\/02\/photo-academie-diplomatique.jpeg\" \/>\n\t<meta property=\"og:image:width\" content=\"750\" \/>\n\t<meta property=\"og:image:height\" content=\"430\" \/>\n\t<meta property=\"og:image:type\" content=\"image\/jpeg\" \/>\n<meta name=\"author\" content=\"Med Ahmed\" \/>\n<meta name=\"twitter:card\" content=\"summary_large_image\" \/>\n<meta name=\"twitter:creator\" content=\"@lequotidienmr\" \/>\n<meta name=\"twitter:site\" content=\"@lequotidienmr\" \/>\n<meta name=\"twitter:label1\" content=\"\u0643\u064f\u062a\u0628 \u0628\u0648\u0627\u0633\u0637\u0629\" \/>\n\t<meta name=\"twitter:data1\" content=\"Med Ahmed\" \/>\n\t<meta name=\"twitter:label2\" content=\"\u0648\u0642\u062a \u0627\u0644\u0642\u0631\u0627\u0621\u0629 \u0627\u0644\u0645\u064f\u0642\u062f\u0651\u0631\" \/>\n\t<meta name=\"twitter:data2\" content=\"3 \u062f\u0642\u0627\u0626\u0642\" \/>\n<script type=\"application\/ld+json\" class=\"yoast-schema-graph\">{\"@context\":\"https:\\\/\\\/schema.org\",\"@graph\":[{\"@type\":\"Article\",\"@id\":\"https:\\\/\\\/lequotidien.mr\\\/?p=25357&lang=fr#article\",\"isPartOf\":{\"@id\":\"https:\\\/\\\/lequotidien.mr\\\/?p=25357&lang=fr\"},\"author\":{\"name\":\"Med Ahmed\",\"@id\":\"https:\\\/\\\/lequotidien.mr\\\/#\\\/schema\\\/person\\\/d2d350202a4d599685ed8abc25f97596\"},\"headline\":\"Acad\u00e9mie diplomatique\\\/Nouakchott : organisation de la deuxi\u00e8me \u00e9dition du Forum de cadrage sur la fonction consulaire\",\"datePublished\":\"2025-02-11T11:28:32+00:00\",\"mainEntityOfPage\":{\"@id\":\"https:\\\/\\\/lequotidien.mr\\\/?p=25357&lang=fr\"},\"wordCount\":635,\"commentCount\":0,\"publisher\":{\"@id\":\"https:\\\/\\\/lequotidien.mr\\\/#organization\"},\"image\":{\"@id\":\"https:\\\/\\\/lequotidien.mr\\\/?p=25357&lang=fr#primaryimage\"},\"thumbnailUrl\":\"https:\\\/\\\/lequotidien.mr\\\/wp-content\\\/uploads\\\/2025\\\/02\\\/photo-academie-diplomatique.jpeg\",\"articleSection\":[\"ACTUALIT\u00c9\",\"Culture\"],\"inLanguage\":\"ar\",\"potentialAction\":[{\"@type\":\"CommentAction\",\"name\":\"Comment\",\"target\":[\"https:\\\/\\\/lequotidien.mr\\\/?p=25357&lang=fr#respond\"]}]},{\"@type\":\"WebPage\",\"@id\":\"https:\\\/\\\/lequotidien.mr\\\/?p=25357&lang=fr\",\"url\":\"https:\\\/\\\/lequotidien.mr\\\/?p=25357&lang=fr\",\"name\":\"Acad\u00e9mie diplomatique\\\/Nouakchott : organisation de la deuxi\u00e8me \u00e9dition du Forum de cadrage sur la fonction consulaire - Le Quotidien de Nouakchott\",\"isPartOf\":{\"@id\":\"https:\\\/\\\/lequotidien.mr\\\/#website\"},\"primaryImageOfPage\":{\"@id\":\"https:\\\/\\\/lequotidien.mr\\\/?p=25357&lang=fr#primaryimage\"},\"image\":{\"@id\":\"https:\\\/\\\/lequotidien.mr\\\/?p=25357&lang=fr#primaryimage\"},\"thumbnailUrl\":\"https:\\\/\\\/lequotidien.mr\\\/wp-content\\\/uploads\\\/2025\\\/02\\\/photo-academie-diplomatique.jpeg\",\"datePublished\":\"2025-02-11T11:28:32+00:00\",\"breadcrumb\":{\"@id\":\"https:\\\/\\\/lequotidien.mr\\\/?p=25357&lang=fr#breadcrumb\"},\"inLanguage\":\"ar\",\"potentialAction\":[{\"@type\":\"ReadAction\",\"target\":[\"https:\\\/\\\/lequotidien.mr\\\/?p=25357&lang=fr\"]}]},{\"@type\":\"ImageObject\",\"inLanguage\":\"ar\",\"@id\":\"https:\\\/\\\/lequotidien.mr\\\/?p=25357&lang=fr#primaryimage\",\"url\":\"https:\\\/\\\/lequotidien.mr\\\/wp-content\\\/uploads\\\/2025\\\/02\\\/photo-academie-diplomatique.jpeg\",\"contentUrl\":\"https:\\\/\\\/lequotidien.mr\\\/wp-content\\\/uploads\\\/2025\\\/02\\\/photo-academie-diplomatique.jpeg\",\"width\":750,\"height\":430},{\"@type\":\"BreadcrumbList\",\"@id\":\"https:\\\/\\\/lequotidien.mr\\\/?p=25357&lang=fr#breadcrumb\",\"itemListElement\":[{\"@type\":\"ListItem\",\"position\":1,\"name\":\"Home\",\"item\":\"https:\\\/\\\/lequotidien.mr\\\/\"},{\"@type\":\"ListItem\",\"position\":2,\"name\":\"Acad\u00e9mie diplomatique\\\/Nouakchott : organisation de la deuxi\u00e8me \u00e9dition du Forum de cadrage sur la fonction consulaire\"}]},{\"@type\":\"WebSite\",\"@id\":\"https:\\\/\\\/lequotidien.mr\\\/#website\",\"url\":\"https:\\\/\\\/lequotidien.mr\\\/\",\"name\":\"Le Quotidien de Nouakchott\",\"description\":\"\u0625\u062e\u0628\u0627\u0631\u064a\u0629 \u0645\u0633\u062a\u0642\u0644\u0629 \u0644\u0644\u0623\u0646\u0628\u0627\u0621 \u0627\u0644\u0639\u0627\u0645\u0629\",\"publisher\":{\"@id\":\"https:\\\/\\\/lequotidien.mr\\\/#organization\"},\"potentialAction\":[{\"@type\":\"SearchAction\",\"target\":{\"@type\":\"EntryPoint\",\"urlTemplate\":\"https:\\\/\\\/lequotidien.mr\\\/?s={search_term_string}\"},\"query-input\":{\"@type\":\"PropertyValueSpecification\",\"valueRequired\":true,\"valueName\":\"search_term_string\"}}],\"inLanguage\":\"ar\"},{\"@type\":\"Organization\",\"@id\":\"https:\\\/\\\/lequotidien.mr\\\/#organization\",\"name\":\"Le Quotidien de Nouakchott\",\"url\":\"https:\\\/\\\/lequotidien.mr\\\/\",\"logo\":{\"@type\":\"ImageObject\",\"inLanguage\":\"ar\",\"@id\":\"https:\\\/\\\/lequotidien.mr\\\/#\\\/schema\\\/logo\\\/image\\\/\",\"url\":\"https:\\\/\\\/lequotidien.mr\\\/wp-content\\\/uploads\\\/2022\\\/11\\\/logolequotidien.jpg\",\"contentUrl\":\"https:\\\/\\\/lequotidien.mr\\\/wp-content\\\/uploads\\\/2022\\\/11\\\/logolequotidien.jpg\",\"width\":290,\"height\":65,\"caption\":\"Le Quotidien de Nouakchott\"},\"image\":{\"@id\":\"https:\\\/\\\/lequotidien.mr\\\/#\\\/schema\\\/logo\\\/image\\\/\"},\"sameAs\":[\"https:\\\/\\\/web.facebook.com\\\/lequotidienmr\",\"https:\\\/\\\/x.com\\\/lequotidienmr\"]},{\"@type\":\"Person\",\"@id\":\"https:\\\/\\\/lequotidien.mr\\\/#\\\/schema\\\/person\\\/d2d350202a4d599685ed8abc25f97596\",\"name\":\"Med Ahmed\",\"image\":{\"@type\":\"ImageObject\",\"inLanguage\":\"ar\",\"@id\":\"https:\\\/\\\/secure.gravatar.com\\\/avatar\\\/fd2acc62ed50732923d1d39c17172c9b04149f142be92310ecc69e1358f94b52?s=96&d=mm&r=g\",\"url\":\"https:\\\/\\\/secure.gravatar.com\\\/avatar\\\/fd2acc62ed50732923d1d39c17172c9b04149f142be92310ecc69e1358f94b52?s=96&d=mm&r=g\",\"contentUrl\":\"https:\\\/\\\/secure.gravatar.com\\\/avatar\\\/fd2acc62ed50732923d1d39c17172c9b04149f142be92310ecc69e1358f94b52?s=96&d=mm&r=g\",\"caption\":\"Med Ahmed\"},\"url\":\"https:\\\/\\\/lequotidien.mr\\\/?author=12\"}]}<\/script>\n<!-- \/ Yoast SEO plugin. -->","yoast_head_json":{"title":"Acad\u00e9mie diplomatique\/Nouakchott : organisation de la deuxi\u00e8me \u00e9dition du Forum de cadrage sur la fonction consulaire - Le Quotidien de Nouakchott","robots":{"index":"index","follow":"follow","max-snippet":"max-snippet:-1","max-image-preview":"max-image-preview:large","max-video-preview":"max-video-preview:-1"},"canonical":"https:\/\/lequotidien.mr\/?p=25357&lang=fr","og_locale":"ar_AR","og_type":"article","og_title":"Acad\u00e9mie diplomatique\/Nouakchott : organisation de la deuxi\u00e8me \u00e9dition du Forum de cadrage sur la fonction consulaire - Le Quotidien de Nouakchott","og_description":"L\u2019Acad\u00e9mie diplomatique mauritanienne a lanc\u00e9, lundi pass\u00e9, \u00e0 Nouakchott, la\u00a0deuxi\u00e8me \u00e9dition du Forum de cadrage de la fonction consulaire\u00a0; un \u00e9v\u00e9nement de deux jours visant \u00e0 am\u00e9liorer les services consulaires \u00e0 travers l\u2019\u00e9change d\u2019exp\u00e9riences, l\u2019analyse des \u00e9volutions sectorielles et la formulation de recommandations pratiques. Ce forum r\u00e9unit des experts, des diplomates, des cadres institutionnels et.....","og_url":"https:\/\/lequotidien.mr\/?p=25357&lang=fr","og_site_name":"Le Quotidien de Nouakchott","article_publisher":"https:\/\/web.facebook.com\/lequotidienmr","article_published_time":"2025-02-11T11:28:32+00:00","og_image":[{"width":750,"height":430,"url":"https:\/\/lequotidien.mr\/wp-content\/uploads\/2025\/02\/photo-academie-diplomatique.jpeg","type":"image\/jpeg"}],"author":"Med Ahmed","twitter_card":"summary_large_image","twitter_creator":"@lequotidienmr","twitter_site":"@lequotidienmr","twitter_misc":{"\u0643\u064f\u062a\u0628 \u0628\u0648\u0627\u0633\u0637\u0629":"Med Ahmed","\u0648\u0642\u062a \u0627\u0644\u0642\u0631\u0627\u0621\u0629 \u0627\u0644\u0645\u064f\u0642\u062f\u0651\u0631":"3 \u062f\u0642\u0627\u0626\u0642"},"schema":{"@context":"https:\/\/schema.org","@graph":[{"@type":"Article","@id":"https:\/\/lequotidien.mr\/?p=25357&lang=fr#article","isPartOf":{"@id":"https:\/\/lequotidien.mr\/?p=25357&lang=fr"},"author":{"name":"Med Ahmed","@id":"https:\/\/lequotidien.mr\/#\/schema\/person\/d2d350202a4d599685ed8abc25f97596"},"headline":"Acad\u00e9mie diplomatique\/Nouakchott : organisation de la deuxi\u00e8me \u00e9dition du Forum de cadrage sur la fonction consulaire","datePublished":"2025-02-11T11:28:32+00:00","mainEntityOfPage":{"@id":"https:\/\/lequotidien.mr\/?p=25357&lang=fr"},"wordCount":635,"commentCount":0,"publisher":{"@id":"https:\/\/lequotidien.mr\/#organization"},"image":{"@id":"https:\/\/lequotidien.mr\/?p=25357&lang=fr#primaryimage"},"thumbnailUrl":"https:\/\/lequotidien.mr\/wp-content\/uploads\/2025\/02\/photo-academie-diplomatique.jpeg","articleSection":["ACTUALIT\u00c9","Culture"],"inLanguage":"ar","potentialAction":[{"@type":"CommentAction","name":"Comment","target":["https:\/\/lequotidien.mr\/?p=25357&lang=fr#respond"]}]},{"@type":"WebPage","@id":"https:\/\/lequotidien.mr\/?p=25357&lang=fr","url":"https:\/\/lequotidien.mr\/?p=25357&lang=fr","name":"Acad\u00e9mie diplomatique\/Nouakchott : organisation de la deuxi\u00e8me \u00e9dition du Forum de cadrage sur la fonction consulaire - Le Quotidien de Nouakchott","isPartOf":{"@id":"https:\/\/lequotidien.mr\/#website"},"primaryImageOfPage":{"@id":"https:\/\/lequotidien.mr\/?p=25357&lang=fr#primaryimage"},"image":{"@id":"https:\/\/lequotidien.mr\/?p=25357&lang=fr#primaryimage"},"thumbnailUrl":"https:\/\/lequotidien.mr\/wp-content\/uploads\/2025\/02\/photo-academie-diplomatique.jpeg","datePublished":"2025-02-11T11:28:32+00:00","breadcrumb":{"@id":"https:\/\/lequotidien.mr\/?p=25357&lang=fr#breadcrumb"},"inLanguage":"ar","potentialAction":[{"@type":"ReadAction","target":["https:\/\/lequotidien.mr\/?p=25357&lang=fr"]}]},{"@type":"ImageObject","inLanguage":"ar","@id":"https:\/\/lequotidien.mr\/?p=25357&lang=fr#primaryimage","url":"https:\/\/lequotidien.mr\/wp-content\/uploads\/2025\/02\/photo-academie-diplomatique.jpeg","contentUrl":"https:\/\/lequotidien.mr\/wp-content\/uploads\/2025\/02\/photo-academie-diplomatique.jpeg","width":750,"height":430},{"@type":"BreadcrumbList","@id":"https:\/\/lequotidien.mr\/?p=25357&lang=fr#breadcrumb","itemListElement":[{"@type":"ListItem","position":1,"name":"Home","item":"https:\/\/lequotidien.mr\/"},{"@type":"ListItem","position":2,"name":"Acad\u00e9mie diplomatique\/Nouakchott : organisation de la deuxi\u00e8me \u00e9dition du Forum de cadrage sur la fonction consulaire"}]},{"@type":"WebSite","@id":"https:\/\/lequotidien.mr\/#website","url":"https:\/\/lequotidien.mr\/","name":"Le Quotidien de Nouakchott","description":"\u0625\u062e\u0628\u0627\u0631\u064a\u0629 \u0645\u0633\u062a\u0642\u0644\u0629 \u0644\u0644\u0623\u0646\u0628\u0627\u0621 \u0627\u0644\u0639\u0627\u0645\u0629","publisher":{"@id":"https:\/\/lequotidien.mr\/#organization"},"potentialAction":[{"@type":"SearchAction","target":{"@type":"EntryPoint","urlTemplate":"https:\/\/lequotidien.mr\/?s={search_term_string}"},"query-input":{"@type":"PropertyValueSpecification","valueRequired":true,"valueName":"search_term_string"}}],"inLanguage":"ar"},{"@type":"Organization","@id":"https:\/\/lequotidien.mr\/#organization","name":"Le Quotidien de Nouakchott","url":"https:\/\/lequotidien.mr\/","logo":{"@type":"ImageObject","inLanguage":"ar","@id":"https:\/\/lequotidien.mr\/#\/schema\/logo\/image\/","url":"https:\/\/lequotidien.mr\/wp-content\/uploads\/2022\/11\/logolequotidien.jpg","contentUrl":"https:\/\/lequotidien.mr\/wp-content\/uploads\/2022\/11\/logolequotidien.jpg","width":290,"height":65,"caption":"Le Quotidien de Nouakchott"},"image":{"@id":"https:\/\/lequotidien.mr\/#\/schema\/logo\/image\/"},"sameAs":["https:\/\/web.facebook.com\/lequotidienmr","https:\/\/x.com\/lequotidienmr"]},{"@type":"Person","@id":"https:\/\/lequotidien.mr\/#\/schema\/person\/d2d350202a4d599685ed8abc25f97596","name":"Med Ahmed","image":{"@type":"ImageObject","inLanguage":"ar","@id":"https:\/\/secure.gravatar.com\/avatar\/fd2acc62ed50732923d1d39c17172c9b04149f142be92310ecc69e1358f94b52?s=96&d=mm&r=g","url":"https:\/\/secure.gravatar.com\/avatar\/fd2acc62ed50732923d1d39c17172c9b04149f142be92310ecc69e1358f94b52?s=96&d=mm&r=g","contentUrl":"https:\/\/secure.gravatar.com\/avatar\/fd2acc62ed50732923d1d39c17172c9b04149f142be92310ecc69e1358f94b52?s=96&d=mm&r=g","caption":"Med Ahmed"},"url":"https:\/\/lequotidien.mr\/?author=12"}]}},"_links":{"self":[{"href":"https:\/\/lequotidien.mr\/index.php?rest_route=\/wp\/v2\/posts\/25357","targetHints":{"allow":["GET"]}}],"collection":[{"href":"https:\/\/lequotidien.mr\/index.php?rest_route=\/wp\/v2\/posts"}],"about":[{"href":"https:\/\/lequotidien.mr\/index.php?rest_route=\/wp\/v2\/types\/post"}],"author":[{"embeddable":true,"href":"https:\/\/lequotidien.mr\/index.php?rest_route=\/wp\/v2\/users\/12"}],"replies":[{"embeddable":true,"href":"https:\/\/lequotidien.mr\/index.php?rest_route=%2Fwp%2Fv2%2Fcomments&post=25357"}],"version-history":[{"count":1,"href":"https:\/\/lequotidien.mr\/index.php?rest_route=\/wp\/v2\/posts\/25357\/revisions"}],"predecessor-version":[{"id":25361,"href":"https:\/\/lequotidien.mr\/index.php?rest_route=\/wp\/v2\/posts\/25357\/revisions\/25361"}],"wp:featuredmedia":[{"embeddable":true,"href":"https:\/\/lequotidien.mr\/index.php?rest_route=\/wp\/v2\/media\/25360"}],"wp:attachment":[{"href":"https:\/\/lequotidien.mr\/index.php?rest_route=%2Fwp%2Fv2%2Fmedia&parent=25357"}],"wp:term":[{"taxonomy":"category","embeddable":true,"href":"https:\/\/lequotidien.mr\/index.php?rest_route=%2Fwp%2Fv2%2Fcategories&post=25357"},{"taxonomy":"post_tag","embeddable":true,"href":"https:\/\/lequotidien.mr\/index.php?rest_route=%2Fwp%2Fv2%2Ftags&post=25357"}],"curies":[{"name":"wp","href":"https:\/\/api.w.org\/{rel}","templated":true}]}}