{"id":25356,"date":"2025-02-11T11:25:42","date_gmt":"2025-02-11T11:25:42","guid":{"rendered":"https:\/\/lequotidien.mr\/?p=25356"},"modified":"2025-02-11T11:25:42","modified_gmt":"2025-02-11T11:25:42","slug":"nominations-au-port-de-nouakchott-une-gestion-opaque-marquee-par-le-nepotisme","status":"publish","type":"post","link":"https:\/\/lequotidien.mr\/?p=25356&lang=fr","title":{"rendered":"Nominations au Port de Nouakchott : Une gestion opaque marqu\u00e9e par le n\u00e9potisme ?"},"content":{"rendered":"<p>Le <strong>Port autonome de Nouakchott \u2013 Port de l\u2019Amiti\u00e9 (PANPA)<\/strong> est de nouveau au c\u0153ur de la controverse. Une <strong>note de service publi\u00e9e le 10 f\u00e9vrier 2025<\/strong> r\u00e9v\u00e8le une s\u00e9rie de nominations qui suscitent de vives interrogations quant aux pratiques de gestion du Directeur g\u00e9n\u00e9ral, <strong>Sidi Mohamed Ould Maham<\/strong>. Ces d\u00e9cisions, per\u00e7ues par de nombreux observateurs comme <strong>arbitraires et marqu\u00e9es par le n\u00e9potisme<\/strong>, posent la question de la transparence et de l\u2019\u00e9quit\u00e9 dans le recrutement au sein de cette institution strat\u00e9gique pour l\u2019\u00e9conomie nationale.<\/p>\n<h2><strong>Des nominations sans crit\u00e8res objectifs ?<\/strong><\/h2>\n<p>La liste des <strong>agents nouvellement nomm\u00e9s<\/strong> montre une r\u00e9partition des postes qui interroge. Si certaines fonctions sont essentielles au bon fonctionnement du port, la s\u00e9lection des b\u00e9n\u00e9ficiaires de ces nominations ne semble pas avoir suivi un processus rigoureux de recrutement bas\u00e9 sur <strong>les comp\u00e9tences et l\u2019exp\u00e9rience<\/strong>.<\/p>\n<p>Plusieurs critiques \u00e9mergent quant au <strong>manque de transparence<\/strong> dans ces d\u00e9cisions, notamment :<\/p>\n<p><strong>La concentration des nominations autour d\u2019un cercle restreint de personnalit\u00e9s influentes<\/strong> ;<\/p>\n<p><strong>L\u2019absence de tout appel \u00e0 candidature ou de crit\u00e8res clairs de s\u00e9lection<\/strong> ;<\/p>\n<p><strong>Une surrepr\u00e9sentation de proches de l\u2019actuelle direction<\/strong> dans les postes cl\u00e9s, en particulier ceux impliquant la gestion administrative et financi\u00e8re.<\/p>\n<p>Des sources internes \u00e9voquent une <strong>pratique courante de favoritisme<\/strong> au sein du PANPA, o\u00f9 <strong>les postes strat\u00e9giques sont attribu\u00e9s sur la base de liens personnels ou tribaux<\/strong> plut\u00f4t que de m\u00e9rites professionnels.<\/p>\n<h2><strong>Un port sous contr\u00f4le clanique ?<\/strong><\/h2>\n<p>Le <strong>Port de Nouakchott<\/strong> est une infrastructure cl\u00e9 pour le commerce et les \u00e9changes \u00e9conomiques de la Mauritanie. Pourtant, au lieu d\u2019\u00eatre un <strong>mod\u00e8le de gestion transparente et performante<\/strong>, il devient de plus en plus un <strong>outil d\u2019influence et de distribution de privil\u00e8ges<\/strong> au profit de certaines \u00e9lites.<\/p>\n<p>Le Directeur g\u00e9n\u00e9ral, <strong>Sidi Mohamed Ould Maham<\/strong>, est accus\u00e9 de <strong>verrouiller l\u2019appareil administratif du port en pla\u00e7ant des hommes de confiance \u00e0 des postes-cl\u00e9s<\/strong>, notamment en mati\u00e8re de <strong>gestion des ressources humaines, des affaires commerciales et du contr\u00f4le de s\u00fbret\u00e9<\/strong>. Une strat\u00e9gie qui permettrait de <strong>garder une mainmise totale sur les affaires internes<\/strong>, mais au d\u00e9triment de la comp\u00e9tence et de l\u2019efficacit\u00e9.<\/p>\n<h2><strong>Un impact n\u00e9gatif sur le fonctionnement du port<\/strong><\/h2>\n<p>Les cons\u00e9quences de cette <strong>gestion client\u00e9liste<\/strong> sont lourdes :<\/p>\n<p><strong>Des nominations partisanes qui fragilisent l\u2019efficacit\u00e9 de l\u2019administration<\/strong> ;<\/p>\n<p><strong>Un manque de professionnalisme et de comp\u00e9tences dans la gestion portuaire<\/strong> ;<\/p>\n<p><strong>Un climat de m\u00e9contentement parmi les employ\u00e9s l\u00e9s\u00e9s par ces d\u00e9cisions<\/strong>.<\/p>\n<p>Le port, qui devrait \u00eatre un <strong>levier de d\u00e9veloppement \u00e9conomique<\/strong>, devient ainsi un <strong>terrain de man\u0153uvres politiques et d\u2019int\u00e9r\u00eats personnels<\/strong>, mena\u00e7ant sa capacit\u00e9 \u00e0 r\u00e9pondre aux d\u00e9fis logistiques et commerciaux du pays.<\/p>\n<h2><strong>Vers une n\u00e9cessaire r\u00e9forme ?<\/strong><\/h2>\n<p>Face \u00e0 ces pratiques, il est imp\u00e9ratif que les <strong>autorit\u00e9s comp\u00e9tentes<\/strong> interviennent pour imposer <strong>plus de transparence et de rigueur dans les nominations<\/strong>.<\/p>\n<p>La mise en place de <strong>concours ou de recrutements bas\u00e9s sur le m\u00e9rite<\/strong> pourrait redonner confiance aux employ\u00e9s et am\u00e9liorer la performance de l\u2019institution.<\/p>\n<p>Une <strong>r\u00e9forme des modes de gouvernance<\/strong> s\u2019impose pour <strong>limiter le pouvoir discr\u00e9tionnaire<\/strong> du Directeur g\u00e9n\u00e9ral et \u00e9viter les <strong>d\u00e9rives n\u00e9potistes<\/strong>.<\/p>\n<p>Un <strong>contr\u00f4le externe<\/strong> par les instances d\u2019audit et de lutte contre la corruption permettrait de <strong>sanctionner les abus<\/strong> et d\u2019assurer une gestion plus \u00e9quitable.<\/p>\n<h3><strong>Le port doit servir l\u2019\u00e9conomie nationale, et non les int\u00e9r\u00eats particuliers<\/strong><\/h3>\n<p>Les <strong>pratiques d\u00e9nonc\u00e9es au Port autonome de Nouakchott<\/strong> sont le reflet d\u2019un <strong>syst\u00e8me de gestion qui privil\u00e9gie les r\u00e9seaux d\u2019influence au d\u00e9triment de la comp\u00e9tence et du bien commun<\/strong>. Une r\u00e9forme urgente est n\u00e9cessaire pour \u00e9viter que cette infrastructure cruciale ne devienne un <strong>instrument de client\u00e9lisme<\/strong> et pour garantir un <strong>d\u00e9veloppement \u00e9conomique inclusif et \u00e9quitable<\/strong> en Mauritanie.<\/p>\n<p>&nbsp;<\/p>\n","protected":false},"excerpt":{"rendered":"<p>Le Port autonome de Nouakchott \u2013 Port de l\u2019Amiti\u00e9 (PANPA) est de nouveau au c\u0153ur de la controverse. Une note de service publi\u00e9e le 10 f\u00e9vrier 2025 r\u00e9v\u00e8le une s\u00e9rie de nominations qui suscitent de vives interrogations quant aux pratiques de gestion du Directeur g\u00e9n\u00e9ral, Sidi Mohamed Ould Maham. Ces d\u00e9cisions, per\u00e7ues par de nombreux&#8230;..<\/p>\n","protected":false},"author":4,"featured_media":25358,"comment_status":"open","ping_status":"open","sticky":false,"template":"","format":"standard","meta":{"footnotes":""},"categories":[23,57],"tags":[],"class_list":["post-25356","post","type-post","status-publish","format-standard","has-post-thumbnail","hentry","category-actualite","category-couverture-specilale"],"yoast_head":"<!-- This site is optimized with the Yoast SEO plugin v27.5 - https:\/\/yoast.com\/product\/yoast-seo-wordpress\/ -->\n<title>Nominations au Port de Nouakchott : Une gestion opaque marqu\u00e9e par le n\u00e9potisme ? - Le Quotidien de Nouakchott<\/title>\n<meta name=\"robots\" content=\"index, follow, max-snippet:-1, max-image-preview:large, max-video-preview:-1\" \/>\n<link rel=\"canonical\" href=\"https:\/\/lequotidien.mr\/?p=25356&lang=fr\" \/>\n<meta property=\"og:locale\" content=\"ar_AR\" \/>\n<meta property=\"og:type\" content=\"article\" \/>\n<meta property=\"og:title\" content=\"Nominations au Port de Nouakchott : Une gestion opaque marqu\u00e9e par le n\u00e9potisme ? - Le Quotidien de Nouakchott\" \/>\n<meta property=\"og:description\" content=\"Le Port autonome de Nouakchott \u2013 Port de l\u2019Amiti\u00e9 (PANPA) est de nouveau au c\u0153ur de la controverse. Une note de service publi\u00e9e le 10 f\u00e9vrier 2025 r\u00e9v\u00e8le une s\u00e9rie de nominations qui suscitent de vives interrogations quant aux pratiques de gestion du Directeur g\u00e9n\u00e9ral, Sidi Mohamed Ould Maham. Ces d\u00e9cisions, per\u00e7ues par de nombreux.....\" \/>\n<meta property=\"og:url\" content=\"https:\/\/lequotidien.mr\/?p=25356&amp;lang=fr\" \/>\n<meta property=\"og:site_name\" content=\"Le Quotidien de Nouakchott\" \/>\n<meta property=\"article:publisher\" content=\"https:\/\/web.facebook.com\/lequotidienmr\" \/>\n<meta property=\"article:published_time\" content=\"2025-02-11T11:25:42+00:00\" \/>\n<meta property=\"og:image\" content=\"https:\/\/lequotidien.mr\/wp-content\/uploads\/2025\/02\/476846816_1387158555605748_5951161767152680284_n.jpg\" \/>\n\t<meta property=\"og:image:width\" content=\"608\" \/>\n\t<meta property=\"og:image:height\" content=\"1080\" \/>\n\t<meta property=\"og:image:type\" content=\"image\/jpeg\" \/>\n<meta name=\"author\" content=\"Le Quotidien\" \/>\n<meta name=\"twitter:card\" content=\"summary_large_image\" \/>\n<meta name=\"twitter:creator\" content=\"@lequotidienmr\" \/>\n<meta name=\"twitter:site\" content=\"@lequotidienmr\" \/>\n<meta name=\"twitter:label1\" content=\"\u0643\u064f\u062a\u0628 \u0628\u0648\u0627\u0633\u0637\u0629\" \/>\n\t<meta name=\"twitter:data1\" content=\"Le Quotidien\" \/>\n\t<meta name=\"twitter:label2\" content=\"\u0648\u0642\u062a \u0627\u0644\u0642\u0631\u0627\u0621\u0629 \u0627\u0644\u0645\u064f\u0642\u062f\u0651\u0631\" \/>\n\t<meta name=\"twitter:data2\" content=\"3 \u062f\u0642\u0627\u0626\u0642\" \/>\n<script type=\"application\/ld+json\" class=\"yoast-schema-graph\">{\"@context\":\"https:\\\/\\\/schema.org\",\"@graph\":[{\"@type\":\"Article\",\"@id\":\"https:\\\/\\\/lequotidien.mr\\\/?p=25356&lang=fr#article\",\"isPartOf\":{\"@id\":\"https:\\\/\\\/lequotidien.mr\\\/?p=25356&lang=fr\"},\"author\":{\"name\":\"Le Quotidien\",\"@id\":\"https:\\\/\\\/lequotidien.mr\\\/#\\\/schema\\\/person\\\/f90fcdaa970c60288de4ed2e64a56472\"},\"headline\":\"Nominations au Port de Nouakchott : Une gestion opaque marqu\u00e9e par le n\u00e9potisme ?\",\"datePublished\":\"2025-02-11T11:25:42+00:00\",\"mainEntityOfPage\":{\"@id\":\"https:\\\/\\\/lequotidien.mr\\\/?p=25356&lang=fr\"},\"wordCount\":697,\"commentCount\":0,\"publisher\":{\"@id\":\"https:\\\/\\\/lequotidien.mr\\\/#organization\"},\"image\":{\"@id\":\"https:\\\/\\\/lequotidien.mr\\\/?p=25356&lang=fr#primaryimage\"},\"thumbnailUrl\":\"https:\\\/\\\/lequotidien.mr\\\/wp-content\\\/uploads\\\/2025\\\/02\\\/476846816_1387158555605748_5951161767152680284_n.jpg\",\"articleSection\":[\"ACTUALIT\u00c9\",\"Couverture sp\u00e9cilale\"],\"inLanguage\":\"ar\",\"potentialAction\":[{\"@type\":\"CommentAction\",\"name\":\"Comment\",\"target\":[\"https:\\\/\\\/lequotidien.mr\\\/?p=25356&lang=fr#respond\"]}]},{\"@type\":\"WebPage\",\"@id\":\"https:\\\/\\\/lequotidien.mr\\\/?p=25356&lang=fr\",\"url\":\"https:\\\/\\\/lequotidien.mr\\\/?p=25356&lang=fr\",\"name\":\"Nominations au Port de Nouakchott : Une gestion opaque marqu\u00e9e par le n\u00e9potisme ? - Le Quotidien de Nouakchott\",\"isPartOf\":{\"@id\":\"https:\\\/\\\/lequotidien.mr\\\/#website\"},\"primaryImageOfPage\":{\"@id\":\"https:\\\/\\\/lequotidien.mr\\\/?p=25356&lang=fr#primaryimage\"},\"image\":{\"@id\":\"https:\\\/\\\/lequotidien.mr\\\/?p=25356&lang=fr#primaryimage\"},\"thumbnailUrl\":\"https:\\\/\\\/lequotidien.mr\\\/wp-content\\\/uploads\\\/2025\\\/02\\\/476846816_1387158555605748_5951161767152680284_n.jpg\",\"datePublished\":\"2025-02-11T11:25:42+00:00\",\"breadcrumb\":{\"@id\":\"https:\\\/\\\/lequotidien.mr\\\/?p=25356&lang=fr#breadcrumb\"},\"inLanguage\":\"ar\",\"potentialAction\":[{\"@type\":\"ReadAction\",\"target\":[\"https:\\\/\\\/lequotidien.mr\\\/?p=25356&lang=fr\"]}]},{\"@type\":\"ImageObject\",\"inLanguage\":\"ar\",\"@id\":\"https:\\\/\\\/lequotidien.mr\\\/?p=25356&lang=fr#primaryimage\",\"url\":\"https:\\\/\\\/lequotidien.mr\\\/wp-content\\\/uploads\\\/2025\\\/02\\\/476846816_1387158555605748_5951161767152680284_n.jpg\",\"contentUrl\":\"https:\\\/\\\/lequotidien.mr\\\/wp-content\\\/uploads\\\/2025\\\/02\\\/476846816_1387158555605748_5951161767152680284_n.jpg\",\"width\":608,\"height\":1080},{\"@type\":\"BreadcrumbList\",\"@id\":\"https:\\\/\\\/lequotidien.mr\\\/?p=25356&lang=fr#breadcrumb\",\"itemListElement\":[{\"@type\":\"ListItem\",\"position\":1,\"name\":\"Home\",\"item\":\"https:\\\/\\\/lequotidien.mr\\\/\"},{\"@type\":\"ListItem\",\"position\":2,\"name\":\"Nominations au Port de Nouakchott : Une gestion opaque marqu\u00e9e par le n\u00e9potisme ?\"}]},{\"@type\":\"WebSite\",\"@id\":\"https:\\\/\\\/lequotidien.mr\\\/#website\",\"url\":\"https:\\\/\\\/lequotidien.mr\\\/\",\"name\":\"Le Quotidien de Nouakchott\",\"description\":\"\u0625\u062e\u0628\u0627\u0631\u064a\u0629 \u0645\u0633\u062a\u0642\u0644\u0629 \u0644\u0644\u0623\u0646\u0628\u0627\u0621 \u0627\u0644\u0639\u0627\u0645\u0629\",\"publisher\":{\"@id\":\"https:\\\/\\\/lequotidien.mr\\\/#organization\"},\"potentialAction\":[{\"@type\":\"SearchAction\",\"target\":{\"@type\":\"EntryPoint\",\"urlTemplate\":\"https:\\\/\\\/lequotidien.mr\\\/?s={search_term_string}\"},\"query-input\":{\"@type\":\"PropertyValueSpecification\",\"valueRequired\":true,\"valueName\":\"search_term_string\"}}],\"inLanguage\":\"ar\"},{\"@type\":\"Organization\",\"@id\":\"https:\\\/\\\/lequotidien.mr\\\/#organization\",\"name\":\"Le Quotidien de Nouakchott\",\"url\":\"https:\\\/\\\/lequotidien.mr\\\/\",\"logo\":{\"@type\":\"ImageObject\",\"inLanguage\":\"ar\",\"@id\":\"https:\\\/\\\/lequotidien.mr\\\/#\\\/schema\\\/logo\\\/image\\\/\",\"url\":\"https:\\\/\\\/lequotidien.mr\\\/wp-content\\\/uploads\\\/2022\\\/11\\\/logolequotidien.jpg\",\"contentUrl\":\"https:\\\/\\\/lequotidien.mr\\\/wp-content\\\/uploads\\\/2022\\\/11\\\/logolequotidien.jpg\",\"width\":290,\"height\":65,\"caption\":\"Le Quotidien de Nouakchott\"},\"image\":{\"@id\":\"https:\\\/\\\/lequotidien.mr\\\/#\\\/schema\\\/logo\\\/image\\\/\"},\"sameAs\":[\"https:\\\/\\\/web.facebook.com\\\/lequotidienmr\",\"https:\\\/\\\/x.com\\\/lequotidienmr\"]},{\"@type\":\"Person\",\"@id\":\"https:\\\/\\\/lequotidien.mr\\\/#\\\/schema\\\/person\\\/f90fcdaa970c60288de4ed2e64a56472\",\"name\":\"Le Quotidien\",\"image\":{\"@type\":\"ImageObject\",\"inLanguage\":\"ar\",\"@id\":\"https:\\\/\\\/secure.gravatar.com\\\/avatar\\\/374cb39a1a458a912465a93e5a3ce6546886fc3da809a1f10c63e4e8fcbca30f?s=96&d=mm&r=g\",\"url\":\"https:\\\/\\\/secure.gravatar.com\\\/avatar\\\/374cb39a1a458a912465a93e5a3ce6546886fc3da809a1f10c63e4e8fcbca30f?s=96&d=mm&r=g\",\"contentUrl\":\"https:\\\/\\\/secure.gravatar.com\\\/avatar\\\/374cb39a1a458a912465a93e5a3ce6546886fc3da809a1f10c63e4e8fcbca30f?s=96&d=mm&r=g\",\"caption\":\"Le Quotidien\"},\"sameAs\":[\"https:\\\/\\\/lequotidien.mr\\\/\"],\"url\":\"https:\\\/\\\/lequotidien.mr\\\/?author=4\"}]}<\/script>\n<!-- \/ Yoast SEO plugin. -->","yoast_head_json":{"title":"Nominations au Port de Nouakchott : Une gestion opaque marqu\u00e9e par le n\u00e9potisme ? - Le Quotidien de Nouakchott","robots":{"index":"index","follow":"follow","max-snippet":"max-snippet:-1","max-image-preview":"max-image-preview:large","max-video-preview":"max-video-preview:-1"},"canonical":"https:\/\/lequotidien.mr\/?p=25356&lang=fr","og_locale":"ar_AR","og_type":"article","og_title":"Nominations au Port de Nouakchott : Une gestion opaque marqu\u00e9e par le n\u00e9potisme ? - Le Quotidien de Nouakchott","og_description":"Le Port autonome de Nouakchott \u2013 Port de l\u2019Amiti\u00e9 (PANPA) est de nouveau au c\u0153ur de la controverse. Une note de service publi\u00e9e le 10 f\u00e9vrier 2025 r\u00e9v\u00e8le une s\u00e9rie de nominations qui suscitent de vives interrogations quant aux pratiques de gestion du Directeur g\u00e9n\u00e9ral, Sidi Mohamed Ould Maham. Ces d\u00e9cisions, per\u00e7ues par de nombreux.....","og_url":"https:\/\/lequotidien.mr\/?p=25356&lang=fr","og_site_name":"Le Quotidien de Nouakchott","article_publisher":"https:\/\/web.facebook.com\/lequotidienmr","article_published_time":"2025-02-11T11:25:42+00:00","og_image":[{"width":608,"height":1080,"url":"https:\/\/lequotidien.mr\/wp-content\/uploads\/2025\/02\/476846816_1387158555605748_5951161767152680284_n.jpg","type":"image\/jpeg"}],"author":"Le Quotidien","twitter_card":"summary_large_image","twitter_creator":"@lequotidienmr","twitter_site":"@lequotidienmr","twitter_misc":{"\u0643\u064f\u062a\u0628 \u0628\u0648\u0627\u0633\u0637\u0629":"Le Quotidien","\u0648\u0642\u062a \u0627\u0644\u0642\u0631\u0627\u0621\u0629 \u0627\u0644\u0645\u064f\u0642\u062f\u0651\u0631":"3 \u062f\u0642\u0627\u0626\u0642"},"schema":{"@context":"https:\/\/schema.org","@graph":[{"@type":"Article","@id":"https:\/\/lequotidien.mr\/?p=25356&lang=fr#article","isPartOf":{"@id":"https:\/\/lequotidien.mr\/?p=25356&lang=fr"},"author":{"name":"Le Quotidien","@id":"https:\/\/lequotidien.mr\/#\/schema\/person\/f90fcdaa970c60288de4ed2e64a56472"},"headline":"Nominations au Port de Nouakchott : Une gestion opaque marqu\u00e9e par le n\u00e9potisme ?","datePublished":"2025-02-11T11:25:42+00:00","mainEntityOfPage":{"@id":"https:\/\/lequotidien.mr\/?p=25356&lang=fr"},"wordCount":697,"commentCount":0,"publisher":{"@id":"https:\/\/lequotidien.mr\/#organization"},"image":{"@id":"https:\/\/lequotidien.mr\/?p=25356&lang=fr#primaryimage"},"thumbnailUrl":"https:\/\/lequotidien.mr\/wp-content\/uploads\/2025\/02\/476846816_1387158555605748_5951161767152680284_n.jpg","articleSection":["ACTUALIT\u00c9","Couverture sp\u00e9cilale"],"inLanguage":"ar","potentialAction":[{"@type":"CommentAction","name":"Comment","target":["https:\/\/lequotidien.mr\/?p=25356&lang=fr#respond"]}]},{"@type":"WebPage","@id":"https:\/\/lequotidien.mr\/?p=25356&lang=fr","url":"https:\/\/lequotidien.mr\/?p=25356&lang=fr","name":"Nominations au Port de Nouakchott : Une gestion opaque marqu\u00e9e par le n\u00e9potisme ? - Le Quotidien de Nouakchott","isPartOf":{"@id":"https:\/\/lequotidien.mr\/#website"},"primaryImageOfPage":{"@id":"https:\/\/lequotidien.mr\/?p=25356&lang=fr#primaryimage"},"image":{"@id":"https:\/\/lequotidien.mr\/?p=25356&lang=fr#primaryimage"},"thumbnailUrl":"https:\/\/lequotidien.mr\/wp-content\/uploads\/2025\/02\/476846816_1387158555605748_5951161767152680284_n.jpg","datePublished":"2025-02-11T11:25:42+00:00","breadcrumb":{"@id":"https:\/\/lequotidien.mr\/?p=25356&lang=fr#breadcrumb"},"inLanguage":"ar","potentialAction":[{"@type":"ReadAction","target":["https:\/\/lequotidien.mr\/?p=25356&lang=fr"]}]},{"@type":"ImageObject","inLanguage":"ar","@id":"https:\/\/lequotidien.mr\/?p=25356&lang=fr#primaryimage","url":"https:\/\/lequotidien.mr\/wp-content\/uploads\/2025\/02\/476846816_1387158555605748_5951161767152680284_n.jpg","contentUrl":"https:\/\/lequotidien.mr\/wp-content\/uploads\/2025\/02\/476846816_1387158555605748_5951161767152680284_n.jpg","width":608,"height":1080},{"@type":"BreadcrumbList","@id":"https:\/\/lequotidien.mr\/?p=25356&lang=fr#breadcrumb","itemListElement":[{"@type":"ListItem","position":1,"name":"Home","item":"https:\/\/lequotidien.mr\/"},{"@type":"ListItem","position":2,"name":"Nominations au Port de Nouakchott : Une gestion opaque marqu\u00e9e par le n\u00e9potisme ?"}]},{"@type":"WebSite","@id":"https:\/\/lequotidien.mr\/#website","url":"https:\/\/lequotidien.mr\/","name":"Le Quotidien de Nouakchott","description":"\u0625\u062e\u0628\u0627\u0631\u064a\u0629 \u0645\u0633\u062a\u0642\u0644\u0629 \u0644\u0644\u0623\u0646\u0628\u0627\u0621 \u0627\u0644\u0639\u0627\u0645\u0629","publisher":{"@id":"https:\/\/lequotidien.mr\/#organization"},"potentialAction":[{"@type":"SearchAction","target":{"@type":"EntryPoint","urlTemplate":"https:\/\/lequotidien.mr\/?s={search_term_string}"},"query-input":{"@type":"PropertyValueSpecification","valueRequired":true,"valueName":"search_term_string"}}],"inLanguage":"ar"},{"@type":"Organization","@id":"https:\/\/lequotidien.mr\/#organization","name":"Le Quotidien de Nouakchott","url":"https:\/\/lequotidien.mr\/","logo":{"@type":"ImageObject","inLanguage":"ar","@id":"https:\/\/lequotidien.mr\/#\/schema\/logo\/image\/","url":"https:\/\/lequotidien.mr\/wp-content\/uploads\/2022\/11\/logolequotidien.jpg","contentUrl":"https:\/\/lequotidien.mr\/wp-content\/uploads\/2022\/11\/logolequotidien.jpg","width":290,"height":65,"caption":"Le Quotidien de Nouakchott"},"image":{"@id":"https:\/\/lequotidien.mr\/#\/schema\/logo\/image\/"},"sameAs":["https:\/\/web.facebook.com\/lequotidienmr","https:\/\/x.com\/lequotidienmr"]},{"@type":"Person","@id":"https:\/\/lequotidien.mr\/#\/schema\/person\/f90fcdaa970c60288de4ed2e64a56472","name":"Le Quotidien","image":{"@type":"ImageObject","inLanguage":"ar","@id":"https:\/\/secure.gravatar.com\/avatar\/374cb39a1a458a912465a93e5a3ce6546886fc3da809a1f10c63e4e8fcbca30f?s=96&d=mm&r=g","url":"https:\/\/secure.gravatar.com\/avatar\/374cb39a1a458a912465a93e5a3ce6546886fc3da809a1f10c63e4e8fcbca30f?s=96&d=mm&r=g","contentUrl":"https:\/\/secure.gravatar.com\/avatar\/374cb39a1a458a912465a93e5a3ce6546886fc3da809a1f10c63e4e8fcbca30f?s=96&d=mm&r=g","caption":"Le Quotidien"},"sameAs":["https:\/\/lequotidien.mr\/"],"url":"https:\/\/lequotidien.mr\/?author=4"}]}},"_links":{"self":[{"href":"https:\/\/lequotidien.mr\/index.php?rest_route=\/wp\/v2\/posts\/25356","targetHints":{"allow":["GET"]}}],"collection":[{"href":"https:\/\/lequotidien.mr\/index.php?rest_route=\/wp\/v2\/posts"}],"about":[{"href":"https:\/\/lequotidien.mr\/index.php?rest_route=\/wp\/v2\/types\/post"}],"author":[{"embeddable":true,"href":"https:\/\/lequotidien.mr\/index.php?rest_route=\/wp\/v2\/users\/4"}],"replies":[{"embeddable":true,"href":"https:\/\/lequotidien.mr\/index.php?rest_route=%2Fwp%2Fv2%2Fcomments&post=25356"}],"version-history":[{"count":1,"href":"https:\/\/lequotidien.mr\/index.php?rest_route=\/wp\/v2\/posts\/25356\/revisions"}],"predecessor-version":[{"id":25359,"href":"https:\/\/lequotidien.mr\/index.php?rest_route=\/wp\/v2\/posts\/25356\/revisions\/25359"}],"wp:featuredmedia":[{"embeddable":true,"href":"https:\/\/lequotidien.mr\/index.php?rest_route=\/wp\/v2\/media\/25358"}],"wp:attachment":[{"href":"https:\/\/lequotidien.mr\/index.php?rest_route=%2Fwp%2Fv2%2Fmedia&parent=25356"}],"wp:term":[{"taxonomy":"category","embeddable":true,"href":"https:\/\/lequotidien.mr\/index.php?rest_route=%2Fwp%2Fv2%2Fcategories&post=25356"},{"taxonomy":"post_tag","embeddable":true,"href":"https:\/\/lequotidien.mr\/index.php?rest_route=%2Fwp%2Fv2%2Ftags&post=25356"}],"curies":[{"name":"wp","href":"https:\/\/api.w.org\/{rel}","templated":true}]}}