{"id":25351,"date":"2025-02-11T11:01:02","date_gmt":"2025-02-11T11:01:02","guid":{"rendered":"https:\/\/lequotidien.mr\/?p=25351"},"modified":"2025-02-11T11:01:02","modified_gmt":"2025-02-11T11:01:02","slug":"visioconference-participation-du-ministre-des-affaires-etrangeres-a-la-42eme-reunion-du-comite-de-pilotage-du-nepad","status":"publish","type":"post","link":"https:\/\/lequotidien.mr\/?p=25351&lang=fr","title":{"rendered":"Visioconf\u00e9rence : Participation du ministre des Affaires \u00c9trang\u00e8res \u00e0 la 42\u00e8me r\u00e9union du Comit\u00e9 de pilotage du NEPAD"},"content":{"rendered":"<p>Le ministre des Affaires \u00c9trang\u00e8res, de la Coop\u00e9ration Africaine et des Mauritaniens de l\u2019Ext\u00e9rieur, M.\u00a0<strong>Mohamed Salem Merzoug<\/strong>, a particip\u00e9, lundi dernier, par visioconf\u00e9rence, \u00e0 la\u00a0<strong>quarante-deuxi\u00e8me r\u00e9union du Comit\u00e9 de pilotage des Chefs d\u2019\u00c9tat et de gouvernement de l\u2019Agence Africaine de D\u00e9veloppement (NEPAD)<\/strong>. Cette r\u00e9union de haut niveau avait pour objectif de renforcer les efforts conjoints des pays africains en vue de coordonner et de d\u00e9velopper des m\u00e9canismes efficaces de suivi et d\u2019\u00e9valuation de la mise en \u0153uvre des plans de d\u00e9veloppement sur le continent.<\/p>\n<p><strong>Un engagement en faveur de l\u2019Agenda 2063<\/strong><\/p>\n<p>Lors de cette r\u00e9union, les participants ont \u00e9chang\u00e9 sur les moyens d\u2019acc\u00e9l\u00e9rer la mise en \u0153uvre de l\u2019<strong>Agenda 2063<\/strong>\u00a0de l\u2019Union africaine, un plan strat\u00e9gique ambitieux visant \u00e0 transformer l\u2019Afrique en un continent prosp\u00e8re, int\u00e9gr\u00e9 et pacifique. Le th\u00e8me central de la r\u00e9union, intitul\u00e9\u00a0<strong>\u00ab Plan pour acc\u00e9l\u00e9rer le rythme de mise en \u0153uvre \u00bb<\/strong>, a permis aux dirigeants africains de partager leurs exp\u00e9riences et de proposer des solutions innovantes pour relever les d\u00e9fis du d\u00e9veloppement durable.<\/p>\n<p>Le ministre Merzoug a r\u00e9affirm\u00e9 l\u2019engagement de la Mauritanie \u00e0 soutenir les initiatives du NEPAD et \u00e0 contribuer activement \u00e0 la r\u00e9alisation des objectifs de l\u2019Agenda 2063. Il a soulign\u00e9 l\u2019importance de renforcer les m\u00e9canismes de coordination et de suivi pour garantir une mise en \u0153uvre efficace des projets de d\u00e9veloppement, en particulier dans les domaines cl\u00e9s tels que l\u2019<strong>infrastructure<\/strong>, l\u2019<strong>\u00e9ducation<\/strong>, la\u00a0<strong>sant\u00e9<\/strong>\u00a0et l\u2019<strong>industrialisation<\/strong>.<\/p>\n<p><strong>Renforcer les partenariats pour un d\u00e9veloppement durable<\/strong><\/p>\n<p>La r\u00e9union a \u00e9galement \u00e9t\u00e9 l\u2019occasion de discuter des moyens de renforcer les partenariats entre les \u00c9tats membres, les institutions r\u00e9gionales et les partenaires internationaux. Le ministre Merzoug a insist\u00e9 sur la n\u00e9cessit\u00e9 de mobiliser des ressources financi\u00e8res et techniques suppl\u00e9mentaires pour soutenir les projets de d\u00e9veloppement en Afrique, tout en appelant \u00e0 une meilleure coordination entre les diff\u00e9rents acteurs pour \u00e9viter les doublons et maximiser l\u2019impact des initiatives.<\/p>\n<p>La participation du ministre Merzoug \u00e0 cette r\u00e9union t\u00e9moigne de l\u2019engagement de la Mauritanie \u00e0 jouer un r\u00f4le actif dans les efforts de d\u00e9veloppement du continent. En tant que membre du Comit\u00e9 de pilotage du NEPAD, la Mauritanie continue de plaider pour une approche inclusive et collaborative, visant \u00e0 garantir que les b\u00e9n\u00e9fices du d\u00e9veloppement profitent \u00e0 tous les Africains.<\/p>\n<p><strong>Vers un avenir prosp\u00e8re pour l\u2019Afrique<\/strong><\/p>\n<p>La 42\u00e8me r\u00e9union du Comit\u00e9 de pilotage du NEPAD a permis de poser les bases pour une mise en \u0153uvre acc\u00e9l\u00e9r\u00e9e des projets de d\u00e9veloppement en Afrique. Gr\u00e2ce \u00e0 des m\u00e9canismes de suivi et d\u2019\u00e9valuation renforc\u00e9s, ainsi qu\u2019\u00e0 une coordination am\u00e9lior\u00e9e entre les \u00c9tats membres, l\u2019Agenda 2063 reste sur la bonne voie pour transformer les aspirations africaines en r\u00e9alit\u00e9s concr\u00e8tes.<\/p>\n<p>La Mauritanie, \u00e0 travers la voix de son ministre des Affaires \u00c9trang\u00e8res, r\u00e9affirme son engagement \u00e0 contribuer activement \u00e0 cet effort collectif, en \u0153uvrant pour un avenir plus prosp\u00e8re et plus durable pour l\u2019Afrique et ses populations.<\/p>\n","protected":false},"excerpt":{"rendered":"<p>Le ministre des Affaires \u00c9trang\u00e8res, de la Coop\u00e9ration Africaine et des Mauritaniens de l\u2019Ext\u00e9rieur, M.\u00a0Mohamed Salem Merzoug, a particip\u00e9, lundi dernier, par visioconf\u00e9rence, \u00e0 la\u00a0quarante-deuxi\u00e8me r\u00e9union du Comit\u00e9 de pilotage des Chefs d\u2019\u00c9tat et de gouvernement de l\u2019Agence Africaine de D\u00e9veloppement (NEPAD). Cette r\u00e9union de haut niveau avait pour objectif de renforcer les efforts conjoints&#8230;..<\/p>\n","protected":false},"author":12,"featured_media":25354,"comment_status":"open","ping_status":"open","sticky":false,"template":"","format":"standard","meta":{"footnotes":""},"categories":[23,49],"tags":[],"class_list":["post-25351","post","type-post","status-publish","format-standard","has-post-thumbnail","hentry","category-actualite","category-economie"],"yoast_head":"<!-- This site is optimized with the Yoast SEO plugin v27.5 - https:\/\/yoast.com\/product\/yoast-seo-wordpress\/ -->\n<title>Visioconf\u00e9rence : Participation du ministre des Affaires \u00c9trang\u00e8res \u00e0 la 42\u00e8me r\u00e9union du Comit\u00e9 de pilotage du NEPAD - Le Quotidien de Nouakchott<\/title>\n<meta name=\"robots\" content=\"index, follow, max-snippet:-1, max-image-preview:large, max-video-preview:-1\" \/>\n<link rel=\"canonical\" href=\"https:\/\/lequotidien.mr\/?p=25351&lang=fr\" \/>\n<meta property=\"og:locale\" content=\"ar_AR\" \/>\n<meta property=\"og:type\" content=\"article\" \/>\n<meta property=\"og:title\" content=\"Visioconf\u00e9rence : Participation du ministre des Affaires \u00c9trang\u00e8res \u00e0 la 42\u00e8me r\u00e9union du Comit\u00e9 de pilotage du NEPAD - Le Quotidien de Nouakchott\" \/>\n<meta property=\"og:description\" content=\"Le ministre des Affaires \u00c9trang\u00e8res, de la Coop\u00e9ration Africaine et des Mauritaniens de l\u2019Ext\u00e9rieur, M.\u00a0Mohamed Salem Merzoug, a particip\u00e9, lundi dernier, par visioconf\u00e9rence, \u00e0 la\u00a0quarante-deuxi\u00e8me r\u00e9union du Comit\u00e9 de pilotage des Chefs d\u2019\u00c9tat et de gouvernement de l\u2019Agence Africaine de D\u00e9veloppement (NEPAD). Cette r\u00e9union de haut niveau avait pour objectif de renforcer les efforts conjoints.....\" \/>\n<meta property=\"og:url\" content=\"https:\/\/lequotidien.mr\/?p=25351&amp;lang=fr\" \/>\n<meta property=\"og:site_name\" content=\"Le Quotidien de Nouakchott\" \/>\n<meta property=\"article:publisher\" content=\"https:\/\/web.facebook.com\/lequotidienmr\" \/>\n<meta property=\"article:published_time\" content=\"2025-02-11T11:01:02+00:00\" \/>\n<meta property=\"og:image\" content=\"https:\/\/lequotidien.mr\/wp-content\/uploads\/2025\/02\/photo-Merzoug-RFI.jpg\" \/>\n\t<meta property=\"og:image:width\" content=\"578\" \/>\n\t<meta property=\"og:image:height\" content=\"448\" \/>\n\t<meta property=\"og:image:type\" content=\"image\/jpeg\" \/>\n<meta name=\"author\" content=\"Med Ahmed\" \/>\n<meta name=\"twitter:card\" content=\"summary_large_image\" \/>\n<meta name=\"twitter:creator\" content=\"@lequotidienmr\" \/>\n<meta name=\"twitter:site\" content=\"@lequotidienmr\" \/>\n<meta name=\"twitter:label1\" content=\"\u0643\u064f\u062a\u0628 \u0628\u0648\u0627\u0633\u0637\u0629\" \/>\n\t<meta name=\"twitter:data1\" content=\"Med Ahmed\" \/>\n\t<meta name=\"twitter:label2\" content=\"\u0648\u0642\u062a \u0627\u0644\u0642\u0631\u0627\u0621\u0629 \u0627\u0644\u0645\u064f\u0642\u062f\u0651\u0631\" \/>\n\t<meta name=\"twitter:data2\" content=\"3 \u062f\u0642\u0627\u0626\u0642\" \/>\n<script type=\"application\/ld+json\" class=\"yoast-schema-graph\">{\"@context\":\"https:\\\/\\\/schema.org\",\"@graph\":[{\"@type\":\"Article\",\"@id\":\"https:\\\/\\\/lequotidien.mr\\\/?p=25351&lang=fr#article\",\"isPartOf\":{\"@id\":\"https:\\\/\\\/lequotidien.mr\\\/?p=25351&lang=fr\"},\"author\":{\"name\":\"Med Ahmed\",\"@id\":\"https:\\\/\\\/lequotidien.mr\\\/#\\\/schema\\\/person\\\/d2d350202a4d599685ed8abc25f97596\"},\"headline\":\"Visioconf\u00e9rence : Participation du ministre des Affaires \u00c9trang\u00e8res \u00e0 la 42\u00e8me r\u00e9union du Comit\u00e9 de pilotage du NEPAD\",\"datePublished\":\"2025-02-11T11:01:02+00:00\",\"mainEntityOfPage\":{\"@id\":\"https:\\\/\\\/lequotidien.mr\\\/?p=25351&lang=fr\"},\"wordCount\":556,\"commentCount\":0,\"publisher\":{\"@id\":\"https:\\\/\\\/lequotidien.mr\\\/#organization\"},\"image\":{\"@id\":\"https:\\\/\\\/lequotidien.mr\\\/?p=25351&lang=fr#primaryimage\"},\"thumbnailUrl\":\"https:\\\/\\\/lequotidien.mr\\\/wp-content\\\/uploads\\\/2025\\\/02\\\/photo-Merzoug-RFI.jpg\",\"articleSection\":[\"ACTUALIT\u00c9\",\"Economie\"],\"inLanguage\":\"ar\",\"potentialAction\":[{\"@type\":\"CommentAction\",\"name\":\"Comment\",\"target\":[\"https:\\\/\\\/lequotidien.mr\\\/?p=25351&lang=fr#respond\"]}]},{\"@type\":\"WebPage\",\"@id\":\"https:\\\/\\\/lequotidien.mr\\\/?p=25351&lang=fr\",\"url\":\"https:\\\/\\\/lequotidien.mr\\\/?p=25351&lang=fr\",\"name\":\"Visioconf\u00e9rence : Participation du ministre des Affaires \u00c9trang\u00e8res \u00e0 la 42\u00e8me r\u00e9union du Comit\u00e9 de pilotage du NEPAD - Le Quotidien de Nouakchott\",\"isPartOf\":{\"@id\":\"https:\\\/\\\/lequotidien.mr\\\/#website\"},\"primaryImageOfPage\":{\"@id\":\"https:\\\/\\\/lequotidien.mr\\\/?p=25351&lang=fr#primaryimage\"},\"image\":{\"@id\":\"https:\\\/\\\/lequotidien.mr\\\/?p=25351&lang=fr#primaryimage\"},\"thumbnailUrl\":\"https:\\\/\\\/lequotidien.mr\\\/wp-content\\\/uploads\\\/2025\\\/02\\\/photo-Merzoug-RFI.jpg\",\"datePublished\":\"2025-02-11T11:01:02+00:00\",\"breadcrumb\":{\"@id\":\"https:\\\/\\\/lequotidien.mr\\\/?p=25351&lang=fr#breadcrumb\"},\"inLanguage\":\"ar\",\"potentialAction\":[{\"@type\":\"ReadAction\",\"target\":[\"https:\\\/\\\/lequotidien.mr\\\/?p=25351&lang=fr\"]}]},{\"@type\":\"ImageObject\",\"inLanguage\":\"ar\",\"@id\":\"https:\\\/\\\/lequotidien.mr\\\/?p=25351&lang=fr#primaryimage\",\"url\":\"https:\\\/\\\/lequotidien.mr\\\/wp-content\\\/uploads\\\/2025\\\/02\\\/photo-Merzoug-RFI.jpg\",\"contentUrl\":\"https:\\\/\\\/lequotidien.mr\\\/wp-content\\\/uploads\\\/2025\\\/02\\\/photo-Merzoug-RFI.jpg\",\"width\":578,\"height\":448},{\"@type\":\"BreadcrumbList\",\"@id\":\"https:\\\/\\\/lequotidien.mr\\\/?p=25351&lang=fr#breadcrumb\",\"itemListElement\":[{\"@type\":\"ListItem\",\"position\":1,\"name\":\"Home\",\"item\":\"https:\\\/\\\/lequotidien.mr\\\/\"},{\"@type\":\"ListItem\",\"position\":2,\"name\":\"Visioconf\u00e9rence : Participation du ministre des Affaires \u00c9trang\u00e8res \u00e0 la 42\u00e8me r\u00e9union du Comit\u00e9 de pilotage du NEPAD\"}]},{\"@type\":\"WebSite\",\"@id\":\"https:\\\/\\\/lequotidien.mr\\\/#website\",\"url\":\"https:\\\/\\\/lequotidien.mr\\\/\",\"name\":\"Le Quotidien de Nouakchott\",\"description\":\"\u0625\u062e\u0628\u0627\u0631\u064a\u0629 \u0645\u0633\u062a\u0642\u0644\u0629 \u0644\u0644\u0623\u0646\u0628\u0627\u0621 \u0627\u0644\u0639\u0627\u0645\u0629\",\"publisher\":{\"@id\":\"https:\\\/\\\/lequotidien.mr\\\/#organization\"},\"potentialAction\":[{\"@type\":\"SearchAction\",\"target\":{\"@type\":\"EntryPoint\",\"urlTemplate\":\"https:\\\/\\\/lequotidien.mr\\\/?s={search_term_string}\"},\"query-input\":{\"@type\":\"PropertyValueSpecification\",\"valueRequired\":true,\"valueName\":\"search_term_string\"}}],\"inLanguage\":\"ar\"},{\"@type\":\"Organization\",\"@id\":\"https:\\\/\\\/lequotidien.mr\\\/#organization\",\"name\":\"Le Quotidien de Nouakchott\",\"url\":\"https:\\\/\\\/lequotidien.mr\\\/\",\"logo\":{\"@type\":\"ImageObject\",\"inLanguage\":\"ar\",\"@id\":\"https:\\\/\\\/lequotidien.mr\\\/#\\\/schema\\\/logo\\\/image\\\/\",\"url\":\"https:\\\/\\\/lequotidien.mr\\\/wp-content\\\/uploads\\\/2022\\\/11\\\/logolequotidien.jpg\",\"contentUrl\":\"https:\\\/\\\/lequotidien.mr\\\/wp-content\\\/uploads\\\/2022\\\/11\\\/logolequotidien.jpg\",\"width\":290,\"height\":65,\"caption\":\"Le Quotidien de Nouakchott\"},\"image\":{\"@id\":\"https:\\\/\\\/lequotidien.mr\\\/#\\\/schema\\\/logo\\\/image\\\/\"},\"sameAs\":[\"https:\\\/\\\/web.facebook.com\\\/lequotidienmr\",\"https:\\\/\\\/x.com\\\/lequotidienmr\"]},{\"@type\":\"Person\",\"@id\":\"https:\\\/\\\/lequotidien.mr\\\/#\\\/schema\\\/person\\\/d2d350202a4d599685ed8abc25f97596\",\"name\":\"Med Ahmed\",\"image\":{\"@type\":\"ImageObject\",\"inLanguage\":\"ar\",\"@id\":\"https:\\\/\\\/secure.gravatar.com\\\/avatar\\\/fd2acc62ed50732923d1d39c17172c9b04149f142be92310ecc69e1358f94b52?s=96&d=mm&r=g\",\"url\":\"https:\\\/\\\/secure.gravatar.com\\\/avatar\\\/fd2acc62ed50732923d1d39c17172c9b04149f142be92310ecc69e1358f94b52?s=96&d=mm&r=g\",\"contentUrl\":\"https:\\\/\\\/secure.gravatar.com\\\/avatar\\\/fd2acc62ed50732923d1d39c17172c9b04149f142be92310ecc69e1358f94b52?s=96&d=mm&r=g\",\"caption\":\"Med Ahmed\"},\"url\":\"https:\\\/\\\/lequotidien.mr\\\/?author=12\"}]}<\/script>\n<!-- \/ Yoast SEO plugin. -->","yoast_head_json":{"title":"Visioconf\u00e9rence : Participation du ministre des Affaires \u00c9trang\u00e8res \u00e0 la 42\u00e8me r\u00e9union du Comit\u00e9 de pilotage du NEPAD - Le Quotidien de Nouakchott","robots":{"index":"index","follow":"follow","max-snippet":"max-snippet:-1","max-image-preview":"max-image-preview:large","max-video-preview":"max-video-preview:-1"},"canonical":"https:\/\/lequotidien.mr\/?p=25351&lang=fr","og_locale":"ar_AR","og_type":"article","og_title":"Visioconf\u00e9rence : Participation du ministre des Affaires \u00c9trang\u00e8res \u00e0 la 42\u00e8me r\u00e9union du Comit\u00e9 de pilotage du NEPAD - Le Quotidien de Nouakchott","og_description":"Le ministre des Affaires \u00c9trang\u00e8res, de la Coop\u00e9ration Africaine et des Mauritaniens de l\u2019Ext\u00e9rieur, M.\u00a0Mohamed Salem Merzoug, a particip\u00e9, lundi dernier, par visioconf\u00e9rence, \u00e0 la\u00a0quarante-deuxi\u00e8me r\u00e9union du Comit\u00e9 de pilotage des Chefs d\u2019\u00c9tat et de gouvernement de l\u2019Agence Africaine de D\u00e9veloppement (NEPAD). Cette r\u00e9union de haut niveau avait pour objectif de renforcer les efforts conjoints.....","og_url":"https:\/\/lequotidien.mr\/?p=25351&lang=fr","og_site_name":"Le Quotidien de Nouakchott","article_publisher":"https:\/\/web.facebook.com\/lequotidienmr","article_published_time":"2025-02-11T11:01:02+00:00","og_image":[{"width":578,"height":448,"url":"https:\/\/lequotidien.mr\/wp-content\/uploads\/2025\/02\/photo-Merzoug-RFI.jpg","type":"image\/jpeg"}],"author":"Med Ahmed","twitter_card":"summary_large_image","twitter_creator":"@lequotidienmr","twitter_site":"@lequotidienmr","twitter_misc":{"\u0643\u064f\u062a\u0628 \u0628\u0648\u0627\u0633\u0637\u0629":"Med Ahmed","\u0648\u0642\u062a \u0627\u0644\u0642\u0631\u0627\u0621\u0629 \u0627\u0644\u0645\u064f\u0642\u062f\u0651\u0631":"3 \u062f\u0642\u0627\u0626\u0642"},"schema":{"@context":"https:\/\/schema.org","@graph":[{"@type":"Article","@id":"https:\/\/lequotidien.mr\/?p=25351&lang=fr#article","isPartOf":{"@id":"https:\/\/lequotidien.mr\/?p=25351&lang=fr"},"author":{"name":"Med Ahmed","@id":"https:\/\/lequotidien.mr\/#\/schema\/person\/d2d350202a4d599685ed8abc25f97596"},"headline":"Visioconf\u00e9rence : Participation du ministre des Affaires \u00c9trang\u00e8res \u00e0 la 42\u00e8me r\u00e9union du Comit\u00e9 de pilotage du NEPAD","datePublished":"2025-02-11T11:01:02+00:00","mainEntityOfPage":{"@id":"https:\/\/lequotidien.mr\/?p=25351&lang=fr"},"wordCount":556,"commentCount":0,"publisher":{"@id":"https:\/\/lequotidien.mr\/#organization"},"image":{"@id":"https:\/\/lequotidien.mr\/?p=25351&lang=fr#primaryimage"},"thumbnailUrl":"https:\/\/lequotidien.mr\/wp-content\/uploads\/2025\/02\/photo-Merzoug-RFI.jpg","articleSection":["ACTUALIT\u00c9","Economie"],"inLanguage":"ar","potentialAction":[{"@type":"CommentAction","name":"Comment","target":["https:\/\/lequotidien.mr\/?p=25351&lang=fr#respond"]}]},{"@type":"WebPage","@id":"https:\/\/lequotidien.mr\/?p=25351&lang=fr","url":"https:\/\/lequotidien.mr\/?p=25351&lang=fr","name":"Visioconf\u00e9rence : Participation du ministre des Affaires \u00c9trang\u00e8res \u00e0 la 42\u00e8me r\u00e9union du Comit\u00e9 de pilotage du NEPAD - Le Quotidien de Nouakchott","isPartOf":{"@id":"https:\/\/lequotidien.mr\/#website"},"primaryImageOfPage":{"@id":"https:\/\/lequotidien.mr\/?p=25351&lang=fr#primaryimage"},"image":{"@id":"https:\/\/lequotidien.mr\/?p=25351&lang=fr#primaryimage"},"thumbnailUrl":"https:\/\/lequotidien.mr\/wp-content\/uploads\/2025\/02\/photo-Merzoug-RFI.jpg","datePublished":"2025-02-11T11:01:02+00:00","breadcrumb":{"@id":"https:\/\/lequotidien.mr\/?p=25351&lang=fr#breadcrumb"},"inLanguage":"ar","potentialAction":[{"@type":"ReadAction","target":["https:\/\/lequotidien.mr\/?p=25351&lang=fr"]}]},{"@type":"ImageObject","inLanguage":"ar","@id":"https:\/\/lequotidien.mr\/?p=25351&lang=fr#primaryimage","url":"https:\/\/lequotidien.mr\/wp-content\/uploads\/2025\/02\/photo-Merzoug-RFI.jpg","contentUrl":"https:\/\/lequotidien.mr\/wp-content\/uploads\/2025\/02\/photo-Merzoug-RFI.jpg","width":578,"height":448},{"@type":"BreadcrumbList","@id":"https:\/\/lequotidien.mr\/?p=25351&lang=fr#breadcrumb","itemListElement":[{"@type":"ListItem","position":1,"name":"Home","item":"https:\/\/lequotidien.mr\/"},{"@type":"ListItem","position":2,"name":"Visioconf\u00e9rence : Participation du ministre des Affaires \u00c9trang\u00e8res \u00e0 la 42\u00e8me r\u00e9union du Comit\u00e9 de pilotage du NEPAD"}]},{"@type":"WebSite","@id":"https:\/\/lequotidien.mr\/#website","url":"https:\/\/lequotidien.mr\/","name":"Le Quotidien de Nouakchott","description":"\u0625\u062e\u0628\u0627\u0631\u064a\u0629 \u0645\u0633\u062a\u0642\u0644\u0629 \u0644\u0644\u0623\u0646\u0628\u0627\u0621 \u0627\u0644\u0639\u0627\u0645\u0629","publisher":{"@id":"https:\/\/lequotidien.mr\/#organization"},"potentialAction":[{"@type":"SearchAction","target":{"@type":"EntryPoint","urlTemplate":"https:\/\/lequotidien.mr\/?s={search_term_string}"},"query-input":{"@type":"PropertyValueSpecification","valueRequired":true,"valueName":"search_term_string"}}],"inLanguage":"ar"},{"@type":"Organization","@id":"https:\/\/lequotidien.mr\/#organization","name":"Le Quotidien de Nouakchott","url":"https:\/\/lequotidien.mr\/","logo":{"@type":"ImageObject","inLanguage":"ar","@id":"https:\/\/lequotidien.mr\/#\/schema\/logo\/image\/","url":"https:\/\/lequotidien.mr\/wp-content\/uploads\/2022\/11\/logolequotidien.jpg","contentUrl":"https:\/\/lequotidien.mr\/wp-content\/uploads\/2022\/11\/logolequotidien.jpg","width":290,"height":65,"caption":"Le Quotidien de Nouakchott"},"image":{"@id":"https:\/\/lequotidien.mr\/#\/schema\/logo\/image\/"},"sameAs":["https:\/\/web.facebook.com\/lequotidienmr","https:\/\/x.com\/lequotidienmr"]},{"@type":"Person","@id":"https:\/\/lequotidien.mr\/#\/schema\/person\/d2d350202a4d599685ed8abc25f97596","name":"Med Ahmed","image":{"@type":"ImageObject","inLanguage":"ar","@id":"https:\/\/secure.gravatar.com\/avatar\/fd2acc62ed50732923d1d39c17172c9b04149f142be92310ecc69e1358f94b52?s=96&d=mm&r=g","url":"https:\/\/secure.gravatar.com\/avatar\/fd2acc62ed50732923d1d39c17172c9b04149f142be92310ecc69e1358f94b52?s=96&d=mm&r=g","contentUrl":"https:\/\/secure.gravatar.com\/avatar\/fd2acc62ed50732923d1d39c17172c9b04149f142be92310ecc69e1358f94b52?s=96&d=mm&r=g","caption":"Med Ahmed"},"url":"https:\/\/lequotidien.mr\/?author=12"}]}},"_links":{"self":[{"href":"https:\/\/lequotidien.mr\/index.php?rest_route=\/wp\/v2\/posts\/25351","targetHints":{"allow":["GET"]}}],"collection":[{"href":"https:\/\/lequotidien.mr\/index.php?rest_route=\/wp\/v2\/posts"}],"about":[{"href":"https:\/\/lequotidien.mr\/index.php?rest_route=\/wp\/v2\/types\/post"}],"author":[{"embeddable":true,"href":"https:\/\/lequotidien.mr\/index.php?rest_route=\/wp\/v2\/users\/12"}],"replies":[{"embeddable":true,"href":"https:\/\/lequotidien.mr\/index.php?rest_route=%2Fwp%2Fv2%2Fcomments&post=25351"}],"version-history":[{"count":1,"href":"https:\/\/lequotidien.mr\/index.php?rest_route=\/wp\/v2\/posts\/25351\/revisions"}],"predecessor-version":[{"id":25355,"href":"https:\/\/lequotidien.mr\/index.php?rest_route=\/wp\/v2\/posts\/25351\/revisions\/25355"}],"wp:featuredmedia":[{"embeddable":true,"href":"https:\/\/lequotidien.mr\/index.php?rest_route=\/wp\/v2\/media\/25354"}],"wp:attachment":[{"href":"https:\/\/lequotidien.mr\/index.php?rest_route=%2Fwp%2Fv2%2Fmedia&parent=25351"}],"wp:term":[{"taxonomy":"category","embeddable":true,"href":"https:\/\/lequotidien.mr\/index.php?rest_route=%2Fwp%2Fv2%2Fcategories&post=25351"},{"taxonomy":"post_tag","embeddable":true,"href":"https:\/\/lequotidien.mr\/index.php?rest_route=%2Fwp%2Fv2%2Ftags&post=25351"}],"curies":[{"name":"wp","href":"https:\/\/api.w.org\/{rel}","templated":true}]}}